{"id":10764,"date":"2017-09-07T14:26:42","date_gmt":"2017-09-07T12:26:42","guid":{"rendered":"http:\/\/www.communicationmunich.de\/copy-of-newsroom-aller-anfang-ist-schwer\/"},"modified":"2024-03-02T10:46:04","modified_gmt":"2024-03-02T09:46:04","slug":"der-weg-zum-anerkannten-meinungsfuehrer","status":"publish","type":"post","link":"https:\/\/althallercommunication.de\/en\/der-weg-zum-anerkannten-meinungsfuehrer\/","title":{"rendered":"Der Weg zum anerkannten Meinungsf\u00fchrer"},"content":{"rendered":"<p>Gefragte Meinungsf\u00fchrer sind in einer traumhaften Position: Sobald man ein \u2013 oder gar <em>der <\/em>\u2013 profilierte Experte in seinem Fachgebiet ist, ist man im Gespr\u00e4ch. Stellen Sie sich vor: Journalisten, Kunden und Klienten wenden sich an Sie und selbst f\u00fcr Wettbewerber werden Sie zu einer wichtigen Instanz.<\/p>\n<p>Die Digitalisierung bringt neue M\u00f6glichkeiten, um den begehrten Status zu erlangen, erfordert aber auch neue Strategien. Diese drei Schritte bringen Sie auf Ihrem Weg zum Meinungsf\u00fchrer ins Ziel:<\/p>\n<p><strong>1. Experte werden: Richten Sie den Blick immer nach vorne!<\/strong><\/p>\n<p>Eine gelungene Positionierung gelingt, wenn Unternehmenskommunikation und Marketingkommunikation zusammenarbeiten: Wissen l\u00e4sst sich nicht einfach behaupten. Erfolgreich sind Sie, wenn Sie f\u00fcr Ihr Thema brennen \u2013 und was \u00fcberzeugt da mehr, als eine konsequente Umsetzung Ihrer \u00dcberzeugungen innerhalb Ihres Unternehmens? Dann hat auch Ihre Kommunikation nach au\u00dfen Hand und Fu\u00df.<\/p>\n<p>Ihre Kommunikationsabteilung gewinnt <a href=\"http:\/\/www.prreport.de\/home\/aktuell\/article\/11957\/\">Management-Funktion<\/a>: Sie liefert strategischen Input auf dem Weg zum Experten. Legen Sie Wert auf innovatives, gut recherchiertes Material. Denn: Durch Wiederholung von bereits Bekanntem werden Sie nicht zum Meinungsf\u00fchrer!<\/p>\n<p>Harte Fakten sind der erste Schl\u00fcssel zum Erfolg \u2013 nur Experten werden zu Meinungsf\u00fchrern. Aber nach dem zehnten Fachmann zum Thema von vorgestern fragt niemand. Denken Sie voraus! Bleiben Sie immer am Puls der Zeit in Ihrer Branche und erkennen Sie die Bed\u00fcrfnisse von morgen. Gibt es gerade brandhei\u00dfe Entwicklungen in Ihrem Fachgebiet? Dann besteht auch Informationsbedarf. Werden Sie zum <em>ersten<\/em> Experten f\u00fcr das Thema der Stunde!<\/p>\n<p>Ein gelungenes Beispiel f\u00fcr die Etablierung als Meinungsf\u00fchrer ist LinkedIn: Der amerikanische Konzern erkannte, dass viele Unternehmen dringend Informationen dar\u00fcber brauchen, wie sie \u00fcber soziale Medien Einfluss auf ihre Marke und ihren Ruf als Arbeitgeber nehmen k\u00f6nnen. Diese Marktl\u00fccke bediente LinkedIn mit dem <a href=\"https:\/\/business.linkedin.com\/content\/dam\/business\/talent-solutions\/global\/en_US\/c\/pdfs\/employer-brand-playbook-us-en.pdf\">Employer Brand Playbook<\/a> und konnte sich als erster Experte f\u00fcr die Rekrutierung talentierter Arbeitskr\u00e4fte positionieren.<\/p>\n<p><strong>2. Fachwissen kommunizieren: Bieten Sie Orientierung!<\/strong><\/p>\n<p>Ihr Wissen ist hieb- und stichfest, Sie sind Experte? Nun hei\u00dft es: kommunizieren, kommunizieren, kommunizieren. Aber nie das Ziel aus den Augen verlieren: Sie wollen vor allem Ihr Expertenwissen teilen und Orientierung bieten!<\/p>\n<p>Hier kommen die digitalen M\u00f6glichkeiten ins Spiel: Ein eigener Blog, um Ihr Expertenwissen ausf\u00fchrlich zu vermitteln, ist unverzichtbar. Achten Sie bei Ihren Posts auf Regelm\u00e4\u00dfigkeit: Ein klar kommunizierter Rhythmus erh\u00f6ht die \u00a0Erwartung an Ihren n\u00e4chsten Beitrag. Orientieren Sie sich am besten an der Maxime \u201eso oft wie m\u00f6glich, so wenig wie n\u00f6tig\u201c \u2013 werden Sie eine verl\u00e4ssliche Pr\u00e4senz, aber \u00fcbers\u00e4ttigen Sie Ihr Publikum nicht.<\/p>\n<p>Selbstverst\u00e4ndlich muss nicht jeder Ihrer Beitr\u00e4ge das Rad neu erfinden. Echte Experten kommunizieren aber nie nur um der Kommunikation willen: Auch kurze Statements werden durch knackige und verst\u00e4ndliche Thesen zum wertvollen Diskussionsbeitrag, der Lust auf mehr macht.<\/p>\n<p>Vergessen Sie nicht: Auch in der B2B-Kommunikation richten Sie sich immer an Menschen, mehr dazu <a href=\"b2b-entscheider-richtig-ansprechen-auch-komplexe-themen-lassen-sich-spannend-inszenieren\/\">hier<\/a>. Es lohnt sich also, Inhalte spannend zu verpacken!<\/p>\n<p><strong>3. Gefragter Ansprechpartner werden: Treten Sie in den Dialog!<\/strong><\/p>\n<p>Social Media eignet sich hervorragend, um Ihre Beitr\u00e4ge zu verbreiten. Hier haben Sie auf Ihrem Weg zum Meinungsf\u00fchrer noch eine weitere wichtige Aufgabe: Signalisieren Sie stets Dialogbereitschaft. Auch Gastbeitr\u00e4ge, durch die sich Ihre angesprochene Zielgruppe vergr\u00f6\u00dfert, und die Kommunikation mit Journalisten machen Sie zum gefragten Ansprechpartner. Kommunikation ist das A und O: Werden Sie zu einer wertvollen Informationsdrehscheibe!<\/p>\n<p>Als Meinungsf\u00fchrer anerkannt zu werden, ist nicht einfach. Haben Sie den gefragten Status erst einmal erlangt, werden Sie \u2013 und Ihre Kunden \u2013 von Ihrem Fachwissen und Ihrer neuen Rolle jedoch enorm profitieren.<\/p>\n<p>&nbsp;<br \/>\nHans-Wilhelm Eckert<\/p>\n","protected":false},"excerpt":{"rendered":"<p>Gefragte Meinungsf\u00fchrer sind in einer traumhaften Position: Sobald man ein \u2013 oder gar der \u2013 profilierte Experte in seinem Fachgebiet ist, ist man im Gespr\u00e4ch. <\/p>\n","protected":false},"author":6,"featured_media":10774,"comment_status":"closed","ping_status":"open","sticky":false,"template":"","format":"standard","meta":{"_et_pb_use_builder":"","_et_pb_old_content":"","_et_gb_content_width":"","inline_featured_image":false,"footnotes":""},"categories":[2827],"tags":[975,62,65,973,139,962,68,55,974,71,902,104,964,904],"class_list":["post-10764","post","type-post","status-publish","format-standard","has-post-thumbnail","hentry","category-cultundcomm","tag-ansprechpartner","tag-b2b","tag-blog","tag-experte","tag-facebook","tag-integrierte-kommunikation","tag-kommunikation","tag-meinungsfuehrer","tag-orientierung","tag-social-media","tag-social-web","tag-twitter","tag-wandel","tag-xing"],"yoast_head":"<!-- This site is optimized with the Yoast SEO Premium plugin v25.3 (Yoast SEO v27.4) - https:\/\/yoast.com\/product\/yoast-seo-premium-wordpress\/ -->\n<title>Der Weg zum anerkannten Meinungsf\u00fchrer<\/title>\n<meta name=\"description\" content=\"Gefragte Meinungsf\u00fchrer sind in einer traumhaften Position: Sobald man ein \u2013 oder gar der \u2013 profilierte Experte in seinem Fachgebiet...\" \/>\n<meta name=\"robots\" content=\"index, follow, max-snippet:-1, max-image-preview:large, max-video-preview:-1\" \/>\n<link rel=\"canonical\" href=\"https:\/\/althallercommunication.de\/der-weg-zum-anerkannten-meinungsfuehrer\/\" \/>\n<meta property=\"og:locale\" content=\"en_US\" \/>\n<meta property=\"og:type\" content=\"article\" \/>\n<meta property=\"og:title\" content=\"Der Weg zum anerkannten Meinungsf\u00fchrer\" \/>\n<meta property=\"og:description\" content=\"Gefragte Meinungsf\u00fchrer sind in einer traumhaften Position: Sobald man ein \u2013 oder gar der \u2013 profilierte Experte in seinem Fachgebiet...\" \/>\n<meta property=\"og:url\" content=\"https:\/\/althallercommunication.de\/der-weg-zum-anerkannten-meinungsfuehrer\/\" \/>\n<meta property=\"og:site_name\" content=\"althaller communication\" \/>\n<meta property=\"article:publisher\" content=\"https:\/\/www.facebook.com\/althallercommunication\" \/>\n<meta property=\"article:published_time\" content=\"2017-09-07T12:26:42+00:00\" \/>\n<meta property=\"article:modified_time\" content=\"2024-03-02T09:46:04+00:00\" \/>\n<meta property=\"og:image\" content=\"https:\/\/althallercommunication.de\/wp-content\/uploads\/2017\/08\/boetchen_lznorange.jpg\" \/>\n\t<meta property=\"og:image:width\" content=\"1024\" \/>\n\t<meta property=\"og:image:height\" content=\"681\" \/>\n\t<meta property=\"og:image:type\" content=\"image\/jpeg\" \/>\n<meta name=\"author\" content=\"Jacqueline Althaller\" \/>\n<meta name=\"twitter:card\" content=\"summary_large_image\" \/>\n<meta name=\"twitter:creator\" content=\"@ALTHALLERcom\" \/>\n<meta name=\"twitter:site\" content=\"@ALTHALLERcom\" \/>\n<meta name=\"twitter:label1\" content=\"Written by\" \/>\n\t<meta name=\"twitter:data1\" content=\"Jacqueline Althaller\" \/>\n\t<meta name=\"twitter:label2\" content=\"Est. reading time\" \/>\n\t<meta name=\"twitter:data2\" content=\"3 minutes\" \/>\n<script type=\"application\/ld+json\" class=\"yoast-schema-graph\">{\"@context\":\"https:\\\/\\\/schema.org\",\"@graph\":[{\"@type\":\"Article\",\"@id\":\"https:\\\/\\\/althallercommunication.de\\\/der-weg-zum-anerkannten-meinungsfuehrer\\\/#article\",\"isPartOf\":{\"@id\":\"https:\\\/\\\/althallercommunication.de\\\/der-weg-zum-anerkannten-meinungsfuehrer\\\/\"},\"author\":{\"name\":\"Jacqueline Althaller\",\"@id\":\"https:\\\/\\\/althallercommunication.de\\\/#\\\/schema\\\/person\\\/4ca72b5e8d0bebc1f9b3061e463e32ee\"},\"headline\":\"Der Weg zum anerkannten Meinungsf\u00fchrer\",\"datePublished\":\"2017-09-07T12:26:42+00:00\",\"dateModified\":\"2024-03-02T09:46:04+00:00\",\"mainEntityOfPage\":{\"@id\":\"https:\\\/\\\/althallercommunication.de\\\/der-weg-zum-anerkannten-meinungsfuehrer\\\/\"},\"wordCount\":595,\"publisher\":{\"@id\":\"https:\\\/\\\/althallercommunication.de\\\/#organization\"},\"image\":{\"@id\":\"https:\\\/\\\/althallercommunication.de\\\/der-weg-zum-anerkannten-meinungsfuehrer\\\/#primaryimage\"},\"thumbnailUrl\":\"https:\\\/\\\/althallercommunication.de\\\/wp-content\\\/uploads\\\/2017\\\/08\\\/boetchen_lznorange.jpg\",\"keywords\":[\"Ansprechpartner\",\"B2B\",\"Blog\",\"Experte\",\"facebook\",\"integrierte Kommunikation\",\"Kommunikation\",\"Meinungsf\u00fchrer\",\"Orientierung\",\"Social Media\",\"Social Web\",\"Twitter\",\"Wandel\",\"Xing\"],\"articleSection\":[\"cultundcomm\"],\"inLanguage\":\"en-US\"},{\"@type\":\"WebPage\",\"@id\":\"https:\\\/\\\/althallercommunication.de\\\/der-weg-zum-anerkannten-meinungsfuehrer\\\/\",\"url\":\"https:\\\/\\\/althallercommunication.de\\\/der-weg-zum-anerkannten-meinungsfuehrer\\\/\",\"name\":\"Der Weg zum anerkannten Meinungsf\u00fchrer\",\"isPartOf\":{\"@id\":\"https:\\\/\\\/althallercommunication.de\\\/#website\"},\"primaryImageOfPage\":{\"@id\":\"https:\\\/\\\/althallercommunication.de\\\/der-weg-zum-anerkannten-meinungsfuehrer\\\/#primaryimage\"},\"image\":{\"@id\":\"https:\\\/\\\/althallercommunication.de\\\/der-weg-zum-anerkannten-meinungsfuehrer\\\/#primaryimage\"},\"thumbnailUrl\":\"https:\\\/\\\/althallercommunication.de\\\/wp-content\\\/uploads\\\/2017\\\/08\\\/boetchen_lznorange.jpg\",\"datePublished\":\"2017-09-07T12:26:42+00:00\",\"dateModified\":\"2024-03-02T09:46:04+00:00\",\"description\":\"Gefragte Meinungsf\u00fchrer sind in einer traumhaften Position: Sobald man ein \u2013 oder gar der \u2013 profilierte Experte in seinem Fachgebiet...\",\"breadcrumb\":{\"@id\":\"https:\\\/\\\/althallercommunication.de\\\/der-weg-zum-anerkannten-meinungsfuehrer\\\/#breadcrumb\"},\"inLanguage\":\"en-US\",\"potentialAction\":[{\"@type\":\"ReadAction\",\"target\":[\"https:\\\/\\\/althallercommunication.de\\\/der-weg-zum-anerkannten-meinungsfuehrer\\\/\"]}]},{\"@type\":\"ImageObject\",\"inLanguage\":\"en-US\",\"@id\":\"https:\\\/\\\/althallercommunication.de\\\/der-weg-zum-anerkannten-meinungsfuehrer\\\/#primaryimage\",\"url\":\"https:\\\/\\\/althallercommunication.de\\\/wp-content\\\/uploads\\\/2017\\\/08\\\/boetchen_lznorange.jpg\",\"contentUrl\":\"https:\\\/\\\/althallercommunication.de\\\/wp-content\\\/uploads\\\/2017\\\/08\\\/boetchen_lznorange.jpg\",\"width\":1024,\"height\":681},{\"@type\":\"BreadcrumbList\",\"@id\":\"https:\\\/\\\/althallercommunication.de\\\/der-weg-zum-anerkannten-meinungsfuehrer\\\/#breadcrumb\",\"itemListElement\":[{\"@type\":\"ListItem\",\"position\":1,\"name\":\"Startseite\",\"item\":\"https:\\\/\\\/althallercommunication.de\\\/en\\\/\"},{\"@type\":\"ListItem\",\"position\":2,\"name\":\"Der Weg zum anerkannten Meinungsf\u00fchrer\"}]},{\"@type\":\"WebSite\",\"@id\":\"https:\\\/\\\/althallercommunication.de\\\/#website\",\"url\":\"https:\\\/\\\/althallercommunication.de\\\/\",\"name\":\"althaller communication\",\"description\":\"Martkommunikation B2B\",\"publisher\":{\"@id\":\"https:\\\/\\\/althallercommunication.de\\\/#organization\"},\"potentialAction\":[{\"@type\":\"SearchAction\",\"target\":{\"@type\":\"EntryPoint\",\"urlTemplate\":\"https:\\\/\\\/althallercommunication.de\\\/?s={search_term_string}\"},\"query-input\":{\"@type\":\"PropertyValueSpecification\",\"valueRequired\":true,\"valueName\":\"search_term_string\"}}],\"inLanguage\":\"en-US\"},{\"@type\":\"Organization\",\"@id\":\"https:\\\/\\\/althallercommunication.de\\\/#organization\",\"name\":\"ALTHALLER communication\",\"url\":\"https:\\\/\\\/althallercommunication.de\\\/\",\"logo\":{\"@type\":\"ImageObject\",\"inLanguage\":\"en-US\",\"@id\":\"https:\\\/\\\/althallercommunication.de\\\/#\\\/schema\\\/logo\\\/image\\\/\",\"url\":\"https:\\\/\\\/althallercommunication.de\\\/wp-content\\\/uploads\\\/2023\\\/12\\\/althaller_comm_b.png\",\"contentUrl\":\"https:\\\/\\\/althallercommunication.de\\\/wp-content\\\/uploads\\\/2023\\\/12\\\/althaller_comm_b.png\",\"width\":464,\"height\":110,\"caption\":\"ALTHALLER communication\"},\"image\":{\"@id\":\"https:\\\/\\\/althallercommunication.de\\\/#\\\/schema\\\/logo\\\/image\\\/\"},\"sameAs\":[\"https:\\\/\\\/www.facebook.com\\\/althallercommunication\",\"https:\\\/\\\/x.com\\\/ALTHALLERcom\",\"https:\\\/\\\/www.linkedin.com\\\/company\\\/3332596?trk=tyah&amp;amp;amp;trkInfo=tas:COMMUNICATION Presse und PR,idx:1-1-1\"]},{\"@type\":\"Person\",\"@id\":\"https:\\\/\\\/althallercommunication.de\\\/#\\\/schema\\\/person\\\/4ca72b5e8d0bebc1f9b3061e463e32ee\",\"name\":\"Jacqueline Althaller\",\"image\":{\"@type\":\"ImageObject\",\"inLanguage\":\"en-US\",\"@id\":\"https:\\\/\\\/secure.gravatar.com\\\/avatar\\\/2e8cdf7784b763130efe210406ba46634d04913cf12c46cf98b2799d6da47211?s=96&d=mm&r=g\",\"url\":\"https:\\\/\\\/secure.gravatar.com\\\/avatar\\\/2e8cdf7784b763130efe210406ba46634d04913cf12c46cf98b2799d6da47211?s=96&d=mm&r=g\",\"contentUrl\":\"https:\\\/\\\/secure.gravatar.com\\\/avatar\\\/2e8cdf7784b763130efe210406ba46634d04913cf12c46cf98b2799d6da47211?s=96&d=mm&r=g\",\"caption\":\"Jacqueline Althaller\"},\"description\":\"$$$2021hmb8hzb4MD\",\"url\":\"https:\\\/\\\/althallercommunication.de\\\/en\\\/author\\\/jacqueline-althaller\\\/\"}]}<\/script>\n<!-- \/ Yoast SEO Premium plugin. -->","yoast_head_json":{"title":"Der Weg zum anerkannten Meinungsf\u00fchrer","description":"Gefragte Meinungsf\u00fchrer sind in einer traumhaften Position: Sobald man ein \u2013 oder gar der \u2013 profilierte Experte in seinem Fachgebiet...","robots":{"index":"index","follow":"follow","max-snippet":"max-snippet:-1","max-image-preview":"max-image-preview:large","max-video-preview":"max-video-preview:-1"},"canonical":"https:\/\/althallercommunication.de\/der-weg-zum-anerkannten-meinungsfuehrer\/","og_locale":"en_US","og_type":"article","og_title":"Der Weg zum anerkannten Meinungsf\u00fchrer","og_description":"Gefragte Meinungsf\u00fchrer sind in einer traumhaften Position: Sobald man ein \u2013 oder gar der \u2013 profilierte Experte in seinem Fachgebiet...","og_url":"https:\/\/althallercommunication.de\/der-weg-zum-anerkannten-meinungsfuehrer\/","og_site_name":"althaller communication","article_publisher":"https:\/\/www.facebook.com\/althallercommunication","article_published_time":"2017-09-07T12:26:42+00:00","article_modified_time":"2024-03-02T09:46:04+00:00","og_image":[{"width":1024,"height":681,"url":"https:\/\/althallercommunication.de\/wp-content\/uploads\/2017\/08\/boetchen_lznorange.jpg","type":"image\/jpeg"}],"author":"Jacqueline Althaller","twitter_card":"summary_large_image","twitter_creator":"@ALTHALLERcom","twitter_site":"@ALTHALLERcom","twitter_misc":{"Written by":"Jacqueline Althaller","Est. reading time":"3 minutes"},"schema":{"@context":"https:\/\/schema.org","@graph":[{"@type":"Article","@id":"https:\/\/althallercommunication.de\/der-weg-zum-anerkannten-meinungsfuehrer\/#article","isPartOf":{"@id":"https:\/\/althallercommunication.de\/der-weg-zum-anerkannten-meinungsfuehrer\/"},"author":{"name":"Jacqueline Althaller","@id":"https:\/\/althallercommunication.de\/#\/schema\/person\/4ca72b5e8d0bebc1f9b3061e463e32ee"},"headline":"Der Weg zum anerkannten Meinungsf\u00fchrer","datePublished":"2017-09-07T12:26:42+00:00","dateModified":"2024-03-02T09:46:04+00:00","mainEntityOfPage":{"@id":"https:\/\/althallercommunication.de\/der-weg-zum-anerkannten-meinungsfuehrer\/"},"wordCount":595,"publisher":{"@id":"https:\/\/althallercommunication.de\/#organization"},"image":{"@id":"https:\/\/althallercommunication.de\/der-weg-zum-anerkannten-meinungsfuehrer\/#primaryimage"},"thumbnailUrl":"https:\/\/althallercommunication.de\/wp-content\/uploads\/2017\/08\/boetchen_lznorange.jpg","keywords":["Ansprechpartner","B2B","Blog","Experte","facebook","integrierte Kommunikation","Kommunikation","Meinungsf\u00fchrer","Orientierung","Social Media","Social Web","Twitter","Wandel","Xing"],"articleSection":["cultundcomm"],"inLanguage":"en-US"},{"@type":"WebPage","@id":"https:\/\/althallercommunication.de\/der-weg-zum-anerkannten-meinungsfuehrer\/","url":"https:\/\/althallercommunication.de\/der-weg-zum-anerkannten-meinungsfuehrer\/","name":"Der Weg zum anerkannten Meinungsf\u00fchrer","isPartOf":{"@id":"https:\/\/althallercommunication.de\/#website"},"primaryImageOfPage":{"@id":"https:\/\/althallercommunication.de\/der-weg-zum-anerkannten-meinungsfuehrer\/#primaryimage"},"image":{"@id":"https:\/\/althallercommunication.de\/der-weg-zum-anerkannten-meinungsfuehrer\/#primaryimage"},"thumbnailUrl":"https:\/\/althallercommunication.de\/wp-content\/uploads\/2017\/08\/boetchen_lznorange.jpg","datePublished":"2017-09-07T12:26:42+00:00","dateModified":"2024-03-02T09:46:04+00:00","description":"Gefragte Meinungsf\u00fchrer sind in einer traumhaften Position: Sobald man ein \u2013 oder gar der \u2013 profilierte Experte in seinem Fachgebiet...","breadcrumb":{"@id":"https:\/\/althallercommunication.de\/der-weg-zum-anerkannten-meinungsfuehrer\/#breadcrumb"},"inLanguage":"en-US","potentialAction":[{"@type":"ReadAction","target":["https:\/\/althallercommunication.de\/der-weg-zum-anerkannten-meinungsfuehrer\/"]}]},{"@type":"ImageObject","inLanguage":"en-US","@id":"https:\/\/althallercommunication.de\/der-weg-zum-anerkannten-meinungsfuehrer\/#primaryimage","url":"https:\/\/althallercommunication.de\/wp-content\/uploads\/2017\/08\/boetchen_lznorange.jpg","contentUrl":"https:\/\/althallercommunication.de\/wp-content\/uploads\/2017\/08\/boetchen_lznorange.jpg","width":1024,"height":681},{"@type":"BreadcrumbList","@id":"https:\/\/althallercommunication.de\/der-weg-zum-anerkannten-meinungsfuehrer\/#breadcrumb","itemListElement":[{"@type":"ListItem","position":1,"name":"Startseite","item":"https:\/\/althallercommunication.de\/en\/"},{"@type":"ListItem","position":2,"name":"Der Weg zum anerkannten Meinungsf\u00fchrer"}]},{"@type":"WebSite","@id":"https:\/\/althallercommunication.de\/#website","url":"https:\/\/althallercommunication.de\/","name":"althaller communication","description":"Martkommunikation B2B","publisher":{"@id":"https:\/\/althallercommunication.de\/#organization"},"potentialAction":[{"@type":"SearchAction","target":{"@type":"EntryPoint","urlTemplate":"https:\/\/althallercommunication.de\/?s={search_term_string}"},"query-input":{"@type":"PropertyValueSpecification","valueRequired":true,"valueName":"search_term_string"}}],"inLanguage":"en-US"},{"@type":"Organization","@id":"https:\/\/althallercommunication.de\/#organization","name":"ALTHALLER communication","url":"https:\/\/althallercommunication.de\/","logo":{"@type":"ImageObject","inLanguage":"en-US","@id":"https:\/\/althallercommunication.de\/#\/schema\/logo\/image\/","url":"https:\/\/althallercommunication.de\/wp-content\/uploads\/2023\/12\/althaller_comm_b.png","contentUrl":"https:\/\/althallercommunication.de\/wp-content\/uploads\/2023\/12\/althaller_comm_b.png","width":464,"height":110,"caption":"ALTHALLER communication"},"image":{"@id":"https:\/\/althallercommunication.de\/#\/schema\/logo\/image\/"},"sameAs":["https:\/\/www.facebook.com\/althallercommunication","https:\/\/x.com\/ALTHALLERcom","https:\/\/www.linkedin.com\/company\/3332596?trk=tyah&amp;amp;amp;trkInfo=tas:COMMUNICATION Presse und PR,idx:1-1-1"]},{"@type":"Person","@id":"https:\/\/althallercommunication.de\/#\/schema\/person\/4ca72b5e8d0bebc1f9b3061e463e32ee","name":"Jacqueline Althaller","image":{"@type":"ImageObject","inLanguage":"en-US","@id":"https:\/\/secure.gravatar.com\/avatar\/2e8cdf7784b763130efe210406ba46634d04913cf12c46cf98b2799d6da47211?s=96&d=mm&r=g","url":"https:\/\/secure.gravatar.com\/avatar\/2e8cdf7784b763130efe210406ba46634d04913cf12c46cf98b2799d6da47211?s=96&d=mm&r=g","contentUrl":"https:\/\/secure.gravatar.com\/avatar\/2e8cdf7784b763130efe210406ba46634d04913cf12c46cf98b2799d6da47211?s=96&d=mm&r=g","caption":"Jacqueline Althaller"},"description":"$$$2021hmb8hzb4MD","url":"https:\/\/althallercommunication.de\/en\/author\/jacqueline-althaller\/"}]}},"_links":{"self":[{"href":"https:\/\/althallercommunication.de\/en\/wp-json\/wp\/v2\/posts\/10764","targetHints":{"allow":["GET"]}}],"collection":[{"href":"https:\/\/althallercommunication.de\/en\/wp-json\/wp\/v2\/posts"}],"about":[{"href":"https:\/\/althallercommunication.de\/en\/wp-json\/wp\/v2\/types\/post"}],"author":[{"embeddable":true,"href":"https:\/\/althallercommunication.de\/en\/wp-json\/wp\/v2\/users\/6"}],"replies":[{"embeddable":true,"href":"https:\/\/althallercommunication.de\/en\/wp-json\/wp\/v2\/comments?post=10764"}],"version-history":[{"count":6,"href":"https:\/\/althallercommunication.de\/en\/wp-json\/wp\/v2\/posts\/10764\/revisions"}],"predecessor-version":[{"id":29194,"href":"https:\/\/althallercommunication.de\/en\/wp-json\/wp\/v2\/posts\/10764\/revisions\/29194"}],"wp:featuredmedia":[{"embeddable":true,"href":"https:\/\/althallercommunication.de\/en\/wp-json\/wp\/v2\/media\/10774"}],"wp:attachment":[{"href":"https:\/\/althallercommunication.de\/en\/wp-json\/wp\/v2\/media?parent=10764"}],"wp:term":[{"taxonomy":"category","embeddable":true,"href":"https:\/\/althallercommunication.de\/en\/wp-json\/wp\/v2\/categories?post=10764"},{"taxonomy":"post_tag","embeddable":true,"href":"https:\/\/althallercommunication.de\/en\/wp-json\/wp\/v2\/tags?post=10764"}],"curies":[{"name":"wp","href":"https:\/\/api.w.org\/{rel}","templated":true}]}}