{"id":10964,"date":"2017-09-21T14:26:42","date_gmt":"2017-09-21T12:26:42","guid":{"rendered":"http:\/\/www.communicationmunich.de\/copy-of-der-weg-zum-anerkannten-meinungsfuehrer\/"},"modified":"2023-12-14T12:21:40","modified_gmt":"2023-12-14T11:21:40","slug":"25-jahre-communication-presse-und-pr-offen-fuer-veraenderungen-jeden-tag-aufs-neue","status":"publish","type":"post","link":"https:\/\/althallercommunication.de\/en\/25-jahre-communication-presse-und-pr-offen-fuer-veraenderungen-jeden-tag-aufs-neue\/","title":{"rendered":"25 Jahre COMMUNICATION Presse und PR: Offen f\u00fcr Ver\u00e4nderungen \u2013 jeden Tag aufs Neue"},"content":{"rendered":"<p><strong>Interview mit Jacqueline Althaller, Gr\u00fcnderin und gesch\u00e4ftsf\u00fchrende Gesellschafterin von COMMUNICATION Presse und PR <\/strong><\/p>\n<p>Spuren hinterlassen und Lust auf mehr machen. Das zeichnet f\u00fcr Jacqueline Althaller gute \u00d6ffentlichkeitsarbeit aus. Seit 25 Jahren ist COMMUNICATION Presse und PR in fremden Schuhen unterwegs und hat so f\u00fcr Unternehmen Eindr\u00fccke hinterlassen: <a href=\"https:\/\/althallercommunication.de\/kunden\/\">vom Mittelst\u00e4ndler bis zum TecDax-notierten Konzern<\/a>. Wir haben Jacqueline Althaller zum Jubil\u00e4um in den eigenen Schuhen erwischt \u2013 und ein paar Fragen gestellt:<\/p>\n<p><strong>An welchem Punkt war klar \u2013 \u201eIch gr\u00fcnde meine eigene Agentur\u201c?<\/strong><\/p>\n<p><em>Als ich von meinem Arbeitgeber aufgrund von Umstrukturierungen darum gebeten wurde!<\/em><\/p>\n<p><strong>Was ist Dein Credo als Gesch\u00e4ftsf\u00fchrerin? Was ist Dein privates Credo?<\/strong><\/p>\n<p><em>Wir bauen Beziehungen auf. Und: Am Ende wird alles gut. Und wenn es nicht gut ist, dann ist es nicht das Ende.<\/em><\/p>\n<p><strong>Was war Dein Traumberuf als Kind? <\/strong><\/p>\n<p><em>Drummer<\/em><\/p>\n<p><strong>Wen bewunderst Du? <\/strong><\/p>\n<p><em>Musiker<\/em><\/p>\n<p><strong>Was machst Du, wenn Du nicht gerade arbeitest? <\/strong><\/p>\n<p><em>Family and Friends <\/em>?<\/p>\n<p><strong>Was zeichnet gute \u00d6ffentlichkeitsarbeit f\u00fcr Dich aus?<\/strong><\/p>\n<p><em>Zuh\u00f6rer gewinnen! Also Dinge so zu erz\u00e4hlen, dass sie neugierig machen, Spuren hinterlassen und Lust auf mehr machen.<\/em><\/p>\n<p><strong>Was war bisher Deine gr\u00f6\u00dfte berufliche Herausforderung?<\/strong><\/p>\n<p><em>Jeden Tag aufs Neue offen f\u00fcr Ver\u00e4nderungen zu sein.<\/em><\/p>\n<p><strong>Was sind die Entwicklungen in der PR-Branche, die den Arbeitsalltag im R\u00fcckblick auf die letzten 25 Jahre am st\u00e4rksten ver\u00e4ndert haben?<\/strong><\/p>\n<p><em>Neue Technologien, welche die M\u00f6glichkeit bieten, mit einer schier unendlichen Menge an Menschen in Kontakt zu treten.<\/em><\/p>\n<p><strong>Womit h\u00e4ttest du, als Du vor 25 Jahren COMMUNICATION Presse und PR gegr\u00fcndet hast, nie gerechnet?<\/strong><\/p>\n<p><em>Dass ich so lange dabei bleibe <\/em>?<\/p>\n<p><strong>Viele denken, PR stirbt aus \u2013 was denkst du? Wo liegt die Zukunft der Branche?<\/strong><\/p>\n<p><em>Storytelling und Beziehungsaufbau sind mehr gefragt denn je. <\/em><\/p>\n<p>&nbsp;<\/p>\n<p>Kurz und knackig \u2013 nach dem Motto \u201eso viel wie n\u00f6tig, so wenig wie m\u00f6glich\u201c \u2013 macht Jacqueline Althaller mit diesen Einblicken Lust auf mehr. Wir sind jedenfalls froh, dass sie ihrem Traum vom Musikerleben nicht gefolgt ist und stattdessen ihre Leidenschaft f\u00fcr Kommunikation lebt. Denn Wellen schlagen kann man nicht nur als Drummer!<\/p>\n<p>Wir sind gemeinsam mit Jacqueline Althaller gespannt, was die n\u00e4chsten Jahre f\u00fcr COMMUNICATION Presse und PR bereithalten. Eins ist sicher: Mit dem steten Wandel der Kommunikationswelt durch soziale Medien, durch Digitalisierung und durch die gesellschaftlichen Entwicklungen wird es sicher nicht langweilig.<\/p>\n<p>Was glauben Sie: Wie wird sich \u00d6ffentlichkeitsarbeit ver\u00e4ndern? Wie sieht die Zukunft der Branche aus?<\/p>\n<p>&nbsp;<\/p>\n<p>Das Team von COMMUNICATION Presse und PR<\/p>\n","protected":false},"excerpt":{"rendered":"<p>Spuren hinterlassen und Lust auf mehr machen. Das zeichnet f\u00fcr Jacqueline Althaller gute \u00d6ffentlichkeitsarbeit aus. Seit 25 Jahren ist COMMUNICATION Presse und PR in fremden Schuhen unterwegs und hat so f\u00fcr Unternehmen Eindr\u00fccke hinterlassen:<\/p>\n","protected":false},"author":6,"featured_media":10975,"comment_status":"closed","ping_status":"open","sticky":false,"template":"","format":"standard","meta":{"_et_pb_use_builder":"","_et_pb_old_content":"","_et_gb_content_width":"","inline_featured_image":false,"footnotes":""},"categories":[2827],"tags":[975,62,65,973,139,962,68,55,974,71,902,104,964,904],"class_list":["post-10964","post","type-post","status-publish","format-standard","has-post-thumbnail","hentry","category-cultundcomm","tag-ansprechpartner","tag-b2b","tag-blog","tag-experte","tag-facebook","tag-integrierte-kommunikation","tag-kommunikation","tag-meinungsfuehrer","tag-orientierung","tag-social-media","tag-social-web","tag-twitter","tag-wandel","tag-xing"],"yoast_head":"<!-- This site is optimized with the Yoast SEO Premium plugin v25.3 (Yoast SEO v27.4) - https:\/\/yoast.com\/product\/yoast-seo-premium-wordpress\/ -->\n<title>25 Jahre COMMUNICATION Presse und PR: Offen f\u00fcr Ver\u00e4nderungen \u2013 jeden Tag aufs Neue<\/title>\n<meta name=\"description\" content=\"Spuren hinterlassen und Lust auf mehr machen. Das zeichnet f\u00fcr Jacqueline Althaller gute \u00d6ffentlichkeitsarbeit aus. Seit 25 Jahren ist COMMUNICATION...\" \/>\n<meta name=\"robots\" content=\"index, follow, max-snippet:-1, max-image-preview:large, max-video-preview:-1\" \/>\n<link rel=\"canonical\" href=\"https:\/\/althallercommunication.de\/25-jahre-communication-presse-und-pr-offen-fuer-veraenderungen-jeden-tag-aufs-neue\/\" \/>\n<meta property=\"og:locale\" content=\"en_US\" \/>\n<meta property=\"og:type\" content=\"article\" \/>\n<meta property=\"og:title\" content=\"25 Jahre COMMUNICATION Presse und PR: Offen f\u00fcr Ver\u00e4nderungen \u2013 jeden Tag aufs Neue\" \/>\n<meta property=\"og:description\" content=\"Spuren hinterlassen und Lust auf mehr machen. Das zeichnet f\u00fcr Jacqueline Althaller gute \u00d6ffentlichkeitsarbeit aus. Seit 25 Jahren ist COMMUNICATION...\" \/>\n<meta property=\"og:url\" content=\"https:\/\/althallercommunication.de\/25-jahre-communication-presse-und-pr-offen-fuer-veraenderungen-jeden-tag-aufs-neue\/\" \/>\n<meta property=\"og:site_name\" content=\"althaller communication\" \/>\n<meta property=\"article:publisher\" content=\"https:\/\/www.facebook.com\/althallercommunication\" \/>\n<meta property=\"article:published_time\" content=\"2017-09-21T12:26:42+00:00\" \/>\n<meta property=\"article:modified_time\" content=\"2023-12-14T11:21:40+00:00\" \/>\n<meta property=\"og:image\" content=\"https:\/\/althallercommunication.de\/wp-content\/uploads\/2017\/09\/pexels-photo-225227.jpeg\" \/>\n\t<meta property=\"og:image:width\" content=\"1920\" \/>\n\t<meta property=\"og:image:height\" content=\"1280\" \/>\n\t<meta property=\"og:image:type\" content=\"image\/jpeg\" \/>\n<meta name=\"author\" content=\"Jacqueline Althaller\" \/>\n<meta name=\"twitter:card\" content=\"summary_large_image\" \/>\n<meta name=\"twitter:creator\" content=\"@ALTHALLERcom\" \/>\n<meta name=\"twitter:site\" content=\"@ALTHALLERcom\" \/>\n<meta name=\"twitter:label1\" content=\"Written by\" \/>\n\t<meta name=\"twitter:data1\" content=\"Jacqueline Althaller\" \/>\n\t<meta name=\"twitter:label2\" content=\"Est. reading time\" \/>\n\t<meta name=\"twitter:data2\" content=\"2 minutes\" \/>\n<script type=\"application\/ld+json\" class=\"yoast-schema-graph\">{\"@context\":\"https:\\\/\\\/schema.org\",\"@graph\":[{\"@type\":\"Article\",\"@id\":\"https:\\\/\\\/althallercommunication.de\\\/25-jahre-communication-presse-und-pr-offen-fuer-veraenderungen-jeden-tag-aufs-neue\\\/#article\",\"isPartOf\":{\"@id\":\"https:\\\/\\\/althallercommunication.de\\\/25-jahre-communication-presse-und-pr-offen-fuer-veraenderungen-jeden-tag-aufs-neue\\\/\"},\"author\":{\"name\":\"Jacqueline Althaller\",\"@id\":\"https:\\\/\\\/althallercommunication.de\\\/#\\\/schema\\\/person\\\/4ca72b5e8d0bebc1f9b3061e463e32ee\"},\"headline\":\"25 Jahre COMMUNICATION Presse und PR: Offen f\u00fcr Ver\u00e4nderungen \u2013 jeden Tag aufs Neue\",\"datePublished\":\"2017-09-21T12:26:42+00:00\",\"dateModified\":\"2023-12-14T11:21:40+00:00\",\"mainEntityOfPage\":{\"@id\":\"https:\\\/\\\/althallercommunication.de\\\/25-jahre-communication-presse-und-pr-offen-fuer-veraenderungen-jeden-tag-aufs-neue\\\/\"},\"wordCount\":425,\"publisher\":{\"@id\":\"https:\\\/\\\/althallercommunication.de\\\/#organization\"},\"image\":{\"@id\":\"https:\\\/\\\/althallercommunication.de\\\/25-jahre-communication-presse-und-pr-offen-fuer-veraenderungen-jeden-tag-aufs-neue\\\/#primaryimage\"},\"thumbnailUrl\":\"https:\\\/\\\/althallercommunication.de\\\/wp-content\\\/uploads\\\/2017\\\/09\\\/pexels-photo-225227.jpeg\",\"keywords\":[\"Ansprechpartner\",\"B2B\",\"Blog\",\"Experte\",\"facebook\",\"integrierte Kommunikation\",\"Kommunikation\",\"Meinungsf\u00fchrer\",\"Orientierung\",\"Social Media\",\"Social Web\",\"Twitter\",\"Wandel\",\"Xing\"],\"articleSection\":[\"cultundcomm\"],\"inLanguage\":\"en-US\"},{\"@type\":\"WebPage\",\"@id\":\"https:\\\/\\\/althallercommunication.de\\\/25-jahre-communication-presse-und-pr-offen-fuer-veraenderungen-jeden-tag-aufs-neue\\\/\",\"url\":\"https:\\\/\\\/althallercommunication.de\\\/25-jahre-communication-presse-und-pr-offen-fuer-veraenderungen-jeden-tag-aufs-neue\\\/\",\"name\":\"25 Jahre COMMUNICATION Presse und PR: Offen f\u00fcr Ver\u00e4nderungen \u2013 jeden Tag aufs Neue\",\"isPartOf\":{\"@id\":\"https:\\\/\\\/althallercommunication.de\\\/#website\"},\"primaryImageOfPage\":{\"@id\":\"https:\\\/\\\/althallercommunication.de\\\/25-jahre-communication-presse-und-pr-offen-fuer-veraenderungen-jeden-tag-aufs-neue\\\/#primaryimage\"},\"image\":{\"@id\":\"https:\\\/\\\/althallercommunication.de\\\/25-jahre-communication-presse-und-pr-offen-fuer-veraenderungen-jeden-tag-aufs-neue\\\/#primaryimage\"},\"thumbnailUrl\":\"https:\\\/\\\/althallercommunication.de\\\/wp-content\\\/uploads\\\/2017\\\/09\\\/pexels-photo-225227.jpeg\",\"datePublished\":\"2017-09-21T12:26:42+00:00\",\"dateModified\":\"2023-12-14T11:21:40+00:00\",\"description\":\"Spuren hinterlassen und Lust auf mehr machen. Das zeichnet f\u00fcr Jacqueline Althaller gute \u00d6ffentlichkeitsarbeit aus. Seit 25 Jahren ist COMMUNICATION...\",\"breadcrumb\":{\"@id\":\"https:\\\/\\\/althallercommunication.de\\\/25-jahre-communication-presse-und-pr-offen-fuer-veraenderungen-jeden-tag-aufs-neue\\\/#breadcrumb\"},\"inLanguage\":\"en-US\",\"potentialAction\":[{\"@type\":\"ReadAction\",\"target\":[\"https:\\\/\\\/althallercommunication.de\\\/25-jahre-communication-presse-und-pr-offen-fuer-veraenderungen-jeden-tag-aufs-neue\\\/\"]}]},{\"@type\":\"ImageObject\",\"inLanguage\":\"en-US\",\"@id\":\"https:\\\/\\\/althallercommunication.de\\\/25-jahre-communication-presse-und-pr-offen-fuer-veraenderungen-jeden-tag-aufs-neue\\\/#primaryimage\",\"url\":\"https:\\\/\\\/althallercommunication.de\\\/wp-content\\\/uploads\\\/2017\\\/09\\\/pexels-photo-225227.jpeg\",\"contentUrl\":\"https:\\\/\\\/althallercommunication.de\\\/wp-content\\\/uploads\\\/2017\\\/09\\\/pexels-photo-225227.jpeg\",\"width\":1920,\"height\":1280,\"caption\":\"Zum 25. Jubil\u00e4um von COMMUNICATION Presse und PR haben wir Jacqueline Althaller interviewt\"},{\"@type\":\"BreadcrumbList\",\"@id\":\"https:\\\/\\\/althallercommunication.de\\\/25-jahre-communication-presse-und-pr-offen-fuer-veraenderungen-jeden-tag-aufs-neue\\\/#breadcrumb\",\"itemListElement\":[{\"@type\":\"ListItem\",\"position\":1,\"name\":\"Startseite\",\"item\":\"https:\\\/\\\/althallercommunication.de\\\/en\\\/\"},{\"@type\":\"ListItem\",\"position\":2,\"name\":\"25 Jahre COMMUNICATION Presse und PR: Offen f\u00fcr Ver\u00e4nderungen \u2013 jeden Tag aufs Neue\"}]},{\"@type\":\"WebSite\",\"@id\":\"https:\\\/\\\/althallercommunication.de\\\/#website\",\"url\":\"https:\\\/\\\/althallercommunication.de\\\/\",\"name\":\"althaller communication\",\"description\":\"Martkommunikation B2B\",\"publisher\":{\"@id\":\"https:\\\/\\\/althallercommunication.de\\\/#organization\"},\"potentialAction\":[{\"@type\":\"SearchAction\",\"target\":{\"@type\":\"EntryPoint\",\"urlTemplate\":\"https:\\\/\\\/althallercommunication.de\\\/?s={search_term_string}\"},\"query-input\":{\"@type\":\"PropertyValueSpecification\",\"valueRequired\":true,\"valueName\":\"search_term_string\"}}],\"inLanguage\":\"en-US\"},{\"@type\":\"Organization\",\"@id\":\"https:\\\/\\\/althallercommunication.de\\\/#organization\",\"name\":\"ALTHALLER communication\",\"url\":\"https:\\\/\\\/althallercommunication.de\\\/\",\"logo\":{\"@type\":\"ImageObject\",\"inLanguage\":\"en-US\",\"@id\":\"https:\\\/\\\/althallercommunication.de\\\/#\\\/schema\\\/logo\\\/image\\\/\",\"url\":\"https:\\\/\\\/althallercommunication.de\\\/wp-content\\\/uploads\\\/2023\\\/12\\\/althaller_comm_b.png\",\"contentUrl\":\"https:\\\/\\\/althallercommunication.de\\\/wp-content\\\/uploads\\\/2023\\\/12\\\/althaller_comm_b.png\",\"width\":464,\"height\":110,\"caption\":\"ALTHALLER communication\"},\"image\":{\"@id\":\"https:\\\/\\\/althallercommunication.de\\\/#\\\/schema\\\/logo\\\/image\\\/\"},\"sameAs\":[\"https:\\\/\\\/www.facebook.com\\\/althallercommunication\",\"https:\\\/\\\/x.com\\\/ALTHALLERcom\",\"https:\\\/\\\/www.linkedin.com\\\/company\\\/3332596?trk=tyah&amp;amp;amp;trkInfo=tas:COMMUNICATION Presse und PR,idx:1-1-1\"]},{\"@type\":\"Person\",\"@id\":\"https:\\\/\\\/althallercommunication.de\\\/#\\\/schema\\\/person\\\/4ca72b5e8d0bebc1f9b3061e463e32ee\",\"name\":\"Jacqueline Althaller\",\"image\":{\"@type\":\"ImageObject\",\"inLanguage\":\"en-US\",\"@id\":\"https:\\\/\\\/secure.gravatar.com\\\/avatar\\\/2e8cdf7784b763130efe210406ba46634d04913cf12c46cf98b2799d6da47211?s=96&d=mm&r=g\",\"url\":\"https:\\\/\\\/secure.gravatar.com\\\/avatar\\\/2e8cdf7784b763130efe210406ba46634d04913cf12c46cf98b2799d6da47211?s=96&d=mm&r=g\",\"contentUrl\":\"https:\\\/\\\/secure.gravatar.com\\\/avatar\\\/2e8cdf7784b763130efe210406ba46634d04913cf12c46cf98b2799d6da47211?s=96&d=mm&r=g\",\"caption\":\"Jacqueline Althaller\"},\"description\":\"$$$2021hmb8hzb4MD\",\"url\":\"https:\\\/\\\/althallercommunication.de\\\/en\\\/author\\\/jacqueline-althaller\\\/\"}]}<\/script>\n<!-- \/ Yoast SEO Premium plugin. -->","yoast_head_json":{"title":"25 Jahre COMMUNICATION Presse und PR: Offen f\u00fcr Ver\u00e4nderungen \u2013 jeden Tag aufs Neue","description":"Spuren hinterlassen und Lust auf mehr machen. Das zeichnet f\u00fcr Jacqueline Althaller gute \u00d6ffentlichkeitsarbeit aus. Seit 25 Jahren ist COMMUNICATION...","robots":{"index":"index","follow":"follow","max-snippet":"max-snippet:-1","max-image-preview":"max-image-preview:large","max-video-preview":"max-video-preview:-1"},"canonical":"https:\/\/althallercommunication.de\/25-jahre-communication-presse-und-pr-offen-fuer-veraenderungen-jeden-tag-aufs-neue\/","og_locale":"en_US","og_type":"article","og_title":"25 Jahre COMMUNICATION Presse und PR: Offen f\u00fcr Ver\u00e4nderungen \u2013 jeden Tag aufs Neue","og_description":"Spuren hinterlassen und Lust auf mehr machen. Das zeichnet f\u00fcr Jacqueline Althaller gute \u00d6ffentlichkeitsarbeit aus. Seit 25 Jahren ist COMMUNICATION...","og_url":"https:\/\/althallercommunication.de\/25-jahre-communication-presse-und-pr-offen-fuer-veraenderungen-jeden-tag-aufs-neue\/","og_site_name":"althaller communication","article_publisher":"https:\/\/www.facebook.com\/althallercommunication","article_published_time":"2017-09-21T12:26:42+00:00","article_modified_time":"2023-12-14T11:21:40+00:00","og_image":[{"width":1920,"height":1280,"url":"https:\/\/althallercommunication.de\/wp-content\/uploads\/2017\/09\/pexels-photo-225227.jpeg","type":"image\/jpeg"}],"author":"Jacqueline Althaller","twitter_card":"summary_large_image","twitter_creator":"@ALTHALLERcom","twitter_site":"@ALTHALLERcom","twitter_misc":{"Written by":"Jacqueline Althaller","Est. reading time":"2 minutes"},"schema":{"@context":"https:\/\/schema.org","@graph":[{"@type":"Article","@id":"https:\/\/althallercommunication.de\/25-jahre-communication-presse-und-pr-offen-fuer-veraenderungen-jeden-tag-aufs-neue\/#article","isPartOf":{"@id":"https:\/\/althallercommunication.de\/25-jahre-communication-presse-und-pr-offen-fuer-veraenderungen-jeden-tag-aufs-neue\/"},"author":{"name":"Jacqueline Althaller","@id":"https:\/\/althallercommunication.de\/#\/schema\/person\/4ca72b5e8d0bebc1f9b3061e463e32ee"},"headline":"25 Jahre COMMUNICATION Presse und PR: Offen f\u00fcr Ver\u00e4nderungen \u2013 jeden Tag aufs Neue","datePublished":"2017-09-21T12:26:42+00:00","dateModified":"2023-12-14T11:21:40+00:00","mainEntityOfPage":{"@id":"https:\/\/althallercommunication.de\/25-jahre-communication-presse-und-pr-offen-fuer-veraenderungen-jeden-tag-aufs-neue\/"},"wordCount":425,"publisher":{"@id":"https:\/\/althallercommunication.de\/#organization"},"image":{"@id":"https:\/\/althallercommunication.de\/25-jahre-communication-presse-und-pr-offen-fuer-veraenderungen-jeden-tag-aufs-neue\/#primaryimage"},"thumbnailUrl":"https:\/\/althallercommunication.de\/wp-content\/uploads\/2017\/09\/pexels-photo-225227.jpeg","keywords":["Ansprechpartner","B2B","Blog","Experte","facebook","integrierte Kommunikation","Kommunikation","Meinungsf\u00fchrer","Orientierung","Social Media","Social Web","Twitter","Wandel","Xing"],"articleSection":["cultundcomm"],"inLanguage":"en-US"},{"@type":"WebPage","@id":"https:\/\/althallercommunication.de\/25-jahre-communication-presse-und-pr-offen-fuer-veraenderungen-jeden-tag-aufs-neue\/","url":"https:\/\/althallercommunication.de\/25-jahre-communication-presse-und-pr-offen-fuer-veraenderungen-jeden-tag-aufs-neue\/","name":"25 Jahre COMMUNICATION Presse und PR: Offen f\u00fcr Ver\u00e4nderungen \u2013 jeden Tag aufs Neue","isPartOf":{"@id":"https:\/\/althallercommunication.de\/#website"},"primaryImageOfPage":{"@id":"https:\/\/althallercommunication.de\/25-jahre-communication-presse-und-pr-offen-fuer-veraenderungen-jeden-tag-aufs-neue\/#primaryimage"},"image":{"@id":"https:\/\/althallercommunication.de\/25-jahre-communication-presse-und-pr-offen-fuer-veraenderungen-jeden-tag-aufs-neue\/#primaryimage"},"thumbnailUrl":"https:\/\/althallercommunication.de\/wp-content\/uploads\/2017\/09\/pexels-photo-225227.jpeg","datePublished":"2017-09-21T12:26:42+00:00","dateModified":"2023-12-14T11:21:40+00:00","description":"Spuren hinterlassen und Lust auf mehr machen. Das zeichnet f\u00fcr Jacqueline Althaller gute \u00d6ffentlichkeitsarbeit aus. Seit 25 Jahren ist COMMUNICATION...","breadcrumb":{"@id":"https:\/\/althallercommunication.de\/25-jahre-communication-presse-und-pr-offen-fuer-veraenderungen-jeden-tag-aufs-neue\/#breadcrumb"},"inLanguage":"en-US","potentialAction":[{"@type":"ReadAction","target":["https:\/\/althallercommunication.de\/25-jahre-communication-presse-und-pr-offen-fuer-veraenderungen-jeden-tag-aufs-neue\/"]}]},{"@type":"ImageObject","inLanguage":"en-US","@id":"https:\/\/althallercommunication.de\/25-jahre-communication-presse-und-pr-offen-fuer-veraenderungen-jeden-tag-aufs-neue\/#primaryimage","url":"https:\/\/althallercommunication.de\/wp-content\/uploads\/2017\/09\/pexels-photo-225227.jpeg","contentUrl":"https:\/\/althallercommunication.de\/wp-content\/uploads\/2017\/09\/pexels-photo-225227.jpeg","width":1920,"height":1280,"caption":"Zum 25. Jubil\u00e4um von COMMUNICATION Presse und PR haben wir Jacqueline Althaller interviewt"},{"@type":"BreadcrumbList","@id":"https:\/\/althallercommunication.de\/25-jahre-communication-presse-und-pr-offen-fuer-veraenderungen-jeden-tag-aufs-neue\/#breadcrumb","itemListElement":[{"@type":"ListItem","position":1,"name":"Startseite","item":"https:\/\/althallercommunication.de\/en\/"},{"@type":"ListItem","position":2,"name":"25 Jahre COMMUNICATION Presse und PR: Offen f\u00fcr Ver\u00e4nderungen \u2013 jeden Tag aufs Neue"}]},{"@type":"WebSite","@id":"https:\/\/althallercommunication.de\/#website","url":"https:\/\/althallercommunication.de\/","name":"althaller communication","description":"Martkommunikation B2B","publisher":{"@id":"https:\/\/althallercommunication.de\/#organization"},"potentialAction":[{"@type":"SearchAction","target":{"@type":"EntryPoint","urlTemplate":"https:\/\/althallercommunication.de\/?s={search_term_string}"},"query-input":{"@type":"PropertyValueSpecification","valueRequired":true,"valueName":"search_term_string"}}],"inLanguage":"en-US"},{"@type":"Organization","@id":"https:\/\/althallercommunication.de\/#organization","name":"ALTHALLER communication","url":"https:\/\/althallercommunication.de\/","logo":{"@type":"ImageObject","inLanguage":"en-US","@id":"https:\/\/althallercommunication.de\/#\/schema\/logo\/image\/","url":"https:\/\/althallercommunication.de\/wp-content\/uploads\/2023\/12\/althaller_comm_b.png","contentUrl":"https:\/\/althallercommunication.de\/wp-content\/uploads\/2023\/12\/althaller_comm_b.png","width":464,"height":110,"caption":"ALTHALLER communication"},"image":{"@id":"https:\/\/althallercommunication.de\/#\/schema\/logo\/image\/"},"sameAs":["https:\/\/www.facebook.com\/althallercommunication","https:\/\/x.com\/ALTHALLERcom","https:\/\/www.linkedin.com\/company\/3332596?trk=tyah&amp;amp;amp;trkInfo=tas:COMMUNICATION Presse und PR,idx:1-1-1"]},{"@type":"Person","@id":"https:\/\/althallercommunication.de\/#\/schema\/person\/4ca72b5e8d0bebc1f9b3061e463e32ee","name":"Jacqueline Althaller","image":{"@type":"ImageObject","inLanguage":"en-US","@id":"https:\/\/secure.gravatar.com\/avatar\/2e8cdf7784b763130efe210406ba46634d04913cf12c46cf98b2799d6da47211?s=96&d=mm&r=g","url":"https:\/\/secure.gravatar.com\/avatar\/2e8cdf7784b763130efe210406ba46634d04913cf12c46cf98b2799d6da47211?s=96&d=mm&r=g","contentUrl":"https:\/\/secure.gravatar.com\/avatar\/2e8cdf7784b763130efe210406ba46634d04913cf12c46cf98b2799d6da47211?s=96&d=mm&r=g","caption":"Jacqueline Althaller"},"description":"$$$2021hmb8hzb4MD","url":"https:\/\/althallercommunication.de\/en\/author\/jacqueline-althaller\/"}]}},"_links":{"self":[{"href":"https:\/\/althallercommunication.de\/en\/wp-json\/wp\/v2\/posts\/10964","targetHints":{"allow":["GET"]}}],"collection":[{"href":"https:\/\/althallercommunication.de\/en\/wp-json\/wp\/v2\/posts"}],"about":[{"href":"https:\/\/althallercommunication.de\/en\/wp-json\/wp\/v2\/types\/post"}],"author":[{"embeddable":true,"href":"https:\/\/althallercommunication.de\/en\/wp-json\/wp\/v2\/users\/6"}],"replies":[{"embeddable":true,"href":"https:\/\/althallercommunication.de\/en\/wp-json\/wp\/v2\/comments?post=10964"}],"version-history":[{"count":4,"href":"https:\/\/althallercommunication.de\/en\/wp-json\/wp\/v2\/posts\/10964\/revisions"}],"predecessor-version":[{"id":10978,"href":"https:\/\/althallercommunication.de\/en\/wp-json\/wp\/v2\/posts\/10964\/revisions\/10978"}],"wp:featuredmedia":[{"embeddable":true,"href":"https:\/\/althallercommunication.de\/en\/wp-json\/wp\/v2\/media\/10975"}],"wp:attachment":[{"href":"https:\/\/althallercommunication.de\/en\/wp-json\/wp\/v2\/media?parent=10964"}],"wp:term":[{"taxonomy":"category","embeddable":true,"href":"https:\/\/althallercommunication.de\/en\/wp-json\/wp\/v2\/categories?post=10964"},{"taxonomy":"post_tag","embeddable":true,"href":"https:\/\/althallercommunication.de\/en\/wp-json\/wp\/v2\/tags?post=10964"}],"curies":[{"name":"wp","href":"https:\/\/api.w.org\/{rel}","templated":true}]}}