{"id":11062,"date":"2017-09-29T10:00:22","date_gmt":"2017-09-29T08:00:22","guid":{"rendered":"http:\/\/www.communicationmunich.de\/copy-of-carsharing-flotte-von-alphabet-im-schwabinger-tor\/"},"modified":"2024-03-02T10:46:10","modified_gmt":"2024-03-02T09:46:10","slug":"walter-klingenbeck-realschule-laeuft-fuer-zeit-des-lachens-ev","status":"publish","type":"post","link":"https:\/\/althallercommunication.de\/en\/walter-klingenbeck-realschule-laeuft-fuer-zeit-des-lachens-ev\/","title":{"rendered":"Walter-Klingenbeck-Realschule Taufkirchen l\u00e4uft f\u00fcr \u201eZeit des Lachens e.V.\u201c"},"content":{"rendered":"<p><\/p>\n<p>September 2017<\/p>\n<h2><strong>Walter-Klingenbeck-Realschule Taufkirchen l\u00e4uft f\u00fcr \u201eZeit des Lachens e.V.\u201c <\/strong><\/h2>\n<ul>\n<li><strong>Gesamte Sch\u00fclerschaft nimmt an Spendenlauf teil<\/strong><\/li>\n<li><strong>Spende von 5313\u20ac wird feierlich an Gr\u00fcnderin Jacqueline Althaller \u00fcbergeben<\/strong><\/li>\n<\/ul>\n<p><strong>M\u00fcnchen, 29. September 2017. Die Sch\u00fclerschaft der Walter-Klingenbeck-Realschule Taufkirchen unterst\u00fctzt den M\u00fcnchner Verein \u201eZeit des Lachens e.V.\u201c mit einer gro\u00dfz\u00fcgigen Spende. Durch einen Spendenlauf im Juli 2017 ist ein Spendenbetrag von \u00fcber 5000\u20ac zustande gekommen, der nun feierlich an die Vereinsgr\u00fcnderin Jacqueline Althaller \u00fcbergeben wurde.<\/strong><\/p>\n<p>Die gesamte Sch\u00fclerschaft der Walter-Klingenbeck-Realschule Taufkirchen nahm in diesem Sommer an einem Spendenlauf teil. Ein Team aus f\u00fcnf Lehrkr\u00e4ften und der Jugendsozialarbeiterin der Schule organisierte den Lauf als einen gemeinsamen Tag voller Lachen und Bewegung f\u00fcr die Sch\u00fclerinnen und Sch\u00fcler \u2013 und f\u00fcr den guten Zweck: Verwandte und Bekannte spendeten f\u00fcr jede erlaufene Runde einen zuvor vereinbarten Betrag. Insgesamt wurde so in 4493 Runden und 4044 gelaufenen Kilometern ein Spendenbetrag von 5313\u20ac gesammelt.<\/p>\n<p>Die Sch\u00fclerinnen und Sch\u00fcler w\u00e4hlten selbst den \u201eZeit des Lachens e.V.\u201c als Empf\u00e4nger der gro\u00dfz\u00fcgigen Spende. Betty Sch\u00fcler, Jugendsozialarbeiterin und Mitorganisatorin, sagt: \u201eDer Spendenlauf war ein Ereignis, an dem alle Sch\u00fcler und Sch\u00fclerinnen, Lehrer und Eltern gemeinsam etwas bewegt haben und dabei viel Spa\u00df hatten. Und ganz nach dem Motto \u201aGemeinsam f\u00fcr den guten Zweck\u2018 sind wir gelaufen, um \u201aZeit des Lachens e.V.\u2018 zu unterst\u00fctzen.\u201c<\/p>\n<p>Zur feierlichen Spenden\u00fcbergabe mit Schulleiter Gerald Fai\u00dft und weiteren Angeh\u00f6rigen der Schulgemeinschaft kam auch Ullrich Sander, Erster B\u00fcrgermeister von Taufkirchen. Jacqueline Althaller, Gr\u00fcnderin des \u201eZeit des Lachens e.V.\u201c, nahm den Spendenscheck entgegen. Althaller ist begeistert: \u201eIch bin v\u00f6llig \u00fcberw\u00e4ltigt. Es ist toll zu sehen, mit wie viel Begeisterung und Interesse eine so junge Generation f\u00fcr unseren guten Zweck eintritt. Der Zusammenhalt in dieser Schulgemeinschaft ist mehr als beeindruckend.\u201c<\/p>\n<p>Die Schulfamilie der Walter-Klingenbeck-Realschule denkt heute noch an den gelungenen Tag im Juli zur\u00fcck und freut sich, dass der Verein \u201eZeit des Lachens e.V.\u201c mit der erlaufenen Spende unterst\u00fctzt wird. Jacqueline Althaller ist dankbar: \u201eMit der gro\u00dfz\u00fcgigen Spende k\u00f6nnen wir unsere n\u00e4chsten Projekte in diesem Herbst verwirklichen. Der \u201aZeit des Lachens e.V.\u2018 bedankt sich ausdr\u00fccklich bei der Schulgemeinschaft der Walter-Klingenbeck-Realschule.\u201c<\/p>\n<p>Der Spendenlauf fand mit gro\u00dfz\u00fcgiger Unterst\u00fctzung der Superm\u00e4rkte Edeka Simmel Unterhaching und Alnatura Unterhaching statt, die einen Versorgungsstand f\u00fcr die Sch\u00fclerinnen und Sch\u00fcler spendeten.<\/p>\n<p><strong>\u00dcber \u201eZeit des Lachens e.V.\u201c<\/strong><\/p>\n<p>Lachen, Freude, ganz viel Spa\u00df und vor allem Abwechslung: Das bringt der \u201eZeit des Lachens e.V.\u201c den kleinen Patienten, ihren Angeh\u00f6rigen und dem Personal in bundesdeutschen Kinderkliniken. Der Grundgedanke ist Nachhaltigkeit: Was w\u00e4hrend eines Besuches vermittelt wird, soll langfristig positiv in den Klinikalltag hineinwirken. Initiiert wurde die Aktion bereits in 2005, nach einem Konzept der M\u00fcnchner Agentur COMMUNICATION Presse und PR. Im Mai 2009 ist aus der Initiative der Verein \u201eZeit des Lachens e.V.\u201c mit Sitz in M\u00fcnchen hervorgegangen.<\/p>\n<p>Weitere Informationen unter: <a href=\"http:\/\/www.zeitdeslachens.de\">www.zeitdeslachens.de<\/a><\/p>\n<p><strong>Der \u201eZeit des Lachens e.V.\u201c wirkt am morgigen Samstag, 30.09.2017, am Aktivtag Orthop\u00e4die in der Sch\u00f6n Klinik Vogtareuth mit.<\/strong><\/p>\n<p>PI zum Download<\/p>\n<p><\/p>\n<p>Bildmaterial<\/p>\n<p>https:\/\/althallercommunication.de\/wp-content\/uploads\/2017\/09\/spenden\u00fcbergabe-Bild.jpg<\/p>\n<p>BU: v.l.n.r.: Andrea Riesenberger (Personalr\u00e4tin), Jacqueline Althaller (Gr\u00fcnderin \u201eZeit des Lachens e.V.\u201c), Leonie Liebsch (Sch\u00fclersprecherin letzten Schuljahres), Gerald Fai\u00dft (Schulleiter), Betty Sch\u00fcler (Jugendsozialarbeiterin), Ullrich Sander (erster B\u00fcrgermeister Taufkirchen), Monika Kottermeier (Elternbeir\u00e4tin).<\/p>\n<p>https:\/\/althallercommunication.de\/wp-content\/uploads\/2017\/03\/Jaqueline_Althaller-3.jpg<\/p>\n<p>BU: Jacqueline Althaller, Gr\u00fcnderin des \u201eZeit des Lachens e.V.\u201c<\/p>\n<p>W2Z1c2lvbl9idXR0b24gbGluaz0mcXVvdDtqYXZhc2NyaXB0Omhpc3RvcnkuYmFjaygpJnF1b3Q7IHRpdGxlPSZxdW90OyZxdW90OyB0YXJnZXQ9JnF1b3Q7X3NlbGYmcXVvdDsgYWxpZ25tZW50PSZxdW90O2NlbnRlciZxdW90OyBtb2RhbD0mcXVvdDsmcXVvdDsgaGlkZV9vbl9tb2JpbGU9JnF1b3Q7c21hbGwtdmlzaWJpbGl0eSxtZWRpdW0tdmlzaWJpbGl0eSxsYXJnZS12aXNpYmlsaXR5JnF1b3Q7IGNsYXNzPSZxdW90OyZxdW90OyBpZD0mcXVvdDsmcXVvdDsgY29sb3I9JnF1b3Q7ZGVmYXVsdCZxdW90OyBidXR0b25fZ3JhZGllbnRfdG9wX2NvbG9yPSZxdW90OyZxdW90OyBidXR0b25fZ3JhZGllbnRfYm90dG9tX2NvbG9yPSZxdW90OyZxdW90OyBidXR0b25fZ3JhZGllbnRfdG9wX2NvbG9yX2hvdmVyPSZxdW90OyZxdW90OyBidXR0b25fZ3JhZGllbnRfYm90dG9tX2NvbG9yX2hvdmVyPSZxdW90OyZxdW90OyBhY2NlbnRfY29sb3I9JnF1b3Q7JnF1b3Q7IGFjY2VudF9ob3Zlcl9jb2xvcj0mcXVvdDsmcXVvdDsgdHlwZT0mcXVvdDsmcXVvdDsgYmV2ZWxfY29sb3I9JnF1b3Q7JnF1b3Q7IGJvcmRlcl93aWR0aD0mcXVvdDsmcXVvdDsgc2l6ZT0mcXVvdDttZWRpdW0mcXVvdDsgc3RyZXRjaD0mcXVvdDtkZWZhdWx0JnF1b3Q7IHNoYXBlPSZxdW90O3JvdW5kJnF1b3Q7IGljb249JnF1b3Q7ZmEtY2hldnJvbi1sZWZ0JnF1b3Q7IGljb25fcG9zaXRpb249JnF1b3Q7bGVmdCZxdW90OyBpY29uX2RpdmlkZXI9JnF1b3Q7bm8mcXVvdDsgYW5pbWF0aW9uX3R5cGU9JnF1b3Q7JnF1b3Q7IGFuaW1hdGlvbl9kaXJlY3Rpb249JnF1b3Q7bGVmdCZxdW90OyBhbmltYXRpb25fc3BlZWQ9JnF1b3Q7MC4zJnF1b3Q7IGFuaW1hdGlvbl9vZmZzZXQ9JnF1b3Q7JnF1b3Q7XXp1csO8Y2tbL2Z1c2lvbl9idXR0b25d<\/p>\n<p>Pressekontakt und Redaktion<br \/>\n<strong>Jacqueline Althaller<br \/>\n<\/strong>ALTHALLER communication GbR <\/br>Elisabethstra\u00dfe 13<\/br>80796 M\u00fcnchen<\/p>\n<p><em>Bildmaterial stellen wir auf Wunsch gerne zur Verf\u00fcgung.<\/em><\/p>\n<p><\/p>\n<p>+49 (0) 89 38 66 52 60<\/p>\n<p><\/p>\n<p>+49 (0) 89 38 66 52 75<\/p>\n<p><\/p>\n<p><a href=\"mailto:info@althallercommunication.de\">info@althallercommunication.de<\/a><\/p>\n<p><\/p>\n<p><a href=\"https:\/\/althallercommunication.de\/\">www.althallercommunication.de<\/a><\/p>\n<p><\/p>\n","protected":false},"excerpt":{"rendered":"<p><strong>Zeit des Lachens e.V.<\/strong> | M\u00fcnchen: <\/br>Walter-Klingenbeck-Realschule Taufkirchen l\u00e4uft f\u00fcr \u201eZeit des Lachens e.V.\u201c<\/p>\n","protected":false},"author":6,"featured_media":0,"comment_status":"closed","ping_status":"open","sticky":false,"template":"","format":"standard","meta":{"_et_pb_use_builder":"","_et_pb_old_content":"","_et_gb_content_width":"","inline_featured_image":false,"footnotes":""},"categories":[2752,2765,2756,1,2758,2766,2829],"tags":[],"class_list":["post-11062","post","type-post","status-publish","format-standard","hentry","category-healthcare","category-klassische-pressearbeit","category-kunden-in-den-medien","category-unkategorisiert","category-pressemeldungen","category-social-media","category-zeit-des-lachens"],"yoast_head":"<!-- This site is optimized with the Yoast SEO Premium plugin v25.3 (Yoast SEO v27.5) - https:\/\/yoast.com\/product\/yoast-seo-premium-wordpress\/ -->\n<title>Walter-Klingenbeck-Realschule Taufkirchen l\u00e4uft f\u00fcr \u201eZeit des Lachens e.V.\u201c | althaller communication<\/title>\n<meta name=\"description\" content=\"Die Sch\u00fclerschaft der Walter-Klingenbeck-Realschule Taufkirchen unterst\u00fctzt den M\u00fcnchner Verein \u201eZeit des Lachens e.V.\u201c mit einer gro\u00dfz\u00fcgigen Spende.\" \/>\n<meta name=\"robots\" content=\"index, follow, max-snippet:-1, max-image-preview:large, max-video-preview:-1\" \/>\n<link rel=\"canonical\" href=\"https:\/\/althallercommunication.de\/walter-klingenbeck-realschule-laeuft-fuer-zeit-des-lachens-ev\/\" \/>\n<meta property=\"og:locale\" content=\"en_US\" \/>\n<meta property=\"og:type\" content=\"article\" \/>\n<meta property=\"og:title\" content=\"Walter-Klingenbeck-Realschule Taufkirchen l\u00e4uft f\u00fcr \u201eZeit des Lachens e.V.\u201c\" \/>\n<meta property=\"og:description\" content=\"Die Sch\u00fclerschaft der Walter-Klingenbeck-Realschule Taufkirchen unterst\u00fctzt den M\u00fcnchner Verein \u201eZeit des Lachens e.V.\u201c mit einer gro\u00dfz\u00fcgigen Spende.\" \/>\n<meta property=\"og:url\" content=\"https:\/\/althallercommunication.de\/walter-klingenbeck-realschule-laeuft-fuer-zeit-des-lachens-ev\/\" \/>\n<meta property=\"og:site_name\" content=\"althaller communication\" \/>\n<meta property=\"article:publisher\" content=\"https:\/\/www.facebook.com\/althallercommunication\" \/>\n<meta property=\"article:published_time\" content=\"2017-09-29T08:00:22+00:00\" \/>\n<meta property=\"article:modified_time\" content=\"2024-03-02T09:46:10+00:00\" \/>\n<meta name=\"author\" content=\"Jacqueline Althaller\" \/>\n<meta name=\"twitter:card\" content=\"summary_large_image\" \/>\n<meta name=\"twitter:creator\" content=\"@ALTHALLERcom\" \/>\n<meta name=\"twitter:site\" content=\"@ALTHALLERcom\" \/>\n<meta name=\"twitter:label1\" content=\"Written by\" \/>\n\t<meta name=\"twitter:data1\" content=\"Jacqueline Althaller\" \/>\n\t<meta name=\"twitter:label2\" content=\"Est. reading time\" \/>\n\t<meta name=\"twitter:data2\" content=\"6 minutes\" \/>\n<script type=\"application\/ld+json\" class=\"yoast-schema-graph\">{\"@context\":\"https:\\\/\\\/schema.org\",\"@graph\":[{\"@type\":\"Article\",\"@id\":\"https:\\\/\\\/althallercommunication.de\\\/walter-klingenbeck-realschule-laeuft-fuer-zeit-des-lachens-ev\\\/#article\",\"isPartOf\":{\"@id\":\"https:\\\/\\\/althallercommunication.de\\\/walter-klingenbeck-realschule-laeuft-fuer-zeit-des-lachens-ev\\\/\"},\"author\":{\"name\":\"Jacqueline Althaller\",\"@id\":\"https:\\\/\\\/althallercommunication.de\\\/#\\\/schema\\\/person\\\/4ca72b5e8d0bebc1f9b3061e463e32ee\"},\"headline\":\"Walter-Klingenbeck-Realschule Taufkirchen l\u00e4uft f\u00fcr \u201eZeit des Lachens e.V.\u201c\",\"datePublished\":\"2017-09-29T08:00:22+00:00\",\"dateModified\":\"2024-03-02T09:46:10+00:00\",\"mainEntityOfPage\":{\"@id\":\"https:\\\/\\\/althallercommunication.de\\\/walter-klingenbeck-realschule-laeuft-fuer-zeit-des-lachens-ev\\\/\"},\"wordCount\":1194,\"publisher\":{\"@id\":\"https:\\\/\\\/althallercommunication.de\\\/#organization\"},\"articleSection\":[\"Healthcare\",\"Klassische Pressearbeit\",\"Kunden\",\"Others\",\"Pressemeldungen\",\"Social Media\",\"Zeit des Lachens\"],\"inLanguage\":\"en-US\"},{\"@type\":\"WebPage\",\"@id\":\"https:\\\/\\\/althallercommunication.de\\\/walter-klingenbeck-realschule-laeuft-fuer-zeit-des-lachens-ev\\\/\",\"url\":\"https:\\\/\\\/althallercommunication.de\\\/walter-klingenbeck-realschule-laeuft-fuer-zeit-des-lachens-ev\\\/\",\"name\":\"Walter-Klingenbeck-Realschule Taufkirchen l\u00e4uft f\u00fcr \u201eZeit des Lachens e.V.\u201c | althaller communication\",\"isPartOf\":{\"@id\":\"https:\\\/\\\/althallercommunication.de\\\/#website\"},\"datePublished\":\"2017-09-29T08:00:22+00:00\",\"dateModified\":\"2024-03-02T09:46:10+00:00\",\"description\":\"Die Sch\u00fclerschaft der Walter-Klingenbeck-Realschule Taufkirchen unterst\u00fctzt den M\u00fcnchner Verein \u201eZeit des Lachens e.V.\u201c mit einer gro\u00dfz\u00fcgigen Spende.\",\"breadcrumb\":{\"@id\":\"https:\\\/\\\/althallercommunication.de\\\/walter-klingenbeck-realschule-laeuft-fuer-zeit-des-lachens-ev\\\/#breadcrumb\"},\"inLanguage\":\"en-US\",\"potentialAction\":[{\"@type\":\"ReadAction\",\"target\":[\"https:\\\/\\\/althallercommunication.de\\\/walter-klingenbeck-realschule-laeuft-fuer-zeit-des-lachens-ev\\\/\"]}]},{\"@type\":\"BreadcrumbList\",\"@id\":\"https:\\\/\\\/althallercommunication.de\\\/walter-klingenbeck-realschule-laeuft-fuer-zeit-des-lachens-ev\\\/#breadcrumb\",\"itemListElement\":[{\"@type\":\"ListItem\",\"position\":1,\"name\":\"Startseite\",\"item\":\"https:\\\/\\\/althallercommunication.de\\\/en\\\/\"},{\"@type\":\"ListItem\",\"position\":2,\"name\":\"Walter-Klingenbeck-Realschule Taufkirchen l\u00e4uft f\u00fcr \u201eZeit des Lachens e.V.\u201c\"}]},{\"@type\":\"WebSite\",\"@id\":\"https:\\\/\\\/althallercommunication.de\\\/#website\",\"url\":\"https:\\\/\\\/althallercommunication.de\\\/\",\"name\":\"althaller communication\",\"description\":\"Martkommunikation B2B\",\"publisher\":{\"@id\":\"https:\\\/\\\/althallercommunication.de\\\/#organization\"},\"potentialAction\":[{\"@type\":\"SearchAction\",\"target\":{\"@type\":\"EntryPoint\",\"urlTemplate\":\"https:\\\/\\\/althallercommunication.de\\\/?s={search_term_string}\"},\"query-input\":{\"@type\":\"PropertyValueSpecification\",\"valueRequired\":true,\"valueName\":\"search_term_string\"}}],\"inLanguage\":\"en-US\"},{\"@type\":\"Organization\",\"@id\":\"https:\\\/\\\/althallercommunication.de\\\/#organization\",\"name\":\"ALTHALLER communication\",\"url\":\"https:\\\/\\\/althallercommunication.de\\\/\",\"logo\":{\"@type\":\"ImageObject\",\"inLanguage\":\"en-US\",\"@id\":\"https:\\\/\\\/althallercommunication.de\\\/#\\\/schema\\\/logo\\\/image\\\/\",\"url\":\"https:\\\/\\\/althallercommunication.de\\\/wp-content\\\/uploads\\\/2023\\\/12\\\/althaller_comm_b.png\",\"contentUrl\":\"https:\\\/\\\/althallercommunication.de\\\/wp-content\\\/uploads\\\/2023\\\/12\\\/althaller_comm_b.png\",\"width\":464,\"height\":110,\"caption\":\"ALTHALLER communication\"},\"image\":{\"@id\":\"https:\\\/\\\/althallercommunication.de\\\/#\\\/schema\\\/logo\\\/image\\\/\"},\"sameAs\":[\"https:\\\/\\\/www.facebook.com\\\/althallercommunication\",\"https:\\\/\\\/x.com\\\/ALTHALLERcom\",\"https:\\\/\\\/www.linkedin.com\\\/company\\\/3332596?trk=tyah&amp;amp;amp;trkInfo=tas:COMMUNICATION Presse und PR,idx:1-1-1\"]},{\"@type\":\"Person\",\"@id\":\"https:\\\/\\\/althallercommunication.de\\\/#\\\/schema\\\/person\\\/4ca72b5e8d0bebc1f9b3061e463e32ee\",\"name\":\"Jacqueline Althaller\",\"image\":{\"@type\":\"ImageObject\",\"inLanguage\":\"en-US\",\"@id\":\"https:\\\/\\\/secure.gravatar.com\\\/avatar\\\/2e8cdf7784b763130efe210406ba46634d04913cf12c46cf98b2799d6da47211?s=96&d=mm&r=g\",\"url\":\"https:\\\/\\\/secure.gravatar.com\\\/avatar\\\/2e8cdf7784b763130efe210406ba46634d04913cf12c46cf98b2799d6da47211?s=96&d=mm&r=g\",\"contentUrl\":\"https:\\\/\\\/secure.gravatar.com\\\/avatar\\\/2e8cdf7784b763130efe210406ba46634d04913cf12c46cf98b2799d6da47211?s=96&d=mm&r=g\",\"caption\":\"Jacqueline Althaller\"},\"description\":\"$$$2021hmb8hzb4MD\",\"url\":\"https:\\\/\\\/althallercommunication.de\\\/en\\\/author\\\/jacqueline-althaller\\\/\"}]}<\/script>\n<!-- \/ Yoast SEO Premium plugin. -->","yoast_head_json":{"title":"Walter-Klingenbeck-Realschule Taufkirchen l\u00e4uft f\u00fcr \u201eZeit des Lachens e.V.\u201c | althaller communication","description":"Die Sch\u00fclerschaft der Walter-Klingenbeck-Realschule Taufkirchen unterst\u00fctzt den M\u00fcnchner Verein \u201eZeit des Lachens e.V.\u201c mit einer gro\u00dfz\u00fcgigen Spende.","robots":{"index":"index","follow":"follow","max-snippet":"max-snippet:-1","max-image-preview":"max-image-preview:large","max-video-preview":"max-video-preview:-1"},"canonical":"https:\/\/althallercommunication.de\/walter-klingenbeck-realschule-laeuft-fuer-zeit-des-lachens-ev\/","og_locale":"en_US","og_type":"article","og_title":"Walter-Klingenbeck-Realschule Taufkirchen l\u00e4uft f\u00fcr \u201eZeit des Lachens e.V.\u201c","og_description":"Die Sch\u00fclerschaft der Walter-Klingenbeck-Realschule Taufkirchen unterst\u00fctzt den M\u00fcnchner Verein \u201eZeit des Lachens e.V.\u201c mit einer gro\u00dfz\u00fcgigen Spende.","og_url":"https:\/\/althallercommunication.de\/walter-klingenbeck-realschule-laeuft-fuer-zeit-des-lachens-ev\/","og_site_name":"althaller communication","article_publisher":"https:\/\/www.facebook.com\/althallercommunication","article_published_time":"2017-09-29T08:00:22+00:00","article_modified_time":"2024-03-02T09:46:10+00:00","author":"Jacqueline Althaller","twitter_card":"summary_large_image","twitter_creator":"@ALTHALLERcom","twitter_site":"@ALTHALLERcom","twitter_misc":{"Written by":"Jacqueline Althaller","Est. reading time":"6 minutes"},"schema":{"@context":"https:\/\/schema.org","@graph":[{"@type":"Article","@id":"https:\/\/althallercommunication.de\/walter-klingenbeck-realschule-laeuft-fuer-zeit-des-lachens-ev\/#article","isPartOf":{"@id":"https:\/\/althallercommunication.de\/walter-klingenbeck-realschule-laeuft-fuer-zeit-des-lachens-ev\/"},"author":{"name":"Jacqueline Althaller","@id":"https:\/\/althallercommunication.de\/#\/schema\/person\/4ca72b5e8d0bebc1f9b3061e463e32ee"},"headline":"Walter-Klingenbeck-Realschule Taufkirchen l\u00e4uft f\u00fcr \u201eZeit des Lachens e.V.\u201c","datePublished":"2017-09-29T08:00:22+00:00","dateModified":"2024-03-02T09:46:10+00:00","mainEntityOfPage":{"@id":"https:\/\/althallercommunication.de\/walter-klingenbeck-realschule-laeuft-fuer-zeit-des-lachens-ev\/"},"wordCount":1194,"publisher":{"@id":"https:\/\/althallercommunication.de\/#organization"},"articleSection":["Healthcare","Klassische Pressearbeit","Kunden","Others","Pressemeldungen","Social Media","Zeit des Lachens"],"inLanguage":"en-US"},{"@type":"WebPage","@id":"https:\/\/althallercommunication.de\/walter-klingenbeck-realschule-laeuft-fuer-zeit-des-lachens-ev\/","url":"https:\/\/althallercommunication.de\/walter-klingenbeck-realschule-laeuft-fuer-zeit-des-lachens-ev\/","name":"Walter-Klingenbeck-Realschule Taufkirchen l\u00e4uft f\u00fcr \u201eZeit des Lachens e.V.\u201c | althaller communication","isPartOf":{"@id":"https:\/\/althallercommunication.de\/#website"},"datePublished":"2017-09-29T08:00:22+00:00","dateModified":"2024-03-02T09:46:10+00:00","description":"Die Sch\u00fclerschaft der Walter-Klingenbeck-Realschule Taufkirchen unterst\u00fctzt den M\u00fcnchner Verein \u201eZeit des Lachens e.V.\u201c mit einer gro\u00dfz\u00fcgigen Spende.","breadcrumb":{"@id":"https:\/\/althallercommunication.de\/walter-klingenbeck-realschule-laeuft-fuer-zeit-des-lachens-ev\/#breadcrumb"},"inLanguage":"en-US","potentialAction":[{"@type":"ReadAction","target":["https:\/\/althallercommunication.de\/walter-klingenbeck-realschule-laeuft-fuer-zeit-des-lachens-ev\/"]}]},{"@type":"BreadcrumbList","@id":"https:\/\/althallercommunication.de\/walter-klingenbeck-realschule-laeuft-fuer-zeit-des-lachens-ev\/#breadcrumb","itemListElement":[{"@type":"ListItem","position":1,"name":"Startseite","item":"https:\/\/althallercommunication.de\/en\/"},{"@type":"ListItem","position":2,"name":"Walter-Klingenbeck-Realschule Taufkirchen l\u00e4uft f\u00fcr \u201eZeit des Lachens e.V.\u201c"}]},{"@type":"WebSite","@id":"https:\/\/althallercommunication.de\/#website","url":"https:\/\/althallercommunication.de\/","name":"althaller communication","description":"Martkommunikation B2B","publisher":{"@id":"https:\/\/althallercommunication.de\/#organization"},"potentialAction":[{"@type":"SearchAction","target":{"@type":"EntryPoint","urlTemplate":"https:\/\/althallercommunication.de\/?s={search_term_string}"},"query-input":{"@type":"PropertyValueSpecification","valueRequired":true,"valueName":"search_term_string"}}],"inLanguage":"en-US"},{"@type":"Organization","@id":"https:\/\/althallercommunication.de\/#organization","name":"ALTHALLER communication","url":"https:\/\/althallercommunication.de\/","logo":{"@type":"ImageObject","inLanguage":"en-US","@id":"https:\/\/althallercommunication.de\/#\/schema\/logo\/image\/","url":"https:\/\/althallercommunication.de\/wp-content\/uploads\/2023\/12\/althaller_comm_b.png","contentUrl":"https:\/\/althallercommunication.de\/wp-content\/uploads\/2023\/12\/althaller_comm_b.png","width":464,"height":110,"caption":"ALTHALLER communication"},"image":{"@id":"https:\/\/althallercommunication.de\/#\/schema\/logo\/image\/"},"sameAs":["https:\/\/www.facebook.com\/althallercommunication","https:\/\/x.com\/ALTHALLERcom","https:\/\/www.linkedin.com\/company\/3332596?trk=tyah&amp;amp;amp;trkInfo=tas:COMMUNICATION Presse und PR,idx:1-1-1"]},{"@type":"Person","@id":"https:\/\/althallercommunication.de\/#\/schema\/person\/4ca72b5e8d0bebc1f9b3061e463e32ee","name":"Jacqueline Althaller","image":{"@type":"ImageObject","inLanguage":"en-US","@id":"https:\/\/secure.gravatar.com\/avatar\/2e8cdf7784b763130efe210406ba46634d04913cf12c46cf98b2799d6da47211?s=96&d=mm&r=g","url":"https:\/\/secure.gravatar.com\/avatar\/2e8cdf7784b763130efe210406ba46634d04913cf12c46cf98b2799d6da47211?s=96&d=mm&r=g","contentUrl":"https:\/\/secure.gravatar.com\/avatar\/2e8cdf7784b763130efe210406ba46634d04913cf12c46cf98b2799d6da47211?s=96&d=mm&r=g","caption":"Jacqueline Althaller"},"description":"$$$2021hmb8hzb4MD","url":"https:\/\/althallercommunication.de\/en\/author\/jacqueline-althaller\/"}]}},"_links":{"self":[{"href":"https:\/\/althallercommunication.de\/en\/wp-json\/wp\/v2\/posts\/11062","targetHints":{"allow":["GET"]}}],"collection":[{"href":"https:\/\/althallercommunication.de\/en\/wp-json\/wp\/v2\/posts"}],"about":[{"href":"https:\/\/althallercommunication.de\/en\/wp-json\/wp\/v2\/types\/post"}],"author":[{"embeddable":true,"href":"https:\/\/althallercommunication.de\/en\/wp-json\/wp\/v2\/users\/6"}],"replies":[{"embeddable":true,"href":"https:\/\/althallercommunication.de\/en\/wp-json\/wp\/v2\/comments?post=11062"}],"version-history":[{"count":4,"href":"https:\/\/althallercommunication.de\/en\/wp-json\/wp\/v2\/posts\/11062\/revisions"}],"predecessor-version":[{"id":29212,"href":"https:\/\/althallercommunication.de\/en\/wp-json\/wp\/v2\/posts\/11062\/revisions\/29212"}],"wp:attachment":[{"href":"https:\/\/althallercommunication.de\/en\/wp-json\/wp\/v2\/media?parent=11062"}],"wp:term":[{"taxonomy":"category","embeddable":true,"href":"https:\/\/althallercommunication.de\/en\/wp-json\/wp\/v2\/categories?post=11062"},{"taxonomy":"post_tag","embeddable":true,"href":"https:\/\/althallercommunication.de\/en\/wp-json\/wp\/v2\/tags?post=11062"}],"curies":[{"name":"wp","href":"https:\/\/api.w.org\/{rel}","templated":true}]}}