{"id":11087,"date":"2017-10-05T10:00:22","date_gmt":"2017-10-05T08:00:22","guid":{"rendered":"http:\/\/www.communicationmunich.de\/copy-of-carsharing-flotte-von-alphabet-im-schwabinger-tor\/"},"modified":"2024-05-14T18:08:40","modified_gmt":"2024-05-14T16:08:40","slug":"schwabinger-tor-wird-mit-tiefgarage-wieder-zum-ausstellungsort-fuer-junge-kunst","status":"publish","type":"post","link":"https:\/\/althallercommunication.de\/en\/schwabinger-tor-wird-mit-tiefgarage-wieder-zum-ausstellungsort-fuer-junge-kunst\/","title":{"rendered":"Lange Nacht der M\u00fcnchner Museen am 14.10.2017:"},"content":{"rendered":"<p><\/p>\n<h2><strong>Schwabinger Tor wird mit Tiefgarage wieder zum Ausstellungsort f\u00fcr junge Kunst<br \/>\n<\/strong><\/h2>\n<p><strong>Jost Hurler Gruppe<\/strong><\/p>\n<p><strong>M\u00fcnchen, den 5. Oktober 2017 \u2013 Zum zweiten Mal <\/strong><strong>\u00f6ffnet sich die Tiefgarage des Schwabinger Tors f\u00fcr junge Kunst. Unter dem Titel DIGITAL ECHO verwandelt sie sich w\u00e4hrend der Langen Nacht der M\u00fcnchner Museen in eine interaktive Rauminstallation, die von den K\u00fcnstlern Yves Peitzner und mayer +empl gestaltet wird. <\/strong><\/p>\n<p>Neue R\u00e4ume erschlie\u00dfen oder bekannte R\u00e4ume in neuem Zusammenhang erleben; dieses Erfolgsmodell lockt auch in diesem Jahr die Besucher im Rahmen der Langen Nacht der Museen ins Schwabinger Tor. F\u00fcr zwei Tage wird aus dem allt\u00e4glichen Raum der Tiefgarage eine Pop-up-Galerie f\u00fcr interaktive Kunst. \u201eDer Erfolg unserer Teilnahme an der Langen Nacht der M\u00fcnchner Museen im Vorjahr hat uns best\u00e4rkt, auch in diesem Jahr unseren Gedanken der Kunstf\u00f6rderung des Schwabinger Tors in der Pop-Up Galerie der Tiefgarage weiterzuf\u00fchren und jungen K\u00fcnstlern Raum f\u00fcr ihre Werke zu geben,\u201c so Dr. Wolfgang M\u00fcller, Gesch\u00e4ftsf\u00fchrer der Jost Hurler Gruppe, die das Schwabinger Tor f\u00fcr den eigenen Bestand entwickelt. \u201eDie lange Nacht der Museen ist die ideale Gelegenheit, M\u00fcnchnern und Besuchern Einblicke in das Schwabinger Tor zu geben. Denn das Quartier ist als Angebot an die gesamte Stadt gedacht. Wir freuen uns, wenn das Quartier als lebendiger Platz der Begegnungen wahrgenommen wird\u201c, f\u00fchrt M\u00fcller weiter aus.<\/p>\n<p>Kommunikation im digitalen Zeitalter wird von Social Media bestimmt und findet auf vielen Kan\u00e4len simultan statt. Dieses Konzept nehmen die K\u00fcnstler auf und gehen mit ihrer raumgreifenden Installation der Wechselwirkung von Mensch und Umwelt nach: Welche Botschaften senden wir in die Welt? Was davon kommt zur\u00fcck und wie ver\u00e4ndert es sich im Laufe der Zeit? Damit werden Impulse ausgel\u00f6st, die eine eigene Dynamik entwickeln und sich ab einem bestimmten Zeitpunkt unserer Kontrolle entziehen. In der Tiefgarage laden die K\u00fcnstler Yves Peitzner und mayer +empl die Besucher ein, die interaktive, audiovisuelle Rauminstallation zu erleben und selber zu Protagonisten derselben zu werden. Die Wechselbeziehung mit dem Raum zieht die Besucher in den Bann des Licht- und Klangerlebnisses.<\/p>\n<p>Das Schwabinger Tor, ehemals eines der gr\u00f6\u00dften innerst\u00e4dtischen Bauprojekte Deutschlands, steht kurz vor der Vollendung. Mit Anfang Oktober wird der zweite und finale Bauabschnitt er\u00f6ffnet; bis 2018 werden auch das Lifestyle-Hotel Andaz sowie eine eigene Tramstation fertig gestellt. Die Jost Hurler Gruppe folgt mit dem Projekt der Idee des Sharings als Vision eines urbanen Lebensgef\u00fchls. Getreu dem Motto \u201eTalente. Teilen. Toleranz.\u201c steht das Miteinander von Menschen unterschiedlichster Hintergr\u00fcnde und Stilrichtungen auf dem gesamten Areal im Mittelpunkt. Auch die gezielte Kunstf\u00f6rderung ist Teil des Konzeptes.<\/p>\n<p><strong>Schwabinger Tor Tiefgarage<\/strong><\/p>\n<p>Die Tiefgarage von ParkOne ist einfach \u00fcber die <strong>Tour 93 \u201eSchwabing\u201c<\/strong> &#8211; der f\u00fcr die Lange Nacht eingerichteten Shuttle Linien &#8211; zu erreichen. Haltestelle ist die \u201e<strong>Wilhelm-Hertz-Stra\u00dfe<\/strong>\u201c. Die Busse fahren im 10 Minutentakt ab Odeonsplatz.<\/p>\n<p><strong>Vernissage: <\/strong>13.10.2017 um 19:00 Uhr<\/p>\n<p><strong>Lange Nacht der Museen: <\/strong>14.10.2017 von 19:00 Uhr bis 02:00 Uhr<\/p>\n<p>Eine Bar versorgt Sie mit verschiedenen Getr\u00e4nken.<\/p>\n<p><strong>Schwabinger Tor<\/strong><\/p>\n<p>Mit dem Schwabinger Tor an der Leopoldstra\u00dfe in M\u00fcnchen-Schwabing wird ein neues Stadtquartier geschaffen, welches k\u00fcnftigen Lebens- und Arbeitsweisen schon heute Raum gibt. Mit den insgesamt neun Geb\u00e4uden entwickelt sich bis Oktober 2017 ein neuer Ort zum Wohnen, Arbeiten, Erleben und Einkaufen. Das Schwabinger Tor, ein bestandseigenes Projekt der Jost Hurler Unternehmensgruppe und eines der gr\u00f6\u00dften innerst\u00e4dtischen Bauprojekte Deutschlands, folgt der Idee des Sharings als Vision eines urbanen Lebensgef\u00fchls. Das Motto \u201eTalente. Teilen. Toleranz.\u201c spiegelt sich in konkreten Angeboten wider wie Car Sharing, Co Working, einer Sharing-App f\u00fcr die Mieter oder gezielter Startup- und Kunstf\u00f6rderung. Mehr unter <a href=\"http:\/\/living.schwabinger-tor.de\">http:\/\/living.schwabinger-tor.de<\/a>.<\/p>\n<p><strong>\u00dcber die Jost Hurler Gruppe <\/strong><\/p>\n<p>Die Jost Hurler Beteiligungs und Verwaltungs GmbH &amp; Co. KG entwickelt, vermietet und finanziert bestandseigene Immobilienobjekte in Deutschland und \u00d6sterreich. Wichtige Standorte befinden sich in Bayern, Nordrhein-Westfalen, Berlin und Th\u00fcringen. In Zukunft wird der Bereich der Projektentwicklung in Metropolregionen eine tragende Rolle f\u00fcr das Unternehmen spielen. Sitz der Jost Hurler Beteiligungs und Verwaltungs GmbH &amp; Co. KG ist M\u00fcnchen. Mehr unter <a href=\"http:\/\/www.jost-hurler.de\/\">http:\/\/www.jost-hurler.de\/<\/a> und <a href=\"http:\/\/www.schwabinger-tor.de\">www.schwabinger-tor.de<\/a><\/p>\n<p>PI zum Download<\/p>\n<p><\/p>\n<p>Bildmaterial zur Langen Nacht der Museen<\/p>\n<p>https:\/\/althallercommunication.de\/wp-content\/uploads\/2017\/09\/SchwabingerTor_Tiefgarage.jpg<\/p>\n<p>BU: Eine interaktive Lichtinstallation der K\u00fcnstler Yves Peitzner und mayer +empl l\u00e4dt Besucher der Langen Nacht der M\u00fcnchner Museen in die Tiefgarage im Schwabinger Tor ein<\/p>\n<p>https:\/\/althallercommunication.de\/wp-content\/uploads\/2017\/09\/yves_peitzner-3.jpg<\/p>\n<p>BU: Yves Peitzner, einer der K\u00fcnstler hinter der Installation mit dem Titel DIGITAL ECHO.<\/p>\n<p>https:\/\/althallercommunication.de\/wp-content\/uploads\/2017\/09\/mayerempl-3.jpg<\/p>\n<p>BU: mayer +empl gestalten mit ihrer Kunst die Tiefgarage des Schwabinger Tors f\u00fcr die Lange Nacht der M\u00fcnchner Museen.<\/p>\n<p>Mehr News der Jost Hurler GruppeW2Z1c2lvbl9idXR0b24gbGluaz0mcXVvdDtqYXZhc2NyaXB0Omhpc3RvcnkuYmFjaygpJnF1b3Q7IHRpdGxlPSZxdW90OyZxdW90OyB0YXJnZXQ9JnF1b3Q7X3NlbGYmcXVvdDsgYWxpZ25tZW50PSZxdW90O2NlbnRlciZxdW90OyBtb2RhbD0mcXVvdDsmcXVvdDsgaGlkZV9vbl9tb2JpbGU9JnF1b3Q7c21hbGwtdmlzaWJpbGl0eSxtZWRpdW0tdmlzaWJpbGl0eSxsYXJnZS12aXNpYmlsaXR5JnF1b3Q7IGNsYXNzPSZxdW90OyZxdW90OyBpZD0mcXVvdDsmcXVvdDsgY29sb3I9JnF1b3Q7ZGVmYXVsdCZxdW90OyBidXR0b25fZ3JhZGllbnRfdG9wX2NvbG9yPSZxdW90OyZxdW90OyBidXR0b25fZ3JhZGllbnRfYm90dG9tX2NvbG9yPSZxdW90OyZxdW90OyBidXR0b25fZ3JhZGllbnRfdG9wX2NvbG9yX2hvdmVyPSZxdW90OyZxdW90OyBidXR0b25fZ3JhZGllbnRfYm90dG9tX2NvbG9yX2hvdmVyPSZxdW90OyZxdW90OyBhY2NlbnRfY29sb3I9JnF1b3Q7JnF1b3Q7IGFjY2VudF9ob3Zlcl9jb2xvcj0mcXVvdDsmcXVvdDsgdHlwZT0mcXVvdDsmcXVvdDsgYmV2ZWxfY29sb3I9JnF1b3Q7JnF1b3Q7IGJvcmRlcl93aWR0aD0mcXVvdDsmcXVvdDsgc2l6ZT0mcXVvdDttZWRpdW0mcXVvdDsgc3RyZXRjaD0mcXVvdDtkZWZhdWx0JnF1b3Q7IHNoYXBlPSZxdW90O3JvdW5kJnF1b3Q7IGljb249JnF1b3Q7ZmEtY2hldnJvbi1sZWZ0JnF1b3Q7IGljb25fcG9zaXRpb249JnF1b3Q7bGVmdCZxdW90OyBpY29uX2RpdmlkZXI9JnF1b3Q7bm8mcXVvdDsgYW5pbWF0aW9uX3R5cGU9JnF1b3Q7JnF1b3Q7IGFuaW1hdGlvbl9kaXJlY3Rpb249JnF1b3Q7bGVmdCZxdW90OyBhbmltYXRpb25fc3BlZWQ9JnF1b3Q7MC4zJnF1b3Q7IGFuaW1hdGlvbl9vZmZzZXQ9JnF1b3Q7JnF1b3Q7XXp1csO8Y2tbL2Z1c2lvbl9idXR0b25d<\/p>\n<p>Pressekontakt und Redaktion<br \/>\n<strong>Jacqueline Althaller<br \/>\n<\/strong>ALTHALLER communication GbR <\/br>Elisabethstra\u00dfe 13<\/br>80796 M\u00fcnchen<\/p>\n<p><em>Bildmaterial stellen wir auf Wunsch gerne zur Verf\u00fcgung.<\/em><\/p>\n<p><\/p>\n<p>+49 (0) 89 38 66 52 60<\/p>\n<p><\/p>\n<p>+49 (0) 89 38 66 52 75<\/p>\n<p><\/p>\n<p><a href=\"mailto:info@althallercommunication.de\">info@althallercommunication.de<\/a><\/p>\n<p><\/p>\n<p><a href=\"https:\/\/althallercommunication.de\/\">www.althallercommunication.de<\/a><\/p>\n<p><\/p>\n","protected":false},"excerpt":{"rendered":"<p><strong>Jost Hurler Gruppe<\/strong> | M\u00fcnchen: <\/br>Schwabinger Tor wird mit Tiefgarage wieder zum Ausstellungsort f\u00fcr junge Kunst<\/p>\n","protected":false},"author":6,"featured_media":0,"comment_status":"closed","ping_status":"open","sticky":false,"template":"","format":"standard","meta":{"_et_pb_use_builder":"","_et_pb_old_content":"","_et_gb_content_width":"","inline_featured_image":false,"footnotes":""},"categories":[2749,2765,2756,1,2758,2831],"tags":[],"class_list":["post-11087","post","type-post","status-publish","format-standard","hentry","category-ecommerce-retail","category-klassische-pressearbeit","category-kunden-in-den-medien","category-unkategorisiert","category-pressemeldungen","category-schwabinger-tor"],"yoast_head":"<!-- This site is optimized with the Yoast SEO Premium plugin v25.3 (Yoast SEO v27.5) - https:\/\/yoast.com\/product\/yoast-seo-premium-wordpress\/ -->\n<title>Lange Nacht der M\u00fcnchner Museen am 14.10.2017: | althaller communication<\/title>\n<meta name=\"description\" content=\"Zum zweiten Mal \u00f6ffnet sich die Tiefgarage des Schwabinger Tors f\u00fcr junge Kunst. Unter dem Titel DIGITAL ECHO verwandelt sie sich w\u00e4hrend der Langen ...\" \/>\n<meta name=\"robots\" content=\"index, follow, max-snippet:-1, max-image-preview:large, max-video-preview:-1\" \/>\n<link rel=\"canonical\" href=\"https:\/\/althallercommunication.de\/schwabinger-tor-wird-mit-tiefgarage-wieder-zum-ausstellungsort-fuer-junge-kunst\/\" \/>\n<meta property=\"og:locale\" content=\"en_US\" \/>\n<meta property=\"og:type\" content=\"article\" \/>\n<meta property=\"og:title\" content=\"Lange Nacht der M\u00fcnchner Museen am 14.10.2017:\" \/>\n<meta property=\"og:description\" content=\"Zum zweiten Mal \u00f6ffnet sich die Tiefgarage des Schwabinger Tors f\u00fcr junge Kunst. Unter dem Titel DIGITAL ECHO verwandelt sie sich w\u00e4hrend der Langen ...\" \/>\n<meta property=\"og:url\" content=\"https:\/\/althallercommunication.de\/schwabinger-tor-wird-mit-tiefgarage-wieder-zum-ausstellungsort-fuer-junge-kunst\/\" \/>\n<meta property=\"og:site_name\" content=\"althaller communication\" \/>\n<meta property=\"article:publisher\" content=\"https:\/\/www.facebook.com\/althallercommunication\" \/>\n<meta property=\"article:published_time\" content=\"2017-10-05T08:00:22+00:00\" \/>\n<meta property=\"article:modified_time\" content=\"2024-05-14T16:08:40+00:00\" \/>\n<meta name=\"author\" content=\"Jacqueline Althaller\" \/>\n<meta name=\"twitter:card\" content=\"summary_large_image\" \/>\n<meta name=\"twitter:creator\" content=\"@ALTHALLERcom\" \/>\n<meta name=\"twitter:site\" content=\"@ALTHALLERcom\" \/>\n<meta name=\"twitter:label1\" content=\"Written by\" \/>\n\t<meta name=\"twitter:data1\" content=\"Jacqueline Althaller\" \/>\n\t<meta name=\"twitter:label2\" content=\"Est. reading time\" \/>\n\t<meta name=\"twitter:data2\" content=\"7 minutes\" \/>\n<script type=\"application\/ld+json\" class=\"yoast-schema-graph\">{\"@context\":\"https:\\\/\\\/schema.org\",\"@graph\":[{\"@type\":\"Article\",\"@id\":\"https:\\\/\\\/althallercommunication.de\\\/schwabinger-tor-wird-mit-tiefgarage-wieder-zum-ausstellungsort-fuer-junge-kunst\\\/#article\",\"isPartOf\":{\"@id\":\"https:\\\/\\\/althallercommunication.de\\\/schwabinger-tor-wird-mit-tiefgarage-wieder-zum-ausstellungsort-fuer-junge-kunst\\\/\"},\"author\":{\"name\":\"Jacqueline Althaller\",\"@id\":\"https:\\\/\\\/althallercommunication.de\\\/#\\\/schema\\\/person\\\/4ca72b5e8d0bebc1f9b3061e463e32ee\"},\"headline\":\"Lange Nacht der M\u00fcnchner Museen am 14.10.2017:\",\"datePublished\":\"2017-10-05T08:00:22+00:00\",\"dateModified\":\"2024-05-14T16:08:40+00:00\",\"mainEntityOfPage\":{\"@id\":\"https:\\\/\\\/althallercommunication.de\\\/schwabinger-tor-wird-mit-tiefgarage-wieder-zum-ausstellungsort-fuer-junge-kunst\\\/\"},\"wordCount\":1452,\"publisher\":{\"@id\":\"https:\\\/\\\/althallercommunication.de\\\/#organization\"},\"articleSection\":[\"Ecommerce &amp; Retail\",\"Klassische Pressearbeit\",\"Kunden\",\"Others\",\"Pressemeldungen\",\"Schwabinger-Tor\"],\"inLanguage\":\"en-US\"},{\"@type\":\"WebPage\",\"@id\":\"https:\\\/\\\/althallercommunication.de\\\/schwabinger-tor-wird-mit-tiefgarage-wieder-zum-ausstellungsort-fuer-junge-kunst\\\/\",\"url\":\"https:\\\/\\\/althallercommunication.de\\\/schwabinger-tor-wird-mit-tiefgarage-wieder-zum-ausstellungsort-fuer-junge-kunst\\\/\",\"name\":\"Lange Nacht der M\u00fcnchner Museen am 14.10.2017: | althaller communication\",\"isPartOf\":{\"@id\":\"https:\\\/\\\/althallercommunication.de\\\/#website\"},\"datePublished\":\"2017-10-05T08:00:22+00:00\",\"dateModified\":\"2024-05-14T16:08:40+00:00\",\"description\":\"Zum zweiten Mal \u00f6ffnet sich die Tiefgarage des Schwabinger Tors f\u00fcr junge Kunst. Unter dem Titel DIGITAL ECHO verwandelt sie sich w\u00e4hrend der Langen ...\",\"breadcrumb\":{\"@id\":\"https:\\\/\\\/althallercommunication.de\\\/schwabinger-tor-wird-mit-tiefgarage-wieder-zum-ausstellungsort-fuer-junge-kunst\\\/#breadcrumb\"},\"inLanguage\":\"en-US\",\"potentialAction\":[{\"@type\":\"ReadAction\",\"target\":[\"https:\\\/\\\/althallercommunication.de\\\/schwabinger-tor-wird-mit-tiefgarage-wieder-zum-ausstellungsort-fuer-junge-kunst\\\/\"]}]},{\"@type\":\"BreadcrumbList\",\"@id\":\"https:\\\/\\\/althallercommunication.de\\\/schwabinger-tor-wird-mit-tiefgarage-wieder-zum-ausstellungsort-fuer-junge-kunst\\\/#breadcrumb\",\"itemListElement\":[{\"@type\":\"ListItem\",\"position\":1,\"name\":\"Startseite\",\"item\":\"https:\\\/\\\/althallercommunication.de\\\/en\\\/\"},{\"@type\":\"ListItem\",\"position\":2,\"name\":\"Lange Nacht der M\u00fcnchner Museen am 14.10.2017:\"}]},{\"@type\":\"WebSite\",\"@id\":\"https:\\\/\\\/althallercommunication.de\\\/#website\",\"url\":\"https:\\\/\\\/althallercommunication.de\\\/\",\"name\":\"althaller communication\",\"description\":\"Martkommunikation B2B\",\"publisher\":{\"@id\":\"https:\\\/\\\/althallercommunication.de\\\/#organization\"},\"potentialAction\":[{\"@type\":\"SearchAction\",\"target\":{\"@type\":\"EntryPoint\",\"urlTemplate\":\"https:\\\/\\\/althallercommunication.de\\\/?s={search_term_string}\"},\"query-input\":{\"@type\":\"PropertyValueSpecification\",\"valueRequired\":true,\"valueName\":\"search_term_string\"}}],\"inLanguage\":\"en-US\"},{\"@type\":\"Organization\",\"@id\":\"https:\\\/\\\/althallercommunication.de\\\/#organization\",\"name\":\"ALTHALLER communication\",\"url\":\"https:\\\/\\\/althallercommunication.de\\\/\",\"logo\":{\"@type\":\"ImageObject\",\"inLanguage\":\"en-US\",\"@id\":\"https:\\\/\\\/althallercommunication.de\\\/#\\\/schema\\\/logo\\\/image\\\/\",\"url\":\"https:\\\/\\\/althallercommunication.de\\\/wp-content\\\/uploads\\\/2023\\\/12\\\/althaller_comm_b.png\",\"contentUrl\":\"https:\\\/\\\/althallercommunication.de\\\/wp-content\\\/uploads\\\/2023\\\/12\\\/althaller_comm_b.png\",\"width\":464,\"height\":110,\"caption\":\"ALTHALLER communication\"},\"image\":{\"@id\":\"https:\\\/\\\/althallercommunication.de\\\/#\\\/schema\\\/logo\\\/image\\\/\"},\"sameAs\":[\"https:\\\/\\\/www.facebook.com\\\/althallercommunication\",\"https:\\\/\\\/x.com\\\/ALTHALLERcom\",\"https:\\\/\\\/www.linkedin.com\\\/company\\\/3332596?trk=tyah&amp;amp;amp;trkInfo=tas:COMMUNICATION Presse und PR,idx:1-1-1\"]},{\"@type\":\"Person\",\"@id\":\"https:\\\/\\\/althallercommunication.de\\\/#\\\/schema\\\/person\\\/4ca72b5e8d0bebc1f9b3061e463e32ee\",\"name\":\"Jacqueline Althaller\",\"image\":{\"@type\":\"ImageObject\",\"inLanguage\":\"en-US\",\"@id\":\"https:\\\/\\\/secure.gravatar.com\\\/avatar\\\/2e8cdf7784b763130efe210406ba46634d04913cf12c46cf98b2799d6da47211?s=96&d=mm&r=g\",\"url\":\"https:\\\/\\\/secure.gravatar.com\\\/avatar\\\/2e8cdf7784b763130efe210406ba46634d04913cf12c46cf98b2799d6da47211?s=96&d=mm&r=g\",\"contentUrl\":\"https:\\\/\\\/secure.gravatar.com\\\/avatar\\\/2e8cdf7784b763130efe210406ba46634d04913cf12c46cf98b2799d6da47211?s=96&d=mm&r=g\",\"caption\":\"Jacqueline Althaller\"},\"description\":\"$$$2021hmb8hzb4MD\",\"url\":\"https:\\\/\\\/althallercommunication.de\\\/en\\\/author\\\/jacqueline-althaller\\\/\"}]}<\/script>\n<!-- \/ Yoast SEO Premium plugin. -->","yoast_head_json":{"title":"Lange Nacht der M\u00fcnchner Museen am 14.10.2017: | althaller communication","description":"Zum zweiten Mal \u00f6ffnet sich die Tiefgarage des Schwabinger Tors f\u00fcr junge Kunst. Unter dem Titel DIGITAL ECHO verwandelt sie sich w\u00e4hrend der Langen ...","robots":{"index":"index","follow":"follow","max-snippet":"max-snippet:-1","max-image-preview":"max-image-preview:large","max-video-preview":"max-video-preview:-1"},"canonical":"https:\/\/althallercommunication.de\/schwabinger-tor-wird-mit-tiefgarage-wieder-zum-ausstellungsort-fuer-junge-kunst\/","og_locale":"en_US","og_type":"article","og_title":"Lange Nacht der M\u00fcnchner Museen am 14.10.2017:","og_description":"Zum zweiten Mal \u00f6ffnet sich die Tiefgarage des Schwabinger Tors f\u00fcr junge Kunst. Unter dem Titel DIGITAL ECHO verwandelt sie sich w\u00e4hrend der Langen ...","og_url":"https:\/\/althallercommunication.de\/schwabinger-tor-wird-mit-tiefgarage-wieder-zum-ausstellungsort-fuer-junge-kunst\/","og_site_name":"althaller communication","article_publisher":"https:\/\/www.facebook.com\/althallercommunication","article_published_time":"2017-10-05T08:00:22+00:00","article_modified_time":"2024-05-14T16:08:40+00:00","author":"Jacqueline Althaller","twitter_card":"summary_large_image","twitter_creator":"@ALTHALLERcom","twitter_site":"@ALTHALLERcom","twitter_misc":{"Written by":"Jacqueline Althaller","Est. reading time":"7 minutes"},"schema":{"@context":"https:\/\/schema.org","@graph":[{"@type":"Article","@id":"https:\/\/althallercommunication.de\/schwabinger-tor-wird-mit-tiefgarage-wieder-zum-ausstellungsort-fuer-junge-kunst\/#article","isPartOf":{"@id":"https:\/\/althallercommunication.de\/schwabinger-tor-wird-mit-tiefgarage-wieder-zum-ausstellungsort-fuer-junge-kunst\/"},"author":{"name":"Jacqueline Althaller","@id":"https:\/\/althallercommunication.de\/#\/schema\/person\/4ca72b5e8d0bebc1f9b3061e463e32ee"},"headline":"Lange Nacht der M\u00fcnchner Museen am 14.10.2017:","datePublished":"2017-10-05T08:00:22+00:00","dateModified":"2024-05-14T16:08:40+00:00","mainEntityOfPage":{"@id":"https:\/\/althallercommunication.de\/schwabinger-tor-wird-mit-tiefgarage-wieder-zum-ausstellungsort-fuer-junge-kunst\/"},"wordCount":1452,"publisher":{"@id":"https:\/\/althallercommunication.de\/#organization"},"articleSection":["Ecommerce &amp; Retail","Klassische Pressearbeit","Kunden","Others","Pressemeldungen","Schwabinger-Tor"],"inLanguage":"en-US"},{"@type":"WebPage","@id":"https:\/\/althallercommunication.de\/schwabinger-tor-wird-mit-tiefgarage-wieder-zum-ausstellungsort-fuer-junge-kunst\/","url":"https:\/\/althallercommunication.de\/schwabinger-tor-wird-mit-tiefgarage-wieder-zum-ausstellungsort-fuer-junge-kunst\/","name":"Lange Nacht der M\u00fcnchner Museen am 14.10.2017: | althaller communication","isPartOf":{"@id":"https:\/\/althallercommunication.de\/#website"},"datePublished":"2017-10-05T08:00:22+00:00","dateModified":"2024-05-14T16:08:40+00:00","description":"Zum zweiten Mal \u00f6ffnet sich die Tiefgarage des Schwabinger Tors f\u00fcr junge Kunst. Unter dem Titel DIGITAL ECHO verwandelt sie sich w\u00e4hrend der Langen ...","breadcrumb":{"@id":"https:\/\/althallercommunication.de\/schwabinger-tor-wird-mit-tiefgarage-wieder-zum-ausstellungsort-fuer-junge-kunst\/#breadcrumb"},"inLanguage":"en-US","potentialAction":[{"@type":"ReadAction","target":["https:\/\/althallercommunication.de\/schwabinger-tor-wird-mit-tiefgarage-wieder-zum-ausstellungsort-fuer-junge-kunst\/"]}]},{"@type":"BreadcrumbList","@id":"https:\/\/althallercommunication.de\/schwabinger-tor-wird-mit-tiefgarage-wieder-zum-ausstellungsort-fuer-junge-kunst\/#breadcrumb","itemListElement":[{"@type":"ListItem","position":1,"name":"Startseite","item":"https:\/\/althallercommunication.de\/en\/"},{"@type":"ListItem","position":2,"name":"Lange Nacht der M\u00fcnchner Museen am 14.10.2017:"}]},{"@type":"WebSite","@id":"https:\/\/althallercommunication.de\/#website","url":"https:\/\/althallercommunication.de\/","name":"althaller communication","description":"Martkommunikation B2B","publisher":{"@id":"https:\/\/althallercommunication.de\/#organization"},"potentialAction":[{"@type":"SearchAction","target":{"@type":"EntryPoint","urlTemplate":"https:\/\/althallercommunication.de\/?s={search_term_string}"},"query-input":{"@type":"PropertyValueSpecification","valueRequired":true,"valueName":"search_term_string"}}],"inLanguage":"en-US"},{"@type":"Organization","@id":"https:\/\/althallercommunication.de\/#organization","name":"ALTHALLER communication","url":"https:\/\/althallercommunication.de\/","logo":{"@type":"ImageObject","inLanguage":"en-US","@id":"https:\/\/althallercommunication.de\/#\/schema\/logo\/image\/","url":"https:\/\/althallercommunication.de\/wp-content\/uploads\/2023\/12\/althaller_comm_b.png","contentUrl":"https:\/\/althallercommunication.de\/wp-content\/uploads\/2023\/12\/althaller_comm_b.png","width":464,"height":110,"caption":"ALTHALLER communication"},"image":{"@id":"https:\/\/althallercommunication.de\/#\/schema\/logo\/image\/"},"sameAs":["https:\/\/www.facebook.com\/althallercommunication","https:\/\/x.com\/ALTHALLERcom","https:\/\/www.linkedin.com\/company\/3332596?trk=tyah&amp;amp;amp;trkInfo=tas:COMMUNICATION Presse und PR,idx:1-1-1"]},{"@type":"Person","@id":"https:\/\/althallercommunication.de\/#\/schema\/person\/4ca72b5e8d0bebc1f9b3061e463e32ee","name":"Jacqueline Althaller","image":{"@type":"ImageObject","inLanguage":"en-US","@id":"https:\/\/secure.gravatar.com\/avatar\/2e8cdf7784b763130efe210406ba46634d04913cf12c46cf98b2799d6da47211?s=96&d=mm&r=g","url":"https:\/\/secure.gravatar.com\/avatar\/2e8cdf7784b763130efe210406ba46634d04913cf12c46cf98b2799d6da47211?s=96&d=mm&r=g","contentUrl":"https:\/\/secure.gravatar.com\/avatar\/2e8cdf7784b763130efe210406ba46634d04913cf12c46cf98b2799d6da47211?s=96&d=mm&r=g","caption":"Jacqueline Althaller"},"description":"$$$2021hmb8hzb4MD","url":"https:\/\/althallercommunication.de\/en\/author\/jacqueline-althaller\/"}]}},"_links":{"self":[{"href":"https:\/\/althallercommunication.de\/en\/wp-json\/wp\/v2\/posts\/11087","targetHints":{"allow":["GET"]}}],"collection":[{"href":"https:\/\/althallercommunication.de\/en\/wp-json\/wp\/v2\/posts"}],"about":[{"href":"https:\/\/althallercommunication.de\/en\/wp-json\/wp\/v2\/types\/post"}],"author":[{"embeddable":true,"href":"https:\/\/althallercommunication.de\/en\/wp-json\/wp\/v2\/users\/6"}],"replies":[{"embeddable":true,"href":"https:\/\/althallercommunication.de\/en\/wp-json\/wp\/v2\/comments?post=11087"}],"version-history":[{"count":5,"href":"https:\/\/althallercommunication.de\/en\/wp-json\/wp\/v2\/posts\/11087\/revisions"}],"predecessor-version":[{"id":29213,"href":"https:\/\/althallercommunication.de\/en\/wp-json\/wp\/v2\/posts\/11087\/revisions\/29213"}],"wp:attachment":[{"href":"https:\/\/althallercommunication.de\/en\/wp-json\/wp\/v2\/media?parent=11087"}],"wp:term":[{"taxonomy":"category","embeddable":true,"href":"https:\/\/althallercommunication.de\/en\/wp-json\/wp\/v2\/categories?post=11087"},{"taxonomy":"post_tag","embeddable":true,"href":"https:\/\/althallercommunication.de\/en\/wp-json\/wp\/v2\/tags?post=11087"}],"curies":[{"name":"wp","href":"https:\/\/api.w.org\/{rel}","templated":true}]}}