{"id":11448,"date":"2017-11-09T14:00:42","date_gmt":"2017-11-09T13:00:42","guid":{"rendered":"http:\/\/www.althallercommunication.de\/copy-of-b2b-unternehmen-social-media-braucht-mehr-ressourcen-und-relevanten-content\/"},"modified":"2024-03-02T10:46:05","modified_gmt":"2024-03-02T09:46:05","slug":"instagram-fuer-unternehmen-ein-neuer-stern-am-social-media-himmel","status":"publish","type":"post","link":"https:\/\/althallercommunication.de\/en\/instagram-fuer-unternehmen-ein-neuer-stern-am-social-media-himmel\/","title":{"rendered":"Instagram \u2013 f\u00fcr Unternehmen ein neuer Stern am Social Media Himmel?"},"content":{"rendered":"<p>Die aktuelle <a href=\"http:\/\/www.ak-socialmedia-b2b.de\/studie-2017\/\">7. Social Media-Studie<\/a> des \u201e<a href=\"http:\/\/www.ak-socialmedia-b2b.de\/\">Erster Arbeitskreis Social Media in der B2B-Kommunikation<\/a>\u201c zeigt, dass Instagram f\u00fcr viele B2B-Unternehmen immer relevanter wird. 2016 gaben 8 Prozent der befragten Unternehmen an, Instagram zu nutzen \u2013 2017 waren es bereits 26 Prozent! Auch die Anzahl der Unternehmen, die plant, die Fotoplattform in den n\u00e4chsten zwei Jahren neu einzuf\u00fchren, stieg um fast zwei (!) Indexpunkte.<\/p>\n<p>Welche Bedeutung hat die Plattform f\u00fcr B2B-Unternehmen? Wo ergeben sich Vorteile oder H\u00fcrden f\u00fcr die Unternehmen? Was verbirgt sich hinter dem Ph\u00e4nomen Instagram?<\/p>\n<p><strong>Instagram \u2013 Nur gr\u00fcne Smoothies und Welpenfotos?<\/strong><\/p>\n<p>Auf Instagram teilen, liken und kommentieren mittlerweile 700 Millionen User rund um den Globus ihre Fotos und Videos. 15 Millionen Nutzer verzeichnet Instagram alleine in Deutschland\u00a0.<\/p>\n<p>Der Dreiklang aus kreativen Nutzungsm\u00f6glichkeiten, besonderer \u00dcbersichtlichkeit und hoher Reichweite macht die Plattform so attraktiv. Instagram gibt privaten Nutzern die M\u00f6glichkeit, sich selbst neu zu erfinden und im sozialen Netz individuell zu pr\u00e4sentieren. Davon lassen sich andere Nutzer inspirieren.<\/p>\n<p>Dabei posten die User weitaus mehr als den obligatorischen Smoothie: so finden sich beispielsweise Themen aus Kunst, Kultur und Gesellschaft auf Instagram wieder. Warum also sollten Unternehmen nicht ihren Teil dazu beitragen, um andere User zu erreichen?<\/p>\n<p><strong>Was bringt ein Instagram-Account B2B-Unternehmen?<\/strong><\/p>\n<p>Unternehmen, und das gilt f\u00fcr den B2B-Bereich ebenso wie f\u00fcr den B2C-Bereich, bringen auf der Plattform ihre eigene Handschrift zum Ausdruck und bauen ihr Image aus. <a href=\"https:\/\/www.instagram.com\/thyssenkrupp\/?hl=de\">@ThyssenKrupp<\/a> zeigt als Paradebeispiel, wie ein abstraktes Thema \u2013 hier die Stahl-Verarbeitung \u2013 \u00e4sthetisch aufbereitet werden kann. Knapp 9.000 Follower sind das Ergebnis.<\/p>\n<p>B2B-Unternehmen k\u00f6nnen und wollen auf Instagram nicht zwingend f\u00fcr ihre Produkte\/Leistung werben \u2013 sie wollen ein Markenbild schaffen und ihr Image zur eindeutigen Positionierung gegen\u00fcber dem Wettbewerb st\u00e4rken.<\/p>\n<p><strong>Was f\u00fcr Vorteile ergeben sich f\u00fcr Unternehmen? Wo liegen H\u00fcrden?<\/strong><\/p>\n<p>Um Follower zu erreichen, sollten Unternehmen das Instagram-Profil regelm\u00e4\u00dfig mit relevantem Content bef\u00fcllen \u2013 also mit Bild- oder Videomaterial. Um beispielsweise Veranstaltungen oder Produkteinf\u00fchrungen zu begleiten, k\u00f6nnen auch \u00a0Live-Stories erstellt werden. Mit dem Anlegen von Hashtags k\u00f6nnen Unternehmen direkt in den Feed potentieller Follower gelangen.<\/p>\n<p>Wie auf anderen Plattformen auch, kann auf Instagram Paid Content integriert werden, <a href=\"https:\/\/www.adzine.de\/2017\/10\/auf-instagram-findet-werbung-den-groessten-zuspruch\/\">zumal Werbeanzeigen auf Instagram guten Zuspruch finden<\/a>. Doch ein gro\u00dfes Manko gibt es bei der Nutzung von Instagram f\u00fcr Unternehmen: Verlinkungen k\u00f6nnen nur in der Biographie und in Live-Stories eingef\u00fcgt werden, nicht aber unter Fotos oder Videos.<\/p>\n<p><strong>Influencer-Marketing \u00fcber Instagram<\/strong><\/p>\n<p>Instagram eignet sich sehr gut zur Unterst\u00fctzung des Influencer-Marketings. Das liegt zum einen daran, dass innerhalb k\u00fcrzester Zeit gro\u00dfe Nutzerzahlen erreicht werden k\u00f6nnen, zum anderen daran, dass es viele M\u00f6glichkeiten f\u00fcr Influencer gibt, sich als Marke zu positionieren. Influencer haben einen guten Draht zu ihren Followern \u2013 Werbung wirkt weniger plakativ.<\/p>\n<p>Nutzen Sie Instagram? Wo sehen Sie die St\u00e4rken und Schw\u00e4chen der Plattform? Gab es schon ein Projekt oder eine spannende Kampagne, die Sie auf Instagram gef\u00fchrt haben?<\/p>\n<p>&nbsp;<\/p>\n<p>Jacqueline Althaller<\/p>\n","protected":false},"excerpt":{"rendered":"<p>Die aktuelle 7. Social Media-Studie des \u201eErster Arbeitskreis Social Media in der B2B-Kommunikation\u201c zeigt, dass Instagram f\u00fcr viele B2B-Unternehmen immer relevanter wird. 2016 gaben 8 Prozent der befragten Unternehmen an, Instagram zu nutzen \u2013 2017 waren es bereits 26 Prozent!<\/p>\n","protected":false},"author":6,"featured_media":11461,"comment_status":"closed","ping_status":"open","sticky":false,"template":"","format":"standard","meta":{"_et_pb_use_builder":"","_et_pb_old_content":"","_et_gb_content_width":"","inline_featured_image":false,"footnotes":""},"categories":[2827],"tags":[62,65,1009,997,97,998,68,136,1000,974,71,1008,902,1010,999,964],"class_list":["post-11448","post","type-post","status-publish","format-standard","has-post-thumbnail","hentry","category-cultundcomm","tag-b2b","tag-blog","tag-erster-arbeitskreis-social-media-in-der-b2b-kommunikation","tag-forschung","tag-instagram","tag-it","tag-kommunikation","tag-marketing","tag-optimierung","tag-orientierung","tag-social-media","tag-social-media-studie","tag-social-web","tag-studie-2017","tag-technik","tag-wandel"],"yoast_head":"<!-- This site is optimized with the Yoast SEO Premium plugin v25.3 (Yoast SEO v27.4) - https:\/\/yoast.com\/product\/yoast-seo-premium-wordpress\/ -->\n<title>Instagram \u2013 f\u00fcr Unternehmen ein neuer Stern am Social Media Himmel? | althaller communication<\/title>\n<meta name=\"description\" content=\"Die aktuelle 7. Social Media-Studie des \u201eErster Arbeitskreis Social Media in der B2B-Kommunikation\u201c zeigt, dass Instagram \u00fcr viele B2B-Unternehmen...\" \/>\n<meta name=\"robots\" content=\"index, follow, max-snippet:-1, max-image-preview:large, max-video-preview:-1\" \/>\n<link rel=\"canonical\" href=\"https:\/\/althallercommunication.de\/instagram-fuer-unternehmen-ein-neuer-stern-am-social-media-himmel\/\" \/>\n<meta property=\"og:locale\" content=\"en_US\" \/>\n<meta property=\"og:type\" content=\"article\" \/>\n<meta property=\"og:title\" content=\"Instagram \u2013 f\u00fcr Unternehmen ein neuer Stern am Social Media Himmel?\" \/>\n<meta property=\"og:description\" content=\"Die aktuelle 7. Social Media-Studie des \u201eErster Arbeitskreis Social Media in der B2B-Kommunikation\u201c zeigt, dass Instagram \u00fcr viele B2B-Unternehmen...\" \/>\n<meta property=\"og:url\" content=\"https:\/\/althallercommunication.de\/instagram-fuer-unternehmen-ein-neuer-stern-am-social-media-himmel\/\" \/>\n<meta property=\"og:site_name\" content=\"althaller communication\" \/>\n<meta property=\"article:publisher\" content=\"https:\/\/www.facebook.com\/althallercommunication\" \/>\n<meta property=\"article:published_time\" content=\"2017-11-09T13:00:42+00:00\" \/>\n<meta property=\"article:modified_time\" content=\"2024-03-02T09:46:05+00:00\" \/>\n<meta property=\"og:image\" content=\"https:\/\/althallercommunication.de\/wp-content\/uploads\/2017\/10\/Smartphone_.jpeg\" \/>\n\t<meta property=\"og:image:width\" content=\"1920\" \/>\n\t<meta property=\"og:image:height\" content=\"1280\" \/>\n\t<meta property=\"og:image:type\" content=\"image\/jpeg\" \/>\n<meta name=\"author\" content=\"Jacqueline Althaller\" \/>\n<meta name=\"twitter:card\" content=\"summary_large_image\" \/>\n<meta name=\"twitter:creator\" content=\"@ALTHALLERcom\" \/>\n<meta name=\"twitter:site\" content=\"@ALTHALLERcom\" \/>\n<meta name=\"twitter:label1\" content=\"Written by\" \/>\n\t<meta name=\"twitter:data1\" content=\"Jacqueline Althaller\" \/>\n\t<meta name=\"twitter:label2\" content=\"Est. reading time\" \/>\n\t<meta name=\"twitter:data2\" content=\"2 minutes\" \/>\n<script type=\"application\/ld+json\" class=\"yoast-schema-graph\">{\"@context\":\"https:\\\/\\\/schema.org\",\"@graph\":[{\"@type\":\"Article\",\"@id\":\"https:\\\/\\\/althallercommunication.de\\\/instagram-fuer-unternehmen-ein-neuer-stern-am-social-media-himmel\\\/#article\",\"isPartOf\":{\"@id\":\"https:\\\/\\\/althallercommunication.de\\\/instagram-fuer-unternehmen-ein-neuer-stern-am-social-media-himmel\\\/\"},\"author\":{\"name\":\"Jacqueline Althaller\",\"@id\":\"https:\\\/\\\/althallercommunication.de\\\/#\\\/schema\\\/person\\\/4ca72b5e8d0bebc1f9b3061e463e32ee\"},\"headline\":\"Instagram \u2013 f\u00fcr Unternehmen ein neuer Stern am Social Media Himmel?\",\"datePublished\":\"2017-11-09T13:00:42+00:00\",\"dateModified\":\"2024-03-02T09:46:05+00:00\",\"mainEntityOfPage\":{\"@id\":\"https:\\\/\\\/althallercommunication.de\\\/instagram-fuer-unternehmen-ein-neuer-stern-am-social-media-himmel\\\/\"},\"wordCount\":505,\"publisher\":{\"@id\":\"https:\\\/\\\/althallercommunication.de\\\/#organization\"},\"image\":{\"@id\":\"https:\\\/\\\/althallercommunication.de\\\/instagram-fuer-unternehmen-ein-neuer-stern-am-social-media-himmel\\\/#primaryimage\"},\"thumbnailUrl\":\"https:\\\/\\\/althallercommunication.de\\\/wp-content\\\/uploads\\\/2017\\\/10\\\/Smartphone_.jpeg\",\"keywords\":[\"B2B\",\"Blog\",\"erster arbeitskreis social media in der b2b-kommunikation\",\"Forschung\",\"instagram\",\"IT\",\"Kommunikation\",\"Marketing\",\"Optimierung\",\"Orientierung\",\"Social Media\",\"social media studie\",\"Social Web\",\"studie 2017\",\"Technik\",\"Wandel\"],\"articleSection\":[\"cultundcomm\"],\"inLanguage\":\"en-US\"},{\"@type\":\"WebPage\",\"@id\":\"https:\\\/\\\/althallercommunication.de\\\/instagram-fuer-unternehmen-ein-neuer-stern-am-social-media-himmel\\\/\",\"url\":\"https:\\\/\\\/althallercommunication.de\\\/instagram-fuer-unternehmen-ein-neuer-stern-am-social-media-himmel\\\/\",\"name\":\"Instagram \u2013 f\u00fcr Unternehmen ein neuer Stern am Social Media Himmel? | althaller communication\",\"isPartOf\":{\"@id\":\"https:\\\/\\\/althallercommunication.de\\\/#website\"},\"primaryImageOfPage\":{\"@id\":\"https:\\\/\\\/althallercommunication.de\\\/instagram-fuer-unternehmen-ein-neuer-stern-am-social-media-himmel\\\/#primaryimage\"},\"image\":{\"@id\":\"https:\\\/\\\/althallercommunication.de\\\/instagram-fuer-unternehmen-ein-neuer-stern-am-social-media-himmel\\\/#primaryimage\"},\"thumbnailUrl\":\"https:\\\/\\\/althallercommunication.de\\\/wp-content\\\/uploads\\\/2017\\\/10\\\/Smartphone_.jpeg\",\"datePublished\":\"2017-11-09T13:00:42+00:00\",\"dateModified\":\"2024-03-02T09:46:05+00:00\",\"description\":\"Die aktuelle 7. Social Media-Studie des \u201eErster Arbeitskreis Social Media in der B2B-Kommunikation\u201c zeigt, dass Instagram \u00fcr viele B2B-Unternehmen...\",\"breadcrumb\":{\"@id\":\"https:\\\/\\\/althallercommunication.de\\\/instagram-fuer-unternehmen-ein-neuer-stern-am-social-media-himmel\\\/#breadcrumb\"},\"inLanguage\":\"en-US\",\"potentialAction\":[{\"@type\":\"ReadAction\",\"target\":[\"https:\\\/\\\/althallercommunication.de\\\/instagram-fuer-unternehmen-ein-neuer-stern-am-social-media-himmel\\\/\"]}]},{\"@type\":\"ImageObject\",\"inLanguage\":\"en-US\",\"@id\":\"https:\\\/\\\/althallercommunication.de\\\/instagram-fuer-unternehmen-ein-neuer-stern-am-social-media-himmel\\\/#primaryimage\",\"url\":\"https:\\\/\\\/althallercommunication.de\\\/wp-content\\\/uploads\\\/2017\\\/10\\\/Smartphone_.jpeg\",\"contentUrl\":\"https:\\\/\\\/althallercommunication.de\\\/wp-content\\\/uploads\\\/2017\\\/10\\\/Smartphone_.jpeg\",\"width\":1920,\"height\":1280},{\"@type\":\"BreadcrumbList\",\"@id\":\"https:\\\/\\\/althallercommunication.de\\\/instagram-fuer-unternehmen-ein-neuer-stern-am-social-media-himmel\\\/#breadcrumb\",\"itemListElement\":[{\"@type\":\"ListItem\",\"position\":1,\"name\":\"Startseite\",\"item\":\"https:\\\/\\\/althallercommunication.de\\\/en\\\/\"},{\"@type\":\"ListItem\",\"position\":2,\"name\":\"Instagram \u2013 f\u00fcr Unternehmen ein neuer Stern am Social Media Himmel?\"}]},{\"@type\":\"WebSite\",\"@id\":\"https:\\\/\\\/althallercommunication.de\\\/#website\",\"url\":\"https:\\\/\\\/althallercommunication.de\\\/\",\"name\":\"althaller communication\",\"description\":\"Martkommunikation B2B\",\"publisher\":{\"@id\":\"https:\\\/\\\/althallercommunication.de\\\/#organization\"},\"potentialAction\":[{\"@type\":\"SearchAction\",\"target\":{\"@type\":\"EntryPoint\",\"urlTemplate\":\"https:\\\/\\\/althallercommunication.de\\\/?s={search_term_string}\"},\"query-input\":{\"@type\":\"PropertyValueSpecification\",\"valueRequired\":true,\"valueName\":\"search_term_string\"}}],\"inLanguage\":\"en-US\"},{\"@type\":\"Organization\",\"@id\":\"https:\\\/\\\/althallercommunication.de\\\/#organization\",\"name\":\"ALTHALLER communication\",\"url\":\"https:\\\/\\\/althallercommunication.de\\\/\",\"logo\":{\"@type\":\"ImageObject\",\"inLanguage\":\"en-US\",\"@id\":\"https:\\\/\\\/althallercommunication.de\\\/#\\\/schema\\\/logo\\\/image\\\/\",\"url\":\"https:\\\/\\\/althallercommunication.de\\\/wp-content\\\/uploads\\\/2023\\\/12\\\/althaller_comm_b.png\",\"contentUrl\":\"https:\\\/\\\/althallercommunication.de\\\/wp-content\\\/uploads\\\/2023\\\/12\\\/althaller_comm_b.png\",\"width\":464,\"height\":110,\"caption\":\"ALTHALLER communication\"},\"image\":{\"@id\":\"https:\\\/\\\/althallercommunication.de\\\/#\\\/schema\\\/logo\\\/image\\\/\"},\"sameAs\":[\"https:\\\/\\\/www.facebook.com\\\/althallercommunication\",\"https:\\\/\\\/x.com\\\/ALTHALLERcom\",\"https:\\\/\\\/www.linkedin.com\\\/company\\\/3332596?trk=tyah&amp;amp;amp;trkInfo=tas:COMMUNICATION Presse und PR,idx:1-1-1\"]},{\"@type\":\"Person\",\"@id\":\"https:\\\/\\\/althallercommunication.de\\\/#\\\/schema\\\/person\\\/4ca72b5e8d0bebc1f9b3061e463e32ee\",\"name\":\"Jacqueline Althaller\",\"image\":{\"@type\":\"ImageObject\",\"inLanguage\":\"en-US\",\"@id\":\"https:\\\/\\\/secure.gravatar.com\\\/avatar\\\/2e8cdf7784b763130efe210406ba46634d04913cf12c46cf98b2799d6da47211?s=96&d=mm&r=g\",\"url\":\"https:\\\/\\\/secure.gravatar.com\\\/avatar\\\/2e8cdf7784b763130efe210406ba46634d04913cf12c46cf98b2799d6da47211?s=96&d=mm&r=g\",\"contentUrl\":\"https:\\\/\\\/secure.gravatar.com\\\/avatar\\\/2e8cdf7784b763130efe210406ba46634d04913cf12c46cf98b2799d6da47211?s=96&d=mm&r=g\",\"caption\":\"Jacqueline Althaller\"},\"description\":\"$$$2021hmb8hzb4MD\",\"url\":\"https:\\\/\\\/althallercommunication.de\\\/en\\\/author\\\/jacqueline-althaller\\\/\"}]}<\/script>\n<!-- \/ Yoast SEO Premium plugin. -->","yoast_head_json":{"title":"Instagram \u2013 f\u00fcr Unternehmen ein neuer Stern am Social Media Himmel? | althaller communication","description":"Die aktuelle 7. Social Media-Studie des \u201eErster Arbeitskreis Social Media in der B2B-Kommunikation\u201c zeigt, dass Instagram \u00fcr viele B2B-Unternehmen...","robots":{"index":"index","follow":"follow","max-snippet":"max-snippet:-1","max-image-preview":"max-image-preview:large","max-video-preview":"max-video-preview:-1"},"canonical":"https:\/\/althallercommunication.de\/instagram-fuer-unternehmen-ein-neuer-stern-am-social-media-himmel\/","og_locale":"en_US","og_type":"article","og_title":"Instagram \u2013 f\u00fcr Unternehmen ein neuer Stern am Social Media Himmel?","og_description":"Die aktuelle 7. Social Media-Studie des \u201eErster Arbeitskreis Social Media in der B2B-Kommunikation\u201c zeigt, dass Instagram \u00fcr viele B2B-Unternehmen...","og_url":"https:\/\/althallercommunication.de\/instagram-fuer-unternehmen-ein-neuer-stern-am-social-media-himmel\/","og_site_name":"althaller communication","article_publisher":"https:\/\/www.facebook.com\/althallercommunication","article_published_time":"2017-11-09T13:00:42+00:00","article_modified_time":"2024-03-02T09:46:05+00:00","og_image":[{"width":1920,"height":1280,"url":"https:\/\/althallercommunication.de\/wp-content\/uploads\/2017\/10\/Smartphone_.jpeg","type":"image\/jpeg"}],"author":"Jacqueline Althaller","twitter_card":"summary_large_image","twitter_creator":"@ALTHALLERcom","twitter_site":"@ALTHALLERcom","twitter_misc":{"Written by":"Jacqueline Althaller","Est. reading time":"2 minutes"},"schema":{"@context":"https:\/\/schema.org","@graph":[{"@type":"Article","@id":"https:\/\/althallercommunication.de\/instagram-fuer-unternehmen-ein-neuer-stern-am-social-media-himmel\/#article","isPartOf":{"@id":"https:\/\/althallercommunication.de\/instagram-fuer-unternehmen-ein-neuer-stern-am-social-media-himmel\/"},"author":{"name":"Jacqueline Althaller","@id":"https:\/\/althallercommunication.de\/#\/schema\/person\/4ca72b5e8d0bebc1f9b3061e463e32ee"},"headline":"Instagram \u2013 f\u00fcr Unternehmen ein neuer Stern am Social Media Himmel?","datePublished":"2017-11-09T13:00:42+00:00","dateModified":"2024-03-02T09:46:05+00:00","mainEntityOfPage":{"@id":"https:\/\/althallercommunication.de\/instagram-fuer-unternehmen-ein-neuer-stern-am-social-media-himmel\/"},"wordCount":505,"publisher":{"@id":"https:\/\/althallercommunication.de\/#organization"},"image":{"@id":"https:\/\/althallercommunication.de\/instagram-fuer-unternehmen-ein-neuer-stern-am-social-media-himmel\/#primaryimage"},"thumbnailUrl":"https:\/\/althallercommunication.de\/wp-content\/uploads\/2017\/10\/Smartphone_.jpeg","keywords":["B2B","Blog","erster arbeitskreis social media in der b2b-kommunikation","Forschung","instagram","IT","Kommunikation","Marketing","Optimierung","Orientierung","Social Media","social media studie","Social Web","studie 2017","Technik","Wandel"],"articleSection":["cultundcomm"],"inLanguage":"en-US"},{"@type":"WebPage","@id":"https:\/\/althallercommunication.de\/instagram-fuer-unternehmen-ein-neuer-stern-am-social-media-himmel\/","url":"https:\/\/althallercommunication.de\/instagram-fuer-unternehmen-ein-neuer-stern-am-social-media-himmel\/","name":"Instagram \u2013 f\u00fcr Unternehmen ein neuer Stern am Social Media Himmel? | althaller communication","isPartOf":{"@id":"https:\/\/althallercommunication.de\/#website"},"primaryImageOfPage":{"@id":"https:\/\/althallercommunication.de\/instagram-fuer-unternehmen-ein-neuer-stern-am-social-media-himmel\/#primaryimage"},"image":{"@id":"https:\/\/althallercommunication.de\/instagram-fuer-unternehmen-ein-neuer-stern-am-social-media-himmel\/#primaryimage"},"thumbnailUrl":"https:\/\/althallercommunication.de\/wp-content\/uploads\/2017\/10\/Smartphone_.jpeg","datePublished":"2017-11-09T13:00:42+00:00","dateModified":"2024-03-02T09:46:05+00:00","description":"Die aktuelle 7. Social Media-Studie des \u201eErster Arbeitskreis Social Media in der B2B-Kommunikation\u201c zeigt, dass Instagram \u00fcr viele B2B-Unternehmen...","breadcrumb":{"@id":"https:\/\/althallercommunication.de\/instagram-fuer-unternehmen-ein-neuer-stern-am-social-media-himmel\/#breadcrumb"},"inLanguage":"en-US","potentialAction":[{"@type":"ReadAction","target":["https:\/\/althallercommunication.de\/instagram-fuer-unternehmen-ein-neuer-stern-am-social-media-himmel\/"]}]},{"@type":"ImageObject","inLanguage":"en-US","@id":"https:\/\/althallercommunication.de\/instagram-fuer-unternehmen-ein-neuer-stern-am-social-media-himmel\/#primaryimage","url":"https:\/\/althallercommunication.de\/wp-content\/uploads\/2017\/10\/Smartphone_.jpeg","contentUrl":"https:\/\/althallercommunication.de\/wp-content\/uploads\/2017\/10\/Smartphone_.jpeg","width":1920,"height":1280},{"@type":"BreadcrumbList","@id":"https:\/\/althallercommunication.de\/instagram-fuer-unternehmen-ein-neuer-stern-am-social-media-himmel\/#breadcrumb","itemListElement":[{"@type":"ListItem","position":1,"name":"Startseite","item":"https:\/\/althallercommunication.de\/en\/"},{"@type":"ListItem","position":2,"name":"Instagram \u2013 f\u00fcr Unternehmen ein neuer Stern am Social Media Himmel?"}]},{"@type":"WebSite","@id":"https:\/\/althallercommunication.de\/#website","url":"https:\/\/althallercommunication.de\/","name":"althaller communication","description":"Martkommunikation B2B","publisher":{"@id":"https:\/\/althallercommunication.de\/#organization"},"potentialAction":[{"@type":"SearchAction","target":{"@type":"EntryPoint","urlTemplate":"https:\/\/althallercommunication.de\/?s={search_term_string}"},"query-input":{"@type":"PropertyValueSpecification","valueRequired":true,"valueName":"search_term_string"}}],"inLanguage":"en-US"},{"@type":"Organization","@id":"https:\/\/althallercommunication.de\/#organization","name":"ALTHALLER communication","url":"https:\/\/althallercommunication.de\/","logo":{"@type":"ImageObject","inLanguage":"en-US","@id":"https:\/\/althallercommunication.de\/#\/schema\/logo\/image\/","url":"https:\/\/althallercommunication.de\/wp-content\/uploads\/2023\/12\/althaller_comm_b.png","contentUrl":"https:\/\/althallercommunication.de\/wp-content\/uploads\/2023\/12\/althaller_comm_b.png","width":464,"height":110,"caption":"ALTHALLER communication"},"image":{"@id":"https:\/\/althallercommunication.de\/#\/schema\/logo\/image\/"},"sameAs":["https:\/\/www.facebook.com\/althallercommunication","https:\/\/x.com\/ALTHALLERcom","https:\/\/www.linkedin.com\/company\/3332596?trk=tyah&amp;amp;amp;trkInfo=tas:COMMUNICATION Presse und PR,idx:1-1-1"]},{"@type":"Person","@id":"https:\/\/althallercommunication.de\/#\/schema\/person\/4ca72b5e8d0bebc1f9b3061e463e32ee","name":"Jacqueline Althaller","image":{"@type":"ImageObject","inLanguage":"en-US","@id":"https:\/\/secure.gravatar.com\/avatar\/2e8cdf7784b763130efe210406ba46634d04913cf12c46cf98b2799d6da47211?s=96&d=mm&r=g","url":"https:\/\/secure.gravatar.com\/avatar\/2e8cdf7784b763130efe210406ba46634d04913cf12c46cf98b2799d6da47211?s=96&d=mm&r=g","contentUrl":"https:\/\/secure.gravatar.com\/avatar\/2e8cdf7784b763130efe210406ba46634d04913cf12c46cf98b2799d6da47211?s=96&d=mm&r=g","caption":"Jacqueline Althaller"},"description":"$$$2021hmb8hzb4MD","url":"https:\/\/althallercommunication.de\/en\/author\/jacqueline-althaller\/"}]}},"_links":{"self":[{"href":"https:\/\/althallercommunication.de\/en\/wp-json\/wp\/v2\/posts\/11448","targetHints":{"allow":["GET"]}}],"collection":[{"href":"https:\/\/althallercommunication.de\/en\/wp-json\/wp\/v2\/posts"}],"about":[{"href":"https:\/\/althallercommunication.de\/en\/wp-json\/wp\/v2\/types\/post"}],"author":[{"embeddable":true,"href":"https:\/\/althallercommunication.de\/en\/wp-json\/wp\/v2\/users\/6"}],"replies":[{"embeddable":true,"href":"https:\/\/althallercommunication.de\/en\/wp-json\/wp\/v2\/comments?post=11448"}],"version-history":[{"count":5,"href":"https:\/\/althallercommunication.de\/en\/wp-json\/wp\/v2\/posts\/11448\/revisions"}],"predecessor-version":[{"id":29197,"href":"https:\/\/althallercommunication.de\/en\/wp-json\/wp\/v2\/posts\/11448\/revisions\/29197"}],"wp:featuredmedia":[{"embeddable":true,"href":"https:\/\/althallercommunication.de\/en\/wp-json\/wp\/v2\/media\/11461"}],"wp:attachment":[{"href":"https:\/\/althallercommunication.de\/en\/wp-json\/wp\/v2\/media?parent=11448"}],"wp:term":[{"taxonomy":"category","embeddable":true,"href":"https:\/\/althallercommunication.de\/en\/wp-json\/wp\/v2\/categories?post=11448"},{"taxonomy":"post_tag","embeddable":true,"href":"https:\/\/althallercommunication.de\/en\/wp-json\/wp\/v2\/tags?post=11448"}],"curies":[{"name":"wp","href":"https:\/\/api.w.org\/{rel}","templated":true}]}}