{"id":11670,"date":"2017-02-08T10:00:22","date_gmt":"2017-02-08T09:00:22","guid":{"rendered":"http:\/\/www.althallercommunication.de\/copy-of-munich-cowboys-und-zeit-des-lachens-e-v-eine-starke-kooperation-fuer-kinderpatienten\/"},"modified":"2024-05-14T18:08:45","modified_gmt":"2024-05-14T16:08:45","slug":"zeit-des-lachens-schenkt-dem-klinikum-schwabing-einen-tag-des-lachens","status":"publish","type":"post","link":"https:\/\/althallercommunication.de\/en\/zeit-des-lachens-schenkt-dem-klinikum-schwabing-einen-tag-des-lachens\/","title":{"rendered":"\u201eZeit des Lachens e.V.\u201c schenkt dem Klinikum Schwabing einen \u201eTag des Lachens\u201c"},"content":{"rendered":"<p><\/p>\n<p><strong>Februar 2017<\/strong><\/p>\n<h2>\u201eZeit des Lachens e.V.\u201c schenkt dem Klinikum Schwabing einen \u201eTag des Lachens\u201c<\/h2>\n<ul>\n<li>\n<div><strong>Mit dabei: Zehn American Football-Spieler der Munich Cowboys, Berni das Maskottchen des FC Bayern Basketball, Mike Kraus und Kiddy, die\u00a0 musikalischste Schildkr\u00f6te der Welt.<\/strong><\/div>\n<\/li>\n<\/ul>\n<p><strong>M\u00fcnchen, 8. Februar 2017. Heute besucht der gemeinn\u00fctzige Verein \u201eZeit des Lachens e.V.\u201c die Kinderstationen im Klinikum Schwabing. Die Kinder und deren Angeh\u00f6rige d\u00fcrfen sich freuen auf einen ganzen \u201eTag des Lachens\u201c und auf den Besuch von Singer-Songwriter Mike Kraus, Sohn von Peter Kraus, Berni, das lebensgro\u00dfe Maskottchen des FC Bayern Basketball sowie ein Team von immerhin zehn Spielern aus der Mannschaft des American Football-Vereins der Munich Cowboys, einem der \u00e4ltesten Footballvereine Deutschlands.<\/strong><\/p>\n<p>Lachen ist eine ganz besondere und starke Medizin. Hier setzt \u201eZeit des Lachens e.V\u201c an und hilft kranken Kindern und Jugendlichen mit einem \u201eTag des Lachens\u201c, f\u00fcr einen Moment die gro\u00dfen k\u00f6rperlichen und seelischen Belastungen, denen sie ausgesetzt sind, zu vergessen und ihnen einen Impuls zur Genesung zu geben. G\u00fcnter Milla, Leiter des Klinikums Schwabing, betont die positiven Auswirkungen der Aktion auf die Kinder: \u201eLachen ist immer eine gute Medizin. Daher freuen wir uns \u00fcber das Engagement f\u00fcr unsere Patienten, Angeh\u00f6rigen und Mitarbeiter. Solche Angebote sind f\u00fcr die Genesung neben der medizinischen Versorgung enorm wichtig und tun gut.\u201c<\/p>\n<p>Die renommierte Schwabinger Kinderklinik \u2013 die Klinik und Poliklinik f\u00fcr Kinder- und Jugendmedizin \u2013 ist eine gemeinsame Einrichtung des Klinikums rechts der Isar der Technischen Universit\u00e4t M\u00fcnchen und des Klinikums Schwabing des St\u00e4dtischen Klinikums M\u00fcnchen. Gemeinsam wird Patientinnen und Patienten das komplette Spektrum der Kinder- und Jugendmedizin angeboten. In der Klinik werden Therapien angeboten, die nur wenige Zentren weltweit auf diesem Niveau leisten k\u00f6nnen. Mit jahrzehntelanger Erfahrung und konsequenter Forschung auf dem Gebiet der Kindermedizin wird Kindern und Jugendlichen aus M\u00fcnchen und aus aller Welt eine umfassende und individuell abgestimmte Behandlung erm\u00f6glicht. Auf den 10 Stationen und in der Kindernothilfe setzen sich insgesamt \u00fcber 150 fachlich hervorragend ausgebildete, erfahrene \u00c4rztinnen und \u00c4rzten und hochqualifizierte Krankenpflegerinnen und Krankenpfleger rund um die Uhr f\u00fcr die Gesundheit und das Wohlergehen ihrer kleinen Patienten ein. J\u00e4hrlich werden zus\u00e4tzlich zu den Notf\u00e4llen im Kinderbereich rund 7.000 Patienten station\u00e4r und teilstation\u00e4r versorgt.<\/p>\n<p>Die Belastungen, die Patienten, Angeh\u00f6rige und Personal erfahren, ein wenig abzumildern und das Klimafeld in Krankenh\u00e4usern zu verbessern , hat sich der 2009 gegr\u00fcndete Verein \u201eZeit des Lachens e.V.\u201c zum Ziel gesetzt. Dabei wird Zeit des Lachens von einem festen Kern an K\u00fcnstlern unterst\u00fctzt, die an jedem Tag des Lachens teilnehmen. So singt Kiddy, die musikalischste Schildkr\u00f6te der Welt, ihren \u201eTage des Lachens\u201c-Song und animiert die Kinder zum Mitsingen und Musizieren. Vereinsgr\u00fcnderin Jacqueline Althaller ist begeistert von dieser Entwicklung, dass der Kern der Unterst\u00fctzer w\u00e4chst: \u201eDank der Erfahrungen, welche die K\u00fcnstler und Entertainer an den Tagen des Lachens sammeln, k\u00f6nnen die K\u00fcnstler viel lockerer und sehr einf\u00fchlsam auf die Kinder eingehen. Dies f\u00fchrt zu einer entspannten Stimmung, die den Kindern und Eltern einfach gut tut und viel Raum l\u00e4sst, um auf individuelle Bed\u00fcrfnisse und Vorlieben einzugehen.\u201c<\/p>\n<p>Der Vormittag wird direkt mit einem Highlight beginnen. Zehn Spieler der Munich Cowboys haben zugesagt, in voller Montur auf die einzelnen Stationen zu\u00a0 gehen und den Kindern vor allem wieder Mut zu schenken. Vizepr\u00e4sident Marketing Sven Mielenz war sofort begeistert von der Initiative: \u201eDie Munich Cowboys betreiben eine Sportart, die durch actiongeladene Szenen auf dem Feld den Zuschauern viel Spa\u00df und Freude bereitet. Genau hier sind unsere Gemeinsamkeiten mit Zeit des Lachens e.V.. Sehr gerne helfen wir, wenn Zeit des Lachens e.V. die kleinen Patienten, ihre Angeh\u00f6rigen und das Klinikpersonal unterst\u00fctzt. Es ist Teil unserer sozialen Verantwortung, Menschen in schwierigen Lebenssituationen Mut zu machen.\u201c<\/p>\n<p>Neben den Kernentertainern, der Schildkr\u00f6te Kiddy, dem Clown Peppino und dem Zauberer Urs Jandl wird Multitalent Mike Kraus schon zum zweiten Mal am \u201eTag des Lachens\u201c teilnehmen und mit den Kindern gemeinsam auf den Stationen singen und fr\u00f6hlich sein.<\/p>\n<p>Des Weiteren wird auch Maskottchen Berni vom FC Bayern Basketball wieder dabei sein, der auch schon im Dr. von Haunerschen Kinderspital 2016 f\u00fcr viel Spa\u00df und Unterhaltung gesorgt hat.<\/p>\n<p>Das Engagement von \u201eZeit des Lachens\u201c richtet sich \u2013 im Gegensatz zu den meisten ehrenamtlichen Initiativen \u2013 nicht ausschlie\u00dflich an Kinder, sondern bindet gezielt auch Erwachsene in sein Konzept ein: Am 13. Februar 2017 schenkt der Verein den Eltern und vor allem auch dem Pflegepersonal und den \u00c4rzten ein Lachyoga-Seminar mit Lachyoga-Therapeutin Ute Liebhard. Erfahrungsgem\u00e4\u00df sind die Teilnehmer des Kurses auch noch lange nach dem Kurs in der Lage, sich durch bestimmte \u00dcbungen immer wieder in eine positive Grundstimmung zu versetzen \u2013 im oftmals anstrengenden Klinikalltag eine sehr wertvolle und anhaltend wirkende Gabe.<\/p>\n<p>\u201eZeit des Lachens e.V.\u201c bedankt sich bei allen aktiven Teilnehmern und namentlich bei seinen Unterst\u00fctzern DRUCK PUNKT, goetzpartners, Katerina Huber Photography, Langenscheidt, Milk &amp; Honey sowie M\u00fccke Sturm.<\/p>\n<p><strong>\u00dcber \u201eZeit des Lachens e.V.\u201c<\/strong><\/p>\n<p>Lachen, Freude, ganz viel Spa\u00df und vor allem Abwechslung: Das bringt der \u201eZeit des Lachens e.V.\u201c den kleinen Patienten, ihren Angeh\u00f6rigen und dem Personal in bundesdeutschen Kinderkliniken. Der Grundgedanke ist Nachhaltigkeit: Was w\u00e4hrend eines Besuches vermittelt wird, soll langfristig positiv in den Klinikalltag hineinwirken. Initiiert wurde die Aktion bereits in 2005, nach einem Konzept der M\u00fcnchner Agentur COMMUNICATION Presse und PR. Im Mai 2009 ist aus der Initiative der Verein \u201eZeit des Lachens e.V.\u201c mit Sitz in M\u00fcnchen hervorgegangen.<\/p>\n<p>Weitere Informationen unter: <a href=\"http:\/\/www.zeitdeslachens.de\">www.zeitdeslachens.de<\/a><\/p>\n<p>PI zum Download<\/p>\n<p><\/p>\n<p>Bildmaterial<\/p>\n<p>https:\/\/althallercommunication.de\/wp-content\/uploads\/2017\/10\/zeit-des-lachen-pressebild-03.jpg<\/p>\n<p>BU:\u00a0 Sven Mielenz, Vizepr\u00e4sident der Munich Cowboys (rechts im Bild mit Spielern der Munich Cowboys, Kiddy, Berni und den kleinen Patienten), war sofort begeistert von Zeit des Lachens e.V.: \u201eSehr gerne helfen wir, wenn Zeit des Lachens e.V. die kleinen Patienten, ihre Angeh\u00f6rigen und das Klinikpersonal unterst\u00fctzt. Es ist Teil unserer sozialen Verantwortung, Menschen in schwierigen Lebenssituationen Mut zu machen.\u201c<\/p>\n<div><\/div>\n<p>https:\/\/althallercommunication.de\/wp-content\/uploads\/2017\/03\/Jaqueline_Althaller-3.jpg<\/p>\n<p>BU: Jacqueline Althaller, Gr\u00fcnderin des \u201eZeit des Lachens e.V.\u201c, ist begeistert, dass der Kern der Unterst\u00fctzer w\u00e4chst: \u201eDie K\u00fcnstler und Entertainer sammeln Erfahrungen an jedem Tagen des Lachens und gehen so locker und sehr einf\u00fchlsam auf die Kinder ein.\u201c<\/p>\n<p>W2Z1c2lvbl9idXR0b24gbGluaz0mcXVvdDtqYXZhc2NyaXB0Omhpc3RvcnkuYmFjaygpJnF1b3Q7IHRpdGxlPSZxdW90OyZxdW90OyB0YXJnZXQ9JnF1b3Q7X3NlbGYmcXVvdDsgYWxpZ25tZW50PSZxdW90O2NlbnRlciZxdW90OyBtb2RhbD0mcXVvdDsmcXVvdDsgaGlkZV9vbl9tb2JpbGU9JnF1b3Q7c21hbGwtdmlzaWJpbGl0eSxtZWRpdW0tdmlzaWJpbGl0eSxsYXJnZS12aXNpYmlsaXR5JnF1b3Q7IGNsYXNzPSZxdW90OyZxdW90OyBpZD0mcXVvdDsmcXVvdDsgY29sb3I9JnF1b3Q7ZGVmYXVsdCZxdW90OyBidXR0b25fZ3JhZGllbnRfdG9wX2NvbG9yPSZxdW90OyZxdW90OyBidXR0b25fZ3JhZGllbnRfYm90dG9tX2NvbG9yPSZxdW90OyZxdW90OyBidXR0b25fZ3JhZGllbnRfdG9wX2NvbG9yX2hvdmVyPSZxdW90OyZxdW90OyBidXR0b25fZ3JhZGllbnRfYm90dG9tX2NvbG9yX2hvdmVyPSZxdW90OyZxdW90OyBhY2NlbnRfY29sb3I9JnF1b3Q7JnF1b3Q7IGFjY2VudF9ob3Zlcl9jb2xvcj0mcXVvdDsmcXVvdDsgdHlwZT0mcXVvdDsmcXVvdDsgYmV2ZWxfY29sb3I9JnF1b3Q7JnF1b3Q7IGJvcmRlcl93aWR0aD0mcXVvdDsmcXVvdDsgc2l6ZT0mcXVvdDttZWRpdW0mcXVvdDsgc3RyZXRjaD0mcXVvdDtkZWZhdWx0JnF1b3Q7IHNoYXBlPSZxdW90O3JvdW5kJnF1b3Q7IGljb249JnF1b3Q7ZmEtY2hldnJvbi1sZWZ0JnF1b3Q7IGljb25fcG9zaXRpb249JnF1b3Q7bGVmdCZxdW90OyBpY29uX2RpdmlkZXI9JnF1b3Q7bm8mcXVvdDsgYW5pbWF0aW9uX3R5cGU9JnF1b3Q7JnF1b3Q7IGFuaW1hdGlvbl9kaXJlY3Rpb249JnF1b3Q7bGVmdCZxdW90OyBhbmltYXRpb25fc3BlZWQ9JnF1b3Q7MC4zJnF1b3Q7IGFuaW1hdGlvbl9vZmZzZXQ9JnF1b3Q7JnF1b3Q7XXp1csO8Y2tbL2Z1c2lvbl9idXR0b25d<\/p>\n<p>Pressekontakt und Redaktion<br \/>\n<strong>Jacqueline Althaller<br \/>\n<\/strong>ALTHALLER communication<br \/>\nElisabethstra\u00dfe 13<br \/>\n80796 M\u00fcnchen<\/p>\n<p><em>Bildmaterial stellen wir auf Wunsch gerne zur Verf\u00fcgung.<\/em><\/p>\n<p><\/p>\n<p>+49 (0) 89 38 66 52 60<\/p>\n<p><\/p>\n<p>+49 (0) 89 38 66 52 75<\/p>\n<p><\/p>\n<p><a href=\"mailto:info@althallercommunication.de\">info@althallercommunication.de.de<\/a><\/p>\n<p><\/p>\n<p><a href=\"http:\/\/24.althallercommunication.de.w019505b.kasserver.com\">www.althallercommunication.de<\/a><\/p>\n<p><\/p>\n","protected":false},"excerpt":{"rendered":"<p><strong>Zeit des Lachens e.V.<\/strong> | M\u00fcnchen: <\/br>\u201eZeit des Lachens e.V.\u201c schenkt dem Klinikum Schwabing einen \u201eTag des Lachens\u201c<\/p>\n","protected":false},"author":6,"featured_media":0,"comment_status":"closed","ping_status":"open","sticky":false,"template":"","format":"standard","meta":{"_et_pb_use_builder":"","_et_pb_old_content":"","_et_gb_content_width":"","inline_featured_image":false,"footnotes":""},"categories":[2752,2765,2756,1,2758,2831,2766,2829],"tags":[],"class_list":["post-11670","post","type-post","status-publish","format-standard","hentry","category-healthcare","category-klassische-pressearbeit","category-kunden-in-den-medien","category-unkategorisiert","category-pressemeldungen","category-schwabinger-tor","category-social-media","category-zeit-des-lachens"],"yoast_head":"<!-- This site is optimized with the Yoast SEO Premium plugin v25.3 (Yoast SEO v27.5) - https:\/\/yoast.com\/product\/yoast-seo-premium-wordpress\/ -->\n<title>\u201eZeit des Lachens e.V.\u201c schenkt dem Klinikum Schwabing einen \u201eTag des Lachens\u201c | althaller communication<\/title>\n<meta name=\"description\" content=\"Heute besucht der gemeinn\u00fctzige Verein \u201eZeit des Lachens e.V.\u201c die Kinderstationen im Klinikum Schwabing. Die Kinder und deren Angeh\u00f6rige d\u00fcrfen...\" \/>\n<meta name=\"robots\" content=\"index, follow, max-snippet:-1, max-image-preview:large, max-video-preview:-1\" \/>\n<link rel=\"canonical\" href=\"https:\/\/althallercommunication.de\/zeit-des-lachens-schenkt-dem-klinikum-schwabing-einen-tag-des-lachens\/\" \/>\n<meta property=\"og:locale\" content=\"en_US\" \/>\n<meta property=\"og:type\" content=\"article\" \/>\n<meta property=\"og:title\" content=\"\u201eZeit des Lachens e.V.\u201c schenkt dem Klinikum Schwabing einen \u201eTag des Lachens\u201c\" \/>\n<meta property=\"og:description\" content=\"Heute besucht der gemeinn\u00fctzige Verein \u201eZeit des Lachens e.V.\u201c die Kinderstationen im Klinikum Schwabing. Die Kinder und deren Angeh\u00f6rige d\u00fcrfen...\" \/>\n<meta property=\"og:url\" content=\"https:\/\/althallercommunication.de\/zeit-des-lachens-schenkt-dem-klinikum-schwabing-einen-tag-des-lachens\/\" \/>\n<meta property=\"og:site_name\" content=\"althaller communication\" \/>\n<meta property=\"article:publisher\" content=\"https:\/\/www.facebook.com\/althallercommunication\" \/>\n<meta property=\"article:published_time\" content=\"2017-02-08T09:00:22+00:00\" \/>\n<meta property=\"article:modified_time\" content=\"2024-05-14T16:08:45+00:00\" \/>\n<meta name=\"author\" content=\"Jacqueline Althaller\" \/>\n<meta name=\"twitter:card\" content=\"summary_large_image\" \/>\n<meta name=\"twitter:creator\" content=\"@ALTHALLERcom\" \/>\n<meta name=\"twitter:site\" content=\"@ALTHALLERcom\" \/>\n<meta name=\"twitter:label1\" content=\"Written by\" \/>\n\t<meta name=\"twitter:data1\" content=\"Jacqueline Althaller\" \/>\n\t<meta name=\"twitter:label2\" content=\"Est. reading time\" \/>\n\t<meta name=\"twitter:data2\" content=\"8 minutes\" \/>\n<script type=\"application\/ld+json\" class=\"yoast-schema-graph\">{\"@context\":\"https:\\\/\\\/schema.org\",\"@graph\":[{\"@type\":\"Article\",\"@id\":\"https:\\\/\\\/althallercommunication.de\\\/zeit-des-lachens-schenkt-dem-klinikum-schwabing-einen-tag-des-lachens\\\/#article\",\"isPartOf\":{\"@id\":\"https:\\\/\\\/althallercommunication.de\\\/zeit-des-lachens-schenkt-dem-klinikum-schwabing-einen-tag-des-lachens\\\/\"},\"author\":{\"name\":\"Jacqueline Althaller\",\"@id\":\"https:\\\/\\\/althallercommunication.de\\\/#\\\/schema\\\/person\\\/4ca72b5e8d0bebc1f9b3061e463e32ee\"},\"headline\":\"\u201eZeit des Lachens e.V.\u201c schenkt dem Klinikum Schwabing einen \u201eTag des Lachens\u201c\",\"datePublished\":\"2017-02-08T09:00:22+00:00\",\"dateModified\":\"2024-05-14T16:08:45+00:00\",\"mainEntityOfPage\":{\"@id\":\"https:\\\/\\\/althallercommunication.de\\\/zeit-des-lachens-schenkt-dem-klinikum-schwabing-einen-tag-des-lachens\\\/\"},\"wordCount\":1667,\"publisher\":{\"@id\":\"https:\\\/\\\/althallercommunication.de\\\/#organization\"},\"articleSection\":[\"Healthcare\",\"Klassische Pressearbeit\",\"Kunden\",\"Others\",\"Pressemeldungen\",\"Schwabinger-Tor\",\"Social Media\",\"Zeit des Lachens\"],\"inLanguage\":\"en-US\"},{\"@type\":\"WebPage\",\"@id\":\"https:\\\/\\\/althallercommunication.de\\\/zeit-des-lachens-schenkt-dem-klinikum-schwabing-einen-tag-des-lachens\\\/\",\"url\":\"https:\\\/\\\/althallercommunication.de\\\/zeit-des-lachens-schenkt-dem-klinikum-schwabing-einen-tag-des-lachens\\\/\",\"name\":\"\u201eZeit des Lachens e.V.\u201c schenkt dem Klinikum Schwabing einen \u201eTag des Lachens\u201c | althaller communication\",\"isPartOf\":{\"@id\":\"https:\\\/\\\/althallercommunication.de\\\/#website\"},\"datePublished\":\"2017-02-08T09:00:22+00:00\",\"dateModified\":\"2024-05-14T16:08:45+00:00\",\"description\":\"Heute besucht der gemeinn\u00fctzige Verein \u201eZeit des Lachens e.V.\u201c die Kinderstationen im Klinikum Schwabing. Die Kinder und deren Angeh\u00f6rige d\u00fcrfen...\",\"breadcrumb\":{\"@id\":\"https:\\\/\\\/althallercommunication.de\\\/zeit-des-lachens-schenkt-dem-klinikum-schwabing-einen-tag-des-lachens\\\/#breadcrumb\"},\"inLanguage\":\"en-US\",\"potentialAction\":[{\"@type\":\"ReadAction\",\"target\":[\"https:\\\/\\\/althallercommunication.de\\\/zeit-des-lachens-schenkt-dem-klinikum-schwabing-einen-tag-des-lachens\\\/\"]}]},{\"@type\":\"BreadcrumbList\",\"@id\":\"https:\\\/\\\/althallercommunication.de\\\/zeit-des-lachens-schenkt-dem-klinikum-schwabing-einen-tag-des-lachens\\\/#breadcrumb\",\"itemListElement\":[{\"@type\":\"ListItem\",\"position\":1,\"name\":\"Startseite\",\"item\":\"https:\\\/\\\/althallercommunication.de\\\/en\\\/\"},{\"@type\":\"ListItem\",\"position\":2,\"name\":\"\u201eZeit des Lachens e.V.\u201c schenkt dem Klinikum Schwabing einen \u201eTag des Lachens\u201c\"}]},{\"@type\":\"WebSite\",\"@id\":\"https:\\\/\\\/althallercommunication.de\\\/#website\",\"url\":\"https:\\\/\\\/althallercommunication.de\\\/\",\"name\":\"althaller communication\",\"description\":\"Martkommunikation B2B\",\"publisher\":{\"@id\":\"https:\\\/\\\/althallercommunication.de\\\/#organization\"},\"potentialAction\":[{\"@type\":\"SearchAction\",\"target\":{\"@type\":\"EntryPoint\",\"urlTemplate\":\"https:\\\/\\\/althallercommunication.de\\\/?s={search_term_string}\"},\"query-input\":{\"@type\":\"PropertyValueSpecification\",\"valueRequired\":true,\"valueName\":\"search_term_string\"}}],\"inLanguage\":\"en-US\"},{\"@type\":\"Organization\",\"@id\":\"https:\\\/\\\/althallercommunication.de\\\/#organization\",\"name\":\"ALTHALLER communication\",\"url\":\"https:\\\/\\\/althallercommunication.de\\\/\",\"logo\":{\"@type\":\"ImageObject\",\"inLanguage\":\"en-US\",\"@id\":\"https:\\\/\\\/althallercommunication.de\\\/#\\\/schema\\\/logo\\\/image\\\/\",\"url\":\"https:\\\/\\\/althallercommunication.de\\\/wp-content\\\/uploads\\\/2023\\\/12\\\/althaller_comm_b.png\",\"contentUrl\":\"https:\\\/\\\/althallercommunication.de\\\/wp-content\\\/uploads\\\/2023\\\/12\\\/althaller_comm_b.png\",\"width\":464,\"height\":110,\"caption\":\"ALTHALLER communication\"},\"image\":{\"@id\":\"https:\\\/\\\/althallercommunication.de\\\/#\\\/schema\\\/logo\\\/image\\\/\"},\"sameAs\":[\"https:\\\/\\\/www.facebook.com\\\/althallercommunication\",\"https:\\\/\\\/x.com\\\/ALTHALLERcom\",\"https:\\\/\\\/www.linkedin.com\\\/company\\\/3332596?trk=tyah&amp;amp;amp;trkInfo=tas:COMMUNICATION Presse und PR,idx:1-1-1\"]},{\"@type\":\"Person\",\"@id\":\"https:\\\/\\\/althallercommunication.de\\\/#\\\/schema\\\/person\\\/4ca72b5e8d0bebc1f9b3061e463e32ee\",\"name\":\"Jacqueline Althaller\",\"image\":{\"@type\":\"ImageObject\",\"inLanguage\":\"en-US\",\"@id\":\"https:\\\/\\\/secure.gravatar.com\\\/avatar\\\/2e8cdf7784b763130efe210406ba46634d04913cf12c46cf98b2799d6da47211?s=96&d=mm&r=g\",\"url\":\"https:\\\/\\\/secure.gravatar.com\\\/avatar\\\/2e8cdf7784b763130efe210406ba46634d04913cf12c46cf98b2799d6da47211?s=96&d=mm&r=g\",\"contentUrl\":\"https:\\\/\\\/secure.gravatar.com\\\/avatar\\\/2e8cdf7784b763130efe210406ba46634d04913cf12c46cf98b2799d6da47211?s=96&d=mm&r=g\",\"caption\":\"Jacqueline Althaller\"},\"description\":\"$$$2021hmb8hzb4MD\",\"url\":\"https:\\\/\\\/althallercommunication.de\\\/en\\\/author\\\/jacqueline-althaller\\\/\"}]}<\/script>\n<!-- \/ Yoast SEO Premium plugin. -->","yoast_head_json":{"title":"\u201eZeit des Lachens e.V.\u201c schenkt dem Klinikum Schwabing einen \u201eTag des Lachens\u201c | althaller communication","description":"Heute besucht der gemeinn\u00fctzige Verein \u201eZeit des Lachens e.V.\u201c die Kinderstationen im Klinikum Schwabing. Die Kinder und deren Angeh\u00f6rige d\u00fcrfen...","robots":{"index":"index","follow":"follow","max-snippet":"max-snippet:-1","max-image-preview":"max-image-preview:large","max-video-preview":"max-video-preview:-1"},"canonical":"https:\/\/althallercommunication.de\/zeit-des-lachens-schenkt-dem-klinikum-schwabing-einen-tag-des-lachens\/","og_locale":"en_US","og_type":"article","og_title":"\u201eZeit des Lachens e.V.\u201c schenkt dem Klinikum Schwabing einen \u201eTag des Lachens\u201c","og_description":"Heute besucht der gemeinn\u00fctzige Verein \u201eZeit des Lachens e.V.\u201c die Kinderstationen im Klinikum Schwabing. Die Kinder und deren Angeh\u00f6rige d\u00fcrfen...","og_url":"https:\/\/althallercommunication.de\/zeit-des-lachens-schenkt-dem-klinikum-schwabing-einen-tag-des-lachens\/","og_site_name":"althaller communication","article_publisher":"https:\/\/www.facebook.com\/althallercommunication","article_published_time":"2017-02-08T09:00:22+00:00","article_modified_time":"2024-05-14T16:08:45+00:00","author":"Jacqueline Althaller","twitter_card":"summary_large_image","twitter_creator":"@ALTHALLERcom","twitter_site":"@ALTHALLERcom","twitter_misc":{"Written by":"Jacqueline Althaller","Est. reading time":"8 minutes"},"schema":{"@context":"https:\/\/schema.org","@graph":[{"@type":"Article","@id":"https:\/\/althallercommunication.de\/zeit-des-lachens-schenkt-dem-klinikum-schwabing-einen-tag-des-lachens\/#article","isPartOf":{"@id":"https:\/\/althallercommunication.de\/zeit-des-lachens-schenkt-dem-klinikum-schwabing-einen-tag-des-lachens\/"},"author":{"name":"Jacqueline Althaller","@id":"https:\/\/althallercommunication.de\/#\/schema\/person\/4ca72b5e8d0bebc1f9b3061e463e32ee"},"headline":"\u201eZeit des Lachens e.V.\u201c schenkt dem Klinikum Schwabing einen \u201eTag des Lachens\u201c","datePublished":"2017-02-08T09:00:22+00:00","dateModified":"2024-05-14T16:08:45+00:00","mainEntityOfPage":{"@id":"https:\/\/althallercommunication.de\/zeit-des-lachens-schenkt-dem-klinikum-schwabing-einen-tag-des-lachens\/"},"wordCount":1667,"publisher":{"@id":"https:\/\/althallercommunication.de\/#organization"},"articleSection":["Healthcare","Klassische Pressearbeit","Kunden","Others","Pressemeldungen","Schwabinger-Tor","Social Media","Zeit des Lachens"],"inLanguage":"en-US"},{"@type":"WebPage","@id":"https:\/\/althallercommunication.de\/zeit-des-lachens-schenkt-dem-klinikum-schwabing-einen-tag-des-lachens\/","url":"https:\/\/althallercommunication.de\/zeit-des-lachens-schenkt-dem-klinikum-schwabing-einen-tag-des-lachens\/","name":"\u201eZeit des Lachens e.V.\u201c schenkt dem Klinikum Schwabing einen \u201eTag des Lachens\u201c | althaller communication","isPartOf":{"@id":"https:\/\/althallercommunication.de\/#website"},"datePublished":"2017-02-08T09:00:22+00:00","dateModified":"2024-05-14T16:08:45+00:00","description":"Heute besucht der gemeinn\u00fctzige Verein \u201eZeit des Lachens e.V.\u201c die Kinderstationen im Klinikum Schwabing. Die Kinder und deren Angeh\u00f6rige d\u00fcrfen...","breadcrumb":{"@id":"https:\/\/althallercommunication.de\/zeit-des-lachens-schenkt-dem-klinikum-schwabing-einen-tag-des-lachens\/#breadcrumb"},"inLanguage":"en-US","potentialAction":[{"@type":"ReadAction","target":["https:\/\/althallercommunication.de\/zeit-des-lachens-schenkt-dem-klinikum-schwabing-einen-tag-des-lachens\/"]}]},{"@type":"BreadcrumbList","@id":"https:\/\/althallercommunication.de\/zeit-des-lachens-schenkt-dem-klinikum-schwabing-einen-tag-des-lachens\/#breadcrumb","itemListElement":[{"@type":"ListItem","position":1,"name":"Startseite","item":"https:\/\/althallercommunication.de\/en\/"},{"@type":"ListItem","position":2,"name":"\u201eZeit des Lachens e.V.\u201c schenkt dem Klinikum Schwabing einen \u201eTag des Lachens\u201c"}]},{"@type":"WebSite","@id":"https:\/\/althallercommunication.de\/#website","url":"https:\/\/althallercommunication.de\/","name":"althaller communication","description":"Martkommunikation B2B","publisher":{"@id":"https:\/\/althallercommunication.de\/#organization"},"potentialAction":[{"@type":"SearchAction","target":{"@type":"EntryPoint","urlTemplate":"https:\/\/althallercommunication.de\/?s={search_term_string}"},"query-input":{"@type":"PropertyValueSpecification","valueRequired":true,"valueName":"search_term_string"}}],"inLanguage":"en-US"},{"@type":"Organization","@id":"https:\/\/althallercommunication.de\/#organization","name":"ALTHALLER communication","url":"https:\/\/althallercommunication.de\/","logo":{"@type":"ImageObject","inLanguage":"en-US","@id":"https:\/\/althallercommunication.de\/#\/schema\/logo\/image\/","url":"https:\/\/althallercommunication.de\/wp-content\/uploads\/2023\/12\/althaller_comm_b.png","contentUrl":"https:\/\/althallercommunication.de\/wp-content\/uploads\/2023\/12\/althaller_comm_b.png","width":464,"height":110,"caption":"ALTHALLER communication"},"image":{"@id":"https:\/\/althallercommunication.de\/#\/schema\/logo\/image\/"},"sameAs":["https:\/\/www.facebook.com\/althallercommunication","https:\/\/x.com\/ALTHALLERcom","https:\/\/www.linkedin.com\/company\/3332596?trk=tyah&amp;amp;amp;trkInfo=tas:COMMUNICATION Presse und PR,idx:1-1-1"]},{"@type":"Person","@id":"https:\/\/althallercommunication.de\/#\/schema\/person\/4ca72b5e8d0bebc1f9b3061e463e32ee","name":"Jacqueline Althaller","image":{"@type":"ImageObject","inLanguage":"en-US","@id":"https:\/\/secure.gravatar.com\/avatar\/2e8cdf7784b763130efe210406ba46634d04913cf12c46cf98b2799d6da47211?s=96&d=mm&r=g","url":"https:\/\/secure.gravatar.com\/avatar\/2e8cdf7784b763130efe210406ba46634d04913cf12c46cf98b2799d6da47211?s=96&d=mm&r=g","contentUrl":"https:\/\/secure.gravatar.com\/avatar\/2e8cdf7784b763130efe210406ba46634d04913cf12c46cf98b2799d6da47211?s=96&d=mm&r=g","caption":"Jacqueline Althaller"},"description":"$$$2021hmb8hzb4MD","url":"https:\/\/althallercommunication.de\/en\/author\/jacqueline-althaller\/"}]}},"_links":{"self":[{"href":"https:\/\/althallercommunication.de\/en\/wp-json\/wp\/v2\/posts\/11670","targetHints":{"allow":["GET"]}}],"collection":[{"href":"https:\/\/althallercommunication.de\/en\/wp-json\/wp\/v2\/posts"}],"about":[{"href":"https:\/\/althallercommunication.de\/en\/wp-json\/wp\/v2\/types\/post"}],"author":[{"embeddable":true,"href":"https:\/\/althallercommunication.de\/en\/wp-json\/wp\/v2\/users\/6"}],"replies":[{"embeddable":true,"href":"https:\/\/althallercommunication.de\/en\/wp-json\/wp\/v2\/comments?post=11670"}],"version-history":[{"count":10,"href":"https:\/\/althallercommunication.de\/en\/wp-json\/wp\/v2\/posts\/11670\/revisions"}],"predecessor-version":[{"id":29216,"href":"https:\/\/althallercommunication.de\/en\/wp-json\/wp\/v2\/posts\/11670\/revisions\/29216"}],"wp:attachment":[{"href":"https:\/\/althallercommunication.de\/en\/wp-json\/wp\/v2\/media?parent=11670"}],"wp:term":[{"taxonomy":"category","embeddable":true,"href":"https:\/\/althallercommunication.de\/en\/wp-json\/wp\/v2\/categories?post=11670"},{"taxonomy":"post_tag","embeddable":true,"href":"https:\/\/althallercommunication.de\/en\/wp-json\/wp\/v2\/tags?post=11670"}],"curies":[{"name":"wp","href":"https:\/\/api.w.org\/{rel}","templated":true}]}}