{"id":12000,"date":"2017-12-20T12:57:42","date_gmt":"2017-12-20T11:57:42","guid":{"rendered":"http:\/\/www.althallercommunication.de\/blaue-finger-im-spiel-wie-facebook-in-den-kundenservice-von-unternehmen-einsteigt-6\/"},"modified":"2024-03-02T10:46:05","modified_gmt":"2024-03-02T09:46:05","slug":"unser-2017","status":"publish","type":"post","link":"https:\/\/althallercommunication.de\/en\/unser-2017\/","title":{"rendered":"Alles andere als langweilig &#8211; Das war unser 2017"},"content":{"rendered":"<p>Inmitten des Trubels zwischen Jahresabschlussgesch\u00e4ft und Weihnachtsvorbereitungen nehmen wir uns einen Augenblick Zeit, um durchzuatmen und gemeinsam zur\u00fcckzublicken. Hinter uns liegt ein ereignisreiches Jahr 2017. Die voranschreitende Digitalisierung hat unsere kleine Agentur vor spannende, neue Herausforderungen gestellt, die wir gemeistert und in unseren Arbeitsalltag integriert haben. Das crossmediale Arbeiten und die sozialen Medien gewinnen immer mehr an Relevanz und \u00e4ndern so unsere Arbeitsweise einschl\u00e4gig. Insbesondere hat uns 2017 gezeigt, dass es an der Zeit ist, neue Wege zu gehen. Wir haben uns voll reingeh\u00e4ngt \u2013 und sind stolz auf den Wandel unserer Agentur.<\/p>\n<p><strong>Wir feiern 2017 unser 25j\u00e4hriges Jubil\u00e4um. Das hei\u00dft nicht, dass wir uns auf unserem Erfolg ausruhen. Ganz im Gegenteil.<\/strong><\/p>\n<p>Und seit November sind wir ALTHALLER communication \u2013 Gesellschaft f\u00fcr Marktkommunikation. Mit unserem neuen Agenturnamen tragen wir den ver\u00e4nderten Marktbedingungen Rechnung. Denn unsere Kunden verlangen zunehmend 360-Grad-Kommunikation. Diese umfasst klassische Presse- und PR-Beratung, und geht aber auch immer \u00f6fter mit einer Optimierung oder vollst\u00e4ndigen Neuausrichtung der Unternehmenspositionierung einher. Sie beinhaltet CEO-Beratung, geht nahtlos \u00fcber in die Entwicklung nachhaltiger Social-Media-Konzepte und bindet die Mitarbeiter \u2013 oft im Rahmen eines tiefgreifenden Change-Prozesses \u2013 von Anfang an mit ein. Im Rahmen einer solchen Neuausrichtung werden auch intelligente Tools zur individuelleren, serviceorientierteren Kundenansprache verlangt.<\/p>\n<p>Die Neuausrichtung war ein gro\u00dfer, substanzieller Schritt f\u00fcr unsere Agentur, den wir gemeinsam gegangen sind.<\/p>\n<p><strong>Unsere richtungsweisende 7. Social Media Studie<\/strong><\/p>\n<p>F\u00fcr unseren \u201eErster Arbeitskreis f\u00fcr Social Media in der B2B-Kommunikation\u201c haben wir in 2017 die 7. Studie ver\u00f6ffentlicht. Sie ist die einzige Langzeitstudie in diesem Bereich. Zum 7. Mal haben wir Social-Media-Trends transparent gemacht und richtungsweisende Schl\u00fcsselerkenntnisse und -ergebnisse f\u00fcr die Arbeit von Agenturen und B2B-Unternehmen herausgearbeitet. An dieser Stelle noch einmal ein Dank an alle, die mitgewirkt haben.<\/p>\n<p>Wir sind gespannt, wie es 2018 weitergeht. Wir freuen uns darauf, den Reach unserer Studie in 2018 auf die Schweiz auszuweiten und somit alle DACH-L\u00e4nder an Bord zu haben.<\/p>\n<p><strong>Unser Herzblutprojekt <\/strong><\/p>\n<p>Unser Verein \u201eZeit des Lachens e.V.\u201c hat dieses Jahr einen gro\u00dfartigen, neuen Partner dazu gewonnen: Die Munich Cowboys. Das Team II der Munich Cowboys hat uns zum Auftakt unserer Partnerschaft mit ihrem herausragenden Engagement beeindruckt! Sie haben einen tollen Jahreskalender 2018 f\u00fcr unseren Verein erstellt.<\/p>\n<p>Der Erl\u00f6s kommt \u201eZeit des Lachens e.V.\u201c und damit zahlreichen Kindern in Krankenh\u00e4usern zu Gute. Dadurch k\u00f6nnen wir auch 2018 wieder kleinen Patienten, ihren Angeh\u00f6rigen und dem Klinikpersonal Lachen, Freude und ganz viel Spa\u00df in bundesdeutsche Kinderkliniken bringen. Der Kalender macht \u00fcbrigens auch viel her als Geschenk unter dem Christbaum.<\/p>\n<p><strong>Unser Forschungsprojekt<\/strong><\/p>\n<p>Gemeinsam mit der Hochschule M\u00fcnchen und mit der Unterst\u00fctzung des Bayerischen Staatsministeriums f\u00fcr Wirtschaft, Medien, Energie und Technologie entwickeln wir ein Tool zur Bewertung und Optimierung von Kommunikationsaktivit\u00e4ten im Bereich Social Media. Im Laufe des Jahres 2017 haben wir mit unserem Netzwerk tausende Facebook-Posts qualitativ und quantitativ ausgewertet. 2018 geht es f\u00fcr unser Projekt in die n\u00e4chste Runde: Wir erweitern unsere Auswertung um weitere Plattformen und bilden mit den erfassten Daten einen automatisierten Baustein zur Kategorisierung.<\/p>\n<p><strong>F\u00fcr all das sagen wir Danke!<\/strong><\/p>\n<p>All das w\u00e4re nicht ohne die spannenden Themen unserer Kunden, ohne unsere Partner und unsere Freunde m\u00f6glich gewesen. Deshalb sagen wir allen an dieser Stelle DANKE! Wir freuen uns eine erfolgreiche Zusammenarbeit in 2018.<\/p>\n<p>Damit wir von Beginn an wieder mit Leidenschaft und Kreativit\u00e4t Ihre Themen vorantreiben k\u00f6nnen, bleibt unsere Agentur vom 21. Dezember d.J. bis zum 8. Januar 2018 geschlossen. Wir w\u00fcnschen Ihnen sch\u00f6ne Feiertage und einen guten Start in das neue Jahr.<\/p>\n<p>P.S.: Noch eine Bitte in eigener Sache: Schreiben Sie uns gerne per E-Mail, was Sie mit uns verbindet. Wir sind gespannt auf Ihren Beitrag, den wir dann hier <a href=\"https:\/\/althallercommunication.de\/25-jahre\/\">www.althallercommunication.de\/25-jahre\/<\/a> einstellen werden.<\/p>\n<p>&nbsp;<\/p>\n<p>Jacqueline Althaller<\/p>\n","protected":false},"excerpt":{"rendered":"<p>Inmitten des Trubels zwischen Jahresabschlussgesch\u00e4ft und Weihnachtsvorbereitungen nehmen wir uns einen Augenblick Zeit, um durchzuatmen und gemeinsam zur\u00fcckzublicken. Hinter uns liegt ein ereignisreiches Jahr 2017. Die voranschreitende Digitalisierung hat unsere kleine Agentur vor spannende, neue Herausforderungen gestellt, die wir gemeistert und in unseren Arbeitsalltag integriert haben.<\/p>\n","protected":false},"author":6,"featured_media":12059,"comment_status":"closed","ping_status":"open","sticky":false,"template":"","format":"standard","meta":{"_et_pb_use_builder":"","_et_pb_old_content":"","_et_gb_content_width":"","inline_featured_image":false,"footnotes":""},"categories":[2827,1],"tags":[],"class_list":["post-12000","post","type-post","status-publish","format-standard","has-post-thumbnail","hentry","category-cultundcomm","category-unkategorisiert"],"yoast_head":"<!-- This site is optimized with the Yoast SEO Premium plugin v25.3 (Yoast SEO v27.4) - https:\/\/yoast.com\/product\/yoast-seo-premium-wordpress\/ -->\n<title>Alles andere als langweilig - Das war unser 2017 | althaller communication<\/title>\n<meta name=\"description\" content=\"Die aktuelle 7. Social Media-Studie des \u201eErster Arbeitskreis Social Media in der B2B-Kommunikation\u201c zeigt, dass Instagram \u00fcr viele B2B-Unternehmen...\" \/>\n<meta name=\"robots\" content=\"index, follow, max-snippet:-1, max-image-preview:large, max-video-preview:-1\" \/>\n<link rel=\"canonical\" href=\"https:\/\/althallercommunication.de\/unser-2017\/\" \/>\n<meta property=\"og:locale\" content=\"en_US\" \/>\n<meta property=\"og:type\" content=\"article\" \/>\n<meta property=\"og:title\" content=\"Alles andere als langweilig - Das war unser 2017\" \/>\n<meta property=\"og:description\" content=\"Die aktuelle 7. Social Media-Studie des \u201eErster Arbeitskreis Social Media in der B2B-Kommunikation\u201c zeigt, dass Instagram \u00fcr viele B2B-Unternehmen...\" \/>\n<meta property=\"og:url\" content=\"https:\/\/althallercommunication.de\/unser-2017\/\" \/>\n<meta property=\"og:site_name\" content=\"althaller communication\" \/>\n<meta property=\"article:publisher\" content=\"https:\/\/www.facebook.com\/althallercommunication\" \/>\n<meta property=\"article:published_time\" content=\"2017-12-20T11:57:42+00:00\" \/>\n<meta property=\"article:modified_time\" content=\"2024-03-02T09:46:05+00:00\" \/>\n<meta property=\"og:image\" content=\"https:\/\/althallercommunication.de\/wp-content\/uploads\/2017\/12\/pexels-photo-2829191.jpeg\" \/>\n\t<meta property=\"og:image:width\" content=\"1920\" \/>\n\t<meta property=\"og:image:height\" content=\"1442\" \/>\n\t<meta property=\"og:image:type\" content=\"image\/jpeg\" \/>\n<meta name=\"author\" content=\"Jacqueline Althaller\" \/>\n<meta name=\"twitter:card\" content=\"summary_large_image\" \/>\n<meta name=\"twitter:creator\" content=\"@ALTHALLERcom\" \/>\n<meta name=\"twitter:site\" content=\"@ALTHALLERcom\" \/>\n<meta name=\"twitter:label1\" content=\"Written by\" \/>\n\t<meta name=\"twitter:data1\" content=\"Jacqueline Althaller\" \/>\n\t<meta name=\"twitter:label2\" content=\"Est. reading time\" \/>\n\t<meta name=\"twitter:data2\" content=\"3 minutes\" \/>\n<script type=\"application\/ld+json\" class=\"yoast-schema-graph\">{\"@context\":\"https:\\\/\\\/schema.org\",\"@graph\":[{\"@type\":\"Article\",\"@id\":\"https:\\\/\\\/althallercommunication.de\\\/unser-2017\\\/#article\",\"isPartOf\":{\"@id\":\"https:\\\/\\\/althallercommunication.de\\\/unser-2017\\\/\"},\"author\":{\"name\":\"Jacqueline Althaller\",\"@id\":\"https:\\\/\\\/althallercommunication.de\\\/#\\\/schema\\\/person\\\/4ca72b5e8d0bebc1f9b3061e463e32ee\"},\"headline\":\"Alles andere als langweilig &#8211; Das war unser 2017\",\"datePublished\":\"2017-12-20T11:57:42+00:00\",\"dateModified\":\"2024-03-02T09:46:05+00:00\",\"mainEntityOfPage\":{\"@id\":\"https:\\\/\\\/althallercommunication.de\\\/unser-2017\\\/\"},\"wordCount\":633,\"publisher\":{\"@id\":\"https:\\\/\\\/althallercommunication.de\\\/#organization\"},\"image\":{\"@id\":\"https:\\\/\\\/althallercommunication.de\\\/unser-2017\\\/#primaryimage\"},\"thumbnailUrl\":\"https:\\\/\\\/althallercommunication.de\\\/wp-content\\\/uploads\\\/2017\\\/12\\\/pexels-photo-2829191.jpeg\",\"articleSection\":[\"cultundcomm\",\"Others\"],\"inLanguage\":\"en-US\"},{\"@type\":\"WebPage\",\"@id\":\"https:\\\/\\\/althallercommunication.de\\\/unser-2017\\\/\",\"url\":\"https:\\\/\\\/althallercommunication.de\\\/unser-2017\\\/\",\"name\":\"Alles andere als langweilig - Das war unser 2017 | althaller communication\",\"isPartOf\":{\"@id\":\"https:\\\/\\\/althallercommunication.de\\\/#website\"},\"primaryImageOfPage\":{\"@id\":\"https:\\\/\\\/althallercommunication.de\\\/unser-2017\\\/#primaryimage\"},\"image\":{\"@id\":\"https:\\\/\\\/althallercommunication.de\\\/unser-2017\\\/#primaryimage\"},\"thumbnailUrl\":\"https:\\\/\\\/althallercommunication.de\\\/wp-content\\\/uploads\\\/2017\\\/12\\\/pexels-photo-2829191.jpeg\",\"datePublished\":\"2017-12-20T11:57:42+00:00\",\"dateModified\":\"2024-03-02T09:46:05+00:00\",\"description\":\"Die aktuelle 7. Social Media-Studie des \u201eErster Arbeitskreis Social Media in der B2B-Kommunikation\u201c zeigt, dass Instagram \u00fcr viele B2B-Unternehmen...\",\"breadcrumb\":{\"@id\":\"https:\\\/\\\/althallercommunication.de\\\/unser-2017\\\/#breadcrumb\"},\"inLanguage\":\"en-US\",\"potentialAction\":[{\"@type\":\"ReadAction\",\"target\":[\"https:\\\/\\\/althallercommunication.de\\\/unser-2017\\\/\"]}]},{\"@type\":\"ImageObject\",\"inLanguage\":\"en-US\",\"@id\":\"https:\\\/\\\/althallercommunication.de\\\/unser-2017\\\/#primaryimage\",\"url\":\"https:\\\/\\\/althallercommunication.de\\\/wp-content\\\/uploads\\\/2017\\\/12\\\/pexels-photo-2829191.jpeg\",\"contentUrl\":\"https:\\\/\\\/althallercommunication.de\\\/wp-content\\\/uploads\\\/2017\\\/12\\\/pexels-photo-2829191.jpeg\",\"width\":1920,\"height\":1442},{\"@type\":\"BreadcrumbList\",\"@id\":\"https:\\\/\\\/althallercommunication.de\\\/unser-2017\\\/#breadcrumb\",\"itemListElement\":[{\"@type\":\"ListItem\",\"position\":1,\"name\":\"Startseite\",\"item\":\"https:\\\/\\\/althallercommunication.de\\\/en\\\/\"},{\"@type\":\"ListItem\",\"position\":2,\"name\":\"Alles andere als langweilig &#8211; Das war unser 2017\"}]},{\"@type\":\"WebSite\",\"@id\":\"https:\\\/\\\/althallercommunication.de\\\/#website\",\"url\":\"https:\\\/\\\/althallercommunication.de\\\/\",\"name\":\"althaller communication\",\"description\":\"Martkommunikation B2B\",\"publisher\":{\"@id\":\"https:\\\/\\\/althallercommunication.de\\\/#organization\"},\"potentialAction\":[{\"@type\":\"SearchAction\",\"target\":{\"@type\":\"EntryPoint\",\"urlTemplate\":\"https:\\\/\\\/althallercommunication.de\\\/?s={search_term_string}\"},\"query-input\":{\"@type\":\"PropertyValueSpecification\",\"valueRequired\":true,\"valueName\":\"search_term_string\"}}],\"inLanguage\":\"en-US\"},{\"@type\":\"Organization\",\"@id\":\"https:\\\/\\\/althallercommunication.de\\\/#organization\",\"name\":\"ALTHALLER communication\",\"url\":\"https:\\\/\\\/althallercommunication.de\\\/\",\"logo\":{\"@type\":\"ImageObject\",\"inLanguage\":\"en-US\",\"@id\":\"https:\\\/\\\/althallercommunication.de\\\/#\\\/schema\\\/logo\\\/image\\\/\",\"url\":\"https:\\\/\\\/althallercommunication.de\\\/wp-content\\\/uploads\\\/2023\\\/12\\\/althaller_comm_b.png\",\"contentUrl\":\"https:\\\/\\\/althallercommunication.de\\\/wp-content\\\/uploads\\\/2023\\\/12\\\/althaller_comm_b.png\",\"width\":464,\"height\":110,\"caption\":\"ALTHALLER communication\"},\"image\":{\"@id\":\"https:\\\/\\\/althallercommunication.de\\\/#\\\/schema\\\/logo\\\/image\\\/\"},\"sameAs\":[\"https:\\\/\\\/www.facebook.com\\\/althallercommunication\",\"https:\\\/\\\/x.com\\\/ALTHALLERcom\",\"https:\\\/\\\/www.linkedin.com\\\/company\\\/3332596?trk=tyah&amp;amp;amp;trkInfo=tas:COMMUNICATION Presse und PR,idx:1-1-1\"]},{\"@type\":\"Person\",\"@id\":\"https:\\\/\\\/althallercommunication.de\\\/#\\\/schema\\\/person\\\/4ca72b5e8d0bebc1f9b3061e463e32ee\",\"name\":\"Jacqueline Althaller\",\"image\":{\"@type\":\"ImageObject\",\"inLanguage\":\"en-US\",\"@id\":\"https:\\\/\\\/secure.gravatar.com\\\/avatar\\\/2e8cdf7784b763130efe210406ba46634d04913cf12c46cf98b2799d6da47211?s=96&d=mm&r=g\",\"url\":\"https:\\\/\\\/secure.gravatar.com\\\/avatar\\\/2e8cdf7784b763130efe210406ba46634d04913cf12c46cf98b2799d6da47211?s=96&d=mm&r=g\",\"contentUrl\":\"https:\\\/\\\/secure.gravatar.com\\\/avatar\\\/2e8cdf7784b763130efe210406ba46634d04913cf12c46cf98b2799d6da47211?s=96&d=mm&r=g\",\"caption\":\"Jacqueline Althaller\"},\"description\":\"$$$2021hmb8hzb4MD\",\"url\":\"https:\\\/\\\/althallercommunication.de\\\/en\\\/author\\\/jacqueline-althaller\\\/\"}]}<\/script>\n<!-- \/ Yoast SEO Premium plugin. -->","yoast_head_json":{"title":"Alles andere als langweilig - Das war unser 2017 | althaller communication","description":"Die aktuelle 7. Social Media-Studie des \u201eErster Arbeitskreis Social Media in der B2B-Kommunikation\u201c zeigt, dass Instagram \u00fcr viele B2B-Unternehmen...","robots":{"index":"index","follow":"follow","max-snippet":"max-snippet:-1","max-image-preview":"max-image-preview:large","max-video-preview":"max-video-preview:-1"},"canonical":"https:\/\/althallercommunication.de\/unser-2017\/","og_locale":"en_US","og_type":"article","og_title":"Alles andere als langweilig - Das war unser 2017","og_description":"Die aktuelle 7. Social Media-Studie des \u201eErster Arbeitskreis Social Media in der B2B-Kommunikation\u201c zeigt, dass Instagram \u00fcr viele B2B-Unternehmen...","og_url":"https:\/\/althallercommunication.de\/unser-2017\/","og_site_name":"althaller communication","article_publisher":"https:\/\/www.facebook.com\/althallercommunication","article_published_time":"2017-12-20T11:57:42+00:00","article_modified_time":"2024-03-02T09:46:05+00:00","og_image":[{"width":1920,"height":1442,"url":"https:\/\/althallercommunication.de\/wp-content\/uploads\/2017\/12\/pexels-photo-2829191.jpeg","type":"image\/jpeg"}],"author":"Jacqueline Althaller","twitter_card":"summary_large_image","twitter_creator":"@ALTHALLERcom","twitter_site":"@ALTHALLERcom","twitter_misc":{"Written by":"Jacqueline Althaller","Est. reading time":"3 minutes"},"schema":{"@context":"https:\/\/schema.org","@graph":[{"@type":"Article","@id":"https:\/\/althallercommunication.de\/unser-2017\/#article","isPartOf":{"@id":"https:\/\/althallercommunication.de\/unser-2017\/"},"author":{"name":"Jacqueline Althaller","@id":"https:\/\/althallercommunication.de\/#\/schema\/person\/4ca72b5e8d0bebc1f9b3061e463e32ee"},"headline":"Alles andere als langweilig &#8211; Das war unser 2017","datePublished":"2017-12-20T11:57:42+00:00","dateModified":"2024-03-02T09:46:05+00:00","mainEntityOfPage":{"@id":"https:\/\/althallercommunication.de\/unser-2017\/"},"wordCount":633,"publisher":{"@id":"https:\/\/althallercommunication.de\/#organization"},"image":{"@id":"https:\/\/althallercommunication.de\/unser-2017\/#primaryimage"},"thumbnailUrl":"https:\/\/althallercommunication.de\/wp-content\/uploads\/2017\/12\/pexels-photo-2829191.jpeg","articleSection":["cultundcomm","Others"],"inLanguage":"en-US"},{"@type":"WebPage","@id":"https:\/\/althallercommunication.de\/unser-2017\/","url":"https:\/\/althallercommunication.de\/unser-2017\/","name":"Alles andere als langweilig - Das war unser 2017 | althaller communication","isPartOf":{"@id":"https:\/\/althallercommunication.de\/#website"},"primaryImageOfPage":{"@id":"https:\/\/althallercommunication.de\/unser-2017\/#primaryimage"},"image":{"@id":"https:\/\/althallercommunication.de\/unser-2017\/#primaryimage"},"thumbnailUrl":"https:\/\/althallercommunication.de\/wp-content\/uploads\/2017\/12\/pexels-photo-2829191.jpeg","datePublished":"2017-12-20T11:57:42+00:00","dateModified":"2024-03-02T09:46:05+00:00","description":"Die aktuelle 7. Social Media-Studie des \u201eErster Arbeitskreis Social Media in der B2B-Kommunikation\u201c zeigt, dass Instagram \u00fcr viele B2B-Unternehmen...","breadcrumb":{"@id":"https:\/\/althallercommunication.de\/unser-2017\/#breadcrumb"},"inLanguage":"en-US","potentialAction":[{"@type":"ReadAction","target":["https:\/\/althallercommunication.de\/unser-2017\/"]}]},{"@type":"ImageObject","inLanguage":"en-US","@id":"https:\/\/althallercommunication.de\/unser-2017\/#primaryimage","url":"https:\/\/althallercommunication.de\/wp-content\/uploads\/2017\/12\/pexels-photo-2829191.jpeg","contentUrl":"https:\/\/althallercommunication.de\/wp-content\/uploads\/2017\/12\/pexels-photo-2829191.jpeg","width":1920,"height":1442},{"@type":"BreadcrumbList","@id":"https:\/\/althallercommunication.de\/unser-2017\/#breadcrumb","itemListElement":[{"@type":"ListItem","position":1,"name":"Startseite","item":"https:\/\/althallercommunication.de\/en\/"},{"@type":"ListItem","position":2,"name":"Alles andere als langweilig &#8211; Das war unser 2017"}]},{"@type":"WebSite","@id":"https:\/\/althallercommunication.de\/#website","url":"https:\/\/althallercommunication.de\/","name":"althaller communication","description":"Martkommunikation B2B","publisher":{"@id":"https:\/\/althallercommunication.de\/#organization"},"potentialAction":[{"@type":"SearchAction","target":{"@type":"EntryPoint","urlTemplate":"https:\/\/althallercommunication.de\/?s={search_term_string}"},"query-input":{"@type":"PropertyValueSpecification","valueRequired":true,"valueName":"search_term_string"}}],"inLanguage":"en-US"},{"@type":"Organization","@id":"https:\/\/althallercommunication.de\/#organization","name":"ALTHALLER communication","url":"https:\/\/althallercommunication.de\/","logo":{"@type":"ImageObject","inLanguage":"en-US","@id":"https:\/\/althallercommunication.de\/#\/schema\/logo\/image\/","url":"https:\/\/althallercommunication.de\/wp-content\/uploads\/2023\/12\/althaller_comm_b.png","contentUrl":"https:\/\/althallercommunication.de\/wp-content\/uploads\/2023\/12\/althaller_comm_b.png","width":464,"height":110,"caption":"ALTHALLER communication"},"image":{"@id":"https:\/\/althallercommunication.de\/#\/schema\/logo\/image\/"},"sameAs":["https:\/\/www.facebook.com\/althallercommunication","https:\/\/x.com\/ALTHALLERcom","https:\/\/www.linkedin.com\/company\/3332596?trk=tyah&amp;amp;amp;trkInfo=tas:COMMUNICATION Presse und PR,idx:1-1-1"]},{"@type":"Person","@id":"https:\/\/althallercommunication.de\/#\/schema\/person\/4ca72b5e8d0bebc1f9b3061e463e32ee","name":"Jacqueline Althaller","image":{"@type":"ImageObject","inLanguage":"en-US","@id":"https:\/\/secure.gravatar.com\/avatar\/2e8cdf7784b763130efe210406ba46634d04913cf12c46cf98b2799d6da47211?s=96&d=mm&r=g","url":"https:\/\/secure.gravatar.com\/avatar\/2e8cdf7784b763130efe210406ba46634d04913cf12c46cf98b2799d6da47211?s=96&d=mm&r=g","contentUrl":"https:\/\/secure.gravatar.com\/avatar\/2e8cdf7784b763130efe210406ba46634d04913cf12c46cf98b2799d6da47211?s=96&d=mm&r=g","caption":"Jacqueline Althaller"},"description":"$$$2021hmb8hzb4MD","url":"https:\/\/althallercommunication.de\/en\/author\/jacqueline-althaller\/"}]}},"_links":{"self":[{"href":"https:\/\/althallercommunication.de\/en\/wp-json\/wp\/v2\/posts\/12000","targetHints":{"allow":["GET"]}}],"collection":[{"href":"https:\/\/althallercommunication.de\/en\/wp-json\/wp\/v2\/posts"}],"about":[{"href":"https:\/\/althallercommunication.de\/en\/wp-json\/wp\/v2\/types\/post"}],"author":[{"embeddable":true,"href":"https:\/\/althallercommunication.de\/en\/wp-json\/wp\/v2\/users\/6"}],"replies":[{"embeddable":true,"href":"https:\/\/althallercommunication.de\/en\/wp-json\/wp\/v2\/comments?post=12000"}],"version-history":[{"count":2,"href":"https:\/\/althallercommunication.de\/en\/wp-json\/wp\/v2\/posts\/12000\/revisions"}],"predecessor-version":[{"id":29199,"href":"https:\/\/althallercommunication.de\/en\/wp-json\/wp\/v2\/posts\/12000\/revisions\/29199"}],"wp:featuredmedia":[{"embeddable":true,"href":"https:\/\/althallercommunication.de\/en\/wp-json\/wp\/v2\/media\/12059"}],"wp:attachment":[{"href":"https:\/\/althallercommunication.de\/en\/wp-json\/wp\/v2\/media?parent=12000"}],"wp:term":[{"taxonomy":"category","embeddable":true,"href":"https:\/\/althallercommunication.de\/en\/wp-json\/wp\/v2\/categories?post=12000"},{"taxonomy":"post_tag","embeddable":true,"href":"https:\/\/althallercommunication.de\/en\/wp-json\/wp\/v2\/tags?post=12000"}],"curies":[{"name":"wp","href":"https:\/\/api.w.org\/{rel}","templated":true}]}}