{"id":12261,"date":"2018-02-01T10:00:42","date_gmt":"2018-02-01T09:00:42","guid":{"rendered":"http:\/\/www.althallercommunication.de\/bewegte-bilder-2-2\/"},"modified":"2024-03-02T10:46:06","modified_gmt":"2024-03-02T09:46:06","slug":"bewegte-bilder-2-2","status":"publish","type":"post","link":"https:\/\/althallercommunication.de\/en\/bewegte-bilder-2-2\/","title":{"rendered":"Komm auf den Punkt \u2013 Bewegtbilder im B2B"},"content":{"rendered":"<p>Die Digitalisierung beschleunigt zunehmend unser Leben im Alltag und im Beruf. Jeder bekommt immer mehr und immer schneller Informationen. Was bedeutet das f\u00fcr B2B-Unternehmen? Sie m\u00fcssen in ihrer Kommunikation danach streben, dass alles pr\u00e4zise auf den Punkt gebracht ist: Im pers\u00f6nlichen Gespr\u00e4ch, in der E-Mail, in ihren Brosch\u00fcren und nat\u00fcrlich auch auf den Social-Media-Kan\u00e4len. Darum ist es notwendig, das bisherige Kommunikationsverhalten und die verwendeten Instrumente, Materialien und Medien zu \u00fcberdenken, an die Entwicklungen anzupassen und sie sukzessive zu erneuern. Nahezu existentiell f\u00fcr die Kommunikation ist heute der Einsatz von gut gemachten Bewegtbildern.<\/p>\n<p><strong>Videos geben Unternehmen ein Gesicht<\/strong><\/p>\n<p>Videos machen Unternehmen sympathisch, bieten Transparenz und transportieren in komprimierter Form viele Informationen. Unternehmen bekommen dadurch ein Gesicht und wirken der Anonymit\u00e4t in allen wichtigen Kan\u00e4len entgegen. Dadurch tragen sie zum Vertrauen der Kunden bei.<\/p>\n<p><strong>Strukturierte Wissensvermittlung<\/strong><\/p>\n<p>Bewegtbildkommunikation eignet sich sehr gut zur Wissensvermittlung. Allerdings sollte dieses Wissen nicht einfach aneinandergereiht, sondern die Inhalte so strukturiert sein, dass eine klare Botschaft entsteht.<\/p>\n<p>Wichtig ist ein leicht verst\u00e4ndliches Wording und die Verwendung einpr\u00e4gsamer Beispiele.<\/p>\n<p>Eine einfache Ausdrucksweise erleichtert einer viel gr\u00f6\u00dferen Zielgruppe den inhaltlichen Zugang, wodurch unter Umst\u00e4nden auch mehr Follower generiert werden. Und auch F\u00fchrungskr\u00e4fte bekommen so viel einfacher einen \u00dcberblick \u00fcber relevante Unternehmensthemen. Ein Video, das direkt auf den Punkt kommt, bringt au\u00dferdem eine enorme Zeitersparnis.<\/p>\n<p><strong>Videos steuern die Interpretation <\/strong><\/p>\n<p>Ein Gespr\u00e4ch wird dann besonders gut verstanden, wenn nonverbale Kommunikation (also von Gestik und Mimik) stattfindet. In der schriftlichen Sprache entfallen diese zumeist. Emoticons reichen eben doch nicht aus \u00af\\_(\u30c4)_\/\u00af.\u00a0 Videos jedoch transportieren diese Signale und helfen, dass die Inhalte richtig verstanden werden. Zus\u00e4tzlich k\u00f6nnen weitere optische und akustische Gestaltungsmittel wie beispielsweise Musik, Grafiken oder rhetorische Mittel eingebaut werden.<\/p>\n<p><strong>Let us infotain you<\/strong><\/p>\n<p>Videos werden f\u00fcr verschiedene Zwecke und Zielgruppen produziert. Um m\u00f6glichst viele Menschen zu erreichen, sind Infotainment-Videos ein beliebtes Format. Diese verkn\u00fcpfen Information und Unterhaltung, und vermitteln Fakten in kurzweiliger Form, kurzum: sie machen Spa\u00df. Im besten Fall l\u00e4dt dies den User nicht nur dazu ein, das Video zu Ende zu schauen, sondern gleich die ganze Seite zu abonnieren.<\/p>\n<p><strong>Videos als Ersatz f\u00fcr Text-Posts?<\/strong><\/p>\n<p>Gerade die mobilen User sehen sich Videos seltener an, da Videos sich das Datenvolumen schneller in den Bauch schlagen als <a href=\"https:\/\/www.menshealth.com\/nutrition\/donald-trump-diet\">Donald Trump einen Cheeseburger<\/a>. Um User, die datentechnisch gerade knapp bei Kasse sind, nicht zu ver\u00e4rgern, sollte ein Video immer in einen klassischen, Text-Post eingebettet werden. Er sollte selbst w\u00e4hlen k\u00f6nnen, was er rezipiert. Manchmal kann ein geschriebener Einstieg sogar dazu beitragen, dass der User das Video erst recht anschaut.<\/p>\n<p>Was meinen Sie, wie sich die Bewegtbildkommunikation weiter entwickeln wird? Wird sie den Newsfeed ver\u00e4ndern? Werden wir bewegte Bilder nur noch 3D schauen? Wird sie mit Augmented Reality verkn\u00fcpft?<\/p>\n<p>&nbsp;<\/p>\n<p>Jacqueline Althaller<\/p>\n","protected":false},"excerpt":{"rendered":"<p>Social Media \u00f6ffnen Unternehmen eine wichtige T\u00fcr: Sie erm\u00f6glichen es Unternehmen, Menschen auf ihren privaten Devices zu erreichen und so Werbekampagnen oder Unternehmensmitteilungen gezielt zu vermitteln. <\/p>\n","protected":false},"author":6,"featured_media":12263,"comment_status":"closed","ping_status":"open","sticky":false,"template":"","format":"standard","meta":{"_et_pb_use_builder":"","_et_pb_old_content":"","_et_gb_content_width":"","inline_featured_image":false,"footnotes":""},"categories":[2827],"tags":[],"class_list":["post-12261","post","type-post","status-publish","format-standard","has-post-thumbnail","hentry","category-cultundcomm"],"yoast_head":"<!-- This site is optimized with the Yoast SEO Premium plugin v25.3 (Yoast SEO v27.4) - https:\/\/yoast.com\/product\/yoast-seo-premium-wordpress\/ -->\n<title>Komm auf den Punkt \u2013 Bewegtbilder im B2B | althaller communication<\/title>\n<meta name=\"description\" content=\"Der Einsatz von bewegten Bildern ist heute nahezu existentiell f\u00fcr jede Kommunikation. Bewegte Bilder bieten Unternehmen viele Vorteile...\" \/>\n<meta name=\"robots\" content=\"index, follow, max-snippet:-1, max-image-preview:large, max-video-preview:-1\" \/>\n<link rel=\"canonical\" href=\"https:\/\/althallercommunication.de\/bewegte-bilder-2-2\/\" \/>\n<meta property=\"og:locale\" content=\"en_US\" \/>\n<meta property=\"og:type\" content=\"article\" \/>\n<meta property=\"og:title\" content=\"Komm auf den Punkt \u2013 Bewegtbilder im B2B\" \/>\n<meta property=\"og:description\" content=\"Der Einsatz von bewegten Bildern ist heute nahezu existentiell f\u00fcr jede Kommunikation. Bewegte Bilder bieten Unternehmen viele Vorteile...\" \/>\n<meta property=\"og:url\" content=\"https:\/\/althallercommunication.de\/bewegte-bilder-2-2\/\" \/>\n<meta property=\"og:site_name\" content=\"althaller communication\" \/>\n<meta property=\"article:publisher\" content=\"https:\/\/www.facebook.com\/althallercommunication\" \/>\n<meta property=\"article:published_time\" content=\"2018-02-01T09:00:42+00:00\" \/>\n<meta property=\"article:modified_time\" content=\"2024-03-02T09:46:06+00:00\" \/>\n<meta property=\"og:image\" content=\"https:\/\/althallercommunication.de\/wp-content\/uploads\/2018\/02\/bewegtbild-kommunikation-1-1.jpg\" \/>\n\t<meta property=\"og:image:width\" content=\"1920\" \/>\n\t<meta property=\"og:image:height\" content=\"1280\" \/>\n\t<meta property=\"og:image:type\" content=\"image\/jpeg\" \/>\n<meta name=\"author\" content=\"Jacqueline Althaller\" \/>\n<meta name=\"twitter:card\" content=\"summary_large_image\" \/>\n<meta name=\"twitter:creator\" content=\"@ALTHALLERcom\" \/>\n<meta name=\"twitter:site\" content=\"@ALTHALLERcom\" \/>\n<meta name=\"twitter:label1\" content=\"Written by\" \/>\n\t<meta name=\"twitter:data1\" content=\"Jacqueline Althaller\" \/>\n\t<meta name=\"twitter:label2\" content=\"Est. reading time\" \/>\n\t<meta name=\"twitter:data2\" content=\"2 minutes\" \/>\n<script type=\"application\/ld+json\" class=\"yoast-schema-graph\">{\"@context\":\"https:\\\/\\\/schema.org\",\"@graph\":[{\"@type\":\"Article\",\"@id\":\"https:\\\/\\\/althallercommunication.de\\\/bewegte-bilder-2-2\\\/#article\",\"isPartOf\":{\"@id\":\"https:\\\/\\\/althallercommunication.de\\\/bewegte-bilder-2-2\\\/\"},\"author\":{\"name\":\"Jacqueline Althaller\",\"@id\":\"https:\\\/\\\/althallercommunication.de\\\/#\\\/schema\\\/person\\\/4ca72b5e8d0bebc1f9b3061e463e32ee\"},\"headline\":\"Komm auf den Punkt \u2013 Bewegtbilder im B2B\",\"datePublished\":\"2018-02-01T09:00:42+00:00\",\"dateModified\":\"2024-03-02T09:46:06+00:00\",\"mainEntityOfPage\":{\"@id\":\"https:\\\/\\\/althallercommunication.de\\\/bewegte-bilder-2-2\\\/\"},\"wordCount\":485,\"publisher\":{\"@id\":\"https:\\\/\\\/althallercommunication.de\\\/#organization\"},\"image\":{\"@id\":\"https:\\\/\\\/althallercommunication.de\\\/bewegte-bilder-2-2\\\/#primaryimage\"},\"thumbnailUrl\":\"https:\\\/\\\/althallercommunication.de\\\/wp-content\\\/uploads\\\/2018\\\/02\\\/bewegtbild-kommunikation-1-1.jpg\",\"articleSection\":[\"cultundcomm\"],\"inLanguage\":\"en-US\"},{\"@type\":\"WebPage\",\"@id\":\"https:\\\/\\\/althallercommunication.de\\\/bewegte-bilder-2-2\\\/\",\"url\":\"https:\\\/\\\/althallercommunication.de\\\/bewegte-bilder-2-2\\\/\",\"name\":\"Komm auf den Punkt \u2013 Bewegtbilder im B2B | althaller communication\",\"isPartOf\":{\"@id\":\"https:\\\/\\\/althallercommunication.de\\\/#website\"},\"primaryImageOfPage\":{\"@id\":\"https:\\\/\\\/althallercommunication.de\\\/bewegte-bilder-2-2\\\/#primaryimage\"},\"image\":{\"@id\":\"https:\\\/\\\/althallercommunication.de\\\/bewegte-bilder-2-2\\\/#primaryimage\"},\"thumbnailUrl\":\"https:\\\/\\\/althallercommunication.de\\\/wp-content\\\/uploads\\\/2018\\\/02\\\/bewegtbild-kommunikation-1-1.jpg\",\"datePublished\":\"2018-02-01T09:00:42+00:00\",\"dateModified\":\"2024-03-02T09:46:06+00:00\",\"description\":\"Der Einsatz von bewegten Bildern ist heute nahezu existentiell f\u00fcr jede Kommunikation. Bewegte Bilder bieten Unternehmen viele Vorteile...\",\"breadcrumb\":{\"@id\":\"https:\\\/\\\/althallercommunication.de\\\/bewegte-bilder-2-2\\\/#breadcrumb\"},\"inLanguage\":\"en-US\",\"potentialAction\":[{\"@type\":\"ReadAction\",\"target\":[\"https:\\\/\\\/althallercommunication.de\\\/bewegte-bilder-2-2\\\/\"]}]},{\"@type\":\"ImageObject\",\"inLanguage\":\"en-US\",\"@id\":\"https:\\\/\\\/althallercommunication.de\\\/bewegte-bilder-2-2\\\/#primaryimage\",\"url\":\"https:\\\/\\\/althallercommunication.de\\\/wp-content\\\/uploads\\\/2018\\\/02\\\/bewegtbild-kommunikation-1-1.jpg\",\"contentUrl\":\"https:\\\/\\\/althallercommunication.de\\\/wp-content\\\/uploads\\\/2018\\\/02\\\/bewegtbild-kommunikation-1-1.jpg\",\"width\":1920,\"height\":1280},{\"@type\":\"BreadcrumbList\",\"@id\":\"https:\\\/\\\/althallercommunication.de\\\/bewegte-bilder-2-2\\\/#breadcrumb\",\"itemListElement\":[{\"@type\":\"ListItem\",\"position\":1,\"name\":\"Startseite\",\"item\":\"https:\\\/\\\/althallercommunication.de\\\/en\\\/\"},{\"@type\":\"ListItem\",\"position\":2,\"name\":\"Komm auf den Punkt \u2013 Bewegtbilder im B2B\"}]},{\"@type\":\"WebSite\",\"@id\":\"https:\\\/\\\/althallercommunication.de\\\/#website\",\"url\":\"https:\\\/\\\/althallercommunication.de\\\/\",\"name\":\"althaller communication\",\"description\":\"Martkommunikation B2B\",\"publisher\":{\"@id\":\"https:\\\/\\\/althallercommunication.de\\\/#organization\"},\"potentialAction\":[{\"@type\":\"SearchAction\",\"target\":{\"@type\":\"EntryPoint\",\"urlTemplate\":\"https:\\\/\\\/althallercommunication.de\\\/?s={search_term_string}\"},\"query-input\":{\"@type\":\"PropertyValueSpecification\",\"valueRequired\":true,\"valueName\":\"search_term_string\"}}],\"inLanguage\":\"en-US\"},{\"@type\":\"Organization\",\"@id\":\"https:\\\/\\\/althallercommunication.de\\\/#organization\",\"name\":\"ALTHALLER communication\",\"url\":\"https:\\\/\\\/althallercommunication.de\\\/\",\"logo\":{\"@type\":\"ImageObject\",\"inLanguage\":\"en-US\",\"@id\":\"https:\\\/\\\/althallercommunication.de\\\/#\\\/schema\\\/logo\\\/image\\\/\",\"url\":\"https:\\\/\\\/althallercommunication.de\\\/wp-content\\\/uploads\\\/2023\\\/12\\\/althaller_comm_b.png\",\"contentUrl\":\"https:\\\/\\\/althallercommunication.de\\\/wp-content\\\/uploads\\\/2023\\\/12\\\/althaller_comm_b.png\",\"width\":464,\"height\":110,\"caption\":\"ALTHALLER communication\"},\"image\":{\"@id\":\"https:\\\/\\\/althallercommunication.de\\\/#\\\/schema\\\/logo\\\/image\\\/\"},\"sameAs\":[\"https:\\\/\\\/www.facebook.com\\\/althallercommunication\",\"https:\\\/\\\/x.com\\\/ALTHALLERcom\",\"https:\\\/\\\/www.linkedin.com\\\/company\\\/3332596?trk=tyah&amp;amp;amp;trkInfo=tas:COMMUNICATION Presse und PR,idx:1-1-1\"]},{\"@type\":\"Person\",\"@id\":\"https:\\\/\\\/althallercommunication.de\\\/#\\\/schema\\\/person\\\/4ca72b5e8d0bebc1f9b3061e463e32ee\",\"name\":\"Jacqueline Althaller\",\"image\":{\"@type\":\"ImageObject\",\"inLanguage\":\"en-US\",\"@id\":\"https:\\\/\\\/secure.gravatar.com\\\/avatar\\\/2e8cdf7784b763130efe210406ba46634d04913cf12c46cf98b2799d6da47211?s=96&d=mm&r=g\",\"url\":\"https:\\\/\\\/secure.gravatar.com\\\/avatar\\\/2e8cdf7784b763130efe210406ba46634d04913cf12c46cf98b2799d6da47211?s=96&d=mm&r=g\",\"contentUrl\":\"https:\\\/\\\/secure.gravatar.com\\\/avatar\\\/2e8cdf7784b763130efe210406ba46634d04913cf12c46cf98b2799d6da47211?s=96&d=mm&r=g\",\"caption\":\"Jacqueline Althaller\"},\"description\":\"$$$2021hmb8hzb4MD\",\"url\":\"https:\\\/\\\/althallercommunication.de\\\/en\\\/author\\\/jacqueline-althaller\\\/\"}]}<\/script>\n<!-- \/ Yoast SEO Premium plugin. -->","yoast_head_json":{"title":"Komm auf den Punkt \u2013 Bewegtbilder im B2B | althaller communication","description":"Der Einsatz von bewegten Bildern ist heute nahezu existentiell f\u00fcr jede Kommunikation. Bewegte Bilder bieten Unternehmen viele Vorteile...","robots":{"index":"index","follow":"follow","max-snippet":"max-snippet:-1","max-image-preview":"max-image-preview:large","max-video-preview":"max-video-preview:-1"},"canonical":"https:\/\/althallercommunication.de\/bewegte-bilder-2-2\/","og_locale":"en_US","og_type":"article","og_title":"Komm auf den Punkt \u2013 Bewegtbilder im B2B","og_description":"Der Einsatz von bewegten Bildern ist heute nahezu existentiell f\u00fcr jede Kommunikation. Bewegte Bilder bieten Unternehmen viele Vorteile...","og_url":"https:\/\/althallercommunication.de\/bewegte-bilder-2-2\/","og_site_name":"althaller communication","article_publisher":"https:\/\/www.facebook.com\/althallercommunication","article_published_time":"2018-02-01T09:00:42+00:00","article_modified_time":"2024-03-02T09:46:06+00:00","og_image":[{"width":1920,"height":1280,"url":"https:\/\/althallercommunication.de\/wp-content\/uploads\/2018\/02\/bewegtbild-kommunikation-1-1.jpg","type":"image\/jpeg"}],"author":"Jacqueline Althaller","twitter_card":"summary_large_image","twitter_creator":"@ALTHALLERcom","twitter_site":"@ALTHALLERcom","twitter_misc":{"Written by":"Jacqueline Althaller","Est. reading time":"2 minutes"},"schema":{"@context":"https:\/\/schema.org","@graph":[{"@type":"Article","@id":"https:\/\/althallercommunication.de\/bewegte-bilder-2-2\/#article","isPartOf":{"@id":"https:\/\/althallercommunication.de\/bewegte-bilder-2-2\/"},"author":{"name":"Jacqueline Althaller","@id":"https:\/\/althallercommunication.de\/#\/schema\/person\/4ca72b5e8d0bebc1f9b3061e463e32ee"},"headline":"Komm auf den Punkt \u2013 Bewegtbilder im B2B","datePublished":"2018-02-01T09:00:42+00:00","dateModified":"2024-03-02T09:46:06+00:00","mainEntityOfPage":{"@id":"https:\/\/althallercommunication.de\/bewegte-bilder-2-2\/"},"wordCount":485,"publisher":{"@id":"https:\/\/althallercommunication.de\/#organization"},"image":{"@id":"https:\/\/althallercommunication.de\/bewegte-bilder-2-2\/#primaryimage"},"thumbnailUrl":"https:\/\/althallercommunication.de\/wp-content\/uploads\/2018\/02\/bewegtbild-kommunikation-1-1.jpg","articleSection":["cultundcomm"],"inLanguage":"en-US"},{"@type":"WebPage","@id":"https:\/\/althallercommunication.de\/bewegte-bilder-2-2\/","url":"https:\/\/althallercommunication.de\/bewegte-bilder-2-2\/","name":"Komm auf den Punkt \u2013 Bewegtbilder im B2B | althaller communication","isPartOf":{"@id":"https:\/\/althallercommunication.de\/#website"},"primaryImageOfPage":{"@id":"https:\/\/althallercommunication.de\/bewegte-bilder-2-2\/#primaryimage"},"image":{"@id":"https:\/\/althallercommunication.de\/bewegte-bilder-2-2\/#primaryimage"},"thumbnailUrl":"https:\/\/althallercommunication.de\/wp-content\/uploads\/2018\/02\/bewegtbild-kommunikation-1-1.jpg","datePublished":"2018-02-01T09:00:42+00:00","dateModified":"2024-03-02T09:46:06+00:00","description":"Der Einsatz von bewegten Bildern ist heute nahezu existentiell f\u00fcr jede Kommunikation. Bewegte Bilder bieten Unternehmen viele Vorteile...","breadcrumb":{"@id":"https:\/\/althallercommunication.de\/bewegte-bilder-2-2\/#breadcrumb"},"inLanguage":"en-US","potentialAction":[{"@type":"ReadAction","target":["https:\/\/althallercommunication.de\/bewegte-bilder-2-2\/"]}]},{"@type":"ImageObject","inLanguage":"en-US","@id":"https:\/\/althallercommunication.de\/bewegte-bilder-2-2\/#primaryimage","url":"https:\/\/althallercommunication.de\/wp-content\/uploads\/2018\/02\/bewegtbild-kommunikation-1-1.jpg","contentUrl":"https:\/\/althallercommunication.de\/wp-content\/uploads\/2018\/02\/bewegtbild-kommunikation-1-1.jpg","width":1920,"height":1280},{"@type":"BreadcrumbList","@id":"https:\/\/althallercommunication.de\/bewegte-bilder-2-2\/#breadcrumb","itemListElement":[{"@type":"ListItem","position":1,"name":"Startseite","item":"https:\/\/althallercommunication.de\/en\/"},{"@type":"ListItem","position":2,"name":"Komm auf den Punkt \u2013 Bewegtbilder im B2B"}]},{"@type":"WebSite","@id":"https:\/\/althallercommunication.de\/#website","url":"https:\/\/althallercommunication.de\/","name":"althaller communication","description":"Martkommunikation B2B","publisher":{"@id":"https:\/\/althallercommunication.de\/#organization"},"potentialAction":[{"@type":"SearchAction","target":{"@type":"EntryPoint","urlTemplate":"https:\/\/althallercommunication.de\/?s={search_term_string}"},"query-input":{"@type":"PropertyValueSpecification","valueRequired":true,"valueName":"search_term_string"}}],"inLanguage":"en-US"},{"@type":"Organization","@id":"https:\/\/althallercommunication.de\/#organization","name":"ALTHALLER communication","url":"https:\/\/althallercommunication.de\/","logo":{"@type":"ImageObject","inLanguage":"en-US","@id":"https:\/\/althallercommunication.de\/#\/schema\/logo\/image\/","url":"https:\/\/althallercommunication.de\/wp-content\/uploads\/2023\/12\/althaller_comm_b.png","contentUrl":"https:\/\/althallercommunication.de\/wp-content\/uploads\/2023\/12\/althaller_comm_b.png","width":464,"height":110,"caption":"ALTHALLER communication"},"image":{"@id":"https:\/\/althallercommunication.de\/#\/schema\/logo\/image\/"},"sameAs":["https:\/\/www.facebook.com\/althallercommunication","https:\/\/x.com\/ALTHALLERcom","https:\/\/www.linkedin.com\/company\/3332596?trk=tyah&amp;amp;amp;trkInfo=tas:COMMUNICATION Presse und PR,idx:1-1-1"]},{"@type":"Person","@id":"https:\/\/althallercommunication.de\/#\/schema\/person\/4ca72b5e8d0bebc1f9b3061e463e32ee","name":"Jacqueline Althaller","image":{"@type":"ImageObject","inLanguage":"en-US","@id":"https:\/\/secure.gravatar.com\/avatar\/2e8cdf7784b763130efe210406ba46634d04913cf12c46cf98b2799d6da47211?s=96&d=mm&r=g","url":"https:\/\/secure.gravatar.com\/avatar\/2e8cdf7784b763130efe210406ba46634d04913cf12c46cf98b2799d6da47211?s=96&d=mm&r=g","contentUrl":"https:\/\/secure.gravatar.com\/avatar\/2e8cdf7784b763130efe210406ba46634d04913cf12c46cf98b2799d6da47211?s=96&d=mm&r=g","caption":"Jacqueline Althaller"},"description":"$$$2021hmb8hzb4MD","url":"https:\/\/althallercommunication.de\/en\/author\/jacqueline-althaller\/"}]}},"_links":{"self":[{"href":"https:\/\/althallercommunication.de\/en\/wp-json\/wp\/v2\/posts\/12261","targetHints":{"allow":["GET"]}}],"collection":[{"href":"https:\/\/althallercommunication.de\/en\/wp-json\/wp\/v2\/posts"}],"about":[{"href":"https:\/\/althallercommunication.de\/en\/wp-json\/wp\/v2\/types\/post"}],"author":[{"embeddable":true,"href":"https:\/\/althallercommunication.de\/en\/wp-json\/wp\/v2\/users\/6"}],"replies":[{"embeddable":true,"href":"https:\/\/althallercommunication.de\/en\/wp-json\/wp\/v2\/comments?post=12261"}],"version-history":[{"count":2,"href":"https:\/\/althallercommunication.de\/en\/wp-json\/wp\/v2\/posts\/12261\/revisions"}],"predecessor-version":[{"id":29201,"href":"https:\/\/althallercommunication.de\/en\/wp-json\/wp\/v2\/posts\/12261\/revisions\/29201"}],"wp:featuredmedia":[{"embeddable":true,"href":"https:\/\/althallercommunication.de\/en\/wp-json\/wp\/v2\/media\/12263"}],"wp:attachment":[{"href":"https:\/\/althallercommunication.de\/en\/wp-json\/wp\/v2\/media?parent=12261"}],"wp:term":[{"taxonomy":"category","embeddable":true,"href":"https:\/\/althallercommunication.de\/en\/wp-json\/wp\/v2\/categories?post=12261"},{"taxonomy":"post_tag","embeddable":true,"href":"https:\/\/althallercommunication.de\/en\/wp-json\/wp\/v2\/tags?post=12261"}],"curies":[{"name":"wp","href":"https:\/\/api.w.org\/{rel}","templated":true}]}}