{"id":12645,"date":"2018-05-03T17:00:42","date_gmt":"2018-05-03T15:00:42","guid":{"rendered":"http:\/\/www.althallercommunication.de\/datenschutz-und-social-media-2\/"},"modified":"2023-12-14T12:11:44","modified_gmt":"2023-12-14T11:11:44","slug":"datenschutz-und-social-media-2","status":"publish","type":"post","link":"https:\/\/althallercommunication.de\/en\/datenschutz-und-social-media-2\/","title":{"rendered":"Employee Advocacy \u2013 wie viel Potential steckt in Mitarbeitern als Markenbotschafter?"},"content":{"rendered":"<p><\/p>\n<p>In den vergangenen Jahren avancierte der Begriff der Employee Advocacy zu einem der wichtigsten Schlagworte im Marketing. Laut einer <a href=\"https:\/\/www.smarp.com\/de\/employee-advocacy-4\/\">Studie der Altimeter Group aus dem Jahre 2016<\/a> planten bereits 90% der befragten Unternehmen in den kommenden Jahren unterschiedliche Formen einer Employee Advocacy zu nutzen.<\/p>\n<p>Aber was ist Employee Advocacy? Unter Employee Advocacy ist zun\u00e4chst die F\u00f6rderung eines Unternehmens und dessen Produkte durch die eigenen Mitarbeiter zu verstehen. Insbesondere der Bereich Social Media ist dabei essentiell. Seit Facebook seinen Algorithmus \u00e4nderte und somit Unternehmen eine schwere Einbu\u00dfe in der organischen Reichweite bescherte, r\u00fccken die Mitarbeiter mit ihren Social Media Accounts in den Fokus des Contentmarketings.<\/p>\n<p><strong>Das Potential der unternehmenseigenen Markenbotschafter<\/strong><\/p>\n<p>Content generiert mehr Reichweite, wenn er von Mitarbeitern in Social Media Kan\u00e4len geteilt wird. Durch die Beitr\u00e4ge der Angestellten w\u00e4chst bei den privaten sozialen Kontakten die Vertrauensbasis gegen\u00fcber den jeweiligen Unternehmen. Content wird bis zu 92% glaubw\u00fcrdiger, wenn er von Freunden geteilt wurde.<\/p>\n<p>Wenn Mitarbeiter zu Markenbotschaftern werden, so f\u00fchlen sie sich in die Unternehmensstrukturen eingebunden.<\/p>\n<p><strong>Markenbotschafter richtig unterst\u00fctzen<\/strong><\/p>\n<p>Bei der Suche nach geeigneten Botschaftern stehen Unternehmen jedoch vor der ersten H\u00fcrde. Wer eignet sich f\u00fcr ein Employee-Advocacy-Programm?<\/p>\n<p>Zun\u00e4chst sollte keiner gezwungen werden, f\u00fcr sein Unternehmen Content auf Social Media Plattformen zu verbreiten. Eigenantrieb suggeriert Authentizit\u00e4t und motiviert Interessenten.<\/p>\n<p>Expertise ist das zweite Schlagwort. Corporate Communication hat nur dann einen Erfolg, wenn den Mitarbeitern verschiedenste Werkzeuge zur Verf\u00fcgung stehen. So sind es unter anderem Weiterbildungen oder Schulungen, die die Mitarbeiter noch enger mit dem Unternehmen und den Produkten verbinden.<\/p>\n<p>So einfach es klingt, die wichtigste Aufgabe des werbenden Mitarbeiters ist die positive Verbreitung von Content. Wenn zudem ein Pool aus Kommunikationsbausteinen zur Verf\u00fcgung steht, erleichtert das Unternehmen den Markenbotschaftern das Posten von Beitr\u00e4gen.<\/p>\n<p><strong>Die Vermischung von Privatsph\u00e4re und Business<\/strong><\/p>\n<p>Mitarbeiter, die sich bereit erkl\u00e4ren im Rahmen einer Employee Advocacy aktiv mitzuarbeiten, m\u00fcssen einverstanden sein, ihre privaten Zugangskonten zu nutzen. In unserem vorangehenden Blogbeitrag hatten wir uns bereits mit dem <a href=\"https:\/\/althallercommunication.de\/datenschutz-und-social-media\/\">Drahtseilakt zwischen privatem Datenschutz und Unternehmensinterna<\/a> auseinandergesetzt.<\/p>\n<p>Es ist nach wie vor unerl\u00e4sslich, dass Unternehmen ihren Mitarbeitern einen roten Faden der Employee Advocacy an die Hand geben. Dies ist besonders auch f\u00fcr Angestellte wichtig, die sich auf Social Media Kan\u00e4len passiv verhalten. Wenn Konten, wie zum Beispiel Xing, LinkedIn oder Facebook, vorhanden sind, so sollten diese zumindest aktuelle Zug\u00e4nge erm\u00f6glichen. Das hei\u00dft, dass gewisse Eckdaten \u00fcber die Personen einsehbar sein sollten, die Privatsph\u00e4re aber gesch\u00fctzt bleibt. Bei reinen Business-Accounts ist es n\u00fctzlich, wenn Unternehmen ihre Mitarbeiter bei der Erstellung unterst\u00fctzen.<\/p>\n<p><strong>Das Ziel der Employee Advocacy<\/strong><\/p>\n<p>Oberstes Ziel einer Employee Advocacy ist die positive Verbreitung von Produkt- und Unternehmenscontent durch Mitarbeiter. Dabei stehen die Angestellten als Experten f\u00fcr das Unternehmen ein und machen es f\u00fcr Kunden nahbar. Unternehmen wiederum kommunizieren eine starke Vertrauensbasis, verbreitet durch die Mitarbeiter. Das Potential engagierte Mitarbeiter als Markenbotschafter zu gewinnen, sollten Unternehmen deshalb keinesfalls ungenutzt lassen.<\/p>\n<p>Haben Sie bereits Erfahrungen mit Employee Advocacy gemacht? Worin sehen Sie das Potential von Mitarbeitern als Markenbotschaftern? Wir freuen uns auf Ihre Kommentare.<\/p>\n<p><\/p>\n<p><br \/>\n<\/p>\n","protected":false},"excerpt":{"rendered":"<p>In den vergangenen Jahren avancierte der Begriff der Employee Advocacy zu einem der wichtigsten Schlagworte im Marketing. Laut einer Studie der Altimeter Group aus dem Jahre 2016 planten bereits 90% der befragten Unternehmen in den kommenden Jahren unterschiedliche Formen einer Employee Advocacy zu nutzen. [&#8230;]<\/p>\n","protected":false},"author":6,"featured_media":12655,"comment_status":"closed","ping_status":"open","sticky":false,"template":"","format":"standard","meta":{"_et_pb_use_builder":"","_et_pb_old_content":"","_et_gb_content_width":"","inline_featured_image":false,"footnotes":""},"categories":[2827],"tags":[62,1024,1117,941,1101,1081,71],"class_list":["post-12645","post","type-post","status-publish","format-standard","has-post-thumbnail","hentry","category-cultundcomm","tag-b2b","tag-datenschutz","tag-employee-advocacy","tag-markenbotschafter","tag-marketingkommunikation","tag-reichweite","tag-social-media"],"yoast_head":"<!-- This site is optimized with the Yoast SEO Premium plugin v25.3 (Yoast SEO v27.4) - https:\/\/yoast.com\/product\/yoast-seo-premium-wordpress\/ -->\n<title>Employee Advocacy \u2013 Potential in Mitarbeitern als Markenbotschafter<\/title>\n<meta name=\"description\" content=\"In den vergangenen Jahren avancierte der Begriff der Employee Advocacy zu einem der wichtigsten Schlagworte im Marketing.\" \/>\n<meta name=\"robots\" content=\"index, follow, max-snippet:-1, max-image-preview:large, max-video-preview:-1\" \/>\n<link rel=\"canonical\" href=\"https:\/\/althallercommunication.de\/datenschutz-und-social-media-2\/\" \/>\n<meta property=\"og:locale\" content=\"en_US\" \/>\n<meta property=\"og:type\" content=\"article\" \/>\n<meta property=\"og:title\" content=\"Employee Advocacy \u2013 wie viel Potential steckt in Mitarbeitern als Markenbotschafter?\" \/>\n<meta property=\"og:description\" content=\"In den vergangenen Jahren avancierte der Begriff der Employee Advocacy zu einem der wichtigsten Schlagworte im Marketing.\" \/>\n<meta property=\"og:url\" content=\"https:\/\/althallercommunication.de\/datenschutz-und-social-media-2\/\" \/>\n<meta property=\"og:site_name\" content=\"althaller communication\" \/>\n<meta property=\"article:publisher\" content=\"https:\/\/www.facebook.com\/althallercommunication\" \/>\n<meta property=\"article:published_time\" content=\"2018-05-03T15:00:42+00:00\" \/>\n<meta property=\"article:modified_time\" content=\"2023-12-14T11:11:44+00:00\" \/>\n<meta property=\"og:image\" content=\"https:\/\/althallercommunication.de\/wp-content\/uploads\/2018\/04\/blank-branding-identity-business-6372.jpg\" \/>\n\t<meta property=\"og:image:width\" content=\"1920\" \/>\n\t<meta property=\"og:image:height\" content=\"1280\" \/>\n\t<meta property=\"og:image:type\" content=\"image\/jpeg\" \/>\n<meta name=\"author\" content=\"Jacqueline Althaller\" \/>\n<meta name=\"twitter:card\" content=\"summary_large_image\" \/>\n<meta name=\"twitter:creator\" content=\"@ALTHALLERcom\" \/>\n<meta name=\"twitter:site\" content=\"@ALTHALLERcom\" \/>\n<meta name=\"twitter:label1\" content=\"Written by\" \/>\n\t<meta name=\"twitter:data1\" content=\"Jacqueline Althaller\" \/>\n\t<meta name=\"twitter:label2\" content=\"Est. reading time\" \/>\n\t<meta name=\"twitter:data2\" content=\"4 minutes\" \/>\n<script type=\"application\/ld+json\" class=\"yoast-schema-graph\">{\"@context\":\"https:\\\/\\\/schema.org\",\"@graph\":[{\"@type\":\"Article\",\"@id\":\"https:\\\/\\\/althallercommunication.de\\\/datenschutz-und-social-media-2\\\/#article\",\"isPartOf\":{\"@id\":\"https:\\\/\\\/althallercommunication.de\\\/datenschutz-und-social-media-2\\\/\"},\"author\":{\"name\":\"Jacqueline Althaller\",\"@id\":\"https:\\\/\\\/althallercommunication.de\\\/#\\\/schema\\\/person\\\/4ca72b5e8d0bebc1f9b3061e463e32ee\"},\"headline\":\"Employee Advocacy \u2013 wie viel Potential steckt in Mitarbeitern als Markenbotschafter?\",\"datePublished\":\"2018-05-03T15:00:42+00:00\",\"dateModified\":\"2023-12-14T11:11:44+00:00\",\"mainEntityOfPage\":{\"@id\":\"https:\\\/\\\/althallercommunication.de\\\/datenschutz-und-social-media-2\\\/\"},\"wordCount\":904,\"publisher\":{\"@id\":\"https:\\\/\\\/althallercommunication.de\\\/#organization\"},\"image\":{\"@id\":\"https:\\\/\\\/althallercommunication.de\\\/datenschutz-und-social-media-2\\\/#primaryimage\"},\"thumbnailUrl\":\"https:\\\/\\\/althallercommunication.de\\\/wp-content\\\/uploads\\\/2018\\\/04\\\/blank-branding-identity-business-6372.jpg\",\"keywords\":[\"B2B\",\"Datenschutz\",\"Employee Advocacy\",\"Markenbotschafter\",\"Marketingkommunikation\",\"Reichweite\",\"Social Media\"],\"articleSection\":[\"cultundcomm\"],\"inLanguage\":\"en-US\"},{\"@type\":\"WebPage\",\"@id\":\"https:\\\/\\\/althallercommunication.de\\\/datenschutz-und-social-media-2\\\/\",\"url\":\"https:\\\/\\\/althallercommunication.de\\\/datenschutz-und-social-media-2\\\/\",\"name\":\"Employee Advocacy \u2013 Potential in Mitarbeitern als Markenbotschafter\",\"isPartOf\":{\"@id\":\"https:\\\/\\\/althallercommunication.de\\\/#website\"},\"primaryImageOfPage\":{\"@id\":\"https:\\\/\\\/althallercommunication.de\\\/datenschutz-und-social-media-2\\\/#primaryimage\"},\"image\":{\"@id\":\"https:\\\/\\\/althallercommunication.de\\\/datenschutz-und-social-media-2\\\/#primaryimage\"},\"thumbnailUrl\":\"https:\\\/\\\/althallercommunication.de\\\/wp-content\\\/uploads\\\/2018\\\/04\\\/blank-branding-identity-business-6372.jpg\",\"datePublished\":\"2018-05-03T15:00:42+00:00\",\"dateModified\":\"2023-12-14T11:11:44+00:00\",\"description\":\"In den vergangenen Jahren avancierte der Begriff der Employee Advocacy zu einem der wichtigsten Schlagworte im Marketing.\",\"breadcrumb\":{\"@id\":\"https:\\\/\\\/althallercommunication.de\\\/datenschutz-und-social-media-2\\\/#breadcrumb\"},\"inLanguage\":\"en-US\",\"potentialAction\":[{\"@type\":\"ReadAction\",\"target\":[\"https:\\\/\\\/althallercommunication.de\\\/datenschutz-und-social-media-2\\\/\"]}]},{\"@type\":\"ImageObject\",\"inLanguage\":\"en-US\",\"@id\":\"https:\\\/\\\/althallercommunication.de\\\/datenschutz-und-social-media-2\\\/#primaryimage\",\"url\":\"https:\\\/\\\/althallercommunication.de\\\/wp-content\\\/uploads\\\/2018\\\/04\\\/blank-branding-identity-business-6372.jpg\",\"contentUrl\":\"https:\\\/\\\/althallercommunication.de\\\/wp-content\\\/uploads\\\/2018\\\/04\\\/blank-branding-identity-business-6372.jpg\",\"width\":1920,\"height\":1280},{\"@type\":\"BreadcrumbList\",\"@id\":\"https:\\\/\\\/althallercommunication.de\\\/datenschutz-und-social-media-2\\\/#breadcrumb\",\"itemListElement\":[{\"@type\":\"ListItem\",\"position\":1,\"name\":\"Startseite\",\"item\":\"https:\\\/\\\/althallercommunication.de\\\/en\\\/\"},{\"@type\":\"ListItem\",\"position\":2,\"name\":\"Employee Advocacy \u2013 wie viel Potential steckt in Mitarbeitern als Markenbotschafter?\"}]},{\"@type\":\"WebSite\",\"@id\":\"https:\\\/\\\/althallercommunication.de\\\/#website\",\"url\":\"https:\\\/\\\/althallercommunication.de\\\/\",\"name\":\"althaller communication\",\"description\":\"Martkommunikation B2B\",\"publisher\":{\"@id\":\"https:\\\/\\\/althallercommunication.de\\\/#organization\"},\"potentialAction\":[{\"@type\":\"SearchAction\",\"target\":{\"@type\":\"EntryPoint\",\"urlTemplate\":\"https:\\\/\\\/althallercommunication.de\\\/?s={search_term_string}\"},\"query-input\":{\"@type\":\"PropertyValueSpecification\",\"valueRequired\":true,\"valueName\":\"search_term_string\"}}],\"inLanguage\":\"en-US\"},{\"@type\":\"Organization\",\"@id\":\"https:\\\/\\\/althallercommunication.de\\\/#organization\",\"name\":\"ALTHALLER communication\",\"url\":\"https:\\\/\\\/althallercommunication.de\\\/\",\"logo\":{\"@type\":\"ImageObject\",\"inLanguage\":\"en-US\",\"@id\":\"https:\\\/\\\/althallercommunication.de\\\/#\\\/schema\\\/logo\\\/image\\\/\",\"url\":\"https:\\\/\\\/althallercommunication.de\\\/wp-content\\\/uploads\\\/2023\\\/12\\\/althaller_comm_b.png\",\"contentUrl\":\"https:\\\/\\\/althallercommunication.de\\\/wp-content\\\/uploads\\\/2023\\\/12\\\/althaller_comm_b.png\",\"width\":464,\"height\":110,\"caption\":\"ALTHALLER communication\"},\"image\":{\"@id\":\"https:\\\/\\\/althallercommunication.de\\\/#\\\/schema\\\/logo\\\/image\\\/\"},\"sameAs\":[\"https:\\\/\\\/www.facebook.com\\\/althallercommunication\",\"https:\\\/\\\/x.com\\\/ALTHALLERcom\",\"https:\\\/\\\/www.linkedin.com\\\/company\\\/3332596?trk=tyah&amp;amp;amp;trkInfo=tas:COMMUNICATION Presse und PR,idx:1-1-1\"]},{\"@type\":\"Person\",\"@id\":\"https:\\\/\\\/althallercommunication.de\\\/#\\\/schema\\\/person\\\/4ca72b5e8d0bebc1f9b3061e463e32ee\",\"name\":\"Jacqueline Althaller\",\"image\":{\"@type\":\"ImageObject\",\"inLanguage\":\"en-US\",\"@id\":\"https:\\\/\\\/secure.gravatar.com\\\/avatar\\\/2e8cdf7784b763130efe210406ba46634d04913cf12c46cf98b2799d6da47211?s=96&d=mm&r=g\",\"url\":\"https:\\\/\\\/secure.gravatar.com\\\/avatar\\\/2e8cdf7784b763130efe210406ba46634d04913cf12c46cf98b2799d6da47211?s=96&d=mm&r=g\",\"contentUrl\":\"https:\\\/\\\/secure.gravatar.com\\\/avatar\\\/2e8cdf7784b763130efe210406ba46634d04913cf12c46cf98b2799d6da47211?s=96&d=mm&r=g\",\"caption\":\"Jacqueline Althaller\"},\"description\":\"$$$2021hmb8hzb4MD\",\"url\":\"https:\\\/\\\/althallercommunication.de\\\/en\\\/author\\\/jacqueline-althaller\\\/\"}]}<\/script>\n<!-- \/ Yoast SEO Premium plugin. -->","yoast_head_json":{"title":"Employee Advocacy \u2013 Potential in Mitarbeitern als Markenbotschafter","description":"In den vergangenen Jahren avancierte der Begriff der Employee Advocacy zu einem der wichtigsten Schlagworte im Marketing.","robots":{"index":"index","follow":"follow","max-snippet":"max-snippet:-1","max-image-preview":"max-image-preview:large","max-video-preview":"max-video-preview:-1"},"canonical":"https:\/\/althallercommunication.de\/datenschutz-und-social-media-2\/","og_locale":"en_US","og_type":"article","og_title":"Employee Advocacy \u2013 wie viel Potential steckt in Mitarbeitern als Markenbotschafter?","og_description":"In den vergangenen Jahren avancierte der Begriff der Employee Advocacy zu einem der wichtigsten Schlagworte im Marketing.","og_url":"https:\/\/althallercommunication.de\/datenschutz-und-social-media-2\/","og_site_name":"althaller communication","article_publisher":"https:\/\/www.facebook.com\/althallercommunication","article_published_time":"2018-05-03T15:00:42+00:00","article_modified_time":"2023-12-14T11:11:44+00:00","og_image":[{"width":1920,"height":1280,"url":"https:\/\/althallercommunication.de\/wp-content\/uploads\/2018\/04\/blank-branding-identity-business-6372.jpg","type":"image\/jpeg"}],"author":"Jacqueline Althaller","twitter_card":"summary_large_image","twitter_creator":"@ALTHALLERcom","twitter_site":"@ALTHALLERcom","twitter_misc":{"Written by":"Jacqueline Althaller","Est. reading time":"4 minutes"},"schema":{"@context":"https:\/\/schema.org","@graph":[{"@type":"Article","@id":"https:\/\/althallercommunication.de\/datenschutz-und-social-media-2\/#article","isPartOf":{"@id":"https:\/\/althallercommunication.de\/datenschutz-und-social-media-2\/"},"author":{"name":"Jacqueline Althaller","@id":"https:\/\/althallercommunication.de\/#\/schema\/person\/4ca72b5e8d0bebc1f9b3061e463e32ee"},"headline":"Employee Advocacy \u2013 wie viel Potential steckt in Mitarbeitern als Markenbotschafter?","datePublished":"2018-05-03T15:00:42+00:00","dateModified":"2023-12-14T11:11:44+00:00","mainEntityOfPage":{"@id":"https:\/\/althallercommunication.de\/datenschutz-und-social-media-2\/"},"wordCount":904,"publisher":{"@id":"https:\/\/althallercommunication.de\/#organization"},"image":{"@id":"https:\/\/althallercommunication.de\/datenschutz-und-social-media-2\/#primaryimage"},"thumbnailUrl":"https:\/\/althallercommunication.de\/wp-content\/uploads\/2018\/04\/blank-branding-identity-business-6372.jpg","keywords":["B2B","Datenschutz","Employee Advocacy","Markenbotschafter","Marketingkommunikation","Reichweite","Social Media"],"articleSection":["cultundcomm"],"inLanguage":"en-US"},{"@type":"WebPage","@id":"https:\/\/althallercommunication.de\/datenschutz-und-social-media-2\/","url":"https:\/\/althallercommunication.de\/datenschutz-und-social-media-2\/","name":"Employee Advocacy \u2013 Potential in Mitarbeitern als Markenbotschafter","isPartOf":{"@id":"https:\/\/althallercommunication.de\/#website"},"primaryImageOfPage":{"@id":"https:\/\/althallercommunication.de\/datenschutz-und-social-media-2\/#primaryimage"},"image":{"@id":"https:\/\/althallercommunication.de\/datenschutz-und-social-media-2\/#primaryimage"},"thumbnailUrl":"https:\/\/althallercommunication.de\/wp-content\/uploads\/2018\/04\/blank-branding-identity-business-6372.jpg","datePublished":"2018-05-03T15:00:42+00:00","dateModified":"2023-12-14T11:11:44+00:00","description":"In den vergangenen Jahren avancierte der Begriff der Employee Advocacy zu einem der wichtigsten Schlagworte im Marketing.","breadcrumb":{"@id":"https:\/\/althallercommunication.de\/datenschutz-und-social-media-2\/#breadcrumb"},"inLanguage":"en-US","potentialAction":[{"@type":"ReadAction","target":["https:\/\/althallercommunication.de\/datenschutz-und-social-media-2\/"]}]},{"@type":"ImageObject","inLanguage":"en-US","@id":"https:\/\/althallercommunication.de\/datenschutz-und-social-media-2\/#primaryimage","url":"https:\/\/althallercommunication.de\/wp-content\/uploads\/2018\/04\/blank-branding-identity-business-6372.jpg","contentUrl":"https:\/\/althallercommunication.de\/wp-content\/uploads\/2018\/04\/blank-branding-identity-business-6372.jpg","width":1920,"height":1280},{"@type":"BreadcrumbList","@id":"https:\/\/althallercommunication.de\/datenschutz-und-social-media-2\/#breadcrumb","itemListElement":[{"@type":"ListItem","position":1,"name":"Startseite","item":"https:\/\/althallercommunication.de\/en\/"},{"@type":"ListItem","position":2,"name":"Employee Advocacy \u2013 wie viel Potential steckt in Mitarbeitern als Markenbotschafter?"}]},{"@type":"WebSite","@id":"https:\/\/althallercommunication.de\/#website","url":"https:\/\/althallercommunication.de\/","name":"althaller communication","description":"Martkommunikation B2B","publisher":{"@id":"https:\/\/althallercommunication.de\/#organization"},"potentialAction":[{"@type":"SearchAction","target":{"@type":"EntryPoint","urlTemplate":"https:\/\/althallercommunication.de\/?s={search_term_string}"},"query-input":{"@type":"PropertyValueSpecification","valueRequired":true,"valueName":"search_term_string"}}],"inLanguage":"en-US"},{"@type":"Organization","@id":"https:\/\/althallercommunication.de\/#organization","name":"ALTHALLER communication","url":"https:\/\/althallercommunication.de\/","logo":{"@type":"ImageObject","inLanguage":"en-US","@id":"https:\/\/althallercommunication.de\/#\/schema\/logo\/image\/","url":"https:\/\/althallercommunication.de\/wp-content\/uploads\/2023\/12\/althaller_comm_b.png","contentUrl":"https:\/\/althallercommunication.de\/wp-content\/uploads\/2023\/12\/althaller_comm_b.png","width":464,"height":110,"caption":"ALTHALLER communication"},"image":{"@id":"https:\/\/althallercommunication.de\/#\/schema\/logo\/image\/"},"sameAs":["https:\/\/www.facebook.com\/althallercommunication","https:\/\/x.com\/ALTHALLERcom","https:\/\/www.linkedin.com\/company\/3332596?trk=tyah&amp;amp;amp;trkInfo=tas:COMMUNICATION Presse und PR,idx:1-1-1"]},{"@type":"Person","@id":"https:\/\/althallercommunication.de\/#\/schema\/person\/4ca72b5e8d0bebc1f9b3061e463e32ee","name":"Jacqueline Althaller","image":{"@type":"ImageObject","inLanguage":"en-US","@id":"https:\/\/secure.gravatar.com\/avatar\/2e8cdf7784b763130efe210406ba46634d04913cf12c46cf98b2799d6da47211?s=96&d=mm&r=g","url":"https:\/\/secure.gravatar.com\/avatar\/2e8cdf7784b763130efe210406ba46634d04913cf12c46cf98b2799d6da47211?s=96&d=mm&r=g","contentUrl":"https:\/\/secure.gravatar.com\/avatar\/2e8cdf7784b763130efe210406ba46634d04913cf12c46cf98b2799d6da47211?s=96&d=mm&r=g","caption":"Jacqueline Althaller"},"description":"$$$2021hmb8hzb4MD","url":"https:\/\/althallercommunication.de\/en\/author\/jacqueline-althaller\/"}]}},"_links":{"self":[{"href":"https:\/\/althallercommunication.de\/en\/wp-json\/wp\/v2\/posts\/12645","targetHints":{"allow":["GET"]}}],"collection":[{"href":"https:\/\/althallercommunication.de\/en\/wp-json\/wp\/v2\/posts"}],"about":[{"href":"https:\/\/althallercommunication.de\/en\/wp-json\/wp\/v2\/types\/post"}],"author":[{"embeddable":true,"href":"https:\/\/althallercommunication.de\/en\/wp-json\/wp\/v2\/users\/6"}],"replies":[{"embeddable":true,"href":"https:\/\/althallercommunication.de\/en\/wp-json\/wp\/v2\/comments?post=12645"}],"version-history":[{"count":2,"href":"https:\/\/althallercommunication.de\/en\/wp-json\/wp\/v2\/posts\/12645\/revisions"}],"predecessor-version":[{"id":12774,"href":"https:\/\/althallercommunication.de\/en\/wp-json\/wp\/v2\/posts\/12645\/revisions\/12774"}],"wp:featuredmedia":[{"embeddable":true,"href":"https:\/\/althallercommunication.de\/en\/wp-json\/wp\/v2\/media\/12655"}],"wp:attachment":[{"href":"https:\/\/althallercommunication.de\/en\/wp-json\/wp\/v2\/media?parent=12645"}],"wp:term":[{"taxonomy":"category","embeddable":true,"href":"https:\/\/althallercommunication.de\/en\/wp-json\/wp\/v2\/categories?post=12645"},{"taxonomy":"post_tag","embeddable":true,"href":"https:\/\/althallercommunication.de\/en\/wp-json\/wp\/v2\/tags?post=12645"}],"curies":[{"name":"wp","href":"https:\/\/api.w.org\/{rel}","templated":true}]}}