{"id":13084,"date":"2018-06-14T08:00:22","date_gmt":"2018-06-14T06:00:22","guid":{"rendered":"http:\/\/www.althallercommunication.de\/zeit-des-lachens-im-dr-von-haunerschen-kinderspital-2\/"},"modified":"2024-03-02T10:46:15","modified_gmt":"2024-03-02T09:46:15","slug":"zeit-des-lachens-im-klinikum-bayreuth","status":"publish","type":"post","link":"https:\/\/althallercommunication.de\/en\/zeit-des-lachens-im-klinikum-bayreuth\/","title":{"rendered":"\u201eZeit des Lachens e.V.\u201c im Klinikum Bayreuth"},"content":{"rendered":"<p><\/p>\n<p>Juni 2018<\/p>\n<h2><strong>\u201eZeit des Lachens e.V.\u201c im Klinikum Bayreuth<\/strong><\/h2>\n<ul>\n<li><strong>Freude und Abwechslung auf den Kinderstationen<\/strong><\/li>\n<li><strong>Profi-Sportler vieler bekannter Bayreuther Sportvereine mit Clowns, M\u00e4rchenerz\u00e4hlerin und Kiddy, der musikalischsten Schildkr\u00f6te der Welt zu Besuch bei den kleinen Patienten<\/strong><\/li>\n<\/ul>\n<p>M\u00fcnchen, 14. Juni 2018. Zum zweiten Mal besucht \u201eZeit des Lachens e.V.\u201c das Klinikum Bayreuth, um seinen kleinen Patienten mit einem vielf\u00e4ltigen und bunten Programm <strong>viel Spa\u00df, Lachen und Freude zu schenken<\/strong>. Mit dabei sind dieses Mal \u00dcberraschungsg\u00e4ste bekannter Bayreuther Vereine wie Medi Bayreuth, HaSpo Bayreuth, SpVgg Oberfranken Bayreuth und den Bayreuth Tigers sowie viele Musiker und K\u00fcnstler.<\/p>\n<p>\u201eZum Gesundwerden geh\u00f6rt selbstverst\u00e4ndlich eine \u00e4rztliche und pflegerische Versorgung auf Top-Niveau\u201c, sagt Prof. Dr. Thomas Rupprecht, Chefarzt der Klinik f\u00fcr Kinder und Jugendliche. \u201eAber wir erleben es jeden Tag: Wenn sich unsere kleinen Patientinnen und Patienten gemeinsam mit ihrer Familie bei uns wohlf\u00fchlen, ist das Gesundwerden viel leichter. Dazu tr\u00e4gt ein solcher Tag des Lachens viel bei.\u201c<\/p>\n<p><strong>\u201eF\u00fcrsorglich-nah-innovativ\u201c:<\/strong> Unter dieser Pr\u00e4misse bietet das Klinikum Bayreuth \u2013 und besonders die Kinderklinik \u2013 eine umfassende Betreuung von Fr\u00fch- und Neugeborenen, sowie Kinder aller Altersgruppen in allen Bereichen der Kinder- und Jugendmedizin. Die Kinderklinik umfasst 70 Betten auf insgesamt 6 Stationen und Abteilungen, darunter Onkologie, P\u00e4diatrische Intensivstation und P\u00e4diatrische Radiologie sowie ein sozialp\u00e4diatrisches Zentrum. Langwierige Klinikaufenthalte stellen eine extreme Belastung f\u00fcr alle Beteiligten dar. Hoffen und Bangen werden zentrale Elemente eines Familienlebens, das oft \u00fcber Monate im Krankenhaus stattfindet. Hier setzt der \u201eZeit des Lachens e.V.\u201c an: Ziel des 2009 gegr\u00fcndeten Vereines ist es, einen Tag voller Spa\u00df und Abwechslung in Kinderkrankenh\u00e4user zu bringen und damit kranken Kindern und Jugendlichen <strong>Kraft zur Genesung<\/strong> zu geben.<\/p>\n<p>Auf die kleinen Patienten und deren Angeh\u00f6rige wartet am 14. Juni ein liebevoll und abwechslungsreich gestaltetes Programm: Von <strong>Kiddy<\/strong>, der musikalischsten Schildkr\u00f6te der Welt, werden die Kinder mit Musik begeistert und zum Mitsingen eingeladen. M\u00e4rchengeschichten erz\u00e4hlt <strong>Marina Lahann<\/strong>, die die Kinder in eine zauberhafte Welt mitnimmt. F\u00fcr ausgiebige Lacher bei Gro\u00df und Klein ist die Clownin <strong>Frau Rund<\/strong> zust\u00e4ndig.<\/p>\n<p>Ein besonderes Highlight ist der Besuch von Spielern aller bekannten Bayreuther Sportvereine, die \u00a0mit spannenden Geschichten aus ihrem Sportleralltag die kleinen Patienten in ihren Bann ziehen und Abwechslung vom sonst eher monotonen Krankenhausalltag bieten.<\/p>\n<p>Das Engagement von \u201eZeit des Lachens\u201c richtet sich \u2013 im Gegensatz vielen anderen ehrenamtlichen Initiativen \u2013 nicht ausschlie\u00dflich an Kinder, sondern bindet gezielt auch Erwachsene in sein Konzept ein: Im Nachgang schenkt der Verein den Eltern und vor allem auch dem Pflegepersonal und den \u00c4rzten ein <strong>Lachyoga-Seminar mit Lachyoga-Therapeutin Ute Liebhard. <\/strong>Damit erhalten die Teilnehmer eine Mentaltechnik mit der sie noch lange nach dem Kurs in der Lage sind, sich durch bestimmte \u00dcbungen immer wieder in eine positive Grundstimmung zu versetzen \u2013 im oftmals anstrengenden Klinikalltag eine sehr wertvolle und anhaltend wirkende Gabe.<\/p>\n<p>Jacqueline Althaller, Gr\u00fcnderin des \u201eZeit des Lachens e.V\u201c, freut sich \u00fcber den Besuch in Bayreuth: \u201eUnser Ziel ist es, <strong>nachhaltig Impulse zu setzen<\/strong>. Unsere \u201aTage des Lachens\u2018 vermitteln positive Stimmung \u2013 und wir erleben immer wieder, dass diese lange sp\u00fcrbar bleibt und in den kleinen Patienten und ihren Angeh\u00f6rigen heilsam nachwirkt. \u201aTage des Lachens\u2018 wie im Klinikum Bayreuth sind ohne unsere Sponsoren nicht m\u00f6glich. M\u00fcnchner Unternehmen wie die <strong>Bayerische B\u00f6rse<\/strong>, <strong>goetzpartners<\/strong>, <strong>zooplus AG<\/strong> und viele weitere Spender unterst\u00fctzen die nachhaltigen Aktivit\u00e4ten von Zeit des Lachens e.V.\u201c<\/p>\n<p>Die Veranstaltung am 14. Juni im Klinikum Bayreuth ist bereits der zweite \u201eTag des Lachens\u201c in diesem Jahr. Die <strong>n\u00e4chste Veranstaltung<\/strong> ist bereits in der Planung und wird voraussichtlich im Oktober stattfinden.<\/p>\n<p><strong>\u00dcber \u201eZeit des Lachens e.V.\u201c<\/strong><\/p>\n<p>Lachen, Freude, ganz viel Spa\u00df und vor allem Abwechslung: Das bringt der \u201eZeit des Lachens e.V.\u201c den kleinen Patienten, ihren Angeh\u00f6rigen und dem Personal in bundesdeutschen Kinderkliniken. Der Grundgedanke ist Nachhaltigkeit: Was w\u00e4hrend eines Besuches vermittelt wird, soll langfristig positiv in den Klinikalltag hineinwirken. Initiiert wurde die Aktion bereits in 2005, nach einem Konzept der M\u00fcnchner Agentur ALTHALLER communication. Im Mai 2009 ist aus der Initiative der Verein \u201eZeit des Lachens e.V.\u201c mit Sitz in M\u00fcnchen hervorgegangen.<\/p>\n<p>Weitere Informationen unter: <a href=\"http:\/\/www.zeitdeslachens.de\">www.zeitdeslachens.de<\/a><\/p>\n<p>PI zum Download<\/p>\n<p><\/p>\n<p>Bildmaterial<\/p>\n<p>https:\/\/althallercommunication.de\/wp-content\/uploads\/2017\/03\/Jaqueline_Althaller-3.jpg<\/p>\n<p>BU: Jacqueline Althaller, Initiatorin und Sprecherin des \u201eZeit des Lachens e.V.\u201c: \u201eUnser Ziel ist es, nachhaltig Impulse zu setzen. Unsere \u201aTage des Lachens\u2018 vermitteln positive Stimmung \u2013 und wir erleben immer wieder, dass diese lange sp\u00fcrbar bleibt und in den kleinen Patienten und ihren Angeh\u00f6rigen heilsam nachwirkt.\u201c<\/p>\n<p>W2Z1c2lvbl9idXR0b24gbGluaz0mcXVvdDtqYXZhc2NyaXB0Omhpc3RvcnkuYmFjaygpJnF1b3Q7IHRpdGxlPSZxdW90OyZxdW90OyB0YXJnZXQ9JnF1b3Q7X3NlbGYmcXVvdDsgYWxpZ25tZW50PSZxdW90O2NlbnRlciZxdW90OyBtb2RhbD0mcXVvdDsmcXVvdDsgaGlkZV9vbl9tb2JpbGU9JnF1b3Q7c21hbGwtdmlzaWJpbGl0eSxtZWRpdW0tdmlzaWJpbGl0eSxsYXJnZS12aXNpYmlsaXR5JnF1b3Q7IGNsYXNzPSZxdW90OyZxdW90OyBpZD0mcXVvdDsmcXVvdDsgY29sb3I9JnF1b3Q7ZGVmYXVsdCZxdW90OyBidXR0b25fZ3JhZGllbnRfdG9wX2NvbG9yPSZxdW90OyZxdW90OyBidXR0b25fZ3JhZGllbnRfYm90dG9tX2NvbG9yPSZxdW90OyZxdW90OyBidXR0b25fZ3JhZGllbnRfdG9wX2NvbG9yX2hvdmVyPSZxdW90OyZxdW90OyBidXR0b25fZ3JhZGllbnRfYm90dG9tX2NvbG9yX2hvdmVyPSZxdW90OyZxdW90OyBhY2NlbnRfY29sb3I9JnF1b3Q7JnF1b3Q7IGFjY2VudF9ob3Zlcl9jb2xvcj0mcXVvdDsmcXVvdDsgdHlwZT0mcXVvdDsmcXVvdDsgYmV2ZWxfY29sb3I9JnF1b3Q7JnF1b3Q7IGJvcmRlcl93aWR0aD0mcXVvdDsmcXVvdDsgc2l6ZT0mcXVvdDttZWRpdW0mcXVvdDsgc3RyZXRjaD0mcXVvdDtkZWZhdWx0JnF1b3Q7IHNoYXBlPSZxdW90O3JvdW5kJnF1b3Q7IGljb249JnF1b3Q7ZmEtY2hldnJvbi1sZWZ0JnF1b3Q7IGljb25fcG9zaXRpb249JnF1b3Q7bGVmdCZxdW90OyBpY29uX2RpdmlkZXI9JnF1b3Q7bm8mcXVvdDsgYW5pbWF0aW9uX3R5cGU9JnF1b3Q7JnF1b3Q7IGFuaW1hdGlvbl9kaXJlY3Rpb249JnF1b3Q7bGVmdCZxdW90OyBhbmltYXRpb25fc3BlZWQ9JnF1b3Q7MC4zJnF1b3Q7IGFuaW1hdGlvbl9vZmZzZXQ9JnF1b3Q7JnF1b3Q7XXp1csO8Y2tbL2Z1c2lvbl9idXR0b25d<\/p>\n<p>Pressekontakt und Redaktion<br \/>\n<strong>Sophie Thumser<br \/>\n<\/strong>ALTHALLER communication<br \/>\nElisabethstra\u00dfe 13<br \/>\n80796 M\u00fcnchen<\/p>\n<p><em>Bildmaterial stellen wir auf Wunsch gerne zur Verf\u00fcgung.<\/em><\/p>\n<p><\/p>\n<p>+49 (0) 89 38 66 52 60<\/p>\n<p><\/p>\n<p>+49 (0) 89 38 66 52 75<\/p>\n<p><\/p>\n<p><a href=\"mailto:info@althallercommunication.de\">info@althallercommunication.de<\/a><\/p>\n<p><\/p>\n<p><a href=\"https:\/\/althallercommunication.de\/\">www.althallercommunication.de<\/a><\/p>\n<p><\/p>\n","protected":false},"excerpt":{"rendered":"<p><strong>Zeit des Lachens e.V.<\/strong> | M\u00fcnchen: <\/br>\u201eZeit des Lachens e.V.\u201c im Klinikum Bayreuth<\/p>\n","protected":false},"author":6,"featured_media":0,"comment_status":"closed","ping_status":"open","sticky":false,"template":"","format":"standard","meta":{"_et_pb_use_builder":"","_et_pb_old_content":"","_et_gb_content_width":"","inline_featured_image":false,"footnotes":""},"categories":[2752,2765,2756,1,2758,2766,2829],"tags":[],"class_list":["post-13084","post","type-post","status-publish","format-standard","hentry","category-healthcare","category-klassische-pressearbeit","category-kunden-in-den-medien","category-unkategorisiert","category-pressemeldungen","category-social-media","category-zeit-des-lachens"],"yoast_head":"<!-- This site is optimized with the Yoast SEO Premium plugin v25.3 (Yoast SEO v27.5) - https:\/\/yoast.com\/product\/yoast-seo-premium-wordpress\/ -->\n<title>\u201eZeit des Lachens e.V.\u201c im Klinikum Bayreuth | althaller communication<\/title>\n<meta name=\"description\" content=\"Zum zweiten Mal besucht \u201eZeit des Lachens e.V.\u201c das Klinikum Bayreuth, um seinen kleinen Patienten mit einem vielf\u00e4ltigen und bunten Programm viel Spa\u00df, Lachen und Freude zu schenken.\" \/>\n<meta name=\"robots\" content=\"index, follow, max-snippet:-1, max-image-preview:large, max-video-preview:-1\" \/>\n<link rel=\"canonical\" href=\"https:\/\/althallercommunication.de\/zeit-des-lachens-im-klinikum-bayreuth\/\" \/>\n<meta property=\"og:locale\" content=\"en_US\" \/>\n<meta property=\"og:type\" content=\"article\" \/>\n<meta property=\"og:title\" content=\"\u201eZeit des Lachens e.V.\u201c im Klinikum Bayreuth\" \/>\n<meta property=\"og:description\" content=\"Zum zweiten Mal besucht \u201eZeit des Lachens e.V.\u201c das Klinikum Bayreuth, um seinen kleinen Patienten mit einem vielf\u00e4ltigen und bunten Programm viel Spa\u00df, Lachen und Freude zu schenken.\" \/>\n<meta property=\"og:url\" content=\"https:\/\/althallercommunication.de\/zeit-des-lachens-im-klinikum-bayreuth\/\" \/>\n<meta property=\"og:site_name\" content=\"althaller communication\" \/>\n<meta property=\"article:publisher\" content=\"https:\/\/www.facebook.com\/althallercommunication\" \/>\n<meta property=\"article:published_time\" content=\"2018-06-14T06:00:22+00:00\" \/>\n<meta property=\"article:modified_time\" content=\"2024-03-02T09:46:15+00:00\" \/>\n<meta name=\"author\" content=\"Jacqueline Althaller\" \/>\n<meta name=\"twitter:card\" content=\"summary_large_image\" \/>\n<meta name=\"twitter:creator\" content=\"@ALTHALLERcom\" \/>\n<meta name=\"twitter:site\" content=\"@ALTHALLERcom\" \/>\n<meta name=\"twitter:label1\" content=\"Written by\" \/>\n\t<meta name=\"twitter:data1\" content=\"Jacqueline Althaller\" \/>\n\t<meta name=\"twitter:label2\" content=\"Est. reading time\" \/>\n\t<meta name=\"twitter:data2\" content=\"7 minutes\" \/>\n<script type=\"application\/ld+json\" class=\"yoast-schema-graph\">{\"@context\":\"https:\\\/\\\/schema.org\",\"@graph\":[{\"@type\":\"Article\",\"@id\":\"https:\\\/\\\/althallercommunication.de\\\/zeit-des-lachens-im-klinikum-bayreuth\\\/#article\",\"isPartOf\":{\"@id\":\"https:\\\/\\\/althallercommunication.de\\\/zeit-des-lachens-im-klinikum-bayreuth\\\/\"},\"author\":{\"name\":\"Jacqueline Althaller\",\"@id\":\"https:\\\/\\\/althallercommunication.de\\\/#\\\/schema\\\/person\\\/4ca72b5e8d0bebc1f9b3061e463e32ee\"},\"headline\":\"\u201eZeit des Lachens e.V.\u201c im Klinikum Bayreuth\",\"datePublished\":\"2018-06-14T06:00:22+00:00\",\"dateModified\":\"2024-03-02T09:46:15+00:00\",\"mainEntityOfPage\":{\"@id\":\"https:\\\/\\\/althallercommunication.de\\\/zeit-des-lachens-im-klinikum-bayreuth\\\/\"},\"wordCount\":1360,\"publisher\":{\"@id\":\"https:\\\/\\\/althallercommunication.de\\\/#organization\"},\"articleSection\":[\"Healthcare\",\"Klassische Pressearbeit\",\"Kunden\",\"Others\",\"Pressemeldungen\",\"Social Media\",\"Zeit des Lachens\"],\"inLanguage\":\"en-US\"},{\"@type\":\"WebPage\",\"@id\":\"https:\\\/\\\/althallercommunication.de\\\/zeit-des-lachens-im-klinikum-bayreuth\\\/\",\"url\":\"https:\\\/\\\/althallercommunication.de\\\/zeit-des-lachens-im-klinikum-bayreuth\\\/\",\"name\":\"\u201eZeit des Lachens e.V.\u201c im Klinikum Bayreuth | althaller communication\",\"isPartOf\":{\"@id\":\"https:\\\/\\\/althallercommunication.de\\\/#website\"},\"datePublished\":\"2018-06-14T06:00:22+00:00\",\"dateModified\":\"2024-03-02T09:46:15+00:00\",\"description\":\"Zum zweiten Mal besucht \u201eZeit des Lachens e.V.\u201c das Klinikum Bayreuth, um seinen kleinen Patienten mit einem vielf\u00e4ltigen und bunten Programm viel Spa\u00df, Lachen und Freude zu schenken.\",\"breadcrumb\":{\"@id\":\"https:\\\/\\\/althallercommunication.de\\\/zeit-des-lachens-im-klinikum-bayreuth\\\/#breadcrumb\"},\"inLanguage\":\"en-US\",\"potentialAction\":[{\"@type\":\"ReadAction\",\"target\":[\"https:\\\/\\\/althallercommunication.de\\\/zeit-des-lachens-im-klinikum-bayreuth\\\/\"]}]},{\"@type\":\"BreadcrumbList\",\"@id\":\"https:\\\/\\\/althallercommunication.de\\\/zeit-des-lachens-im-klinikum-bayreuth\\\/#breadcrumb\",\"itemListElement\":[{\"@type\":\"ListItem\",\"position\":1,\"name\":\"Startseite\",\"item\":\"https:\\\/\\\/althallercommunication.de\\\/en\\\/\"},{\"@type\":\"ListItem\",\"position\":2,\"name\":\"\u201eZeit des Lachens e.V.\u201c im Klinikum Bayreuth\"}]},{\"@type\":\"WebSite\",\"@id\":\"https:\\\/\\\/althallercommunication.de\\\/#website\",\"url\":\"https:\\\/\\\/althallercommunication.de\\\/\",\"name\":\"althaller communication\",\"description\":\"Martkommunikation B2B\",\"publisher\":{\"@id\":\"https:\\\/\\\/althallercommunication.de\\\/#organization\"},\"potentialAction\":[{\"@type\":\"SearchAction\",\"target\":{\"@type\":\"EntryPoint\",\"urlTemplate\":\"https:\\\/\\\/althallercommunication.de\\\/?s={search_term_string}\"},\"query-input\":{\"@type\":\"PropertyValueSpecification\",\"valueRequired\":true,\"valueName\":\"search_term_string\"}}],\"inLanguage\":\"en-US\"},{\"@type\":\"Organization\",\"@id\":\"https:\\\/\\\/althallercommunication.de\\\/#organization\",\"name\":\"ALTHALLER communication\",\"url\":\"https:\\\/\\\/althallercommunication.de\\\/\",\"logo\":{\"@type\":\"ImageObject\",\"inLanguage\":\"en-US\",\"@id\":\"https:\\\/\\\/althallercommunication.de\\\/#\\\/schema\\\/logo\\\/image\\\/\",\"url\":\"https:\\\/\\\/althallercommunication.de\\\/wp-content\\\/uploads\\\/2023\\\/12\\\/althaller_comm_b.png\",\"contentUrl\":\"https:\\\/\\\/althallercommunication.de\\\/wp-content\\\/uploads\\\/2023\\\/12\\\/althaller_comm_b.png\",\"width\":464,\"height\":110,\"caption\":\"ALTHALLER communication\"},\"image\":{\"@id\":\"https:\\\/\\\/althallercommunication.de\\\/#\\\/schema\\\/logo\\\/image\\\/\"},\"sameAs\":[\"https:\\\/\\\/www.facebook.com\\\/althallercommunication\",\"https:\\\/\\\/x.com\\\/ALTHALLERcom\",\"https:\\\/\\\/www.linkedin.com\\\/company\\\/3332596?trk=tyah&amp;amp;amp;trkInfo=tas:COMMUNICATION Presse und PR,idx:1-1-1\"]},{\"@type\":\"Person\",\"@id\":\"https:\\\/\\\/althallercommunication.de\\\/#\\\/schema\\\/person\\\/4ca72b5e8d0bebc1f9b3061e463e32ee\",\"name\":\"Jacqueline Althaller\",\"image\":{\"@type\":\"ImageObject\",\"inLanguage\":\"en-US\",\"@id\":\"https:\\\/\\\/secure.gravatar.com\\\/avatar\\\/2e8cdf7784b763130efe210406ba46634d04913cf12c46cf98b2799d6da47211?s=96&d=mm&r=g\",\"url\":\"https:\\\/\\\/secure.gravatar.com\\\/avatar\\\/2e8cdf7784b763130efe210406ba46634d04913cf12c46cf98b2799d6da47211?s=96&d=mm&r=g\",\"contentUrl\":\"https:\\\/\\\/secure.gravatar.com\\\/avatar\\\/2e8cdf7784b763130efe210406ba46634d04913cf12c46cf98b2799d6da47211?s=96&d=mm&r=g\",\"caption\":\"Jacqueline Althaller\"},\"description\":\"$$$2021hmb8hzb4MD\",\"url\":\"https:\\\/\\\/althallercommunication.de\\\/en\\\/author\\\/jacqueline-althaller\\\/\"}]}<\/script>\n<!-- \/ Yoast SEO Premium plugin. -->","yoast_head_json":{"title":"\u201eZeit des Lachens e.V.\u201c im Klinikum Bayreuth | althaller communication","description":"Zum zweiten Mal besucht \u201eZeit des Lachens e.V.\u201c das Klinikum Bayreuth, um seinen kleinen Patienten mit einem vielf\u00e4ltigen und bunten Programm viel Spa\u00df, Lachen und Freude zu schenken.","robots":{"index":"index","follow":"follow","max-snippet":"max-snippet:-1","max-image-preview":"max-image-preview:large","max-video-preview":"max-video-preview:-1"},"canonical":"https:\/\/althallercommunication.de\/zeit-des-lachens-im-klinikum-bayreuth\/","og_locale":"en_US","og_type":"article","og_title":"\u201eZeit des Lachens e.V.\u201c im Klinikum Bayreuth","og_description":"Zum zweiten Mal besucht \u201eZeit des Lachens e.V.\u201c das Klinikum Bayreuth, um seinen kleinen Patienten mit einem vielf\u00e4ltigen und bunten Programm viel Spa\u00df, Lachen und Freude zu schenken.","og_url":"https:\/\/althallercommunication.de\/zeit-des-lachens-im-klinikum-bayreuth\/","og_site_name":"althaller communication","article_publisher":"https:\/\/www.facebook.com\/althallercommunication","article_published_time":"2018-06-14T06:00:22+00:00","article_modified_time":"2024-03-02T09:46:15+00:00","author":"Jacqueline Althaller","twitter_card":"summary_large_image","twitter_creator":"@ALTHALLERcom","twitter_site":"@ALTHALLERcom","twitter_misc":{"Written by":"Jacqueline Althaller","Est. reading time":"7 minutes"},"schema":{"@context":"https:\/\/schema.org","@graph":[{"@type":"Article","@id":"https:\/\/althallercommunication.de\/zeit-des-lachens-im-klinikum-bayreuth\/#article","isPartOf":{"@id":"https:\/\/althallercommunication.de\/zeit-des-lachens-im-klinikum-bayreuth\/"},"author":{"name":"Jacqueline Althaller","@id":"https:\/\/althallercommunication.de\/#\/schema\/person\/4ca72b5e8d0bebc1f9b3061e463e32ee"},"headline":"\u201eZeit des Lachens e.V.\u201c im Klinikum Bayreuth","datePublished":"2018-06-14T06:00:22+00:00","dateModified":"2024-03-02T09:46:15+00:00","mainEntityOfPage":{"@id":"https:\/\/althallercommunication.de\/zeit-des-lachens-im-klinikum-bayreuth\/"},"wordCount":1360,"publisher":{"@id":"https:\/\/althallercommunication.de\/#organization"},"articleSection":["Healthcare","Klassische Pressearbeit","Kunden","Others","Pressemeldungen","Social Media","Zeit des Lachens"],"inLanguage":"en-US"},{"@type":"WebPage","@id":"https:\/\/althallercommunication.de\/zeit-des-lachens-im-klinikum-bayreuth\/","url":"https:\/\/althallercommunication.de\/zeit-des-lachens-im-klinikum-bayreuth\/","name":"\u201eZeit des Lachens e.V.\u201c im Klinikum Bayreuth | althaller communication","isPartOf":{"@id":"https:\/\/althallercommunication.de\/#website"},"datePublished":"2018-06-14T06:00:22+00:00","dateModified":"2024-03-02T09:46:15+00:00","description":"Zum zweiten Mal besucht \u201eZeit des Lachens e.V.\u201c das Klinikum Bayreuth, um seinen kleinen Patienten mit einem vielf\u00e4ltigen und bunten Programm viel Spa\u00df, Lachen und Freude zu schenken.","breadcrumb":{"@id":"https:\/\/althallercommunication.de\/zeit-des-lachens-im-klinikum-bayreuth\/#breadcrumb"},"inLanguage":"en-US","potentialAction":[{"@type":"ReadAction","target":["https:\/\/althallercommunication.de\/zeit-des-lachens-im-klinikum-bayreuth\/"]}]},{"@type":"BreadcrumbList","@id":"https:\/\/althallercommunication.de\/zeit-des-lachens-im-klinikum-bayreuth\/#breadcrumb","itemListElement":[{"@type":"ListItem","position":1,"name":"Startseite","item":"https:\/\/althallercommunication.de\/en\/"},{"@type":"ListItem","position":2,"name":"\u201eZeit des Lachens e.V.\u201c im Klinikum Bayreuth"}]},{"@type":"WebSite","@id":"https:\/\/althallercommunication.de\/#website","url":"https:\/\/althallercommunication.de\/","name":"althaller communication","description":"Martkommunikation B2B","publisher":{"@id":"https:\/\/althallercommunication.de\/#organization"},"potentialAction":[{"@type":"SearchAction","target":{"@type":"EntryPoint","urlTemplate":"https:\/\/althallercommunication.de\/?s={search_term_string}"},"query-input":{"@type":"PropertyValueSpecification","valueRequired":true,"valueName":"search_term_string"}}],"inLanguage":"en-US"},{"@type":"Organization","@id":"https:\/\/althallercommunication.de\/#organization","name":"ALTHALLER communication","url":"https:\/\/althallercommunication.de\/","logo":{"@type":"ImageObject","inLanguage":"en-US","@id":"https:\/\/althallercommunication.de\/#\/schema\/logo\/image\/","url":"https:\/\/althallercommunication.de\/wp-content\/uploads\/2023\/12\/althaller_comm_b.png","contentUrl":"https:\/\/althallercommunication.de\/wp-content\/uploads\/2023\/12\/althaller_comm_b.png","width":464,"height":110,"caption":"ALTHALLER communication"},"image":{"@id":"https:\/\/althallercommunication.de\/#\/schema\/logo\/image\/"},"sameAs":["https:\/\/www.facebook.com\/althallercommunication","https:\/\/x.com\/ALTHALLERcom","https:\/\/www.linkedin.com\/company\/3332596?trk=tyah&amp;amp;amp;trkInfo=tas:COMMUNICATION Presse und PR,idx:1-1-1"]},{"@type":"Person","@id":"https:\/\/althallercommunication.de\/#\/schema\/person\/4ca72b5e8d0bebc1f9b3061e463e32ee","name":"Jacqueline Althaller","image":{"@type":"ImageObject","inLanguage":"en-US","@id":"https:\/\/secure.gravatar.com\/avatar\/2e8cdf7784b763130efe210406ba46634d04913cf12c46cf98b2799d6da47211?s=96&d=mm&r=g","url":"https:\/\/secure.gravatar.com\/avatar\/2e8cdf7784b763130efe210406ba46634d04913cf12c46cf98b2799d6da47211?s=96&d=mm&r=g","contentUrl":"https:\/\/secure.gravatar.com\/avatar\/2e8cdf7784b763130efe210406ba46634d04913cf12c46cf98b2799d6da47211?s=96&d=mm&r=g","caption":"Jacqueline Althaller"},"description":"$$$2021hmb8hzb4MD","url":"https:\/\/althallercommunication.de\/en\/author\/jacqueline-althaller\/"}]}},"_links":{"self":[{"href":"https:\/\/althallercommunication.de\/en\/wp-json\/wp\/v2\/posts\/13084","targetHints":{"allow":["GET"]}}],"collection":[{"href":"https:\/\/althallercommunication.de\/en\/wp-json\/wp\/v2\/posts"}],"about":[{"href":"https:\/\/althallercommunication.de\/en\/wp-json\/wp\/v2\/types\/post"}],"author":[{"embeddable":true,"href":"https:\/\/althallercommunication.de\/en\/wp-json\/wp\/v2\/users\/6"}],"replies":[{"embeddable":true,"href":"https:\/\/althallercommunication.de\/en\/wp-json\/wp\/v2\/comments?post=13084"}],"version-history":[{"count":4,"href":"https:\/\/althallercommunication.de\/en\/wp-json\/wp\/v2\/posts\/13084\/revisions"}],"predecessor-version":[{"id":29225,"href":"https:\/\/althallercommunication.de\/en\/wp-json\/wp\/v2\/posts\/13084\/revisions\/29225"}],"wp:attachment":[{"href":"https:\/\/althallercommunication.de\/en\/wp-json\/wp\/v2\/media?parent=13084"}],"wp:term":[{"taxonomy":"category","embeddable":true,"href":"https:\/\/althallercommunication.de\/en\/wp-json\/wp\/v2\/categories?post=13084"},{"taxonomy":"post_tag","embeddable":true,"href":"https:\/\/althallercommunication.de\/en\/wp-json\/wp\/v2\/tags?post=13084"}],"curies":[{"name":"wp","href":"https:\/\/api.w.org\/{rel}","templated":true}]}}