{"id":13994,"date":"2018-10-16T14:45:42","date_gmt":"2018-10-16T12:45:42","guid":{"rendered":"http:\/\/www.althallercommunication.de\/kommunikation-fuer-payment-service-provider-2\/"},"modified":"2023-12-14T12:08:29","modified_gmt":"2023-12-14T11:08:29","slug":"quo-vadis-facebook","status":"publish","type":"post","link":"https:\/\/althallercommunication.de\/en\/quo-vadis-facebook\/","title":{"rendered":"Quo vadis Facebook? Kan\u00e4le wie LinkedIn und Twitter sind auf der \u00dcberholspur"},"content":{"rendered":"<p><\/p>\n<p>Seit 2010 wird die einzige Langzeitstudie im deutschsprachigen Raum durch den \u201eErsten Arbeitskreises Social Media in der B2B-Kommunikation\u201c durchgef\u00fchrt. Die 8. Auflage ist ausgewertet und dient Unternehmen wie auch Kommunikationsagenturen als wertvolle Informationsquelle. Folgende Fragestellungen haben wir abgeklopft: Wie sch\u00e4tzen Entscheider in allen Branchen Social Media ein? Was sind die aktuellen Trends? Welche Herausforderungen und Chancen stehen aktuell im Mittelpunkt?<\/p>\n<p>Unsere Umfrage soll hierzu Antworten f\u00fcr Kommunikationsverantwortliche liefern und dabei helfen die Qualit\u00e4t von Entscheidungen zu erh\u00f6hen. Die Ergebnisse unterst\u00fctzen dabei, eine fundierte und zukunftsf\u00e4hige Planung der Social-Media-Kommunikation zu erm\u00f6glichen.<\/p>\n<p>Neben ihrem langfristigen Charakter ist die Studie auch hinsichtlich ihrer inhaltlichen Orientierung einmalig: Die Fragen spiegeln ausschlie\u00dflich den Wissensbedarf von Kommunikationsverantwortlichen wider, das Fragebogendesign wurde im Schulterschluss mit der LMU entwickelt und orientiert sich nicht an wirtschaftlichen Interessen.<\/p>\n<p>Wir sind stolz auf unsere Initiative, die wir gemeinsam mit Vordenkern aus der Kommunikationsbranche in Deutschland und \u00d6sterreich, namentlich dem DMV\u00d6, auf den Weg gebracht haben. Auch dieses Jahr gab es spannende, bemerkenswerte und teilweise \u00fcberraschende Ergebnisse zu verzeichnen.<\/p>\n<p><strong>Social Media &#8211; Ein Muss in der B2B-Kommunikation<\/strong><\/p>\n<p>Social Media in der B2B-Kommunikation gewinnt weiterhin an Bedeutung. Inzwischen setzen \u00fcber 90 Prozent aller Unternehmen in Deutschland und \u00d6sterreich Social Media ein, um ihre Zielgruppen anzusprechen. Ressourcenbedarf ist auch dieses Jahr noch eine der gr\u00f6\u00dften Herausforderungen.<\/p>\n<p><strong>Facebook verliert an Bedeutung<\/strong><\/p>\n<p>Unter den Top 5 der etablierten Kan\u00e4le gewinnen insbesondere LinkedIn und Twitter an Bedeutung. Facebook ist der gro\u00dfe Verlierer was die Nutzung im B2B-Bereich angeht. Instagram wird Facebook im Jahr 2019 sehr wahrscheinlich aus den Top 5 der neu einzuf\u00fchrenden Plattformen verdr\u00e4ngen. Es bleibt also spannend.<\/p>\n<p><strong>Lead Generierung Hauptaufgabe von Social Media<\/strong><\/p>\n<p>Nicht \u00fcberraschend: \u00a0Lead Generierung ist das Hauptziel beim Einsatz von Social Media und soll unmittelbar zum Gesch\u00e4ftserfolg beitragen, frei nach dem Motto \u201eSocial Media ist ein Businesstool und keine Sozialeinrichtung\u201c. Zur Ansprache neuer Mitarbeiter setzen viele Unternehmen eher auf Facebook und XING. Twitter wird haupts\u00e4chlich zur Ansprache von Medien und Influencern genutzt &#8211; LinkedIn als Marketinginstrument eingesetzt.<\/p>\n<p><strong>Bewegtbilder auf dem Vormarsch<\/strong><\/p>\n<p>Content muss relevant und interessant sein, das ist nichts Neues. Immer wichtiger werden visuell ansprechende Inhalte und es ist ein steigendes Bewusstsein f\u00fcr die Bedeutung eigener Inhalte zu verzeichnen. Richtigerweise erkennen die Unternehmen die Bedeutung von Authentizit\u00e4t als erfolgreiches Differenzierungsmerkmal.<\/p>\n<p><strong>Budgets steigen &#8211; Agenturen wichtiger denn je<\/strong><\/p>\n<p>Die wachsende Bedeutung von Social Media geht Hand in Hand mit einer geplanten Budgeterh\u00f6hung im Jahr 2019. Hierbei wird in den Ausbau personeller Ressourcen investiert und weiterhin auf Agenturen gesetzt. Sch\u00e4tzten im Jahr 2017 noch ca. 55 Prozent aller B2B-Unternehmen die Unterst\u00fctzung durch externe Agenturen als wichtig ein sind es in 2018 bereits 81 Prozent! Hier sieht man insbesondere Unterst\u00fctzung in klar definierten Teilgebieten als bedeutend an. Bei manchen B2B-Unternehmen nehmen Agenturen eine zentrale Position bei der strategischen Planung von Social-Media-Aktivit\u00e4ten ein. Andere setzen eher auf operative Umsetzung durch externe Dienstleister.<\/p>\n<p>Die detaillierten Ergebnisse der Studie k\u00f6nnen unter folgendem Link abgerufen werden: <a href=\"http:\/\/www.ak-socialmedia-b2b.de\/studie-2018\/\">http:\/\/www.ak-socialmedia-b2b.de\/studie-2018\/<\/a><\/p>\n<p>Wir danken unseren Kooperationspartnern und allen Teilnehmern, die die diesj\u00e4hrige Studie erm\u00f6glicht haben.<\/p>\n<p>Wie nehmen Sie aktuell die Nutzung von Social Media wahr? Welche Trends beobachten Sie? Wir freuen uns auf Ihre Diskussionsbeitr\u00e4ge und bedanken uns schon jetzt f\u00fcr weitere Kooperationsanfragen.<\/p>\n<p><\/p>\n","protected":false},"excerpt":{"rendered":"<p>Seit 2010 wird die einzige Langzeitstudie im deutschsprachigen Raum durch den \u201eErsten Arbeitskreises Social Media in der B2B-Kommunikation\u201c durchgef\u00fchrt. Die 8. Auflage ist ausgewertet und dient Unternehmen wie auch Kommunikationsagenturen als wertvolle Informationsquelle.<\/p>\n","protected":false},"author":6,"featured_media":14935,"comment_status":"closed","ping_status":"open","sticky":false,"template":"","format":"standard","meta":{"_et_pb_use_builder":"","_et_pb_old_content":"","_et_gb_content_width":"","inline_featured_image":false,"footnotes":""},"categories":[2827],"tags":[1198,139,1205,71,104,64],"class_list":["post-13994","post","type-post","status-publish","format-standard","has-post-thumbnail","hentry","category-cultundcomm","tag-b2b-kommunikation","tag-facebook","tag-linkedin","tag-social-media","tag-twitter","tag-unternehmenskommunikation"],"yoast_head":"<!-- This site is optimized with the Yoast SEO Premium plugin v25.3 (Yoast SEO v27.4) - https:\/\/yoast.com\/product\/yoast-seo-premium-wordpress\/ -->\n<title>Quo vadis Facebook? Kan\u00e4le wie LinkedIn und Twitter auf der \u00dcberholspur<\/title>\n<meta name=\"description\" content=\"Die 8. Auflage unserer Langzeitstudie zu Social Media in der B2B-Kommunikation Unternehmen und Kommunikationsagenturen als wertvolle Informationsquelle\" \/>\n<meta name=\"robots\" content=\"index, follow, max-snippet:-1, max-image-preview:large, max-video-preview:-1\" \/>\n<link rel=\"canonical\" href=\"https:\/\/althallercommunication.de\/quo-vadis-facebook\/?lang=en\" \/>\n<meta property=\"og:locale\" content=\"en_US\" \/>\n<meta property=\"og:type\" content=\"article\" \/>\n<meta property=\"og:title\" content=\"Quo vadis Facebook? Kan\u00e4le wie LinkedIn und Twitter sind auf der \u00dcberholspur\" \/>\n<meta property=\"og:description\" content=\"Die 8. Auflage unserer Langzeitstudie zu Social Media in der B2B-Kommunikation Unternehmen und Kommunikationsagenturen als wertvolle Informationsquelle\" \/>\n<meta property=\"og:url\" content=\"https:\/\/althallercommunication.de\/quo-vadis-facebook\/?lang=en\" \/>\n<meta property=\"og:site_name\" content=\"althaller communication\" \/>\n<meta property=\"article:publisher\" content=\"https:\/\/www.facebook.com\/althallercommunication\" \/>\n<meta property=\"article:published_time\" content=\"2018-10-16T12:45:42+00:00\" \/>\n<meta property=\"article:modified_time\" content=\"2023-12-14T11:08:29+00:00\" \/>\n<meta property=\"og:image\" content=\"https:\/\/althallercommunication.de\/wp-content\/uploads\/2019\/03\/Blogbeitrag_Ver\u00f6ffentlichung-Studie-2018.jpg\" \/>\n\t<meta property=\"og:image:width\" content=\"1200\" \/>\n\t<meta property=\"og:image:height\" content=\"900\" \/>\n\t<meta property=\"og:image:type\" content=\"image\/jpeg\" \/>\n<meta name=\"author\" content=\"Jacqueline Althaller\" \/>\n<meta name=\"twitter:card\" content=\"summary_large_image\" \/>\n<meta name=\"twitter:creator\" content=\"@ALTHALLERcom\" \/>\n<meta name=\"twitter:site\" content=\"@ALTHALLERcom\" \/>\n<meta name=\"twitter:label1\" content=\"Written by\" \/>\n\t<meta name=\"twitter:data1\" content=\"Jacqueline Althaller\" \/>\n\t<meta name=\"twitter:label2\" content=\"Est. reading time\" \/>\n\t<meta name=\"twitter:data2\" content=\"4 minutes\" \/>\n<script type=\"application\/ld+json\" class=\"yoast-schema-graph\">{\"@context\":\"https:\\\/\\\/schema.org\",\"@graph\":[{\"@type\":\"Article\",\"@id\":\"https:\\\/\\\/althallercommunication.de\\\/quo-vadis-facebook\\\/?lang=en#article\",\"isPartOf\":{\"@id\":\"https:\\\/\\\/althallercommunication.de\\\/quo-vadis-facebook\\\/?lang=en\"},\"author\":{\"name\":\"Jacqueline Althaller\",\"@id\":\"https:\\\/\\\/althallercommunication.de\\\/#\\\/schema\\\/person\\\/4ca72b5e8d0bebc1f9b3061e463e32ee\"},\"headline\":\"Quo vadis Facebook? Kan\u00e4le wie LinkedIn und Twitter sind auf der \u00dcberholspur\",\"datePublished\":\"2018-10-16T12:45:42+00:00\",\"dateModified\":\"2023-12-14T11:08:29+00:00\",\"mainEntityOfPage\":{\"@id\":\"https:\\\/\\\/althallercommunication.de\\\/quo-vadis-facebook\\\/?lang=en\"},\"wordCount\":735,\"publisher\":{\"@id\":\"https:\\\/\\\/althallercommunication.de\\\/#organization\"},\"image\":{\"@id\":\"https:\\\/\\\/althallercommunication.de\\\/quo-vadis-facebook\\\/?lang=en#primaryimage\"},\"thumbnailUrl\":\"https:\\\/\\\/althallercommunication.de\\\/wp-content\\\/uploads\\\/2019\\\/03\\\/Blogbeitrag_Ver\u00f6ffentlichung-Studie-2018.jpg\",\"keywords\":[\"B2B Kommunikation\",\"facebook\",\"LinkedIn\",\"Social Media\",\"Twitter\",\"Unternehmenskommunikation\"],\"articleSection\":[\"cultundcomm\"],\"inLanguage\":\"en-US\"},{\"@type\":\"WebPage\",\"@id\":\"https:\\\/\\\/althallercommunication.de\\\/quo-vadis-facebook\\\/?lang=en\",\"url\":\"https:\\\/\\\/althallercommunication.de\\\/quo-vadis-facebook\\\/?lang=en\",\"name\":\"Quo vadis Facebook? Kan\u00e4le wie LinkedIn und Twitter auf der \u00dcberholspur\",\"isPartOf\":{\"@id\":\"https:\\\/\\\/althallercommunication.de\\\/#website\"},\"primaryImageOfPage\":{\"@id\":\"https:\\\/\\\/althallercommunication.de\\\/quo-vadis-facebook\\\/?lang=en#primaryimage\"},\"image\":{\"@id\":\"https:\\\/\\\/althallercommunication.de\\\/quo-vadis-facebook\\\/?lang=en#primaryimage\"},\"thumbnailUrl\":\"https:\\\/\\\/althallercommunication.de\\\/wp-content\\\/uploads\\\/2019\\\/03\\\/Blogbeitrag_Ver\u00f6ffentlichung-Studie-2018.jpg\",\"datePublished\":\"2018-10-16T12:45:42+00:00\",\"dateModified\":\"2023-12-14T11:08:29+00:00\",\"description\":\"Die 8. Auflage unserer Langzeitstudie zu Social Media in der B2B-Kommunikation Unternehmen und Kommunikationsagenturen als wertvolle Informationsquelle\",\"breadcrumb\":{\"@id\":\"https:\\\/\\\/althallercommunication.de\\\/quo-vadis-facebook\\\/?lang=en#breadcrumb\"},\"inLanguage\":\"en-US\",\"potentialAction\":[{\"@type\":\"ReadAction\",\"target\":[\"https:\\\/\\\/althallercommunication.de\\\/quo-vadis-facebook\\\/?lang=en\"]}]},{\"@type\":\"ImageObject\",\"inLanguage\":\"en-US\",\"@id\":\"https:\\\/\\\/althallercommunication.de\\\/quo-vadis-facebook\\\/?lang=en#primaryimage\",\"url\":\"https:\\\/\\\/althallercommunication.de\\\/wp-content\\\/uploads\\\/2019\\\/03\\\/Blogbeitrag_Ver\u00f6ffentlichung-Studie-2018.jpg\",\"contentUrl\":\"https:\\\/\\\/althallercommunication.de\\\/wp-content\\\/uploads\\\/2019\\\/03\\\/Blogbeitrag_Ver\u00f6ffentlichung-Studie-2018.jpg\",\"width\":1200,\"height\":900},{\"@type\":\"BreadcrumbList\",\"@id\":\"https:\\\/\\\/althallercommunication.de\\\/quo-vadis-facebook\\\/?lang=en#breadcrumb\",\"itemListElement\":[{\"@type\":\"ListItem\",\"position\":1,\"name\":\"Startseite\",\"item\":\"https:\\\/\\\/althallercommunication.de\\\/en\\\/\"},{\"@type\":\"ListItem\",\"position\":2,\"name\":\"Quo vadis Facebook? Kan\u00e4le wie LinkedIn und Twitter sind auf der \u00dcberholspur\"}]},{\"@type\":\"WebSite\",\"@id\":\"https:\\\/\\\/althallercommunication.de\\\/#website\",\"url\":\"https:\\\/\\\/althallercommunication.de\\\/\",\"name\":\"althaller communication\",\"description\":\"Martkommunikation B2B\",\"publisher\":{\"@id\":\"https:\\\/\\\/althallercommunication.de\\\/#organization\"},\"potentialAction\":[{\"@type\":\"SearchAction\",\"target\":{\"@type\":\"EntryPoint\",\"urlTemplate\":\"https:\\\/\\\/althallercommunication.de\\\/?s={search_term_string}\"},\"query-input\":{\"@type\":\"PropertyValueSpecification\",\"valueRequired\":true,\"valueName\":\"search_term_string\"}}],\"inLanguage\":\"en-US\"},{\"@type\":\"Organization\",\"@id\":\"https:\\\/\\\/althallercommunication.de\\\/#organization\",\"name\":\"ALTHALLER communication\",\"url\":\"https:\\\/\\\/althallercommunication.de\\\/\",\"logo\":{\"@type\":\"ImageObject\",\"inLanguage\":\"en-US\",\"@id\":\"https:\\\/\\\/althallercommunication.de\\\/#\\\/schema\\\/logo\\\/image\\\/\",\"url\":\"https:\\\/\\\/althallercommunication.de\\\/wp-content\\\/uploads\\\/2023\\\/12\\\/althaller_comm_b.png\",\"contentUrl\":\"https:\\\/\\\/althallercommunication.de\\\/wp-content\\\/uploads\\\/2023\\\/12\\\/althaller_comm_b.png\",\"width\":464,\"height\":110,\"caption\":\"ALTHALLER communication\"},\"image\":{\"@id\":\"https:\\\/\\\/althallercommunication.de\\\/#\\\/schema\\\/logo\\\/image\\\/\"},\"sameAs\":[\"https:\\\/\\\/www.facebook.com\\\/althallercommunication\",\"https:\\\/\\\/x.com\\\/ALTHALLERcom\",\"https:\\\/\\\/www.linkedin.com\\\/company\\\/3332596?trk=tyah&amp;amp;amp;trkInfo=tas:COMMUNICATION Presse und PR,idx:1-1-1\"]},{\"@type\":\"Person\",\"@id\":\"https:\\\/\\\/althallercommunication.de\\\/#\\\/schema\\\/person\\\/4ca72b5e8d0bebc1f9b3061e463e32ee\",\"name\":\"Jacqueline Althaller\",\"image\":{\"@type\":\"ImageObject\",\"inLanguage\":\"en-US\",\"@id\":\"https:\\\/\\\/secure.gravatar.com\\\/avatar\\\/2e8cdf7784b763130efe210406ba46634d04913cf12c46cf98b2799d6da47211?s=96&d=mm&r=g\",\"url\":\"https:\\\/\\\/secure.gravatar.com\\\/avatar\\\/2e8cdf7784b763130efe210406ba46634d04913cf12c46cf98b2799d6da47211?s=96&d=mm&r=g\",\"contentUrl\":\"https:\\\/\\\/secure.gravatar.com\\\/avatar\\\/2e8cdf7784b763130efe210406ba46634d04913cf12c46cf98b2799d6da47211?s=96&d=mm&r=g\",\"caption\":\"Jacqueline Althaller\"},\"description\":\"$$$2021hmb8hzb4MD\",\"url\":\"https:\\\/\\\/althallercommunication.de\\\/en\\\/author\\\/jacqueline-althaller\\\/\"}]}<\/script>\n<!-- \/ Yoast SEO Premium plugin. -->","yoast_head_json":{"title":"Quo vadis Facebook? Kan\u00e4le wie LinkedIn und Twitter auf der \u00dcberholspur","description":"Die 8. Auflage unserer Langzeitstudie zu Social Media in der B2B-Kommunikation Unternehmen und Kommunikationsagenturen als wertvolle Informationsquelle","robots":{"index":"index","follow":"follow","max-snippet":"max-snippet:-1","max-image-preview":"max-image-preview:large","max-video-preview":"max-video-preview:-1"},"canonical":"https:\/\/althallercommunication.de\/quo-vadis-facebook\/?lang=en","og_locale":"en_US","og_type":"article","og_title":"Quo vadis Facebook? Kan\u00e4le wie LinkedIn und Twitter sind auf der \u00dcberholspur","og_description":"Die 8. Auflage unserer Langzeitstudie zu Social Media in der B2B-Kommunikation Unternehmen und Kommunikationsagenturen als wertvolle Informationsquelle","og_url":"https:\/\/althallercommunication.de\/quo-vadis-facebook\/?lang=en","og_site_name":"althaller communication","article_publisher":"https:\/\/www.facebook.com\/althallercommunication","article_published_time":"2018-10-16T12:45:42+00:00","article_modified_time":"2023-12-14T11:08:29+00:00","og_image":[{"width":1200,"height":900,"url":"https:\/\/althallercommunication.de\/wp-content\/uploads\/2019\/03\/Blogbeitrag_Ver\u00f6ffentlichung-Studie-2018.jpg","type":"image\/jpeg"}],"author":"Jacqueline Althaller","twitter_card":"summary_large_image","twitter_creator":"@ALTHALLERcom","twitter_site":"@ALTHALLERcom","twitter_misc":{"Written by":"Jacqueline Althaller","Est. reading time":"4 minutes"},"schema":{"@context":"https:\/\/schema.org","@graph":[{"@type":"Article","@id":"https:\/\/althallercommunication.de\/quo-vadis-facebook\/?lang=en#article","isPartOf":{"@id":"https:\/\/althallercommunication.de\/quo-vadis-facebook\/?lang=en"},"author":{"name":"Jacqueline Althaller","@id":"https:\/\/althallercommunication.de\/#\/schema\/person\/4ca72b5e8d0bebc1f9b3061e463e32ee"},"headline":"Quo vadis Facebook? Kan\u00e4le wie LinkedIn und Twitter sind auf der \u00dcberholspur","datePublished":"2018-10-16T12:45:42+00:00","dateModified":"2023-12-14T11:08:29+00:00","mainEntityOfPage":{"@id":"https:\/\/althallercommunication.de\/quo-vadis-facebook\/?lang=en"},"wordCount":735,"publisher":{"@id":"https:\/\/althallercommunication.de\/#organization"},"image":{"@id":"https:\/\/althallercommunication.de\/quo-vadis-facebook\/?lang=en#primaryimage"},"thumbnailUrl":"https:\/\/althallercommunication.de\/wp-content\/uploads\/2019\/03\/Blogbeitrag_Ver\u00f6ffentlichung-Studie-2018.jpg","keywords":["B2B Kommunikation","facebook","LinkedIn","Social Media","Twitter","Unternehmenskommunikation"],"articleSection":["cultundcomm"],"inLanguage":"en-US"},{"@type":"WebPage","@id":"https:\/\/althallercommunication.de\/quo-vadis-facebook\/?lang=en","url":"https:\/\/althallercommunication.de\/quo-vadis-facebook\/?lang=en","name":"Quo vadis Facebook? Kan\u00e4le wie LinkedIn und Twitter auf der \u00dcberholspur","isPartOf":{"@id":"https:\/\/althallercommunication.de\/#website"},"primaryImageOfPage":{"@id":"https:\/\/althallercommunication.de\/quo-vadis-facebook\/?lang=en#primaryimage"},"image":{"@id":"https:\/\/althallercommunication.de\/quo-vadis-facebook\/?lang=en#primaryimage"},"thumbnailUrl":"https:\/\/althallercommunication.de\/wp-content\/uploads\/2019\/03\/Blogbeitrag_Ver\u00f6ffentlichung-Studie-2018.jpg","datePublished":"2018-10-16T12:45:42+00:00","dateModified":"2023-12-14T11:08:29+00:00","description":"Die 8. Auflage unserer Langzeitstudie zu Social Media in der B2B-Kommunikation Unternehmen und Kommunikationsagenturen als wertvolle Informationsquelle","breadcrumb":{"@id":"https:\/\/althallercommunication.de\/quo-vadis-facebook\/?lang=en#breadcrumb"},"inLanguage":"en-US","potentialAction":[{"@type":"ReadAction","target":["https:\/\/althallercommunication.de\/quo-vadis-facebook\/?lang=en"]}]},{"@type":"ImageObject","inLanguage":"en-US","@id":"https:\/\/althallercommunication.de\/quo-vadis-facebook\/?lang=en#primaryimage","url":"https:\/\/althallercommunication.de\/wp-content\/uploads\/2019\/03\/Blogbeitrag_Ver\u00f6ffentlichung-Studie-2018.jpg","contentUrl":"https:\/\/althallercommunication.de\/wp-content\/uploads\/2019\/03\/Blogbeitrag_Ver\u00f6ffentlichung-Studie-2018.jpg","width":1200,"height":900},{"@type":"BreadcrumbList","@id":"https:\/\/althallercommunication.de\/quo-vadis-facebook\/?lang=en#breadcrumb","itemListElement":[{"@type":"ListItem","position":1,"name":"Startseite","item":"https:\/\/althallercommunication.de\/en\/"},{"@type":"ListItem","position":2,"name":"Quo vadis Facebook? Kan\u00e4le wie LinkedIn und Twitter sind auf der \u00dcberholspur"}]},{"@type":"WebSite","@id":"https:\/\/althallercommunication.de\/#website","url":"https:\/\/althallercommunication.de\/","name":"althaller communication","description":"Martkommunikation B2B","publisher":{"@id":"https:\/\/althallercommunication.de\/#organization"},"potentialAction":[{"@type":"SearchAction","target":{"@type":"EntryPoint","urlTemplate":"https:\/\/althallercommunication.de\/?s={search_term_string}"},"query-input":{"@type":"PropertyValueSpecification","valueRequired":true,"valueName":"search_term_string"}}],"inLanguage":"en-US"},{"@type":"Organization","@id":"https:\/\/althallercommunication.de\/#organization","name":"ALTHALLER communication","url":"https:\/\/althallercommunication.de\/","logo":{"@type":"ImageObject","inLanguage":"en-US","@id":"https:\/\/althallercommunication.de\/#\/schema\/logo\/image\/","url":"https:\/\/althallercommunication.de\/wp-content\/uploads\/2023\/12\/althaller_comm_b.png","contentUrl":"https:\/\/althallercommunication.de\/wp-content\/uploads\/2023\/12\/althaller_comm_b.png","width":464,"height":110,"caption":"ALTHALLER communication"},"image":{"@id":"https:\/\/althallercommunication.de\/#\/schema\/logo\/image\/"},"sameAs":["https:\/\/www.facebook.com\/althallercommunication","https:\/\/x.com\/ALTHALLERcom","https:\/\/www.linkedin.com\/company\/3332596?trk=tyah&amp;amp;amp;trkInfo=tas:COMMUNICATION Presse und PR,idx:1-1-1"]},{"@type":"Person","@id":"https:\/\/althallercommunication.de\/#\/schema\/person\/4ca72b5e8d0bebc1f9b3061e463e32ee","name":"Jacqueline Althaller","image":{"@type":"ImageObject","inLanguage":"en-US","@id":"https:\/\/secure.gravatar.com\/avatar\/2e8cdf7784b763130efe210406ba46634d04913cf12c46cf98b2799d6da47211?s=96&d=mm&r=g","url":"https:\/\/secure.gravatar.com\/avatar\/2e8cdf7784b763130efe210406ba46634d04913cf12c46cf98b2799d6da47211?s=96&d=mm&r=g","contentUrl":"https:\/\/secure.gravatar.com\/avatar\/2e8cdf7784b763130efe210406ba46634d04913cf12c46cf98b2799d6da47211?s=96&d=mm&r=g","caption":"Jacqueline Althaller"},"description":"$$$2021hmb8hzb4MD","url":"https:\/\/althallercommunication.de\/en\/author\/jacqueline-althaller\/"}]}},"_links":{"self":[{"href":"https:\/\/althallercommunication.de\/en\/wp-json\/wp\/v2\/posts\/13994","targetHints":{"allow":["GET"]}}],"collection":[{"href":"https:\/\/althallercommunication.de\/en\/wp-json\/wp\/v2\/posts"}],"about":[{"href":"https:\/\/althallercommunication.de\/en\/wp-json\/wp\/v2\/types\/post"}],"author":[{"embeddable":true,"href":"https:\/\/althallercommunication.de\/en\/wp-json\/wp\/v2\/users\/6"}],"replies":[{"embeddable":true,"href":"https:\/\/althallercommunication.de\/en\/wp-json\/wp\/v2\/comments?post=13994"}],"version-history":[{"count":3,"href":"https:\/\/althallercommunication.de\/en\/wp-json\/wp\/v2\/posts\/13994\/revisions"}],"predecessor-version":[{"id":13998,"href":"https:\/\/althallercommunication.de\/en\/wp-json\/wp\/v2\/posts\/13994\/revisions\/13998"}],"wp:featuredmedia":[{"embeddable":true,"href":"https:\/\/althallercommunication.de\/en\/wp-json\/wp\/v2\/media\/14935"}],"wp:attachment":[{"href":"https:\/\/althallercommunication.de\/en\/wp-json\/wp\/v2\/media?parent=13994"}],"wp:term":[{"taxonomy":"category","embeddable":true,"href":"https:\/\/althallercommunication.de\/en\/wp-json\/wp\/v2\/categories?post=13994"},{"taxonomy":"post_tag","embeddable":true,"href":"https:\/\/althallercommunication.de\/en\/wp-json\/wp\/v2\/tags?post=13994"}],"curies":[{"name":"wp","href":"https:\/\/api.w.org\/{rel}","templated":true}]}}