{"id":14029,"date":"2018-10-25T10:05:17","date_gmt":"2018-10-25T08:05:17","guid":{"rendered":"http:\/\/www.althallercommunication.de\/communication-presse-und-pr-firmiert-um-2\/"},"modified":"2023-12-14T12:08:11","modified_gmt":"2023-12-14T11:08:11","slug":"uwe-lang-neuer-managing-director-bei-althaller-communication","status":"publish","type":"post","link":"https:\/\/althallercommunication.de\/en\/uwe-lang-neuer-managing-director-bei-althaller-communication\/","title":{"rendered":"Uwe Lang neuer Managing Director bei ALTHALLER communication"},"content":{"rendered":"<p><\/p>\n<h3><strong>Uwe Lang neuer Managing Director bei ALTHALLER communication<\/strong><\/h3>\n<p><strong>M\u00fcnchen, 25.10.2018 Mit dem Einstieg von Uwe Lang als Managing Director erweitert ALTHALLER communication die Agenturleitung um einen etablierten Kommunikationsprofi. Uwe Lang, seit 1. Oktober 2018 an Bord, bringt knapp 20 Jahre Erfahrung im Agenturgesch\u00e4ft mit ein.<\/strong><\/p>\n<p>Bei ALTHALLER communication wird sich Uwe Lang insbesondere um die Ansprache neuer Branchen, die Entwicklung innovativer Kommunikationsprodukte und die lokale sowie internationale Vermarktung der Agentur \u00fcber alle Kommunikationskan\u00e4le k\u00fcmmern.<\/p>\n<p>Vor seinem Einstieg bei dem inhabergef\u00fchrten M\u00fcnchener Kommunikationsunternehmen durchlief der gelernte Bankkaufmann alle Stationen in der PR-Beratung bei der globalen PR-Beratung LEWIS und baute zus\u00e4tzlich die Marketing- und Vertriebsaktivit\u00e4ten der Agentur zuerst im deutschsprachigen Raum und danach in Europa auf.<\/p>\n<p>Zuletzt zeichnete er als Vice President Client Engagement f\u00fcr den Ausbau bestehender Kunden auf internationaler Ebene, den Aufbau neuer Branchen f\u00fcr die Agentur und die Koordinierung des weltweiten Partnernetzwerks verantwortlich.<\/p>\n<p>\u201eALTHALLER ist keine klassische Werkbankagentur, sondern versteht sich als umsetzungsstarke Strategieberatung. Die breite Palette von Services findet man selbst bei globalen Playern nur selten\u201c, verweist Lang auf seine Entscheidung f\u00fcr die neue Position und betont in diesem Zusammenhang: \u201eDas starke journalistische Fundament der Agentur, die Branchenunabh\u00e4ngigkeit und der klare Fokus auf Marktkommunikation ist eine ideale Basis um ein nachhaltiges Agenturkonzept noch erfolgreicher zu etablieren.\u201c<\/p>\n<p>\u201eIch freue mich sehr, die erfolgreiche Entwicklung der Agentur gemeinsam mit der Gr\u00fcnderin Jacqueline Althaller und unserem Team weiter voranzutreiben und mit unseren 360\u00b0 Kampagnen das thematische Potenzial unserer Kunden kontinuierlich zu heben\u201c, f\u00fcgt Uwe Lang abschlie\u00dfend hinzu.<\/p>\n<p>ALTHALLER communication wurde bereits 1992 gegr\u00fcndet und betreut Kunden aus den Bereichen Technologie, Immobilienwirtschaft sowie Finanz- und Versicherungswesen. \u201eMit hoher Professionalit\u00e4t und Leidenschaft schaffen wir Dialoge f\u00fcr unsere Kunden. Ich bin gl\u00fccklich mit Uwe die bisherige Erfolgsgeschichte der Agentur auf das n\u00e4chste Level zu heben\u201c, sagt Agenturgr\u00fcnderin Jacqueline Althaller.<\/p>\n<p>Mit ihrer 360 Grad-Kommunikation, welche unter anderem Bewegtbild-Kommunikation, Lead-Generierung, Inbound- und Dialog-Marketing, Social-Media-Beratung sowie Change-Kommunikation umfasst, positioniert sich ALTHALLER communication als wertvoller strategischer Partner f\u00fcr B2B-Unternehmen, die ma\u00dfgeschneiderte L\u00f6sungen zur Unterst\u00fctzung Ihres Vertriebs wie auch zur St\u00e4rkung ihrer Marktposition sch\u00e4tzen.<\/p>\n<p><strong>\u00dcber ALTHALLER communication<\/strong><\/p>\n<p>ALTHALLER communication ist eine praxisorientierte Full-Service-Agentur f\u00fcr strategische Unternehmenskommunikation und \u00d6ffentlichkeitsarbeit mit Sitz in M\u00fcnchen. Der Schwerpunkt liegt in der B2B-Kommunikation: Seit 1992 setzen Hersteller und Dienstleistungsunternehmen aus unterschiedlichsten Schl\u00fcsselbranchen auf das Know-how der Agentur, um sich durchsetzungsstark am Markt zu positionieren. Die transparente Arbeitsweise wird seit 2007 j\u00e4hrlich von der Non-Profit-Gesellschaft TRACE International zertifiziert. 2010 gr\u00fcndete ALTHALLER communication den \u201eErsten Arbeitskreis Social Media in der B2B-Kommunikation\u201c. Dass die Agentur auch gesellschaftliche Verantwortung \u00fcbernimmt, zeigt die Herzblutinitiative \u201eZeit des Lachens e.V\u201c. W\u00f6chentlich dokumentiert der Blog unter <a href=\"http:\/\/www.cultundcomm.de\">www.cultundcomm.de<\/a> zudem , dass ALTHALLER communication f\u00fcr das Gute in der Kommunikation einsteht.<\/p>\n<p class=\"bodytext\"><a href=\"https:\/\/althallercommunication.de\/wp-content\/uploads\/2018\/10\/PI_Uwe-Lang-wird-neuer-Managing-Director.pdf\">PI zum Download<\/a><\/p>\n<p><\/p>\n<p>Bildmaterial<\/p>\n<p>https:\/\/althallercommunication.de\/wp-content\/uploads\/2018\/10\/Uwe-4-zu-5-Hochformat.jpg<\/p>\n<p>Uwe Lang: \u201eIch freue mich sehr, die erfolgreiche Entwicklung der Agentur gemeinsam mit der Gr\u00fcnderin Jacqueline Althaller und unserem Team weiter voranzutreiben und mit unseren 360\u00b0 Kampagnen das thematische Potenzial unserer Kunden kontinuierlich zu heben.\u201c<\/p>\n<p>W2Z1c2lvbl9idXR0b24gbGluaz0mcXVvdDtqYXZhc2NyaXB0Omhpc3RvcnkuYmFjaygpJnF1b3Q7IHRpdGxlPSZxdW90OyZxdW90OyB0YXJnZXQ9JnF1b3Q7X3NlbGYmcXVvdDsgYWxpZ25tZW50PSZxdW90O2NlbnRlciZxdW90OyBtb2RhbD0mcXVvdDsmcXVvdDsgaGlkZV9vbl9tb2JpbGU9JnF1b3Q7c21hbGwtdmlzaWJpbGl0eSxtZWRpdW0tdmlzaWJpbGl0eSxsYXJnZS12aXNpYmlsaXR5JnF1b3Q7IGNsYXNzPSZxdW90OyZxdW90OyBpZD0mcXVvdDsmcXVvdDsgY29sb3I9JnF1b3Q7ZGVmYXVsdCZxdW90OyBidXR0b25fZ3JhZGllbnRfdG9wX2NvbG9yPSZxdW90OyZxdW90OyBidXR0b25fZ3JhZGllbnRfYm90dG9tX2NvbG9yPSZxdW90OyZxdW90OyBidXR0b25fZ3JhZGllbnRfdG9wX2NvbG9yX2hvdmVyPSZxdW90OyZxdW90OyBidXR0b25fZ3JhZGllbnRfYm90dG9tX2NvbG9yX2hvdmVyPSZxdW90OyZxdW90OyBhY2NlbnRfY29sb3I9JnF1b3Q7JnF1b3Q7IGFjY2VudF9ob3Zlcl9jb2xvcj0mcXVvdDsmcXVvdDsgdHlwZT0mcXVvdDsmcXVvdDsgYmV2ZWxfY29sb3I9JnF1b3Q7JnF1b3Q7IGJvcmRlcl93aWR0aD0mcXVvdDsmcXVvdDsgc2l6ZT0mcXVvdDttZWRpdW0mcXVvdDsgc3RyZXRjaD0mcXVvdDtkZWZhdWx0JnF1b3Q7IHNoYXBlPSZxdW90O3JvdW5kJnF1b3Q7IGljb249JnF1b3Q7ZmEtY2hldnJvbi1sZWZ0JnF1b3Q7IGljb25fcG9zaXRpb249JnF1b3Q7bGVmdCZxdW90OyBpY29uX2RpdmlkZXI9JnF1b3Q7bm8mcXVvdDsgYW5pbWF0aW9uX3R5cGU9JnF1b3Q7JnF1b3Q7IGFuaW1hdGlvbl9kaXJlY3Rpb249JnF1b3Q7bGVmdCZxdW90OyBhbmltYXRpb25fc3BlZWQ9JnF1b3Q7MC4zJnF1b3Q7IGFuaW1hdGlvbl9vZmZzZXQ9JnF1b3Q7JnF1b3Q7XXp1csO8Y2tbL2Z1c2lvbl9idXR0b25d<\/p>\n<p>Pressekontakt und Redaktion<br \/>\n<strong>Uwe Lang<br \/>\n<\/strong>ALTHALLER communication GbR<br \/>\nElisabethstra\u00dfe 13<br \/>\n80796 M\u00fcnchen<\/p>\n<p><em>Bildmaterial stellen wir auf Wunsch gerne zur Verf\u00fcgung.<\/em><\/p>\n<p><\/p>\n<p>+49 (0) 89 38 66 52 62<\/p>\n<p><\/p>\n<p>+49 (0) 89 38 66 52 75<\/p>\n<p><\/p>\n<p><a href=\"mailto:ul@althallercommunication.de\">ul@althallercommunication.de<\/a><\/p>\n<p><\/p>\n<p><a href=\"https:\/\/althallercommunication.de\/\">www.althallercommunication.de<\/a><\/p>\n<p><\/p>\n","protected":false},"excerpt":{"rendered":"<p><strong>M\u00fcnchen, 25. Oktober 2018<\/strong>: <\/br>Mit dem Einstieg von Uwe Lang als Managing Director erweitert ALTHALLER communication die Agenturleitung um einen etablierten Kommunikationsprofi. Uwe Lang, seit 1. Oktober 2018 an Bord,bringt knapp 20 Jahre Erfahrung im Agenturgesch\u00e4ft mit ein.<\/p>\n","protected":false},"author":6,"featured_media":0,"comment_status":"closed","ping_status":"open","sticky":false,"template":"","format":"standard","meta":{"_et_pb_use_builder":"","_et_pb_old_content":"","_et_gb_content_width":"","inline_featured_image":false,"footnotes":""},"categories":[],"tags":[],"class_list":["post-14029","post","type-post","status-publish","format-standard","hentry"],"yoast_head":"<!-- This site is optimized with the Yoast SEO Premium plugin v25.3 (Yoast SEO v27.5) - https:\/\/yoast.com\/product\/yoast-seo-premium-wordpress\/ -->\n<title>Uwe Lang neuer Managing Director bei ALTHALLER communication | althaller communication<\/title>\n<meta name=\"description\" content=\"Mit dem Einstieg von Uwe Lang als Managing Director erweitert ALTHALLER communication die Agenturleitung um einen etablierten Kommunikationsprofi\" \/>\n<meta name=\"robots\" content=\"index, follow, max-snippet:-1, max-image-preview:large, max-video-preview:-1\" \/>\n<link rel=\"canonical\" href=\"https:\/\/althallercommunication.de\/uwe-lang-neuer-managing-director-bei-althaller-communication\/\" \/>\n<meta property=\"og:locale\" content=\"en_US\" \/>\n<meta property=\"og:type\" content=\"article\" \/>\n<meta property=\"og:title\" content=\"Uwe Lang neuer Managing Director bei ALTHALLER communication\" \/>\n<meta property=\"og:description\" content=\"Mit dem Einstieg von Uwe Lang als Managing Director erweitert ALTHALLER communication die Agenturleitung um einen etablierten Kommunikationsprofi\" \/>\n<meta property=\"og:url\" content=\"https:\/\/althallercommunication.de\/uwe-lang-neuer-managing-director-bei-althaller-communication\/\" \/>\n<meta property=\"og:site_name\" content=\"althaller communication\" \/>\n<meta property=\"article:publisher\" content=\"https:\/\/www.facebook.com\/althallercommunication\" \/>\n<meta property=\"article:published_time\" content=\"2018-10-25T08:05:17+00:00\" \/>\n<meta property=\"article:modified_time\" content=\"2023-12-14T11:08:11+00:00\" \/>\n<meta name=\"author\" content=\"Jacqueline Althaller\" \/>\n<meta name=\"twitter:card\" content=\"summary_large_image\" \/>\n<meta name=\"twitter:creator\" content=\"@ALTHALLERcom\" \/>\n<meta name=\"twitter:site\" content=\"@ALTHALLERcom\" \/>\n<meta name=\"twitter:label1\" content=\"Written by\" \/>\n\t<meta name=\"twitter:data1\" content=\"Jacqueline Althaller\" \/>\n\t<meta name=\"twitter:label2\" content=\"Est. reading time\" \/>\n\t<meta name=\"twitter:data2\" content=\"6 minutes\" \/>\n<script type=\"application\/ld+json\" class=\"yoast-schema-graph\">{\"@context\":\"https:\\\/\\\/schema.org\",\"@graph\":[{\"@type\":\"Article\",\"@id\":\"https:\\\/\\\/althallercommunication.de\\\/uwe-lang-neuer-managing-director-bei-althaller-communication\\\/#article\",\"isPartOf\":{\"@id\":\"https:\\\/\\\/althallercommunication.de\\\/uwe-lang-neuer-managing-director-bei-althaller-communication\\\/\"},\"author\":{\"name\":\"Jacqueline Althaller\",\"@id\":\"https:\\\/\\\/althallercommunication.de\\\/#\\\/schema\\\/person\\\/4ca72b5e8d0bebc1f9b3061e463e32ee\"},\"headline\":\"Uwe Lang neuer Managing Director bei ALTHALLER communication\",\"datePublished\":\"2018-10-25T08:05:17+00:00\",\"dateModified\":\"2023-12-14T11:08:11+00:00\",\"mainEntityOfPage\":{\"@id\":\"https:\\\/\\\/althallercommunication.de\\\/uwe-lang-neuer-managing-director-bei-althaller-communication\\\/\"},\"wordCount\":1161,\"publisher\":{\"@id\":\"https:\\\/\\\/althallercommunication.de\\\/#organization\"},\"inLanguage\":\"en-US\"},{\"@type\":\"WebPage\",\"@id\":\"https:\\\/\\\/althallercommunication.de\\\/uwe-lang-neuer-managing-director-bei-althaller-communication\\\/\",\"url\":\"https:\\\/\\\/althallercommunication.de\\\/uwe-lang-neuer-managing-director-bei-althaller-communication\\\/\",\"name\":\"Uwe Lang neuer Managing Director bei ALTHALLER communication | althaller communication\",\"isPartOf\":{\"@id\":\"https:\\\/\\\/althallercommunication.de\\\/#website\"},\"datePublished\":\"2018-10-25T08:05:17+00:00\",\"dateModified\":\"2023-12-14T11:08:11+00:00\",\"description\":\"Mit dem Einstieg von Uwe Lang als Managing Director erweitert ALTHALLER communication die Agenturleitung um einen etablierten Kommunikationsprofi\",\"breadcrumb\":{\"@id\":\"https:\\\/\\\/althallercommunication.de\\\/uwe-lang-neuer-managing-director-bei-althaller-communication\\\/#breadcrumb\"},\"inLanguage\":\"en-US\",\"potentialAction\":[{\"@type\":\"ReadAction\",\"target\":[\"https:\\\/\\\/althallercommunication.de\\\/uwe-lang-neuer-managing-director-bei-althaller-communication\\\/\"]}]},{\"@type\":\"BreadcrumbList\",\"@id\":\"https:\\\/\\\/althallercommunication.de\\\/uwe-lang-neuer-managing-director-bei-althaller-communication\\\/#breadcrumb\",\"itemListElement\":[{\"@type\":\"ListItem\",\"position\":1,\"name\":\"Startseite\",\"item\":\"https:\\\/\\\/althallercommunication.de\\\/en\\\/\"},{\"@type\":\"ListItem\",\"position\":2,\"name\":\"Uwe Lang neuer Managing Director bei ALTHALLER communication\"}]},{\"@type\":\"WebSite\",\"@id\":\"https:\\\/\\\/althallercommunication.de\\\/#website\",\"url\":\"https:\\\/\\\/althallercommunication.de\\\/\",\"name\":\"althaller communication\",\"description\":\"Martkommunikation B2B\",\"publisher\":{\"@id\":\"https:\\\/\\\/althallercommunication.de\\\/#organization\"},\"potentialAction\":[{\"@type\":\"SearchAction\",\"target\":{\"@type\":\"EntryPoint\",\"urlTemplate\":\"https:\\\/\\\/althallercommunication.de\\\/?s={search_term_string}\"},\"query-input\":{\"@type\":\"PropertyValueSpecification\",\"valueRequired\":true,\"valueName\":\"search_term_string\"}}],\"inLanguage\":\"en-US\"},{\"@type\":\"Organization\",\"@id\":\"https:\\\/\\\/althallercommunication.de\\\/#organization\",\"name\":\"ALTHALLER communication\",\"url\":\"https:\\\/\\\/althallercommunication.de\\\/\",\"logo\":{\"@type\":\"ImageObject\",\"inLanguage\":\"en-US\",\"@id\":\"https:\\\/\\\/althallercommunication.de\\\/#\\\/schema\\\/logo\\\/image\\\/\",\"url\":\"https:\\\/\\\/althallercommunication.de\\\/wp-content\\\/uploads\\\/2023\\\/12\\\/althaller_comm_b.png\",\"contentUrl\":\"https:\\\/\\\/althallercommunication.de\\\/wp-content\\\/uploads\\\/2023\\\/12\\\/althaller_comm_b.png\",\"width\":464,\"height\":110,\"caption\":\"ALTHALLER communication\"},\"image\":{\"@id\":\"https:\\\/\\\/althallercommunication.de\\\/#\\\/schema\\\/logo\\\/image\\\/\"},\"sameAs\":[\"https:\\\/\\\/www.facebook.com\\\/althallercommunication\",\"https:\\\/\\\/x.com\\\/ALTHALLERcom\",\"https:\\\/\\\/www.linkedin.com\\\/company\\\/3332596?trk=tyah&amp;amp;amp;trkInfo=tas:COMMUNICATION Presse und PR,idx:1-1-1\"]},{\"@type\":\"Person\",\"@id\":\"https:\\\/\\\/althallercommunication.de\\\/#\\\/schema\\\/person\\\/4ca72b5e8d0bebc1f9b3061e463e32ee\",\"name\":\"Jacqueline Althaller\",\"image\":{\"@type\":\"ImageObject\",\"inLanguage\":\"en-US\",\"@id\":\"https:\\\/\\\/secure.gravatar.com\\\/avatar\\\/2e8cdf7784b763130efe210406ba46634d04913cf12c46cf98b2799d6da47211?s=96&d=mm&r=g\",\"url\":\"https:\\\/\\\/secure.gravatar.com\\\/avatar\\\/2e8cdf7784b763130efe210406ba46634d04913cf12c46cf98b2799d6da47211?s=96&d=mm&r=g\",\"contentUrl\":\"https:\\\/\\\/secure.gravatar.com\\\/avatar\\\/2e8cdf7784b763130efe210406ba46634d04913cf12c46cf98b2799d6da47211?s=96&d=mm&r=g\",\"caption\":\"Jacqueline Althaller\"},\"description\":\"$$$2021hmb8hzb4MD\",\"url\":\"https:\\\/\\\/althallercommunication.de\\\/en\\\/author\\\/jacqueline-althaller\\\/\"}]}<\/script>\n<!-- \/ Yoast SEO Premium plugin. -->","yoast_head_json":{"title":"Uwe Lang neuer Managing Director bei ALTHALLER communication | althaller communication","description":"Mit dem Einstieg von Uwe Lang als Managing Director erweitert ALTHALLER communication die Agenturleitung um einen etablierten Kommunikationsprofi","robots":{"index":"index","follow":"follow","max-snippet":"max-snippet:-1","max-image-preview":"max-image-preview:large","max-video-preview":"max-video-preview:-1"},"canonical":"https:\/\/althallercommunication.de\/uwe-lang-neuer-managing-director-bei-althaller-communication\/","og_locale":"en_US","og_type":"article","og_title":"Uwe Lang neuer Managing Director bei ALTHALLER communication","og_description":"Mit dem Einstieg von Uwe Lang als Managing Director erweitert ALTHALLER communication die Agenturleitung um einen etablierten Kommunikationsprofi","og_url":"https:\/\/althallercommunication.de\/uwe-lang-neuer-managing-director-bei-althaller-communication\/","og_site_name":"althaller communication","article_publisher":"https:\/\/www.facebook.com\/althallercommunication","article_published_time":"2018-10-25T08:05:17+00:00","article_modified_time":"2023-12-14T11:08:11+00:00","author":"Jacqueline Althaller","twitter_card":"summary_large_image","twitter_creator":"@ALTHALLERcom","twitter_site":"@ALTHALLERcom","twitter_misc":{"Written by":"Jacqueline Althaller","Est. reading time":"6 minutes"},"schema":{"@context":"https:\/\/schema.org","@graph":[{"@type":"Article","@id":"https:\/\/althallercommunication.de\/uwe-lang-neuer-managing-director-bei-althaller-communication\/#article","isPartOf":{"@id":"https:\/\/althallercommunication.de\/uwe-lang-neuer-managing-director-bei-althaller-communication\/"},"author":{"name":"Jacqueline Althaller","@id":"https:\/\/althallercommunication.de\/#\/schema\/person\/4ca72b5e8d0bebc1f9b3061e463e32ee"},"headline":"Uwe Lang neuer Managing Director bei ALTHALLER communication","datePublished":"2018-10-25T08:05:17+00:00","dateModified":"2023-12-14T11:08:11+00:00","mainEntityOfPage":{"@id":"https:\/\/althallercommunication.de\/uwe-lang-neuer-managing-director-bei-althaller-communication\/"},"wordCount":1161,"publisher":{"@id":"https:\/\/althallercommunication.de\/#organization"},"inLanguage":"en-US"},{"@type":"WebPage","@id":"https:\/\/althallercommunication.de\/uwe-lang-neuer-managing-director-bei-althaller-communication\/","url":"https:\/\/althallercommunication.de\/uwe-lang-neuer-managing-director-bei-althaller-communication\/","name":"Uwe Lang neuer Managing Director bei ALTHALLER communication | althaller communication","isPartOf":{"@id":"https:\/\/althallercommunication.de\/#website"},"datePublished":"2018-10-25T08:05:17+00:00","dateModified":"2023-12-14T11:08:11+00:00","description":"Mit dem Einstieg von Uwe Lang als Managing Director erweitert ALTHALLER communication die Agenturleitung um einen etablierten Kommunikationsprofi","breadcrumb":{"@id":"https:\/\/althallercommunication.de\/uwe-lang-neuer-managing-director-bei-althaller-communication\/#breadcrumb"},"inLanguage":"en-US","potentialAction":[{"@type":"ReadAction","target":["https:\/\/althallercommunication.de\/uwe-lang-neuer-managing-director-bei-althaller-communication\/"]}]},{"@type":"BreadcrumbList","@id":"https:\/\/althallercommunication.de\/uwe-lang-neuer-managing-director-bei-althaller-communication\/#breadcrumb","itemListElement":[{"@type":"ListItem","position":1,"name":"Startseite","item":"https:\/\/althallercommunication.de\/en\/"},{"@type":"ListItem","position":2,"name":"Uwe Lang neuer Managing Director bei ALTHALLER communication"}]},{"@type":"WebSite","@id":"https:\/\/althallercommunication.de\/#website","url":"https:\/\/althallercommunication.de\/","name":"althaller communication","description":"Martkommunikation B2B","publisher":{"@id":"https:\/\/althallercommunication.de\/#organization"},"potentialAction":[{"@type":"SearchAction","target":{"@type":"EntryPoint","urlTemplate":"https:\/\/althallercommunication.de\/?s={search_term_string}"},"query-input":{"@type":"PropertyValueSpecification","valueRequired":true,"valueName":"search_term_string"}}],"inLanguage":"en-US"},{"@type":"Organization","@id":"https:\/\/althallercommunication.de\/#organization","name":"ALTHALLER communication","url":"https:\/\/althallercommunication.de\/","logo":{"@type":"ImageObject","inLanguage":"en-US","@id":"https:\/\/althallercommunication.de\/#\/schema\/logo\/image\/","url":"https:\/\/althallercommunication.de\/wp-content\/uploads\/2023\/12\/althaller_comm_b.png","contentUrl":"https:\/\/althallercommunication.de\/wp-content\/uploads\/2023\/12\/althaller_comm_b.png","width":464,"height":110,"caption":"ALTHALLER communication"},"image":{"@id":"https:\/\/althallercommunication.de\/#\/schema\/logo\/image\/"},"sameAs":["https:\/\/www.facebook.com\/althallercommunication","https:\/\/x.com\/ALTHALLERcom","https:\/\/www.linkedin.com\/company\/3332596?trk=tyah&amp;amp;amp;trkInfo=tas:COMMUNICATION Presse und PR,idx:1-1-1"]},{"@type":"Person","@id":"https:\/\/althallercommunication.de\/#\/schema\/person\/4ca72b5e8d0bebc1f9b3061e463e32ee","name":"Jacqueline Althaller","image":{"@type":"ImageObject","inLanguage":"en-US","@id":"https:\/\/secure.gravatar.com\/avatar\/2e8cdf7784b763130efe210406ba46634d04913cf12c46cf98b2799d6da47211?s=96&d=mm&r=g","url":"https:\/\/secure.gravatar.com\/avatar\/2e8cdf7784b763130efe210406ba46634d04913cf12c46cf98b2799d6da47211?s=96&d=mm&r=g","contentUrl":"https:\/\/secure.gravatar.com\/avatar\/2e8cdf7784b763130efe210406ba46634d04913cf12c46cf98b2799d6da47211?s=96&d=mm&r=g","caption":"Jacqueline Althaller"},"description":"$$$2021hmb8hzb4MD","url":"https:\/\/althallercommunication.de\/en\/author\/jacqueline-althaller\/"}]}},"_links":{"self":[{"href":"https:\/\/althallercommunication.de\/en\/wp-json\/wp\/v2\/posts\/14029","targetHints":{"allow":["GET"]}}],"collection":[{"href":"https:\/\/althallercommunication.de\/en\/wp-json\/wp\/v2\/posts"}],"about":[{"href":"https:\/\/althallercommunication.de\/en\/wp-json\/wp\/v2\/types\/post"}],"author":[{"embeddable":true,"href":"https:\/\/althallercommunication.de\/en\/wp-json\/wp\/v2\/users\/6"}],"replies":[{"embeddable":true,"href":"https:\/\/althallercommunication.de\/en\/wp-json\/wp\/v2\/comments?post=14029"}],"version-history":[{"count":8,"href":"https:\/\/althallercommunication.de\/en\/wp-json\/wp\/v2\/posts\/14029\/revisions"}],"predecessor-version":[{"id":14046,"href":"https:\/\/althallercommunication.de\/en\/wp-json\/wp\/v2\/posts\/14029\/revisions\/14046"}],"wp:attachment":[{"href":"https:\/\/althallercommunication.de\/en\/wp-json\/wp\/v2\/media?parent=14029"}],"wp:term":[{"taxonomy":"category","embeddable":true,"href":"https:\/\/althallercommunication.de\/en\/wp-json\/wp\/v2\/categories?post=14029"},{"taxonomy":"post_tag","embeddable":true,"href":"https:\/\/althallercommunication.de\/en\/wp-json\/wp\/v2\/tags?post=14029"}],"curies":[{"name":"wp","href":"https:\/\/api.w.org\/{rel}","templated":true}]}}