{"id":14402,"date":"2018-11-26T15:00:22","date_gmt":"2018-11-26T14:00:22","guid":{"rendered":"http:\/\/www.althallercommunication.de\/?p=14402"},"modified":"2024-03-02T10:46:18","modified_gmt":"2024-03-02T09:46:18","slug":"zeit-des-lachens-erhaelt-tatkraeftige-unterstuetzung","status":"publish","type":"post","link":"https:\/\/althallercommunication.de\/en\/zeit-des-lachens-erhaelt-tatkraeftige-unterstuetzung\/","title":{"rendered":"\u201eZeit des Lachens\u201c erh\u00e4lt tatkr\u00e4ftige Unterst\u00fctzung"},"content":{"rendered":"<p>November 2018<\/p>\n<p>Vereinsnews von \u201eZeit des Lachens e.V.\u201c<\/p>\n<h2><strong>\u201eZeit des Lachens\u201c erh\u00e4lt tatkr\u00e4ftige Unterst\u00fctzung<\/strong><\/h2>\n<ul>\n<li><strong>Dr. Robert Ertl, Vorstand Bayerische B\u00f6rse, wird neuer Zweiter Vorsitzender<\/strong><\/li>\n<li><strong>Rick Goldmann, ehemaliger Eishockeyprofi und Sportmoderator, \u00fcbernimmt Schirmherrschaft<\/strong><\/li>\n<\/ul>\n<p>M\u00fcnchen, 26. November 2018. Als neuer Schirmherr von \u201eZeit des Lachens e.V.\u201c wird Rick Goldmann, ehemaliger Profi-Eishockeyspieler und Sportmoderator bei Sport1 den Verein bei dessen Events, wie dem \u201eTag des Lachens\u201c tatkr\u00e4ftig unterst\u00fctzen. F\u00fcr die Position des zweiten Vorstandes konnte weitere M\u00fcnchner Prominenz gewonnen werden. Dr. Robert Ertl, Vorstand der Bayerischen B\u00f6rse, wird \u201eZeit des Lachens e.V.\u201c besonders administrativ zur Seite stehen.<\/p>\n<p>\u201eZeit des Lachens vereint f\u00fcr mich als Papa, Inhaber zweier Physiotherapiepraxen und ehemaligem Profisportler ganz wichtige Punkte meines eigenen Lebens. Als Papa wei\u00df ich, dass f\u00fcr uns Eltern das wichtigste die Gesundheit unserer Kinder ist. Gleichzeitig wei\u00df ich auch als Akteur auf dem Gesundheitsmarkt, unter welchen schwierigen Umst\u00e4nden und wie schlecht bezahlt viele Mitarbeiter in diesem Sektor arbeiten. Aber ebenso wei\u00df ich als fr\u00fcherer Mannschaftsportler, dass gute Leistung nur in einem Team mit viel Freude, Lachen und guter Stimmung m\u00f6glich ist. Genau hier setzt Zeit des Lachens an. Zeit des Lachens bringt Abwechslung, Spa\u00df und damit eine bewusste positive Verschiebung der Aufmerksamkeit in den Klinikalltag und genau das m\u00f6chte ich unterst\u00fctzen,\u201c so <strong>Rick Goldmann<\/strong> zu seiner Entscheidung, \u201eZeit des Lachens e.V.\u201c k\u00fcnftig als Schirmherr tatkr\u00e4ftig zu unterst\u00fctzen.<\/p>\n<p><strong>Dr. Robert Ertl<\/strong> freut sich \u00fcber seine neue Berufung, den Verein als zweiter Vorstand betreuen zu k\u00f6nnen: \u201eDie Bayerische B\u00f6rse AG unterst\u00fctzt den Verein bereits seit L\u00e4ngerem. Doch als ich das erste Mal selbst live bei einem \u201eTag des Lachens\u201c im Haunerschen Kinderspital in M\u00fcnchen dabei war, wurde mir so richtig klar, dass dies der richtige Ansatz ist: Den erkrankten Kindern \u2013 aber auch den Eltern, Angeh\u00f6rigen und dem Klinikpersonal \u2013 einen besonderen Tag und unbeschwerte Momente des Lachens zu schenken. Als Vater wei\u00df ich, dass es nicht viel sch\u00f6nere Dinge auf der Welt gibt, als sein Kind lachen zu sehen.\u201c<\/p>\n<p>Bitte unterst\u00fctzen auch Sie uns bei unseren kommenden Events. Der n\u00e4chste \u201eTag des Lachens\u201c findet am<\/p>\n<p>Freitag, den <strong>03. Dezember 2018<\/strong>,<br \/>\nim <strong>Clementine Kinderhospital Frankfurt, <\/strong><br \/>\n<strong>Theobald-Christ Stra\u00dfe 16, 60316 Frankfurt<\/strong><\/p>\n<p>statt. Bitte unterst\u00fctzen Sie unsere Herzensangelegenheit mit einer kleinen Spende:<\/p>\n<p><strong>Spendenkonto:<\/strong><br \/>\nRaiffeisenbank Neumarkt-St. Veit &#8211; Reischach eG<br \/>\nZeit des Lachens<br \/>\nIBAN: DE98 7016 9530 0000 8952 02<br \/>\nBIC: GENODEF1RWZ<\/p>\n<p><strong>\u00dcber \u201eZeit des Lachens e.V.\u201c<\/strong><\/p>\n<p>Lachen, Freude, ganz viel Spa\u00df und vor allem Abwechslung: Das bringt der \u201eZeit des Lachens e.V.\u201c den kleinen Patienten, ihren Angeh\u00f6rigen und dem Personal in bundesdeutschen Kinderkliniken. Der Grundgedanke ist Nachhaltigkeit: Was w\u00e4hrend eines Besuches vermittelt wird, soll langfristig positiv in den Klinikalltag hineinwirken. Initiiert wurde die Aktion bereits in 2005, nach einem Konzept der M\u00fcnchner Agentur ALTHALLER communication. Im Mai 2009 ist aus der Initiative der Verein \u201eZeit des Lachens e.V.\u201c mit Sitz in M\u00fcnchen hervorgegangen.<\/p>\n<p>Weitere Informationen unter: <a href=\"http:\/\/www.zeitdeslachens.de\">www.zeitdeslachens.de<\/a><\/p>\n<p>PI zum Download<\/p>\n<p>Bildmaterial<\/p>\n<p>https:\/\/althallercommunication.de\/wp-content\/uploads\/2018\/11\/SPORT1_Rick_GoldmannIII-1030&#215;687.jpg<\/p>\n<p>Rick Goldmann zu seiner Entscheidung, die Schirmherrschaft f\u00fcr \u201cZeit des Lachens e.V.\u201d zu \u00fcbernehmen: \u201cF\u00fcr uns Eltern ist die Gesundheit unserer Kinder das Wichtigste.\u201d<\/p>\n<p>https:\/\/althallercommunication.de\/wp-content\/uploads\/2018\/11\/kleiner.png<\/p>\n<p>Dr. Robert Ertl freut sich, \u201cZeit des Lachens e.V.\u201d als zweiter Vorstand begleiten zu d\u00fcrfen: \u201cAls ich das erste Mal selbst live bei einem \u201eTag des Lachens\u201c dabei war, wurde mir so richtig klar, dass dies der richtige Ansatz ist, erkrankten Kindern zu helfen.\u201d<\/p>\n<p>W2Z1c2lvbl9idXR0b24gbGluaz0mcXVvdDtqYXZhc2NyaXB0Omhpc3RvcnkuYmFjaygpJnF1b3Q7IHRpdGxlPSZxdW90OyZxdW90OyB0YXJnZXQ9JnF1b3Q7X3NlbGYmcXVvdDsgYWxpZ25tZW50PSZxdW90O2NlbnRlciZxdW90OyBtb2RhbD0mcXVvdDsmcXVvdDsgaGlkZV9vbl9tb2JpbGU9JnF1b3Q7c21hbGwtdmlzaWJpbGl0eSxtZWRpdW0tdmlzaWJpbGl0eSxsYXJnZS12aXNpYmlsaXR5JnF1b3Q7IGNsYXNzPSZxdW90OyZxdW90OyBpZD0mcXVvdDsmcXVvdDsgY29sb3I9JnF1b3Q7ZGVmYXVsdCZxdW90OyBidXR0b25fZ3JhZGllbnRfdG9wX2NvbG9yPSZxdW90OyZxdW90OyBidXR0b25fZ3JhZGllbnRfYm90dG9tX2NvbG9yPSZxdW90OyZxdW90OyBidXR0b25fZ3JhZGllbnRfdG9wX2NvbG9yX2hvdmVyPSZxdW90OyZxdW90OyBidXR0b25fZ3JhZGllbnRfYm90dG9tX2NvbG9yX2hvdmVyPSZxdW90OyZxdW90OyBhY2NlbnRfY29sb3I9JnF1b3Q7JnF1b3Q7IGFjY2VudF9ob3Zlcl9jb2xvcj0mcXVvdDsmcXVvdDsgdHlwZT0mcXVvdDsmcXVvdDsgYmV2ZWxfY29sb3I9JnF1b3Q7JnF1b3Q7IGJvcmRlcl93aWR0aD0mcXVvdDsmcXVvdDsgc2l6ZT0mcXVvdDttZWRpdW0mcXVvdDsgc3RyZXRjaD0mcXVvdDtkZWZhdWx0JnF1b3Q7IHNoYXBlPSZxdW90O3JvdW5kJnF1b3Q7IGljb249JnF1b3Q7ZmEtY2hldnJvbi1sZWZ0JnF1b3Q7IGljb25fcG9zaXRpb249JnF1b3Q7bGVmdCZxdW90OyBpY29uX2RpdmlkZXI9JnF1b3Q7bm8mcXVvdDsgYW5pbWF0aW9uX3R5cGU9JnF1b3Q7JnF1b3Q7IGFuaW1hdGlvbl9kaXJlY3Rpb249JnF1b3Q7bGVmdCZxdW90OyBhbmltYXRpb25fc3BlZWQ9JnF1b3Q7MC4zJnF1b3Q7IGFuaW1hdGlvbl9vZmZzZXQ9JnF1b3Q7JnF1b3Q7XXp1csO8Y2tbL2Z1c2lvbl9idXR0b25d<\/p>\n<p>Pressekontakt und Redaktion<br \/>\n<strong>Frederic Aich<br \/>\n<\/strong>ALTHALLER communication<br \/>\nElisabethstra\u00dfe 13<br \/>\n80796 M\u00fcnchen<\/p>\n<p><em>Bildmaterial stellen wir auf Wunsch gerne zur Verf\u00fcgung.<\/em><\/p>\n<p><\/p>\n<p>+49 (0) 89 38 66 52 63<\/p>\n<p><\/p>\n<p>+49 (0) 89 38 66 52 75<\/p>\n<p><\/p>\n<p><a href=\"mailto:info@althallercommunication.de\">info@althallercommunication.de<\/a><\/p>\n<p><\/p>\n<p><a href=\"https:\/\/althallercommunication.de\/\">www.althallercommunication.de<\/a><\/p>\n<p><\/p>\n","protected":false},"excerpt":{"rendered":"<p><strong>Zeit des Lachens e.V.<\/strong> | M\u00fcnchen: <\/br>\u201eZeit des Lachens\u201c erh\u00e4lt tatkr\u00e4ftige Unterst\u00fctzung<\/p>\n","protected":false},"author":6,"featured_media":0,"comment_status":"closed","ping_status":"open","sticky":false,"template":"","format":"standard","meta":{"_et_pb_use_builder":"","_et_pb_old_content":"","_et_gb_content_width":"","inline_featured_image":false,"footnotes":""},"categories":[2752,2765,2756,1,2758,2766,2829],"tags":[],"class_list":["post-14402","post","type-post","status-publish","format-standard","hentry","category-healthcare","category-klassische-pressearbeit","category-kunden-in-den-medien","category-unkategorisiert","category-pressemeldungen","category-social-media","category-zeit-des-lachens"],"yoast_head":"<!-- This site is optimized with the Yoast SEO Premium plugin v25.3 (Yoast SEO v27.4) - https:\/\/yoast.com\/product\/yoast-seo-premium-wordpress\/ -->\n<title>\u201eZeit des Lachens\u201c erh\u00e4lt tatkr\u00e4ftige Unterst\u00fctzung<\/title>\n<meta name=\"description\" content=\"Als neuer Schirmherr von \u201eZeit des Lachens e.V.\u201c wird Rick Goldmann den Verein unterst\u00fctzen. F\u00fcr die Position des zweiten Vorstandes konnte Dr. Robert Ertl gewonnen werden.\" \/>\n<meta name=\"robots\" content=\"index, follow, max-snippet:-1, max-image-preview:large, max-video-preview:-1\" \/>\n<link rel=\"canonical\" href=\"https:\/\/althallercommunication.de\/zeit-des-lachens-erhaelt-tatkraeftige-unterstuetzung\/\" \/>\n<meta property=\"og:locale\" content=\"en_US\" \/>\n<meta property=\"og:type\" content=\"article\" \/>\n<meta property=\"og:title\" content=\"\u201eZeit des Lachens\u201c erh\u00e4lt tatkr\u00e4ftige Unterst\u00fctzung\" \/>\n<meta property=\"og:description\" content=\"Als neuer Schirmherr von \u201eZeit des Lachens e.V.\u201c wird Rick Goldmann den Verein unterst\u00fctzen. F\u00fcr die Position des zweiten Vorstandes konnte Dr. Robert Ertl gewonnen werden.\" \/>\n<meta property=\"og:url\" content=\"https:\/\/althallercommunication.de\/zeit-des-lachens-erhaelt-tatkraeftige-unterstuetzung\/\" \/>\n<meta property=\"og:site_name\" content=\"althaller communication\" \/>\n<meta property=\"article:publisher\" content=\"https:\/\/www.facebook.com\/althallercommunication\" \/>\n<meta property=\"article:published_time\" content=\"2018-11-26T14:00:22+00:00\" \/>\n<meta property=\"article:modified_time\" content=\"2024-03-02T09:46:18+00:00\" \/>\n<meta name=\"author\" content=\"Jacqueline Althaller\" \/>\n<meta name=\"twitter:card\" content=\"summary_large_image\" \/>\n<meta name=\"twitter:creator\" content=\"@ALTHALLERcom\" \/>\n<meta name=\"twitter:site\" content=\"@ALTHALLERcom\" \/>\n<meta name=\"twitter:label1\" content=\"Written by\" \/>\n\t<meta name=\"twitter:data1\" content=\"Jacqueline Althaller\" \/>\n\t<meta name=\"twitter:label2\" content=\"Est. reading time\" \/>\n\t<meta name=\"twitter:data2\" content=\"6 minutes\" \/>\n<script type=\"application\/ld+json\" class=\"yoast-schema-graph\">{\"@context\":\"https:\\\/\\\/schema.org\",\"@graph\":[{\"@type\":\"Article\",\"@id\":\"https:\\\/\\\/althallercommunication.de\\\/zeit-des-lachens-erhaelt-tatkraeftige-unterstuetzung\\\/#article\",\"isPartOf\":{\"@id\":\"https:\\\/\\\/althallercommunication.de\\\/zeit-des-lachens-erhaelt-tatkraeftige-unterstuetzung\\\/\"},\"author\":{\"name\":\"Jacqueline Althaller\",\"@id\":\"https:\\\/\\\/althallercommunication.de\\\/#\\\/schema\\\/person\\\/4ca72b5e8d0bebc1f9b3061e463e32ee\"},\"headline\":\"\u201eZeit des Lachens\u201c erh\u00e4lt tatkr\u00e4ftige Unterst\u00fctzung\",\"datePublished\":\"2018-11-26T14:00:22+00:00\",\"dateModified\":\"2024-03-02T09:46:18+00:00\",\"mainEntityOfPage\":{\"@id\":\"https:\\\/\\\/althallercommunication.de\\\/zeit-des-lachens-erhaelt-tatkraeftige-unterstuetzung\\\/\"},\"wordCount\":1299,\"publisher\":{\"@id\":\"https:\\\/\\\/althallercommunication.de\\\/#organization\"},\"articleSection\":[\"Healthcare\",\"Klassische Pressearbeit\",\"Kunden\",\"Others\",\"Pressemeldungen\",\"Social Media\",\"Zeit des Lachens\"],\"inLanguage\":\"en-US\"},{\"@type\":\"WebPage\",\"@id\":\"https:\\\/\\\/althallercommunication.de\\\/zeit-des-lachens-erhaelt-tatkraeftige-unterstuetzung\\\/\",\"url\":\"https:\\\/\\\/althallercommunication.de\\\/zeit-des-lachens-erhaelt-tatkraeftige-unterstuetzung\\\/\",\"name\":\"\u201eZeit des Lachens\u201c erh\u00e4lt tatkr\u00e4ftige Unterst\u00fctzung\",\"isPartOf\":{\"@id\":\"https:\\\/\\\/althallercommunication.de\\\/#website\"},\"datePublished\":\"2018-11-26T14:00:22+00:00\",\"dateModified\":\"2024-03-02T09:46:18+00:00\",\"description\":\"Als neuer Schirmherr von \u201eZeit des Lachens e.V.\u201c wird Rick Goldmann den Verein unterst\u00fctzen. F\u00fcr die Position des zweiten Vorstandes konnte Dr. Robert Ertl gewonnen werden.\",\"breadcrumb\":{\"@id\":\"https:\\\/\\\/althallercommunication.de\\\/zeit-des-lachens-erhaelt-tatkraeftige-unterstuetzung\\\/#breadcrumb\"},\"inLanguage\":\"en-US\",\"potentialAction\":[{\"@type\":\"ReadAction\",\"target\":[\"https:\\\/\\\/althallercommunication.de\\\/zeit-des-lachens-erhaelt-tatkraeftige-unterstuetzung\\\/\"]}]},{\"@type\":\"BreadcrumbList\",\"@id\":\"https:\\\/\\\/althallercommunication.de\\\/zeit-des-lachens-erhaelt-tatkraeftige-unterstuetzung\\\/#breadcrumb\",\"itemListElement\":[{\"@type\":\"ListItem\",\"position\":1,\"name\":\"Startseite\",\"item\":\"https:\\\/\\\/althallercommunication.de\\\/en\\\/\"},{\"@type\":\"ListItem\",\"position\":2,\"name\":\"\u201eZeit des Lachens\u201c erh\u00e4lt tatkr\u00e4ftige Unterst\u00fctzung\"}]},{\"@type\":\"WebSite\",\"@id\":\"https:\\\/\\\/althallercommunication.de\\\/#website\",\"url\":\"https:\\\/\\\/althallercommunication.de\\\/\",\"name\":\"althaller communication\",\"description\":\"Martkommunikation B2B\",\"publisher\":{\"@id\":\"https:\\\/\\\/althallercommunication.de\\\/#organization\"},\"potentialAction\":[{\"@type\":\"SearchAction\",\"target\":{\"@type\":\"EntryPoint\",\"urlTemplate\":\"https:\\\/\\\/althallercommunication.de\\\/?s={search_term_string}\"},\"query-input\":{\"@type\":\"PropertyValueSpecification\",\"valueRequired\":true,\"valueName\":\"search_term_string\"}}],\"inLanguage\":\"en-US\"},{\"@type\":\"Organization\",\"@id\":\"https:\\\/\\\/althallercommunication.de\\\/#organization\",\"name\":\"ALTHALLER communication\",\"url\":\"https:\\\/\\\/althallercommunication.de\\\/\",\"logo\":{\"@type\":\"ImageObject\",\"inLanguage\":\"en-US\",\"@id\":\"https:\\\/\\\/althallercommunication.de\\\/#\\\/schema\\\/logo\\\/image\\\/\",\"url\":\"https:\\\/\\\/althallercommunication.de\\\/wp-content\\\/uploads\\\/2023\\\/12\\\/althaller_comm_b.png\",\"contentUrl\":\"https:\\\/\\\/althallercommunication.de\\\/wp-content\\\/uploads\\\/2023\\\/12\\\/althaller_comm_b.png\",\"width\":464,\"height\":110,\"caption\":\"ALTHALLER communication\"},\"image\":{\"@id\":\"https:\\\/\\\/althallercommunication.de\\\/#\\\/schema\\\/logo\\\/image\\\/\"},\"sameAs\":[\"https:\\\/\\\/www.facebook.com\\\/althallercommunication\",\"https:\\\/\\\/x.com\\\/ALTHALLERcom\",\"https:\\\/\\\/www.linkedin.com\\\/company\\\/3332596?trk=tyah&amp;amp;amp;trkInfo=tas:COMMUNICATION Presse und PR,idx:1-1-1\"]},{\"@type\":\"Person\",\"@id\":\"https:\\\/\\\/althallercommunication.de\\\/#\\\/schema\\\/person\\\/4ca72b5e8d0bebc1f9b3061e463e32ee\",\"name\":\"Jacqueline Althaller\",\"image\":{\"@type\":\"ImageObject\",\"inLanguage\":\"en-US\",\"@id\":\"https:\\\/\\\/secure.gravatar.com\\\/avatar\\\/2e8cdf7784b763130efe210406ba46634d04913cf12c46cf98b2799d6da47211?s=96&d=mm&r=g\",\"url\":\"https:\\\/\\\/secure.gravatar.com\\\/avatar\\\/2e8cdf7784b763130efe210406ba46634d04913cf12c46cf98b2799d6da47211?s=96&d=mm&r=g\",\"contentUrl\":\"https:\\\/\\\/secure.gravatar.com\\\/avatar\\\/2e8cdf7784b763130efe210406ba46634d04913cf12c46cf98b2799d6da47211?s=96&d=mm&r=g\",\"caption\":\"Jacqueline Althaller\"},\"description\":\"$$$2021hmb8hzb4MD\",\"url\":\"https:\\\/\\\/althallercommunication.de\\\/en\\\/author\\\/jacqueline-althaller\\\/\"}]}<\/script>\n<!-- \/ Yoast SEO Premium plugin. -->","yoast_head_json":{"title":"\u201eZeit des Lachens\u201c erh\u00e4lt tatkr\u00e4ftige Unterst\u00fctzung","description":"Als neuer Schirmherr von \u201eZeit des Lachens e.V.\u201c wird Rick Goldmann den Verein unterst\u00fctzen. F\u00fcr die Position des zweiten Vorstandes konnte Dr. Robert Ertl gewonnen werden.","robots":{"index":"index","follow":"follow","max-snippet":"max-snippet:-1","max-image-preview":"max-image-preview:large","max-video-preview":"max-video-preview:-1"},"canonical":"https:\/\/althallercommunication.de\/zeit-des-lachens-erhaelt-tatkraeftige-unterstuetzung\/","og_locale":"en_US","og_type":"article","og_title":"\u201eZeit des Lachens\u201c erh\u00e4lt tatkr\u00e4ftige Unterst\u00fctzung","og_description":"Als neuer Schirmherr von \u201eZeit des Lachens e.V.\u201c wird Rick Goldmann den Verein unterst\u00fctzen. F\u00fcr die Position des zweiten Vorstandes konnte Dr. Robert Ertl gewonnen werden.","og_url":"https:\/\/althallercommunication.de\/zeit-des-lachens-erhaelt-tatkraeftige-unterstuetzung\/","og_site_name":"althaller communication","article_publisher":"https:\/\/www.facebook.com\/althallercommunication","article_published_time":"2018-11-26T14:00:22+00:00","article_modified_time":"2024-03-02T09:46:18+00:00","author":"Jacqueline Althaller","twitter_card":"summary_large_image","twitter_creator":"@ALTHALLERcom","twitter_site":"@ALTHALLERcom","twitter_misc":{"Written by":"Jacqueline Althaller","Est. reading time":"6 minutes"},"schema":{"@context":"https:\/\/schema.org","@graph":[{"@type":"Article","@id":"https:\/\/althallercommunication.de\/zeit-des-lachens-erhaelt-tatkraeftige-unterstuetzung\/#article","isPartOf":{"@id":"https:\/\/althallercommunication.de\/zeit-des-lachens-erhaelt-tatkraeftige-unterstuetzung\/"},"author":{"name":"Jacqueline Althaller","@id":"https:\/\/althallercommunication.de\/#\/schema\/person\/4ca72b5e8d0bebc1f9b3061e463e32ee"},"headline":"\u201eZeit des Lachens\u201c erh\u00e4lt tatkr\u00e4ftige Unterst\u00fctzung","datePublished":"2018-11-26T14:00:22+00:00","dateModified":"2024-03-02T09:46:18+00:00","mainEntityOfPage":{"@id":"https:\/\/althallercommunication.de\/zeit-des-lachens-erhaelt-tatkraeftige-unterstuetzung\/"},"wordCount":1299,"publisher":{"@id":"https:\/\/althallercommunication.de\/#organization"},"articleSection":["Healthcare","Klassische Pressearbeit","Kunden","Others","Pressemeldungen","Social Media","Zeit des Lachens"],"inLanguage":"en-US"},{"@type":"WebPage","@id":"https:\/\/althallercommunication.de\/zeit-des-lachens-erhaelt-tatkraeftige-unterstuetzung\/","url":"https:\/\/althallercommunication.de\/zeit-des-lachens-erhaelt-tatkraeftige-unterstuetzung\/","name":"\u201eZeit des Lachens\u201c erh\u00e4lt tatkr\u00e4ftige Unterst\u00fctzung","isPartOf":{"@id":"https:\/\/althallercommunication.de\/#website"},"datePublished":"2018-11-26T14:00:22+00:00","dateModified":"2024-03-02T09:46:18+00:00","description":"Als neuer Schirmherr von \u201eZeit des Lachens e.V.\u201c wird Rick Goldmann den Verein unterst\u00fctzen. F\u00fcr die Position des zweiten Vorstandes konnte Dr. Robert Ertl gewonnen werden.","breadcrumb":{"@id":"https:\/\/althallercommunication.de\/zeit-des-lachens-erhaelt-tatkraeftige-unterstuetzung\/#breadcrumb"},"inLanguage":"en-US","potentialAction":[{"@type":"ReadAction","target":["https:\/\/althallercommunication.de\/zeit-des-lachens-erhaelt-tatkraeftige-unterstuetzung\/"]}]},{"@type":"BreadcrumbList","@id":"https:\/\/althallercommunication.de\/zeit-des-lachens-erhaelt-tatkraeftige-unterstuetzung\/#breadcrumb","itemListElement":[{"@type":"ListItem","position":1,"name":"Startseite","item":"https:\/\/althallercommunication.de\/en\/"},{"@type":"ListItem","position":2,"name":"\u201eZeit des Lachens\u201c erh\u00e4lt tatkr\u00e4ftige Unterst\u00fctzung"}]},{"@type":"WebSite","@id":"https:\/\/althallercommunication.de\/#website","url":"https:\/\/althallercommunication.de\/","name":"althaller communication","description":"Martkommunikation B2B","publisher":{"@id":"https:\/\/althallercommunication.de\/#organization"},"potentialAction":[{"@type":"SearchAction","target":{"@type":"EntryPoint","urlTemplate":"https:\/\/althallercommunication.de\/?s={search_term_string}"},"query-input":{"@type":"PropertyValueSpecification","valueRequired":true,"valueName":"search_term_string"}}],"inLanguage":"en-US"},{"@type":"Organization","@id":"https:\/\/althallercommunication.de\/#organization","name":"ALTHALLER communication","url":"https:\/\/althallercommunication.de\/","logo":{"@type":"ImageObject","inLanguage":"en-US","@id":"https:\/\/althallercommunication.de\/#\/schema\/logo\/image\/","url":"https:\/\/althallercommunication.de\/wp-content\/uploads\/2023\/12\/althaller_comm_b.png","contentUrl":"https:\/\/althallercommunication.de\/wp-content\/uploads\/2023\/12\/althaller_comm_b.png","width":464,"height":110,"caption":"ALTHALLER communication"},"image":{"@id":"https:\/\/althallercommunication.de\/#\/schema\/logo\/image\/"},"sameAs":["https:\/\/www.facebook.com\/althallercommunication","https:\/\/x.com\/ALTHALLERcom","https:\/\/www.linkedin.com\/company\/3332596?trk=tyah&amp;amp;amp;trkInfo=tas:COMMUNICATION Presse und PR,idx:1-1-1"]},{"@type":"Person","@id":"https:\/\/althallercommunication.de\/#\/schema\/person\/4ca72b5e8d0bebc1f9b3061e463e32ee","name":"Jacqueline Althaller","image":{"@type":"ImageObject","inLanguage":"en-US","@id":"https:\/\/secure.gravatar.com\/avatar\/2e8cdf7784b763130efe210406ba46634d04913cf12c46cf98b2799d6da47211?s=96&d=mm&r=g","url":"https:\/\/secure.gravatar.com\/avatar\/2e8cdf7784b763130efe210406ba46634d04913cf12c46cf98b2799d6da47211?s=96&d=mm&r=g","contentUrl":"https:\/\/secure.gravatar.com\/avatar\/2e8cdf7784b763130efe210406ba46634d04913cf12c46cf98b2799d6da47211?s=96&d=mm&r=g","caption":"Jacqueline Althaller"},"description":"$$$2021hmb8hzb4MD","url":"https:\/\/althallercommunication.de\/en\/author\/jacqueline-althaller\/"}]}},"_links":{"self":[{"href":"https:\/\/althallercommunication.de\/en\/wp-json\/wp\/v2\/posts\/14402","targetHints":{"allow":["GET"]}}],"collection":[{"href":"https:\/\/althallercommunication.de\/en\/wp-json\/wp\/v2\/posts"}],"about":[{"href":"https:\/\/althallercommunication.de\/en\/wp-json\/wp\/v2\/types\/post"}],"author":[{"embeddable":true,"href":"https:\/\/althallercommunication.de\/en\/wp-json\/wp\/v2\/users\/6"}],"replies":[{"embeddable":true,"href":"https:\/\/althallercommunication.de\/en\/wp-json\/wp\/v2\/comments?post=14402"}],"version-history":[{"count":6,"href":"https:\/\/althallercommunication.de\/en\/wp-json\/wp\/v2\/posts\/14402\/revisions"}],"predecessor-version":[{"id":29233,"href":"https:\/\/althallercommunication.de\/en\/wp-json\/wp\/v2\/posts\/14402\/revisions\/29233"}],"wp:attachment":[{"href":"https:\/\/althallercommunication.de\/en\/wp-json\/wp\/v2\/media?parent=14402"}],"wp:term":[{"taxonomy":"category","embeddable":true,"href":"https:\/\/althallercommunication.de\/en\/wp-json\/wp\/v2\/categories?post=14402"},{"taxonomy":"post_tag","embeddable":true,"href":"https:\/\/althallercommunication.de\/en\/wp-json\/wp\/v2\/tags?post=14402"}],"curies":[{"name":"wp","href":"https:\/\/api.w.org\/{rel}","templated":true}]}}