{"id":14425,"date":"2018-12-03T09:00:22","date_gmt":"2018-12-03T08:00:22","guid":{"rendered":"http:\/\/www.althallercommunication.de\/?p=14425"},"modified":"2024-03-02T10:46:19","modified_gmt":"2024-03-02T09:46:19","slug":"zeit-des-lachens-im-clementine-kinderhospital-frankfurt","status":"publish","type":"post","link":"https:\/\/althallercommunication.de\/en\/zeit-des-lachens-im-clementine-kinderhospital-frankfurt\/","title":{"rendered":"\u201eZeit des Lachens e.V.\u201c im Clementine Kinderhospital in Frankfurt"},"content":{"rendered":"<p><\/p>\n<p>Dezember 2018<\/p>\n<h2><strong>\u201eZeit des Lachens e.V.\u201c im Clementine Kinderhospital in Frankfurt<\/strong><\/h2>\n<ul>\n<li><strong>Geballte Power von Profi-Sportlern f\u00fcr die kleinen Patienten <\/strong><\/li>\n<li><strong>Rick Goldmann, ehemaliger Eishockeyprofi und Schirmherr, zusammen mit<\/strong><\/li>\n<li><strong>Spielern der Eishockeymannschaft L\u00f6wen Frankfurt, <\/strong><\/li>\n<li><strong>Tine Holst, Iron Man Champion und<\/strong><\/li>\n<li><strong>Alexander Leipold, Sieger der Olympischen Spiele 2000 in Sydney sowie<\/strong><\/li>\n<li><strong>K\u00fcnstler, wie Kiddy, der musikalischsten Schildkr\u00f6te der Welt, sorgen gemeinsam mit M\u00e4rchenerz\u00e4hlerin bei den kleinen Patienten f\u00fcr<\/strong><\/li>\n<li><strong>Freude und Abwechslung auf den Kinderstationen<\/strong><\/li>\n<\/ul>\n<p>M\u00fcnchen, 03. Dezember 2018. Zum ersten Mal besucht \u201eZeit des Lachens e.V.\u201c das Clementine Kinderhospital in Frankfurt, um seinen kleinen Patienten mit einem vielf\u00e4ltigen und bunten Programm <strong>viel Spa\u00df, Lachen und Freude zu schenken<\/strong>. Mit dabei sind dieses Mal der ehemalige Eishockey-Profi und Schirmherr Rick Goldmann sowie weltbekannte Sportler aus unterschiedlichen Sportarten wie die d\u00e4nische Triathletin und Ironman Champion, Tine Holst, der ehemalige Olympiasieger im Ringen Alexander Leipold zudem zahlreiche Musiker und K\u00fcnstler.<\/p>\n<p>\u201eZum Gesundwerden geh\u00f6rt selbstverst\u00e4ndlich eine bestm\u00f6gliche \u00e4rztliche, therapeutische und pflegerische Versorgung\u201c, sagt <strong>Martina Schl\u00f6gl<\/strong>, Pflegedirektorin der B\u00fcrgerhospital und Clementine Kinderhospital gGmbH, \u201ezus\u00e4tzlich ist es wichtig, dass sich unsere kleinen Patientinnen und Patienten gemeinsam mit ihrer Familie bei uns wohlf\u00fchlen. Dazu tr\u00e4gt ein solcher Tag des Lachens viel bei.\u201c<\/p>\n<p><strong>\u201eEinf\u00fchlen. Begleiten. Helfen.\u201c<em>:<\/em><\/strong> Mit diesem Leitmotiv bietet das Clementine Kinderhospital Frankfurt eine umfassende Betreuung und medizinische Versorgung von Fr\u00fchgeborenen bis zu Jugendlichen an. Das Kinderhospital umfasst 75 Betten verteilt auf insgesamt acht Fachabteilungen, darunter Diabetologie, neurologische Fr\u00fchrehabilitation, Rheumatologie sowie Pneumologie und Allergologie. F\u00fcr die Verantwortlichen besonders wichtig: Dass f\u00fcr Patienten und Angeh\u00f6rige eine Atmosph\u00e4re geschaffen wird, in der \u00c4ngste und Sorgen vergessen werden. Wenn bereits die j\u00fcngsten Familienmitglieder eine intensive medizinische Betreuung ben\u00f6tigen, stellen Krankenhausaufenthalte eine extreme Belastung f\u00fcr alle Beteiligten dar. Hoffen und Bangen werden zentrale Elemente eines Familienlebens, das oft \u00fcber Monate im Krankenhaus stattfindet. Dabei kommen nicht nur die Kinder, sondern auch die Angeh\u00f6rigen und die Pflegenden oft nicht zur Ruhe. Hier setzt \u201eZeit des Lachens e.V.\u201c an: Ziel des 2009 gegr\u00fcndeten Vereines ist es, einen Tag voller Spa\u00df und Abwechslung in Kinderkrankenh\u00e4user zu bringen und damit kranken Kindern und Jugendlichen <strong>Kraft zur Genesung<\/strong> zu geben.<\/p>\n<p>Die kleinen Patienten und deren Angeh\u00f6rige erwartet im Clementine Kinderhospital am 03. Dezember ein liebevoll und abwechslungsreich gestaltetes Programm: Von <strong>Zipp<\/strong> und <strong>Kiddy<\/strong>, der musikalischsten Schildkr\u00f6te der Welt, werden die Kinder mit Musik begeistert und zum Mitsingen eingeladen. <strong>Marina Lahann<\/strong> erz\u00e4hlt M\u00e4rchengeschichten, die die Kinder in eine zauberhafte Welt mitnehmen werden.<\/p>\n<p>Ein besonderes Highlight ist der Besuch von <strong>Tine Holst<\/strong>, Triathlon Profi seit 2012, Iron Man Champion 2016 und 4-fache Hessenmeisterin im Radsport. Tine Holst \u00fcber Ihren Besuch beim \u201eTag des Lachens\u201c: \u201eAus pers\u00f6nlicher Lebenserfahrung wei\u00df ich, was es hei\u00dft, niemals aufzugeben. Mein Lebensmotto \u201eDon\u2019t stop believing\u201c gebe ich gerne an die kleinen Patienten als Impuls mentale Kraft zu entwickeln, weiter.\u201c<\/p>\n<p>Mit <strong>Alexander Leipold <\/strong>unterst\u00fctzt ein weiterer Profisportler \u201eZeit des Lachens\u201c. Mit seinen zahlreichen Welt-, Europa- und Deutschen Meistertiteln sowie dem Sieg bei den Olympischen Spielen 2000 in Sydney z\u00e4hlt Alexander Leipold zu den erfolgreichsten Ringern weltweit. Sein pers\u00f6nliches Schicksal und sein Kampf zur\u00fcck ins Leben und an die Weltspitze der Ringer zeigen: \u201eWer nicht k\u00e4mpft, hat schon verloren \u2013 Glaub\u2018 an dich.\u201c<\/p>\n<p>Auch werden drei Spieler der <strong>L\u00f6wen Frankfurt<\/strong> zusammen mit ihrem <strong>Maskottchen Trevor<\/strong> dabei sein, die mit spannenden Geschichten aus ihrem Sportleralltag die kleinen Patienten in ihren Bann ziehen und Abwechslung vom sonst eher monotonen Krankenhausalltag bieten.<\/p>\n<p>Das Engagement von \u201eZeit des Lachens\u201c richtet sich \u2013 im Gegensatz vielen anderen ehrenamtlichen Initiativen \u2013 nicht ausschlie\u00dflich an Kinder, sondern bindet gezielt auch Erwachsene in sein Konzept ein: Im Nachgang <strong>schenkt der Verein<\/strong> den <strong>Eltern<\/strong> und vor allem auch dem<strong> Pflegepersonal<\/strong> und den <strong>\u00c4rzten<\/strong> ein <strong>Lachyoga-Seminar mit Lachyoga-Therapeutin Ute Liebhard. <\/strong>Damit erhalten die Teilnehmer eine Mentaltechnik mit der sie noch lange nach dem Kurs in der Lage sind, sich durch bestimmte \u00dcbungen immer wieder in eine positive Grundstimmung zu versetzen \u2013 im oftmals anstrengenden Klinikalltag eine sehr wertvolle und anhaltend wirkende Gabe.<\/p>\n<p>Jacqueline Althaller, Gr\u00fcnderin des \u201eZeit des Lachens e.V\u201c, freut sich \u00fcber den Besuch in Frankfurt: \u201eUnser Ziel ist es, <strong>nachhaltig Impulse zu setzen<\/strong>. Unsere \u201aTage des Lachens\u2018 vermitteln positive Stimmung \u2013 und wir erleben immer wieder, dass diese lange sp\u00fcrbar bleibt und in den kleinen Patienten und ihren Angeh\u00f6rigen heilsam nachwirkt. \u201aTage des Lachens\u2018 wie im Clementine Kinderhospital Frankfurt sind ohne unsere Sponsoren nicht m\u00f6glich. M\u00fcnchner Unternehmen wie die <strong>Bayerische B\u00f6rse<\/strong>, <strong>goetzpartners, Meli\u00e1 Hotel <\/strong>und viele weitere Spender unterst\u00fctzen die nachhaltigen Aktivit\u00e4ten von \u201eZeit des Lachens e.V.\u201c<\/p>\n<p>Die Veranstaltung am 03. Dezember im Clementine Kinderhospital Frankfurt ist der dritte \u201eTag des Lachens\u201c in diesem Jahr. Die <strong>n\u00e4chste Veranstaltung<\/strong> ist bereits in der Planung und wird in 2019 stattfinden.<\/p>\n<p><strong>\u00dcber \u201eZeit des Lachens e.V.\u201c<\/strong><br \/>\nLachen, Freude, ganz viel Spa\u00df und vor allem Abwechslung: Das bringt der \u201eZeit des Lachens e.V.\u201c den kleinen Patienten, ihren Angeh\u00f6rigen und dem Personal in bundesdeutschen Kinderkliniken. Der Grundgedanke ist Nachhaltigkeit: Was w\u00e4hrend eines Besuches vermittelt wird, soll langfristig positiv in den Klinikalltag hineinwirken. Initiiert wurde die Aktion bereits in 2005, nach einem Konzept der M\u00fcnchner Agentur ALTHALLER communication. Im Mai 2009 ist aus der Initiative der Verein \u201eZeit des Lachens e.V.\u201c mit Sitz in M\u00fcnchen hervorgegangen.<br \/>\nWeitere Informationen unter: <a href=\"http:\/\/www.zeitdeslachens.de\">www.zeitdeslachens.de<\/a><\/p>\n<p>F\u00fcr den Abdruck unseres Spendenkontos bedanken wir uns im Voraus:<br \/>\nRaiffeisenbank Neumarkt-St. Veit \u2013 Reischach eG, Zeit des Lachens,<br \/>\nIBAN: DE98 7016 9530 0000 8952 02<br \/>\nBIC: GENODEF1RWZ<\/p>\n<p>PI zum Download<\/p>\n<p><\/p>\n<p>Bildmaterial<\/p>\n<p>https:\/\/althallercommunication.de\/wp-content\/uploads\/2018\/12\/Jacqueline-1030&#215;687.jpg<\/p>\n<p><strong>Jacqueline Althaller<\/strong>, Gr\u00fcnderin des \u201eZeit des Lachens e.V\u201c, \u00fcber den Besuch in Frankfurt: \u201eUnser Ziel ist es, nachhaltig Impulse zu setzen. Unsere \u201aTage des Lachens\u2018 vermitteln positive Stimmung \u2013 und wir erleben immer wieder, dass diese lange sp\u00fcrbar bleibt und in den kleinen Patienten und ihren Angeh\u00f6rigen heilsam nachwirkt. \u201aTage des Lachens\u2018 wie im Clementine Kinderhospital Frankfurt sind ohne unsere Sponsoren nicht m\u00f6glich. M\u00fcnchner Unternehmen wie die Bayerische B\u00f6rse, goetzpartners, Meli\u00e1 Hotel und viele weitere Spender unterst\u00fctzen die nachhaltigen Aktivit\u00e4ten von \u201eZeit des Lachens e.V.\u201c<\/p>\n<p>https:\/\/althallercommunication.de\/wp-content\/uploads\/2018\/11\/SPORT1_Rick_GoldmannIV-1030&#215;687.jpg<\/p>\n<p>\u201eZeit des Lachens vereint f\u00fcr mich als Papa, Inhaber zweier Physiotherapiepraxen und ehemaligem Profisportler ganz wichtige Punkte meines eigenen Lebens. Als Papa wei\u00df ich, dass f\u00fcr uns Eltern das wichtigste die Gesundheit unserer Kinder ist. Gleichzeitig wei\u00df ich auch als Akteur auf dem Gesundheitsmarkt, unter welchen schwierigen Umst\u00e4nden und wie schlecht bezahlt viele Mitarbeiter in diesem Sektor arbeiten. Aber ebenso wei\u00df ich als fr\u00fcherer Mannschaftsportler, dass gute Leistung nur in einem Team mit viel Freude, Lachen und guter Stimmung m\u00f6glich ist. Genau hier setzt Zeit des Lachens an. Zeit des Lachens bringt Abwechslung, Spa\u00df und damit eine bewusste positive Verschiebung der Aufmerksamkeit in den Klinikalltag,\u201c so <strong>Rick Goldmann<\/strong><\/p>\n<p>https:\/\/althallercommunication.de\/wp-content\/uploads\/2018\/11\/Tine-Holst-2.jpg<\/p>\n<p><strong>Tine Holst<\/strong> \u00fcber Ihren Besuch beim \u201eTag des Lachens\u201c: \u201eAus pers\u00f6nlicher Lebenserfahrung wei\u00df ich, was es hei\u00dft, niemals aufzugeben. Mein Lebensmotto \u201eDon\u2019t stop believing\u201c gebe ich gerne an die kleinen Patienten als Impuls mentale Kraft zu entwickeln, weiter.\u201c<\/p>\n<p>https:\/\/althallercommunication.de\/wp-content\/uploads\/2018\/11\/Alexander-Leipold-735&#215;1030.jpg<\/p>\n<p><strong>Alexander Leipold<\/strong>,einer der erfolgreichsten Ringer weltweit: \u201eWer nicht k\u00e4mpft, hat schon verloren \u2013 Glaub\u2018 an dich.\u201c<\/p>\n<p>https:\/\/althallercommunication.de\/wp-content\/uploads\/2018\/11\/L\u00f6wen-Frankfurt-MathieuTousignant-1030&#215;687.jpg<\/p>\n<p style=\"text-align: center;\"><strong>Mathieu\u00a0Tousignant<\/strong> #7 L\u00f6wen Frankfurt<\/p>\n<p>https:\/\/althallercommunication.de\/wp-content\/uploads\/2018\/11\/L\u00f6wen-Frankfurt-Carter-Proft-1030&#215;687.jpg<\/p>\n<p style=\"text-align: center;\"><strong>Carter Proft<\/strong> #15 L\u00f6wen Frankfurt<\/p>\n<p>https:\/\/althallercommunication.de\/wp-content\/uploads\/2018\/12\/L\u00f6wen-Frankfurt-Max-Faber-1030&#215;673.jpg<\/p>\n<p style=\"text-align: center;\"><strong>Max Faber<\/strong> #63 L\u00f6wen Frankfurt<\/p>\n<p><\/p>\n<p>Auch werden drei Spieler der L\u00f6wen Frankfurt zusammen mit ihrem <strong>Maskottchen Trevor<\/strong> dabei sein, die mit spannenden Geschichten aus ihrem Sportleralltag die kleinen Patienten in ihren Bann ziehen und Abwechslung vom sonst eher monotonen Krankenhausalltag bieten.<\/p>\n<p>W2Z1c2lvbl9idXR0b24gbGluaz0mcXVvdDtqYXZhc2NyaXB0Omhpc3RvcnkuYmFjaygpJnF1b3Q7IHRpdGxlPSZxdW90OyZxdW90OyB0YXJnZXQ9JnF1b3Q7X3NlbGYmcXVvdDsgYWxpZ25tZW50PSZxdW90O2NlbnRlciZxdW90OyBtb2RhbD0mcXVvdDsmcXVvdDsgaGlkZV9vbl9tb2JpbGU9JnF1b3Q7c21hbGwtdmlzaWJpbGl0eSxtZWRpdW0tdmlzaWJpbGl0eSxsYXJnZS12aXNpYmlsaXR5JnF1b3Q7IGNsYXNzPSZxdW90OyZxdW90OyBpZD0mcXVvdDsmcXVvdDsgY29sb3I9JnF1b3Q7ZGVmYXVsdCZxdW90OyBidXR0b25fZ3JhZGllbnRfdG9wX2NvbG9yPSZxdW90OyZxdW90OyBidXR0b25fZ3JhZGllbnRfYm90dG9tX2NvbG9yPSZxdW90OyZxdW90OyBidXR0b25fZ3JhZGllbnRfdG9wX2NvbG9yX2hvdmVyPSZxdW90OyZxdW90OyBidXR0b25fZ3JhZGllbnRfYm90dG9tX2NvbG9yX2hvdmVyPSZxdW90OyZxdW90OyBhY2NlbnRfY29sb3I9JnF1b3Q7JnF1b3Q7IGFjY2VudF9ob3Zlcl9jb2xvcj0mcXVvdDsmcXVvdDsgdHlwZT0mcXVvdDsmcXVvdDsgYmV2ZWxfY29sb3I9JnF1b3Q7JnF1b3Q7IGJvcmRlcl93aWR0aD0mcXVvdDsmcXVvdDsgc2l6ZT0mcXVvdDttZWRpdW0mcXVvdDsgc3RyZXRjaD0mcXVvdDtkZWZhdWx0JnF1b3Q7IHNoYXBlPSZxdW90O3JvdW5kJnF1b3Q7IGljb249JnF1b3Q7ZmEtY2hldnJvbi1sZWZ0JnF1b3Q7IGljb25fcG9zaXRpb249JnF1b3Q7bGVmdCZxdW90OyBpY29uX2RpdmlkZXI9JnF1b3Q7bm8mcXVvdDsgYW5pbWF0aW9uX3R5cGU9JnF1b3Q7JnF1b3Q7IGFuaW1hdGlvbl9kaXJlY3Rpb249JnF1b3Q7bGVmdCZxdW90OyBhbmltYXRpb25fc3BlZWQ9JnF1b3Q7MC4zJnF1b3Q7IGFuaW1hdGlvbl9vZmZzZXQ9JnF1b3Q7JnF1b3Q7XXp1csO8Y2tbL2Z1c2lvbl9idXR0b25d<\/p>\n<p>Pressekontakt und Redaktion<br \/>\n<strong>Frederic Aich<br \/>\n<\/strong>ALTHALLER communication<br \/>\nElisabethstra\u00dfe 13<br \/>\n80796 M\u00fcnchen<\/p>\n<p><em>Bildmaterial stellen wir auf Wunsch gerne zur Verf\u00fcgung.<\/em><\/p>\n<p><\/p>\n<p>+49 (0) 89 38 66 52 63<\/p>\n<p><\/p>\n<p>+49 (0) 89 38 66 52 75<\/p>\n<p><\/p>\n<p><a href=\"mailto:info@althallercommunication.de\">info@althallercommunication.de<\/a><\/p>\n<p><\/p>\n<p><a href=\"https:\/\/althallercommunication.de\/\">www.althallercommunication.de<\/a><\/p>\n<p><\/p>\n","protected":false},"excerpt":{"rendered":"<p><strong>Zeit des Lachens e.V.<\/strong> | M\u00fcnchen: <\/br>\u201eZeit des Lachens e.V.\u201c im Clementine Kinderhospital in Frankfurt<\/p>\n","protected":false},"author":6,"featured_media":14493,"comment_status":"closed","ping_status":"open","sticky":false,"template":"","format":"standard","meta":{"_et_pb_use_builder":"","_et_pb_old_content":"","_et_gb_content_width":"","inline_featured_image":false,"footnotes":""},"categories":[2752,2765,2756,1,2758,2766,2829],"tags":[],"class_list":["post-14425","post","type-post","status-publish","format-standard","has-post-thumbnail","hentry","category-healthcare","category-klassische-pressearbeit","category-kunden-in-den-medien","category-unkategorisiert","category-pressemeldungen","category-social-media","category-zeit-des-lachens"],"yoast_head":"<!-- This site is optimized with the Yoast SEO Premium plugin v25.3 (Yoast SEO v27.4) - https:\/\/yoast.com\/product\/yoast-seo-premium-wordpress\/ -->\n<title>\u201eZeit des Lachens e.V.\u201c im Clementine Kinderhospital in Frankfurt<\/title>\n<meta name=\"description\" content=\"Zum ersten Mal besucht \u201eZeit des Lachens e.V.\u201c das Clementine Kinderhospital in Frankfurt, um seinen kleinen Patienten mit einem vielf\u00e4ltigen und bunten Programm viel Spa\u00df, Lachen und Freude zu schenken.\" \/>\n<meta name=\"robots\" content=\"index, follow, max-snippet:-1, max-image-preview:large, max-video-preview:-1\" \/>\n<link rel=\"canonical\" href=\"https:\/\/althallercommunication.de\/zeit-des-lachens-im-clementine-kinderhospital-frankfurt\/\" \/>\n<meta property=\"og:locale\" content=\"en_US\" \/>\n<meta property=\"og:type\" content=\"article\" \/>\n<meta property=\"og:title\" content=\"\u201eZeit des Lachens e.V.\u201c im Clementine Kinderhospital in Frankfurt\" \/>\n<meta property=\"og:description\" content=\"Zum ersten Mal besucht \u201eZeit des Lachens e.V.\u201c das Clementine Kinderhospital in Frankfurt, um seinen kleinen Patienten mit einem vielf\u00e4ltigen und bunten Programm viel Spa\u00df, Lachen und Freude zu schenken.\" \/>\n<meta property=\"og:url\" content=\"https:\/\/althallercommunication.de\/zeit-des-lachens-im-clementine-kinderhospital-frankfurt\/\" \/>\n<meta property=\"og:site_name\" content=\"althaller communication\" \/>\n<meta property=\"article:publisher\" content=\"https:\/\/www.facebook.com\/althallercommunication\" \/>\n<meta property=\"article:published_time\" content=\"2018-12-03T08:00:22+00:00\" \/>\n<meta property=\"article:modified_time\" content=\"2024-03-02T09:46:19+00:00\" \/>\n<meta property=\"og:image\" content=\"https:\/\/althallercommunication.de\/wp-content\/uploads\/2018\/12\/Zeit-des-Lachens-3.12.18-Frankfurt-2481.jpg\" \/>\n\t<meta property=\"og:image:width\" content=\"1920\" \/>\n\t<meta property=\"og:image:height\" content=\"1280\" \/>\n\t<meta property=\"og:image:type\" content=\"image\/jpeg\" \/>\n<meta name=\"author\" content=\"Jacqueline Althaller\" \/>\n<meta name=\"twitter:card\" content=\"summary_large_image\" \/>\n<meta name=\"twitter:creator\" content=\"@ALTHALLERcom\" \/>\n<meta name=\"twitter:site\" content=\"@ALTHALLERcom\" \/>\n<meta name=\"twitter:label1\" content=\"Written by\" \/>\n\t<meta name=\"twitter:data1\" content=\"Jacqueline Althaller\" \/>\n\t<meta name=\"twitter:label2\" content=\"Est. reading time\" \/>\n\t<meta name=\"twitter:data2\" content=\"13 minutes\" \/>\n<script type=\"application\/ld+json\" class=\"yoast-schema-graph\">{\"@context\":\"https:\\\/\\\/schema.org\",\"@graph\":[{\"@type\":\"Article\",\"@id\":\"https:\\\/\\\/althallercommunication.de\\\/zeit-des-lachens-im-clementine-kinderhospital-frankfurt\\\/#article\",\"isPartOf\":{\"@id\":\"https:\\\/\\\/althallercommunication.de\\\/zeit-des-lachens-im-clementine-kinderhospital-frankfurt\\\/\"},\"author\":{\"name\":\"Jacqueline Althaller\",\"@id\":\"https:\\\/\\\/althallercommunication.de\\\/#\\\/schema\\\/person\\\/4ca72b5e8d0bebc1f9b3061e463e32ee\"},\"headline\":\"\u201eZeit des Lachens e.V.\u201c im Clementine Kinderhospital in Frankfurt\",\"datePublished\":\"2018-12-03T08:00:22+00:00\",\"dateModified\":\"2024-03-02T09:46:19+00:00\",\"mainEntityOfPage\":{\"@id\":\"https:\\\/\\\/althallercommunication.de\\\/zeit-des-lachens-im-clementine-kinderhospital-frankfurt\\\/\"},\"wordCount\":2581,\"publisher\":{\"@id\":\"https:\\\/\\\/althallercommunication.de\\\/#organization\"},\"image\":{\"@id\":\"https:\\\/\\\/althallercommunication.de\\\/zeit-des-lachens-im-clementine-kinderhospital-frankfurt\\\/#primaryimage\"},\"thumbnailUrl\":\"https:\\\/\\\/althallercommunication.de\\\/wp-content\\\/uploads\\\/2018\\\/12\\\/Zeit-des-Lachens-3.12.18-Frankfurt-2481.jpg\",\"articleSection\":[\"Healthcare\",\"Klassische Pressearbeit\",\"Kunden\",\"Others\",\"Pressemeldungen\",\"Social Media\",\"Zeit des Lachens\"],\"inLanguage\":\"en-US\"},{\"@type\":\"WebPage\",\"@id\":\"https:\\\/\\\/althallercommunication.de\\\/zeit-des-lachens-im-clementine-kinderhospital-frankfurt\\\/\",\"url\":\"https:\\\/\\\/althallercommunication.de\\\/zeit-des-lachens-im-clementine-kinderhospital-frankfurt\\\/\",\"name\":\"\u201eZeit des Lachens e.V.\u201c im Clementine Kinderhospital in Frankfurt\",\"isPartOf\":{\"@id\":\"https:\\\/\\\/althallercommunication.de\\\/#website\"},\"primaryImageOfPage\":{\"@id\":\"https:\\\/\\\/althallercommunication.de\\\/zeit-des-lachens-im-clementine-kinderhospital-frankfurt\\\/#primaryimage\"},\"image\":{\"@id\":\"https:\\\/\\\/althallercommunication.de\\\/zeit-des-lachens-im-clementine-kinderhospital-frankfurt\\\/#primaryimage\"},\"thumbnailUrl\":\"https:\\\/\\\/althallercommunication.de\\\/wp-content\\\/uploads\\\/2018\\\/12\\\/Zeit-des-Lachens-3.12.18-Frankfurt-2481.jpg\",\"datePublished\":\"2018-12-03T08:00:22+00:00\",\"dateModified\":\"2024-03-02T09:46:19+00:00\",\"description\":\"Zum ersten Mal besucht \u201eZeit des Lachens e.V.\u201c das Clementine Kinderhospital in Frankfurt, um seinen kleinen Patienten mit einem vielf\u00e4ltigen und bunten Programm viel Spa\u00df, Lachen und Freude zu schenken.\",\"breadcrumb\":{\"@id\":\"https:\\\/\\\/althallercommunication.de\\\/zeit-des-lachens-im-clementine-kinderhospital-frankfurt\\\/#breadcrumb\"},\"inLanguage\":\"en-US\",\"potentialAction\":[{\"@type\":\"ReadAction\",\"target\":[\"https:\\\/\\\/althallercommunication.de\\\/zeit-des-lachens-im-clementine-kinderhospital-frankfurt\\\/\"]}]},{\"@type\":\"ImageObject\",\"inLanguage\":\"en-US\",\"@id\":\"https:\\\/\\\/althallercommunication.de\\\/zeit-des-lachens-im-clementine-kinderhospital-frankfurt\\\/#primaryimage\",\"url\":\"https:\\\/\\\/althallercommunication.de\\\/wp-content\\\/uploads\\\/2018\\\/12\\\/Zeit-des-Lachens-3.12.18-Frankfurt-2481.jpg\",\"contentUrl\":\"https:\\\/\\\/althallercommunication.de\\\/wp-content\\\/uploads\\\/2018\\\/12\\\/Zeit-des-Lachens-3.12.18-Frankfurt-2481.jpg\",\"width\":1920,\"height\":1280},{\"@type\":\"BreadcrumbList\",\"@id\":\"https:\\\/\\\/althallercommunication.de\\\/zeit-des-lachens-im-clementine-kinderhospital-frankfurt\\\/#breadcrumb\",\"itemListElement\":[{\"@type\":\"ListItem\",\"position\":1,\"name\":\"Startseite\",\"item\":\"https:\\\/\\\/althallercommunication.de\\\/en\\\/\"},{\"@type\":\"ListItem\",\"position\":2,\"name\":\"\u201eZeit des Lachens e.V.\u201c im Clementine Kinderhospital in Frankfurt\"}]},{\"@type\":\"WebSite\",\"@id\":\"https:\\\/\\\/althallercommunication.de\\\/#website\",\"url\":\"https:\\\/\\\/althallercommunication.de\\\/\",\"name\":\"althaller communication\",\"description\":\"Martkommunikation B2B\",\"publisher\":{\"@id\":\"https:\\\/\\\/althallercommunication.de\\\/#organization\"},\"potentialAction\":[{\"@type\":\"SearchAction\",\"target\":{\"@type\":\"EntryPoint\",\"urlTemplate\":\"https:\\\/\\\/althallercommunication.de\\\/?s={search_term_string}\"},\"query-input\":{\"@type\":\"PropertyValueSpecification\",\"valueRequired\":true,\"valueName\":\"search_term_string\"}}],\"inLanguage\":\"en-US\"},{\"@type\":\"Organization\",\"@id\":\"https:\\\/\\\/althallercommunication.de\\\/#organization\",\"name\":\"ALTHALLER communication\",\"url\":\"https:\\\/\\\/althallercommunication.de\\\/\",\"logo\":{\"@type\":\"ImageObject\",\"inLanguage\":\"en-US\",\"@id\":\"https:\\\/\\\/althallercommunication.de\\\/#\\\/schema\\\/logo\\\/image\\\/\",\"url\":\"https:\\\/\\\/althallercommunication.de\\\/wp-content\\\/uploads\\\/2023\\\/12\\\/althaller_comm_b.png\",\"contentUrl\":\"https:\\\/\\\/althallercommunication.de\\\/wp-content\\\/uploads\\\/2023\\\/12\\\/althaller_comm_b.png\",\"width\":464,\"height\":110,\"caption\":\"ALTHALLER communication\"},\"image\":{\"@id\":\"https:\\\/\\\/althallercommunication.de\\\/#\\\/schema\\\/logo\\\/image\\\/\"},\"sameAs\":[\"https:\\\/\\\/www.facebook.com\\\/althallercommunication\",\"https:\\\/\\\/x.com\\\/ALTHALLERcom\",\"https:\\\/\\\/www.linkedin.com\\\/company\\\/3332596?trk=tyah&amp;amp;amp;trkInfo=tas:COMMUNICATION Presse und PR,idx:1-1-1\"]},{\"@type\":\"Person\",\"@id\":\"https:\\\/\\\/althallercommunication.de\\\/#\\\/schema\\\/person\\\/4ca72b5e8d0bebc1f9b3061e463e32ee\",\"name\":\"Jacqueline Althaller\",\"image\":{\"@type\":\"ImageObject\",\"inLanguage\":\"en-US\",\"@id\":\"https:\\\/\\\/secure.gravatar.com\\\/avatar\\\/2e8cdf7784b763130efe210406ba46634d04913cf12c46cf98b2799d6da47211?s=96&d=mm&r=g\",\"url\":\"https:\\\/\\\/secure.gravatar.com\\\/avatar\\\/2e8cdf7784b763130efe210406ba46634d04913cf12c46cf98b2799d6da47211?s=96&d=mm&r=g\",\"contentUrl\":\"https:\\\/\\\/secure.gravatar.com\\\/avatar\\\/2e8cdf7784b763130efe210406ba46634d04913cf12c46cf98b2799d6da47211?s=96&d=mm&r=g\",\"caption\":\"Jacqueline Althaller\"},\"description\":\"$$$2021hmb8hzb4MD\",\"url\":\"https:\\\/\\\/althallercommunication.de\\\/en\\\/author\\\/jacqueline-althaller\\\/\"}]}<\/script>\n<!-- \/ Yoast SEO Premium plugin. -->","yoast_head_json":{"title":"\u201eZeit des Lachens e.V.\u201c im Clementine Kinderhospital in Frankfurt","description":"Zum ersten Mal besucht \u201eZeit des Lachens e.V.\u201c das Clementine Kinderhospital in Frankfurt, um seinen kleinen Patienten mit einem vielf\u00e4ltigen und bunten Programm viel Spa\u00df, Lachen und Freude zu schenken.","robots":{"index":"index","follow":"follow","max-snippet":"max-snippet:-1","max-image-preview":"max-image-preview:large","max-video-preview":"max-video-preview:-1"},"canonical":"https:\/\/althallercommunication.de\/zeit-des-lachens-im-clementine-kinderhospital-frankfurt\/","og_locale":"en_US","og_type":"article","og_title":"\u201eZeit des Lachens e.V.\u201c im Clementine Kinderhospital in Frankfurt","og_description":"Zum ersten Mal besucht \u201eZeit des Lachens e.V.\u201c das Clementine Kinderhospital in Frankfurt, um seinen kleinen Patienten mit einem vielf\u00e4ltigen und bunten Programm viel Spa\u00df, Lachen und Freude zu schenken.","og_url":"https:\/\/althallercommunication.de\/zeit-des-lachens-im-clementine-kinderhospital-frankfurt\/","og_site_name":"althaller communication","article_publisher":"https:\/\/www.facebook.com\/althallercommunication","article_published_time":"2018-12-03T08:00:22+00:00","article_modified_time":"2024-03-02T09:46:19+00:00","og_image":[{"width":1920,"height":1280,"url":"https:\/\/althallercommunication.de\/wp-content\/uploads\/2018\/12\/Zeit-des-Lachens-3.12.18-Frankfurt-2481.jpg","type":"image\/jpeg"}],"author":"Jacqueline Althaller","twitter_card":"summary_large_image","twitter_creator":"@ALTHALLERcom","twitter_site":"@ALTHALLERcom","twitter_misc":{"Written by":"Jacqueline Althaller","Est. reading time":"13 minutes"},"schema":{"@context":"https:\/\/schema.org","@graph":[{"@type":"Article","@id":"https:\/\/althallercommunication.de\/zeit-des-lachens-im-clementine-kinderhospital-frankfurt\/#article","isPartOf":{"@id":"https:\/\/althallercommunication.de\/zeit-des-lachens-im-clementine-kinderhospital-frankfurt\/"},"author":{"name":"Jacqueline Althaller","@id":"https:\/\/althallercommunication.de\/#\/schema\/person\/4ca72b5e8d0bebc1f9b3061e463e32ee"},"headline":"\u201eZeit des Lachens e.V.\u201c im Clementine Kinderhospital in Frankfurt","datePublished":"2018-12-03T08:00:22+00:00","dateModified":"2024-03-02T09:46:19+00:00","mainEntityOfPage":{"@id":"https:\/\/althallercommunication.de\/zeit-des-lachens-im-clementine-kinderhospital-frankfurt\/"},"wordCount":2581,"publisher":{"@id":"https:\/\/althallercommunication.de\/#organization"},"image":{"@id":"https:\/\/althallercommunication.de\/zeit-des-lachens-im-clementine-kinderhospital-frankfurt\/#primaryimage"},"thumbnailUrl":"https:\/\/althallercommunication.de\/wp-content\/uploads\/2018\/12\/Zeit-des-Lachens-3.12.18-Frankfurt-2481.jpg","articleSection":["Healthcare","Klassische Pressearbeit","Kunden","Others","Pressemeldungen","Social Media","Zeit des Lachens"],"inLanguage":"en-US"},{"@type":"WebPage","@id":"https:\/\/althallercommunication.de\/zeit-des-lachens-im-clementine-kinderhospital-frankfurt\/","url":"https:\/\/althallercommunication.de\/zeit-des-lachens-im-clementine-kinderhospital-frankfurt\/","name":"\u201eZeit des Lachens e.V.\u201c im Clementine Kinderhospital in Frankfurt","isPartOf":{"@id":"https:\/\/althallercommunication.de\/#website"},"primaryImageOfPage":{"@id":"https:\/\/althallercommunication.de\/zeit-des-lachens-im-clementine-kinderhospital-frankfurt\/#primaryimage"},"image":{"@id":"https:\/\/althallercommunication.de\/zeit-des-lachens-im-clementine-kinderhospital-frankfurt\/#primaryimage"},"thumbnailUrl":"https:\/\/althallercommunication.de\/wp-content\/uploads\/2018\/12\/Zeit-des-Lachens-3.12.18-Frankfurt-2481.jpg","datePublished":"2018-12-03T08:00:22+00:00","dateModified":"2024-03-02T09:46:19+00:00","description":"Zum ersten Mal besucht \u201eZeit des Lachens e.V.\u201c das Clementine Kinderhospital in Frankfurt, um seinen kleinen Patienten mit einem vielf\u00e4ltigen und bunten Programm viel Spa\u00df, Lachen und Freude zu schenken.","breadcrumb":{"@id":"https:\/\/althallercommunication.de\/zeit-des-lachens-im-clementine-kinderhospital-frankfurt\/#breadcrumb"},"inLanguage":"en-US","potentialAction":[{"@type":"ReadAction","target":["https:\/\/althallercommunication.de\/zeit-des-lachens-im-clementine-kinderhospital-frankfurt\/"]}]},{"@type":"ImageObject","inLanguage":"en-US","@id":"https:\/\/althallercommunication.de\/zeit-des-lachens-im-clementine-kinderhospital-frankfurt\/#primaryimage","url":"https:\/\/althallercommunication.de\/wp-content\/uploads\/2018\/12\/Zeit-des-Lachens-3.12.18-Frankfurt-2481.jpg","contentUrl":"https:\/\/althallercommunication.de\/wp-content\/uploads\/2018\/12\/Zeit-des-Lachens-3.12.18-Frankfurt-2481.jpg","width":1920,"height":1280},{"@type":"BreadcrumbList","@id":"https:\/\/althallercommunication.de\/zeit-des-lachens-im-clementine-kinderhospital-frankfurt\/#breadcrumb","itemListElement":[{"@type":"ListItem","position":1,"name":"Startseite","item":"https:\/\/althallercommunication.de\/en\/"},{"@type":"ListItem","position":2,"name":"\u201eZeit des Lachens e.V.\u201c im Clementine Kinderhospital in Frankfurt"}]},{"@type":"WebSite","@id":"https:\/\/althallercommunication.de\/#website","url":"https:\/\/althallercommunication.de\/","name":"althaller communication","description":"Martkommunikation B2B","publisher":{"@id":"https:\/\/althallercommunication.de\/#organization"},"potentialAction":[{"@type":"SearchAction","target":{"@type":"EntryPoint","urlTemplate":"https:\/\/althallercommunication.de\/?s={search_term_string}"},"query-input":{"@type":"PropertyValueSpecification","valueRequired":true,"valueName":"search_term_string"}}],"inLanguage":"en-US"},{"@type":"Organization","@id":"https:\/\/althallercommunication.de\/#organization","name":"ALTHALLER communication","url":"https:\/\/althallercommunication.de\/","logo":{"@type":"ImageObject","inLanguage":"en-US","@id":"https:\/\/althallercommunication.de\/#\/schema\/logo\/image\/","url":"https:\/\/althallercommunication.de\/wp-content\/uploads\/2023\/12\/althaller_comm_b.png","contentUrl":"https:\/\/althallercommunication.de\/wp-content\/uploads\/2023\/12\/althaller_comm_b.png","width":464,"height":110,"caption":"ALTHALLER communication"},"image":{"@id":"https:\/\/althallercommunication.de\/#\/schema\/logo\/image\/"},"sameAs":["https:\/\/www.facebook.com\/althallercommunication","https:\/\/x.com\/ALTHALLERcom","https:\/\/www.linkedin.com\/company\/3332596?trk=tyah&amp;amp;amp;trkInfo=tas:COMMUNICATION Presse und PR,idx:1-1-1"]},{"@type":"Person","@id":"https:\/\/althallercommunication.de\/#\/schema\/person\/4ca72b5e8d0bebc1f9b3061e463e32ee","name":"Jacqueline Althaller","image":{"@type":"ImageObject","inLanguage":"en-US","@id":"https:\/\/secure.gravatar.com\/avatar\/2e8cdf7784b763130efe210406ba46634d04913cf12c46cf98b2799d6da47211?s=96&d=mm&r=g","url":"https:\/\/secure.gravatar.com\/avatar\/2e8cdf7784b763130efe210406ba46634d04913cf12c46cf98b2799d6da47211?s=96&d=mm&r=g","contentUrl":"https:\/\/secure.gravatar.com\/avatar\/2e8cdf7784b763130efe210406ba46634d04913cf12c46cf98b2799d6da47211?s=96&d=mm&r=g","caption":"Jacqueline Althaller"},"description":"$$$2021hmb8hzb4MD","url":"https:\/\/althallercommunication.de\/en\/author\/jacqueline-althaller\/"}]}},"_links":{"self":[{"href":"https:\/\/althallercommunication.de\/en\/wp-json\/wp\/v2\/posts\/14425","targetHints":{"allow":["GET"]}}],"collection":[{"href":"https:\/\/althallercommunication.de\/en\/wp-json\/wp\/v2\/posts"}],"about":[{"href":"https:\/\/althallercommunication.de\/en\/wp-json\/wp\/v2\/types\/post"}],"author":[{"embeddable":true,"href":"https:\/\/althallercommunication.de\/en\/wp-json\/wp\/v2\/users\/6"}],"replies":[{"embeddable":true,"href":"https:\/\/althallercommunication.de\/en\/wp-json\/wp\/v2\/comments?post=14425"}],"version-history":[{"count":11,"href":"https:\/\/althallercommunication.de\/en\/wp-json\/wp\/v2\/posts\/14425\/revisions"}],"predecessor-version":[{"id":29234,"href":"https:\/\/althallercommunication.de\/en\/wp-json\/wp\/v2\/posts\/14425\/revisions\/29234"}],"wp:featuredmedia":[{"embeddable":true,"href":"https:\/\/althallercommunication.de\/en\/wp-json\/wp\/v2\/media\/14493"}],"wp:attachment":[{"href":"https:\/\/althallercommunication.de\/en\/wp-json\/wp\/v2\/media?parent=14425"}],"wp:term":[{"taxonomy":"category","embeddable":true,"href":"https:\/\/althallercommunication.de\/en\/wp-json\/wp\/v2\/categories?post=14425"},{"taxonomy":"post_tag","embeddable":true,"href":"https:\/\/althallercommunication.de\/en\/wp-json\/wp\/v2\/tags?post=14425"}],"curies":[{"name":"wp","href":"https:\/\/api.w.org\/{rel}","templated":true}]}}