{"id":14484,"date":"2018-12-05T11:50:21","date_gmt":"2018-12-05T10:50:21","guid":{"rendered":"http:\/\/www.althallercommunication.de\/?p=14484"},"modified":"2024-10-25T09:27:56","modified_gmt":"2024-10-25T07:27:56","slug":"tram-haltestelle-am-schwabinger-tor-wird-eroeffnet","status":"publish","type":"post","link":"https:\/\/althallercommunication.de\/en\/tram-haltestelle-am-schwabinger-tor-wird-eroeffnet\/","title":{"rendered":"Tram-Haltestelle am Schwabinger Tor wird feierlich er\u00f6ffnet"},"content":{"rendered":"<p><\/p>\n<p><strong>Linie 23 h\u00e4lt ab 9. Dezember direkt am Stadtquartier Schwabinger Tor<br \/>\n<\/strong><\/p>\n<h3><strong>Tram-Haltestelle am Schwabinger Tor wird feierlich er\u00f6ffnet<br \/>\n<\/strong><\/h3>\n<p><strong>M\u00fcnchen, den 05. Dezember 2018 \u2013 Das M\u00fcnchner Stadtquartier Schwabinger Tor wird mit der Er\u00f6ffnung der Tram-Haltestelle Schwabinger Tor an das Streckennetz der M\u00fcnchner Verkehrsgesellschaft (MVG) angeschlossen: K\u00fcnftig k\u00f6nnen Tram-G\u00e4ste mit der Linie 23 an die neu konzipierte Haltestelle zwischen Parzivalplatz und M\u00fcnchner Tor fahren.<br \/>\n<\/strong><\/p>\n<p>Ab Dezember ist das neue Stadtquartier Schwabinger Tor an der Leopoldstra\u00dfe in M\u00fcnchen offiziell an das Streckennetz der MVG angeschlossen: Anl\u00e4sslich der ab 14 Uhr stattfindenden feierlichen Er\u00f6ffnung, werden Vertreter der MVG und der Jost Hurler Gruppe Gru\u00dfworte halten. Als weiterer Gast wird der Bezirksausschussvorsitzende von Schwabing-Freimann, Werner Lederer-Piloty, erwartet.<\/p>\n<p>\u201eDie Tram 23 hat der Parkstadt Schwabing den Weg bereitet und w\u00e4chst mit dem Quartier mit. Sie bindet den neuen Platz am Schwabinger Tor direkt an und versetzt die Fahrg\u00e4ste damit in die Pole Position. Der \u00d6PNV hat hier Vorfahrt \u2013 das ist musterg\u00fcltig und Vorbild f\u00fcr den Rest der Stadt\u201c, erkl\u00e4rt Ingo Wortmann, Vorsitzender der Gesch\u00e4ftsf\u00fchrung der M\u00fcnchner Verkehrsgesellschaft (MVG).<\/p>\n<p>Roland W\u00fcst, Gesch\u00e4ftsf\u00fchrer der Jost Hurler Gruppe, begr\u00fc\u00dft die Er\u00f6ffnung der Tram-Haltestelle: \u201eF\u00fcr uns ist die privat betreute Haltestelle Schwabinger Tor ein weiterer Beitrag f\u00fcr die Bereicherung der Stadt M\u00fcnchen. Die neue Haltestelle versorgt nicht nur die Bewohner und Umgebung mit einer neuen Anbindung, sondern f\u00f6rdert zus\u00e4tzlich das \u00f6ffentliche Leben und passt perfekt in das Konzept des Schwabinger Tors. Somit wird das Schwabinger Tor noch attraktiver f\u00fcr umtriebige und kreative Menschen, die das Stadtquartier beleben.\u201c<\/p>\n<p>Das Besondere an der Tram-Haltestelle ist eine beschwingte, offene Dachkonstruktion, die von dem M\u00fcnchner Architektenb\u00fcro Felix Fischer Architekten konzipiert wurde. Ein weiteres Alleinstellungsmerkmal ist die private Instandhaltung durch das Quartiersmanagement der Grundst\u00fccksbesitzer, der Jost Hurler Gruppe.<\/p>\n<p>Im Rahmen der Stadtteilentwicklung ist es den Entwicklern des Schwabinger Tors besonders wichtig, f\u00fcr die bis zu 3.000 dort lebenden und arbeitenden Menschen ein attraktives Lebens- und Arbeitsumfeld zu schaffen. \u201eMit der Sicherstellung der klassischen Nahversorgung bieten wir unseren Mietern und den ans\u00e4ssigen Unternehmen eine barrierefreie Anbindung an das Streckennetz der MVG an. Dadurch wird die Infrastruktur am Schwabinger Tor nochmals deutlich verbessert und die gesamte Stadt kann vom innovativen Projekt Schwabinger Tor profitieren.\u201c, so Roland W\u00fcst, Gesch\u00e4ftsf\u00fchrer der Jost Hurler Gruppe weiter.<\/p>\n<p>Zu der Er\u00f6ffnung der Tram-Haltestelle Schwabinger Tor sind alle M\u00fcnchner B\u00fcrger herzlichst eingeladen. Auf dem kleinen Marktplatz erwartet die Besucher in weihnachtlicher Atmosph\u00e4re Gl\u00fchwein, Cr\u00eapes und andere Leckereien. Diese erhalten die G\u00e4ste kostenlos solange der Vorrat reicht. Unterst\u00fctzt wird das Angebot durch die auf regionale Produkte spezialisierte Supermarkt-Kette Feneberg, das Restaurant La Boh\u00e8me und die B\u00e4ckerei &amp; Konditorei Riedmair. Die MVG steuert am Tag der Er\u00f6ffnung ab 12 Uhr die neue Haltstelle in h\u00f6herer Frequenz an. Fahrg\u00e4ste k\u00f6nnen an diesem Tag im 5-Minuten Takt das Schwabinger Tor mit den &#8211; extra zur Er\u00f6ffnung &#8211; geschm\u00fcckten Z\u00fcge erreichen. Auch das Info-Mobil der MVG ist vor Ort.<\/p>\n<p><strong>Schwabinger Tor<br \/>\n<\/strong>Mit dem Schwabinger Tor an der Leopoldstra\u00dfe in M\u00fcnchen-Schwabing wird ein neues Stadtquartier geschaffen, welches k\u00fcnftigen Lebens- und Arbeitsweisen schon heute Raum gibt. Mit den insgesamt neun Geb\u00e4uden entwickelt sich ein neuer Ort zum Wohnen, Arbeiten, Erleben und Einkaufen. Das Schwabinger Tor, ein bestandseigenes Projekt der Jost Hurler Unternehmensgruppe und eines der gr\u00f6\u00dften innerst\u00e4dtischen Bauprojekte Deutschlands, folgt der Idee des Sharings als Vision eines urbanen Lebensgef\u00fchls. Das Motto \u201eTalente. Teilen. Toleranz.\u201c spiegelt sich in konkreten Angeboten wider wie Car Sharing, Co Working, einer Sharing-App f\u00fcr die Mieter oder gezielter Startup- und Kunstf\u00f6rderung. Mehr unter <a href=\"http:\/\/schwabinger-tor.de\">http:\/\/schwabinger-tor.de<\/a>.<\/p>\n<p><strong>\u00dcber die Jost Hurler Gruppe<\/strong><br \/>\nDie Jost Hurler Beteiligungs und Verwaltungs GmbH &amp; Co. KG entwickelt, vermietet und finanziert bestandseigene Immobilienobjekte in Deutschland und \u00d6sterreich. Wichtige Standorte befinden sich in Bayern, Nordrhein-Westfalen, Berlin und Th\u00fcringen. In Zukunft wird der Bereich der Projektentwicklung in Metropolregionen eine tragende Rolle f\u00fcr das Unternehmen spielen. Sitz der Jost Hurler Beteiligungs und Verwaltungs\u00a0GmbH\u00a0&amp;\u00a0Co.\u00a0KG ist M\u00fcnchen. Mehr unter <a href=\"http:\/\/www.jost-hurler.de\/\">http:\/\/www.jost-hurler.de\/<\/a> und <a href=\"http:\/\/www.schwabinger-tor.de\">www.schwabinger-tor.de<\/a>.<\/p>\n<p>PI zum Download<\/p>\n<p><\/p>\n<p>Bildmaterial<\/p>\n<p>https:\/\/althallercommunication.de\/wp-content\/uploads\/2018\/12\/Roland_Wuest_Jost_Hurler_Gruppe-687&#215;1030.jpg<\/p>\n<p>Roland W\u00fcst, Gesch\u00e4ftsf\u00fchrer der Jost Hurler Gruppe, begr\u00fc\u00dft die Er\u00f6ffnung der Tram-Haltestelle: \u201eF\u00fcr uns ist die privat betreute Haltestelle Schwabinger Tor ein weiterer Beitrag f\u00fcr die Bereicherung der Stadt M\u00fcnchen. Die neue Haltestelle versorgt nicht nur die Bewohner und Umgebung mit einer neuen Anbindung, sondern f\u00f6rdert zus\u00e4tzlich das \u00f6ffentliche Leben und passt perfekt in das Konzept des Schwabinger Tors. Somit wird das Schwabinger Tor noch attraktiver f\u00fcr umtriebige und kreative Menschen, die das Stadtquartier beleben.\u201c\u00a0\u00a0\u00a0\u00a0 *<\/p>\n<p>https:\/\/althallercommunication.de\/wp-content\/uploads\/2018\/12\/MG_7053-1030&#215;687.jpg<\/p>\n<p>Lichtinstallation an der Tramhaltestelle am Schwabinger Tor\u00a0\u00a0\u00a0\u00a0 *<\/p>\n<p>https:\/\/althallercommunication.de\/wp-content\/uploads\/2018\/12\/STM_Tramhaltestelle_03-1030&#215;729.jpg<\/p>\n<p>Einbettung der Tramhaltestelle am Schwabinger Tor in das architektonische Gesamtkonzept des neuen Stadtquartiers\u00a0\u00a0\u00a0\u00a0 *<\/p>\n<p><\/p>\n<p>*Soweit nicht anders angegeben liegt das Copyright bei der Jost Hurler Gruppe<\/p>\n<p>Mehr News der Jost Hurler GruppeW2Z1c2lvbl9idXR0b24gbGluaz0mcXVvdDtqYXZhc2NyaXB0Omhpc3RvcnkuYmFjaygpJnF1b3Q7IHRpdGxlPSZxdW90OyZxdW90OyB0YXJnZXQ9JnF1b3Q7X3NlbGYmcXVvdDsgYWxpZ25tZW50PSZxdW90O2NlbnRlciZxdW90OyBtb2RhbD0mcXVvdDsmcXVvdDsgaGlkZV9vbl9tb2JpbGU9JnF1b3Q7c21hbGwtdmlzaWJpbGl0eSxtZWRpdW0tdmlzaWJpbGl0eSxsYXJnZS12aXNpYmlsaXR5JnF1b3Q7IGNsYXNzPSZxdW90OyZxdW90OyBpZD0mcXVvdDsmcXVvdDsgY29sb3I9JnF1b3Q7ZGVmYXVsdCZxdW90OyBidXR0b25fZ3JhZGllbnRfdG9wX2NvbG9yPSZxdW90OyZxdW90OyBidXR0b25fZ3JhZGllbnRfYm90dG9tX2NvbG9yPSZxdW90OyZxdW90OyBidXR0b25fZ3JhZGllbnRfdG9wX2NvbG9yX2hvdmVyPSZxdW90OyZxdW90OyBidXR0b25fZ3JhZGllbnRfYm90dG9tX2NvbG9yX2hvdmVyPSZxdW90OyZxdW90OyBhY2NlbnRfY29sb3I9JnF1b3Q7JnF1b3Q7IGFjY2VudF9ob3Zlcl9jb2xvcj0mcXVvdDsmcXVvdDsgdHlwZT0mcXVvdDsmcXVvdDsgYmV2ZWxfY29sb3I9JnF1b3Q7JnF1b3Q7IGJvcmRlcl93aWR0aD0mcXVvdDsmcXVvdDsgc2l6ZT0mcXVvdDttZWRpdW0mcXVvdDsgc3RyZXRjaD0mcXVvdDtkZWZhdWx0JnF1b3Q7IHNoYXBlPSZxdW90O3JvdW5kJnF1b3Q7IGljb249JnF1b3Q7ZmEtY2hldnJvbi1sZWZ0JnF1b3Q7IGljb25fcG9zaXRpb249JnF1b3Q7bGVmdCZxdW90OyBpY29uX2RpdmlkZXI9JnF1b3Q7bm8mcXVvdDsgYW5pbWF0aW9uX3R5cGU9JnF1b3Q7JnF1b3Q7IGFuaW1hdGlvbl9kaXJlY3Rpb249JnF1b3Q7bGVmdCZxdW90OyBhbmltYXRpb25fc3BlZWQ9JnF1b3Q7MC4zJnF1b3Q7IGFuaW1hdGlvbl9vZmZzZXQ9JnF1b3Q7JnF1b3Q7XXp1csO8Y2tbL2Z1c2lvbl9idXR0b25d<\/p>\n<p>Pressekontakt und Redaktion<br \/>\n<strong>Jacqueline Althaller<br \/>\n<\/strong>ALTHALLER communication GbR<br \/>\nElisabethstra\u00dfe 13<br \/>\n80796 M\u00fcnchen<\/p>\n<p><em>Bildmaterial stellen wir auf Wunsch gerne zur Verf\u00fcgung.<\/em><\/p>\n<p><\/p>\n<p>+49 (0) 89 38 66 52 60<\/p>\n<p><\/p>\n<p>+49 (0) 89 38 66 52 75<\/p>\n<p><\/p>\n<p><a href=\"mailto:info@althallercommunication.de\">info@althallercommunication.de<\/a><\/p>\n<p><\/p>\n<p><a href=\"https:\/\/althallercommunication.de\/\">www.althallercommunication.de<\/a><\/p>\n<p><\/p>\n","protected":false},"excerpt":{"rendered":"<p><strong>Jost Hurler Gruppe<\/strong> | M\u00fcnchen: <\/br>Das M\u00fcnchner Stadtquartier Schwabinger Tor wird mit der Er\u00f6ffnung der Tram-Haltestelle Schwabinger Tor an das Streckennetz der M\u00fcnchner Verkehrsgesellschaft (MVG) angeschlossen<\/p>\n","protected":false},"author":6,"featured_media":0,"comment_status":"closed","ping_status":"open","sticky":false,"template":"","format":"standard","meta":{"_et_pb_use_builder":"","_et_pb_old_content":"","_et_gb_content_width":"","inline_featured_image":false,"footnotes":""},"categories":[2749,2765,2756,1,2758,2831],"tags":[1058,728,1220,1217,1219,265,1218],"class_list":["post-14484","post","type-post","status-publish","format-standard","hentry","category-ecommerce-retail","category-klassische-pressearbeit","category-kunden-in-den-medien","category-unkategorisiert","category-pressemeldungen","category-schwabinger-tor","tag-leopoldstrasse","tag-muenchen","tag-muenchner-tor","tag-mvg","tag-parzivalstrasse","tag-schwabinger-tor","tag-tram"],"yoast_head":"<!-- This site is optimized with the Yoast SEO Premium plugin v25.3 (Yoast SEO v27.4) - https:\/\/yoast.com\/product\/yoast-seo-premium-wordpress\/ -->\n<title>K\u00fcnftig fahren Tram-G\u00e4ste mit der Linie 23 an das Schwabinger Tor<\/title>\n<meta name=\"description\" content=\"Das Stadtquartier Schwabinger Tor wird mit der der Tram-Haltestelle Schwabinger Tor an das Streckennetz der M\u00fcnchner Verkehrsgesellschaft angeschlossen\" \/>\n<meta name=\"robots\" content=\"index, follow, max-snippet:-1, max-image-preview:large, max-video-preview:-1\" \/>\n<link rel=\"canonical\" href=\"https:\/\/althallercommunication.de\/tram-haltestelle-am-schwabinger-tor-wird-eroeffnet\/\" \/>\n<meta property=\"og:locale\" content=\"en_US\" \/>\n<meta property=\"og:type\" content=\"article\" \/>\n<meta property=\"og:title\" content=\"Tram-Haltestelle am Schwabinger Tor wird feierlich er\u00f6ffnet\" \/>\n<meta property=\"og:description\" content=\"Das Stadtquartier Schwabinger Tor wird mit der der Tram-Haltestelle Schwabinger Tor an das Streckennetz der M\u00fcnchner Verkehrsgesellschaft angeschlossen\" \/>\n<meta property=\"og:url\" content=\"https:\/\/althallercommunication.de\/tram-haltestelle-am-schwabinger-tor-wird-eroeffnet\/\" \/>\n<meta property=\"og:site_name\" content=\"althaller communication\" \/>\n<meta property=\"article:publisher\" content=\"https:\/\/www.facebook.com\/althallercommunication\" \/>\n<meta property=\"article:published_time\" content=\"2018-12-05T10:50:21+00:00\" \/>\n<meta property=\"article:modified_time\" content=\"2024-10-25T07:27:56+00:00\" \/>\n<meta name=\"author\" content=\"Jacqueline Althaller\" \/>\n<meta name=\"twitter:card\" content=\"summary_large_image\" \/>\n<meta name=\"twitter:creator\" content=\"@ALTHALLERcom\" \/>\n<meta name=\"twitter:site\" content=\"@ALTHALLERcom\" \/>\n<meta name=\"twitter:label1\" content=\"Written by\" \/>\n\t<meta name=\"twitter:data1\" content=\"Jacqueline Althaller\" \/>\n\t<meta name=\"twitter:label2\" content=\"Est. reading time\" \/>\n\t<meta name=\"twitter:data2\" content=\"9 minutes\" \/>\n<script type=\"application\/ld+json\" class=\"yoast-schema-graph\">{\"@context\":\"https:\\\/\\\/schema.org\",\"@graph\":[{\"@type\":\"Article\",\"@id\":\"https:\\\/\\\/althallercommunication.de\\\/tram-haltestelle-am-schwabinger-tor-wird-eroeffnet\\\/#article\",\"isPartOf\":{\"@id\":\"https:\\\/\\\/althallercommunication.de\\\/tram-haltestelle-am-schwabinger-tor-wird-eroeffnet\\\/\"},\"author\":{\"name\":\"Jacqueline Althaller\",\"@id\":\"https:\\\/\\\/althallercommunication.de\\\/#\\\/schema\\\/person\\\/4ca72b5e8d0bebc1f9b3061e463e32ee\"},\"headline\":\"Tram-Haltestelle am Schwabinger Tor wird feierlich er\u00f6ffnet\",\"datePublished\":\"2018-12-05T10:50:21+00:00\",\"dateModified\":\"2024-10-25T07:27:56+00:00\",\"mainEntityOfPage\":{\"@id\":\"https:\\\/\\\/althallercommunication.de\\\/tram-haltestelle-am-schwabinger-tor-wird-eroeffnet\\\/\"},\"wordCount\":1721,\"publisher\":{\"@id\":\"https:\\\/\\\/althallercommunication.de\\\/#organization\"},\"keywords\":[\"Leopoldstra\u00dfe\",\"M\u00fcnchen\",\"M\u00fcnchner Tor\",\"MVG\",\"Parzivalstra\u00dfe\",\"Schwabinger Tor\",\"Tram\"],\"articleSection\":[\"Ecommerce &amp; Retail\",\"Klassische Pressearbeit\",\"Kunden\",\"Others\",\"Pressemeldungen\",\"Schwabinger-Tor\"],\"inLanguage\":\"en-US\"},{\"@type\":\"WebPage\",\"@id\":\"https:\\\/\\\/althallercommunication.de\\\/tram-haltestelle-am-schwabinger-tor-wird-eroeffnet\\\/\",\"url\":\"https:\\\/\\\/althallercommunication.de\\\/tram-haltestelle-am-schwabinger-tor-wird-eroeffnet\\\/\",\"name\":\"K\u00fcnftig fahren Tram-G\u00e4ste mit der Linie 23 an das Schwabinger Tor\",\"isPartOf\":{\"@id\":\"https:\\\/\\\/althallercommunication.de\\\/#website\"},\"datePublished\":\"2018-12-05T10:50:21+00:00\",\"dateModified\":\"2024-10-25T07:27:56+00:00\",\"description\":\"Das Stadtquartier Schwabinger Tor wird mit der der Tram-Haltestelle Schwabinger Tor an das Streckennetz der M\u00fcnchner Verkehrsgesellschaft angeschlossen\",\"breadcrumb\":{\"@id\":\"https:\\\/\\\/althallercommunication.de\\\/tram-haltestelle-am-schwabinger-tor-wird-eroeffnet\\\/#breadcrumb\"},\"inLanguage\":\"en-US\",\"potentialAction\":[{\"@type\":\"ReadAction\",\"target\":[\"https:\\\/\\\/althallercommunication.de\\\/tram-haltestelle-am-schwabinger-tor-wird-eroeffnet\\\/\"]}]},{\"@type\":\"BreadcrumbList\",\"@id\":\"https:\\\/\\\/althallercommunication.de\\\/tram-haltestelle-am-schwabinger-tor-wird-eroeffnet\\\/#breadcrumb\",\"itemListElement\":[{\"@type\":\"ListItem\",\"position\":1,\"name\":\"Startseite\",\"item\":\"https:\\\/\\\/althallercommunication.de\\\/en\\\/\"},{\"@type\":\"ListItem\",\"position\":2,\"name\":\"Tram-Haltestelle am Schwabinger Tor wird feierlich er\u00f6ffnet\"}]},{\"@type\":\"WebSite\",\"@id\":\"https:\\\/\\\/althallercommunication.de\\\/#website\",\"url\":\"https:\\\/\\\/althallercommunication.de\\\/\",\"name\":\"althaller communication\",\"description\":\"Martkommunikation B2B\",\"publisher\":{\"@id\":\"https:\\\/\\\/althallercommunication.de\\\/#organization\"},\"potentialAction\":[{\"@type\":\"SearchAction\",\"target\":{\"@type\":\"EntryPoint\",\"urlTemplate\":\"https:\\\/\\\/althallercommunication.de\\\/?s={search_term_string}\"},\"query-input\":{\"@type\":\"PropertyValueSpecification\",\"valueRequired\":true,\"valueName\":\"search_term_string\"}}],\"inLanguage\":\"en-US\"},{\"@type\":\"Organization\",\"@id\":\"https:\\\/\\\/althallercommunication.de\\\/#organization\",\"name\":\"ALTHALLER communication\",\"url\":\"https:\\\/\\\/althallercommunication.de\\\/\",\"logo\":{\"@type\":\"ImageObject\",\"inLanguage\":\"en-US\",\"@id\":\"https:\\\/\\\/althallercommunication.de\\\/#\\\/schema\\\/logo\\\/image\\\/\",\"url\":\"https:\\\/\\\/althallercommunication.de\\\/wp-content\\\/uploads\\\/2023\\\/12\\\/althaller_comm_b.png\",\"contentUrl\":\"https:\\\/\\\/althallercommunication.de\\\/wp-content\\\/uploads\\\/2023\\\/12\\\/althaller_comm_b.png\",\"width\":464,\"height\":110,\"caption\":\"ALTHALLER communication\"},\"image\":{\"@id\":\"https:\\\/\\\/althallercommunication.de\\\/#\\\/schema\\\/logo\\\/image\\\/\"},\"sameAs\":[\"https:\\\/\\\/www.facebook.com\\\/althallercommunication\",\"https:\\\/\\\/x.com\\\/ALTHALLERcom\",\"https:\\\/\\\/www.linkedin.com\\\/company\\\/3332596?trk=tyah&amp;amp;amp;trkInfo=tas:COMMUNICATION Presse und PR,idx:1-1-1\"]},{\"@type\":\"Person\",\"@id\":\"https:\\\/\\\/althallercommunication.de\\\/#\\\/schema\\\/person\\\/4ca72b5e8d0bebc1f9b3061e463e32ee\",\"name\":\"Jacqueline Althaller\",\"image\":{\"@type\":\"ImageObject\",\"inLanguage\":\"en-US\",\"@id\":\"https:\\\/\\\/secure.gravatar.com\\\/avatar\\\/2e8cdf7784b763130efe210406ba46634d04913cf12c46cf98b2799d6da47211?s=96&d=mm&r=g\",\"url\":\"https:\\\/\\\/secure.gravatar.com\\\/avatar\\\/2e8cdf7784b763130efe210406ba46634d04913cf12c46cf98b2799d6da47211?s=96&d=mm&r=g\",\"contentUrl\":\"https:\\\/\\\/secure.gravatar.com\\\/avatar\\\/2e8cdf7784b763130efe210406ba46634d04913cf12c46cf98b2799d6da47211?s=96&d=mm&r=g\",\"caption\":\"Jacqueline Althaller\"},\"description\":\"$$$2021hmb8hzb4MD\",\"url\":\"https:\\\/\\\/althallercommunication.de\\\/en\\\/author\\\/jacqueline-althaller\\\/\"}]}<\/script>\n<!-- \/ Yoast SEO Premium plugin. -->","yoast_head_json":{"title":"K\u00fcnftig fahren Tram-G\u00e4ste mit der Linie 23 an das Schwabinger Tor","description":"Das Stadtquartier Schwabinger Tor wird mit der der Tram-Haltestelle Schwabinger Tor an das Streckennetz der M\u00fcnchner Verkehrsgesellschaft angeschlossen","robots":{"index":"index","follow":"follow","max-snippet":"max-snippet:-1","max-image-preview":"max-image-preview:large","max-video-preview":"max-video-preview:-1"},"canonical":"https:\/\/althallercommunication.de\/tram-haltestelle-am-schwabinger-tor-wird-eroeffnet\/","og_locale":"en_US","og_type":"article","og_title":"Tram-Haltestelle am Schwabinger Tor wird feierlich er\u00f6ffnet","og_description":"Das Stadtquartier Schwabinger Tor wird mit der der Tram-Haltestelle Schwabinger Tor an das Streckennetz der M\u00fcnchner Verkehrsgesellschaft angeschlossen","og_url":"https:\/\/althallercommunication.de\/tram-haltestelle-am-schwabinger-tor-wird-eroeffnet\/","og_site_name":"althaller communication","article_publisher":"https:\/\/www.facebook.com\/althallercommunication","article_published_time":"2018-12-05T10:50:21+00:00","article_modified_time":"2024-10-25T07:27:56+00:00","author":"Jacqueline Althaller","twitter_card":"summary_large_image","twitter_creator":"@ALTHALLERcom","twitter_site":"@ALTHALLERcom","twitter_misc":{"Written by":"Jacqueline Althaller","Est. reading time":"9 minutes"},"schema":{"@context":"https:\/\/schema.org","@graph":[{"@type":"Article","@id":"https:\/\/althallercommunication.de\/tram-haltestelle-am-schwabinger-tor-wird-eroeffnet\/#article","isPartOf":{"@id":"https:\/\/althallercommunication.de\/tram-haltestelle-am-schwabinger-tor-wird-eroeffnet\/"},"author":{"name":"Jacqueline Althaller","@id":"https:\/\/althallercommunication.de\/#\/schema\/person\/4ca72b5e8d0bebc1f9b3061e463e32ee"},"headline":"Tram-Haltestelle am Schwabinger Tor wird feierlich er\u00f6ffnet","datePublished":"2018-12-05T10:50:21+00:00","dateModified":"2024-10-25T07:27:56+00:00","mainEntityOfPage":{"@id":"https:\/\/althallercommunication.de\/tram-haltestelle-am-schwabinger-tor-wird-eroeffnet\/"},"wordCount":1721,"publisher":{"@id":"https:\/\/althallercommunication.de\/#organization"},"keywords":["Leopoldstra\u00dfe","M\u00fcnchen","M\u00fcnchner Tor","MVG","Parzivalstra\u00dfe","Schwabinger Tor","Tram"],"articleSection":["Ecommerce &amp; Retail","Klassische Pressearbeit","Kunden","Others","Pressemeldungen","Schwabinger-Tor"],"inLanguage":"en-US"},{"@type":"WebPage","@id":"https:\/\/althallercommunication.de\/tram-haltestelle-am-schwabinger-tor-wird-eroeffnet\/","url":"https:\/\/althallercommunication.de\/tram-haltestelle-am-schwabinger-tor-wird-eroeffnet\/","name":"K\u00fcnftig fahren Tram-G\u00e4ste mit der Linie 23 an das Schwabinger Tor","isPartOf":{"@id":"https:\/\/althallercommunication.de\/#website"},"datePublished":"2018-12-05T10:50:21+00:00","dateModified":"2024-10-25T07:27:56+00:00","description":"Das Stadtquartier Schwabinger Tor wird mit der der Tram-Haltestelle Schwabinger Tor an das Streckennetz der M\u00fcnchner Verkehrsgesellschaft angeschlossen","breadcrumb":{"@id":"https:\/\/althallercommunication.de\/tram-haltestelle-am-schwabinger-tor-wird-eroeffnet\/#breadcrumb"},"inLanguage":"en-US","potentialAction":[{"@type":"ReadAction","target":["https:\/\/althallercommunication.de\/tram-haltestelle-am-schwabinger-tor-wird-eroeffnet\/"]}]},{"@type":"BreadcrumbList","@id":"https:\/\/althallercommunication.de\/tram-haltestelle-am-schwabinger-tor-wird-eroeffnet\/#breadcrumb","itemListElement":[{"@type":"ListItem","position":1,"name":"Startseite","item":"https:\/\/althallercommunication.de\/en\/"},{"@type":"ListItem","position":2,"name":"Tram-Haltestelle am Schwabinger Tor wird feierlich er\u00f6ffnet"}]},{"@type":"WebSite","@id":"https:\/\/althallercommunication.de\/#website","url":"https:\/\/althallercommunication.de\/","name":"althaller communication","description":"Martkommunikation B2B","publisher":{"@id":"https:\/\/althallercommunication.de\/#organization"},"potentialAction":[{"@type":"SearchAction","target":{"@type":"EntryPoint","urlTemplate":"https:\/\/althallercommunication.de\/?s={search_term_string}"},"query-input":{"@type":"PropertyValueSpecification","valueRequired":true,"valueName":"search_term_string"}}],"inLanguage":"en-US"},{"@type":"Organization","@id":"https:\/\/althallercommunication.de\/#organization","name":"ALTHALLER communication","url":"https:\/\/althallercommunication.de\/","logo":{"@type":"ImageObject","inLanguage":"en-US","@id":"https:\/\/althallercommunication.de\/#\/schema\/logo\/image\/","url":"https:\/\/althallercommunication.de\/wp-content\/uploads\/2023\/12\/althaller_comm_b.png","contentUrl":"https:\/\/althallercommunication.de\/wp-content\/uploads\/2023\/12\/althaller_comm_b.png","width":464,"height":110,"caption":"ALTHALLER communication"},"image":{"@id":"https:\/\/althallercommunication.de\/#\/schema\/logo\/image\/"},"sameAs":["https:\/\/www.facebook.com\/althallercommunication","https:\/\/x.com\/ALTHALLERcom","https:\/\/www.linkedin.com\/company\/3332596?trk=tyah&amp;amp;amp;trkInfo=tas:COMMUNICATION Presse und PR,idx:1-1-1"]},{"@type":"Person","@id":"https:\/\/althallercommunication.de\/#\/schema\/person\/4ca72b5e8d0bebc1f9b3061e463e32ee","name":"Jacqueline Althaller","image":{"@type":"ImageObject","inLanguage":"en-US","@id":"https:\/\/secure.gravatar.com\/avatar\/2e8cdf7784b763130efe210406ba46634d04913cf12c46cf98b2799d6da47211?s=96&d=mm&r=g","url":"https:\/\/secure.gravatar.com\/avatar\/2e8cdf7784b763130efe210406ba46634d04913cf12c46cf98b2799d6da47211?s=96&d=mm&r=g","contentUrl":"https:\/\/secure.gravatar.com\/avatar\/2e8cdf7784b763130efe210406ba46634d04913cf12c46cf98b2799d6da47211?s=96&d=mm&r=g","caption":"Jacqueline Althaller"},"description":"$$$2021hmb8hzb4MD","url":"https:\/\/althallercommunication.de\/en\/author\/jacqueline-althaller\/"}]}},"_links":{"self":[{"href":"https:\/\/althallercommunication.de\/en\/wp-json\/wp\/v2\/posts\/14484","targetHints":{"allow":["GET"]}}],"collection":[{"href":"https:\/\/althallercommunication.de\/en\/wp-json\/wp\/v2\/posts"}],"about":[{"href":"https:\/\/althallercommunication.de\/en\/wp-json\/wp\/v2\/types\/post"}],"author":[{"embeddable":true,"href":"https:\/\/althallercommunication.de\/en\/wp-json\/wp\/v2\/users\/6"}],"replies":[{"embeddable":true,"href":"https:\/\/althallercommunication.de\/en\/wp-json\/wp\/v2\/comments?post=14484"}],"version-history":[{"count":8,"href":"https:\/\/althallercommunication.de\/en\/wp-json\/wp\/v2\/posts\/14484\/revisions"}],"predecessor-version":[{"id":30964,"href":"https:\/\/althallercommunication.de\/en\/wp-json\/wp\/v2\/posts\/14484\/revisions\/30964"}],"wp:attachment":[{"href":"https:\/\/althallercommunication.de\/en\/wp-json\/wp\/v2\/media?parent=14484"}],"wp:term":[{"taxonomy":"category","embeddable":true,"href":"https:\/\/althallercommunication.de\/en\/wp-json\/wp\/v2\/categories?post=14484"},{"taxonomy":"post_tag","embeddable":true,"href":"https:\/\/althallercommunication.de\/en\/wp-json\/wp\/v2\/tags?post=14484"}],"curies":[{"name":"wp","href":"https:\/\/api.w.org\/{rel}","templated":true}]}}