{"id":14809,"date":"2019-02-22T14:00:21","date_gmt":"2019-02-22T13:00:21","guid":{"rendered":"http:\/\/www.althallercommunication.de\/?p=14809"},"modified":"2024-05-14T18:08:20","modified_gmt":"2024-05-14T16:08:20","slug":"weltweit-erstes-beauty-carousel-eroeffnet-am-schwabinger-tor","status":"publish","type":"post","link":"https:\/\/althallercommunication.de\/en\/weltweit-erstes-beauty-carousel-eroeffnet-am-schwabinger-tor\/","title":{"rendered":"Weltweit erstes Beauty Carousel er\u00f6ffnet am Schwabinger Tor"},"content":{"rendered":"<p><\/p>\n<p><strong>Hier macht Sch\u00f6nheit ihre Runde<br \/>\n<\/strong><\/p>\n<h3><strong>Weltweit erstes Beauty Carousel er\u00f6ffnet am Schwabinger Tor<br \/>\n<\/strong><\/h3>\n<p><strong>M\u00fcnchen, den 22. Februar 2019 \u2013 Mit Er\u00f6ffnung des Beauty Carousel am 2. M\u00e4rz steht Besuchern wie Bewohnern des neuen Stadtquartiers Schwabinger Tor ein Sch\u00f6nheitssalon zur Verf\u00fcgung, wie ihn sich nur eine Frau f\u00fcr Frauen ausgedacht haben kann. Mit dem Besuch verbunden ist ein einzigartiges Erlebnis, das Frauen jeden Alters erm\u00f6glicht, sich wie ein Star zu f\u00fchlen. W\u00e4hrend einer \u201eKarussellfahrt\u201c, die immer exakt eine Stunde dauert, wird die Kundin von zwei Stylisten parallel gepflegt und mit einem neuen Look begl\u00fcckt.<br \/>\n<\/strong><\/p>\n<p>Wer sich die Beauty Carousel App heruntergeladen und einen \u201eFahrschein\u201d gebucht hat, begibt sich beim anschlie\u00dfenden Besuch auf eine unvergessliche und einmalige Reise f\u00fcr alle Sinne. Kaum hat sich die Besucherin f\u00fcr den Style ihrer Wahl entschieden und ihren Welcome Drink genossen, hei\u00dft es Platznehmen auf handgefertigten Behandlungsst\u00fchlen, die mit Chrom und Leder im Vintage-Beauty-Chique aufwarten. W\u00e4hrend die Musik eines kleines Orchesters ert\u00f6nt, beginnt die Fahrt, bei der sich exakt eine Stunde lang alles nur um die eigene Sch\u00f6nheit dreht.<\/p>\n<p>F\u00fcr Carolin Skorbier, Gr\u00fcnderin und Gesch\u00e4ftsf\u00fchrerin des Beauty Carousel war es Bestimmung, dieses weltweit einzigartige Beauty- und Erlebniskonzept im Schwabinger Tor zu realisieren, das sich durch seine weltoffene, innovative und auf Synergien ausgerichtete Leitidee auszeichnet.<\/p>\n<p>Ein Erlebnis mit Ergebnis: Denn w\u00e4hrend die Kundin ihre Runden dreht, wird sie an verschiedenen Stationen gleichzeitig von Kosmetikerinnen und Stylistinnen entsprechend ihrer W\u00fcnsche behandelt. \u201eIn welchen Schritten ihr perfekter Look entsteht, behalten unsere Kundinnen stets im Blick. Denn vor den Karussellst\u00fchlen befinden sich Monitore mit Spiegelfunktion, die nach Belieben mit dem Smartphone an- und ausgeschalten werden k\u00f6nnen. So werden sie zur Pr\u00e4sentationsfl\u00e4che f\u00fcr unser \u201eLookBook\u201c und f\u00fcr Hinweise auf Produkte, Partner, Events oder Angebote aus der Nachbarschaft des Quartiers\u201c, f\u00fchrt Skorbier ihr Konzept der Erlebnisorientierung aus. \u201eWeckt dann eines unserer Produkte Begeisterung, kann die Kundin es ganz unkompliziert vor Ort gleich online erwerben.\u201c<\/p>\n<p>Damit der Besuch des Sch\u00f6nheitssalons auch stets aufs Neue zum Erlebnis wird, geh\u00f6rt es zum selbst erarbeiteten Konzept der Selfmade Woman, das Angebot regelm\u00e4\u00dfig zu erneuern und sowohl Hersteller als auch Produkte trendbasiert zu erg\u00e4nzen oder zu wechseln. Neben der Qualit\u00e4t bleiben daher einzig der Zeitaufwand und der unschlagbare Preis von 89 Euro f\u00fcr die Beauty Carousel Fahrt gleich.<\/p>\n<p>Mit Er\u00f6ffnung an der Leopoldstra\u00dfe wird das Beauty Carousel Teil einer kreativen Nachbarschaft am Schwabinger Tor, die von Anfang an verschiedene Synergien erm\u00f6glicht. Etwa mit Miroslava Winkler, der Betreiberin des neuen Brautmodenladens Munich White, die ihre einzigartigen Kleider in gemeinsamen Fotoshootings von den Beauty Carousel Stylistinnen pr\u00e4sentieren l\u00e4sst.<\/p>\n<p>Ebenso werden die Besucherinnen des j\u00fcngst er\u00f6ffneten Andaz-Hotels dankbar sein, wenn sie fu\u00dfl\u00e4ufig ein Angebot wahrnehmen k\u00f6nnen, bei dem sie zeitsparend in nur 60 Minuten drei Treatments buchen und einen v\u00f6llig neuen Look probieren k\u00f6nnen. Zudem k\u00f6nnen sie sich bei Bedarf auch gleich als Trendsetter mit den sofort verf\u00fcgbaren Fotos aus der Monitorkamera auf ihrem eigenen Instagram Account pr\u00e4sentieren. Gedacht ist das Beauty Carousel f\u00fcr Frauen aller Couleur, so Skorbier.<\/p>\n<p>Skorbier, die das Handwerk von Grund auf an der Meisterschule gelernt hat, bietet neben online buchbaren Terminen auch die M\u00f6glichkeit spontan vorbeizuschauen. Bewegung, Licht und Musik sind so orchestriert, dass f\u00fcr die Kundin in jedem Fall ein einzigartiges Erlebnis mit dem Besuch des Sch\u00f6nheitssalons verbunden ist. Dieses ist \u00fcbrigens auch buchbar f\u00fcr Gruppen, die beispielsweise einen Junggesellinnenabschied feiern oder sich noch gemeinsam mit einem Ausgehlook in Partystimmung bringen lassen wollen.<\/p>\n<p>Dr. Wolfgang M\u00fcller, Gesch\u00e4ftsf\u00fchrer der Jost Hurler Gruppe zum neuen Mieter am Schwabinger Tor: \u201eDas Konzept des Beauty Carousel passt wie ma\u00dfgeschneidert zu unserer Philosophie. Das beginnt beim Angebot, sich \u00fcber eine App einzuchecken und reicht bis zur Kooperation mit anderen Mietern, von denen die Kundinnen des Beauty Carousel Produkte oder Gutscheine, wie dem Restaurant La Boh\u00e8me oder auch dem R1 Sportsclub, erhalten k\u00f6nnen. Einmal mehr wird durch die inspirierende Mischung ein kreatives Miteinander gef\u00f6rdert, von dem Menschen unterschiedlichster Hintergr\u00fcnde und Lebensstile profitieren.\u201c<\/p>\n<p><strong>Weitere Informationen erhalten Sie unter: <a href=\"https:\/\/www.beautycarousel.de\/\">https:\/\/www.beautycarousel.de\/<\/a><\/strong><\/p>\n<p><strong>Schwabinger Tor<br \/>\n<\/strong>Mit dem Schwabinger Tor an der Leopoldstra\u00dfe in M\u00fcnchen-Schwabing wird ein neues Stadtquartier geschaffen, welches k\u00fcnftigen Lebens- und Arbeitsweisen schon heute Raum gibt. Mit den insgesamt neun Geb\u00e4uden entwickelt sich ein neuer Ort zum Wohnen, Arbeiten, Erleben und Einkaufen. Das Schwabinger Tor, ein bestandseigenes Projekt der Jost Hurler Unternehmensgruppe und eines der gr\u00f6\u00dften innerst\u00e4dtischen Bauprojekte Deutschlands, folgt der Idee des Sharings als Vision eines urbanen Lebensgef\u00fchls. Das Motto \u201eTalente. Teilen. Toleranz.\u201c spiegelt sich in konkreten Angeboten wider wie Car Sharing, Co Working, einer Sharing-App f\u00fcr die Mieter oder gezielter Startup- und Kunstf\u00f6rderung. Mehr unter <a href=\"http:\/\/schwabinger-tor.de\">http:\/\/schwabinger-tor.de<\/a>.<\/p>\n<p><strong>\u00dcber die Jost Hurler Gruppe <\/strong><br \/>\nDie Jost Hurler Beteiligungs und Verwaltungs GmbH &amp; Co. KG entwickelt, vermietet und finanziert bestandseigene Immobilienobjekte in Deutschland und \u00d6sterreich. Wichtige Standorte befinden sich in Bayern, Nordrhein-Westfalen, Berlin und Th\u00fcringen. In Zukunft wird der Bereich der Projektentwicklung in Metropolregionen eine tragende Rolle f\u00fcr das Unternehmen spielen. Sitz der Jost Hurler Beteiligungs und Verwaltungs\u00a0GmbH\u00a0&amp;\u00a0Co.\u00a0KG ist M\u00fcnchen. Mehr unter <a href=\"http:\/\/www.jost-hurler.de\/\">http:\/\/www.jost-hurler.de\/<\/a> und <a href=\"http:\/\/www.schwabinger-tor.de\">www.schwabinger-tor.de<\/a>.<\/p>\n<p><a href=\"https:\/\/althallercommunication.de\/wp-content\/uploads\/2019\/02\/02222019_STM_PI_Beauty-Carousel.pdf\">PI zum Download<\/a><\/p>\n<p><\/p>\n<p>Bildmaterial<\/p>\n<p>https:\/\/althallercommunication.de\/wp-content\/uploads\/2019\/02\/BeautyCarousel_lets-start-the-journey-1030&#215;721.jpg<\/p>\n<p>Kaum hat sich die Besucherin f\u00fcr den Style ihrer Wahl entschieden, hei\u00dft es Platznehmen auf handgefertigten Behandlungsst\u00fchlen, die mit Chrom und Leder an Kindheitserinnerungen wecken. Und w\u00e4hrend die Musik eines kleines Orchesters ert\u00f6nt, beginnt die Fahrt, bei der sich exakt eine Stunde lang alles nur um die eigene Sch\u00f6nheit dreht.*<\/p>\n<p>https:\/\/althallercommunication.de\/wp-content\/uploads\/2019\/02\/BeautyCarousel_come-in-and-view-1030&#215;579.jpg<\/p>\n<p>Ein Erlebnis mit Ergebnis, denn w\u00e4hrend die Kundin ihre Runden dreht, wird sie an verschiedenen Stationen gleichzeitig von Kosmetikerinnen und Stylistinnen entsprechend ihrer W\u00fcnsche behandelt.*<\/p>\n<p><\/p>\n<p>*Soweit nicht anders angegeben liegt das Copyright bei der Jost Hurler Gruppe<\/p>\n<p>Mehr News der Jost Hurler GruppeW2Z1c2lvbl9idXR0b24gbGluaz0mcXVvdDtqYXZhc2NyaXB0Omhpc3RvcnkuYmFjaygpJnF1b3Q7IHRpdGxlPSZxdW90OyZxdW90OyB0YXJnZXQ9JnF1b3Q7X3NlbGYmcXVvdDsgYWxpZ25tZW50PSZxdW90O2NlbnRlciZxdW90OyBtb2RhbD0mcXVvdDsmcXVvdDsgaGlkZV9vbl9tb2JpbGU9JnF1b3Q7c21hbGwtdmlzaWJpbGl0eSxtZWRpdW0tdmlzaWJpbGl0eSxsYXJnZS12aXNpYmlsaXR5JnF1b3Q7IGNsYXNzPSZxdW90OyZxdW90OyBpZD0mcXVvdDsmcXVvdDsgY29sb3I9JnF1b3Q7ZGVmYXVsdCZxdW90OyBidXR0b25fZ3JhZGllbnRfdG9wX2NvbG9yPSZxdW90OyZxdW90OyBidXR0b25fZ3JhZGllbnRfYm90dG9tX2NvbG9yPSZxdW90OyZxdW90OyBidXR0b25fZ3JhZGllbnRfdG9wX2NvbG9yX2hvdmVyPSZxdW90OyZxdW90OyBidXR0b25fZ3JhZGllbnRfYm90dG9tX2NvbG9yX2hvdmVyPSZxdW90OyZxdW90OyBhY2NlbnRfY29sb3I9JnF1b3Q7JnF1b3Q7IGFjY2VudF9ob3Zlcl9jb2xvcj0mcXVvdDsmcXVvdDsgdHlwZT0mcXVvdDsmcXVvdDsgYmV2ZWxfY29sb3I9JnF1b3Q7JnF1b3Q7IGJvcmRlcl93aWR0aD0mcXVvdDsmcXVvdDsgc2l6ZT0mcXVvdDttZWRpdW0mcXVvdDsgc3RyZXRjaD0mcXVvdDtkZWZhdWx0JnF1b3Q7IHNoYXBlPSZxdW90O3JvdW5kJnF1b3Q7IGljb249JnF1b3Q7ZmEtY2hldnJvbi1sZWZ0JnF1b3Q7IGljb25fcG9zaXRpb249JnF1b3Q7bGVmdCZxdW90OyBpY29uX2RpdmlkZXI9JnF1b3Q7bm8mcXVvdDsgYW5pbWF0aW9uX3R5cGU9JnF1b3Q7JnF1b3Q7IGFuaW1hdGlvbl9kaXJlY3Rpb249JnF1b3Q7bGVmdCZxdW90OyBhbmltYXRpb25fc3BlZWQ9JnF1b3Q7MC4zJnF1b3Q7IGFuaW1hdGlvbl9vZmZzZXQ9JnF1b3Q7JnF1b3Q7XXp1csO8Y2tbL2Z1c2lvbl9idXR0b25d<\/p>\n<p>Pressekontakt und Redaktion<br \/>\n<strong>Jacqueline Althaller<br \/>\n<\/strong>ALTHALLER communication GbR<br \/>\nElisabethstra\u00dfe 13<br \/>\n80796 M\u00fcnchen<\/p>\n<p><em>Bildmaterial stellen wir auf Wunsch gerne zur Verf\u00fcgung.<\/em><\/p>\n<p><\/p>\n<p>+49 (0) 89 38 66 52 61<\/p>\n<p><\/p>\n<p>+49 (0) 89 38 66 52 75<\/p>\n<p><\/p>\n<p><a href=\"mailto:info@althallercommunication.de\">info@althallercommunication.de<\/a><\/p>\n<p><\/p>\n<p><a href=\"https:\/\/althallercommunication.de\/\">www.althallercommunication.de<\/a><\/p>\n<p><\/p>\n","protected":false},"excerpt":{"rendered":"<p><strong>Jost Hurler Gruppe<\/strong> | M\u00fcnchen: <\/br> Mit Er\u00f6ffnung des Beauty Carousel am 2. M\u00e4rz steht Besuchern wie Bewohnern des neuen Stadtquartier Schwabinger Tor ein Sch\u00f6nheitssalon zur Verf\u00fcgung, wie ihn sich nur eine Frau f\u00fcr Frauen ausgedacht haben kann.<\/p>\n","protected":false},"author":6,"featured_media":0,"comment_status":"closed","ping_status":"open","sticky":false,"template":"","format":"standard","meta":{"_et_pb_use_builder":"","_et_pb_old_content":"","_et_gb_content_width":"","inline_featured_image":false,"footnotes":""},"categories":[2749,2765,2756,1,2758,2831],"tags":[1225,1224,1227,265,1226],"class_list":["post-14809","post","type-post","status-publish","format-standard","hentry","category-ecommerce-retail","category-klassische-pressearbeit","category-kunden-in-den-medien","category-unkategorisiert","category-pressemeldungen","category-schwabinger-tor","tag-beauty","tag-beauty-carousel","tag-schoenheit","tag-schwabinger-tor","tag-wellness"],"yoast_head":"<!-- This site is optimized with the Yoast SEO Premium plugin v25.3 (Yoast SEO v27.4) - https:\/\/yoast.com\/product\/yoast-seo-premium-wordpress\/ -->\n<title>Weltweit erstes Beauty Carousel er\u00f6ffnet am Schwabinger Tor<\/title>\n<meta name=\"description\" content=\"Im Beauty Carousel steht im Schwabinger Tor ein Sch\u00f6nheitssalon zur Verf\u00fcgung, wie ihn sich nur eine Frau f\u00fcr Frauen ausgedacht haben kann.\" \/>\n<meta name=\"robots\" content=\"index, follow, max-snippet:-1, max-image-preview:large, max-video-preview:-1\" \/>\n<link rel=\"canonical\" href=\"https:\/\/althallercommunication.de\/weltweit-erstes-beauty-carousel-eroeffnet-am-schwabinger-tor\/\" \/>\n<meta property=\"og:locale\" content=\"en_US\" \/>\n<meta property=\"og:type\" content=\"article\" \/>\n<meta property=\"og:title\" content=\"Weltweit erstes Beauty Carousel er\u00f6ffnet am Schwabinger Tor\" \/>\n<meta property=\"og:description\" content=\"Im Beauty Carousel steht im Schwabinger Tor ein Sch\u00f6nheitssalon zur Verf\u00fcgung, wie ihn sich nur eine Frau f\u00fcr Frauen ausgedacht haben kann.\" \/>\n<meta property=\"og:url\" content=\"https:\/\/althallercommunication.de\/weltweit-erstes-beauty-carousel-eroeffnet-am-schwabinger-tor\/\" \/>\n<meta property=\"og:site_name\" content=\"althaller communication\" \/>\n<meta property=\"article:publisher\" content=\"https:\/\/www.facebook.com\/althallercommunication\" \/>\n<meta property=\"article:published_time\" content=\"2019-02-22T13:00:21+00:00\" \/>\n<meta property=\"article:modified_time\" content=\"2024-05-14T16:08:20+00:00\" \/>\n<meta name=\"author\" content=\"Jacqueline Althaller\" \/>\n<meta name=\"twitter:card\" content=\"summary_large_image\" \/>\n<meta name=\"twitter:creator\" content=\"@ALTHALLERcom\" \/>\n<meta name=\"twitter:site\" content=\"@ALTHALLERcom\" \/>\n<meta name=\"twitter:label1\" content=\"Written by\" \/>\n\t<meta name=\"twitter:data1\" content=\"Jacqueline Althaller\" \/>\n\t<meta name=\"twitter:label2\" content=\"Est. reading time\" \/>\n\t<meta name=\"twitter:data2\" content=\"9 minutes\" \/>\n<script type=\"application\/ld+json\" class=\"yoast-schema-graph\">{\"@context\":\"https:\\\/\\\/schema.org\",\"@graph\":[{\"@type\":\"Article\",\"@id\":\"https:\\\/\\\/althallercommunication.de\\\/weltweit-erstes-beauty-carousel-eroeffnet-am-schwabinger-tor\\\/#article\",\"isPartOf\":{\"@id\":\"https:\\\/\\\/althallercommunication.de\\\/weltweit-erstes-beauty-carousel-eroeffnet-am-schwabinger-tor\\\/\"},\"author\":{\"name\":\"Jacqueline Althaller\",\"@id\":\"https:\\\/\\\/althallercommunication.de\\\/#\\\/schema\\\/person\\\/4ca72b5e8d0bebc1f9b3061e463e32ee\"},\"headline\":\"Weltweit erstes Beauty Carousel er\u00f6ffnet am Schwabinger Tor\",\"datePublished\":\"2019-02-22T13:00:21+00:00\",\"dateModified\":\"2024-05-14T16:08:20+00:00\",\"mainEntityOfPage\":{\"@id\":\"https:\\\/\\\/althallercommunication.de\\\/weltweit-erstes-beauty-carousel-eroeffnet-am-schwabinger-tor\\\/\"},\"wordCount\":1834,\"publisher\":{\"@id\":\"https:\\\/\\\/althallercommunication.de\\\/#organization\"},\"keywords\":[\"Beauty\",\"Beauty Carousel\",\"Sch\u00f6nheit\",\"Schwabinger Tor\",\"Wellness\"],\"articleSection\":[\"Ecommerce &amp; Retail\",\"Klassische Pressearbeit\",\"Kunden\",\"Others\",\"Pressemeldungen\",\"Schwabinger-Tor\"],\"inLanguage\":\"en-US\"},{\"@type\":\"WebPage\",\"@id\":\"https:\\\/\\\/althallercommunication.de\\\/weltweit-erstes-beauty-carousel-eroeffnet-am-schwabinger-tor\\\/\",\"url\":\"https:\\\/\\\/althallercommunication.de\\\/weltweit-erstes-beauty-carousel-eroeffnet-am-schwabinger-tor\\\/\",\"name\":\"Weltweit erstes Beauty Carousel er\u00f6ffnet am Schwabinger Tor\",\"isPartOf\":{\"@id\":\"https:\\\/\\\/althallercommunication.de\\\/#website\"},\"datePublished\":\"2019-02-22T13:00:21+00:00\",\"dateModified\":\"2024-05-14T16:08:20+00:00\",\"description\":\"Im Beauty Carousel steht im Schwabinger Tor ein Sch\u00f6nheitssalon zur Verf\u00fcgung, wie ihn sich nur eine Frau f\u00fcr Frauen ausgedacht haben kann.\",\"breadcrumb\":{\"@id\":\"https:\\\/\\\/althallercommunication.de\\\/weltweit-erstes-beauty-carousel-eroeffnet-am-schwabinger-tor\\\/#breadcrumb\"},\"inLanguage\":\"en-US\",\"potentialAction\":[{\"@type\":\"ReadAction\",\"target\":[\"https:\\\/\\\/althallercommunication.de\\\/weltweit-erstes-beauty-carousel-eroeffnet-am-schwabinger-tor\\\/\"]}]},{\"@type\":\"BreadcrumbList\",\"@id\":\"https:\\\/\\\/althallercommunication.de\\\/weltweit-erstes-beauty-carousel-eroeffnet-am-schwabinger-tor\\\/#breadcrumb\",\"itemListElement\":[{\"@type\":\"ListItem\",\"position\":1,\"name\":\"Startseite\",\"item\":\"https:\\\/\\\/althallercommunication.de\\\/en\\\/\"},{\"@type\":\"ListItem\",\"position\":2,\"name\":\"Weltweit erstes Beauty Carousel er\u00f6ffnet am Schwabinger Tor\"}]},{\"@type\":\"WebSite\",\"@id\":\"https:\\\/\\\/althallercommunication.de\\\/#website\",\"url\":\"https:\\\/\\\/althallercommunication.de\\\/\",\"name\":\"althaller communication\",\"description\":\"Martkommunikation B2B\",\"publisher\":{\"@id\":\"https:\\\/\\\/althallercommunication.de\\\/#organization\"},\"potentialAction\":[{\"@type\":\"SearchAction\",\"target\":{\"@type\":\"EntryPoint\",\"urlTemplate\":\"https:\\\/\\\/althallercommunication.de\\\/?s={search_term_string}\"},\"query-input\":{\"@type\":\"PropertyValueSpecification\",\"valueRequired\":true,\"valueName\":\"search_term_string\"}}],\"inLanguage\":\"en-US\"},{\"@type\":\"Organization\",\"@id\":\"https:\\\/\\\/althallercommunication.de\\\/#organization\",\"name\":\"ALTHALLER communication\",\"url\":\"https:\\\/\\\/althallercommunication.de\\\/\",\"logo\":{\"@type\":\"ImageObject\",\"inLanguage\":\"en-US\",\"@id\":\"https:\\\/\\\/althallercommunication.de\\\/#\\\/schema\\\/logo\\\/image\\\/\",\"url\":\"https:\\\/\\\/althallercommunication.de\\\/wp-content\\\/uploads\\\/2023\\\/12\\\/althaller_comm_b.png\",\"contentUrl\":\"https:\\\/\\\/althallercommunication.de\\\/wp-content\\\/uploads\\\/2023\\\/12\\\/althaller_comm_b.png\",\"width\":464,\"height\":110,\"caption\":\"ALTHALLER communication\"},\"image\":{\"@id\":\"https:\\\/\\\/althallercommunication.de\\\/#\\\/schema\\\/logo\\\/image\\\/\"},\"sameAs\":[\"https:\\\/\\\/www.facebook.com\\\/althallercommunication\",\"https:\\\/\\\/x.com\\\/ALTHALLERcom\",\"https:\\\/\\\/www.linkedin.com\\\/company\\\/3332596?trk=tyah&amp;amp;amp;trkInfo=tas:COMMUNICATION Presse und PR,idx:1-1-1\"]},{\"@type\":\"Person\",\"@id\":\"https:\\\/\\\/althallercommunication.de\\\/#\\\/schema\\\/person\\\/4ca72b5e8d0bebc1f9b3061e463e32ee\",\"name\":\"Jacqueline Althaller\",\"image\":{\"@type\":\"ImageObject\",\"inLanguage\":\"en-US\",\"@id\":\"https:\\\/\\\/secure.gravatar.com\\\/avatar\\\/2e8cdf7784b763130efe210406ba46634d04913cf12c46cf98b2799d6da47211?s=96&d=mm&r=g\",\"url\":\"https:\\\/\\\/secure.gravatar.com\\\/avatar\\\/2e8cdf7784b763130efe210406ba46634d04913cf12c46cf98b2799d6da47211?s=96&d=mm&r=g\",\"contentUrl\":\"https:\\\/\\\/secure.gravatar.com\\\/avatar\\\/2e8cdf7784b763130efe210406ba46634d04913cf12c46cf98b2799d6da47211?s=96&d=mm&r=g\",\"caption\":\"Jacqueline Althaller\"},\"description\":\"$$$2021hmb8hzb4MD\",\"url\":\"https:\\\/\\\/althallercommunication.de\\\/en\\\/author\\\/jacqueline-althaller\\\/\"}]}<\/script>\n<!-- \/ Yoast SEO Premium plugin. -->","yoast_head_json":{"title":"Weltweit erstes Beauty Carousel er\u00f6ffnet am Schwabinger Tor","description":"Im Beauty Carousel steht im Schwabinger Tor ein Sch\u00f6nheitssalon zur Verf\u00fcgung, wie ihn sich nur eine Frau f\u00fcr Frauen ausgedacht haben kann.","robots":{"index":"index","follow":"follow","max-snippet":"max-snippet:-1","max-image-preview":"max-image-preview:large","max-video-preview":"max-video-preview:-1"},"canonical":"https:\/\/althallercommunication.de\/weltweit-erstes-beauty-carousel-eroeffnet-am-schwabinger-tor\/","og_locale":"en_US","og_type":"article","og_title":"Weltweit erstes Beauty Carousel er\u00f6ffnet am Schwabinger Tor","og_description":"Im Beauty Carousel steht im Schwabinger Tor ein Sch\u00f6nheitssalon zur Verf\u00fcgung, wie ihn sich nur eine Frau f\u00fcr Frauen ausgedacht haben kann.","og_url":"https:\/\/althallercommunication.de\/weltweit-erstes-beauty-carousel-eroeffnet-am-schwabinger-tor\/","og_site_name":"althaller communication","article_publisher":"https:\/\/www.facebook.com\/althallercommunication","article_published_time":"2019-02-22T13:00:21+00:00","article_modified_time":"2024-05-14T16:08:20+00:00","author":"Jacqueline Althaller","twitter_card":"summary_large_image","twitter_creator":"@ALTHALLERcom","twitter_site":"@ALTHALLERcom","twitter_misc":{"Written by":"Jacqueline Althaller","Est. reading time":"9 minutes"},"schema":{"@context":"https:\/\/schema.org","@graph":[{"@type":"Article","@id":"https:\/\/althallercommunication.de\/weltweit-erstes-beauty-carousel-eroeffnet-am-schwabinger-tor\/#article","isPartOf":{"@id":"https:\/\/althallercommunication.de\/weltweit-erstes-beauty-carousel-eroeffnet-am-schwabinger-tor\/"},"author":{"name":"Jacqueline Althaller","@id":"https:\/\/althallercommunication.de\/#\/schema\/person\/4ca72b5e8d0bebc1f9b3061e463e32ee"},"headline":"Weltweit erstes Beauty Carousel er\u00f6ffnet am Schwabinger Tor","datePublished":"2019-02-22T13:00:21+00:00","dateModified":"2024-05-14T16:08:20+00:00","mainEntityOfPage":{"@id":"https:\/\/althallercommunication.de\/weltweit-erstes-beauty-carousel-eroeffnet-am-schwabinger-tor\/"},"wordCount":1834,"publisher":{"@id":"https:\/\/althallercommunication.de\/#organization"},"keywords":["Beauty","Beauty Carousel","Sch\u00f6nheit","Schwabinger Tor","Wellness"],"articleSection":["Ecommerce &amp; Retail","Klassische Pressearbeit","Kunden","Others","Pressemeldungen","Schwabinger-Tor"],"inLanguage":"en-US"},{"@type":"WebPage","@id":"https:\/\/althallercommunication.de\/weltweit-erstes-beauty-carousel-eroeffnet-am-schwabinger-tor\/","url":"https:\/\/althallercommunication.de\/weltweit-erstes-beauty-carousel-eroeffnet-am-schwabinger-tor\/","name":"Weltweit erstes Beauty Carousel er\u00f6ffnet am Schwabinger Tor","isPartOf":{"@id":"https:\/\/althallercommunication.de\/#website"},"datePublished":"2019-02-22T13:00:21+00:00","dateModified":"2024-05-14T16:08:20+00:00","description":"Im Beauty Carousel steht im Schwabinger Tor ein Sch\u00f6nheitssalon zur Verf\u00fcgung, wie ihn sich nur eine Frau f\u00fcr Frauen ausgedacht haben kann.","breadcrumb":{"@id":"https:\/\/althallercommunication.de\/weltweit-erstes-beauty-carousel-eroeffnet-am-schwabinger-tor\/#breadcrumb"},"inLanguage":"en-US","potentialAction":[{"@type":"ReadAction","target":["https:\/\/althallercommunication.de\/weltweit-erstes-beauty-carousel-eroeffnet-am-schwabinger-tor\/"]}]},{"@type":"BreadcrumbList","@id":"https:\/\/althallercommunication.de\/weltweit-erstes-beauty-carousel-eroeffnet-am-schwabinger-tor\/#breadcrumb","itemListElement":[{"@type":"ListItem","position":1,"name":"Startseite","item":"https:\/\/althallercommunication.de\/en\/"},{"@type":"ListItem","position":2,"name":"Weltweit erstes Beauty Carousel er\u00f6ffnet am Schwabinger Tor"}]},{"@type":"WebSite","@id":"https:\/\/althallercommunication.de\/#website","url":"https:\/\/althallercommunication.de\/","name":"althaller communication","description":"Martkommunikation B2B","publisher":{"@id":"https:\/\/althallercommunication.de\/#organization"},"potentialAction":[{"@type":"SearchAction","target":{"@type":"EntryPoint","urlTemplate":"https:\/\/althallercommunication.de\/?s={search_term_string}"},"query-input":{"@type":"PropertyValueSpecification","valueRequired":true,"valueName":"search_term_string"}}],"inLanguage":"en-US"},{"@type":"Organization","@id":"https:\/\/althallercommunication.de\/#organization","name":"ALTHALLER communication","url":"https:\/\/althallercommunication.de\/","logo":{"@type":"ImageObject","inLanguage":"en-US","@id":"https:\/\/althallercommunication.de\/#\/schema\/logo\/image\/","url":"https:\/\/althallercommunication.de\/wp-content\/uploads\/2023\/12\/althaller_comm_b.png","contentUrl":"https:\/\/althallercommunication.de\/wp-content\/uploads\/2023\/12\/althaller_comm_b.png","width":464,"height":110,"caption":"ALTHALLER communication"},"image":{"@id":"https:\/\/althallercommunication.de\/#\/schema\/logo\/image\/"},"sameAs":["https:\/\/www.facebook.com\/althallercommunication","https:\/\/x.com\/ALTHALLERcom","https:\/\/www.linkedin.com\/company\/3332596?trk=tyah&amp;amp;amp;trkInfo=tas:COMMUNICATION Presse und PR,idx:1-1-1"]},{"@type":"Person","@id":"https:\/\/althallercommunication.de\/#\/schema\/person\/4ca72b5e8d0bebc1f9b3061e463e32ee","name":"Jacqueline Althaller","image":{"@type":"ImageObject","inLanguage":"en-US","@id":"https:\/\/secure.gravatar.com\/avatar\/2e8cdf7784b763130efe210406ba46634d04913cf12c46cf98b2799d6da47211?s=96&d=mm&r=g","url":"https:\/\/secure.gravatar.com\/avatar\/2e8cdf7784b763130efe210406ba46634d04913cf12c46cf98b2799d6da47211?s=96&d=mm&r=g","contentUrl":"https:\/\/secure.gravatar.com\/avatar\/2e8cdf7784b763130efe210406ba46634d04913cf12c46cf98b2799d6da47211?s=96&d=mm&r=g","caption":"Jacqueline Althaller"},"description":"$$$2021hmb8hzb4MD","url":"https:\/\/althallercommunication.de\/en\/author\/jacqueline-althaller\/"}]}},"_links":{"self":[{"href":"https:\/\/althallercommunication.de\/en\/wp-json\/wp\/v2\/posts\/14809","targetHints":{"allow":["GET"]}}],"collection":[{"href":"https:\/\/althallercommunication.de\/en\/wp-json\/wp\/v2\/posts"}],"about":[{"href":"https:\/\/althallercommunication.de\/en\/wp-json\/wp\/v2\/types\/post"}],"author":[{"embeddable":true,"href":"https:\/\/althallercommunication.de\/en\/wp-json\/wp\/v2\/users\/6"}],"replies":[{"embeddable":true,"href":"https:\/\/althallercommunication.de\/en\/wp-json\/wp\/v2\/comments?post=14809"}],"version-history":[{"count":4,"href":"https:\/\/althallercommunication.de\/en\/wp-json\/wp\/v2\/posts\/14809\/revisions"}],"predecessor-version":[{"id":14810,"href":"https:\/\/althallercommunication.de\/en\/wp-json\/wp\/v2\/posts\/14809\/revisions\/14810"}],"wp:attachment":[{"href":"https:\/\/althallercommunication.de\/en\/wp-json\/wp\/v2\/media?parent=14809"}],"wp:term":[{"taxonomy":"category","embeddable":true,"href":"https:\/\/althallercommunication.de\/en\/wp-json\/wp\/v2\/categories?post=14809"},{"taxonomy":"post_tag","embeddable":true,"href":"https:\/\/althallercommunication.de\/en\/wp-json\/wp\/v2\/tags?post=14809"}],"curies":[{"name":"wp","href":"https:\/\/api.w.org\/{rel}","templated":true}]}}