{"id":15091,"date":"2019-05-07T09:30:22","date_gmt":"2019-05-07T07:30:22","guid":{"rendered":"https:\/\/www.althallercommunication.de\/?p=15091"},"modified":"2024-02-08T15:28:30","modified_gmt":"2024-02-08T14:28:30","slug":"zeit-des-lachens-e-v-im-dr-von-haunerschen-kinderspital-in-muenchen","status":"publish","type":"post","link":"https:\/\/althallercommunication.de\/en\/zeit-des-lachens-e-v-im-dr-von-haunerschen-kinderspital-in-muenchen\/","title":{"rendered":"\u201eZeit des Lachens e.V.\u201c im Dr. von Haunerschen Kinderspital in M\u00fcnchen"},"content":{"rendered":"<p><\/p>\n<p>Mai 2019<\/p>\n<h2><strong>Lachen ist und bleibt die beste Medizin<\/strong><\/h2>\n<p><strong>\u201eZeit des Lachens e.V.\u201c im Dr. von Haunerschen Kinderspital in M\u00fcnchen<\/strong><\/p>\n<ul>\n<li><strong>Freude und Abwechslung auf den Kinderstationen<\/strong><\/li>\n<li><strong>Viel Spa\u00df mit Profi-Sportlern der Munich Cowboys, mit<\/strong><\/li>\n<li><strong>Zipp und Kiddy, der musikalischsten Schildkr\u00f6te der Welt, sowie<\/strong><\/li>\n<li><strong>Magier \u201eArcato\u201c<\/strong><\/li>\n<\/ul>\n<p>M\u00fcnchen, 07. Mai 2019. Bereits zum f\u00fcnften Mal seit seiner Gr\u00fcndung im Jahr 2009 besucht der gemeinn\u00fctzige Verein \u201eZeit des Lachens\u201c das Dr. von Haunersche Kinderspital, um den kleinen Patienten mit einem vielf\u00e4ltigen und bunten Programm <strong>viel Spa\u00df, Lachen und Freude zu schenken<\/strong>. Mit dabei sind dieses Mal Spieler aus der Mannschaft des American Football-Vereins der \u201eMunich Cowboys\u201c<\/p>\n<p>\u201eWir freuen uns, auf eine kontinuierliche Zusammenarbeit mit \u201eZeit des Lachens\u201c blicken zu k\u00f6nnen. Das Engagement des Vereins ist vorbildlich. Wie wichtig diese besonderen Besuche sind, zeigen die Reaktionen der kleinen Patienten. Sie erhellen mit ihrer fr\u00f6hlichen Art die Stationen und zeigen mit ihrem Lachen, welche Kraft in ihnen steckt. Dadurch sch\u00f6pfen auch die Eltern und Angeh\u00f6rigen wieder Hoffnung. Ein \u201eTag des Lachens\u201c macht Mut auf mehr.\u201c, sagt <strong>Astrid Simader<\/strong>, Leiterin der Kulturinitiative Kinderkrankenhaus am Dr. von Haunerschen Kinderspital. \u201eDas bunte Programm ist eine willkommene Abwechslung f\u00fcr Kinder, Eltern, Angeh\u00f6rige und auch das Pflegepersonal. Die Sorgen werden f\u00fcr einen Moment vergessen. <strong>Lachen ist und bleibt die beste Medizin!<\/strong>\u201c<\/p>\n<p><strong>Tatkr\u00e4ftige Unterst\u00fctzung durch Prominente, Sportprofis und erfahrene K\u00fcnstler:<\/strong><\/p>\n<p>Die kleinen Patienten und deren Angeh\u00f6rige erwartet im Dr. von Haunerschen Kinderspital am 07. Mai ein liebevoll und abwechslungsreich gestaltetes Programm: Von <strong>Zipp<\/strong> und <strong>Kiddy<\/strong>, der musikalischsten Schildkr\u00f6te der Welt, werden die Kinder mit Musik begeistert und zum Mitsingen eingeladen. Der<strong> Magier Arcato<\/strong> wird mit seinen K\u00fcnsten die kleinen Patienten und ihre Angeh\u00f6rigen verzaubern. Besonderes Highlight ist der Besuch der <strong>Profi-Footballspieler<\/strong> <strong>vom Traditionsklub \u201eMunich Cowboys\u201c<\/strong>: Sven Mielenz und seine Mannschaftskameraden werden durch beeindruckende Outfits, spannende Geschichten aus dem Sportleralltag und ihre ungeheure Lebensenergie die kleinen Patienten mit Sicherheit in ihren Bann ziehen.<\/p>\n<p>Mit <strong>Ruth Hofmann<\/strong> unterst\u00fctzt ein weiterer Promi \u201eZeit des Lachens\u201c. Die sport1-Moderatorin und Pop-S\u00e4ngerin \u00fcber Ihren Besuch beim \u201eTag des Lachens\u201c: \u201eAls mich Rick Goldmann, Schirmherr von \u201eZeit des Lachens\u201c, angesprochen hat, war ich sofort davon \u00fcberzeugt an diesem Tag dabei zu sein. Besonders freut mich, dass einige Sportler dabei sein werden: Sport vermittelt mentale Kraft \u2013 eine Eigenschaft, die zur Genesung essentiell ist.\u201c<\/p>\n<p>Auch wird das Maskottchen <strong>Berni vom FC Bayern Basketball<\/strong> wieder dabei sein, der schon in den Vorjahren die Besuche mit viel Spa\u00df und Unterhaltung begleitet hat.<\/p>\n<p><strong>Nachhaltige und heilsame Veranstaltung f\u00fcr alle Beteiligten<\/strong><\/p>\n<p><strong>\u201eHelfen-Forschen-Heilen\u201c:<\/strong> Unter diesem Motto bietet die Kinderklinik und Kinderpoliklinik im <strong>Dr. von Haunerschen Kinderspital<\/strong> am Klinikum der Universit\u00e4t M\u00fcnchen eine umfassende Betreuung von Neugeborenen, Kindern und Jugendlichen in allen Bereichen der Kinder- und Jugendmedizin. Die Klinik umfasst mehr als 150 Betten auf insgesamt 21 Stationen und Abteilungen, darunter Kardiologie, Intensivstationen und Onkologie. Wenn bereits die J\u00fcngsten eine Operation ben\u00f6tigen oder langwierige Klinikaufenthalte auf sich nehmen m\u00fcssen, stellt dies eine extreme Belastung f\u00fcr alle Beteiligten dar. Nicht nur die Kinder, sondern auch ihre Angeh\u00f6rigen kommen in dieser Zeit nicht zur Ruhe. Das Familienleben findet oft \u00fcber Monate im Krankenhaus statt und ist gepr\u00e4gt von Hoffen und Bangen. Hier setzt der \u201eZeit des Lachens e.V.\u201c an: Sein Ziel ist es, einen Tag voller Spa\u00df und Abwechslung in Kinderkrankenh\u00e4user zu bringen und damit kranken Kindern und Jugendlichen <strong>Kraft zur Genesung<\/strong> zu geben.<\/p>\n<p>Das Engagement von \u201eZeit des Lachens\u201c richtet sich \u2013 im Gegensatz zu vielen anderen ehrenamtlichen Initiativen \u2013 nicht ausschlie\u00dflich an Kinder, sondern bindet gezielt auch Erwachsene in sein Konzept ein: Im Nachgang <strong>schenkt der Verein<\/strong> den <strong>Eltern<\/strong> und vor allem auch dem<strong> Pflegepersonal<\/strong> und den <strong>\u00c4rzten<\/strong> ein <strong>Lachyoga-Seminar mit Lachyoga-Therapeutin Ute Liebhard. <\/strong>Damit erhalten die Teilnehmer eine Mentaltechnik, mit der sie noch lange nach dem Kurs in der Lage sind, sich durch bestimmte \u00dcbungen immer wieder in eine positive Grundstimmung zu versetzen \u2013 im oftmals anstrengenden Klinikalltag eine sehr wertvolle und anhaltend wirkende Gabe.<\/p>\n<p>Jacqueline Althaller, Gr\u00fcnderin des \u201eZeit des Lachens e.V\u201c, freut sich \u00fcber den Besuch des M\u00fcnchener Spitals: \u201eUnser Ziel ist es, <strong>nachhaltig Impulse zu setzen<\/strong>. Unsere \u201aTage des Lachens\u2018 vermitteln positive Stimmung \u2013 und wir erleben immer wieder, dass diese lange sp\u00fcrbar bleibt und in den kleinen Patienten und ihren Angeh\u00f6rigen heilsam nachwirkt. \u201aTage des Lachens\u2018 wie im <strong>Dr. von Haunerschen Kinderspital<\/strong> sind ohne unsere Sponsoren nicht m\u00f6glich. M\u00fcnchner Unternehmen wie die <strong>Bayerische B\u00f6rse<\/strong>, <strong>goetzpartners <\/strong>und viele weitere Spender unterst\u00fctzen die nachhaltigen Aktivit\u00e4ten von \u201eZeit des Lachens e.V.\u201c<\/p>\n<p>Die Veranstaltung am 07. Mai im Dr. von Haunerschen Kinderspital ist der erste \u201eTag des Lachens\u201c in diesem Jahr. Die <strong>n\u00e4chste Veranstaltung<\/strong> ist bereits in der Planung.<\/p>\n<p><strong>\u00dcber \u201eZeit des Lachens e.V.\u201c<\/strong><br \/>\nLachen, Freude, ganz viel Spa\u00df und vor allem Abwechslung: Das bringt der \u201eZeit des Lachens e.V.\u201c den kleinen Patienten, ihren Angeh\u00f6rigen und dem Personal in bundesdeutschen Kinderkliniken. Der Grundgedanke ist Nachhaltigkeit: Was w\u00e4hrend eines Besuches vermittelt wird, soll langfristig positiv in den Klinikalltag hineinwirken. Initiiert wurde die Aktion bereits in 2005, nach einem Konzept der M\u00fcnchner Agentur ALTHALLER communication. Im Mai 2009 ist aus der Initiative der Verein \u201eZeit des Lachens e.V.\u201c mit Sitz in M\u00fcnchen hervorgegangen.<br \/>\nWeitere Informationen unter: <a href=\"http:\/\/www.zeitdeslachens.de\">www.zeitdeslachens.de<\/a><\/p>\n<p>F\u00fcr den Abdruck unseres Spendenkontos bedanken wir uns im Voraus:<br \/>\nRaiffeisenbank Neumarkt-St. Veit \u2013 Reischach eG, Zeit des Lachens,<br \/>\nIBAN: DE98 7016 9530 0000 8952 02<br \/>\nBIC: GENODEF1RWZ<\/p>\n<p><a href=\"https:\/\/althallercommunication.de\/wp-content\/uploads\/2019\/05\/Charity_ZdL_PI_Haunersches-Kinderspital_07052019.pdf\">PI zum Download<\/a><\/p>\n<p><\/p>\n<p>Bildmaterial<\/p>\n<p>https:\/\/althallercommunication.de\/wp-content\/uploads\/2019\/05\/Charity_ZdL_Foto_Zipp_Kiddy-1030&#215;812.jpg<\/p>\n<p>Die kleinen Patienten und deren Angeh\u00f6rige erwartet im Dr. von Haunerschen Kinderspital am 07. Mai ein liebevoll und abwechslungsreich gestaltetes Programm: Von <strong>Zipp<\/strong> und <strong>Kiddy<\/strong>, der musikalischsten Schildkr\u00f6te der Welt, werden die Kinder mit Musik begeistert und zum Mitsingen eingeladen.<\/p>\n<p>https:\/\/althallercommunication.de\/wp-content\/uploads\/2019\/05\/Charity_ZdL_Foto_Arcato.jpg<\/p>\n<p>Der<strong> Magier Arcato<\/strong> wird mit seinen K\u00fcnsten die kleinen Patienten und ihre Angeh\u00f6rigen verzaubern.<\/p>\n<p>https:\/\/althallercommunication.de\/wp-content\/uploads\/2019\/05\/Charity_ZdL_Foto_Abeltshauser-959&#215;1030.jpg<\/p>\n<p>Mit <strong>Konrad Abeltshauser, Verteidiger des EHC Red Bull M\u00fcnchen,<\/strong> unterst\u00fctzt einer der bekanntesten aktiven Spieler der Deutschen Eishockeyliga den \u201eTag des Lachens\u201c im Dr. von Haunerschen Kinderspital.<\/p>\n<p>https:\/\/althallercommunication.de\/wp-content\/uploads\/2019\/05\/Charity_ZdL_Foto_Cowboys-1030&#215;687.jpg<\/p>\n<p>Besonderes Highlight ist der Besuch der <strong>Profi-Footballspieler<\/strong> <strong>vom Traditionsklub \u201eMunich Cowboys\u201c<\/strong>: Sven Mielenz und seine Mannschaftskameraden werden durch beeindruckende Outfits, spannende Geschichten aus dem Sportleralltag und ihre ungeheure Lebensenergie die kleinen Patienten mit Sicherheit in ihren Bann ziehen.<\/p>\n<p>https:\/\/althallercommunication.de\/wp-content\/uploads\/2019\/05\/Charity_ZdL_Foto_Hofmann-542&#215;1030.jpg<\/p>\n<p>Mit <strong>Ruth Hofmann<\/strong> unterst\u00fctzt ein weiterer Promi \u201eZeit des Lachens\u201c. Die sport1-Moderatorin und Pop-S\u00e4ngerin \u00fcber Ihren Besuch beim \u201eTag des Lachens\u201c: \u201eAls mich Rick Goldmann, Schirmherr von \u201eZeit des Lachens\u201c, angesprochen hat, war ich sofort davon \u00fcberzeugt an diesem Tag dabei zu sein. Besonders freut mich, dass einige Sportler dabei sein werden: Sport vermittelt mentale Kraft \u2013 eine Eigenschaft, die zur Genesung essentiell ist.\u201c<\/p>\n<p>https:\/\/althallercommunication.de\/wp-content\/uploads\/2019\/05\/Charity_ZdL_Foto_Bernie-371&#215;1030.jpg<\/p>\n<p>Auch wird das Maskottchen <strong>Berni vom FC Bayern Basketball<\/strong> wieder dabei sein, der schon in den Vorjahren die Besuche mit viel Spa\u00df und Unterhaltung begleitet hat.<\/p>\n<p>https:\/\/althallercommunication.de\/wp-content\/uploads\/2019\/05\/Charity_ZdL_Foto_Liebhard-682&#215;1030.jpg<\/p>\n<p>Das Engagement von \u201eZeit des Lachens\u201c richtet sich \u2013 im Gegensatz zu vielen anderen ehrenamtlichen Initiativen \u2013 nicht ausschlie\u00dflich an Kinder, sondern bindet gezielt auch Erwachsene in sein Konzept ein: Im Nachgang <strong>schenkt der Verein<\/strong> den <strong>Eltern<\/strong> und vor allem auch dem<strong> Pflegepersonal<\/strong> und den <strong>\u00c4rzten<\/strong> ein <strong>Lachyoga-Seminar mit Lachyoga-Therapeutin Ute Liebhard. <\/strong>Damit erhalten die Teilnehmer eine Mentaltechnik, mit der sie noch lange nach dem Kurs in der Lage sind, sich durch bestimmte \u00dcbungen immer wieder in eine positive Grundstimmung zu versetzen \u2013 im oftmals anstrengenden Klinikalltag eine sehr wertvolle und anhaltend wirkende Gabe.<\/p>\n<p>https:\/\/althallercommunication.de\/wp-content\/uploads\/2019\/05\/Charity_ZdL_Foto_Jacqueline-768&#215;1030.jpg<\/p>\n<p>Jacqueline Althaller, Gr\u00fcnderin des \u201eZeit des Lachens e.V\u201c, freut sich \u00fcber den Besuch des M\u00fcnchener Spitals: \u201eUnser Ziel ist es, <strong>nachhaltig Impulse zu setzen<\/strong>. Unsere \u201aTage des Lachens\u2018 vermitteln positive Stimmung \u2013 und wir erleben immer wieder, dass diese lange sp\u00fcrbar bleibt und in den kleinen Patienten und ihren Angeh\u00f6rigen heilsam nachwirkt. \u201aTage des Lachens\u2018 wie im <strong>Dr. von Haunerschen Kinderspital<\/strong> sind ohne unsere Sponsoren nicht m\u00f6glich. M\u00fcnchner Unternehmen wie die <strong>Bayerische B\u00f6rse<\/strong>, <strong>goetzpartners <\/strong>und viele weitere Spender unterst\u00fctzen die nachhaltigen Aktivit\u00e4ten von \u201eZeit des Lachens e.V.\u201c<\/p>\n<p>W2Z1c2lvbl9idXR0b24gbGluaz0mcXVvdDtqYXZhc2NyaXB0Omhpc3RvcnkuYmFjaygpJnF1b3Q7IHRpdGxlPSZxdW90OyZxdW90OyB0YXJnZXQ9JnF1b3Q7X3NlbGYmcXVvdDsgYWxpZ25tZW50PSZxdW90O2NlbnRlciZxdW90OyBtb2RhbD0mcXVvdDsmcXVvdDsgaGlkZV9vbl9tb2JpbGU9JnF1b3Q7c21hbGwtdmlzaWJpbGl0eSxtZWRpdW0tdmlzaWJpbGl0eSxsYXJnZS12aXNpYmlsaXR5JnF1b3Q7IGNsYXNzPSZxdW90OyZxdW90OyBpZD0mcXVvdDsmcXVvdDsgY29sb3I9JnF1b3Q7ZGVmYXVsdCZxdW90OyBidXR0b25fZ3JhZGllbnRfdG9wX2NvbG9yPSZxdW90OyZxdW90OyBidXR0b25fZ3JhZGllbnRfYm90dG9tX2NvbG9yPSZxdW90OyZxdW90OyBidXR0b25fZ3JhZGllbnRfdG9wX2NvbG9yX2hvdmVyPSZxdW90OyZxdW90OyBidXR0b25fZ3JhZGllbnRfYm90dG9tX2NvbG9yX2hvdmVyPSZxdW90OyZxdW90OyBhY2NlbnRfY29sb3I9JnF1b3Q7JnF1b3Q7IGFjY2VudF9ob3Zlcl9jb2xvcj0mcXVvdDsmcXVvdDsgdHlwZT0mcXVvdDsmcXVvdDsgYmV2ZWxfY29sb3I9JnF1b3Q7JnF1b3Q7IGJvcmRlcl93aWR0aD0mcXVvdDsmcXVvdDsgc2l6ZT0mcXVvdDttZWRpdW0mcXVvdDsgc3RyZXRjaD0mcXVvdDtkZWZhdWx0JnF1b3Q7IHNoYXBlPSZxdW90O3JvdW5kJnF1b3Q7IGljb249JnF1b3Q7ZmEtY2hldnJvbi1sZWZ0JnF1b3Q7IGljb25fcG9zaXRpb249JnF1b3Q7bGVmdCZxdW90OyBpY29uX2RpdmlkZXI9JnF1b3Q7bm8mcXVvdDsgYW5pbWF0aW9uX3R5cGU9JnF1b3Q7JnF1b3Q7IGFuaW1hdGlvbl9kaXJlY3Rpb249JnF1b3Q7bGVmdCZxdW90OyBhbmltYXRpb25fc3BlZWQ9JnF1b3Q7MC4zJnF1b3Q7IGFuaW1hdGlvbl9vZmZzZXQ9JnF1b3Q7JnF1b3Q7XXp1csO8Y2tbL2Z1c2lvbl9idXR0b25d<\/p>\n<p>Pressekontakt und Redaktion<br \/>\n<strong>Frederic Aich<br \/>\n<\/strong>ALTHALLER communication<br \/>\nElisabethstra\u00dfe 13<br \/>\n80796 M\u00fcnchen<\/p>\n<p><em>Bildmaterial stellen wir auf Wunsch gerne zur Verf\u00fcgung.<\/em><\/p>\n<p><\/p>\n<p>+49 (0) 89 38 66 52 63<\/p>\n<p><\/p>\n<p>+49 (0) 89 38 66 52 75<\/p>\n<p><\/p>\n<p><a href=\"mailto:info@althallercommunication.de\">info@althallercommunication.de<\/a><\/p>\n<p><\/p>\n<p><a href=\"https:\/\/althallercommunication.de\/\">www.althallercommunication.de<\/a><\/p>\n<p><\/p>\n","protected":false},"excerpt":{"rendered":"<p><strong>Zeit des Lachens e.V.<\/strong> | M\u00fcnchen: <\/br>\u201eZeit des Lachens e.V.\u201c im Dr. von Haunerschen Kinderspital in M\u00fcnchen<\/p>\n","protected":false},"author":6,"featured_media":0,"comment_status":"closed","ping_status":"open","sticky":false,"template":"","format":"standard","meta":{"_et_pb_use_builder":"","_et_pb_old_content":"","_et_gb_content_width":"","inline_featured_image":false,"footnotes":""},"categories":[2752,2765,2756,1,2758,2766,2829],"tags":[],"class_list":["post-15091","post","type-post","status-publish","format-standard","hentry","category-healthcare","category-klassische-pressearbeit","category-kunden-in-den-medien","category-unkategorisiert","category-pressemeldungen","category-social-media","category-zeit-des-lachens"],"yoast_head":"<!-- This site is optimized with the Yoast SEO Premium plugin v25.3 (Yoast SEO v27.4) - https:\/\/yoast.com\/product\/yoast-seo-premium-wordpress\/ -->\n<title>\u201eZeit des Lachens e.V.\u201c im Dr. von Haunerschen Kinderspital in M\u00fcnchen<\/title>\n<meta name=\"description\" content=\"Bereits zum f\u00fcnften Mal besucht \u201eZeit des Lachens\u201c das Dr. von Haunersche Kinderspital, um den kleinen Patienten viel Spa\u00df und Freude zu schenken.\" \/>\n<meta name=\"robots\" content=\"index, follow, max-snippet:-1, max-image-preview:large, max-video-preview:-1\" \/>\n<link rel=\"canonical\" href=\"https:\/\/althallercommunication.de\/zeit-des-lachens-e-v-im-dr-von-haunerschen-kinderspital-in-muenchen\/\" \/>\n<meta property=\"og:locale\" content=\"en_US\" \/>\n<meta property=\"og:type\" content=\"article\" \/>\n<meta property=\"og:title\" content=\"\u201eZeit des Lachens e.V.\u201c im Dr. von Haunerschen Kinderspital in M\u00fcnchen\" \/>\n<meta property=\"og:description\" content=\"Bereits zum f\u00fcnften Mal besucht \u201eZeit des Lachens\u201c das Dr. von Haunersche Kinderspital, um den kleinen Patienten viel Spa\u00df und Freude zu schenken.\" \/>\n<meta property=\"og:url\" content=\"https:\/\/althallercommunication.de\/zeit-des-lachens-e-v-im-dr-von-haunerschen-kinderspital-in-muenchen\/\" \/>\n<meta property=\"og:site_name\" content=\"althaller communication\" \/>\n<meta property=\"article:publisher\" content=\"https:\/\/www.facebook.com\/althallercommunication\" \/>\n<meta property=\"article:published_time\" content=\"2019-05-07T07:30:22+00:00\" \/>\n<meta property=\"article:modified_time\" content=\"2024-02-08T14:28:30+00:00\" \/>\n<meta name=\"author\" content=\"Jacqueline Althaller\" \/>\n<meta name=\"twitter:card\" content=\"summary_large_image\" \/>\n<meta name=\"twitter:creator\" content=\"@ALTHALLERcom\" \/>\n<meta name=\"twitter:site\" content=\"@ALTHALLERcom\" \/>\n<meta name=\"twitter:label1\" content=\"Written by\" \/>\n\t<meta name=\"twitter:data1\" content=\"Jacqueline Althaller\" \/>\n\t<meta name=\"twitter:label2\" content=\"Est. reading time\" \/>\n\t<meta name=\"twitter:data2\" content=\"14 minutes\" \/>\n<script type=\"application\/ld+json\" class=\"yoast-schema-graph\">{\"@context\":\"https:\\\/\\\/schema.org\",\"@graph\":[{\"@type\":\"Article\",\"@id\":\"https:\\\/\\\/althallercommunication.de\\\/zeit-des-lachens-e-v-im-dr-von-haunerschen-kinderspital-in-muenchen\\\/#article\",\"isPartOf\":{\"@id\":\"https:\\\/\\\/althallercommunication.de\\\/zeit-des-lachens-e-v-im-dr-von-haunerschen-kinderspital-in-muenchen\\\/\"},\"author\":{\"name\":\"Jacqueline Althaller\",\"@id\":\"https:\\\/\\\/althallercommunication.de\\\/#\\\/schema\\\/person\\\/4ca72b5e8d0bebc1f9b3061e463e32ee\"},\"headline\":\"\u201eZeit des Lachens e.V.\u201c im Dr. von Haunerschen Kinderspital in M\u00fcnchen\",\"datePublished\":\"2019-05-07T07:30:22+00:00\",\"dateModified\":\"2024-02-08T14:28:30+00:00\",\"mainEntityOfPage\":{\"@id\":\"https:\\\/\\\/althallercommunication.de\\\/zeit-des-lachens-e-v-im-dr-von-haunerschen-kinderspital-in-muenchen\\\/\"},\"wordCount\":2798,\"publisher\":{\"@id\":\"https:\\\/\\\/althallercommunication.de\\\/#organization\"},\"articleSection\":[\"Healthcare\",\"Klassische Pressearbeit\",\"Kunden\",\"Others\",\"Pressemeldungen\",\"Social Media\",\"Zeit des Lachens\"],\"inLanguage\":\"en-US\"},{\"@type\":\"WebPage\",\"@id\":\"https:\\\/\\\/althallercommunication.de\\\/zeit-des-lachens-e-v-im-dr-von-haunerschen-kinderspital-in-muenchen\\\/\",\"url\":\"https:\\\/\\\/althallercommunication.de\\\/zeit-des-lachens-e-v-im-dr-von-haunerschen-kinderspital-in-muenchen\\\/\",\"name\":\"\u201eZeit des Lachens e.V.\u201c im Dr. von Haunerschen Kinderspital in M\u00fcnchen\",\"isPartOf\":{\"@id\":\"https:\\\/\\\/althallercommunication.de\\\/#website\"},\"datePublished\":\"2019-05-07T07:30:22+00:00\",\"dateModified\":\"2024-02-08T14:28:30+00:00\",\"description\":\"Bereits zum f\u00fcnften Mal besucht \u201eZeit des Lachens\u201c das Dr. von Haunersche Kinderspital, um den kleinen Patienten viel Spa\u00df und Freude zu schenken.\",\"breadcrumb\":{\"@id\":\"https:\\\/\\\/althallercommunication.de\\\/zeit-des-lachens-e-v-im-dr-von-haunerschen-kinderspital-in-muenchen\\\/#breadcrumb\"},\"inLanguage\":\"en-US\",\"potentialAction\":[{\"@type\":\"ReadAction\",\"target\":[\"https:\\\/\\\/althallercommunication.de\\\/zeit-des-lachens-e-v-im-dr-von-haunerschen-kinderspital-in-muenchen\\\/\"]}]},{\"@type\":\"BreadcrumbList\",\"@id\":\"https:\\\/\\\/althallercommunication.de\\\/zeit-des-lachens-e-v-im-dr-von-haunerschen-kinderspital-in-muenchen\\\/#breadcrumb\",\"itemListElement\":[{\"@type\":\"ListItem\",\"position\":1,\"name\":\"Startseite\",\"item\":\"https:\\\/\\\/althallercommunication.de\\\/en\\\/\"},{\"@type\":\"ListItem\",\"position\":2,\"name\":\"\u201eZeit des Lachens e.V.\u201c im Dr. von Haunerschen Kinderspital in M\u00fcnchen\"}]},{\"@type\":\"WebSite\",\"@id\":\"https:\\\/\\\/althallercommunication.de\\\/#website\",\"url\":\"https:\\\/\\\/althallercommunication.de\\\/\",\"name\":\"althaller communication\",\"description\":\"Martkommunikation B2B\",\"publisher\":{\"@id\":\"https:\\\/\\\/althallercommunication.de\\\/#organization\"},\"potentialAction\":[{\"@type\":\"SearchAction\",\"target\":{\"@type\":\"EntryPoint\",\"urlTemplate\":\"https:\\\/\\\/althallercommunication.de\\\/?s={search_term_string}\"},\"query-input\":{\"@type\":\"PropertyValueSpecification\",\"valueRequired\":true,\"valueName\":\"search_term_string\"}}],\"inLanguage\":\"en-US\"},{\"@type\":\"Organization\",\"@id\":\"https:\\\/\\\/althallercommunication.de\\\/#organization\",\"name\":\"ALTHALLER communication\",\"url\":\"https:\\\/\\\/althallercommunication.de\\\/\",\"logo\":{\"@type\":\"ImageObject\",\"inLanguage\":\"en-US\",\"@id\":\"https:\\\/\\\/althallercommunication.de\\\/#\\\/schema\\\/logo\\\/image\\\/\",\"url\":\"https:\\\/\\\/althallercommunication.de\\\/wp-content\\\/uploads\\\/2023\\\/12\\\/althaller_comm_b.png\",\"contentUrl\":\"https:\\\/\\\/althallercommunication.de\\\/wp-content\\\/uploads\\\/2023\\\/12\\\/althaller_comm_b.png\",\"width\":464,\"height\":110,\"caption\":\"ALTHALLER communication\"},\"image\":{\"@id\":\"https:\\\/\\\/althallercommunication.de\\\/#\\\/schema\\\/logo\\\/image\\\/\"},\"sameAs\":[\"https:\\\/\\\/www.facebook.com\\\/althallercommunication\",\"https:\\\/\\\/x.com\\\/ALTHALLERcom\",\"https:\\\/\\\/www.linkedin.com\\\/company\\\/3332596?trk=tyah&amp;amp;amp;trkInfo=tas:COMMUNICATION Presse und PR,idx:1-1-1\"]},{\"@type\":\"Person\",\"@id\":\"https:\\\/\\\/althallercommunication.de\\\/#\\\/schema\\\/person\\\/4ca72b5e8d0bebc1f9b3061e463e32ee\",\"name\":\"Jacqueline Althaller\",\"image\":{\"@type\":\"ImageObject\",\"inLanguage\":\"en-US\",\"@id\":\"https:\\\/\\\/secure.gravatar.com\\\/avatar\\\/2e8cdf7784b763130efe210406ba46634d04913cf12c46cf98b2799d6da47211?s=96&d=mm&r=g\",\"url\":\"https:\\\/\\\/secure.gravatar.com\\\/avatar\\\/2e8cdf7784b763130efe210406ba46634d04913cf12c46cf98b2799d6da47211?s=96&d=mm&r=g\",\"contentUrl\":\"https:\\\/\\\/secure.gravatar.com\\\/avatar\\\/2e8cdf7784b763130efe210406ba46634d04913cf12c46cf98b2799d6da47211?s=96&d=mm&r=g\",\"caption\":\"Jacqueline Althaller\"},\"description\":\"$$$2021hmb8hzb4MD\",\"url\":\"https:\\\/\\\/althallercommunication.de\\\/en\\\/author\\\/jacqueline-althaller\\\/\"}]}<\/script>\n<!-- \/ Yoast SEO Premium plugin. -->","yoast_head_json":{"title":"\u201eZeit des Lachens e.V.\u201c im Dr. von Haunerschen Kinderspital in M\u00fcnchen","description":"Bereits zum f\u00fcnften Mal besucht \u201eZeit des Lachens\u201c das Dr. von Haunersche Kinderspital, um den kleinen Patienten viel Spa\u00df und Freude zu schenken.","robots":{"index":"index","follow":"follow","max-snippet":"max-snippet:-1","max-image-preview":"max-image-preview:large","max-video-preview":"max-video-preview:-1"},"canonical":"https:\/\/althallercommunication.de\/zeit-des-lachens-e-v-im-dr-von-haunerschen-kinderspital-in-muenchen\/","og_locale":"en_US","og_type":"article","og_title":"\u201eZeit des Lachens e.V.\u201c im Dr. von Haunerschen Kinderspital in M\u00fcnchen","og_description":"Bereits zum f\u00fcnften Mal besucht \u201eZeit des Lachens\u201c das Dr. von Haunersche Kinderspital, um den kleinen Patienten viel Spa\u00df und Freude zu schenken.","og_url":"https:\/\/althallercommunication.de\/zeit-des-lachens-e-v-im-dr-von-haunerschen-kinderspital-in-muenchen\/","og_site_name":"althaller communication","article_publisher":"https:\/\/www.facebook.com\/althallercommunication","article_published_time":"2019-05-07T07:30:22+00:00","article_modified_time":"2024-02-08T14:28:30+00:00","author":"Jacqueline Althaller","twitter_card":"summary_large_image","twitter_creator":"@ALTHALLERcom","twitter_site":"@ALTHALLERcom","twitter_misc":{"Written by":"Jacqueline Althaller","Est. reading time":"14 minutes"},"schema":{"@context":"https:\/\/schema.org","@graph":[{"@type":"Article","@id":"https:\/\/althallercommunication.de\/zeit-des-lachens-e-v-im-dr-von-haunerschen-kinderspital-in-muenchen\/#article","isPartOf":{"@id":"https:\/\/althallercommunication.de\/zeit-des-lachens-e-v-im-dr-von-haunerschen-kinderspital-in-muenchen\/"},"author":{"name":"Jacqueline Althaller","@id":"https:\/\/althallercommunication.de\/#\/schema\/person\/4ca72b5e8d0bebc1f9b3061e463e32ee"},"headline":"\u201eZeit des Lachens e.V.\u201c im Dr. von Haunerschen Kinderspital in M\u00fcnchen","datePublished":"2019-05-07T07:30:22+00:00","dateModified":"2024-02-08T14:28:30+00:00","mainEntityOfPage":{"@id":"https:\/\/althallercommunication.de\/zeit-des-lachens-e-v-im-dr-von-haunerschen-kinderspital-in-muenchen\/"},"wordCount":2798,"publisher":{"@id":"https:\/\/althallercommunication.de\/#organization"},"articleSection":["Healthcare","Klassische Pressearbeit","Kunden","Others","Pressemeldungen","Social Media","Zeit des Lachens"],"inLanguage":"en-US"},{"@type":"WebPage","@id":"https:\/\/althallercommunication.de\/zeit-des-lachens-e-v-im-dr-von-haunerschen-kinderspital-in-muenchen\/","url":"https:\/\/althallercommunication.de\/zeit-des-lachens-e-v-im-dr-von-haunerschen-kinderspital-in-muenchen\/","name":"\u201eZeit des Lachens e.V.\u201c im Dr. von Haunerschen Kinderspital in M\u00fcnchen","isPartOf":{"@id":"https:\/\/althallercommunication.de\/#website"},"datePublished":"2019-05-07T07:30:22+00:00","dateModified":"2024-02-08T14:28:30+00:00","description":"Bereits zum f\u00fcnften Mal besucht \u201eZeit des Lachens\u201c das Dr. von Haunersche Kinderspital, um den kleinen Patienten viel Spa\u00df und Freude zu schenken.","breadcrumb":{"@id":"https:\/\/althallercommunication.de\/zeit-des-lachens-e-v-im-dr-von-haunerschen-kinderspital-in-muenchen\/#breadcrumb"},"inLanguage":"en-US","potentialAction":[{"@type":"ReadAction","target":["https:\/\/althallercommunication.de\/zeit-des-lachens-e-v-im-dr-von-haunerschen-kinderspital-in-muenchen\/"]}]},{"@type":"BreadcrumbList","@id":"https:\/\/althallercommunication.de\/zeit-des-lachens-e-v-im-dr-von-haunerschen-kinderspital-in-muenchen\/#breadcrumb","itemListElement":[{"@type":"ListItem","position":1,"name":"Startseite","item":"https:\/\/althallercommunication.de\/en\/"},{"@type":"ListItem","position":2,"name":"\u201eZeit des Lachens e.V.\u201c im Dr. von Haunerschen Kinderspital in M\u00fcnchen"}]},{"@type":"WebSite","@id":"https:\/\/althallercommunication.de\/#website","url":"https:\/\/althallercommunication.de\/","name":"althaller communication","description":"Martkommunikation B2B","publisher":{"@id":"https:\/\/althallercommunication.de\/#organization"},"potentialAction":[{"@type":"SearchAction","target":{"@type":"EntryPoint","urlTemplate":"https:\/\/althallercommunication.de\/?s={search_term_string}"},"query-input":{"@type":"PropertyValueSpecification","valueRequired":true,"valueName":"search_term_string"}}],"inLanguage":"en-US"},{"@type":"Organization","@id":"https:\/\/althallercommunication.de\/#organization","name":"ALTHALLER communication","url":"https:\/\/althallercommunication.de\/","logo":{"@type":"ImageObject","inLanguage":"en-US","@id":"https:\/\/althallercommunication.de\/#\/schema\/logo\/image\/","url":"https:\/\/althallercommunication.de\/wp-content\/uploads\/2023\/12\/althaller_comm_b.png","contentUrl":"https:\/\/althallercommunication.de\/wp-content\/uploads\/2023\/12\/althaller_comm_b.png","width":464,"height":110,"caption":"ALTHALLER communication"},"image":{"@id":"https:\/\/althallercommunication.de\/#\/schema\/logo\/image\/"},"sameAs":["https:\/\/www.facebook.com\/althallercommunication","https:\/\/x.com\/ALTHALLERcom","https:\/\/www.linkedin.com\/company\/3332596?trk=tyah&amp;amp;amp;trkInfo=tas:COMMUNICATION Presse und PR,idx:1-1-1"]},{"@type":"Person","@id":"https:\/\/althallercommunication.de\/#\/schema\/person\/4ca72b5e8d0bebc1f9b3061e463e32ee","name":"Jacqueline Althaller","image":{"@type":"ImageObject","inLanguage":"en-US","@id":"https:\/\/secure.gravatar.com\/avatar\/2e8cdf7784b763130efe210406ba46634d04913cf12c46cf98b2799d6da47211?s=96&d=mm&r=g","url":"https:\/\/secure.gravatar.com\/avatar\/2e8cdf7784b763130efe210406ba46634d04913cf12c46cf98b2799d6da47211?s=96&d=mm&r=g","contentUrl":"https:\/\/secure.gravatar.com\/avatar\/2e8cdf7784b763130efe210406ba46634d04913cf12c46cf98b2799d6da47211?s=96&d=mm&r=g","caption":"Jacqueline Althaller"},"description":"$$$2021hmb8hzb4MD","url":"https:\/\/althallercommunication.de\/en\/author\/jacqueline-althaller\/"}]}},"_links":{"self":[{"href":"https:\/\/althallercommunication.de\/en\/wp-json\/wp\/v2\/posts\/15091","targetHints":{"allow":["GET"]}}],"collection":[{"href":"https:\/\/althallercommunication.de\/en\/wp-json\/wp\/v2\/posts"}],"about":[{"href":"https:\/\/althallercommunication.de\/en\/wp-json\/wp\/v2\/types\/post"}],"author":[{"embeddable":true,"href":"https:\/\/althallercommunication.de\/en\/wp-json\/wp\/v2\/users\/6"}],"replies":[{"embeddable":true,"href":"https:\/\/althallercommunication.de\/en\/wp-json\/wp\/v2\/comments?post=15091"}],"version-history":[{"count":3,"href":"https:\/\/althallercommunication.de\/en\/wp-json\/wp\/v2\/posts\/15091\/revisions"}],"predecessor-version":[{"id":15118,"href":"https:\/\/althallercommunication.de\/en\/wp-json\/wp\/v2\/posts\/15091\/revisions\/15118"}],"wp:attachment":[{"href":"https:\/\/althallercommunication.de\/en\/wp-json\/wp\/v2\/media?parent=15091"}],"wp:term":[{"taxonomy":"category","embeddable":true,"href":"https:\/\/althallercommunication.de\/en\/wp-json\/wp\/v2\/categories?post=15091"},{"taxonomy":"post_tag","embeddable":true,"href":"https:\/\/althallercommunication.de\/en\/wp-json\/wp\/v2\/tags?post=15091"}],"curies":[{"name":"wp","href":"https:\/\/api.w.org\/{rel}","templated":true}]}}