{"id":15192,"date":"2019-11-12T17:45:21","date_gmt":"2019-11-12T16:45:21","guid":{"rendered":"https:\/\/www.althallercommunication.de\/?p=15192"},"modified":"2024-02-08T15:28:28","modified_gmt":"2024-02-08T14:28:28","slug":"zeit-des-lachens-e-v-im-elisabeth-krankenhaus-in-essen","status":"publish","type":"post","link":"https:\/\/althallercommunication.de\/en\/zeit-des-lachens-e-v-im-elisabeth-krankenhaus-in-essen\/","title":{"rendered":"\u201eZeit des Lachens e.V.\u201c im Elisabeth-Krankenhaus in Essen"},"content":{"rendered":"<p><\/p>\n<p><strong>\u201eZeit des Lachens e.V.\u201c im Elisabeth-Krankenhaus in Essen<\/strong><\/p>\n<p><strong>Lachen ist und bleibt die beste Medizin<\/strong><\/p>\n<p><b>Essen, den 13. November 2019 \u2013 <\/b>Der gemeinn\u00fctzige Verein \u201eZeit des Lachens\u201c besucht zum ersten Mal das Elisabeth-Krankenhaus in Essen, um den kleinen Patienten mit einem Tag des Lachens ein vielf\u00e4ltiges und buntes Programm mit <strong>viel Spa\u00df, Lachen und Freude zu schenken<\/strong>.<\/p>\n<p><strong>Tatkr\u00e4ftige Unterst\u00fctzung durch Prominente und erfahrene K\u00fcnstler:<\/strong><\/p>\n<p>Die kleinen Patienten und deren Angeh\u00f6rige erwartet im Elisabeth-Krankenhaus Essen am 13. November ein liebevoll und abwechslungsreich gestaltetes Programm: Von <strong>Zipp<\/strong> und <strong>Kiddy<\/strong>, der musikalischsten Schildkr\u00f6te der Welt, werden die Kinder mit Musik begeistert und zum Mitsingen eingeladen. <strong>Magier Arcato <\/strong>begleitet uns ebenfalls und verk\u00fcrzt den Kindern mit spannenden Tricks die Zeit. Wir freuen uns auf magische Momente!<\/p>\n<p>Au\u00dferdem werden wir von prominenten Sportlern an unserem Tag des Lachens begleitet: <strong>Lene M\u00fchrs<\/strong>, Juniorenvizeweltmeisterin im Ruderachter, <strong>Vanessa B\u00fclow<\/strong>, Kanufahrerin und Medaillengewinnerin Junioreneuropameisterschaften sowie <strong>Andreas Rossa<\/strong>, Schwimmer und Deutscher Meister, werden den Kindern mentale St\u00e4rke vermitteln und mit ihrer sportlichen Motivationskraft zur Genesung beitragen.<\/p>\n<p><strong>Dr. Claudio Finetti, Chefarzt Klinik f\u00fcr Kinder- und Jugendmedizin, <\/strong>ist \u00fcberzeugt von der nachhaltigen Wirkung unseres \u201eTag des Lachens\u201c: \u201eWir freuen uns, dass der Verein Zeit des Lachens zu Gast auf unserer Kinderstation ist. \u201aLachen ist gesund\u2018 hei\u00dft es und ich bin davon \u00fcberzeugt, dass Lachen und gute Laune dabei helfen, die Genesung voranzutreiben. So sind die vielen Akteure, die heute unsere jungen Patienten aufheitern, viel Spa\u00df und Freude in den Krankenhausalltag bringen, beste Medizin.\u201c<\/p>\n<p><strong>Nachhaltige und heilsame Veranstaltung f\u00fcr alle Beteiligten<\/strong><\/p>\n<p>Im Krankenhaus zu liegen, ist f\u00fcr die meisten Kinder eine sehr einschneidende Erfahrung. In der Klinik f\u00fcr Kinder- und Jugendmedizin des Elisabeth-Krankenhauses Essen werden s\u00e4mtlich Erkrankungen von Kindern und Jugendlichen bis zum vollendeten 18. Lebensjahr behandelt. Eine kindergerechte, das hei\u00dft auch m\u00f6glichst wenig belastende Diagnostik, wird durch eine entsprechend moderne Ausstattung erm\u00f6glicht. Insgesamt umfasst die Kinder- und Jugendmedizin im Elisabeth-Krankenhaus insgesamt f\u00fcnf Fachabteilungen, darunter Kinderdiabetologie, P\u00e4diatrische Endokrinologie und das Kinderneurologische Zentrum. Dar\u00fcber hinaus gibt es auch eine Klinik f\u00fcr Kinderchirurgie. F\u00fcr die Verantwortlichen besonders wichtig: Dass f\u00fcr Patienten und Angeh\u00f6rige eine Atmosph\u00e4re geschaffen wird, in der \u00c4ngste und Sorgen vergessen werden Wenn bereits die J\u00fcngsten eine Operation ben\u00f6tigen oder langwierige Klinikaufenthalte auf sich nehmen m\u00fcssen, stellt dies eine extreme Belastung f\u00fcr alle Beteiligten dar.<\/p>\n<p>Nicht nur die Kinder, sondern auch ihre Angeh\u00f6rigen kommen in dieser Zeit nicht zur Ruhe. Das Familienleben findet oft \u00fcber Monate im Krankenhaus statt und ist gepr\u00e4gt von Hoffen und Bangen. Hier setzt der \u201eZeit des Lachens e.V.\u201c an: Sein Ziel ist es, einen Tag voller Spa\u00df und Abwechslung in Kinderkrankenh\u00e4user zu bringen und damit kranken Kindern und Jugendlichen <strong>Kraft zur Genesung<\/strong> zu geben.<\/p>\n<p>\u00dcbrigens: Das Engagement von \u201eZeit des Lachens\u201c richtet sich \u2013 im Gegensatz zu vielen anderen ehrenamtlichen Initiativen \u2013 nicht ausschlie\u00dflich an Kinder, sondern bindet gezielt auch Erwachsene in sein Konzept ein: Im Nachgang <strong>schenkt der Verein<\/strong> den <strong>Eltern<\/strong> und vor allem auch dem<strong> Pflegepersonal<\/strong> und den <strong>\u00c4rzten<\/strong> ein <strong>Lachyoga-Seminar mit Lachyoga-Therapeutin Ute Liebhard. <\/strong>Damit erlernen die Teilnehmer eine Mentaltechnik, mit der sie noch lange nach dem Kurs in der Lage sind, sich durch konkrete \u00dcbungen immer wieder in eine positive Grundstimmung zu versetzen \u2013 im oftmals anstrengenden Klinikalltag eine sehr wertvolle und anhaltend wirkende Gabe.<\/p>\n<p>Jacqueline Althaller, Gr\u00fcnderin des \u201eZeit des Lachens e.V\u201c, freut sich \u00fcber den Besuch des Kaufbeurer Klinikums: \u201eUnser Ziel ist es, <strong>nachhaltig Impulse zu setzen<\/strong>. Unsere \u201aTage des Lachens\u2018 vermitteln positive Stimmung \u2013 und wir erfahren immer wieder, dass diese lange sp\u00fcrbar bleibt und in den kleinen Patienten und ihren Angeh\u00f6rigen heilsam nachwirkt. \u201aTage des Lachens\u2018 wie im <strong>Elisabeth-Krankenhaus Essen<\/strong> sind ohne unsere Sponsoren nicht m\u00f6glich. M\u00fcnchner Unternehmen wie die <strong>Bayerische B\u00f6rse<\/strong>, <strong>goetzpartners <\/strong>und viele weitere Spender unterst\u00fctzen die nachhaltigen Aktivit\u00e4ten von \u201eZeit des Lachens e.V.\u201c<\/p>\n<p>Die Veranstaltung am 13. November im Elisabeth-Krankenhaus Essen ist schon der dritte \u201eTag des Lachens\u201c in diesem Jahr.<\/p>\n<p><strong>\u00dcber \u201cZeit des Lachens e.V.\u201d<\/strong><\/p>\n<p>Lachen, Freude, ganz viel Spa\u00df und vor allem Abwechslung: Das bringt der \u201eZeit des Lachens e.V.\u201c den kleinen Patienten, ihren Angeh\u00f6rigen und dem Personal in bundesdeutschen Kinderkliniken. Der Grundgedanke ist Nachhaltigkeit: Was w\u00e4hrend eines Besuches vermittelt wird, soll langfristig positiv in den Klinikalltag hineinwirken. Initiiert wurde die Aktion bereits in 2005, nach einem Konzept der M\u00fcnchner Agentur ALTHALLER communication. Im Mai 2009 ist aus der Initiative der Verein \u201eZeit des Lachens e.V.\u201c mit Sitz in M\u00fcnchen hervorgegangen.<br \/>\n<strong>Weitere Informationen unter: <a href=\"http:\/\/www.zeitdeslachens.de\/\">www.zeitdeslachens.de<\/a><\/strong><\/p>\n<p><a href=\"https:\/\/althallercommunication.de\/wp-content\/uploads\/2019\/11\/08112019_PI_ZdL_Essen.pdf\">PI zum Download<\/a><\/p>\n<p><\/p>\n<p>Bildmaterial<\/p>\n<p>https:\/\/althallercommunication.de\/wp-content\/uploads\/2019\/08\/Kunde_AKSMUK_Jacqueline-Althaller.jpg<\/p>\n<p>Jacqueline Althaller, Gr\u00fcnderin des \u201eZeit des Lachens e.V\u201c, freut sich \u00fcber den Besuch des Kaufbeurer Klinikums: \u201eUnser Ziel ist es, nachhaltig Impulse zu setzen. Unsere \u201aTage des Lachens\u2018 vermitteln positive Stimmung \u2013 und wir erfahren immer wieder, dass diese lange sp\u00fcrbar bleibt und in den kleinen Patienten und ihren Angeh\u00f6rigen heilsam nachwirkt.<\/p>\n<p>https:\/\/althallercommunication.de\/wp-content\/uploads\/2019\/05\/Charity_ZdL_Foto_Zipp_Kiddy-1030&#215;812.jpg<\/p>\n<div class=\"fusion-text\">\n<p>Die kleinen Patienten und deren Angeh\u00f6rige erwartet im Klinikum Kaufbeuren am 18. September ein liebevoll und abwechslungsreich gestaltetes Programm: Zipp und Kiddy, die musikalischsten Schildkr\u00f6te der Welt, werden die Kinder mit Musik begeistert und zum Mitsingen einladen.<\/p>\n<\/div>\n<p>https:\/\/althallercommunication.de\/wp-content\/uploads\/2019\/05\/Charity_ZdL_Foto_Arcato.jpg<\/p>\n<div class=\"fusion-text\">\n<p>Der Magier Arcato wird mit seinen K\u00fcnsten die kleinen Patienten und ihre Angeh\u00f6rigen verzaubern.<\/p>\n<\/div>\n<p>https:\/\/althallercommunication.de\/wp-content\/uploads\/2019\/05\/Charity_ZdL_Foto_Liebhard-682&#215;1030.jpg<\/p>\n<div class=\"fusion-text\">\n<div class=\"fusion-text\">\n<p>Das Engagement von \u201eZeit des Lachens\u201c richtet sich \u2013 im Gegensatz zu vielen anderen ehrenamtlichen Initiativen \u2013 nicht ausschlie\u00dflich an Kinder, sondern bindet gezielt auch Erwachsene in sein Konzept ein: Im Nachgang schenkt der Verein den Eltern und vor allem auch dem Pflegepersonal und den \u00c4rzten ein Lachyoga-Seminar mit Lachyoga-Therapeutin Ute Liebhard. Damit erhalten die Teilnehmer eine Mentaltechnik, mit der sie noch lange nach dem Kurs in der Lage sind, sich durch bestimmte \u00dcbungen immer wieder in eine positive Grundstimmung zu versetzen \u2013 im oftmals anstrengenden Klinikalltag eine sehr wertvolle und anhaltend wirkende Gabe.<\/p>\n<\/div>\n<\/div>\n<p>Mehr News von &#8220;Zeit des Lachens e.V&#8221;W2Z1c2lvbl9idXR0b24gbGluaz0mcXVvdDtqYXZhc2NyaXB0Omhpc3RvcnkuYmFjaygpJnF1b3Q7IHRpdGxlPSZxdW90OyZxdW90OyB0YXJnZXQ9JnF1b3Q7X3NlbGYmcXVvdDsgYWxpZ25tZW50PSZxdW90O2NlbnRlciZxdW90OyBtb2RhbD0mcXVvdDsmcXVvdDsgaGlkZV9vbl9tb2JpbGU9JnF1b3Q7c21hbGwtdmlzaWJpbGl0eSxtZWRpdW0tdmlzaWJpbGl0eSxsYXJnZS12aXNpYmlsaXR5JnF1b3Q7IGNsYXNzPSZxdW90OyZxdW90OyBpZD0mcXVvdDsmcXVvdDsgY29sb3I9JnF1b3Q7ZGVmYXVsdCZxdW90OyBidXR0b25fZ3JhZGllbnRfdG9wX2NvbG9yPSZxdW90OyZxdW90OyBidXR0b25fZ3JhZGllbnRfYm90dG9tX2NvbG9yPSZxdW90OyZxdW90OyBidXR0b25fZ3JhZGllbnRfdG9wX2NvbG9yX2hvdmVyPSZxdW90OyZxdW90OyBidXR0b25fZ3JhZGllbnRfYm90dG9tX2NvbG9yX2hvdmVyPSZxdW90OyZxdW90OyBhY2NlbnRfY29sb3I9JnF1b3Q7JnF1b3Q7IGFjY2VudF9ob3Zlcl9jb2xvcj0mcXVvdDsmcXVvdDsgdHlwZT0mcXVvdDsmcXVvdDsgYmV2ZWxfY29sb3I9JnF1b3Q7JnF1b3Q7IGJvcmRlcl93aWR0aD0mcXVvdDsmcXVvdDsgc2l6ZT0mcXVvdDttZWRpdW0mcXVvdDsgc3RyZXRjaD0mcXVvdDtkZWZhdWx0JnF1b3Q7IHNoYXBlPSZxdW90O3JvdW5kJnF1b3Q7IGljb249JnF1b3Q7ZmEtY2hldnJvbi1sZWZ0JnF1b3Q7IGljb25fcG9zaXRpb249JnF1b3Q7bGVmdCZxdW90OyBpY29uX2RpdmlkZXI9JnF1b3Q7bm8mcXVvdDsgYW5pbWF0aW9uX3R5cGU9JnF1b3Q7JnF1b3Q7IGFuaW1hdGlvbl9kaXJlY3Rpb249JnF1b3Q7bGVmdCZxdW90OyBhbmltYXRpb25fc3BlZWQ9JnF1b3Q7MC4zJnF1b3Q7IGFuaW1hdGlvbl9vZmZzZXQ9JnF1b3Q7JnF1b3Q7XXp1csO8Y2tbL2Z1c2lvbl9idXR0b25d<\/p>\n<p>Pressekontakt und Redaktion<br \/>\n<strong>Jacqueline Althaller<br \/>\n<\/strong>ALTHALLER communication GbR<br \/>\nElisabethstra\u00dfe 13<br \/>\n80796 M\u00fcnchen<\/p>\n<p><em>Bildmaterial stellen wir auf Wunsch gerne zur Verf\u00fcgung.<\/em><\/p>\n<p><\/p>\n<p>+49 (0) 89 38 66 52 61<\/p>\n<p><\/p>\n<p>+49 (0) 89 38 66 52 75<\/p>\n<p><\/p>\n<p><a href=\"mailto:info@althallercommunication.de\">info@althallercommunication.de<\/a><\/p>\n<p><\/p>\n<p><a href=\"https:\/\/althallercommunication.de\/\">www.althallercommunication.de<\/a><\/p>\n<p><\/p>\n","protected":false},"excerpt":{"rendered":"<p><strong>Zeit des Lachens e.V.<\/strong> | Essen: <\/br> Der gemeinn\u00fctzige Verein \u201eZeit des Lachens\u201c besucht zum ersten Mal das Elisabeth-Krankenhaus in Essen, um den kleinen Patienten mit einem Tag des Lachens ein vielf\u00e4ltiges und buntes Programm mit viel Spa\u00df, Lachen und Freude zu schenken.<\/p>\n","protected":false},"author":6,"featured_media":0,"comment_status":"closed","ping_status":"open","sticky":false,"template":"","format":"standard","meta":{"_et_pb_use_builder":"","_et_pb_old_content":"","_et_gb_content_width":"","inline_featured_image":false,"footnotes":""},"categories":[2752,2756,1,2758,2766,2829],"tags":[1403,1401,1266,1400,676,679,59,60,1402],"class_list":["post-15192","post","type-post","status-publish","format-standard","hentry","category-healthcare","category-kunden-in-den-medien","category-unkategorisiert","category-pressemeldungen","category-social-media","category-zeit-des-lachens","tag-arcato","tag-elisabeth-krankenhaus","tag-essen","tag-gemeinnuetziger-verein","tag-lachen","tag-lachyoga","tag-tag-des-lachens","tag-zeit-des-lachens","tag-zipp-und-kiddy"],"yoast_head":"<!-- This site is optimized with the Yoast SEO Premium plugin v25.3 (Yoast SEO v27.5) - https:\/\/yoast.com\/product\/yoast-seo-premium-wordpress\/ -->\n<title>\u201eZeit des Lachens e.V.\u201c im Elisabeth-Krankenhaus in Essen<\/title>\n<meta name=\"description\" content=\"\u201eZeit des Lachens e.V.\u201c besucht zum ersten Mal das Elisabeth-Krankenhaus in Essen, um den kleinen Patienten mit einem Tag des Lachens zu schenken.\" \/>\n<meta name=\"robots\" content=\"index, follow, max-snippet:-1, max-image-preview:large, max-video-preview:-1\" \/>\n<link rel=\"canonical\" href=\"https:\/\/althallercommunication.de\/zeit-des-lachens-e-v-im-elisabeth-krankenhaus-in-essen\/\" \/>\n<meta property=\"og:locale\" content=\"en_US\" \/>\n<meta property=\"og:type\" content=\"article\" \/>\n<meta property=\"og:title\" content=\"\u201eZeit des Lachens e.V.\u201c im Elisabeth-Krankenhaus in Essen\" \/>\n<meta property=\"og:description\" content=\"\u201eZeit des Lachens e.V.\u201c besucht zum ersten Mal das Elisabeth-Krankenhaus in Essen, um den kleinen Patienten mit einem Tag des Lachens zu schenken.\" \/>\n<meta property=\"og:url\" content=\"https:\/\/althallercommunication.de\/zeit-des-lachens-e-v-im-elisabeth-krankenhaus-in-essen\/\" \/>\n<meta property=\"og:site_name\" content=\"althaller communication\" \/>\n<meta property=\"article:publisher\" content=\"https:\/\/www.facebook.com\/althallercommunication\" \/>\n<meta property=\"article:published_time\" content=\"2019-11-12T16:45:21+00:00\" \/>\n<meta property=\"article:modified_time\" content=\"2024-02-08T14:28:28+00:00\" \/>\n<meta name=\"author\" content=\"Jacqueline Althaller\" \/>\n<meta name=\"twitter:card\" content=\"summary_large_image\" \/>\n<meta name=\"twitter:creator\" content=\"@ALTHALLERcom\" \/>\n<meta name=\"twitter:site\" content=\"@ALTHALLERcom\" \/>\n<meta name=\"twitter:label1\" content=\"Written by\" \/>\n\t<meta name=\"twitter:data1\" content=\"Jacqueline Althaller\" \/>\n\t<meta name=\"twitter:label2\" content=\"Est. reading time\" \/>\n\t<meta name=\"twitter:data2\" content=\"10 minutes\" \/>\n<script type=\"application\/ld+json\" class=\"yoast-schema-graph\">{\"@context\":\"https:\\\/\\\/schema.org\",\"@graph\":[{\"@type\":\"Article\",\"@id\":\"https:\\\/\\\/althallercommunication.de\\\/zeit-des-lachens-e-v-im-elisabeth-krankenhaus-in-essen\\\/#article\",\"isPartOf\":{\"@id\":\"https:\\\/\\\/althallercommunication.de\\\/zeit-des-lachens-e-v-im-elisabeth-krankenhaus-in-essen\\\/\"},\"author\":{\"name\":\"Jacqueline Althaller\",\"@id\":\"https:\\\/\\\/althallercommunication.de\\\/#\\\/schema\\\/person\\\/4ca72b5e8d0bebc1f9b3061e463e32ee\"},\"headline\":\"\u201eZeit des Lachens e.V.\u201c im Elisabeth-Krankenhaus in Essen\",\"datePublished\":\"2019-11-12T16:45:21+00:00\",\"dateModified\":\"2024-02-08T14:28:28+00:00\",\"mainEntityOfPage\":{\"@id\":\"https:\\\/\\\/althallercommunication.de\\\/zeit-des-lachens-e-v-im-elisabeth-krankenhaus-in-essen\\\/\"},\"wordCount\":2056,\"publisher\":{\"@id\":\"https:\\\/\\\/althallercommunication.de\\\/#organization\"},\"keywords\":[\"Arcato\",\"Elisabeth-Krankenhaus\",\"Essen\",\"Gemeinn\u00fctziger Verein\",\"Lachen\",\"Lachyoga\",\"Tag des Lachens\",\"Zeit des Lachens\",\"Zipp und Kiddy\"],\"articleSection\":[\"Healthcare\",\"Kunden\",\"Others\",\"Pressemeldungen\",\"Social Media\",\"Zeit des Lachens\"],\"inLanguage\":\"en-US\"},{\"@type\":\"WebPage\",\"@id\":\"https:\\\/\\\/althallercommunication.de\\\/zeit-des-lachens-e-v-im-elisabeth-krankenhaus-in-essen\\\/\",\"url\":\"https:\\\/\\\/althallercommunication.de\\\/zeit-des-lachens-e-v-im-elisabeth-krankenhaus-in-essen\\\/\",\"name\":\"\u201eZeit des Lachens e.V.\u201c im Elisabeth-Krankenhaus in Essen\",\"isPartOf\":{\"@id\":\"https:\\\/\\\/althallercommunication.de\\\/#website\"},\"datePublished\":\"2019-11-12T16:45:21+00:00\",\"dateModified\":\"2024-02-08T14:28:28+00:00\",\"description\":\"\u201eZeit des Lachens e.V.\u201c besucht zum ersten Mal das Elisabeth-Krankenhaus in Essen, um den kleinen Patienten mit einem Tag des Lachens zu schenken.\",\"breadcrumb\":{\"@id\":\"https:\\\/\\\/althallercommunication.de\\\/zeit-des-lachens-e-v-im-elisabeth-krankenhaus-in-essen\\\/#breadcrumb\"},\"inLanguage\":\"en-US\",\"potentialAction\":[{\"@type\":\"ReadAction\",\"target\":[\"https:\\\/\\\/althallercommunication.de\\\/zeit-des-lachens-e-v-im-elisabeth-krankenhaus-in-essen\\\/\"]}]},{\"@type\":\"BreadcrumbList\",\"@id\":\"https:\\\/\\\/althallercommunication.de\\\/zeit-des-lachens-e-v-im-elisabeth-krankenhaus-in-essen\\\/#breadcrumb\",\"itemListElement\":[{\"@type\":\"ListItem\",\"position\":1,\"name\":\"Startseite\",\"item\":\"https:\\\/\\\/althallercommunication.de\\\/en\\\/\"},{\"@type\":\"ListItem\",\"position\":2,\"name\":\"\u201eZeit des Lachens e.V.\u201c im Elisabeth-Krankenhaus in Essen\"}]},{\"@type\":\"WebSite\",\"@id\":\"https:\\\/\\\/althallercommunication.de\\\/#website\",\"url\":\"https:\\\/\\\/althallercommunication.de\\\/\",\"name\":\"althaller communication\",\"description\":\"Martkommunikation B2B\",\"publisher\":{\"@id\":\"https:\\\/\\\/althallercommunication.de\\\/#organization\"},\"potentialAction\":[{\"@type\":\"SearchAction\",\"target\":{\"@type\":\"EntryPoint\",\"urlTemplate\":\"https:\\\/\\\/althallercommunication.de\\\/?s={search_term_string}\"},\"query-input\":{\"@type\":\"PropertyValueSpecification\",\"valueRequired\":true,\"valueName\":\"search_term_string\"}}],\"inLanguage\":\"en-US\"},{\"@type\":\"Organization\",\"@id\":\"https:\\\/\\\/althallercommunication.de\\\/#organization\",\"name\":\"ALTHALLER communication\",\"url\":\"https:\\\/\\\/althallercommunication.de\\\/\",\"logo\":{\"@type\":\"ImageObject\",\"inLanguage\":\"en-US\",\"@id\":\"https:\\\/\\\/althallercommunication.de\\\/#\\\/schema\\\/logo\\\/image\\\/\",\"url\":\"https:\\\/\\\/althallercommunication.de\\\/wp-content\\\/uploads\\\/2023\\\/12\\\/althaller_comm_b.png\",\"contentUrl\":\"https:\\\/\\\/althallercommunication.de\\\/wp-content\\\/uploads\\\/2023\\\/12\\\/althaller_comm_b.png\",\"width\":464,\"height\":110,\"caption\":\"ALTHALLER communication\"},\"image\":{\"@id\":\"https:\\\/\\\/althallercommunication.de\\\/#\\\/schema\\\/logo\\\/image\\\/\"},\"sameAs\":[\"https:\\\/\\\/www.facebook.com\\\/althallercommunication\",\"https:\\\/\\\/x.com\\\/ALTHALLERcom\",\"https:\\\/\\\/www.linkedin.com\\\/company\\\/3332596?trk=tyah&amp;amp;amp;trkInfo=tas:COMMUNICATION Presse und PR,idx:1-1-1\"]},{\"@type\":\"Person\",\"@id\":\"https:\\\/\\\/althallercommunication.de\\\/#\\\/schema\\\/person\\\/4ca72b5e8d0bebc1f9b3061e463e32ee\",\"name\":\"Jacqueline Althaller\",\"image\":{\"@type\":\"ImageObject\",\"inLanguage\":\"en-US\",\"@id\":\"https:\\\/\\\/secure.gravatar.com\\\/avatar\\\/2e8cdf7784b763130efe210406ba46634d04913cf12c46cf98b2799d6da47211?s=96&d=mm&r=g\",\"url\":\"https:\\\/\\\/secure.gravatar.com\\\/avatar\\\/2e8cdf7784b763130efe210406ba46634d04913cf12c46cf98b2799d6da47211?s=96&d=mm&r=g\",\"contentUrl\":\"https:\\\/\\\/secure.gravatar.com\\\/avatar\\\/2e8cdf7784b763130efe210406ba46634d04913cf12c46cf98b2799d6da47211?s=96&d=mm&r=g\",\"caption\":\"Jacqueline Althaller\"},\"description\":\"$$$2021hmb8hzb4MD\",\"url\":\"https:\\\/\\\/althallercommunication.de\\\/en\\\/author\\\/jacqueline-althaller\\\/\"}]}<\/script>\n<!-- \/ Yoast SEO Premium plugin. -->","yoast_head_json":{"title":"\u201eZeit des Lachens e.V.\u201c im Elisabeth-Krankenhaus in Essen","description":"\u201eZeit des Lachens e.V.\u201c besucht zum ersten Mal das Elisabeth-Krankenhaus in Essen, um den kleinen Patienten mit einem Tag des Lachens zu schenken.","robots":{"index":"index","follow":"follow","max-snippet":"max-snippet:-1","max-image-preview":"max-image-preview:large","max-video-preview":"max-video-preview:-1"},"canonical":"https:\/\/althallercommunication.de\/zeit-des-lachens-e-v-im-elisabeth-krankenhaus-in-essen\/","og_locale":"en_US","og_type":"article","og_title":"\u201eZeit des Lachens e.V.\u201c im Elisabeth-Krankenhaus in Essen","og_description":"\u201eZeit des Lachens e.V.\u201c besucht zum ersten Mal das Elisabeth-Krankenhaus in Essen, um den kleinen Patienten mit einem Tag des Lachens zu schenken.","og_url":"https:\/\/althallercommunication.de\/zeit-des-lachens-e-v-im-elisabeth-krankenhaus-in-essen\/","og_site_name":"althaller communication","article_publisher":"https:\/\/www.facebook.com\/althallercommunication","article_published_time":"2019-11-12T16:45:21+00:00","article_modified_time":"2024-02-08T14:28:28+00:00","author":"Jacqueline Althaller","twitter_card":"summary_large_image","twitter_creator":"@ALTHALLERcom","twitter_site":"@ALTHALLERcom","twitter_misc":{"Written by":"Jacqueline Althaller","Est. reading time":"10 minutes"},"schema":{"@context":"https:\/\/schema.org","@graph":[{"@type":"Article","@id":"https:\/\/althallercommunication.de\/zeit-des-lachens-e-v-im-elisabeth-krankenhaus-in-essen\/#article","isPartOf":{"@id":"https:\/\/althallercommunication.de\/zeit-des-lachens-e-v-im-elisabeth-krankenhaus-in-essen\/"},"author":{"name":"Jacqueline Althaller","@id":"https:\/\/althallercommunication.de\/#\/schema\/person\/4ca72b5e8d0bebc1f9b3061e463e32ee"},"headline":"\u201eZeit des Lachens e.V.\u201c im Elisabeth-Krankenhaus in Essen","datePublished":"2019-11-12T16:45:21+00:00","dateModified":"2024-02-08T14:28:28+00:00","mainEntityOfPage":{"@id":"https:\/\/althallercommunication.de\/zeit-des-lachens-e-v-im-elisabeth-krankenhaus-in-essen\/"},"wordCount":2056,"publisher":{"@id":"https:\/\/althallercommunication.de\/#organization"},"keywords":["Arcato","Elisabeth-Krankenhaus","Essen","Gemeinn\u00fctziger Verein","Lachen","Lachyoga","Tag des Lachens","Zeit des Lachens","Zipp und Kiddy"],"articleSection":["Healthcare","Kunden","Others","Pressemeldungen","Social Media","Zeit des Lachens"],"inLanguage":"en-US"},{"@type":"WebPage","@id":"https:\/\/althallercommunication.de\/zeit-des-lachens-e-v-im-elisabeth-krankenhaus-in-essen\/","url":"https:\/\/althallercommunication.de\/zeit-des-lachens-e-v-im-elisabeth-krankenhaus-in-essen\/","name":"\u201eZeit des Lachens e.V.\u201c im Elisabeth-Krankenhaus in Essen","isPartOf":{"@id":"https:\/\/althallercommunication.de\/#website"},"datePublished":"2019-11-12T16:45:21+00:00","dateModified":"2024-02-08T14:28:28+00:00","description":"\u201eZeit des Lachens e.V.\u201c besucht zum ersten Mal das Elisabeth-Krankenhaus in Essen, um den kleinen Patienten mit einem Tag des Lachens zu schenken.","breadcrumb":{"@id":"https:\/\/althallercommunication.de\/zeit-des-lachens-e-v-im-elisabeth-krankenhaus-in-essen\/#breadcrumb"},"inLanguage":"en-US","potentialAction":[{"@type":"ReadAction","target":["https:\/\/althallercommunication.de\/zeit-des-lachens-e-v-im-elisabeth-krankenhaus-in-essen\/"]}]},{"@type":"BreadcrumbList","@id":"https:\/\/althallercommunication.de\/zeit-des-lachens-e-v-im-elisabeth-krankenhaus-in-essen\/#breadcrumb","itemListElement":[{"@type":"ListItem","position":1,"name":"Startseite","item":"https:\/\/althallercommunication.de\/en\/"},{"@type":"ListItem","position":2,"name":"\u201eZeit des Lachens e.V.\u201c im Elisabeth-Krankenhaus in Essen"}]},{"@type":"WebSite","@id":"https:\/\/althallercommunication.de\/#website","url":"https:\/\/althallercommunication.de\/","name":"althaller communication","description":"Martkommunikation B2B","publisher":{"@id":"https:\/\/althallercommunication.de\/#organization"},"potentialAction":[{"@type":"SearchAction","target":{"@type":"EntryPoint","urlTemplate":"https:\/\/althallercommunication.de\/?s={search_term_string}"},"query-input":{"@type":"PropertyValueSpecification","valueRequired":true,"valueName":"search_term_string"}}],"inLanguage":"en-US"},{"@type":"Organization","@id":"https:\/\/althallercommunication.de\/#organization","name":"ALTHALLER communication","url":"https:\/\/althallercommunication.de\/","logo":{"@type":"ImageObject","inLanguage":"en-US","@id":"https:\/\/althallercommunication.de\/#\/schema\/logo\/image\/","url":"https:\/\/althallercommunication.de\/wp-content\/uploads\/2023\/12\/althaller_comm_b.png","contentUrl":"https:\/\/althallercommunication.de\/wp-content\/uploads\/2023\/12\/althaller_comm_b.png","width":464,"height":110,"caption":"ALTHALLER communication"},"image":{"@id":"https:\/\/althallercommunication.de\/#\/schema\/logo\/image\/"},"sameAs":["https:\/\/www.facebook.com\/althallercommunication","https:\/\/x.com\/ALTHALLERcom","https:\/\/www.linkedin.com\/company\/3332596?trk=tyah&amp;amp;amp;trkInfo=tas:COMMUNICATION Presse und PR,idx:1-1-1"]},{"@type":"Person","@id":"https:\/\/althallercommunication.de\/#\/schema\/person\/4ca72b5e8d0bebc1f9b3061e463e32ee","name":"Jacqueline Althaller","image":{"@type":"ImageObject","inLanguage":"en-US","@id":"https:\/\/secure.gravatar.com\/avatar\/2e8cdf7784b763130efe210406ba46634d04913cf12c46cf98b2799d6da47211?s=96&d=mm&r=g","url":"https:\/\/secure.gravatar.com\/avatar\/2e8cdf7784b763130efe210406ba46634d04913cf12c46cf98b2799d6da47211?s=96&d=mm&r=g","contentUrl":"https:\/\/secure.gravatar.com\/avatar\/2e8cdf7784b763130efe210406ba46634d04913cf12c46cf98b2799d6da47211?s=96&d=mm&r=g","caption":"Jacqueline Althaller"},"description":"$$$2021hmb8hzb4MD","url":"https:\/\/althallercommunication.de\/en\/author\/jacqueline-althaller\/"}]}},"_links":{"self":[{"href":"https:\/\/althallercommunication.de\/en\/wp-json\/wp\/v2\/posts\/15192","targetHints":{"allow":["GET"]}}],"collection":[{"href":"https:\/\/althallercommunication.de\/en\/wp-json\/wp\/v2\/posts"}],"about":[{"href":"https:\/\/althallercommunication.de\/en\/wp-json\/wp\/v2\/types\/post"}],"author":[{"embeddable":true,"href":"https:\/\/althallercommunication.de\/en\/wp-json\/wp\/v2\/users\/6"}],"replies":[{"embeddable":true,"href":"https:\/\/althallercommunication.de\/en\/wp-json\/wp\/v2\/comments?post=15192"}],"version-history":[{"count":3,"href":"https:\/\/althallercommunication.de\/en\/wp-json\/wp\/v2\/posts\/15192\/revisions"}],"predecessor-version":[{"id":16438,"href":"https:\/\/althallercommunication.de\/en\/wp-json\/wp\/v2\/posts\/15192\/revisions\/16438"}],"wp:attachment":[{"href":"https:\/\/althallercommunication.de\/en\/wp-json\/wp\/v2\/media?parent=15192"}],"wp:term":[{"taxonomy":"category","embeddable":true,"href":"https:\/\/althallercommunication.de\/en\/wp-json\/wp\/v2\/categories?post=15192"},{"taxonomy":"post_tag","embeddable":true,"href":"https:\/\/althallercommunication.de\/en\/wp-json\/wp\/v2\/tags?post=15192"}],"curies":[{"name":"wp","href":"https:\/\/api.w.org\/{rel}","templated":true}]}}