{"id":15345,"date":"2019-06-24T16:00:21","date_gmt":"2019-06-24T14:00:21","guid":{"rendered":"https:\/\/www.althallercommunication.de\/?p=15345"},"modified":"2024-05-14T18:08:14","modified_gmt":"2024-05-14T16:08:14","slug":"trattoria-bar-marta-eroeffnet-am-schwabinger-tor-muenchen","status":"publish","type":"post","link":"https:\/\/althallercommunication.de\/en\/trattoria-bar-marta-eroeffnet-am-schwabinger-tor-muenchen\/","title":{"rendered":"Trattoria &#038; Bar MARTA er\u00f6ffnet am Schwabinger Tor M\u00fcnchen"},"content":{"rendered":"<p><\/p>\n<p><strong>Trattoria &amp; Bar MARTA er\u00f6ffnet am Schwabinger Tor M\u00fcnchen<br \/>\n<\/strong><\/p>\n<h3><strong>Italienisches Lebensgef\u00fchl in Monaco di Baviera<br \/>\n<\/strong><\/h3>\n<p><strong>M\u00fcnchen, den 24. Juni 2019 \u2013 Mit der Er\u00f6ffnung der MARTA haben sich die stadtbekannten Gastronomen Daniel Peitzner und Fabio Spagna (The ltalian Shot) einen Herzenswunsch erf\u00fcllt und eine Neo-Trattoria er\u00f6ffnet. Der Schwerpunkt: Ehrliche, italienische K\u00fcche mit den besten Zutaten \u2013 einfach, naturbelassen, frisch und alles handgemacht.<br \/>\n<\/strong><\/p>\n<p><strong>Der Gastgeber<\/strong><\/p>\n<p>Halbitaliener Fabio Spagna m\u00f6chte im Restaurant den G\u00e4sten \u201esein\u201c Italien m\u00f6glichst authentisch nahebringen. Mit diesem Konzept will MARTA den Zeitgeist der M\u00fcnchner, aber auch des internationalen Publikums treffen.<\/p>\n<p>\u201eItalien verbinde ich mit vielen sch\u00f6nen Erinnerungen: Ausfl\u00fcge mit der ganzen Familie, mediterranes Essen und dieses unbeschreibliche, entspannte Lebensgef\u00fchl. Mit der R\u00fcckkehr zum Authentischen wollen wir unseren G\u00e4sten wieder den puren Geschmack und den Wunsch nach Entschleunigung und Besinnung, auf das was wirklich z\u00e4hlt im Leben: Gutes Essen, Freunde und Familie, n\u00e4herbringen.\u201c schw\u00e4rmt Spagna.<\/p>\n<p><strong>Die italienische K\u00fcche<\/strong><\/p>\n<p>MARTA ist eine modern interpretierte Trattoria und bietet alles, wof\u00fcr die mediterrane K\u00fcche zurzeit gefeiert wird: Traditionell zubereitet mit hochwertigen Produkten aber ohne Ged\u00f6ns und Chichi, sondern frisch und authentisch. Wie auch bei guten Freunden zu Hause werden die G\u00e4ste in der MARTA miteinbezogen \u2013 im Barbereich findet man eine gro\u00dfe Vitrine in der t\u00e4glich frisch zubereitete Affettati und Antipasti pr\u00e4sentiert werden.<\/p>\n<p>Ein Besuch in der MARTA ist wie eine Entdeckungsreise durch die verschiedenen Regionen Italiens. Auf der Karte stehen Klassiker wie beispielsweise handgemachte Pasta, aber auch Speisen von denen der Gast wahrscheinlich noch nichts geh\u00f6rt hat, dazu frische neapolitanische Pizza.<\/p>\n<p>Die Lieferanten sind mit gr\u00f6\u00dfter Sorgfalt ausgew\u00e4hlt und kommen aus dem S\u00fcden Italiens, vorwiegend aus Kalabrien. MARTA bleibt dem Konzept \u201eEssen wie bei italienischen Freunden zu Hause\u201c treu und hat auch bei der Zubereitung keine Geheimnisse vor dem Gast. Vom Restaurant aus kann man den K\u00f6chen bei der Zubereitung der handgemachten Pasta \u00fcber die Schulter schauen, oder seine eigene Pizza im Ofen beim Fertigbacken beobachten.<\/p>\n<p>Die kleine aber feine Auswahl an klassischen und modern interpretierten Desserts kommt ganz ohne Konservierungsstoffe oder k\u00fcnstliche Aromen aus und rundet das italienische Men\u00fc ab.<\/p>\n<p><strong>Die Bar<\/strong><\/p>\n<p>Der zw\u00f6lf Meter lange Bartresen aus Marmor ist das Epizentrum der MARTA und der ideale Ort f\u00fcr ein Gl\u00e4schen Wein oder den ein oder anderen italienischen Drink \u2013 auch hier zeigt sich bei der Durchsicht der Getr\u00e4nkekarte, dass MARTA kompromisslos auf Authentizit\u00e4t setzt.<\/p>\n<p>Betreiber und Weinkenner Daniel Peitzner wusste durch seine langj\u00e4hrige nationale und internationale Erfahrung als Gastronom sofort, welche Highlights unbedingt auf die Getr\u00e4nkekarte geh\u00f6ren: \u201cBesonders bei den Weinen setzen wir auf einzigartige Winzerinnen und Winzer aus Deutschland und Italien, die den Charakter unserer traditionellen, italienischen K\u00fcche perfekt unterstreichen.\u201c<\/p>\n<p><strong>Architektur &amp; Design<\/strong><\/p>\n<p>Bei der Raumgestaltung besticht MARTA durch ein stilvolles Ambiente mit ungezwungenem, italienischem Flair. Die imposante Raumh\u00f6he verlangte nach einem modernen Interior-Konzept, welches von dem renommierten Innenarchitekturb\u00fcro \u201eNewman Zieglmeier\u201c aus London umgesetzt wurde.<\/p>\n<p>Gleichzeitig lie\u00df sich Fabio Spagna beim Design vom Wohnzimmer seiner italienischen Gro\u00dfmutter inspirieren. F\u00fcr die Inszenierung des Raumes wurden St\u00fchle, Barhocker &amp; Lampen mit hochwertigen Stoffen bezogen und tragen die Handschrift von \u201eSeven Elohim\u201c. Der gem\u00fctliche Eichendielenboden, die mit Samtstoffen bezogenen Sitzb\u00e4nke, riesige Parmesanr\u00e4der in den Regalen, die bunt-gemusterten St\u00fchle und die freie Sicht auf den Pizzaofen verpassen der Location eine Feel-Good-Stimmung gepaart mit italienischer L\u00e4ssigkeit.<\/p>\n<p>\u00dcberdimensionale Leuchten und verkleidete W\u00e4nde strahlen einen Hauch von Luxus aus und spielen mit den Dimensionen. Die prominente Marmorbar rundet das Raumkonzept ab. In der MARTA verbringt man in entspannt lockerer Atmosph\u00e4re einen Abend mit Freunden, treffen sich Paare zum Dinner oder geht die ganze Family zum lunchen.<\/p>\n<p>Im Sommer l\u00e4dt vor allem die weitl\u00e4ufige Terrasse mit Olivenb\u00e4umen und Zypressen zum Entspannen ein. Hier kann ein Aperitivo geordert, italienisches Flair inhaliert, frisches, authentisches Essen genossen sowie ein lauer Sommerabend mit Freunden verplaudert und die Hektik des Alltags hinter sich gelassen werden.<\/p>\n<p>Das Marta l\u00e4dt interessierte Journalisten am Mittwoch den 03.07.2019 zu Snacks &amp; Aperitivo ein.<br \/>\nDie Gastronomen Daniel Peitzner &amp; Fabio Spagna erkl\u00e4ren das Konzept und stehen f\u00fcr Fragen bereit.<br \/>\nUhrzeit: 17:00 \u2013 19:00 Uhr<br \/>\nOrt: Schwabinger Tor Leopoldstra\u00dfe 156<\/p>\n<p><strong>Schwabinger Tor<br \/>\n<\/strong>Mit dem Schwabinger Tor an der Leopoldstra\u00dfe in M\u00fcnchen-Schwabing wird ein neues Stadtquartier geschaffen, welches k\u00fcnftigen Lebens- und Arbeitsweisen schon heute Raum gibt. Mit den insgesamt neun Geb\u00e4uden entwickelt sich ein neuer Ort zum Wohnen, Arbeiten, Erleben und Einkaufen. Das Schwabinger Tor, ein bestandseigenes Projekt der Jost Hurler Unternehmensgruppe und eines der gr\u00f6\u00dften innerst\u00e4dtischen Bauprojekte Deutschlands, folgt der Idee des Sharings als Vision eines urbanen Lebensgef\u00fchls. Das Motto \u201eTalente. Teilen. Toleranz.\u201c spiegelt sich in konkreten Angeboten wider wie Car Sharing, Co Working, einer Sharing-App f\u00fcr die Mieter oder gezielter Startup- und Kunstf\u00f6rderung. Mehr unter <a href=\"http:\/\/schwabinger-tor.de\">http:\/\/schwabinger-tor.de<\/a>.<\/p>\n<p><strong>\u00dcber die Jost Hurler Gruppe <\/strong><br \/>\nDie Jost Hurler Beteiligungs und Verwaltungs GmbH &amp; Co. KG entwickelt, vermietet und finanziert bestandseigene Immobilienobjekte in Deutschland und \u00d6sterreich. Wichtige Standorte befinden sich in Bayern, Nordrhein-Westfalen, Berlin und Th\u00fcringen. In Zukunft wird der Bereich der Projektentwicklung in Metropolregionen eine tragende Rolle f\u00fcr das Unternehmen spielen. Sitz der Jost Hurler Beteiligungs und Verwaltungs\u00a0GmbH\u00a0&amp;\u00a0Co.\u00a0KG ist M\u00fcnchen. Mehr unter <a href=\"http:\/\/www.jost-hurler.de\/\">http:\/\/www.jost-hurler.de\/<\/a> und <a href=\"http:\/\/www.schwabinger-tor.de\">www.schwabinger-tor.de<\/a>.<\/p>\n<p><a href=\"https:\/\/althallercommunication.de\/wp-content\/uploads\/2019\/06\/24062019_STM_PI_Marta.pdf\">PI zum Download<\/a><\/p>\n<p><\/p>\n<p>Bildmaterial<\/p>\n<p>https:\/\/althallercommunication.de\/wp-content\/uploads\/2019\/06\/Fabio-Spagna.jpg<\/p>\n<p>\u201eItalien verbinde ich mit vielen sch\u00f6nen Erinnerungen: Ausfl\u00fcge mit der ganzen Familie, mediterranes Essen und dieses unbeschreibliche, entspannte Lebensgef\u00fchl. Mit der R\u00fcckkehr zum Authentischen wollen wir unseren G\u00e4sten wieder den puren Geschmack und den Wunsch nach Entschleunigung und Besinnung, auf das was wirklich z\u00e4hlt im Leben: Gutes Essen, Freunde und Familie, n\u00e4herbringen.\u201c schw\u00e4rmt Spagna.<\/p>\n<p>https:\/\/althallercommunication.de\/wp-content\/uploads\/2019\/06\/Daniel-Peitzner.jpg<\/p>\n<p>Betreiber und Weinkenner Daniel Peitzner wusste durch seine langj\u00e4hrige nationale und internationale Erfahrung als Gastronom sofort, welche Highlights unbedingt auf die Getr\u00e4nkekarte geh\u00f6ren: \u201cBesonders bei den Weinen setzen wir auf einzigartige Winzerinnen und Winzer aus Deutschland und Italien, die den Charakter unserer traditionellen, italienischen K\u00fcche perfekt unterstreichen.\u201c<\/p>\n<p>Mehr News der Jost Hurler GruppeW2Z1c2lvbl9idXR0b24gbGluaz0mcXVvdDtqYXZhc2NyaXB0Omhpc3RvcnkuYmFjaygpJnF1b3Q7IHRpdGxlPSZxdW90OyZxdW90OyB0YXJnZXQ9JnF1b3Q7X3NlbGYmcXVvdDsgYWxpZ25tZW50PSZxdW90O2NlbnRlciZxdW90OyBtb2RhbD0mcXVvdDsmcXVvdDsgaGlkZV9vbl9tb2JpbGU9JnF1b3Q7c21hbGwtdmlzaWJpbGl0eSxtZWRpdW0tdmlzaWJpbGl0eSxsYXJnZS12aXNpYmlsaXR5JnF1b3Q7IGNsYXNzPSZxdW90OyZxdW90OyBpZD0mcXVvdDsmcXVvdDsgY29sb3I9JnF1b3Q7ZGVmYXVsdCZxdW90OyBidXR0b25fZ3JhZGllbnRfdG9wX2NvbG9yPSZxdW90OyZxdW90OyBidXR0b25fZ3JhZGllbnRfYm90dG9tX2NvbG9yPSZxdW90OyZxdW90OyBidXR0b25fZ3JhZGllbnRfdG9wX2NvbG9yX2hvdmVyPSZxdW90OyZxdW90OyBidXR0b25fZ3JhZGllbnRfYm90dG9tX2NvbG9yX2hvdmVyPSZxdW90OyZxdW90OyBhY2NlbnRfY29sb3I9JnF1b3Q7JnF1b3Q7IGFjY2VudF9ob3Zlcl9jb2xvcj0mcXVvdDsmcXVvdDsgdHlwZT0mcXVvdDsmcXVvdDsgYmV2ZWxfY29sb3I9JnF1b3Q7JnF1b3Q7IGJvcmRlcl93aWR0aD0mcXVvdDsmcXVvdDsgc2l6ZT0mcXVvdDttZWRpdW0mcXVvdDsgc3RyZXRjaD0mcXVvdDtkZWZhdWx0JnF1b3Q7IHNoYXBlPSZxdW90O3JvdW5kJnF1b3Q7IGljb249JnF1b3Q7ZmEtY2hldnJvbi1sZWZ0JnF1b3Q7IGljb25fcG9zaXRpb249JnF1b3Q7bGVmdCZxdW90OyBpY29uX2RpdmlkZXI9JnF1b3Q7bm8mcXVvdDsgYW5pbWF0aW9uX3R5cGU9JnF1b3Q7JnF1b3Q7IGFuaW1hdGlvbl9kaXJlY3Rpb249JnF1b3Q7bGVmdCZxdW90OyBhbmltYXRpb25fc3BlZWQ9JnF1b3Q7MC4zJnF1b3Q7IGFuaW1hdGlvbl9vZmZzZXQ9JnF1b3Q7JnF1b3Q7XXp1csO8Y2tbL2Z1c2lvbl9idXR0b25d<\/p>\n<p>Pressekontakt und Redaktion<br \/>\n<strong>Jacqueline Althaller<br \/>\n<\/strong>ALTHALLER communication GbR<br \/>\nElisabethstra\u00dfe 13<br \/>\n80796 M\u00fcnchen<\/p>\n<p><em>Bildmaterial stellen wir auf Wunsch gerne zur Verf\u00fcgung.<\/em><\/p>\n<p><\/p>\n<p>+49 (0) 89 38 66 52 61<\/p>\n<p><\/p>\n<p>+49 (0) 89 38 66 52 75<\/p>\n<p><\/p>\n<p><a href=\"mailto:info@althallercommunication.de\">info@althallercommunication.de<\/a><\/p>\n<p><\/p>\n<p><a href=\"https:\/\/althallercommunication.de\/\">www.althallercommunication.de<\/a><\/p>\n<p><\/p>\n","protected":false},"excerpt":{"rendered":"<p><strong>Jost Hurler Gruppe<\/strong> | M\u00fcnchen: <\/br> Mit der Er\u00f6ffnung der MARTA haben sich die stadtbekannten Gastronomen Daniel Peitzner und Fabio Spagna (The ltalian Shot) einen Herzenswunsch erf\u00fcllt und eine Neo-Trattoria er\u00f6ffnet. Der Schwerpunkt: Ehrliche, italienische K\u00fcche mit den besten Zutaten \u2013 einfach, naturbelassen, frisch und alles handgemacht.<\/p>\n","protected":false},"author":6,"featured_media":0,"comment_status":"closed","ping_status":"open","sticky":false,"template":"","format":"standard","meta":{"_et_pb_use_builder":"","_et_pb_old_content":"","_et_gb_content_width":"","inline_featured_image":false,"footnotes":""},"categories":[2749,2765,2756,1,2751,2758,2831],"tags":[1286,1285,1284,1282,1283,1281,1211,265],"class_list":["post-15345","post","type-post","status-publish","format-standard","hentry","category-ecommerce-retail","category-klassische-pressearbeit","category-kunden-in-den-medien","category-unkategorisiert","category-payment-finance","category-pressemeldungen","category-schwabinger-tor","tag-bar","tag-daniel-peitzner","tag-fabio-spagna","tag-italien","tag-marta","tag-neo-trattoria","tag-restaurant","tag-schwabinger-tor"],"yoast_head":"<!-- This site is optimized with the Yoast SEO Premium plugin v25.3 (Yoast SEO v27.4) - https:\/\/yoast.com\/product\/yoast-seo-premium-wordpress\/ -->\n<title>Trattoria &amp; Bar MARTA er\u00f6ffnet am Schwabinger Tor M\u00fcnchen<\/title>\n<meta name=\"description\" content=\"In der Neo-Trattoria MARTA gibt es ehrliche, italienische K\u00fcche mit den besten Zutaten \u2013 einfach, naturbelassen, frisch und alles handgemacht.\" \/>\n<meta name=\"robots\" content=\"index, follow, max-snippet:-1, max-image-preview:large, max-video-preview:-1\" \/>\n<link rel=\"canonical\" href=\"https:\/\/althallercommunication.de\/trattoria-bar-marta-eroeffnet-am-schwabinger-tor-muenchen\/\" \/>\n<meta property=\"og:locale\" content=\"en_US\" \/>\n<meta property=\"og:type\" content=\"article\" \/>\n<meta property=\"og:title\" content=\"Trattoria &amp; Bar MARTA er\u00f6ffnet am Schwabinger Tor M\u00fcnchen\" \/>\n<meta property=\"og:description\" content=\"In der Neo-Trattoria MARTA gibt es ehrliche, italienische K\u00fcche mit den besten Zutaten \u2013 einfach, naturbelassen, frisch und alles handgemacht.\" \/>\n<meta property=\"og:url\" content=\"https:\/\/althallercommunication.de\/trattoria-bar-marta-eroeffnet-am-schwabinger-tor-muenchen\/\" \/>\n<meta property=\"og:site_name\" content=\"althaller communication\" \/>\n<meta property=\"article:publisher\" content=\"https:\/\/www.facebook.com\/althallercommunication\" \/>\n<meta property=\"article:published_time\" content=\"2019-06-24T14:00:21+00:00\" \/>\n<meta property=\"article:modified_time\" content=\"2024-05-14T16:08:14+00:00\" \/>\n<meta name=\"author\" content=\"Jacqueline Althaller\" \/>\n<meta name=\"twitter:card\" content=\"summary_large_image\" \/>\n<meta name=\"twitter:creator\" content=\"@ALTHALLERcom\" \/>\n<meta name=\"twitter:site\" content=\"@ALTHALLERcom\" \/>\n<meta name=\"twitter:label1\" content=\"Written by\" \/>\n\t<meta name=\"twitter:data1\" content=\"Jacqueline Althaller\" \/>\n\t<meta name=\"twitter:label2\" content=\"Est. reading time\" \/>\n\t<meta name=\"twitter:data2\" content=\"10 minutes\" \/>\n<script type=\"application\/ld+json\" class=\"yoast-schema-graph\">{\"@context\":\"https:\\\/\\\/schema.org\",\"@graph\":[{\"@type\":\"Article\",\"@id\":\"https:\\\/\\\/althallercommunication.de\\\/trattoria-bar-marta-eroeffnet-am-schwabinger-tor-muenchen\\\/#article\",\"isPartOf\":{\"@id\":\"https:\\\/\\\/althallercommunication.de\\\/trattoria-bar-marta-eroeffnet-am-schwabinger-tor-muenchen\\\/\"},\"author\":{\"name\":\"Jacqueline Althaller\",\"@id\":\"https:\\\/\\\/althallercommunication.de\\\/#\\\/schema\\\/person\\\/4ca72b5e8d0bebc1f9b3061e463e32ee\"},\"headline\":\"Trattoria &#038; Bar MARTA er\u00f6ffnet am Schwabinger Tor M\u00fcnchen\",\"datePublished\":\"2019-06-24T14:00:21+00:00\",\"dateModified\":\"2024-05-14T16:08:14+00:00\",\"mainEntityOfPage\":{\"@id\":\"https:\\\/\\\/althallercommunication.de\\\/trattoria-bar-marta-eroeffnet-am-schwabinger-tor-muenchen\\\/\"},\"wordCount\":1932,\"publisher\":{\"@id\":\"https:\\\/\\\/althallercommunication.de\\\/#organization\"},\"keywords\":[\"Bar\",\"Daniel Peitzner\",\"Fabio Spagna\",\"Italien\",\"MARTA\",\"Neo-Trattoria\",\"Restaurant\",\"Schwabinger Tor\"],\"articleSection\":[\"Ecommerce &amp; Retail\",\"Klassische Pressearbeit\",\"Kunden\",\"Others\",\"Payment &amp; Finance\",\"Pressemeldungen\",\"Schwabinger-Tor\"],\"inLanguage\":\"en-US\"},{\"@type\":\"WebPage\",\"@id\":\"https:\\\/\\\/althallercommunication.de\\\/trattoria-bar-marta-eroeffnet-am-schwabinger-tor-muenchen\\\/\",\"url\":\"https:\\\/\\\/althallercommunication.de\\\/trattoria-bar-marta-eroeffnet-am-schwabinger-tor-muenchen\\\/\",\"name\":\"Trattoria & Bar MARTA er\u00f6ffnet am Schwabinger Tor M\u00fcnchen\",\"isPartOf\":{\"@id\":\"https:\\\/\\\/althallercommunication.de\\\/#website\"},\"datePublished\":\"2019-06-24T14:00:21+00:00\",\"dateModified\":\"2024-05-14T16:08:14+00:00\",\"description\":\"In der Neo-Trattoria MARTA gibt es ehrliche, italienische K\u00fcche mit den besten Zutaten \u2013 einfach, naturbelassen, frisch und alles handgemacht.\",\"breadcrumb\":{\"@id\":\"https:\\\/\\\/althallercommunication.de\\\/trattoria-bar-marta-eroeffnet-am-schwabinger-tor-muenchen\\\/#breadcrumb\"},\"inLanguage\":\"en-US\",\"potentialAction\":[{\"@type\":\"ReadAction\",\"target\":[\"https:\\\/\\\/althallercommunication.de\\\/trattoria-bar-marta-eroeffnet-am-schwabinger-tor-muenchen\\\/\"]}]},{\"@type\":\"BreadcrumbList\",\"@id\":\"https:\\\/\\\/althallercommunication.de\\\/trattoria-bar-marta-eroeffnet-am-schwabinger-tor-muenchen\\\/#breadcrumb\",\"itemListElement\":[{\"@type\":\"ListItem\",\"position\":1,\"name\":\"Startseite\",\"item\":\"https:\\\/\\\/althallercommunication.de\\\/en\\\/\"},{\"@type\":\"ListItem\",\"position\":2,\"name\":\"Trattoria &#038; Bar MARTA er\u00f6ffnet am Schwabinger Tor M\u00fcnchen\"}]},{\"@type\":\"WebSite\",\"@id\":\"https:\\\/\\\/althallercommunication.de\\\/#website\",\"url\":\"https:\\\/\\\/althallercommunication.de\\\/\",\"name\":\"althaller communication\",\"description\":\"Martkommunikation B2B\",\"publisher\":{\"@id\":\"https:\\\/\\\/althallercommunication.de\\\/#organization\"},\"potentialAction\":[{\"@type\":\"SearchAction\",\"target\":{\"@type\":\"EntryPoint\",\"urlTemplate\":\"https:\\\/\\\/althallercommunication.de\\\/?s={search_term_string}\"},\"query-input\":{\"@type\":\"PropertyValueSpecification\",\"valueRequired\":true,\"valueName\":\"search_term_string\"}}],\"inLanguage\":\"en-US\"},{\"@type\":\"Organization\",\"@id\":\"https:\\\/\\\/althallercommunication.de\\\/#organization\",\"name\":\"ALTHALLER communication\",\"url\":\"https:\\\/\\\/althallercommunication.de\\\/\",\"logo\":{\"@type\":\"ImageObject\",\"inLanguage\":\"en-US\",\"@id\":\"https:\\\/\\\/althallercommunication.de\\\/#\\\/schema\\\/logo\\\/image\\\/\",\"url\":\"https:\\\/\\\/althallercommunication.de\\\/wp-content\\\/uploads\\\/2023\\\/12\\\/althaller_comm_b.png\",\"contentUrl\":\"https:\\\/\\\/althallercommunication.de\\\/wp-content\\\/uploads\\\/2023\\\/12\\\/althaller_comm_b.png\",\"width\":464,\"height\":110,\"caption\":\"ALTHALLER communication\"},\"image\":{\"@id\":\"https:\\\/\\\/althallercommunication.de\\\/#\\\/schema\\\/logo\\\/image\\\/\"},\"sameAs\":[\"https:\\\/\\\/www.facebook.com\\\/althallercommunication\",\"https:\\\/\\\/x.com\\\/ALTHALLERcom\",\"https:\\\/\\\/www.linkedin.com\\\/company\\\/3332596?trk=tyah&amp;amp;amp;trkInfo=tas:COMMUNICATION Presse und PR,idx:1-1-1\"]},{\"@type\":\"Person\",\"@id\":\"https:\\\/\\\/althallercommunication.de\\\/#\\\/schema\\\/person\\\/4ca72b5e8d0bebc1f9b3061e463e32ee\",\"name\":\"Jacqueline Althaller\",\"image\":{\"@type\":\"ImageObject\",\"inLanguage\":\"en-US\",\"@id\":\"https:\\\/\\\/secure.gravatar.com\\\/avatar\\\/2e8cdf7784b763130efe210406ba46634d04913cf12c46cf98b2799d6da47211?s=96&d=mm&r=g\",\"url\":\"https:\\\/\\\/secure.gravatar.com\\\/avatar\\\/2e8cdf7784b763130efe210406ba46634d04913cf12c46cf98b2799d6da47211?s=96&d=mm&r=g\",\"contentUrl\":\"https:\\\/\\\/secure.gravatar.com\\\/avatar\\\/2e8cdf7784b763130efe210406ba46634d04913cf12c46cf98b2799d6da47211?s=96&d=mm&r=g\",\"caption\":\"Jacqueline Althaller\"},\"description\":\"$$$2021hmb8hzb4MD\",\"url\":\"https:\\\/\\\/althallercommunication.de\\\/en\\\/author\\\/jacqueline-althaller\\\/\"}]}<\/script>\n<!-- \/ Yoast SEO Premium plugin. -->","yoast_head_json":{"title":"Trattoria & Bar MARTA er\u00f6ffnet am Schwabinger Tor M\u00fcnchen","description":"In der Neo-Trattoria MARTA gibt es ehrliche, italienische K\u00fcche mit den besten Zutaten \u2013 einfach, naturbelassen, frisch und alles handgemacht.","robots":{"index":"index","follow":"follow","max-snippet":"max-snippet:-1","max-image-preview":"max-image-preview:large","max-video-preview":"max-video-preview:-1"},"canonical":"https:\/\/althallercommunication.de\/trattoria-bar-marta-eroeffnet-am-schwabinger-tor-muenchen\/","og_locale":"en_US","og_type":"article","og_title":"Trattoria & Bar MARTA er\u00f6ffnet am Schwabinger Tor M\u00fcnchen","og_description":"In der Neo-Trattoria MARTA gibt es ehrliche, italienische K\u00fcche mit den besten Zutaten \u2013 einfach, naturbelassen, frisch und alles handgemacht.","og_url":"https:\/\/althallercommunication.de\/trattoria-bar-marta-eroeffnet-am-schwabinger-tor-muenchen\/","og_site_name":"althaller communication","article_publisher":"https:\/\/www.facebook.com\/althallercommunication","article_published_time":"2019-06-24T14:00:21+00:00","article_modified_time":"2024-05-14T16:08:14+00:00","author":"Jacqueline Althaller","twitter_card":"summary_large_image","twitter_creator":"@ALTHALLERcom","twitter_site":"@ALTHALLERcom","twitter_misc":{"Written by":"Jacqueline Althaller","Est. reading time":"10 minutes"},"schema":{"@context":"https:\/\/schema.org","@graph":[{"@type":"Article","@id":"https:\/\/althallercommunication.de\/trattoria-bar-marta-eroeffnet-am-schwabinger-tor-muenchen\/#article","isPartOf":{"@id":"https:\/\/althallercommunication.de\/trattoria-bar-marta-eroeffnet-am-schwabinger-tor-muenchen\/"},"author":{"name":"Jacqueline Althaller","@id":"https:\/\/althallercommunication.de\/#\/schema\/person\/4ca72b5e8d0bebc1f9b3061e463e32ee"},"headline":"Trattoria &#038; Bar MARTA er\u00f6ffnet am Schwabinger Tor M\u00fcnchen","datePublished":"2019-06-24T14:00:21+00:00","dateModified":"2024-05-14T16:08:14+00:00","mainEntityOfPage":{"@id":"https:\/\/althallercommunication.de\/trattoria-bar-marta-eroeffnet-am-schwabinger-tor-muenchen\/"},"wordCount":1932,"publisher":{"@id":"https:\/\/althallercommunication.de\/#organization"},"keywords":["Bar","Daniel Peitzner","Fabio Spagna","Italien","MARTA","Neo-Trattoria","Restaurant","Schwabinger Tor"],"articleSection":["Ecommerce &amp; Retail","Klassische Pressearbeit","Kunden","Others","Payment &amp; Finance","Pressemeldungen","Schwabinger-Tor"],"inLanguage":"en-US"},{"@type":"WebPage","@id":"https:\/\/althallercommunication.de\/trattoria-bar-marta-eroeffnet-am-schwabinger-tor-muenchen\/","url":"https:\/\/althallercommunication.de\/trattoria-bar-marta-eroeffnet-am-schwabinger-tor-muenchen\/","name":"Trattoria & Bar MARTA er\u00f6ffnet am Schwabinger Tor M\u00fcnchen","isPartOf":{"@id":"https:\/\/althallercommunication.de\/#website"},"datePublished":"2019-06-24T14:00:21+00:00","dateModified":"2024-05-14T16:08:14+00:00","description":"In der Neo-Trattoria MARTA gibt es ehrliche, italienische K\u00fcche mit den besten Zutaten \u2013 einfach, naturbelassen, frisch und alles handgemacht.","breadcrumb":{"@id":"https:\/\/althallercommunication.de\/trattoria-bar-marta-eroeffnet-am-schwabinger-tor-muenchen\/#breadcrumb"},"inLanguage":"en-US","potentialAction":[{"@type":"ReadAction","target":["https:\/\/althallercommunication.de\/trattoria-bar-marta-eroeffnet-am-schwabinger-tor-muenchen\/"]}]},{"@type":"BreadcrumbList","@id":"https:\/\/althallercommunication.de\/trattoria-bar-marta-eroeffnet-am-schwabinger-tor-muenchen\/#breadcrumb","itemListElement":[{"@type":"ListItem","position":1,"name":"Startseite","item":"https:\/\/althallercommunication.de\/en\/"},{"@type":"ListItem","position":2,"name":"Trattoria &#038; Bar MARTA er\u00f6ffnet am Schwabinger Tor M\u00fcnchen"}]},{"@type":"WebSite","@id":"https:\/\/althallercommunication.de\/#website","url":"https:\/\/althallercommunication.de\/","name":"althaller communication","description":"Martkommunikation B2B","publisher":{"@id":"https:\/\/althallercommunication.de\/#organization"},"potentialAction":[{"@type":"SearchAction","target":{"@type":"EntryPoint","urlTemplate":"https:\/\/althallercommunication.de\/?s={search_term_string}"},"query-input":{"@type":"PropertyValueSpecification","valueRequired":true,"valueName":"search_term_string"}}],"inLanguage":"en-US"},{"@type":"Organization","@id":"https:\/\/althallercommunication.de\/#organization","name":"ALTHALLER communication","url":"https:\/\/althallercommunication.de\/","logo":{"@type":"ImageObject","inLanguage":"en-US","@id":"https:\/\/althallercommunication.de\/#\/schema\/logo\/image\/","url":"https:\/\/althallercommunication.de\/wp-content\/uploads\/2023\/12\/althaller_comm_b.png","contentUrl":"https:\/\/althallercommunication.de\/wp-content\/uploads\/2023\/12\/althaller_comm_b.png","width":464,"height":110,"caption":"ALTHALLER communication"},"image":{"@id":"https:\/\/althallercommunication.de\/#\/schema\/logo\/image\/"},"sameAs":["https:\/\/www.facebook.com\/althallercommunication","https:\/\/x.com\/ALTHALLERcom","https:\/\/www.linkedin.com\/company\/3332596?trk=tyah&amp;amp;amp;trkInfo=tas:COMMUNICATION Presse und PR,idx:1-1-1"]},{"@type":"Person","@id":"https:\/\/althallercommunication.de\/#\/schema\/person\/4ca72b5e8d0bebc1f9b3061e463e32ee","name":"Jacqueline Althaller","image":{"@type":"ImageObject","inLanguage":"en-US","@id":"https:\/\/secure.gravatar.com\/avatar\/2e8cdf7784b763130efe210406ba46634d04913cf12c46cf98b2799d6da47211?s=96&d=mm&r=g","url":"https:\/\/secure.gravatar.com\/avatar\/2e8cdf7784b763130efe210406ba46634d04913cf12c46cf98b2799d6da47211?s=96&d=mm&r=g","contentUrl":"https:\/\/secure.gravatar.com\/avatar\/2e8cdf7784b763130efe210406ba46634d04913cf12c46cf98b2799d6da47211?s=96&d=mm&r=g","caption":"Jacqueline Althaller"},"description":"$$$2021hmb8hzb4MD","url":"https:\/\/althallercommunication.de\/en\/author\/jacqueline-althaller\/"}]}},"_links":{"self":[{"href":"https:\/\/althallercommunication.de\/en\/wp-json\/wp\/v2\/posts\/15345","targetHints":{"allow":["GET"]}}],"collection":[{"href":"https:\/\/althallercommunication.de\/en\/wp-json\/wp\/v2\/posts"}],"about":[{"href":"https:\/\/althallercommunication.de\/en\/wp-json\/wp\/v2\/types\/post"}],"author":[{"embeddable":true,"href":"https:\/\/althallercommunication.de\/en\/wp-json\/wp\/v2\/users\/6"}],"replies":[{"embeddable":true,"href":"https:\/\/althallercommunication.de\/en\/wp-json\/wp\/v2\/comments?post=15345"}],"version-history":[{"count":3,"href":"https:\/\/althallercommunication.de\/en\/wp-json\/wp\/v2\/posts\/15345\/revisions"}],"predecessor-version":[{"id":15366,"href":"https:\/\/althallercommunication.de\/en\/wp-json\/wp\/v2\/posts\/15345\/revisions\/15366"}],"wp:attachment":[{"href":"https:\/\/althallercommunication.de\/en\/wp-json\/wp\/v2\/media?parent=15345"}],"wp:term":[{"taxonomy":"category","embeddable":true,"href":"https:\/\/althallercommunication.de\/en\/wp-json\/wp\/v2\/categories?post=15345"},{"taxonomy":"post_tag","embeddable":true,"href":"https:\/\/althallercommunication.de\/en\/wp-json\/wp\/v2\/tags?post=15345"}],"curies":[{"name":"wp","href":"https:\/\/api.w.org\/{rel}","templated":true}]}}