{"id":15535,"date":"2019-07-24T11:35:21","date_gmt":"2019-07-24T09:35:21","guid":{"rendered":"https:\/\/www.althallercommunication.de\/?p=15535"},"modified":"2024-05-14T18:08:12","modified_gmt":"2024-05-14T16:08:12","slug":"sommer-am-schwabinger-tor-terrassen-tasting","status":"publish","type":"post","link":"https:\/\/althallercommunication.de\/en\/sommer-am-schwabinger-tor-terrassen-tasting\/","title":{"rendered":"Sommer am Schwabinger Tor \u2013 Terrassen Tasting"},"content":{"rendered":"<p><\/p>\n<p><strong>Veranstaltungshinweis, 25.07.2019<br \/>\n<\/strong><\/p>\n<h3><strong>Sommer am Schwabinger Tor \u2013 Terrassen Tasting<br \/>\n<\/strong><\/h3>\n<p><strong>M\u00fcnchen, den 24. Juli 2019 \u2013 Morgen, Donnerstag, den 25. Juli, feiert das neue Stadtquartier Schwabinger Tor den Sommer. Die Gastronomen des Viertels \u00f6ffnen ihre Terrassen und bespielen diese mit besonderen Highlights wie Rollrasen-Disco, Sonnenstuhl-Lounges und Eis-Specials.<br \/>\n<\/strong><\/p>\n<p>Der Sommer hat M\u00fcnchen fest im Griff und die St\u00e4dter zieht es auf die Terrassen der Restaurants und Bars. Am Schwabinger Tor, M\u00fcnchens neuem Stadtquartier an der Leopoldstra\u00dfe, feiern die ans\u00e4ssigen Gastronomen den Sommer gemeinsam. Beim Terrassen Tasting k\u00f6nnen die Besucher von Terrasse zu Terrasse schlendern und somit wenigen Schritten eine Reise um die Welt machen: Italienische Spezialit\u00e4ten im Marta, der Neo-Trattoria, vietnamesische Highlights aus dem Jaadin und dem Chaadin, BBQ aus dem beeindruckenden Smoker des The Lonely Broccoli im Andaz M\u00fcnchen, gechillte Drinks und fleischliche Highlights im deutsch-franz\u00f6sischen La Boheme. Dazu gibt es entspannte Beats und Liegestuhl-Areas. So genie\u00dft Schwabing den Sommer.<\/p>\n<p><strong>La Boheme<\/strong><\/p>\n<p>\u2022 Von 17 &#8211; 22 Uhr legt DJ Tadej Jaki an der Rollrasen-Bar auf: 60 m2 feinster Rasen mitten am Schwabinger Tor mit gro\u00dfer Au\u00dfenbar! Schuhe aus, Gin Tonic oder Aperol Spritz holen und einfach zu den coolen Summer Beats abtanzen.<\/p>\n<p>\u2022 In Kooperation mit Martin Miller Gin gibt es eine weitere Au\u00dfenbar, die den eigens f\u00fcr das Terrassen Tasting kreierten Drink &#8220;Red Summer Love&#8221; anbietet.<\/p>\n<p>\u2022 Im Boh\u00e8me und auf der Terrasse gibt es das ganze Boh\u00e8me-Erlebnis f\u00fcr diejenigen, die Lust auf eine Sharing-Platte oder ein sch\u00f6nes Steak haben.<\/p>\n<p><strong>Jaadin &amp; Chaadin<\/strong><\/p>\n<p>\u2022 Veuve Clicquot Champagner Lounge: 20 Sitzpl\u00e4tze<\/p>\n<p>\u2022 Bacardi Sonnenst\u00fchle Lounge: Cocktails wie beispielsweise der \u201eLychee Colada\u201c<\/p>\n<p>\u2022 Beam Suntorry Au\u00dfenbar: Zu jedem bestellen Aperitif gibt es ein Amuse Gueule aus der K\u00fcche des Jaadin.<\/p>\n<p>\u2022 Bartu Eiswagen mit ausgefallen Eissorten wie Matcha Stracciatella, Avocado Kokos\u2026<\/p>\n<p><strong>Marta Trattoria &amp; Bar<\/strong><\/p>\n<p>\u2022 Eine Premium Gelateria auf der Terrasse mit dem handgemachten Weltmeister-Eis von Zio Santo: Zehn Sorten, zehn Mal absolute Weltklasse.<\/p>\n<p>\u2022 Dazu eine Campari Au\u00dfenbar, an der klassisch Italienisch Campari Orange (frischgepresst) und Aperol Spritz angeboten wird.<\/p>\n<p><strong>The Lonely Broccoli<\/strong><\/p>\n<p>\u2022 To go oder auf der Terrasse: Die leckere Smokers-Plate aus dem beeindruckenden BBQ Smoker mit Pastrami, Paprika, Putenbrust, Spareribs, S\u00fc\u00dfkartoffeln, Cole Slaw &amp; BBQ Sauce.<\/p>\n<p>\u2022 Die Belvedere Au\u00dfenbar serviert Sommerdrinks auf Vodka-Basis, an der Tanqueray Bar gibt es den Sevialla Tonic.<\/p>\n<p>\u2022 Summer Sounds von DJ Spyro Avax.<\/p>\n<p><strong>Riedmair B\u00e4ckerei<\/strong><\/p>\n<p>\u2022 Von 13\u201320 Uhr gibt es 100 % nat\u00fcrliches Riedmair-Eis aus der Softeismaschine, frisch vor dem Laden im Terrassenbereich.<\/p>\n<p><strong><br \/>\nSchwabinger Tor<\/strong><br \/>\nMit dem Schwabinger Tor an der Leopoldstra\u00dfe in M\u00fcnchen-Schwabing wird ein neues Stadtquartier geschaffen, welches k\u00fcnftigen Lebens- und Arbeitsweisen schon heute Raum gibt. Mit den insgesamt neun Geb\u00e4uden entwickelt sich ein neuer Ort zum Wohnen, Arbeiten, Erleben und Einkaufen. Das Schwabinger Tor, ein bestandseigenes Projekt der Jost Hurler Unternehmensgruppe und eines der gr\u00f6\u00dften innerst\u00e4dtischen Bauprojekte Deutschlands, folgt der Idee des Sharings als Vision eines urbanen Lebensgef\u00fchls. Das Motto \u201eTalente. Teilen. Toleranz.\u201c spiegelt sich in konkreten Angeboten wider wie Car Sharing, Co Working, einer Sharing-App f\u00fcr die Mieter oder gezielter Startup- und Kunstf\u00f6rderung. Mehr unter <a href=\"http:\/\/schwabinger-tor.de\">http:\/\/schwabinger-tor.de<\/a>.<\/p>\n<p><strong>\u00dcber die Jost Hurler Gruppe <\/strong><br \/>\nDie Jost Hurler Beteiligungs und Verwaltungs GmbH &amp; Co. KG entwickelt, vermietet und finanziert bestandseigene Immobilienobjekte in Deutschland und \u00d6sterreich. Wichtige Standorte befinden sich in Bayern, Nordrhein-Westfalen, Berlin und Th\u00fcringen. In Zukunft wird der Bereich der Projektentwicklung in Metropolregionen eine tragende Rolle f\u00fcr das Unternehmen spielen. Sitz der Jost Hurler Beteiligungs und Verwaltungs\u00a0GmbH\u00a0&amp;\u00a0Co.\u00a0KG ist M\u00fcnchen. Mehr unter <a href=\"http:\/\/www.jost-hurler.de\/\">http:\/\/www.jost-hurler.de\/<\/a> und <a href=\"http:\/\/www.schwabinger-tor.de\">www.schwabinger-tor.de<\/a>.<\/p>\n<p><a href=\"https:\/\/althallercommunication.de\/wp-content\/uploads\/2019\/07\/190723_STM_TerrassenTasting.pdf\">PI zum Download<\/a><\/p>\n<p>https:\/\/althallercommunication.de\/wp-content\/uploads\/2019\/07\/La-Boheme_Spritz-1030&#215;773.jpg<\/p>\n<p>Genie\u00dfen Sie einen k\u00fchlen Aperol Spritz im La Boh\u00e8me.<\/p>\n<p>https:\/\/althallercommunication.de\/wp-content\/uploads\/2019\/07\/Jaadin-1030&#215;773.jpg<\/p>\n<p>Im Jaadin k\u00f6nnen Sie wunderbar entspannen und beispielsweise einen &#8220;Lychee Colada&#8221; in der Bacardi Sonnenst\u00fchle Lounge genie\u00dfen.<\/p>\n<p>https:\/\/althallercommunication.de\/wp-content\/uploads\/2019\/07\/Marta-867&#215;1030.jpg<\/p>\n<p>Echtes italienisches Lebensgef\u00fchl und Genuss &#8211; das gibt es nur in der Bar &amp; Trattoria MARTA. Genie\u00dfen Sie &#8220;La dolce vita&#8221;!<\/p>\n<p>https:\/\/althallercommunication.de\/wp-content\/uploads\/2019\/07\/The-Lonely-Broccoli.jpg<\/p>\n<p>Im The Lonely Broccoli einfach eine Smokers-Plate bestellen und schmackhafte BBQ-Gerichte probieren.<\/p>\n<p>Mehr News der Jost Hurler GruppeW2Z1c2lvbl9idXR0b24gbGluaz0mcXVvdDtqYXZhc2NyaXB0Omhpc3RvcnkuYmFjaygpJnF1b3Q7IHRpdGxlPSZxdW90OyZxdW90OyB0YXJnZXQ9JnF1b3Q7X3NlbGYmcXVvdDsgYWxpZ25tZW50PSZxdW90O2NlbnRlciZxdW90OyBtb2RhbD0mcXVvdDsmcXVvdDsgaGlkZV9vbl9tb2JpbGU9JnF1b3Q7c21hbGwtdmlzaWJpbGl0eSxtZWRpdW0tdmlzaWJpbGl0eSxsYXJnZS12aXNpYmlsaXR5JnF1b3Q7IGNsYXNzPSZxdW90OyZxdW90OyBpZD0mcXVvdDsmcXVvdDsgY29sb3I9JnF1b3Q7ZGVmYXVsdCZxdW90OyBidXR0b25fZ3JhZGllbnRfdG9wX2NvbG9yPSZxdW90OyZxdW90OyBidXR0b25fZ3JhZGllbnRfYm90dG9tX2NvbG9yPSZxdW90OyZxdW90OyBidXR0b25fZ3JhZGllbnRfdG9wX2NvbG9yX2hvdmVyPSZxdW90OyZxdW90OyBidXR0b25fZ3JhZGllbnRfYm90dG9tX2NvbG9yX2hvdmVyPSZxdW90OyZxdW90OyBhY2NlbnRfY29sb3I9JnF1b3Q7JnF1b3Q7IGFjY2VudF9ob3Zlcl9jb2xvcj0mcXVvdDsmcXVvdDsgdHlwZT0mcXVvdDsmcXVvdDsgYmV2ZWxfY29sb3I9JnF1b3Q7JnF1b3Q7IGJvcmRlcl93aWR0aD0mcXVvdDsmcXVvdDsgc2l6ZT0mcXVvdDttZWRpdW0mcXVvdDsgc3RyZXRjaD0mcXVvdDtkZWZhdWx0JnF1b3Q7IHNoYXBlPSZxdW90O3JvdW5kJnF1b3Q7IGljb249JnF1b3Q7ZmEtY2hldnJvbi1sZWZ0JnF1b3Q7IGljb25fcG9zaXRpb249JnF1b3Q7bGVmdCZxdW90OyBpY29uX2RpdmlkZXI9JnF1b3Q7bm8mcXVvdDsgYW5pbWF0aW9uX3R5cGU9JnF1b3Q7JnF1b3Q7IGFuaW1hdGlvbl9kaXJlY3Rpb249JnF1b3Q7bGVmdCZxdW90OyBhbmltYXRpb25fc3BlZWQ9JnF1b3Q7MC4zJnF1b3Q7IGFuaW1hdGlvbl9vZmZzZXQ9JnF1b3Q7JnF1b3Q7XXp1csO8Y2tbL2Z1c2lvbl9idXR0b25d<\/p>\n<p>Zitat<\/p>\n<p><\/p>\n<p>Pressekontakt und Redaktion<br \/>\n<strong>Jacqueline Althaller<br \/>\n<\/strong>ALTHALLER communication GbR<br \/>\nElisabethstra\u00dfe 13<br \/>\n80796 M\u00fcnchen<\/p>\n<p><em>Bildmaterial stellen wir auf Wunsch gerne zur Verf\u00fcgung.<\/em><\/p>\n<p><\/p>\n<p>+49 (0) 89 38 66 52 61<\/p>\n<p><\/p>\n<p>+49 (0) 89 38 66 52 75<\/p>\n<p><\/p>\n<p><a href=\"mailto:info@althallercommunication.de\">info@althallercommunication.de<\/a><\/p>\n<p><\/p>\n<p><a href=\"https:\/\/althallercommunication.de\/\">www.althallercommunication.de<\/a><\/p>\n<p><\/p>\n","protected":false},"excerpt":{"rendered":"<p><strong>Jost Hurler Gruppe<\/strong> | M\u00fcnchen: <\/br> Am morgigen Donnerstag, den 25. Juli, feiert das neue Stadtquartier Schwabinger Tor den Sommer. Die Gastronomen des Viertels \u00f6ffnen ihre Terrassen und bespielen diese mit besonderen Highlights wie Rollrasen-Disco, Sonnenstuhl-Lounges und Eis-Specials.<\/p>\n","protected":false},"author":6,"featured_media":15527,"comment_status":"closed","ping_status":"open","sticky":false,"template":"","format":"standard","meta":{"_et_pb_use_builder":"","_et_pb_old_content":"","_et_gb_content_width":"","inline_featured_image":false,"footnotes":""},"categories":[2749,2765,2756,1,2758,2831],"tags":[1301,1303,1305,1266,1299,264,1304,1283,728,265,1298,1297,1300,1269,1302],"class_list":["post-15535","post","type-post","status-publish","format-standard","has-post-thumbnail","hentry","category-ecommerce-retail","category-klassische-pressearbeit","category-kunden-in-den-medien","category-unkategorisiert","category-pressemeldungen","category-schwabinger-tor","tag-chaadin","tag-dj","tag-eis","tag-essen","tag-jaadin","tag-la-boheme","tag-lounge","tag-marta","tag-muenchen","tag-schwabinger-tor","tag-tasting","tag-terrassen","tag-the-lonely-broccoli","tag-trinken","tag-veranstaltung"],"yoast_head":"<!-- This site is optimized with the Yoast SEO Premium plugin v25.3 (Yoast SEO v27.5) - https:\/\/yoast.com\/product\/yoast-seo-premium-wordpress\/ -->\n<title>Am 25. Juli feiert das Schwabinger Tor den Sommer mit Terrassen Tasting<\/title>\n<meta name=\"description\" content=\"Am Donnerstag, den 25. Juli, feiern die Gastronomen des Stadtquartiers Schwabinger Tor gemeinsam den Sommer und \u00f6ffnen ihre Terrassen\" \/>\n<meta name=\"robots\" content=\"index, follow, max-snippet:-1, max-image-preview:large, max-video-preview:-1\" \/>\n<link rel=\"canonical\" href=\"https:\/\/althallercommunication.de\/sommer-am-schwabinger-tor-terrassen-tasting\/\" \/>\n<meta property=\"og:locale\" content=\"en_US\" \/>\n<meta property=\"og:type\" content=\"article\" \/>\n<meta property=\"og:title\" content=\"Sommer am Schwabinger Tor \u2013 Terrassen Tasting\" \/>\n<meta property=\"og:description\" content=\"Am Donnerstag, den 25. Juli, feiern die Gastronomen des Stadtquartiers Schwabinger Tor gemeinsam den Sommer und \u00f6ffnen ihre Terrassen\" \/>\n<meta property=\"og:url\" content=\"https:\/\/althallercommunication.de\/sommer-am-schwabinger-tor-terrassen-tasting\/\" \/>\n<meta property=\"og:site_name\" content=\"althaller communication\" \/>\n<meta property=\"article:publisher\" content=\"https:\/\/www.facebook.com\/althallercommunication\" \/>\n<meta property=\"article:published_time\" content=\"2019-07-24T09:35:21+00:00\" \/>\n<meta property=\"article:modified_time\" content=\"2024-05-14T16:08:12+00:00\" \/>\n<meta property=\"og:image\" content=\"https:\/\/althallercommunication.de\/wp-content\/uploads\/2019\/07\/La-Boheme_Terrasse.jpg\" \/>\n\t<meta property=\"og:image:width\" content=\"1355\" \/>\n\t<meta property=\"og:image:height\" content=\"1355\" \/>\n\t<meta property=\"og:image:type\" content=\"image\/jpeg\" \/>\n<meta name=\"author\" content=\"Jacqueline Althaller\" \/>\n<meta name=\"twitter:card\" content=\"summary_large_image\" \/>\n<meta name=\"twitter:creator\" content=\"@ALTHALLERcom\" \/>\n<meta name=\"twitter:site\" content=\"@ALTHALLERcom\" \/>\n<meta name=\"twitter:label1\" content=\"Written by\" \/>\n\t<meta name=\"twitter:data1\" content=\"Jacqueline Althaller\" \/>\n\t<meta name=\"twitter:label2\" content=\"Est. reading time\" \/>\n\t<meta name=\"twitter:data2\" content=\"8 minutes\" \/>\n<script type=\"application\/ld+json\" class=\"yoast-schema-graph\">{\"@context\":\"https:\\\/\\\/schema.org\",\"@graph\":[{\"@type\":\"Article\",\"@id\":\"https:\\\/\\\/althallercommunication.de\\\/sommer-am-schwabinger-tor-terrassen-tasting\\\/#article\",\"isPartOf\":{\"@id\":\"https:\\\/\\\/althallercommunication.de\\\/sommer-am-schwabinger-tor-terrassen-tasting\\\/\"},\"author\":{\"name\":\"Jacqueline Althaller\",\"@id\":\"https:\\\/\\\/althallercommunication.de\\\/#\\\/schema\\\/person\\\/4ca72b5e8d0bebc1f9b3061e463e32ee\"},\"headline\":\"Sommer am Schwabinger Tor \u2013 Terrassen Tasting\",\"datePublished\":\"2019-07-24T09:35:21+00:00\",\"dateModified\":\"2024-05-14T16:08:12+00:00\",\"mainEntityOfPage\":{\"@id\":\"https:\\\/\\\/althallercommunication.de\\\/sommer-am-schwabinger-tor-terrassen-tasting\\\/\"},\"wordCount\":1688,\"publisher\":{\"@id\":\"https:\\\/\\\/althallercommunication.de\\\/#organization\"},\"image\":{\"@id\":\"https:\\\/\\\/althallercommunication.de\\\/sommer-am-schwabinger-tor-terrassen-tasting\\\/#primaryimage\"},\"thumbnailUrl\":\"https:\\\/\\\/althallercommunication.de\\\/wp-content\\\/uploads\\\/2019\\\/07\\\/La-Boheme_Terrasse.jpg\",\"keywords\":[\"Chaadin\",\"DJ\",\"Eis\",\"Essen\",\"Jaadin\",\"La Boh\u00e8me\",\"Lounge\",\"MARTA\",\"M\u00fcnchen\",\"Schwabinger Tor\",\"Tasting\",\"Terrassen\",\"The Lonely Broccoli\",\"Trinken\",\"Veranstaltung\"],\"articleSection\":[\"Ecommerce &amp; Retail\",\"Klassische Pressearbeit\",\"Kunden\",\"Others\",\"Pressemeldungen\",\"Schwabinger-Tor\"],\"inLanguage\":\"en-US\"},{\"@type\":\"WebPage\",\"@id\":\"https:\\\/\\\/althallercommunication.de\\\/sommer-am-schwabinger-tor-terrassen-tasting\\\/\",\"url\":\"https:\\\/\\\/althallercommunication.de\\\/sommer-am-schwabinger-tor-terrassen-tasting\\\/\",\"name\":\"Am 25. Juli feiert das Schwabinger Tor den Sommer mit Terrassen Tasting\",\"isPartOf\":{\"@id\":\"https:\\\/\\\/althallercommunication.de\\\/#website\"},\"primaryImageOfPage\":{\"@id\":\"https:\\\/\\\/althallercommunication.de\\\/sommer-am-schwabinger-tor-terrassen-tasting\\\/#primaryimage\"},\"image\":{\"@id\":\"https:\\\/\\\/althallercommunication.de\\\/sommer-am-schwabinger-tor-terrassen-tasting\\\/#primaryimage\"},\"thumbnailUrl\":\"https:\\\/\\\/althallercommunication.de\\\/wp-content\\\/uploads\\\/2019\\\/07\\\/La-Boheme_Terrasse.jpg\",\"datePublished\":\"2019-07-24T09:35:21+00:00\",\"dateModified\":\"2024-05-14T16:08:12+00:00\",\"description\":\"Am Donnerstag, den 25. Juli, feiern die Gastronomen des Stadtquartiers Schwabinger Tor gemeinsam den Sommer und \u00f6ffnen ihre Terrassen\",\"breadcrumb\":{\"@id\":\"https:\\\/\\\/althallercommunication.de\\\/sommer-am-schwabinger-tor-terrassen-tasting\\\/#breadcrumb\"},\"inLanguage\":\"en-US\",\"potentialAction\":[{\"@type\":\"ReadAction\",\"target\":[\"https:\\\/\\\/althallercommunication.de\\\/sommer-am-schwabinger-tor-terrassen-tasting\\\/\"]}]},{\"@type\":\"ImageObject\",\"inLanguage\":\"en-US\",\"@id\":\"https:\\\/\\\/althallercommunication.de\\\/sommer-am-schwabinger-tor-terrassen-tasting\\\/#primaryimage\",\"url\":\"https:\\\/\\\/althallercommunication.de\\\/wp-content\\\/uploads\\\/2019\\\/07\\\/La-Boheme_Terrasse.jpg\",\"contentUrl\":\"https:\\\/\\\/althallercommunication.de\\\/wp-content\\\/uploads\\\/2019\\\/07\\\/La-Boheme_Terrasse.jpg\",\"width\":1355,\"height\":1355,\"caption\":\"La Boheme_Terrasse\"},{\"@type\":\"BreadcrumbList\",\"@id\":\"https:\\\/\\\/althallercommunication.de\\\/sommer-am-schwabinger-tor-terrassen-tasting\\\/#breadcrumb\",\"itemListElement\":[{\"@type\":\"ListItem\",\"position\":1,\"name\":\"Startseite\",\"item\":\"https:\\\/\\\/althallercommunication.de\\\/en\\\/\"},{\"@type\":\"ListItem\",\"position\":2,\"name\":\"Sommer am Schwabinger Tor \u2013 Terrassen Tasting\"}]},{\"@type\":\"WebSite\",\"@id\":\"https:\\\/\\\/althallercommunication.de\\\/#website\",\"url\":\"https:\\\/\\\/althallercommunication.de\\\/\",\"name\":\"althaller communication\",\"description\":\"Martkommunikation B2B\",\"publisher\":{\"@id\":\"https:\\\/\\\/althallercommunication.de\\\/#organization\"},\"potentialAction\":[{\"@type\":\"SearchAction\",\"target\":{\"@type\":\"EntryPoint\",\"urlTemplate\":\"https:\\\/\\\/althallercommunication.de\\\/?s={search_term_string}\"},\"query-input\":{\"@type\":\"PropertyValueSpecification\",\"valueRequired\":true,\"valueName\":\"search_term_string\"}}],\"inLanguage\":\"en-US\"},{\"@type\":\"Organization\",\"@id\":\"https:\\\/\\\/althallercommunication.de\\\/#organization\",\"name\":\"ALTHALLER communication\",\"url\":\"https:\\\/\\\/althallercommunication.de\\\/\",\"logo\":{\"@type\":\"ImageObject\",\"inLanguage\":\"en-US\",\"@id\":\"https:\\\/\\\/althallercommunication.de\\\/#\\\/schema\\\/logo\\\/image\\\/\",\"url\":\"https:\\\/\\\/althallercommunication.de\\\/wp-content\\\/uploads\\\/2023\\\/12\\\/althaller_comm_b.png\",\"contentUrl\":\"https:\\\/\\\/althallercommunication.de\\\/wp-content\\\/uploads\\\/2023\\\/12\\\/althaller_comm_b.png\",\"width\":464,\"height\":110,\"caption\":\"ALTHALLER communication\"},\"image\":{\"@id\":\"https:\\\/\\\/althallercommunication.de\\\/#\\\/schema\\\/logo\\\/image\\\/\"},\"sameAs\":[\"https:\\\/\\\/www.facebook.com\\\/althallercommunication\",\"https:\\\/\\\/x.com\\\/ALTHALLERcom\",\"https:\\\/\\\/www.linkedin.com\\\/company\\\/3332596?trk=tyah&amp;amp;amp;trkInfo=tas:COMMUNICATION Presse und PR,idx:1-1-1\"]},{\"@type\":\"Person\",\"@id\":\"https:\\\/\\\/althallercommunication.de\\\/#\\\/schema\\\/person\\\/4ca72b5e8d0bebc1f9b3061e463e32ee\",\"name\":\"Jacqueline Althaller\",\"image\":{\"@type\":\"ImageObject\",\"inLanguage\":\"en-US\",\"@id\":\"https:\\\/\\\/secure.gravatar.com\\\/avatar\\\/2e8cdf7784b763130efe210406ba46634d04913cf12c46cf98b2799d6da47211?s=96&d=mm&r=g\",\"url\":\"https:\\\/\\\/secure.gravatar.com\\\/avatar\\\/2e8cdf7784b763130efe210406ba46634d04913cf12c46cf98b2799d6da47211?s=96&d=mm&r=g\",\"contentUrl\":\"https:\\\/\\\/secure.gravatar.com\\\/avatar\\\/2e8cdf7784b763130efe210406ba46634d04913cf12c46cf98b2799d6da47211?s=96&d=mm&r=g\",\"caption\":\"Jacqueline Althaller\"},\"description\":\"$$$2021hmb8hzb4MD\",\"url\":\"https:\\\/\\\/althallercommunication.de\\\/en\\\/author\\\/jacqueline-althaller\\\/\"}]}<\/script>\n<!-- \/ Yoast SEO Premium plugin. -->","yoast_head_json":{"title":"Am 25. Juli feiert das Schwabinger Tor den Sommer mit Terrassen Tasting","description":"Am Donnerstag, den 25. Juli, feiern die Gastronomen des Stadtquartiers Schwabinger Tor gemeinsam den Sommer und \u00f6ffnen ihre Terrassen","robots":{"index":"index","follow":"follow","max-snippet":"max-snippet:-1","max-image-preview":"max-image-preview:large","max-video-preview":"max-video-preview:-1"},"canonical":"https:\/\/althallercommunication.de\/sommer-am-schwabinger-tor-terrassen-tasting\/","og_locale":"en_US","og_type":"article","og_title":"Sommer am Schwabinger Tor \u2013 Terrassen Tasting","og_description":"Am Donnerstag, den 25. Juli, feiern die Gastronomen des Stadtquartiers Schwabinger Tor gemeinsam den Sommer und \u00f6ffnen ihre Terrassen","og_url":"https:\/\/althallercommunication.de\/sommer-am-schwabinger-tor-terrassen-tasting\/","og_site_name":"althaller communication","article_publisher":"https:\/\/www.facebook.com\/althallercommunication","article_published_time":"2019-07-24T09:35:21+00:00","article_modified_time":"2024-05-14T16:08:12+00:00","og_image":[{"width":1355,"height":1355,"url":"https:\/\/althallercommunication.de\/wp-content\/uploads\/2019\/07\/La-Boheme_Terrasse.jpg","type":"image\/jpeg"}],"author":"Jacqueline Althaller","twitter_card":"summary_large_image","twitter_creator":"@ALTHALLERcom","twitter_site":"@ALTHALLERcom","twitter_misc":{"Written by":"Jacqueline Althaller","Est. reading time":"8 minutes"},"schema":{"@context":"https:\/\/schema.org","@graph":[{"@type":"Article","@id":"https:\/\/althallercommunication.de\/sommer-am-schwabinger-tor-terrassen-tasting\/#article","isPartOf":{"@id":"https:\/\/althallercommunication.de\/sommer-am-schwabinger-tor-terrassen-tasting\/"},"author":{"name":"Jacqueline Althaller","@id":"https:\/\/althallercommunication.de\/#\/schema\/person\/4ca72b5e8d0bebc1f9b3061e463e32ee"},"headline":"Sommer am Schwabinger Tor \u2013 Terrassen Tasting","datePublished":"2019-07-24T09:35:21+00:00","dateModified":"2024-05-14T16:08:12+00:00","mainEntityOfPage":{"@id":"https:\/\/althallercommunication.de\/sommer-am-schwabinger-tor-terrassen-tasting\/"},"wordCount":1688,"publisher":{"@id":"https:\/\/althallercommunication.de\/#organization"},"image":{"@id":"https:\/\/althallercommunication.de\/sommer-am-schwabinger-tor-terrassen-tasting\/#primaryimage"},"thumbnailUrl":"https:\/\/althallercommunication.de\/wp-content\/uploads\/2019\/07\/La-Boheme_Terrasse.jpg","keywords":["Chaadin","DJ","Eis","Essen","Jaadin","La Boh\u00e8me","Lounge","MARTA","M\u00fcnchen","Schwabinger Tor","Tasting","Terrassen","The Lonely Broccoli","Trinken","Veranstaltung"],"articleSection":["Ecommerce &amp; Retail","Klassische Pressearbeit","Kunden","Others","Pressemeldungen","Schwabinger-Tor"],"inLanguage":"en-US"},{"@type":"WebPage","@id":"https:\/\/althallercommunication.de\/sommer-am-schwabinger-tor-terrassen-tasting\/","url":"https:\/\/althallercommunication.de\/sommer-am-schwabinger-tor-terrassen-tasting\/","name":"Am 25. Juli feiert das Schwabinger Tor den Sommer mit Terrassen Tasting","isPartOf":{"@id":"https:\/\/althallercommunication.de\/#website"},"primaryImageOfPage":{"@id":"https:\/\/althallercommunication.de\/sommer-am-schwabinger-tor-terrassen-tasting\/#primaryimage"},"image":{"@id":"https:\/\/althallercommunication.de\/sommer-am-schwabinger-tor-terrassen-tasting\/#primaryimage"},"thumbnailUrl":"https:\/\/althallercommunication.de\/wp-content\/uploads\/2019\/07\/La-Boheme_Terrasse.jpg","datePublished":"2019-07-24T09:35:21+00:00","dateModified":"2024-05-14T16:08:12+00:00","description":"Am Donnerstag, den 25. Juli, feiern die Gastronomen des Stadtquartiers Schwabinger Tor gemeinsam den Sommer und \u00f6ffnen ihre Terrassen","breadcrumb":{"@id":"https:\/\/althallercommunication.de\/sommer-am-schwabinger-tor-terrassen-tasting\/#breadcrumb"},"inLanguage":"en-US","potentialAction":[{"@type":"ReadAction","target":["https:\/\/althallercommunication.de\/sommer-am-schwabinger-tor-terrassen-tasting\/"]}]},{"@type":"ImageObject","inLanguage":"en-US","@id":"https:\/\/althallercommunication.de\/sommer-am-schwabinger-tor-terrassen-tasting\/#primaryimage","url":"https:\/\/althallercommunication.de\/wp-content\/uploads\/2019\/07\/La-Boheme_Terrasse.jpg","contentUrl":"https:\/\/althallercommunication.de\/wp-content\/uploads\/2019\/07\/La-Boheme_Terrasse.jpg","width":1355,"height":1355,"caption":"La Boheme_Terrasse"},{"@type":"BreadcrumbList","@id":"https:\/\/althallercommunication.de\/sommer-am-schwabinger-tor-terrassen-tasting\/#breadcrumb","itemListElement":[{"@type":"ListItem","position":1,"name":"Startseite","item":"https:\/\/althallercommunication.de\/en\/"},{"@type":"ListItem","position":2,"name":"Sommer am Schwabinger Tor \u2013 Terrassen Tasting"}]},{"@type":"WebSite","@id":"https:\/\/althallercommunication.de\/#website","url":"https:\/\/althallercommunication.de\/","name":"althaller communication","description":"Martkommunikation B2B","publisher":{"@id":"https:\/\/althallercommunication.de\/#organization"},"potentialAction":[{"@type":"SearchAction","target":{"@type":"EntryPoint","urlTemplate":"https:\/\/althallercommunication.de\/?s={search_term_string}"},"query-input":{"@type":"PropertyValueSpecification","valueRequired":true,"valueName":"search_term_string"}}],"inLanguage":"en-US"},{"@type":"Organization","@id":"https:\/\/althallercommunication.de\/#organization","name":"ALTHALLER communication","url":"https:\/\/althallercommunication.de\/","logo":{"@type":"ImageObject","inLanguage":"en-US","@id":"https:\/\/althallercommunication.de\/#\/schema\/logo\/image\/","url":"https:\/\/althallercommunication.de\/wp-content\/uploads\/2023\/12\/althaller_comm_b.png","contentUrl":"https:\/\/althallercommunication.de\/wp-content\/uploads\/2023\/12\/althaller_comm_b.png","width":464,"height":110,"caption":"ALTHALLER communication"},"image":{"@id":"https:\/\/althallercommunication.de\/#\/schema\/logo\/image\/"},"sameAs":["https:\/\/www.facebook.com\/althallercommunication","https:\/\/x.com\/ALTHALLERcom","https:\/\/www.linkedin.com\/company\/3332596?trk=tyah&amp;amp;amp;trkInfo=tas:COMMUNICATION Presse und PR,idx:1-1-1"]},{"@type":"Person","@id":"https:\/\/althallercommunication.de\/#\/schema\/person\/4ca72b5e8d0bebc1f9b3061e463e32ee","name":"Jacqueline Althaller","image":{"@type":"ImageObject","inLanguage":"en-US","@id":"https:\/\/secure.gravatar.com\/avatar\/2e8cdf7784b763130efe210406ba46634d04913cf12c46cf98b2799d6da47211?s=96&d=mm&r=g","url":"https:\/\/secure.gravatar.com\/avatar\/2e8cdf7784b763130efe210406ba46634d04913cf12c46cf98b2799d6da47211?s=96&d=mm&r=g","contentUrl":"https:\/\/secure.gravatar.com\/avatar\/2e8cdf7784b763130efe210406ba46634d04913cf12c46cf98b2799d6da47211?s=96&d=mm&r=g","caption":"Jacqueline Althaller"},"description":"$$$2021hmb8hzb4MD","url":"https:\/\/althallercommunication.de\/en\/author\/jacqueline-althaller\/"}]}},"_links":{"self":[{"href":"https:\/\/althallercommunication.de\/en\/wp-json\/wp\/v2\/posts\/15535","targetHints":{"allow":["GET"]}}],"collection":[{"href":"https:\/\/althallercommunication.de\/en\/wp-json\/wp\/v2\/posts"}],"about":[{"href":"https:\/\/althallercommunication.de\/en\/wp-json\/wp\/v2\/types\/post"}],"author":[{"embeddable":true,"href":"https:\/\/althallercommunication.de\/en\/wp-json\/wp\/v2\/users\/6"}],"replies":[{"embeddable":true,"href":"https:\/\/althallercommunication.de\/en\/wp-json\/wp\/v2\/comments?post=15535"}],"version-history":[{"count":4,"href":"https:\/\/althallercommunication.de\/en\/wp-json\/wp\/v2\/posts\/15535\/revisions"}],"predecessor-version":[{"id":15609,"href":"https:\/\/althallercommunication.de\/en\/wp-json\/wp\/v2\/posts\/15535\/revisions\/15609"}],"wp:featuredmedia":[{"embeddable":true,"href":"https:\/\/althallercommunication.de\/en\/wp-json\/wp\/v2\/media\/15527"}],"wp:attachment":[{"href":"https:\/\/althallercommunication.de\/en\/wp-json\/wp\/v2\/media?parent=15535"}],"wp:term":[{"taxonomy":"category","embeddable":true,"href":"https:\/\/althallercommunication.de\/en\/wp-json\/wp\/v2\/categories?post=15535"},{"taxonomy":"post_tag","embeddable":true,"href":"https:\/\/althallercommunication.de\/en\/wp-json\/wp\/v2\/tags?post=15535"}],"curies":[{"name":"wp","href":"https:\/\/api.w.org\/{rel}","templated":true}]}}