{"id":17427,"date":"2020-04-30T13:30:21","date_gmt":"2020-04-30T11:30:21","guid":{"rendered":"https:\/\/www.althallercommunication.de\/?p=17427"},"modified":"2024-05-14T18:08:35","modified_gmt":"2024-05-14T16:08:35","slug":"podcast-zur-urbanen-zukunft-stadtquartier-geht-auf-sendung","status":"publish","type":"post","link":"https:\/\/althallercommunication.de\/en\/podcast-zur-urbanen-zukunft-stadtquartier-geht-auf-sendung\/","title":{"rendered":"Podcast zur urbanen Zukunft: Stadtquartier geht auf Sendung"},"content":{"rendered":"<p><\/p>\n<p><strong>Das Schwabinger Tor als Ort f\u00fcr die Debatte um die Stadt der Zukunft<br \/>\n<\/strong><\/p>\n<h3><strong>Podcast zur urbanen Zukunft: Stadtquartier geht auf Sendung<br \/>\n<\/strong><\/h3>\n<p><strong>M\u00fcnchen, der 30. April 2020 \u2013 Mit dem Talk \u201eDas Tor zur urbanen Zukunft\u201c hat sich das Schwabinger Tor in M\u00fcnchen im Rahmen der Munich Creative Business Week als Ort einer neuen Debattenkultur \u00fcber die Stadt der Zukunft etabliert. Nach seinem au\u00dferordentlichen Auftakterfolg als Live-Event wird dieser zukunftsgerichtete Dialog \u2013 initiiert und vorangetrieben durch die Jost Hurler Gruppe \u2013 nun im neuen Podcast-Format zusammen mit dem carl institute for human future und ALTHALLER communication, fortgesetzt. Heute, am 30. April 2020, erscheint die erste Folge von \u201eDas Tor zur urbanen Zukunft. Der Podcast\u201c auf allen g\u00e4ngigen Streaming-Plattformen.<br \/>\n<\/strong><\/p>\n<p>Der Podcast \u201eDas Tor zur urbanen Zukunft\u201c soll das Schwabinger Tor als Symbol f\u00fcr die Auseinandersetzung mit unserer Zukunft festigen. Die Besch\u00e4ftigung mit den Themen Mobilit\u00e4t, digitale Stadt, urbaner Raum und Stadt der Zukunft ist wichtiger denn je. Hier warten viele Herausforderungen und Chancen, die in diesem Format im Dialog auf Augenh\u00f6he diskutiert werden k\u00f6nnen.<\/p>\n<p>Durch die einzelnen Folgen f\u00fchren Zukunftsforscher Michael Carl, der sich mit dem carl institute for human future der Frage der Zukunft der Menschen in seinen Lebensr\u00e4umen und der Arbeitswelten der kommenden Jahre widmet sowie Jacqueline Althaller, gesch\u00e4ftsf\u00fchrende Gesellschafterin von ALTHALLER communication, die mit ihrer gleichnamigen Gesellschaft f\u00fcr Marktkommunikation zukunftsorientierte Dialog- und Kommunikationsplattformen sowie Themen mit Fokus auf den Bereich Nachhaltigkeit gestaltet.<\/p>\n<p>Zum Auftakt des Podcasts interviewen Michael Carl und Jacqueline Althaller Professorin Gesa Ziemer, Leiterin des City Science Lab, Gastdozentin an der Hochschule f\u00fcr Design und Kunst in Luzern und Mitglied im Akkreditierungsausschuss des Wissenschaftsrates Deutschland. Aufgrund Ihrer wissenschaftlichen Ausbildung als Philosophin besch\u00e4ftigt sie sich nicht nur damit, ob die Digitalisierung der St\u00e4dte machbar ist, sondern auch mit welchem Lebensgef\u00fchl diese verbunden sein sollte. Passenderweise ist das Thema der ersten Podcast-Folge: \u201eEntscheidungen \u2013 Die R\u00fcckeroberung des urbanen Raums\u201c.<\/p>\n<p>Auch die G\u00e4ste der kommenden Folgen sind einflussreiche Meinungstr\u00e4ger, \u201ekluge K\u00f6pfe\u201c aus Wirtschaft und Gesellschaft sowie innovative Denker, die an der Entstehung des Schwabinger Tors beteiligt waren. Stimmen aus den Bereichen Stadtentwicklung, Kultur, Architektur sowie der Forschung kommen zu Wort und debattieren Ihre Vision von der Stadt der Zukunft aus verschiedenen Blickwinkeln.<\/p>\n<p>Der facettenreiche Dialog des \u201eTorTalk\u201c wird im 14-t\u00e4gigen Rhythmus fortgef\u00fchrt. Jede neue Podcast-Folge wird sich mit Themen, die uns im urbanen Raum t\u00e4glich besch\u00e4ftigen, spannenden Gespr\u00e4chspartnern und h\u00f6renswerten Visionen f\u00fcr die Stadt der Zukunft befassen. In den Podcast-Folgen wechseln sich Live-Gespr\u00e4che mit Texten ab, die aus dem in den n\u00e4chsten Wochen erscheinenden Coffee Table-Book zum Schwabinger Tor stammen.<\/p>\n<p>Hier finden Sie alle Streaming-Plattformen, auf denen der Podcast \u201eDas Tor zur urbanen Zukunft&#8221; angeboten wird: <a href=\"https:\/\/open.spotify.com\/show\/1pRrQbJPaIHJCWQhfcwGGj\">Spotify<\/a>, <a href=\"https:\/\/www.deezer.com\/show\/1166352\">Deezer <\/a>und <a href=\"https:\/\/dastorzururbanenzukunft.podigee.io\/\">Podigee<\/a>. Rechtzeitig zum Wochenende wird der Podcast ebenfalls auf iTunes und Google zur Verf\u00fcgung stehen.<\/p>\n<p><strong>\u00dcber die Jost Hurler Gruppe<\/strong><br \/>\nDie Jost Hurler Beteiligungs und Verwaltungs GmbH &amp; Co. KG entwickelt, vermietet und finanziert bestandseigene Immobilienobjekte in Deutschland und \u00d6sterreich. Wichtige Standorte befinden sich in Bayern, Nordrhein-Westfalen, Berlin und Th\u00fcringen. Sitz der Jost Hurler Beteiligungs und Verwaltungs GmbH &amp; Co. KG ist M\u00fcnchen. Mehr unter <a href=\"http:\/\/www.jost-hurler.de\">www.jost-hurler.de<\/a> und <a href=\"http:\/\/www.schwabinger-tor.de\">www.schwabinger-tor.de<\/a><\/p>\n<p><strong>Schwabinger Tor<br \/>\n<\/strong>Mit dem Schwabinger Tor an der Leopoldstra\u00dfe in M\u00fcnchen-Schwabing wurde ein neues Stadtquartier geschaffen, welches zuk\u00fcnftigen Lebens- und Arbeitsweisen schon heute Raum gibt. Mit den insgesamt neun Geb\u00e4uden entwickelt sich ein neuer Ort zum Wohnen, Arbeiten, Erleben und Einkaufen. Das Schwabinger Tor, ein bestandseigenes Projekt der Jost Hurler Unternehmensgruppe und eine der innovativsten Quartiersentwicklungen, folgt der Idee des Sharings als Vision eines urbanen Lebensgef\u00fchls. Das Motto \u201eTalente. Teilen. Toleranz.\u201c spiegelt sich in konkreten Angeboten wider wie Car Sharing, Co Working, einer Sharing-App f\u00fcr die Mieter oder gezielter Startup- und Kunstf\u00f6rderung. Mehr unter <a href=\"http:\/\/www.schwabinger-tor.de\">www.schwabinger-tor.de<\/a><\/p>\n<p><a href=\"https:\/\/althallercommunication.de\/wp-content\/uploads\/2020\/04\/PI_TorTalk_Podcast.pdf\">PI zum Download<\/a><\/p>\n<p><\/p>\n<p>Bildmaterial<\/p>\n<p>https:\/\/althallercommunication.de\/wp-content\/uploads\/2020\/04\/Ziemer_Gesa_Portrait.jpg<\/p>\n<p>Im Interview zum Thema &#8220;Entscheidungen &#8211; Die R\u00fcckeroberung des urbanen Raums&#8221;: Professor Gesa Ziemer, Leiterin des City Science Lab, Gastdozentin an der Hochschule f\u00fcr Design und Kunst in Luzern und Mitglied im Akkreditierungsausschuss des Wissenschaftsrates Deutschland. Aufgrund Ihrer wissenschaftlichen Ausbildung als Philosophin besch\u00e4ftigt sie sich nicht nur damit, ob die Digitalisierung der St\u00e4dte machbar ist, sondern auch mit welchem Lebensgef\u00fchl diese verbunden sein sollte.<\/p>\n<p>https:\/\/althallercommunication.de\/wp-content\/uploads\/2020\/03\/Michael-Carl-Profil.jpg<\/p>\n<p>\u201eDer Lebensraum der Menschen wird sich stark ver\u00e4ndern. Die Stadt der Zukunft wird sich ebenso wandeln und anpassen. Megacities werden zu Smartcities, die durch vernetzte, autonome Verkehrsmittel immer genau die Mobilit\u00e4t bieten, die eine Mensch gerade braucht. Es liegt an uns, die Stadt der Zukunft als lebenswerten und vor allem nachhaltigen Raum zu kreieren\u201c, erkl\u00e4rt Moderator Michael Carl, Zukunftsforscher beim carl Institute for human future.<\/p>\n<p>https:\/\/althallercommunication.de\/wp-content\/uploads\/2019\/10\/Jacqueline_Althaller.jpg<\/p>\n<p>\u201eMit einer Diskussion auf Augenh\u00f6he wollen wir einen Impuls zur Belebung der gegenw\u00e4rtigen Debattenkultur geben. Wir ben\u00f6tigen einen breiten Dialog \u00fcber unsere positiven gesellschaftlichen Zukunftsbilder: Es ist wichtig, Themen wie urbane Raumgestaltung und nachhaltige L\u00f6sungen f\u00fcr eine lebenswerte Zukunft durch ein Netzwerk engagierter Akteure authentisch zu kommunizieren,\u201c erl\u00e4utert Moderatorin Jacqueline Althaller, Gr\u00fcnderin von ALTHALLER communication.<\/p>\n<p>Mehr News der Jost Hurler GruppeW2Z1c2lvbl9idXR0b24gbGluaz0mcXVvdDtqYXZhc2NyaXB0Omhpc3RvcnkuYmFjaygpJnF1b3Q7IHRpdGxlPSZxdW90OyZxdW90OyB0YXJnZXQ9JnF1b3Q7X3NlbGYmcXVvdDsgYWxpZ25tZW50PSZxdW90O2NlbnRlciZxdW90OyBtb2RhbD0mcXVvdDsmcXVvdDsgaGlkZV9vbl9tb2JpbGU9JnF1b3Q7c21hbGwtdmlzaWJpbGl0eSxtZWRpdW0tdmlzaWJpbGl0eSxsYXJnZS12aXNpYmlsaXR5JnF1b3Q7IGNsYXNzPSZxdW90OyZxdW90OyBpZD0mcXVvdDsmcXVvdDsgY29sb3I9JnF1b3Q7ZGVmYXVsdCZxdW90OyBidXR0b25fZ3JhZGllbnRfdG9wX2NvbG9yPSZxdW90OyZxdW90OyBidXR0b25fZ3JhZGllbnRfYm90dG9tX2NvbG9yPSZxdW90OyZxdW90OyBidXR0b25fZ3JhZGllbnRfdG9wX2NvbG9yX2hvdmVyPSZxdW90OyZxdW90OyBidXR0b25fZ3JhZGllbnRfYm90dG9tX2NvbG9yX2hvdmVyPSZxdW90OyZxdW90OyBhY2NlbnRfY29sb3I9JnF1b3Q7JnF1b3Q7IGFjY2VudF9ob3Zlcl9jb2xvcj0mcXVvdDsmcXVvdDsgdHlwZT0mcXVvdDsmcXVvdDsgYmV2ZWxfY29sb3I9JnF1b3Q7JnF1b3Q7IGJvcmRlcl93aWR0aD0mcXVvdDsmcXVvdDsgc2l6ZT0mcXVvdDttZWRpdW0mcXVvdDsgc3RyZXRjaD0mcXVvdDtkZWZhdWx0JnF1b3Q7IHNoYXBlPSZxdW90O3JvdW5kJnF1b3Q7IGljb249JnF1b3Q7ZmEtY2hldnJvbi1sZWZ0JnF1b3Q7IGljb25fcG9zaXRpb249JnF1b3Q7bGVmdCZxdW90OyBpY29uX2RpdmlkZXI9JnF1b3Q7bm8mcXVvdDsgYW5pbWF0aW9uX3R5cGU9JnF1b3Q7JnF1b3Q7IGFuaW1hdGlvbl9kaXJlY3Rpb249JnF1b3Q7bGVmdCZxdW90OyBhbmltYXRpb25fc3BlZWQ9JnF1b3Q7MC4zJnF1b3Q7IGFuaW1hdGlvbl9vZmZzZXQ9JnF1b3Q7JnF1b3Q7XXp1csO8Y2tbL2Z1c2lvbl9idXR0b25d<\/p>\n<p>Pressekontakt und Redaktion<br \/>\n<strong>Jacqueline Althaller<br \/>\n<\/strong>ALTHALLER communication GbR<br \/>\nElisabethstra\u00dfe 13<br \/>\n80796 M\u00fcnchen<\/p>\n<p><em>Bildmaterial stellen wir auf Wunsch gerne zur Verf\u00fcgung.<\/em><\/p>\n<p><\/p>\n<p>+49 (0) 89 38 66 52 61<\/p>\n<p><\/p>\n<p>+49 (0) 89 38 66 52 75<\/p>\n<p><\/p>\n<p><a href=\"mailto:info@althallercommunication.de\">info@althallercommunication.de<\/a><\/p>\n<p><\/p>\n<p><a href=\"https:\/\/althallercommunication.de\/\">www.althallercommunication.de<\/a><\/p>\n<p><\/p>\n","protected":false},"excerpt":{"rendered":"<p><strong>Jost Hurler Gruppe<\/strong> | M\u00fcnchen: <\/br> Mit dem Talk \u201eDas Tor zur urbanen Zukunft\u201c hat sich das Schwabinger Tor in M\u00fcnchen im Rahmen der Munich Creative Business Week als Ort einer neuen Debattenkultur \u00fcber die Stadt der Zukunft etabliert. Nach seinem au\u00dferordentlichen Auftakterfolg als Live-Event wird dieser zukunftsgerichtete Dialog \u2013 initiiert und vorangetrieben durch die Jost Hurler Gruppe \u2013 nun im neuen Podcast-Format zusammen mit dem carl insitute for human future und ALTHALLER communication, fortgesetzt. Heute, am 30. April. 2020, erscheint die erste Folge von \u201eDas Tor zur urbanen Zukunft. Der Podcast\u201c auf allen g\u00e4ngigen Streaming-Plattformen.<\/p>\n","protected":false},"author":6,"featured_media":0,"comment_status":"closed","ping_status":"open","sticky":false,"template":"","format":"standard","meta":{"_et_pb_use_builder":"","_et_pb_old_content":"","_et_gb_content_width":"","inline_featured_image":false,"footnotes":""},"categories":[2831],"tags":[],"class_list":["post-17427","post","type-post","status-publish","format-standard","hentry","category-schwabinger-tor"],"yoast_head":"<!-- This site is optimized with the Yoast SEO Premium plugin v25.3 (Yoast SEO v27.5) - https:\/\/yoast.com\/product\/yoast-seo-premium-wordpress\/ -->\n<title>Podcast zur urbanen Zukunft: Stadtquartier geht auf Sendung<\/title>\n<meta name=\"description\" content=\"Heute, am 30. April. 2020, erscheint die erste Folge von \u201eDas Tor zur urbanen Zukunft. Der Podcast\u201c auf allen g\u00e4ngigen Streaming-Plattformen.\" \/>\n<meta name=\"robots\" content=\"index, follow, max-snippet:-1, max-image-preview:large, max-video-preview:-1\" \/>\n<link rel=\"canonical\" href=\"https:\/\/althallercommunication.de\/podcast-zur-urbanen-zukunft-stadtquartier-geht-auf-sendung\/\" \/>\n<meta property=\"og:locale\" content=\"en_US\" \/>\n<meta property=\"og:type\" content=\"article\" \/>\n<meta property=\"og:title\" content=\"Podcast zur urbanen Zukunft: Stadtquartier geht auf Sendung\" \/>\n<meta property=\"og:description\" content=\"Heute, am 30. April. 2020, erscheint die erste Folge von \u201eDas Tor zur urbanen Zukunft. Der Podcast\u201c auf allen g\u00e4ngigen Streaming-Plattformen.\" \/>\n<meta property=\"og:url\" content=\"https:\/\/althallercommunication.de\/podcast-zur-urbanen-zukunft-stadtquartier-geht-auf-sendung\/\" \/>\n<meta property=\"og:site_name\" content=\"althaller communication\" \/>\n<meta property=\"article:publisher\" content=\"https:\/\/www.facebook.com\/althallercommunication\" \/>\n<meta property=\"article:published_time\" content=\"2020-04-30T11:30:21+00:00\" \/>\n<meta property=\"article:modified_time\" content=\"2024-05-14T16:08:35+00:00\" \/>\n<meta name=\"author\" content=\"Jacqueline Althaller\" \/>\n<meta name=\"twitter:card\" content=\"summary_large_image\" \/>\n<meta name=\"twitter:creator\" content=\"@ALTHALLERcom\" \/>\n<meta name=\"twitter:site\" content=\"@ALTHALLERcom\" \/>\n<meta name=\"twitter:label1\" content=\"Written by\" \/>\n\t<meta name=\"twitter:data1\" content=\"Jacqueline Althaller\" \/>\n\t<meta name=\"twitter:label2\" content=\"Est. reading time\" \/>\n\t<meta name=\"twitter:data2\" content=\"9 minutes\" \/>\n<script type=\"application\/ld+json\" class=\"yoast-schema-graph\">{\"@context\":\"https:\\\/\\\/schema.org\",\"@graph\":[{\"@type\":\"Article\",\"@id\":\"https:\\\/\\\/althallercommunication.de\\\/podcast-zur-urbanen-zukunft-stadtquartier-geht-auf-sendung\\\/#article\",\"isPartOf\":{\"@id\":\"https:\\\/\\\/althallercommunication.de\\\/podcast-zur-urbanen-zukunft-stadtquartier-geht-auf-sendung\\\/\"},\"author\":{\"name\":\"Jacqueline Althaller\",\"@id\":\"https:\\\/\\\/althallercommunication.de\\\/#\\\/schema\\\/person\\\/4ca72b5e8d0bebc1f9b3061e463e32ee\"},\"headline\":\"Podcast zur urbanen Zukunft: Stadtquartier geht auf Sendung\",\"datePublished\":\"2020-04-30T11:30:21+00:00\",\"dateModified\":\"2024-05-14T16:08:35+00:00\",\"mainEntityOfPage\":{\"@id\":\"https:\\\/\\\/althallercommunication.de\\\/podcast-zur-urbanen-zukunft-stadtquartier-geht-auf-sendung\\\/\"},\"wordCount\":1815,\"publisher\":{\"@id\":\"https:\\\/\\\/althallercommunication.de\\\/#organization\"},\"articleSection\":[\"Schwabinger-Tor\"],\"inLanguage\":\"en-US\"},{\"@type\":\"WebPage\",\"@id\":\"https:\\\/\\\/althallercommunication.de\\\/podcast-zur-urbanen-zukunft-stadtquartier-geht-auf-sendung\\\/\",\"url\":\"https:\\\/\\\/althallercommunication.de\\\/podcast-zur-urbanen-zukunft-stadtquartier-geht-auf-sendung\\\/\",\"name\":\"Podcast zur urbanen Zukunft: Stadtquartier geht auf Sendung\",\"isPartOf\":{\"@id\":\"https:\\\/\\\/althallercommunication.de\\\/#website\"},\"datePublished\":\"2020-04-30T11:30:21+00:00\",\"dateModified\":\"2024-05-14T16:08:35+00:00\",\"description\":\"Heute, am 30. April. 2020, erscheint die erste Folge von \u201eDas Tor zur urbanen Zukunft. Der Podcast\u201c auf allen g\u00e4ngigen Streaming-Plattformen.\",\"breadcrumb\":{\"@id\":\"https:\\\/\\\/althallercommunication.de\\\/podcast-zur-urbanen-zukunft-stadtquartier-geht-auf-sendung\\\/#breadcrumb\"},\"inLanguage\":\"en-US\",\"potentialAction\":[{\"@type\":\"ReadAction\",\"target\":[\"https:\\\/\\\/althallercommunication.de\\\/podcast-zur-urbanen-zukunft-stadtquartier-geht-auf-sendung\\\/\"]}]},{\"@type\":\"BreadcrumbList\",\"@id\":\"https:\\\/\\\/althallercommunication.de\\\/podcast-zur-urbanen-zukunft-stadtquartier-geht-auf-sendung\\\/#breadcrumb\",\"itemListElement\":[{\"@type\":\"ListItem\",\"position\":1,\"name\":\"Startseite\",\"item\":\"https:\\\/\\\/althallercommunication.de\\\/en\\\/\"},{\"@type\":\"ListItem\",\"position\":2,\"name\":\"Podcast zur urbanen Zukunft: Stadtquartier geht auf Sendung\"}]},{\"@type\":\"WebSite\",\"@id\":\"https:\\\/\\\/althallercommunication.de\\\/#website\",\"url\":\"https:\\\/\\\/althallercommunication.de\\\/\",\"name\":\"althaller communication\",\"description\":\"Martkommunikation B2B\",\"publisher\":{\"@id\":\"https:\\\/\\\/althallercommunication.de\\\/#organization\"},\"potentialAction\":[{\"@type\":\"SearchAction\",\"target\":{\"@type\":\"EntryPoint\",\"urlTemplate\":\"https:\\\/\\\/althallercommunication.de\\\/?s={search_term_string}\"},\"query-input\":{\"@type\":\"PropertyValueSpecification\",\"valueRequired\":true,\"valueName\":\"search_term_string\"}}],\"inLanguage\":\"en-US\"},{\"@type\":\"Organization\",\"@id\":\"https:\\\/\\\/althallercommunication.de\\\/#organization\",\"name\":\"ALTHALLER communication\",\"url\":\"https:\\\/\\\/althallercommunication.de\\\/\",\"logo\":{\"@type\":\"ImageObject\",\"inLanguage\":\"en-US\",\"@id\":\"https:\\\/\\\/althallercommunication.de\\\/#\\\/schema\\\/logo\\\/image\\\/\",\"url\":\"https:\\\/\\\/althallercommunication.de\\\/wp-content\\\/uploads\\\/2023\\\/12\\\/althaller_comm_b.png\",\"contentUrl\":\"https:\\\/\\\/althallercommunication.de\\\/wp-content\\\/uploads\\\/2023\\\/12\\\/althaller_comm_b.png\",\"width\":464,\"height\":110,\"caption\":\"ALTHALLER communication\"},\"image\":{\"@id\":\"https:\\\/\\\/althallercommunication.de\\\/#\\\/schema\\\/logo\\\/image\\\/\"},\"sameAs\":[\"https:\\\/\\\/www.facebook.com\\\/althallercommunication\",\"https:\\\/\\\/x.com\\\/ALTHALLERcom\",\"https:\\\/\\\/www.linkedin.com\\\/company\\\/3332596?trk=tyah&amp;amp;amp;trkInfo=tas:COMMUNICATION Presse und PR,idx:1-1-1\"]},{\"@type\":\"Person\",\"@id\":\"https:\\\/\\\/althallercommunication.de\\\/#\\\/schema\\\/person\\\/4ca72b5e8d0bebc1f9b3061e463e32ee\",\"name\":\"Jacqueline Althaller\",\"image\":{\"@type\":\"ImageObject\",\"inLanguage\":\"en-US\",\"@id\":\"https:\\\/\\\/secure.gravatar.com\\\/avatar\\\/2e8cdf7784b763130efe210406ba46634d04913cf12c46cf98b2799d6da47211?s=96&d=mm&r=g\",\"url\":\"https:\\\/\\\/secure.gravatar.com\\\/avatar\\\/2e8cdf7784b763130efe210406ba46634d04913cf12c46cf98b2799d6da47211?s=96&d=mm&r=g\",\"contentUrl\":\"https:\\\/\\\/secure.gravatar.com\\\/avatar\\\/2e8cdf7784b763130efe210406ba46634d04913cf12c46cf98b2799d6da47211?s=96&d=mm&r=g\",\"caption\":\"Jacqueline Althaller\"},\"description\":\"$$$2021hmb8hzb4MD\",\"url\":\"https:\\\/\\\/althallercommunication.de\\\/en\\\/author\\\/jacqueline-althaller\\\/\"}]}<\/script>\n<!-- \/ Yoast SEO Premium plugin. -->","yoast_head_json":{"title":"Podcast zur urbanen Zukunft: Stadtquartier geht auf Sendung","description":"Heute, am 30. April. 2020, erscheint die erste Folge von \u201eDas Tor zur urbanen Zukunft. Der Podcast\u201c auf allen g\u00e4ngigen Streaming-Plattformen.","robots":{"index":"index","follow":"follow","max-snippet":"max-snippet:-1","max-image-preview":"max-image-preview:large","max-video-preview":"max-video-preview:-1"},"canonical":"https:\/\/althallercommunication.de\/podcast-zur-urbanen-zukunft-stadtquartier-geht-auf-sendung\/","og_locale":"en_US","og_type":"article","og_title":"Podcast zur urbanen Zukunft: Stadtquartier geht auf Sendung","og_description":"Heute, am 30. April. 2020, erscheint die erste Folge von \u201eDas Tor zur urbanen Zukunft. Der Podcast\u201c auf allen g\u00e4ngigen Streaming-Plattformen.","og_url":"https:\/\/althallercommunication.de\/podcast-zur-urbanen-zukunft-stadtquartier-geht-auf-sendung\/","og_site_name":"althaller communication","article_publisher":"https:\/\/www.facebook.com\/althallercommunication","article_published_time":"2020-04-30T11:30:21+00:00","article_modified_time":"2024-05-14T16:08:35+00:00","author":"Jacqueline Althaller","twitter_card":"summary_large_image","twitter_creator":"@ALTHALLERcom","twitter_site":"@ALTHALLERcom","twitter_misc":{"Written by":"Jacqueline Althaller","Est. reading time":"9 minutes"},"schema":{"@context":"https:\/\/schema.org","@graph":[{"@type":"Article","@id":"https:\/\/althallercommunication.de\/podcast-zur-urbanen-zukunft-stadtquartier-geht-auf-sendung\/#article","isPartOf":{"@id":"https:\/\/althallercommunication.de\/podcast-zur-urbanen-zukunft-stadtquartier-geht-auf-sendung\/"},"author":{"name":"Jacqueline Althaller","@id":"https:\/\/althallercommunication.de\/#\/schema\/person\/4ca72b5e8d0bebc1f9b3061e463e32ee"},"headline":"Podcast zur urbanen Zukunft: Stadtquartier geht auf Sendung","datePublished":"2020-04-30T11:30:21+00:00","dateModified":"2024-05-14T16:08:35+00:00","mainEntityOfPage":{"@id":"https:\/\/althallercommunication.de\/podcast-zur-urbanen-zukunft-stadtquartier-geht-auf-sendung\/"},"wordCount":1815,"publisher":{"@id":"https:\/\/althallercommunication.de\/#organization"},"articleSection":["Schwabinger-Tor"],"inLanguage":"en-US"},{"@type":"WebPage","@id":"https:\/\/althallercommunication.de\/podcast-zur-urbanen-zukunft-stadtquartier-geht-auf-sendung\/","url":"https:\/\/althallercommunication.de\/podcast-zur-urbanen-zukunft-stadtquartier-geht-auf-sendung\/","name":"Podcast zur urbanen Zukunft: Stadtquartier geht auf Sendung","isPartOf":{"@id":"https:\/\/althallercommunication.de\/#website"},"datePublished":"2020-04-30T11:30:21+00:00","dateModified":"2024-05-14T16:08:35+00:00","description":"Heute, am 30. April. 2020, erscheint die erste Folge von \u201eDas Tor zur urbanen Zukunft. Der Podcast\u201c auf allen g\u00e4ngigen Streaming-Plattformen.","breadcrumb":{"@id":"https:\/\/althallercommunication.de\/podcast-zur-urbanen-zukunft-stadtquartier-geht-auf-sendung\/#breadcrumb"},"inLanguage":"en-US","potentialAction":[{"@type":"ReadAction","target":["https:\/\/althallercommunication.de\/podcast-zur-urbanen-zukunft-stadtquartier-geht-auf-sendung\/"]}]},{"@type":"BreadcrumbList","@id":"https:\/\/althallercommunication.de\/podcast-zur-urbanen-zukunft-stadtquartier-geht-auf-sendung\/#breadcrumb","itemListElement":[{"@type":"ListItem","position":1,"name":"Startseite","item":"https:\/\/althallercommunication.de\/en\/"},{"@type":"ListItem","position":2,"name":"Podcast zur urbanen Zukunft: Stadtquartier geht auf Sendung"}]},{"@type":"WebSite","@id":"https:\/\/althallercommunication.de\/#website","url":"https:\/\/althallercommunication.de\/","name":"althaller communication","description":"Martkommunikation B2B","publisher":{"@id":"https:\/\/althallercommunication.de\/#organization"},"potentialAction":[{"@type":"SearchAction","target":{"@type":"EntryPoint","urlTemplate":"https:\/\/althallercommunication.de\/?s={search_term_string}"},"query-input":{"@type":"PropertyValueSpecification","valueRequired":true,"valueName":"search_term_string"}}],"inLanguage":"en-US"},{"@type":"Organization","@id":"https:\/\/althallercommunication.de\/#organization","name":"ALTHALLER communication","url":"https:\/\/althallercommunication.de\/","logo":{"@type":"ImageObject","inLanguage":"en-US","@id":"https:\/\/althallercommunication.de\/#\/schema\/logo\/image\/","url":"https:\/\/althallercommunication.de\/wp-content\/uploads\/2023\/12\/althaller_comm_b.png","contentUrl":"https:\/\/althallercommunication.de\/wp-content\/uploads\/2023\/12\/althaller_comm_b.png","width":464,"height":110,"caption":"ALTHALLER communication"},"image":{"@id":"https:\/\/althallercommunication.de\/#\/schema\/logo\/image\/"},"sameAs":["https:\/\/www.facebook.com\/althallercommunication","https:\/\/x.com\/ALTHALLERcom","https:\/\/www.linkedin.com\/company\/3332596?trk=tyah&amp;amp;amp;trkInfo=tas:COMMUNICATION Presse und PR,idx:1-1-1"]},{"@type":"Person","@id":"https:\/\/althallercommunication.de\/#\/schema\/person\/4ca72b5e8d0bebc1f9b3061e463e32ee","name":"Jacqueline Althaller","image":{"@type":"ImageObject","inLanguage":"en-US","@id":"https:\/\/secure.gravatar.com\/avatar\/2e8cdf7784b763130efe210406ba46634d04913cf12c46cf98b2799d6da47211?s=96&d=mm&r=g","url":"https:\/\/secure.gravatar.com\/avatar\/2e8cdf7784b763130efe210406ba46634d04913cf12c46cf98b2799d6da47211?s=96&d=mm&r=g","contentUrl":"https:\/\/secure.gravatar.com\/avatar\/2e8cdf7784b763130efe210406ba46634d04913cf12c46cf98b2799d6da47211?s=96&d=mm&r=g","caption":"Jacqueline Althaller"},"description":"$$$2021hmb8hzb4MD","url":"https:\/\/althallercommunication.de\/en\/author\/jacqueline-althaller\/"}]}},"_links":{"self":[{"href":"https:\/\/althallercommunication.de\/en\/wp-json\/wp\/v2\/posts\/17427","targetHints":{"allow":["GET"]}}],"collection":[{"href":"https:\/\/althallercommunication.de\/en\/wp-json\/wp\/v2\/posts"}],"about":[{"href":"https:\/\/althallercommunication.de\/en\/wp-json\/wp\/v2\/types\/post"}],"author":[{"embeddable":true,"href":"https:\/\/althallercommunication.de\/en\/wp-json\/wp\/v2\/users\/6"}],"replies":[{"embeddable":true,"href":"https:\/\/althallercommunication.de\/en\/wp-json\/wp\/v2\/comments?post=17427"}],"version-history":[{"count":8,"href":"https:\/\/althallercommunication.de\/en\/wp-json\/wp\/v2\/posts\/17427\/revisions"}],"predecessor-version":[{"id":30185,"href":"https:\/\/althallercommunication.de\/en\/wp-json\/wp\/v2\/posts\/17427\/revisions\/30185"}],"wp:attachment":[{"href":"https:\/\/althallercommunication.de\/en\/wp-json\/wp\/v2\/media?parent=17427"}],"wp:term":[{"taxonomy":"category","embeddable":true,"href":"https:\/\/althallercommunication.de\/en\/wp-json\/wp\/v2\/categories?post=17427"},{"taxonomy":"post_tag","embeddable":true,"href":"https:\/\/althallercommunication.de\/en\/wp-json\/wp\/v2\/tags?post=17427"}],"curies":[{"name":"wp","href":"https:\/\/api.w.org\/{rel}","templated":true}]}}