{"id":17630,"date":"2020-06-09T10:00:01","date_gmt":"2020-06-09T08:00:01","guid":{"rendered":"https:\/\/www.althallercommunication.de\/?p=17593"},"modified":"2023-12-14T11:48:06","modified_gmt":"2023-12-14T10:48:06","slug":"studie-2020-social-media-in-der-b2b-kommunikation-wie-veraendert-sich-die-nutzung-der-kanaele","status":"publish","type":"post","link":"https:\/\/althallercommunication.de\/en\/studie-2020-social-media-in-der-b2b-kommunikation-wie-veraendert-sich-die-nutzung-der-kanaele\/","title":{"rendered":"Studie 2020: Social Media in der B2B-Kommunikation &#8211; wie ver\u00e4ndert sich die Nutzung der Kan\u00e4le?"},"content":{"rendered":"<p><\/p>\n<h3><strong>Wir feiern Jubil\u00e4um!<\/strong><\/h3>\n<p>Seit 10 Jahren k\u00fcmmert sich der von uns gegr\u00fcndete \u201eErster Arbeitskreis Social Media in der B2B-Kommunikation\u201c um die Besonderheiten in der B2B-Kommunikation. In Kooperation mit der Hochschule Ansbach f\u00fchrt der Arbeitskreis die Studie \u201eSocial Media in der B2B-Kommunikation \u2013 wie ver\u00e4ndert sich die Nutzung der Kan\u00e4le?\u201c durch und befragt dabei Unternehmen im DACH-Raum nach ihrer Social Media-Nutzung. Im deutschsprachigen Raum ist unsere Umfrage die einzige Langzeitstudie mit diesem spezifischen Fokus.<\/p>\n<p>Die Studie liefert jedes Jahr einzigartige Insights f\u00fcr den B2B-Bereich. Die Ergebnisse, die j\u00e4hrlich p\u00fcnktlich im Herbst erscheinen, werden f\u00fcr Unternehmen zur wertvollen Entscheidungshilfe bei Budget- und Strategiefragen f\u00fcr das jeweils n\u00e4chste Gesch\u00e4ftsjahr. Denn Trends zeichnen sich bereits ab \u2013 kurzfristige wie langfristige.<\/p>\n<p>2019 zeigt die Studie zum Beispiel: Die Bedeutung von Social Media im B2B-Bereich w\u00e4chst, Unternehmen wagen dabei aber wenig Neues. Entsprechend liegen die klassischen Kan\u00e4le LinkedIn, Xing, Facebook, Twitter und YouTube weiter ganz vorne, Instagram, Snapchat, Vimeo und neuere Plattformen wie TikTok spielen eine untergeordnete Rolle. Das gr\u00f6\u00dfte Hemmnis bei der Nutzung von sozialen Medien in der B2B-Kommunikation lag 2019 in der Messbarkeit der Ergebnisse. Vorsatz vieler Unternehmen deswegen: Die Social Media-Budgets zu erh\u00f6hen, um mit entsprechenden Tools Erfolge messbar zu machen und Social Media-Aktivit\u00e4ten auszubauen \u2013 speziell im Bereich Recruiting.<\/p>\n<p>Konnten Sie diese Vors\u00e4tze 2020 zur Realit\u00e4t machen? Oder wurde Ihnen Mitte M\u00e4rz ein Strich durch die Rechnung gemacht? Wohin hat sich Ihr Fokus in der Social Media-Kommunikation verschoben? Wie gehen Sie in sozialen Medien mit den Auswirkungen der Pandemie um?<\/p>\n<p>Diskutieren Sie mit! Wir sind gespannt auf Ihre Antworten unter folgendem Link: https:\/\/www.surveymonkey.de\/r\/Umfrage-2020_AK-Social-Media-B2B<\/p>\n<p>Als Geburtstagsgeschenk f\u00fcr unsere Studie freuen wir uns au\u00dferdem sehr, wenn Sie den Studienlink in ihren eigenen Netzwerken teilen!<\/p>\n<p><\/p>\n<div id=\"ir-ext-ui\" style=\"color: #000000; font-size: 11px; line-height: 11px; background-color: #f7f7f7; border: 1px solid #999999; border-radius: 2px; top: 1px; right: 1px;\">\n<div class=\"ir-ext-dimensions\"><span class=\"ir-ext-rendered\" title=\"Rendered image dimensions (after any scaling\/resizing has been applied)\"> x <\/span> <span class=\"ir-ext-natural\" title=\"Natural image dimensions (without applying any scaling\/resizing)\"> (x) <\/span><\/div>\n<div class=\"ir-ext-filesize\"><\/div>\n<\/div>\n<p><\/p>\n","protected":false},"excerpt":{"rendered":"<p>Unsere Studie \u201eSocial Media in der B2B-Kommunikation \u2013 wie ver\u00e4ndert sich die Nutzung der Kan\u00e4le?\u201c f\u00fchren wir dieses Jahr zum 10ten Mal durch und freuen uns 2020 und einen einzigarten Langzeitvergleich und auf besonders spannende Insights. Denn in Zeiten einer Pandemie, die f\u00fcr Social Distancing sorgt, wird die Kommunikation \u00fcber Social Media-Kan\u00e4le zur besonders effektiven M\u00f6glichkeit f\u00fcr Unternehmen, mit ihren Stakeholdern in Kontakt zu treten. Seien Sie Teil unserer Expertengruppe und machen Sie mit!<\/p>\n","protected":false},"author":6,"featured_media":17639,"comment_status":"closed","ping_status":"open","sticky":false,"template":"","format":"standard","meta":{"_et_pb_use_builder":"","_et_pb_old_content":"","_et_gb_content_width":"","inline_featured_image":false,"footnotes":""},"categories":[2827],"tags":[62,1198,1384,1574,1199,1514,71,269],"class_list":["post-17630","post","type-post","status-publish","format-standard","has-post-thumbnail","hentry","category-cultundcomm","tag-b2b","tag-b2b-kommunikation","tag-b2b-unternehmenskommunikation","tag-corona-pandemie","tag-langzeitstudie","tag-pandemie","tag-social-media","tag-studie"],"yoast_head":"<!-- This site is optimized with the Yoast SEO Premium plugin v25.3 (Yoast SEO v27.5) - https:\/\/yoast.com\/product\/yoast-seo-premium-wordpress\/ -->\n<title>Studie 2020: Social Media in der B2B-Kommunikation<\/title>\n<meta name=\"description\" content=\"Wie ver\u00e4ndert sich die Nutzung von Social Media in Zeiten einer Pandemie, die f\u00fcr Social Distancing sorgt? Seien Sie Teil unserer Expertengruppe!\" \/>\n<meta name=\"robots\" content=\"index, follow, max-snippet:-1, max-image-preview:large, max-video-preview:-1\" \/>\n<link rel=\"canonical\" href=\"https:\/\/althallercommunication.de\/studie-2020-social-media-in-der-b2b-kommunikation-wie-veraendert-sich-die-nutzung-der-kanaele\/\" \/>\n<meta property=\"og:locale\" content=\"en_US\" \/>\n<meta property=\"og:type\" content=\"article\" \/>\n<meta property=\"og:title\" content=\"Studie 2020: Social Media in der B2B-Kommunikation - wie ver\u00e4ndert sich die Nutzung der Kan\u00e4le?\" \/>\n<meta property=\"og:description\" content=\"Wie ver\u00e4ndert sich die Nutzung von Social Media in Zeiten einer Pandemie, die f\u00fcr Social Distancing sorgt? Seien Sie Teil unserer Expertengruppe!\" \/>\n<meta property=\"og:url\" content=\"https:\/\/althallercommunication.de\/studie-2020-social-media-in-der-b2b-kommunikation-wie-veraendert-sich-die-nutzung-der-kanaele\/\" \/>\n<meta property=\"og:site_name\" content=\"althaller communication\" \/>\n<meta property=\"article:publisher\" content=\"https:\/\/www.facebook.com\/althallercommunication\" \/>\n<meta property=\"article:published_time\" content=\"2020-06-09T08:00:01+00:00\" \/>\n<meta property=\"article:modified_time\" content=\"2023-12-14T10:48:06+00:00\" \/>\n<meta property=\"og:image\" content=\"https:\/\/althallercommunication.de\/wp-content\/uploads\/2020\/06\/Key-Visual_Studie-2020_Normal_1200x800-1.jpg\" \/>\n\t<meta property=\"og:image:width\" content=\"1200\" \/>\n\t<meta property=\"og:image:height\" content=\"800\" \/>\n\t<meta property=\"og:image:type\" content=\"image\/jpeg\" \/>\n<meta name=\"author\" content=\"Jacqueline Althaller\" \/>\n<meta name=\"twitter:card\" content=\"summary_large_image\" \/>\n<meta name=\"twitter:creator\" content=\"@ALTHALLERcom\" \/>\n<meta name=\"twitter:site\" content=\"@ALTHALLERcom\" \/>\n<meta name=\"twitter:label1\" content=\"Written by\" \/>\n\t<meta name=\"twitter:data1\" content=\"Jacqueline Althaller\" \/>\n\t<meta name=\"twitter:label2\" content=\"Est. reading time\" \/>\n\t<meta name=\"twitter:data2\" content=\"3 minutes\" \/>\n<script type=\"application\/ld+json\" class=\"yoast-schema-graph\">{\"@context\":\"https:\\\/\\\/schema.org\",\"@graph\":[{\"@type\":\"Article\",\"@id\":\"https:\\\/\\\/althallercommunication.de\\\/studie-2020-social-media-in-der-b2b-kommunikation-wie-veraendert-sich-die-nutzung-der-kanaele\\\/#article\",\"isPartOf\":{\"@id\":\"https:\\\/\\\/althallercommunication.de\\\/studie-2020-social-media-in-der-b2b-kommunikation-wie-veraendert-sich-die-nutzung-der-kanaele\\\/\"},\"author\":{\"name\":\"Jacqueline Althaller\",\"@id\":\"https:\\\/\\\/althallercommunication.de\\\/#\\\/schema\\\/person\\\/4ca72b5e8d0bebc1f9b3061e463e32ee\"},\"headline\":\"Studie 2020: Social Media in der B2B-Kommunikation &#8211; wie ver\u00e4ndert sich die Nutzung der Kan\u00e4le?\",\"datePublished\":\"2020-06-09T08:00:01+00:00\",\"dateModified\":\"2023-12-14T10:48:06+00:00\",\"mainEntityOfPage\":{\"@id\":\"https:\\\/\\\/althallercommunication.de\\\/studie-2020-social-media-in-der-b2b-kommunikation-wie-veraendert-sich-die-nutzung-der-kanaele\\\/\"},\"wordCount\":715,\"publisher\":{\"@id\":\"https:\\\/\\\/althallercommunication.de\\\/#organization\"},\"image\":{\"@id\":\"https:\\\/\\\/althallercommunication.de\\\/studie-2020-social-media-in-der-b2b-kommunikation-wie-veraendert-sich-die-nutzung-der-kanaele\\\/#primaryimage\"},\"thumbnailUrl\":\"https:\\\/\\\/althallercommunication.de\\\/wp-content\\\/uploads\\\/2020\\\/06\\\/Key-Visual_Studie-2020_Normal_1200x800-1.jpg\",\"keywords\":[\"B2B\",\"B2B Kommunikation\",\"B2B-Unternehmenskommunikation\",\"Corona-Pandemie\",\"Langzeitstudie\",\"Pandemie\",\"Social Media\",\"Studie\"],\"articleSection\":[\"cultundcomm\"],\"inLanguage\":\"en-US\"},{\"@type\":\"WebPage\",\"@id\":\"https:\\\/\\\/althallercommunication.de\\\/studie-2020-social-media-in-der-b2b-kommunikation-wie-veraendert-sich-die-nutzung-der-kanaele\\\/\",\"url\":\"https:\\\/\\\/althallercommunication.de\\\/studie-2020-social-media-in-der-b2b-kommunikation-wie-veraendert-sich-die-nutzung-der-kanaele\\\/\",\"name\":\"Studie 2020: Social Media in der B2B-Kommunikation\",\"isPartOf\":{\"@id\":\"https:\\\/\\\/althallercommunication.de\\\/#website\"},\"primaryImageOfPage\":{\"@id\":\"https:\\\/\\\/althallercommunication.de\\\/studie-2020-social-media-in-der-b2b-kommunikation-wie-veraendert-sich-die-nutzung-der-kanaele\\\/#primaryimage\"},\"image\":{\"@id\":\"https:\\\/\\\/althallercommunication.de\\\/studie-2020-social-media-in-der-b2b-kommunikation-wie-veraendert-sich-die-nutzung-der-kanaele\\\/#primaryimage\"},\"thumbnailUrl\":\"https:\\\/\\\/althallercommunication.de\\\/wp-content\\\/uploads\\\/2020\\\/06\\\/Key-Visual_Studie-2020_Normal_1200x800-1.jpg\",\"datePublished\":\"2020-06-09T08:00:01+00:00\",\"dateModified\":\"2023-12-14T10:48:06+00:00\",\"description\":\"Wie ver\u00e4ndert sich die Nutzung von Social Media in Zeiten einer Pandemie, die f\u00fcr Social Distancing sorgt? Seien Sie Teil unserer Expertengruppe!\",\"breadcrumb\":{\"@id\":\"https:\\\/\\\/althallercommunication.de\\\/studie-2020-social-media-in-der-b2b-kommunikation-wie-veraendert-sich-die-nutzung-der-kanaele\\\/#breadcrumb\"},\"inLanguage\":\"en-US\",\"potentialAction\":[{\"@type\":\"ReadAction\",\"target\":[\"https:\\\/\\\/althallercommunication.de\\\/studie-2020-social-media-in-der-b2b-kommunikation-wie-veraendert-sich-die-nutzung-der-kanaele\\\/\"]}]},{\"@type\":\"ImageObject\",\"inLanguage\":\"en-US\",\"@id\":\"https:\\\/\\\/althallercommunication.de\\\/studie-2020-social-media-in-der-b2b-kommunikation-wie-veraendert-sich-die-nutzung-der-kanaele\\\/#primaryimage\",\"url\":\"https:\\\/\\\/althallercommunication.de\\\/wp-content\\\/uploads\\\/2020\\\/06\\\/Key-Visual_Studie-2020_Normal_1200x800-1.jpg\",\"contentUrl\":\"https:\\\/\\\/althallercommunication.de\\\/wp-content\\\/uploads\\\/2020\\\/06\\\/Key-Visual_Studie-2020_Normal_1200x800-1.jpg\",\"width\":1200,\"height\":800,\"caption\":\"Key Visual Studie 2020\"},{\"@type\":\"BreadcrumbList\",\"@id\":\"https:\\\/\\\/althallercommunication.de\\\/studie-2020-social-media-in-der-b2b-kommunikation-wie-veraendert-sich-die-nutzung-der-kanaele\\\/#breadcrumb\",\"itemListElement\":[{\"@type\":\"ListItem\",\"position\":1,\"name\":\"Startseite\",\"item\":\"https:\\\/\\\/althallercommunication.de\\\/en\\\/\"},{\"@type\":\"ListItem\",\"position\":2,\"name\":\"Studie 2020: Social Media in der B2B-Kommunikation &#8211; wie ver\u00e4ndert sich die Nutzung der Kan\u00e4le?\"}]},{\"@type\":\"WebSite\",\"@id\":\"https:\\\/\\\/althallercommunication.de\\\/#website\",\"url\":\"https:\\\/\\\/althallercommunication.de\\\/\",\"name\":\"althaller communication\",\"description\":\"Martkommunikation B2B\",\"publisher\":{\"@id\":\"https:\\\/\\\/althallercommunication.de\\\/#organization\"},\"potentialAction\":[{\"@type\":\"SearchAction\",\"target\":{\"@type\":\"EntryPoint\",\"urlTemplate\":\"https:\\\/\\\/althallercommunication.de\\\/?s={search_term_string}\"},\"query-input\":{\"@type\":\"PropertyValueSpecification\",\"valueRequired\":true,\"valueName\":\"search_term_string\"}}],\"inLanguage\":\"en-US\"},{\"@type\":\"Organization\",\"@id\":\"https:\\\/\\\/althallercommunication.de\\\/#organization\",\"name\":\"ALTHALLER communication\",\"url\":\"https:\\\/\\\/althallercommunication.de\\\/\",\"logo\":{\"@type\":\"ImageObject\",\"inLanguage\":\"en-US\",\"@id\":\"https:\\\/\\\/althallercommunication.de\\\/#\\\/schema\\\/logo\\\/image\\\/\",\"url\":\"https:\\\/\\\/althallercommunication.de\\\/wp-content\\\/uploads\\\/2023\\\/12\\\/althaller_comm_b.png\",\"contentUrl\":\"https:\\\/\\\/althallercommunication.de\\\/wp-content\\\/uploads\\\/2023\\\/12\\\/althaller_comm_b.png\",\"width\":464,\"height\":110,\"caption\":\"ALTHALLER communication\"},\"image\":{\"@id\":\"https:\\\/\\\/althallercommunication.de\\\/#\\\/schema\\\/logo\\\/image\\\/\"},\"sameAs\":[\"https:\\\/\\\/www.facebook.com\\\/althallercommunication\",\"https:\\\/\\\/x.com\\\/ALTHALLERcom\",\"https:\\\/\\\/www.linkedin.com\\\/company\\\/3332596?trk=tyah&amp;amp;amp;trkInfo=tas:COMMUNICATION Presse und PR,idx:1-1-1\"]},{\"@type\":\"Person\",\"@id\":\"https:\\\/\\\/althallercommunication.de\\\/#\\\/schema\\\/person\\\/4ca72b5e8d0bebc1f9b3061e463e32ee\",\"name\":\"Jacqueline Althaller\",\"image\":{\"@type\":\"ImageObject\",\"inLanguage\":\"en-US\",\"@id\":\"https:\\\/\\\/secure.gravatar.com\\\/avatar\\\/2e8cdf7784b763130efe210406ba46634d04913cf12c46cf98b2799d6da47211?s=96&d=mm&r=g\",\"url\":\"https:\\\/\\\/secure.gravatar.com\\\/avatar\\\/2e8cdf7784b763130efe210406ba46634d04913cf12c46cf98b2799d6da47211?s=96&d=mm&r=g\",\"contentUrl\":\"https:\\\/\\\/secure.gravatar.com\\\/avatar\\\/2e8cdf7784b763130efe210406ba46634d04913cf12c46cf98b2799d6da47211?s=96&d=mm&r=g\",\"caption\":\"Jacqueline Althaller\"},\"description\":\"$$$2021hmb8hzb4MD\",\"url\":\"https:\\\/\\\/althallercommunication.de\\\/en\\\/author\\\/jacqueline-althaller\\\/\"}]}<\/script>\n<!-- \/ Yoast SEO Premium plugin. -->","yoast_head_json":{"title":"Studie 2020: Social Media in der B2B-Kommunikation","description":"Wie ver\u00e4ndert sich die Nutzung von Social Media in Zeiten einer Pandemie, die f\u00fcr Social Distancing sorgt? Seien Sie Teil unserer Expertengruppe!","robots":{"index":"index","follow":"follow","max-snippet":"max-snippet:-1","max-image-preview":"max-image-preview:large","max-video-preview":"max-video-preview:-1"},"canonical":"https:\/\/althallercommunication.de\/studie-2020-social-media-in-der-b2b-kommunikation-wie-veraendert-sich-die-nutzung-der-kanaele\/","og_locale":"en_US","og_type":"article","og_title":"Studie 2020: Social Media in der B2B-Kommunikation - wie ver\u00e4ndert sich die Nutzung der Kan\u00e4le?","og_description":"Wie ver\u00e4ndert sich die Nutzung von Social Media in Zeiten einer Pandemie, die f\u00fcr Social Distancing sorgt? Seien Sie Teil unserer Expertengruppe!","og_url":"https:\/\/althallercommunication.de\/studie-2020-social-media-in-der-b2b-kommunikation-wie-veraendert-sich-die-nutzung-der-kanaele\/","og_site_name":"althaller communication","article_publisher":"https:\/\/www.facebook.com\/althallercommunication","article_published_time":"2020-06-09T08:00:01+00:00","article_modified_time":"2023-12-14T10:48:06+00:00","og_image":[{"width":1200,"height":800,"url":"https:\/\/althallercommunication.de\/wp-content\/uploads\/2020\/06\/Key-Visual_Studie-2020_Normal_1200x800-1.jpg","type":"image\/jpeg"}],"author":"Jacqueline Althaller","twitter_card":"summary_large_image","twitter_creator":"@ALTHALLERcom","twitter_site":"@ALTHALLERcom","twitter_misc":{"Written by":"Jacqueline Althaller","Est. reading time":"3 minutes"},"schema":{"@context":"https:\/\/schema.org","@graph":[{"@type":"Article","@id":"https:\/\/althallercommunication.de\/studie-2020-social-media-in-der-b2b-kommunikation-wie-veraendert-sich-die-nutzung-der-kanaele\/#article","isPartOf":{"@id":"https:\/\/althallercommunication.de\/studie-2020-social-media-in-der-b2b-kommunikation-wie-veraendert-sich-die-nutzung-der-kanaele\/"},"author":{"name":"Jacqueline Althaller","@id":"https:\/\/althallercommunication.de\/#\/schema\/person\/4ca72b5e8d0bebc1f9b3061e463e32ee"},"headline":"Studie 2020: Social Media in der B2B-Kommunikation &#8211; wie ver\u00e4ndert sich die Nutzung der Kan\u00e4le?","datePublished":"2020-06-09T08:00:01+00:00","dateModified":"2023-12-14T10:48:06+00:00","mainEntityOfPage":{"@id":"https:\/\/althallercommunication.de\/studie-2020-social-media-in-der-b2b-kommunikation-wie-veraendert-sich-die-nutzung-der-kanaele\/"},"wordCount":715,"publisher":{"@id":"https:\/\/althallercommunication.de\/#organization"},"image":{"@id":"https:\/\/althallercommunication.de\/studie-2020-social-media-in-der-b2b-kommunikation-wie-veraendert-sich-die-nutzung-der-kanaele\/#primaryimage"},"thumbnailUrl":"https:\/\/althallercommunication.de\/wp-content\/uploads\/2020\/06\/Key-Visual_Studie-2020_Normal_1200x800-1.jpg","keywords":["B2B","B2B Kommunikation","B2B-Unternehmenskommunikation","Corona-Pandemie","Langzeitstudie","Pandemie","Social Media","Studie"],"articleSection":["cultundcomm"],"inLanguage":"en-US"},{"@type":"WebPage","@id":"https:\/\/althallercommunication.de\/studie-2020-social-media-in-der-b2b-kommunikation-wie-veraendert-sich-die-nutzung-der-kanaele\/","url":"https:\/\/althallercommunication.de\/studie-2020-social-media-in-der-b2b-kommunikation-wie-veraendert-sich-die-nutzung-der-kanaele\/","name":"Studie 2020: Social Media in der B2B-Kommunikation","isPartOf":{"@id":"https:\/\/althallercommunication.de\/#website"},"primaryImageOfPage":{"@id":"https:\/\/althallercommunication.de\/studie-2020-social-media-in-der-b2b-kommunikation-wie-veraendert-sich-die-nutzung-der-kanaele\/#primaryimage"},"image":{"@id":"https:\/\/althallercommunication.de\/studie-2020-social-media-in-der-b2b-kommunikation-wie-veraendert-sich-die-nutzung-der-kanaele\/#primaryimage"},"thumbnailUrl":"https:\/\/althallercommunication.de\/wp-content\/uploads\/2020\/06\/Key-Visual_Studie-2020_Normal_1200x800-1.jpg","datePublished":"2020-06-09T08:00:01+00:00","dateModified":"2023-12-14T10:48:06+00:00","description":"Wie ver\u00e4ndert sich die Nutzung von Social Media in Zeiten einer Pandemie, die f\u00fcr Social Distancing sorgt? Seien Sie Teil unserer Expertengruppe!","breadcrumb":{"@id":"https:\/\/althallercommunication.de\/studie-2020-social-media-in-der-b2b-kommunikation-wie-veraendert-sich-die-nutzung-der-kanaele\/#breadcrumb"},"inLanguage":"en-US","potentialAction":[{"@type":"ReadAction","target":["https:\/\/althallercommunication.de\/studie-2020-social-media-in-der-b2b-kommunikation-wie-veraendert-sich-die-nutzung-der-kanaele\/"]}]},{"@type":"ImageObject","inLanguage":"en-US","@id":"https:\/\/althallercommunication.de\/studie-2020-social-media-in-der-b2b-kommunikation-wie-veraendert-sich-die-nutzung-der-kanaele\/#primaryimage","url":"https:\/\/althallercommunication.de\/wp-content\/uploads\/2020\/06\/Key-Visual_Studie-2020_Normal_1200x800-1.jpg","contentUrl":"https:\/\/althallercommunication.de\/wp-content\/uploads\/2020\/06\/Key-Visual_Studie-2020_Normal_1200x800-1.jpg","width":1200,"height":800,"caption":"Key Visual Studie 2020"},{"@type":"BreadcrumbList","@id":"https:\/\/althallercommunication.de\/studie-2020-social-media-in-der-b2b-kommunikation-wie-veraendert-sich-die-nutzung-der-kanaele\/#breadcrumb","itemListElement":[{"@type":"ListItem","position":1,"name":"Startseite","item":"https:\/\/althallercommunication.de\/en\/"},{"@type":"ListItem","position":2,"name":"Studie 2020: Social Media in der B2B-Kommunikation &#8211; wie ver\u00e4ndert sich die Nutzung der Kan\u00e4le?"}]},{"@type":"WebSite","@id":"https:\/\/althallercommunication.de\/#website","url":"https:\/\/althallercommunication.de\/","name":"althaller communication","description":"Martkommunikation B2B","publisher":{"@id":"https:\/\/althallercommunication.de\/#organization"},"potentialAction":[{"@type":"SearchAction","target":{"@type":"EntryPoint","urlTemplate":"https:\/\/althallercommunication.de\/?s={search_term_string}"},"query-input":{"@type":"PropertyValueSpecification","valueRequired":true,"valueName":"search_term_string"}}],"inLanguage":"en-US"},{"@type":"Organization","@id":"https:\/\/althallercommunication.de\/#organization","name":"ALTHALLER communication","url":"https:\/\/althallercommunication.de\/","logo":{"@type":"ImageObject","inLanguage":"en-US","@id":"https:\/\/althallercommunication.de\/#\/schema\/logo\/image\/","url":"https:\/\/althallercommunication.de\/wp-content\/uploads\/2023\/12\/althaller_comm_b.png","contentUrl":"https:\/\/althallercommunication.de\/wp-content\/uploads\/2023\/12\/althaller_comm_b.png","width":464,"height":110,"caption":"ALTHALLER communication"},"image":{"@id":"https:\/\/althallercommunication.de\/#\/schema\/logo\/image\/"},"sameAs":["https:\/\/www.facebook.com\/althallercommunication","https:\/\/x.com\/ALTHALLERcom","https:\/\/www.linkedin.com\/company\/3332596?trk=tyah&amp;amp;amp;trkInfo=tas:COMMUNICATION Presse und PR,idx:1-1-1"]},{"@type":"Person","@id":"https:\/\/althallercommunication.de\/#\/schema\/person\/4ca72b5e8d0bebc1f9b3061e463e32ee","name":"Jacqueline Althaller","image":{"@type":"ImageObject","inLanguage":"en-US","@id":"https:\/\/secure.gravatar.com\/avatar\/2e8cdf7784b763130efe210406ba46634d04913cf12c46cf98b2799d6da47211?s=96&d=mm&r=g","url":"https:\/\/secure.gravatar.com\/avatar\/2e8cdf7784b763130efe210406ba46634d04913cf12c46cf98b2799d6da47211?s=96&d=mm&r=g","contentUrl":"https:\/\/secure.gravatar.com\/avatar\/2e8cdf7784b763130efe210406ba46634d04913cf12c46cf98b2799d6da47211?s=96&d=mm&r=g","caption":"Jacqueline Althaller"},"description":"$$$2021hmb8hzb4MD","url":"https:\/\/althallercommunication.de\/en\/author\/jacqueline-althaller\/"}]}},"_links":{"self":[{"href":"https:\/\/althallercommunication.de\/en\/wp-json\/wp\/v2\/posts\/17630","targetHints":{"allow":["GET"]}}],"collection":[{"href":"https:\/\/althallercommunication.de\/en\/wp-json\/wp\/v2\/posts"}],"about":[{"href":"https:\/\/althallercommunication.de\/en\/wp-json\/wp\/v2\/types\/post"}],"author":[{"embeddable":true,"href":"https:\/\/althallercommunication.de\/en\/wp-json\/wp\/v2\/users\/6"}],"replies":[{"embeddable":true,"href":"https:\/\/althallercommunication.de\/en\/wp-json\/wp\/v2\/comments?post=17630"}],"version-history":[{"count":2,"href":"https:\/\/althallercommunication.de\/en\/wp-json\/wp\/v2\/posts\/17630\/revisions"}],"predecessor-version":[{"id":17641,"href":"https:\/\/althallercommunication.de\/en\/wp-json\/wp\/v2\/posts\/17630\/revisions\/17641"}],"wp:featuredmedia":[{"embeddable":true,"href":"https:\/\/althallercommunication.de\/en\/wp-json\/wp\/v2\/media\/17639"}],"wp:attachment":[{"href":"https:\/\/althallercommunication.de\/en\/wp-json\/wp\/v2\/media?parent=17630"}],"wp:term":[{"taxonomy":"category","embeddable":true,"href":"https:\/\/althallercommunication.de\/en\/wp-json\/wp\/v2\/categories?post=17630"},{"taxonomy":"post_tag","embeddable":true,"href":"https:\/\/althallercommunication.de\/en\/wp-json\/wp\/v2\/tags?post=17630"}],"curies":[{"name":"wp","href":"https:\/\/api.w.org\/{rel}","templated":true}]}}