{"id":17785,"date":"2020-07-21T10:00:01","date_gmt":"2020-07-21T08:00:01","guid":{"rendered":"https:\/\/www.althallercommunication.de\/?p=17785"},"modified":"2023-12-14T11:46:43","modified_gmt":"2023-12-14T10:46:43","slug":"das-tor-zur-urbanen-zukunft-folge-3-die-mobile-stadt","status":"publish","type":"post","link":"https:\/\/althallercommunication.de\/en\/das-tor-zur-urbanen-zukunft-folge-3-die-mobile-stadt\/","title":{"rendered":"Das Tor zur urbanen Zukunft \u2013 Folge 3: Die mobile Stadt"},"content":{"rendered":"<p><\/p>\n<p>In unserem Podcast \u201eDas Tor zur urbanen Zukunft\u201c begeben wir uns auf die Suche nach Antworten auf Fragen des zukunftsf\u00e4higen urbanen Raumes. Gemeinsam mit Zukunftsforscher Michael Carl und der Jost Hurler Gruppe fragen wir unsere G\u00e4ste, wie wir in Zukunft leben, wohnen und arbeiten wollen.<\/p>\n<p>Heute zu Gast: Daniela Bohlinger, Head of \u201eSustainability in Design\u201c bei der BMW Group. Nachhaltigkeit und Verantwortung beginnen f\u00fcr sie schon bei der Planung von neuen Produkten \u2013 bei Automobilen wie beim Umfeld der Mobilit\u00e4t, dem urbanen Raum.<\/p>\n<p><strong>Frau Bohlinger, lassen Sie uns erst einmal den Begriff kl\u00e4ren: Was machen Sie denn als Head of \u201eSustainability in Design\u201c und welche F\u00e4higkeiten muss man daf\u00fcr mitbringen?<\/strong><\/p>\n<p>Bohlinger: Wir definieren Produktdesign neu \u2013 mit Fokus auf Nachhaltigkeit. Wir entwickeln Strategien, die uns zukunftsf\u00e4hig machen und helfen, die Nachhaltigkeitsziele der BMW Group zu erreichen.<\/p>\n<p>Hier treffen zwei sehr tradierte Begriffe aufeinander. Der Begriff der Nachhaltigkeit oder Sustainability kommt ja zun\u00e4chst aus dem Waldbau und besagt, dass man nicht mehr Ressourcen aus der Natur entnehmen soll als man wieder nachpflanzt. Das trifft auf den Begriff Design, der mit H\u00fcbschmachen assoziiert wird. Das Missverst\u00e4ndnis liegt darin, dass wir nicht einfach h\u00fcbsch machen, sondern dass wir \u00f6konomisch, \u00f6kologisch und sozial Verantwortung \u00fcbernehmen und gleichzeitig aber Form geben und mit jedem Strich, den wir zeichnen, verstehen, welcher Prozess und welche Materialien dahinterstehen m\u00fcssen.<\/p>\n<p><strong>In diesem Sinn kann ja Design auch wirklich zum Umweltschutz beitragen. Wie erleben Sie Ihre Rolle? <\/strong><\/p>\n<p>Absolut, das ist sogar sehr zentral! Ich glaube, wir m\u00fcssen da auch noch sehr viel mehr aufkl\u00e4ren, den rein \u00f6kologischen Gedanken noch mehr in den Mittelpunkt r\u00fccken und die Kommunikation zum Thema kontinuierlich aufrechterhalten. Und da geht es auch um jeden Einzelnen.<\/p>\n<p><strong>Wir sprechen gerade \u00fcber Nachhaltigkeit, wir sind aber immer noch dabei, Fahrzeuge zu bauen. Mal schlicht gefragt: M\u00fcssten wir nicht eigentlich \u00fcber nachhaltige Fahrzeuge oder Mobilit\u00e4t an sich sprechen?<\/strong><\/p>\n<p>Wir m\u00fcssen \u00fcber nachhaltige Mobilit\u00e4t sprechen. Was bedeutet das aber f\u00fcr jeden Einzelnen? Ich laufe z.B. die 10km morgens in die Arbeit nicht zu Fu\u00df. F\u00fcr diese Distanz brauche ich irgendeine Art von Fahrzeug. Und das kann hochverantwortungsvoll und \u00f6kologisch sauber gestaltet sein oder eben nicht. Und jetzt ist die Frage, wie viel von was in einem urbanen Raum zusammenkommt. Es gibt viele, die mit normalen Fahrr\u00e4dern unterwegs sind. Und dann gibt es aber auch solche, die von au\u00dfen mit ihren Autos in die Stadt fahren m\u00fcssen \u2013 das ist kein <em>Entweder \/ Oder<\/em>, sondern ein <em>Zusammen<\/em> und das werden wir auch erst einmal nicht gro\u00dfartig \u00e4ndern. Die Frage ist, wie die Gewichtung aussieht und wo diese Gewichtung im urbanen Raum stattfindet.<\/p>\n<p><strong>Ich w\u00fcrde das gerne noch einmal zuspitzen. Die Frage, die ich mir ganz schlicht stelle, ist: Funktioniert nachhaltige Mobilit\u00e4t in den St\u00e4dten, die wir haben oder brauchen wir daf\u00fcr neue St\u00e4dte?<\/strong><\/p>\n<p>Die Frage ist nicht, ob es funktioniert. Die Frage nach der Toleranz wird uns in die Verzweiflung treiben: Wie lange werden wir die heutige Mobilit\u00e4t noch tolerieren mit ihren Staus und Emissionen? Wenn wir eine neue Stadt planen k\u00f6nnen, werden wir aufgrund der neuen CO2-Konzepte auch mit anderen Mobilit\u00e4tskonzepten arbeiten. Aber wir werden neue Mobilit\u00e4tskonzepte auf den Markt bringen m\u00fcssen, um sowohl die konservativen als auch die vision\u00e4ren Zukunftsmodelle bedienen zu k\u00f6nnen.<\/p>\n<p><strong>Sie sind beruflich ja viel unterwegs. Welche Stadt ist Ihrer Meinung nach denn schon am weitesten, was das nachhaltige Konzept angeht?<\/strong><\/p>\n<p>Spannende Frage, weil: Was ist denn eine nachhaltige Stadt, die es heute schon gibt? Ich begeistere mich f\u00fcr skandinavische St\u00e4dte, weil sie eine extrem gute Infrastruktur in Sachen Elektromobilit\u00e4t haben und aus ihrer Tradition heraus \u00fcberall Elektrosteckdosen haben. Ich kann mich f\u00fcr St\u00e4dte begeistern, die Wasserwege aktiv nutzen, die aktiv Fahrradfahrern den Vorrang geben und die ein gro\u00dfes Sharing-Modell innerhalb der St\u00e4dte haben. Aber es geht auch um die Bewohner, die das annehmen und verstehen, dass sie so schneller unterwegs sind.<\/p>\n<p><strong>Ich w\u00fcrde da gerne noch einmal nachhaken, um zu verstehen, wie Sie denken. Denkt ein Konzern wie BMW Mobilit\u00e4t in Fahrzeugen oder ist der Anspruch, gr\u00f6\u00dfere Mobilit\u00e4tskonzepte aus einer Hand zu liefern?<\/strong><\/p>\n<p>Wir haben auf jeden Fall den holistischen Gedanken. Unsere Kernkompetenz liegt in der Individualmobilit\u00e4t, aber spannend wird es da, wo wir diese mit dem \u00f6ffentlichen Verkehr verbinden. Wir wollen schlie\u00dflich auch den suburbanen Raum mitdenken und in unsere Planung einbeziehen.<\/p>\n<p><strong>Wandern wir einmal nach Utopia. Wie viel Platz bekommen denn k\u00fcnftig die Natur und die Menschen und wie viel der Verkehr?<\/strong><\/p>\n<p>In meinem Utopia 2050 wird sich Mobilit\u00e4t auf mehrere Ebenen auff\u00e4chern m\u00fcssen, um den Raum der Menschen so ideal wie m\u00f6glich zu gestalten. Ich glaube, wir m\u00fcssen k\u00fcnftig wieder h\u00f6her bauen, um den Carbon Footprint zu verringern. Autos werden vielleicht nicht mehr wirklich sichtbar an den Stra\u00dfen parken, on-Demand-Mobility wird stattfinden. Der \u00f6ffentliche Nahverkehr wird sich anders darstellen. Die Konnektivit\u00e4t zwischen allen Fahrzeugen muss harmonischer ablaufen. Wir m\u00fcssen k\u00fcnftig Rush Hours vermeiden.<\/p>\n<p><em>Insofern k\u00f6nnen wir uns mit Blick auf Utopia auf ein Leben freuen ohne Stau, auf ein Lebensgef\u00fchl, das mehr auf ein Miteinander ausgerichtet ist und auf intelligente Systeme, die es uns erm\u00f6glichen mobil zu bleiben, ohne die Nachteile des heutigen Verkehrs erleben zu m\u00fcssen.<\/em><\/p>\n<p>Danke an Daniela Bohlinger f\u00fcr das Interview!<\/p>\n<p>Wie sieht f\u00fcr Sie die mobile Stadt aus? Was muss bis dahin noch passieren? Wir freuen uns auf Ihre und Eure Meinungen!<\/p>\n<p><\/p>\n","protected":false},"excerpt":{"rendered":"<p>Heute zu Gast im Podcast: Daniela Bohlinger, Head of \u201eSustainability in Design\u201c bei der BMW Group. Nachhaltigkeit und Verantwortung fangen f\u00fcr sie schon bei der Planung von neuen Produkten an \u2013 bei Automobilen wie beim Umfeld der Mobilit\u00e4t, dem urbanen Raum.<\/p>\n","protected":false},"author":6,"featured_media":17786,"comment_status":"closed","ping_status":"open","sticky":false,"template":"","format":"standard","meta":{"_et_pb_use_builder":"","_et_pb_old_content":"","_et_gb_content_width":"","inline_featured_image":false,"footnotes":""},"categories":[2827],"tags":[62,1198,1384,65,1545,1548,132,1546,1547,99,71],"class_list":["post-17785","post","type-post","status-publish","format-standard","has-post-thumbnail","hentry","category-cultundcomm","tag-b2b","tag-b2b-kommunikation","tag-b2b-unternehmenskommunikation","tag-blog","tag-bloggen","tag-community-management","tag-content","tag-corporate-blog","tag-entwicklungen","tag-medium","tag-social-media"],"yoast_head":"<!-- This site is optimized with the Yoast SEO Premium plugin v25.3 (Yoast SEO v27.5) - https:\/\/yoast.com\/product\/yoast-seo-premium-wordpress\/ -->\n<title>Das Tor zur urbanen Zukunft \u2013 Folge 3: Die mobile Stadt<\/title>\n<meta name=\"description\" content=\"Daniela Bohlinger, Head of \u201eSustainability in Design\u201c bei der BMW Group, \u00fcber nachhaltige Mobilit\u00e4tskonzepte und Verantwortung beim Produktdesign.\" \/>\n<meta name=\"robots\" content=\"index, follow, max-snippet:-1, max-image-preview:large, max-video-preview:-1\" \/>\n<link rel=\"canonical\" href=\"https:\/\/althallercommunication.de\/das-tor-zur-urbanen-zukunft-folge-3-die-mobile-stadt\/\" \/>\n<meta property=\"og:locale\" content=\"en_US\" \/>\n<meta property=\"og:type\" content=\"article\" \/>\n<meta property=\"og:title\" content=\"Das Tor zur urbanen Zukunft \u2013 Folge 3: Die mobile Stadt\" \/>\n<meta property=\"og:description\" content=\"Daniela Bohlinger, Head of \u201eSustainability in Design\u201c bei der BMW Group, \u00fcber nachhaltige Mobilit\u00e4tskonzepte und Verantwortung beim Produktdesign.\" \/>\n<meta property=\"og:url\" content=\"https:\/\/althallercommunication.de\/das-tor-zur-urbanen-zukunft-folge-3-die-mobile-stadt\/\" \/>\n<meta property=\"og:site_name\" content=\"althaller communication\" \/>\n<meta property=\"article:publisher\" content=\"https:\/\/www.facebook.com\/althallercommunication\" \/>\n<meta property=\"article:published_time\" content=\"2020-07-21T08:00:01+00:00\" \/>\n<meta property=\"article:modified_time\" content=\"2023-12-14T10:46:43+00:00\" \/>\n<meta property=\"og:image\" content=\"https:\/\/althallercommunication.de\/wp-content\/uploads\/2020\/06\/Visual-normal.jpg\" \/>\n\t<meta property=\"og:image:width\" content=\"1200\" \/>\n\t<meta property=\"og:image:height\" content=\"800\" \/>\n\t<meta property=\"og:image:type\" content=\"image\/jpeg\" \/>\n<meta name=\"author\" content=\"Jacqueline Althaller\" \/>\n<meta name=\"twitter:card\" content=\"summary_large_image\" \/>\n<meta name=\"twitter:creator\" content=\"@ALTHALLERcom\" \/>\n<meta name=\"twitter:site\" content=\"@ALTHALLERcom\" \/>\n<meta name=\"twitter:label1\" content=\"Written by\" \/>\n\t<meta name=\"twitter:data1\" content=\"Jacqueline Althaller\" \/>\n\t<meta name=\"twitter:label2\" content=\"Est. reading time\" \/>\n\t<meta name=\"twitter:data2\" content=\"6 minutes\" \/>\n<script type=\"application\/ld+json\" class=\"yoast-schema-graph\">{\"@context\":\"https:\\\/\\\/schema.org\",\"@graph\":[{\"@type\":\"Article\",\"@id\":\"https:\\\/\\\/althallercommunication.de\\\/das-tor-zur-urbanen-zukunft-folge-3-die-mobile-stadt\\\/#article\",\"isPartOf\":{\"@id\":\"https:\\\/\\\/althallercommunication.de\\\/das-tor-zur-urbanen-zukunft-folge-3-die-mobile-stadt\\\/\"},\"author\":{\"name\":\"Jacqueline Althaller\",\"@id\":\"https:\\\/\\\/althallercommunication.de\\\/#\\\/schema\\\/person\\\/4ca72b5e8d0bebc1f9b3061e463e32ee\"},\"headline\":\"Das Tor zur urbanen Zukunft \u2013 Folge 3: Die mobile Stadt\",\"datePublished\":\"2020-07-21T08:00:01+00:00\",\"dateModified\":\"2023-12-14T10:46:43+00:00\",\"mainEntityOfPage\":{\"@id\":\"https:\\\/\\\/althallercommunication.de\\\/das-tor-zur-urbanen-zukunft-folge-3-die-mobile-stadt\\\/\"},\"wordCount\":1185,\"publisher\":{\"@id\":\"https:\\\/\\\/althallercommunication.de\\\/#organization\"},\"image\":{\"@id\":\"https:\\\/\\\/althallercommunication.de\\\/das-tor-zur-urbanen-zukunft-folge-3-die-mobile-stadt\\\/#primaryimage\"},\"thumbnailUrl\":\"https:\\\/\\\/althallercommunication.de\\\/wp-content\\\/uploads\\\/2020\\\/06\\\/Visual-normal.jpg\",\"keywords\":[\"B2B\",\"B2B Kommunikation\",\"B2B-Unternehmenskommunikation\",\"Blog\",\"Bloggen\",\"Community Management\",\"content\",\"Corporate Blog\",\"Entwicklungen\",\"Medium\",\"Social Media\"],\"articleSection\":[\"cultundcomm\"],\"inLanguage\":\"en-US\"},{\"@type\":\"WebPage\",\"@id\":\"https:\\\/\\\/althallercommunication.de\\\/das-tor-zur-urbanen-zukunft-folge-3-die-mobile-stadt\\\/\",\"url\":\"https:\\\/\\\/althallercommunication.de\\\/das-tor-zur-urbanen-zukunft-folge-3-die-mobile-stadt\\\/\",\"name\":\"Das Tor zur urbanen Zukunft \u2013 Folge 3: Die mobile Stadt\",\"isPartOf\":{\"@id\":\"https:\\\/\\\/althallercommunication.de\\\/#website\"},\"primaryImageOfPage\":{\"@id\":\"https:\\\/\\\/althallercommunication.de\\\/das-tor-zur-urbanen-zukunft-folge-3-die-mobile-stadt\\\/#primaryimage\"},\"image\":{\"@id\":\"https:\\\/\\\/althallercommunication.de\\\/das-tor-zur-urbanen-zukunft-folge-3-die-mobile-stadt\\\/#primaryimage\"},\"thumbnailUrl\":\"https:\\\/\\\/althallercommunication.de\\\/wp-content\\\/uploads\\\/2020\\\/06\\\/Visual-normal.jpg\",\"datePublished\":\"2020-07-21T08:00:01+00:00\",\"dateModified\":\"2023-12-14T10:46:43+00:00\",\"description\":\"Daniela Bohlinger, Head of \u201eSustainability in Design\u201c bei der BMW Group, \u00fcber nachhaltige Mobilit\u00e4tskonzepte und Verantwortung beim Produktdesign.\",\"breadcrumb\":{\"@id\":\"https:\\\/\\\/althallercommunication.de\\\/das-tor-zur-urbanen-zukunft-folge-3-die-mobile-stadt\\\/#breadcrumb\"},\"inLanguage\":\"en-US\",\"potentialAction\":[{\"@type\":\"ReadAction\",\"target\":[\"https:\\\/\\\/althallercommunication.de\\\/das-tor-zur-urbanen-zukunft-folge-3-die-mobile-stadt\\\/\"]}]},{\"@type\":\"ImageObject\",\"inLanguage\":\"en-US\",\"@id\":\"https:\\\/\\\/althallercommunication.de\\\/das-tor-zur-urbanen-zukunft-folge-3-die-mobile-stadt\\\/#primaryimage\",\"url\":\"https:\\\/\\\/althallercommunication.de\\\/wp-content\\\/uploads\\\/2020\\\/06\\\/Visual-normal.jpg\",\"contentUrl\":\"https:\\\/\\\/althallercommunication.de\\\/wp-content\\\/uploads\\\/2020\\\/06\\\/Visual-normal.jpg\",\"width\":1200,\"height\":800},{\"@type\":\"BreadcrumbList\",\"@id\":\"https:\\\/\\\/althallercommunication.de\\\/das-tor-zur-urbanen-zukunft-folge-3-die-mobile-stadt\\\/#breadcrumb\",\"itemListElement\":[{\"@type\":\"ListItem\",\"position\":1,\"name\":\"Startseite\",\"item\":\"https:\\\/\\\/althallercommunication.de\\\/en\\\/\"},{\"@type\":\"ListItem\",\"position\":2,\"name\":\"Das Tor zur urbanen Zukunft \u2013 Folge 3: Die mobile Stadt\"}]},{\"@type\":\"WebSite\",\"@id\":\"https:\\\/\\\/althallercommunication.de\\\/#website\",\"url\":\"https:\\\/\\\/althallercommunication.de\\\/\",\"name\":\"althaller communication\",\"description\":\"Martkommunikation B2B\",\"publisher\":{\"@id\":\"https:\\\/\\\/althallercommunication.de\\\/#organization\"},\"potentialAction\":[{\"@type\":\"SearchAction\",\"target\":{\"@type\":\"EntryPoint\",\"urlTemplate\":\"https:\\\/\\\/althallercommunication.de\\\/?s={search_term_string}\"},\"query-input\":{\"@type\":\"PropertyValueSpecification\",\"valueRequired\":true,\"valueName\":\"search_term_string\"}}],\"inLanguage\":\"en-US\"},{\"@type\":\"Organization\",\"@id\":\"https:\\\/\\\/althallercommunication.de\\\/#organization\",\"name\":\"ALTHALLER communication\",\"url\":\"https:\\\/\\\/althallercommunication.de\\\/\",\"logo\":{\"@type\":\"ImageObject\",\"inLanguage\":\"en-US\",\"@id\":\"https:\\\/\\\/althallercommunication.de\\\/#\\\/schema\\\/logo\\\/image\\\/\",\"url\":\"https:\\\/\\\/althallercommunication.de\\\/wp-content\\\/uploads\\\/2023\\\/12\\\/althaller_comm_b.png\",\"contentUrl\":\"https:\\\/\\\/althallercommunication.de\\\/wp-content\\\/uploads\\\/2023\\\/12\\\/althaller_comm_b.png\",\"width\":464,\"height\":110,\"caption\":\"ALTHALLER communication\"},\"image\":{\"@id\":\"https:\\\/\\\/althallercommunication.de\\\/#\\\/schema\\\/logo\\\/image\\\/\"},\"sameAs\":[\"https:\\\/\\\/www.facebook.com\\\/althallercommunication\",\"https:\\\/\\\/x.com\\\/ALTHALLERcom\",\"https:\\\/\\\/www.linkedin.com\\\/company\\\/3332596?trk=tyah&amp;amp;amp;trkInfo=tas:COMMUNICATION Presse und PR,idx:1-1-1\"]},{\"@type\":\"Person\",\"@id\":\"https:\\\/\\\/althallercommunication.de\\\/#\\\/schema\\\/person\\\/4ca72b5e8d0bebc1f9b3061e463e32ee\",\"name\":\"Jacqueline Althaller\",\"image\":{\"@type\":\"ImageObject\",\"inLanguage\":\"en-US\",\"@id\":\"https:\\\/\\\/secure.gravatar.com\\\/avatar\\\/2e8cdf7784b763130efe210406ba46634d04913cf12c46cf98b2799d6da47211?s=96&d=mm&r=g\",\"url\":\"https:\\\/\\\/secure.gravatar.com\\\/avatar\\\/2e8cdf7784b763130efe210406ba46634d04913cf12c46cf98b2799d6da47211?s=96&d=mm&r=g\",\"contentUrl\":\"https:\\\/\\\/secure.gravatar.com\\\/avatar\\\/2e8cdf7784b763130efe210406ba46634d04913cf12c46cf98b2799d6da47211?s=96&d=mm&r=g\",\"caption\":\"Jacqueline Althaller\"},\"description\":\"$$$2021hmb8hzb4MD\",\"url\":\"https:\\\/\\\/althallercommunication.de\\\/en\\\/author\\\/jacqueline-althaller\\\/\"}]}<\/script>\n<!-- \/ Yoast SEO Premium plugin. -->","yoast_head_json":{"title":"Das Tor zur urbanen Zukunft \u2013 Folge 3: Die mobile Stadt","description":"Daniela Bohlinger, Head of \u201eSustainability in Design\u201c bei der BMW Group, \u00fcber nachhaltige Mobilit\u00e4tskonzepte und Verantwortung beim Produktdesign.","robots":{"index":"index","follow":"follow","max-snippet":"max-snippet:-1","max-image-preview":"max-image-preview:large","max-video-preview":"max-video-preview:-1"},"canonical":"https:\/\/althallercommunication.de\/das-tor-zur-urbanen-zukunft-folge-3-die-mobile-stadt\/","og_locale":"en_US","og_type":"article","og_title":"Das Tor zur urbanen Zukunft \u2013 Folge 3: Die mobile Stadt","og_description":"Daniela Bohlinger, Head of \u201eSustainability in Design\u201c bei der BMW Group, \u00fcber nachhaltige Mobilit\u00e4tskonzepte und Verantwortung beim Produktdesign.","og_url":"https:\/\/althallercommunication.de\/das-tor-zur-urbanen-zukunft-folge-3-die-mobile-stadt\/","og_site_name":"althaller communication","article_publisher":"https:\/\/www.facebook.com\/althallercommunication","article_published_time":"2020-07-21T08:00:01+00:00","article_modified_time":"2023-12-14T10:46:43+00:00","og_image":[{"width":1200,"height":800,"url":"https:\/\/althallercommunication.de\/wp-content\/uploads\/2020\/06\/Visual-normal.jpg","type":"image\/jpeg"}],"author":"Jacqueline Althaller","twitter_card":"summary_large_image","twitter_creator":"@ALTHALLERcom","twitter_site":"@ALTHALLERcom","twitter_misc":{"Written by":"Jacqueline Althaller","Est. reading time":"6 minutes"},"schema":{"@context":"https:\/\/schema.org","@graph":[{"@type":"Article","@id":"https:\/\/althallercommunication.de\/das-tor-zur-urbanen-zukunft-folge-3-die-mobile-stadt\/#article","isPartOf":{"@id":"https:\/\/althallercommunication.de\/das-tor-zur-urbanen-zukunft-folge-3-die-mobile-stadt\/"},"author":{"name":"Jacqueline Althaller","@id":"https:\/\/althallercommunication.de\/#\/schema\/person\/4ca72b5e8d0bebc1f9b3061e463e32ee"},"headline":"Das Tor zur urbanen Zukunft \u2013 Folge 3: Die mobile Stadt","datePublished":"2020-07-21T08:00:01+00:00","dateModified":"2023-12-14T10:46:43+00:00","mainEntityOfPage":{"@id":"https:\/\/althallercommunication.de\/das-tor-zur-urbanen-zukunft-folge-3-die-mobile-stadt\/"},"wordCount":1185,"publisher":{"@id":"https:\/\/althallercommunication.de\/#organization"},"image":{"@id":"https:\/\/althallercommunication.de\/das-tor-zur-urbanen-zukunft-folge-3-die-mobile-stadt\/#primaryimage"},"thumbnailUrl":"https:\/\/althallercommunication.de\/wp-content\/uploads\/2020\/06\/Visual-normal.jpg","keywords":["B2B","B2B Kommunikation","B2B-Unternehmenskommunikation","Blog","Bloggen","Community Management","content","Corporate Blog","Entwicklungen","Medium","Social Media"],"articleSection":["cultundcomm"],"inLanguage":"en-US"},{"@type":"WebPage","@id":"https:\/\/althallercommunication.de\/das-tor-zur-urbanen-zukunft-folge-3-die-mobile-stadt\/","url":"https:\/\/althallercommunication.de\/das-tor-zur-urbanen-zukunft-folge-3-die-mobile-stadt\/","name":"Das Tor zur urbanen Zukunft \u2013 Folge 3: Die mobile Stadt","isPartOf":{"@id":"https:\/\/althallercommunication.de\/#website"},"primaryImageOfPage":{"@id":"https:\/\/althallercommunication.de\/das-tor-zur-urbanen-zukunft-folge-3-die-mobile-stadt\/#primaryimage"},"image":{"@id":"https:\/\/althallercommunication.de\/das-tor-zur-urbanen-zukunft-folge-3-die-mobile-stadt\/#primaryimage"},"thumbnailUrl":"https:\/\/althallercommunication.de\/wp-content\/uploads\/2020\/06\/Visual-normal.jpg","datePublished":"2020-07-21T08:00:01+00:00","dateModified":"2023-12-14T10:46:43+00:00","description":"Daniela Bohlinger, Head of \u201eSustainability in Design\u201c bei der BMW Group, \u00fcber nachhaltige Mobilit\u00e4tskonzepte und Verantwortung beim Produktdesign.","breadcrumb":{"@id":"https:\/\/althallercommunication.de\/das-tor-zur-urbanen-zukunft-folge-3-die-mobile-stadt\/#breadcrumb"},"inLanguage":"en-US","potentialAction":[{"@type":"ReadAction","target":["https:\/\/althallercommunication.de\/das-tor-zur-urbanen-zukunft-folge-3-die-mobile-stadt\/"]}]},{"@type":"ImageObject","inLanguage":"en-US","@id":"https:\/\/althallercommunication.de\/das-tor-zur-urbanen-zukunft-folge-3-die-mobile-stadt\/#primaryimage","url":"https:\/\/althallercommunication.de\/wp-content\/uploads\/2020\/06\/Visual-normal.jpg","contentUrl":"https:\/\/althallercommunication.de\/wp-content\/uploads\/2020\/06\/Visual-normal.jpg","width":1200,"height":800},{"@type":"BreadcrumbList","@id":"https:\/\/althallercommunication.de\/das-tor-zur-urbanen-zukunft-folge-3-die-mobile-stadt\/#breadcrumb","itemListElement":[{"@type":"ListItem","position":1,"name":"Startseite","item":"https:\/\/althallercommunication.de\/en\/"},{"@type":"ListItem","position":2,"name":"Das Tor zur urbanen Zukunft \u2013 Folge 3: Die mobile Stadt"}]},{"@type":"WebSite","@id":"https:\/\/althallercommunication.de\/#website","url":"https:\/\/althallercommunication.de\/","name":"althaller communication","description":"Martkommunikation B2B","publisher":{"@id":"https:\/\/althallercommunication.de\/#organization"},"potentialAction":[{"@type":"SearchAction","target":{"@type":"EntryPoint","urlTemplate":"https:\/\/althallercommunication.de\/?s={search_term_string}"},"query-input":{"@type":"PropertyValueSpecification","valueRequired":true,"valueName":"search_term_string"}}],"inLanguage":"en-US"},{"@type":"Organization","@id":"https:\/\/althallercommunication.de\/#organization","name":"ALTHALLER communication","url":"https:\/\/althallercommunication.de\/","logo":{"@type":"ImageObject","inLanguage":"en-US","@id":"https:\/\/althallercommunication.de\/#\/schema\/logo\/image\/","url":"https:\/\/althallercommunication.de\/wp-content\/uploads\/2023\/12\/althaller_comm_b.png","contentUrl":"https:\/\/althallercommunication.de\/wp-content\/uploads\/2023\/12\/althaller_comm_b.png","width":464,"height":110,"caption":"ALTHALLER communication"},"image":{"@id":"https:\/\/althallercommunication.de\/#\/schema\/logo\/image\/"},"sameAs":["https:\/\/www.facebook.com\/althallercommunication","https:\/\/x.com\/ALTHALLERcom","https:\/\/www.linkedin.com\/company\/3332596?trk=tyah&amp;amp;amp;trkInfo=tas:COMMUNICATION Presse und PR,idx:1-1-1"]},{"@type":"Person","@id":"https:\/\/althallercommunication.de\/#\/schema\/person\/4ca72b5e8d0bebc1f9b3061e463e32ee","name":"Jacqueline Althaller","image":{"@type":"ImageObject","inLanguage":"en-US","@id":"https:\/\/secure.gravatar.com\/avatar\/2e8cdf7784b763130efe210406ba46634d04913cf12c46cf98b2799d6da47211?s=96&d=mm&r=g","url":"https:\/\/secure.gravatar.com\/avatar\/2e8cdf7784b763130efe210406ba46634d04913cf12c46cf98b2799d6da47211?s=96&d=mm&r=g","contentUrl":"https:\/\/secure.gravatar.com\/avatar\/2e8cdf7784b763130efe210406ba46634d04913cf12c46cf98b2799d6da47211?s=96&d=mm&r=g","caption":"Jacqueline Althaller"},"description":"$$$2021hmb8hzb4MD","url":"https:\/\/althallercommunication.de\/en\/author\/jacqueline-althaller\/"}]}},"_links":{"self":[{"href":"https:\/\/althallercommunication.de\/en\/wp-json\/wp\/v2\/posts\/17785","targetHints":{"allow":["GET"]}}],"collection":[{"href":"https:\/\/althallercommunication.de\/en\/wp-json\/wp\/v2\/posts"}],"about":[{"href":"https:\/\/althallercommunication.de\/en\/wp-json\/wp\/v2\/types\/post"}],"author":[{"embeddable":true,"href":"https:\/\/althallercommunication.de\/en\/wp-json\/wp\/v2\/users\/6"}],"replies":[{"embeddable":true,"href":"https:\/\/althallercommunication.de\/en\/wp-json\/wp\/v2\/comments?post=17785"}],"version-history":[{"count":1,"href":"https:\/\/althallercommunication.de\/en\/wp-json\/wp\/v2\/posts\/17785\/revisions"}],"predecessor-version":[{"id":17788,"href":"https:\/\/althallercommunication.de\/en\/wp-json\/wp\/v2\/posts\/17785\/revisions\/17788"}],"wp:featuredmedia":[{"embeddable":true,"href":"https:\/\/althallercommunication.de\/en\/wp-json\/wp\/v2\/media\/17786"}],"wp:attachment":[{"href":"https:\/\/althallercommunication.de\/en\/wp-json\/wp\/v2\/media?parent=17785"}],"wp:term":[{"taxonomy":"category","embeddable":true,"href":"https:\/\/althallercommunication.de\/en\/wp-json\/wp\/v2\/categories?post=17785"},{"taxonomy":"post_tag","embeddable":true,"href":"https:\/\/althallercommunication.de\/en\/wp-json\/wp\/v2\/tags?post=17785"}],"curies":[{"name":"wp","href":"https:\/\/api.w.org\/{rel}","templated":true}]}}