{"id":17816,"date":"2009-10-26T08:30:21","date_gmt":"2009-10-26T07:30:21","guid":{"rendered":"https:\/\/www.althallercommunication.de\/?p=17816"},"modified":"2024-03-02T10:46:20","modified_gmt":"2024-03-02T09:46:20","slug":"im-zeichen-der-verantwortung","status":"publish","type":"post","link":"https:\/\/althallercommunication.de\/en\/im-zeichen-der-verantwortung\/","title":{"rendered":"Im Zeichen der Verantwortung"},"content":{"rendered":"<p><\/p>\n<p><strong>Im Zeichen der Verantwortung<br \/>\n<\/strong><\/p>\n<h3><strong>Jahrestagung des Netzwerkes <em>SCHULE<\/em>WIRTSCHAFT Bayern in Dinkelsb\u00fchl<br \/>\n<\/strong><\/h3>\n<p><strong>M\u00fcnchen \/ Dinkelsb\u00fchl, den 26. Oktober 2009 \u2013 Unter dem Motto &#8220;Verantwortung in Schule und Wirtschaft&#8221; fand am 23. und 24. Oktober 2009 die Jahrestagung des Netzwerkes <\/strong><strong><em>SCHULE<\/em>WIRTSCHAFT Bayern in Dinkelsb\u00fchl statt. H\u00f6hepunkte der Veranstaltung waren der Festakt am Freitagabend sowie die Preisverleihung des Wettbewerbes &#8220;<em>SCHULE<\/em>WIRTSCHAFT aktiv&#8221; mit Staatsminister Dr. Ludwig Spaenle.<\/strong><\/p>\n<p>Bereits am Freitag nutzten die rund 350 ehrenamtlichen Mitarbeiter aus ganz Bayern die Gelegenheit zum Austausch: Diskussionsrunden und Vortr\u00e4ge vermittelten spannende Impulse zum Thema \u201eVerantwortung&#8221;. Die Liste der Referenten reicht von Professor Rauschenbach, Direktor des Deutschen Jugendinstitutes e.V. bis hin zu Altabt Dr. Odilo Lechner, ehemaliger Leiter der Kl\u00f6ster St. Bonifaz und Andechs.<\/p>\n<p>Wertvolle Anregungen konnten die Mitglieder auch vom \u201eMarkt der Ideen&#8221; &#8211; eine Ausstellung der vielf\u00e4ltigen Aktivit\u00e4ten aus den einzelnen Arbeitskreisen &#8211; mit nach Hause nehmen.<\/p>\n<p>Im Rahmen eines feierlichen Festaktes verabschiedete Randolf Rodenstock, Pr\u00e4sident der vbw &#8211; Vereinigung der Bayerischen Wirtschaft e.V., Ernst Baumann als Vorsitzender von <em>SCHULE<\/em>WIRTSCHAFT Bayern, der sich k\u00fcnftig im Bundesvorstand engagieren wird.<\/p>\n<p>\u201eIch freue mich sehr auf mein neues Amt als Vorsitzender von <em>SCHULE<\/em>WIRTSCHAFT auf Bundesebene. Denn ich bin \u00fcberzeugt, dass die Investition in Bildung am meisten Schwung entfaltet, wenn sich die \u201eInvestoren&#8221; zusammenschlie\u00dfen und miteinander statt \u00fcbereinander reden. So kann Innovation erm\u00f6glicht, Nachhaltigkeit gesichert und letztlich Bildungsqualit\u00e4t multipliziert werden&#8221;, so Ernst Baumann zu seiner neuen Aufgabe.<\/p>\n<p>Als Nachfolger auf Landesebene begr\u00fc\u00dfte Rodenstock Harald Kr\u00fcger, Vorstandsmitglied der BMW AG, im Amt des neuen Vorsitzenden von Wirtschaftsseite.<\/p>\n<p>\u201eIch bin \u00fcberzeugt, dass mit dem Netzwerk <em>SCHULE<\/em>WIRTSCHAFT wichtige Zukunftsimpulse umgesetzt werden. Unternehmen sind sich dessen bewusst und daher auch bereit, Verantwortung in gesellschaftspolitischen Fragen zu \u00fcbernehmen. Das zeigt sich daran, dass das Unternehmen BMW die Berufung eines ihrer Vorstandsmitglieder in den Vorsitz von <em>SCHULE<\/em>WIRTSCHAFT Bayern bereits zum zweiten Mal unterst\u00fctzt&#8221;, erl\u00e4utert Harald Kr\u00fcger.<\/p>\n<p>\u201eVerantwortung&#8221; stand auch am Samstag im Mittelpunkt: Elf thematische Foren besch\u00e4ftigten sich damit, wie Verantwortung in Schule und Wirtschaft gelebt werden kann.<\/p>\n<p>H\u00f6hepunkt des Tages war der Besuch von Dr. Ludwig Spaenle, Bayerischer Staatsminister f\u00fcr Unterricht und Kultus. Er ehrte die Gewinner des Wettbewerbes \u201e<em>SCHULE<\/em>WIRTSCHAFT aktiv&#8221; f\u00fcr ihr besonders herausragendes, regionales Engagement: Sieger ist das \u201eSchulpatenprojekt&#8221; aus dem Arbeitskreis Pegnitz, bei dem ehemalige F\u00fchrungskr\u00e4fte Hauptsch\u00fcler beim \u00dcbergang von der Schule ins Berufsleben begleiten. Der zweite Platz geht an ein Veranstaltungskonzept f\u00fcr Eltern und Sch\u00fcler des Arbeitskreises Schweinfurth. Ziel ist es, M\u00fctter und V\u00e4ter aktiv in die Berufswahl ihrer Kinder einzubeziehen. F\u00fcr seine herausragende Netzwerkarbeit in der Region wurde der Arbeitskreis Kulmbach mit dem dritten Platz ausgezeichnet. F\u00fcr die Unterst\u00fctzung von Hauptsch\u00fclern erhielt der Arbeitskreis Miltenberg den Sonderpreis. In diesem Projekt geht es vor allem darum, dass Sch\u00fcler selbst gesellschaftliche Verantwortung \u00fcbernehmen.<\/p>\n<p>\u201eDie Jahrestagung ist f\u00fcr alle Ehrenamtlichen ein sehr wichtiges Ereignis. An zwei Tagen haben sie Gelegenheit, sich mit anderen Aktiven auszutauschen, neue Anregungen zu sammeln und Kontakte zu kn\u00fcpfen. Wir m\u00f6chten uns mit dieser Veranstaltung bei den vielen Helfern bedanken, ohne die die mittlerweile 20j\u00e4hrige Erfolgsgeschichte von <em>SCHULE<\/em>WIRTSCHAFT Bayern nicht m\u00f6glich w\u00e4re&#8221;, zieht Elisabeth Schmid, Gesch\u00e4ftsf\u00fchrerin von <em>SCHULE<\/em>WIRTSCHAFT Bayern Bilanz.<\/p>\n<p><strong>\u00dcber<em> SCHULE<\/em>WIRTSCHAFT Bayern<\/strong><br \/>\nDie lokalen Arbeitskreise <em>SCHULE<\/em>WIRTSCHAFT sind ein Netzwerk aus ehrenamtlichen Vertretern aus Schulen und Unternehmen. Sie f\u00f6rdern den Dialog zwischen Schule und Unternehmen in der bayerischen Region und erarbeiten L\u00f6sungen zu aktuellen Herausforderungen. Der Arbeitskreis <em>SCHULE<\/em>WIRTSCHAFT Bayern im Bildungswerk der Bayerischen Wirtschaft e.V. unterst\u00fctzt und koordiniert als Dachorganisation dieses Netzwerk.<\/p>\n<p>PI zum Download<\/p>\n<p>W2Z1c2lvbl9idXR0b24gbGluaz0mcXVvdDtqYXZhc2NyaXB0Omhpc3RvcnkuYmFjaygpJnF1b3Q7IHRpdGxlPSZxdW90OyZxdW90OyB0YXJnZXQ9JnF1b3Q7X3NlbGYmcXVvdDsgYWxpZ25tZW50PSZxdW90O2NlbnRlciZxdW90OyBtb2RhbD0mcXVvdDsmcXVvdDsgaGlkZV9vbl9tb2JpbGU9JnF1b3Q7c21hbGwtdmlzaWJpbGl0eSxtZWRpdW0tdmlzaWJpbGl0eSxsYXJnZS12aXNpYmlsaXR5JnF1b3Q7IGNsYXNzPSZxdW90OyZxdW90OyBpZD0mcXVvdDsmcXVvdDsgY29sb3I9JnF1b3Q7ZGVmYXVsdCZxdW90OyBidXR0b25fZ3JhZGllbnRfdG9wX2NvbG9yPSZxdW90OyZxdW90OyBidXR0b25fZ3JhZGllbnRfYm90dG9tX2NvbG9yPSZxdW90OyZxdW90OyBidXR0b25fZ3JhZGllbnRfdG9wX2NvbG9yX2hvdmVyPSZxdW90OyZxdW90OyBidXR0b25fZ3JhZGllbnRfYm90dG9tX2NvbG9yX2hvdmVyPSZxdW90OyZxdW90OyBhY2NlbnRfY29sb3I9JnF1b3Q7JnF1b3Q7IGFjY2VudF9ob3Zlcl9jb2xvcj0mcXVvdDsmcXVvdDsgdHlwZT0mcXVvdDsmcXVvdDsgYmV2ZWxfY29sb3I9JnF1b3Q7JnF1b3Q7IGJvcmRlcl93aWR0aD0mcXVvdDsmcXVvdDsgc2l6ZT0mcXVvdDttZWRpdW0mcXVvdDsgc3RyZXRjaD0mcXVvdDtkZWZhdWx0JnF1b3Q7IHNoYXBlPSZxdW90O3JvdW5kJnF1b3Q7IGljb249JnF1b3Q7ZmEtY2hldnJvbi1sZWZ0JnF1b3Q7IGljb25fcG9zaXRpb249JnF1b3Q7bGVmdCZxdW90OyBpY29uX2RpdmlkZXI9JnF1b3Q7bm8mcXVvdDsgYW5pbWF0aW9uX3R5cGU9JnF1b3Q7JnF1b3Q7IGFuaW1hdGlvbl9kaXJlY3Rpb249JnF1b3Q7bGVmdCZxdW90OyBhbmltYXRpb25fc3BlZWQ9JnF1b3Q7MC4zJnF1b3Q7IGFuaW1hdGlvbl9vZmZzZXQ9JnF1b3Q7JnF1b3Q7XXp1csO8Y2tbL2Z1c2lvbl9idXR0b25d<\/p>\n<p>Pressekontakt und Redaktion<br \/>\n<strong>Jacqueline Althaller<br \/>\n<\/strong>ALTHALLER communication GbR<br \/>\nElisabethstra\u00dfe 13<br \/>\n80796 M\u00fcnchen<\/p>\n<p><em>Bildmaterial stellen wir auf Wunsch gerne zur Verf\u00fcgung.<\/em><\/p>\n<p><\/p>\n<p>+49 (0) 89 38 66 52 61<\/p>\n<p><\/p>\n<p>+49 (0) 89 38 66 52 75<\/p>\n<p><\/p>\n<p><a href=\"mailto:info@althallercommunication.de\">info@althallercommunication.de<\/a><\/p>\n<p><\/p>\n<p><a href=\"https:\/\/althallercommunication.de\/\">www.althallercommunication.de<\/a><\/p>\n<p><\/p>\n","protected":false},"excerpt":{"rendered":"<p><strong>SCHULEWIRTSCHAFT<\/strong> | M\u00fcnchen: <\/br> Unter dem Motto &#8220;Verantwortung in Schule und Wirtschaft&#8221; fand am 23. und 24. Oktober 2009 die Jahrestagung des Netzwerkes SCHULEWIRTSCHAFT Bayern in Dinkelsb\u00fchl statt.<\/p>\n","protected":false},"author":6,"featured_media":0,"comment_status":"closed","ping_status":"open","sticky":false,"template":"","format":"standard","meta":{"_et_pb_use_builder":"","_et_pb_old_content":"","_et_gb_content_width":"","inline_featured_image":false,"footnotes":""},"categories":[2765,2756,1,2758],"tags":[1740,522,1741,1742,1743,450],"class_list":["post-17816","post","type-post","status-publish","format-standard","hentry","category-klassische-pressearbeit","category-kunden-in-den-medien","category-unkategorisiert","category-pressemeldungen","tag-schule","tag-schulewirtschaft-bayern","tag-tagung","tag-verantwortung","tag-wettbewerb","tag-wirtschaft"],"yoast_head":"<!-- This site is optimized with the Yoast SEO Premium plugin v25.3 (Yoast SEO v27.5) - https:\/\/yoast.com\/product\/yoast-seo-premium-wordpress\/ -->\n<title>Jahrestagung des Netzwerkes SCHULEWIRTSCHAFT Bayern<\/title>\n<meta name=\"description\" content=\"Unter dem Motto &quot;Verantwortung in Schule und Wirtschaft&quot; fand im Oktober 2009 die Jahrestagung des Netzwerkes SCHULEWIRTSCHAFT Bayern in Dinkelsb\u00fchl statt.\" \/>\n<meta name=\"robots\" content=\"index, follow, max-snippet:-1, max-image-preview:large, max-video-preview:-1\" \/>\n<link rel=\"canonical\" href=\"https:\/\/althallercommunication.de\/im-zeichen-der-verantwortung\/\" \/>\n<meta property=\"og:locale\" content=\"en_US\" \/>\n<meta property=\"og:type\" content=\"article\" \/>\n<meta property=\"og:title\" content=\"Im Zeichen der Verantwortung\" \/>\n<meta property=\"og:description\" content=\"Unter dem Motto &quot;Verantwortung in Schule und Wirtschaft&quot; fand im Oktober 2009 die Jahrestagung des Netzwerkes SCHULEWIRTSCHAFT Bayern in Dinkelsb\u00fchl statt.\" \/>\n<meta property=\"og:url\" content=\"https:\/\/althallercommunication.de\/im-zeichen-der-verantwortung\/\" \/>\n<meta property=\"og:site_name\" content=\"althaller communication\" \/>\n<meta property=\"article:publisher\" content=\"https:\/\/www.facebook.com\/althallercommunication\" \/>\n<meta property=\"article:published_time\" content=\"2009-10-26T07:30:21+00:00\" \/>\n<meta property=\"article:modified_time\" content=\"2024-03-02T09:46:20+00:00\" \/>\n<meta name=\"author\" content=\"Jacqueline Althaller\" \/>\n<meta name=\"twitter:card\" content=\"summary_large_image\" \/>\n<meta name=\"twitter:creator\" content=\"@ALTHALLERcom\" \/>\n<meta name=\"twitter:site\" content=\"@ALTHALLERcom\" \/>\n<meta name=\"twitter:label1\" content=\"Written by\" \/>\n\t<meta name=\"twitter:data1\" content=\"Jacqueline Althaller\" \/>\n\t<meta name=\"twitter:label2\" content=\"Est. reading time\" \/>\n\t<meta name=\"twitter:data2\" content=\"6 minutes\" \/>\n<script type=\"application\/ld+json\" class=\"yoast-schema-graph\">{\"@context\":\"https:\\\/\\\/schema.org\",\"@graph\":[{\"@type\":\"Article\",\"@id\":\"https:\\\/\\\/althallercommunication.de\\\/im-zeichen-der-verantwortung\\\/#article\",\"isPartOf\":{\"@id\":\"https:\\\/\\\/althallercommunication.de\\\/im-zeichen-der-verantwortung\\\/\"},\"author\":{\"name\":\"Jacqueline Althaller\",\"@id\":\"https:\\\/\\\/althallercommunication.de\\\/#\\\/schema\\\/person\\\/4ca72b5e8d0bebc1f9b3061e463e32ee\"},\"headline\":\"Im Zeichen der Verantwortung\",\"datePublished\":\"2009-10-26T07:30:21+00:00\",\"dateModified\":\"2024-03-02T09:46:20+00:00\",\"mainEntityOfPage\":{\"@id\":\"https:\\\/\\\/althallercommunication.de\\\/im-zeichen-der-verantwortung\\\/\"},\"wordCount\":1167,\"publisher\":{\"@id\":\"https:\\\/\\\/althallercommunication.de\\\/#organization\"},\"keywords\":[\"Schule\",\"Schule\\\/Wirtschaft Bayern\",\"Tagung\",\"Verantwortung\",\"Wettbewerb\",\"Wirtschaft\"],\"articleSection\":[\"Klassische Pressearbeit\",\"Kunden\",\"Others\",\"Pressemeldungen\"],\"inLanguage\":\"en-US\"},{\"@type\":\"WebPage\",\"@id\":\"https:\\\/\\\/althallercommunication.de\\\/im-zeichen-der-verantwortung\\\/\",\"url\":\"https:\\\/\\\/althallercommunication.de\\\/im-zeichen-der-verantwortung\\\/\",\"name\":\"Jahrestagung des Netzwerkes SCHULEWIRTSCHAFT Bayern\",\"isPartOf\":{\"@id\":\"https:\\\/\\\/althallercommunication.de\\\/#website\"},\"datePublished\":\"2009-10-26T07:30:21+00:00\",\"dateModified\":\"2024-03-02T09:46:20+00:00\",\"description\":\"Unter dem Motto \\\"Verantwortung in Schule und Wirtschaft\\\" fand im Oktober 2009 die Jahrestagung des Netzwerkes SCHULEWIRTSCHAFT Bayern in Dinkelsb\u00fchl statt.\",\"breadcrumb\":{\"@id\":\"https:\\\/\\\/althallercommunication.de\\\/im-zeichen-der-verantwortung\\\/#breadcrumb\"},\"inLanguage\":\"en-US\",\"potentialAction\":[{\"@type\":\"ReadAction\",\"target\":[\"https:\\\/\\\/althallercommunication.de\\\/im-zeichen-der-verantwortung\\\/\"]}]},{\"@type\":\"BreadcrumbList\",\"@id\":\"https:\\\/\\\/althallercommunication.de\\\/im-zeichen-der-verantwortung\\\/#breadcrumb\",\"itemListElement\":[{\"@type\":\"ListItem\",\"position\":1,\"name\":\"Startseite\",\"item\":\"https:\\\/\\\/althallercommunication.de\\\/en\\\/\"},{\"@type\":\"ListItem\",\"position\":2,\"name\":\"Im Zeichen der Verantwortung\"}]},{\"@type\":\"WebSite\",\"@id\":\"https:\\\/\\\/althallercommunication.de\\\/#website\",\"url\":\"https:\\\/\\\/althallercommunication.de\\\/\",\"name\":\"althaller communication\",\"description\":\"Martkommunikation B2B\",\"publisher\":{\"@id\":\"https:\\\/\\\/althallercommunication.de\\\/#organization\"},\"potentialAction\":[{\"@type\":\"SearchAction\",\"target\":{\"@type\":\"EntryPoint\",\"urlTemplate\":\"https:\\\/\\\/althallercommunication.de\\\/?s={search_term_string}\"},\"query-input\":{\"@type\":\"PropertyValueSpecification\",\"valueRequired\":true,\"valueName\":\"search_term_string\"}}],\"inLanguage\":\"en-US\"},{\"@type\":\"Organization\",\"@id\":\"https:\\\/\\\/althallercommunication.de\\\/#organization\",\"name\":\"ALTHALLER communication\",\"url\":\"https:\\\/\\\/althallercommunication.de\\\/\",\"logo\":{\"@type\":\"ImageObject\",\"inLanguage\":\"en-US\",\"@id\":\"https:\\\/\\\/althallercommunication.de\\\/#\\\/schema\\\/logo\\\/image\\\/\",\"url\":\"https:\\\/\\\/althallercommunication.de\\\/wp-content\\\/uploads\\\/2023\\\/12\\\/althaller_comm_b.png\",\"contentUrl\":\"https:\\\/\\\/althallercommunication.de\\\/wp-content\\\/uploads\\\/2023\\\/12\\\/althaller_comm_b.png\",\"width\":464,\"height\":110,\"caption\":\"ALTHALLER communication\"},\"image\":{\"@id\":\"https:\\\/\\\/althallercommunication.de\\\/#\\\/schema\\\/logo\\\/image\\\/\"},\"sameAs\":[\"https:\\\/\\\/www.facebook.com\\\/althallercommunication\",\"https:\\\/\\\/x.com\\\/ALTHALLERcom\",\"https:\\\/\\\/www.linkedin.com\\\/company\\\/3332596?trk=tyah&amp;amp;amp;trkInfo=tas:COMMUNICATION Presse und PR,idx:1-1-1\"]},{\"@type\":\"Person\",\"@id\":\"https:\\\/\\\/althallercommunication.de\\\/#\\\/schema\\\/person\\\/4ca72b5e8d0bebc1f9b3061e463e32ee\",\"name\":\"Jacqueline Althaller\",\"image\":{\"@type\":\"ImageObject\",\"inLanguage\":\"en-US\",\"@id\":\"https:\\\/\\\/secure.gravatar.com\\\/avatar\\\/2e8cdf7784b763130efe210406ba46634d04913cf12c46cf98b2799d6da47211?s=96&d=mm&r=g\",\"url\":\"https:\\\/\\\/secure.gravatar.com\\\/avatar\\\/2e8cdf7784b763130efe210406ba46634d04913cf12c46cf98b2799d6da47211?s=96&d=mm&r=g\",\"contentUrl\":\"https:\\\/\\\/secure.gravatar.com\\\/avatar\\\/2e8cdf7784b763130efe210406ba46634d04913cf12c46cf98b2799d6da47211?s=96&d=mm&r=g\",\"caption\":\"Jacqueline Althaller\"},\"description\":\"$$$2021hmb8hzb4MD\",\"url\":\"https:\\\/\\\/althallercommunication.de\\\/en\\\/author\\\/jacqueline-althaller\\\/\"}]}<\/script>\n<!-- \/ Yoast SEO Premium plugin. -->","yoast_head_json":{"title":"Jahrestagung des Netzwerkes SCHULEWIRTSCHAFT Bayern","description":"Unter dem Motto \"Verantwortung in Schule und Wirtschaft\" fand im Oktober 2009 die Jahrestagung des Netzwerkes SCHULEWIRTSCHAFT Bayern in Dinkelsb\u00fchl statt.","robots":{"index":"index","follow":"follow","max-snippet":"max-snippet:-1","max-image-preview":"max-image-preview:large","max-video-preview":"max-video-preview:-1"},"canonical":"https:\/\/althallercommunication.de\/im-zeichen-der-verantwortung\/","og_locale":"en_US","og_type":"article","og_title":"Im Zeichen der Verantwortung","og_description":"Unter dem Motto \"Verantwortung in Schule und Wirtschaft\" fand im Oktober 2009 die Jahrestagung des Netzwerkes SCHULEWIRTSCHAFT Bayern in Dinkelsb\u00fchl statt.","og_url":"https:\/\/althallercommunication.de\/im-zeichen-der-verantwortung\/","og_site_name":"althaller communication","article_publisher":"https:\/\/www.facebook.com\/althallercommunication","article_published_time":"2009-10-26T07:30:21+00:00","article_modified_time":"2024-03-02T09:46:20+00:00","author":"Jacqueline Althaller","twitter_card":"summary_large_image","twitter_creator":"@ALTHALLERcom","twitter_site":"@ALTHALLERcom","twitter_misc":{"Written by":"Jacqueline Althaller","Est. reading time":"6 minutes"},"schema":{"@context":"https:\/\/schema.org","@graph":[{"@type":"Article","@id":"https:\/\/althallercommunication.de\/im-zeichen-der-verantwortung\/#article","isPartOf":{"@id":"https:\/\/althallercommunication.de\/im-zeichen-der-verantwortung\/"},"author":{"name":"Jacqueline Althaller","@id":"https:\/\/althallercommunication.de\/#\/schema\/person\/4ca72b5e8d0bebc1f9b3061e463e32ee"},"headline":"Im Zeichen der Verantwortung","datePublished":"2009-10-26T07:30:21+00:00","dateModified":"2024-03-02T09:46:20+00:00","mainEntityOfPage":{"@id":"https:\/\/althallercommunication.de\/im-zeichen-der-verantwortung\/"},"wordCount":1167,"publisher":{"@id":"https:\/\/althallercommunication.de\/#organization"},"keywords":["Schule","Schule\/Wirtschaft Bayern","Tagung","Verantwortung","Wettbewerb","Wirtschaft"],"articleSection":["Klassische Pressearbeit","Kunden","Others","Pressemeldungen"],"inLanguage":"en-US"},{"@type":"WebPage","@id":"https:\/\/althallercommunication.de\/im-zeichen-der-verantwortung\/","url":"https:\/\/althallercommunication.de\/im-zeichen-der-verantwortung\/","name":"Jahrestagung des Netzwerkes SCHULEWIRTSCHAFT Bayern","isPartOf":{"@id":"https:\/\/althallercommunication.de\/#website"},"datePublished":"2009-10-26T07:30:21+00:00","dateModified":"2024-03-02T09:46:20+00:00","description":"Unter dem Motto \"Verantwortung in Schule und Wirtschaft\" fand im Oktober 2009 die Jahrestagung des Netzwerkes SCHULEWIRTSCHAFT Bayern in Dinkelsb\u00fchl statt.","breadcrumb":{"@id":"https:\/\/althallercommunication.de\/im-zeichen-der-verantwortung\/#breadcrumb"},"inLanguage":"en-US","potentialAction":[{"@type":"ReadAction","target":["https:\/\/althallercommunication.de\/im-zeichen-der-verantwortung\/"]}]},{"@type":"BreadcrumbList","@id":"https:\/\/althallercommunication.de\/im-zeichen-der-verantwortung\/#breadcrumb","itemListElement":[{"@type":"ListItem","position":1,"name":"Startseite","item":"https:\/\/althallercommunication.de\/en\/"},{"@type":"ListItem","position":2,"name":"Im Zeichen der Verantwortung"}]},{"@type":"WebSite","@id":"https:\/\/althallercommunication.de\/#website","url":"https:\/\/althallercommunication.de\/","name":"althaller communication","description":"Martkommunikation B2B","publisher":{"@id":"https:\/\/althallercommunication.de\/#organization"},"potentialAction":[{"@type":"SearchAction","target":{"@type":"EntryPoint","urlTemplate":"https:\/\/althallercommunication.de\/?s={search_term_string}"},"query-input":{"@type":"PropertyValueSpecification","valueRequired":true,"valueName":"search_term_string"}}],"inLanguage":"en-US"},{"@type":"Organization","@id":"https:\/\/althallercommunication.de\/#organization","name":"ALTHALLER communication","url":"https:\/\/althallercommunication.de\/","logo":{"@type":"ImageObject","inLanguage":"en-US","@id":"https:\/\/althallercommunication.de\/#\/schema\/logo\/image\/","url":"https:\/\/althallercommunication.de\/wp-content\/uploads\/2023\/12\/althaller_comm_b.png","contentUrl":"https:\/\/althallercommunication.de\/wp-content\/uploads\/2023\/12\/althaller_comm_b.png","width":464,"height":110,"caption":"ALTHALLER communication"},"image":{"@id":"https:\/\/althallercommunication.de\/#\/schema\/logo\/image\/"},"sameAs":["https:\/\/www.facebook.com\/althallercommunication","https:\/\/x.com\/ALTHALLERcom","https:\/\/www.linkedin.com\/company\/3332596?trk=tyah&amp;amp;amp;trkInfo=tas:COMMUNICATION Presse und PR,idx:1-1-1"]},{"@type":"Person","@id":"https:\/\/althallercommunication.de\/#\/schema\/person\/4ca72b5e8d0bebc1f9b3061e463e32ee","name":"Jacqueline Althaller","image":{"@type":"ImageObject","inLanguage":"en-US","@id":"https:\/\/secure.gravatar.com\/avatar\/2e8cdf7784b763130efe210406ba46634d04913cf12c46cf98b2799d6da47211?s=96&d=mm&r=g","url":"https:\/\/secure.gravatar.com\/avatar\/2e8cdf7784b763130efe210406ba46634d04913cf12c46cf98b2799d6da47211?s=96&d=mm&r=g","contentUrl":"https:\/\/secure.gravatar.com\/avatar\/2e8cdf7784b763130efe210406ba46634d04913cf12c46cf98b2799d6da47211?s=96&d=mm&r=g","caption":"Jacqueline Althaller"},"description":"$$$2021hmb8hzb4MD","url":"https:\/\/althallercommunication.de\/en\/author\/jacqueline-althaller\/"}]}},"_links":{"self":[{"href":"https:\/\/althallercommunication.de\/en\/wp-json\/wp\/v2\/posts\/17816","targetHints":{"allow":["GET"]}}],"collection":[{"href":"https:\/\/althallercommunication.de\/en\/wp-json\/wp\/v2\/posts"}],"about":[{"href":"https:\/\/althallercommunication.de\/en\/wp-json\/wp\/v2\/types\/post"}],"author":[{"embeddable":true,"href":"https:\/\/althallercommunication.de\/en\/wp-json\/wp\/v2\/users\/6"}],"replies":[{"embeddable":true,"href":"https:\/\/althallercommunication.de\/en\/wp-json\/wp\/v2\/comments?post=17816"}],"version-history":[{"count":6,"href":"https:\/\/althallercommunication.de\/en\/wp-json\/wp\/v2\/posts\/17816\/revisions"}],"predecessor-version":[{"id":29237,"href":"https:\/\/althallercommunication.de\/en\/wp-json\/wp\/v2\/posts\/17816\/revisions\/29237"}],"wp:attachment":[{"href":"https:\/\/althallercommunication.de\/en\/wp-json\/wp\/v2\/media?parent=17816"}],"wp:term":[{"taxonomy":"category","embeddable":true,"href":"https:\/\/althallercommunication.de\/en\/wp-json\/wp\/v2\/categories?post=17816"},{"taxonomy":"post_tag","embeddable":true,"href":"https:\/\/althallercommunication.de\/en\/wp-json\/wp\/v2\/tags?post=17816"}],"curies":[{"name":"wp","href":"https:\/\/api.w.org\/{rel}","templated":true}]}}