{"id":17833,"date":"2009-10-27T08:30:21","date_gmt":"2009-10-27T07:30:21","guid":{"rendered":"https:\/\/www.althallercommunication.de\/?p=17833"},"modified":"2023-12-14T14:39:40","modified_gmt":"2023-12-14T13:39:40","slug":"die-bmw-group-nachwuchsprogramme","status":"publish","type":"post","link":"https:\/\/althallercommunication.de\/en\/die-bmw-group-nachwuchsprogramme\/","title":{"rendered":"Die BMW Group Nachwuchsprogramme"},"content":{"rendered":"<p><\/p>\n<p><strong>Die BMW Group Nachwuchsprogramme<br \/>\n<\/strong><\/p>\n<h3><strong>Premium schon beim Berufseinstieg<br \/>\n<\/strong><\/h3>\n<p><strong>M\u00fcnchen, den 27. Oktober 2009 \u2013 Als f\u00fchrender Premiumanbieter in der Automobilindustrie ist es das Ziel der BMW Group, den Wandel der Branche in den n\u00e4chsten Jahren und Jahrzehnten entscheidend mitzugestalten. Daf\u00fcr setzt das Unternehmen auf hochqualifizierte und motivierte Mitarbeiter, deren Kompetenzen und Talente mit zukunftsorientierten Aus- und Weiterbildungsangeboten gezielt weiterentwickelt werden. Mit attraktiven Nachwuchsprogrammen f\u00f6rdert die BMW Group deshalb neue wie zuk\u00fcnftige Mitarbeiter bereits beim Einstieg in das Unternehmen. Die ma\u00dfgeschneiderten Angebote richten sich an die ganze Bandbreite neuer Mitarbeiter, vom engagierten Praktikanten bis hin zum Young Professional.<\/strong><\/p>\n<p><strong>BMW Group Berufsausbildung<\/strong><br \/>\nDie Ausbildung von jungen und leistungsbereiten Menschen nimmt bei der BMW Group eine zentrale Rolle ein und steht f\u00fcr hohe Qualit\u00e4t. Gleichzeitig sichert die BMW Group mit der angebotenen Nachwuchsf\u00f6rderung ihre eigene Wettbewerbsf\u00e4higkeit, insbesondere vor den Herausforderungen des demografischen Wandels. ,,Einer guten Ausbildung folgt fast immer auch ein guter Arbeitsplatz&#8221;, unterstreicht Manfred Schoch, Gesamtbetriebsratsvorsitzender der BMW Group, die Relevanz fr\u00fch Nachwuchsf\u00f6rderung. Im Jahr 2012 startet der erste Ausbildungsjahrgang der neuen BMW Group Berufsausbildung TaLEnt<br \/>\n(Talentorientiertes Lernen und Entwickeln). Harald Kr\u00fcger, Personalvorstand der BMW AG, erkl\u00e4rt: ,,Durch eine h\u00f6here St\u00e4rken- und Talentorientierung, eine h\u00f6here Bedarfsorientierung, Flexibilit\u00e4t und h\u00f6here Qualit\u00e4t werden wir Auszubildende und Unternehmen noch n\u00e4her zusammenbringen. Somit erm\u00f6glichen wir jungen Talenten einen optimalen Start in die Berufswelt.&#8221;<\/p>\n<p><strong>Attraktive Nachwuchsprogramme f\u00fcr Hochschulabsolventen<\/strong><br \/>\nDie BMW Group bietet au\u00dferdem Hochschulabsolventen und Studenten ein breites Spektrum an attraktiven Nachwuchsprogrammen an. Die Programme umfassen unter anderem das praxisorientierte Stipendienprogramm \u201eSpeedUp&#8221;, das Praktikantenprogramm \u201eFastlane&#8221;, das Doktorandenprogramm \u201eProMotion&#8221; oder auch das Group Graduate Programme zur Sicherung des F\u00fchrungsnachwuchses.<br \/>\nHarald Kr\u00fcger erkl\u00e4rt: ,,In den Zeiten des demografischen Wandels ist es eine anspruchsvolle Aufgabe, kompetente Mitarbeiter einzustellen und langfristig ans Unternehmen zu binden. Nachwuchs-, Einstiegs- und Entwicklungsprogramme sind hier ein wichtiger Stellhebel zur Steigerung der Arbeitgeberattraktivit\u00e4t.&#8221;<\/p>\n<p>Dass die Programme der BMW Group zur Aus- und Weiterbildung honoriert werden, best\u00e4tigen aktuelle Rankings zur Arbeitgeberattraktivit\u00e4t. ,,Wir freuen uns, dass die BMW Group im diesj\u00e4hrigen Ranking der \u201eThe World&#8217;s Most Attractive Employers&#8221; Studie und auch im Ranking des Institut Trendence zur Arbeitgeberattraktivit\u00e4t bei Young Professionals sowohl zum besten Automobil-unternehmen als auch zum besten deutschen Unternehmen gew\u00e4hlt wurde&#8221;, so Kr\u00fcger. Im Wettbewerb um Fach- und F\u00fchrungskr\u00e4fte hat die BMW Group seit Jahren eine sehr gute Position und baut ihre Attraktivit\u00e4t als Arbeitgeber kontinuierlich aus. ,,Nur mit den besten und engagiertesten Mitarbeitern k\u00f6nnen wir der f\u00fchrende Anbieter von Premium-Produkten und Premium-Dienstleistungen f\u00fcr individuelle Mobilit\u00e4t bleiben&#8221;, erg\u00e4nzt Kr\u00fcger.<\/p>\n<p><strong>Die Nachwuchsprogramme der BMW Group im \u00dcberblick<br \/>\n<\/strong><br \/>\n<strong>SpeedUp<\/strong><br \/>\nMit dem Programm SpeedUp bietet die BMW Group ein praxisorientiertes Stipendienprogramm f\u00fcr Bachelorstudierende an, die einen Abschluss im Bereich Ingenieur oder IT-Spezialist anstreben. W\u00e4hrend der Programmlaufzeit von 3,5 Jahren absolvieren die Teilnehmer Ihr Studium an einer von drei Kooperationshochschulen und erhalten w\u00e4hrenddessen durchg\u00e4ngige finanzielle F\u00f6rderung durch die BMW Group. Praxiseins\u00e4tze in verschiedenen Bereichen der BMW Group sowie die M\u00f6glichkeit eines Auslandseinsatzes erm\u00f6glichen es, das theoretische Wissen um berufspraktische Erfahrungen zu erweitern. Die Programmteilnehmer erhalten zudem gezielte Qualifizierungsbausteine.<\/p>\n<p><strong>Fastlane<\/strong><br \/>\nMit dem Praktikantenprogramm \u201eFastlane&#8221; f\u00f6rdert die BMW Group herausragende Praktikanten, Werkstudenten sowie Verfasser von bemerkenswerten Bachelor- und Diplomarbeiten, die unmittelbar einen Masterabschluss anstreben. Nicht nur die Teilnehmer profitieren von dieser besonderen Unterst\u00fctzung, auch die BMW Group differenziert sich durch das einzigartige Programm im Wettbewerb um die besten Masterstudierenden &#8211; insbesondere in der Automobilindustrie &#8211; entscheidend. Die Teilnehmer erhalten neben einer attraktiven Stipendiatenverg\u00fctung erweiterte Qualifizierungsangebote und k\u00f6nnen zudem in Volunteeringprojekten gesellschaftliche Verantwortung wahrnehmen. Mehrere Praxiseins\u00e4tze i&#8217;n unterschiedlichen Bereichen und eine praxisbezogene Masterarbeit erm\u00f6glichen es den Programmteilnehmern, fundierte Einblicke in die Arbeit bei der BMW Group zu gewinnen und sich ein Netzwerk aufzubauen. Das neue Fastlane Programm wird ab 2012 eingef\u00fchrt.<\/p>\n<p><strong>ProMotion<\/strong><br \/>\nMit dem BMW Group Doktorandenprogramm \u201eProMotion&#8221; erhalten Promotionsstudierende die Gelegenheit, eine Dissertation mit Praxisbezug zu schreiben und gleichzeitig wertvolle Berufserfahrung zu sammeln. Neben fach\u00fcbergreifenden und fachspezifischen lnformations- und Qualifizierungsveranstaltungen lernen die Programmteilnehmer das Unternehmen \u00fcber Orientierungseins\u00e4tze in verschiedenen Bereichen kennen. Das Programm mit einer maximalen Laufzeit von drei Jahren wird seit Anfang 2011 angeboten.<\/p>\n<p><strong>Graduate Programme<\/strong><br \/>\nDas in 2010 erfolgreich gestartete Graduate Programme (Trainee-Programm) zur Entwicklung von Nachwuchsf\u00fchrungskr\u00e4ften richtet sich an herausragende Hochschulabsolventen mit besonderen Qualifikationen. Es wird in 2012 von 15 Monaten auf 18 Monate Gesamtdauer erweitert. Nach wie vor fungiert der Personalvorstand als Mentor dieses Trainee Programms, welches neben Arbeitseins\u00e4tzen in verschiedenen Unternehmensbereichen auch ein Engagement in einem \u00fcbergreifenden Teamprojekt vorsieht. Die Programmteilnehmer k\u00f6nnen wertvolle Erfahrungen in zwei Auslandseins\u00e4tzen sammeln, werden individuell gef\u00f6rdert und es steht ihnen eine erfahrene F\u00fchrungskraft als pers\u00f6nlicher Mentor zur Seite.<\/p>\n<p><strong>Management Associates Programme<\/strong><br \/>\nDas Management Associates Programme (MAP) lehnt sich in Aufbau und Inhalten stark am Graduate Programme an, bindet jedoch gezielt l\u00e4nderspezifische Besonderheiten eines internationalen Traineeprogramms mit ein. Wesentlicher Bestandteil des MAP ist der zeitgleiche Einsatz aller Programmteilnehmer in der Unternehmenszentrale f\u00fcr f\u00fcnf Monate. So lernen die Teilnehmer Arbeitsprozesse, Abl\u00e4ufe und die Unternehmenskultur kennen, w\u00e4hrend sie sich ein breites Netzwerk in den Fachbereichen der Zentrale aufbauen. Durch die weltweiten Eins\u00e4tze der Management Associates wird das internationale Netzwerk gest\u00e4rkt, sowie der interkulturelle Austausch an Wissen und Perspektiven nachhaltig sichergestellt. Der erste Teilnehmerjahrgang startete in diesem Jahr.<\/p>\n<p><strong>Drive<\/strong><br \/>\nDas \u201eDrive&#8221; Programm schafft f\u00fcr alle neu eintretenden Mitarbeiter der BMW Group einen einheitlichen Rahmen mit modularen Programmbausteinen. Kernelemente der Neuausrichtung sind eine webbasierte Kommunikations-plattform, die gezielt Informationen vermittelt und bereits vor dem ersten Arbeitstag interaktiv genutzt wird, Einf\u00fchrungsveranstaltungen, die die Unternehmenswerte der Marken und Produkte der BMW Group vermitteln, und zielgruppengerichtete Angebote wie zum Beispiel Management-Schulungen und Pers\u00f6nlichkeitsseminare. Ab dem Jahr 2012 wird das Programm f\u00fcr alle neu eintretenden Mitarbeiter angeboten.<\/p>\n<p><strong>Die BMW Group<\/strong><br \/>\nDie BMW Group ist mit ihren Marken BMW, MINI, Husqvarna Motorcycles und Rolls-Royce einer der weltweit erfolgreichsten Premium-Hersteller von Automobilen und Motorr\u00e4dern. Als internationaler Konzern betreibt das Unternehmen 25 Produktions- und Montagest\u00e4tten in 14 L\u00e4ndern sowie ein globales Vertriebsnetzwerk mit Vertretungen in \u00fcber 140 L\u00e4ndern.<\/p>\n<p>Im Gesch\u00e4ftsjahr 2010 erzielte die BMW Group einen weltweiten Absatz von 1,46 Millionen Automobilen und \u00fcber 110.000 Motorr\u00e4dern. Das Ergebnis vor Steuern belief sich auf rund 4,8 Mrd. Euro, der Umsatz auf 60,5 Milliarden Euro. Zum 31. Dezember 2010 besch\u00e4ftigte das Unternehmen weltweit rund 95.500 Mitarbeiterinnen und Mitarbeiter.<\/p>\n<p>Seit jeher sind langfristiges Denken und verantwortungsvolles Handeln die Grundlage des wirtschaftlichen Erfolges der BMW Group. Das Unternehmen hat \u00f6kologische und soziale Nachhaltigkeit entlang der gesamten Wertsch\u00f6pfungskette, umfassende Produktverantwortung sowie ein klares Bekenntnis zur Schonung von Ressourcen fest in seiner Strategie verankert. Entsprechend ist die BMW Group seit sieben Jahren Branchenf\u00fchrer in den Dow Jones Sustainability Indizes.<\/p>\n<p><a href=\"https:\/\/althallercommunication.de\/wp-content\/uploads\/2020\/07\/PI_27102011_BMW.pdf\">PI zum Download<\/a><\/p>\n<p>W2Z1c2lvbl9idXR0b24gbGluaz0mcXVvdDtqYXZhc2NyaXB0Omhpc3RvcnkuYmFjaygpJnF1b3Q7IHRpdGxlPSZxdW90OyZxdW90OyB0YXJnZXQ9JnF1b3Q7X3NlbGYmcXVvdDsgYWxpZ25tZW50PSZxdW90O2NlbnRlciZxdW90OyBtb2RhbD0mcXVvdDsmcXVvdDsgaGlkZV9vbl9tb2JpbGU9JnF1b3Q7c21hbGwtdmlzaWJpbGl0eSxtZWRpdW0tdmlzaWJpbGl0eSxsYXJnZS12aXNpYmlsaXR5JnF1b3Q7IGNsYXNzPSZxdW90OyZxdW90OyBpZD0mcXVvdDsmcXVvdDsgY29sb3I9JnF1b3Q7ZGVmYXVsdCZxdW90OyBidXR0b25fZ3JhZGllbnRfdG9wX2NvbG9yPSZxdW90OyZxdW90OyBidXR0b25fZ3JhZGllbnRfYm90dG9tX2NvbG9yPSZxdW90OyZxdW90OyBidXR0b25fZ3JhZGllbnRfdG9wX2NvbG9yX2hvdmVyPSZxdW90OyZxdW90OyBidXR0b25fZ3JhZGllbnRfYm90dG9tX2NvbG9yX2hvdmVyPSZxdW90OyZxdW90OyBhY2NlbnRfY29sb3I9JnF1b3Q7JnF1b3Q7IGFjY2VudF9ob3Zlcl9jb2xvcj0mcXVvdDsmcXVvdDsgdHlwZT0mcXVvdDsmcXVvdDsgYmV2ZWxfY29sb3I9JnF1b3Q7JnF1b3Q7IGJvcmRlcl93aWR0aD0mcXVvdDsmcXVvdDsgc2l6ZT0mcXVvdDttZWRpdW0mcXVvdDsgc3RyZXRjaD0mcXVvdDtkZWZhdWx0JnF1b3Q7IHNoYXBlPSZxdW90O3JvdW5kJnF1b3Q7IGljb249JnF1b3Q7ZmEtY2hldnJvbi1sZWZ0JnF1b3Q7IGljb25fcG9zaXRpb249JnF1b3Q7bGVmdCZxdW90OyBpY29uX2RpdmlkZXI9JnF1b3Q7bm8mcXVvdDsgYW5pbWF0aW9uX3R5cGU9JnF1b3Q7JnF1b3Q7IGFuaW1hdGlvbl9kaXJlY3Rpb249JnF1b3Q7bGVmdCZxdW90OyBhbmltYXRpb25fc3BlZWQ9JnF1b3Q7MC4zJnF1b3Q7IGFuaW1hdGlvbl9vZmZzZXQ9JnF1b3Q7JnF1b3Q7XXp1csO8Y2tbL2Z1c2lvbl9idXR0b25d<\/p>\n<p>Pressekontakt und Redaktion<br \/>\n<strong>Jacqueline Althaller<br \/>\n<\/strong>ALTHALLER communication GbR<br \/>\nElisabethstra\u00dfe 13<br \/>\n80796 M\u00fcnchen<\/p>\n<p><em>Bildmaterial stellen wir auf Wunsch gerne zur Verf\u00fcgung.<\/em><\/p>\n<p><\/p>\n<p>+49 (0) 89 38 66 52 61<\/p>\n<p><\/p>\n<p>+49 (0) 89 38 66 52 75<\/p>\n<p><\/p>\n<p><a href=\"mailto:info@althallercommunication.de\">info@althallercommunication.de<\/a><\/p>\n<p><\/p>\n<p><a href=\"https:\/\/althallercommunication.de\/\">www.althallercommunication.de<\/a><\/p>\n<p><\/p>\n","protected":false},"excerpt":{"rendered":"<p><strong>SCHULEWIRTSCHAFT<\/strong> | M\u00fcnchen: <\/br> Als f\u00fchrender Premiumanbieter in der Automobilindustrie ist es das Ziel der BMW Group, den Wandel der Branche in den n\u00e4chsten Jahren und Jahrzehnten entscheidend mitzugestalten. Daf\u00fcr setzt das Unternehmen auf hochqualifizierte und motivierte Mitarbeiter, deren Kompetenzen und Talente mit zukunftsorientierten Aus- und Weiterbildungsangeboten gezielt weiterentwickelt werden.<\/p>\n","protected":false},"author":6,"featured_media":0,"comment_status":"closed","ping_status":"open","sticky":false,"template":"","format":"standard","meta":{"_et_pb_use_builder":"","_et_pb_old_content":"","_et_gb_content_width":"","inline_featured_image":false,"footnotes":""},"categories":[2765,2756,1,2758],"tags":[1746,1003,1744,522,1745],"class_list":["post-17833","post","type-post","status-publish","format-standard","hentry","category-klassische-pressearbeit","category-kunden-in-den-medien","category-unkategorisiert","category-pressemeldungen","tag-berufseinstieg","tag-bmw","tag-nachwuchsprogramme","tag-schulewirtschaft-bayern","tag-talentfoerderung"],"yoast_head":"<!-- This site is optimized with the Yoast SEO Premium plugin v25.3 (Yoast SEO v27.5) - https:\/\/yoast.com\/product\/yoast-seo-premium-wordpress\/ -->\n<title>Premium schon beim Berufseinstieg - BMW Group Nachwuchsprogramme<\/title>\n<meta name=\"robots\" content=\"index, follow, max-snippet:-1, max-image-preview:large, max-video-preview:-1\" \/>\n<link rel=\"canonical\" href=\"https:\/\/althallercommunication.de\/die-bmw-group-nachwuchsprogramme\/\" \/>\n<meta property=\"og:locale\" content=\"en_US\" \/>\n<meta property=\"og:type\" content=\"article\" \/>\n<meta property=\"og:title\" content=\"Die BMW Group Nachwuchsprogramme\" \/>\n<meta property=\"og:description\" content=\"SCHULEWIRTSCHAFT | M\u00fcnchen: Als f\u00fchrender Premiumanbieter in der Automobilindustrie ist es das Ziel der BMW Group, den Wandel der Branche in den n\u00e4chsten Jahren und Jahrzehnten entscheidend mitzugestalten. Daf\u00fcr setzt das Unternehmen auf hochqualifizierte und motivierte Mitarbeiter, deren Kompetenzen und Talente mit zukunftsorientierten Aus- und Weiterbildungsangeboten gezielt weiterentwickelt werden.\" \/>\n<meta property=\"og:url\" content=\"https:\/\/althallercommunication.de\/die-bmw-group-nachwuchsprogramme\/\" \/>\n<meta property=\"og:site_name\" content=\"althaller communication\" \/>\n<meta property=\"article:publisher\" content=\"https:\/\/www.facebook.com\/althallercommunication\" \/>\n<meta property=\"article:published_time\" content=\"2009-10-27T07:30:21+00:00\" \/>\n<meta property=\"article:modified_time\" content=\"2023-12-14T13:39:40+00:00\" \/>\n<meta name=\"author\" content=\"Jacqueline Althaller\" \/>\n<meta name=\"twitter:card\" content=\"summary_large_image\" \/>\n<meta name=\"twitter:creator\" content=\"@ALTHALLERcom\" \/>\n<meta name=\"twitter:site\" content=\"@ALTHALLERcom\" \/>\n<meta name=\"twitter:label1\" content=\"Written by\" \/>\n\t<meta name=\"twitter:data1\" content=\"Jacqueline Althaller\" \/>\n\t<meta name=\"twitter:label2\" content=\"Est. reading time\" \/>\n\t<meta name=\"twitter:data2\" content=\"8 minutes\" \/>\n<script type=\"application\/ld+json\" class=\"yoast-schema-graph\">{\"@context\":\"https:\\\/\\\/schema.org\",\"@graph\":[{\"@type\":\"Article\",\"@id\":\"https:\\\/\\\/althallercommunication.de\\\/die-bmw-group-nachwuchsprogramme\\\/#article\",\"isPartOf\":{\"@id\":\"https:\\\/\\\/althallercommunication.de\\\/die-bmw-group-nachwuchsprogramme\\\/\"},\"author\":{\"name\":\"Jacqueline Althaller\",\"@id\":\"https:\\\/\\\/althallercommunication.de\\\/#\\\/schema\\\/person\\\/4ca72b5e8d0bebc1f9b3061e463e32ee\"},\"headline\":\"Die BMW Group Nachwuchsprogramme\",\"datePublished\":\"2009-10-27T07:30:21+00:00\",\"dateModified\":\"2023-12-14T13:39:40+00:00\",\"mainEntityOfPage\":{\"@id\":\"https:\\\/\\\/althallercommunication.de\\\/die-bmw-group-nachwuchsprogramme\\\/\"},\"wordCount\":1699,\"publisher\":{\"@id\":\"https:\\\/\\\/althallercommunication.de\\\/#organization\"},\"keywords\":[\"Berufseinstieg\",\"bmw\",\"Nachwuchsprogramme\",\"Schule\\\/Wirtschaft Bayern\",\"Talentf\u00f6rderung\"],\"articleSection\":[\"Klassische Pressearbeit\",\"Kunden\",\"Others\",\"Pressemeldungen\"],\"inLanguage\":\"en-US\"},{\"@type\":\"WebPage\",\"@id\":\"https:\\\/\\\/althallercommunication.de\\\/die-bmw-group-nachwuchsprogramme\\\/\",\"url\":\"https:\\\/\\\/althallercommunication.de\\\/die-bmw-group-nachwuchsprogramme\\\/\",\"name\":\"Premium schon beim Berufseinstieg - BMW Group Nachwuchsprogramme\",\"isPartOf\":{\"@id\":\"https:\\\/\\\/althallercommunication.de\\\/#website\"},\"datePublished\":\"2009-10-27T07:30:21+00:00\",\"dateModified\":\"2023-12-14T13:39:40+00:00\",\"breadcrumb\":{\"@id\":\"https:\\\/\\\/althallercommunication.de\\\/die-bmw-group-nachwuchsprogramme\\\/#breadcrumb\"},\"inLanguage\":\"en-US\",\"potentialAction\":[{\"@type\":\"ReadAction\",\"target\":[\"https:\\\/\\\/althallercommunication.de\\\/die-bmw-group-nachwuchsprogramme\\\/\"]}]},{\"@type\":\"BreadcrumbList\",\"@id\":\"https:\\\/\\\/althallercommunication.de\\\/die-bmw-group-nachwuchsprogramme\\\/#breadcrumb\",\"itemListElement\":[{\"@type\":\"ListItem\",\"position\":1,\"name\":\"Startseite\",\"item\":\"https:\\\/\\\/althallercommunication.de\\\/en\\\/\"},{\"@type\":\"ListItem\",\"position\":2,\"name\":\"Die BMW Group Nachwuchsprogramme\"}]},{\"@type\":\"WebSite\",\"@id\":\"https:\\\/\\\/althallercommunication.de\\\/#website\",\"url\":\"https:\\\/\\\/althallercommunication.de\\\/\",\"name\":\"althaller communication\",\"description\":\"Martkommunikation B2B\",\"publisher\":{\"@id\":\"https:\\\/\\\/althallercommunication.de\\\/#organization\"},\"potentialAction\":[{\"@type\":\"SearchAction\",\"target\":{\"@type\":\"EntryPoint\",\"urlTemplate\":\"https:\\\/\\\/althallercommunication.de\\\/?s={search_term_string}\"},\"query-input\":{\"@type\":\"PropertyValueSpecification\",\"valueRequired\":true,\"valueName\":\"search_term_string\"}}],\"inLanguage\":\"en-US\"},{\"@type\":\"Organization\",\"@id\":\"https:\\\/\\\/althallercommunication.de\\\/#organization\",\"name\":\"ALTHALLER communication\",\"url\":\"https:\\\/\\\/althallercommunication.de\\\/\",\"logo\":{\"@type\":\"ImageObject\",\"inLanguage\":\"en-US\",\"@id\":\"https:\\\/\\\/althallercommunication.de\\\/#\\\/schema\\\/logo\\\/image\\\/\",\"url\":\"https:\\\/\\\/althallercommunication.de\\\/wp-content\\\/uploads\\\/2023\\\/12\\\/althaller_comm_b.png\",\"contentUrl\":\"https:\\\/\\\/althallercommunication.de\\\/wp-content\\\/uploads\\\/2023\\\/12\\\/althaller_comm_b.png\",\"width\":464,\"height\":110,\"caption\":\"ALTHALLER communication\"},\"image\":{\"@id\":\"https:\\\/\\\/althallercommunication.de\\\/#\\\/schema\\\/logo\\\/image\\\/\"},\"sameAs\":[\"https:\\\/\\\/www.facebook.com\\\/althallercommunication\",\"https:\\\/\\\/x.com\\\/ALTHALLERcom\",\"https:\\\/\\\/www.linkedin.com\\\/company\\\/3332596?trk=tyah&amp;amp;amp;trkInfo=tas:COMMUNICATION Presse und PR,idx:1-1-1\"]},{\"@type\":\"Person\",\"@id\":\"https:\\\/\\\/althallercommunication.de\\\/#\\\/schema\\\/person\\\/4ca72b5e8d0bebc1f9b3061e463e32ee\",\"name\":\"Jacqueline Althaller\",\"image\":{\"@type\":\"ImageObject\",\"inLanguage\":\"en-US\",\"@id\":\"https:\\\/\\\/secure.gravatar.com\\\/avatar\\\/2e8cdf7784b763130efe210406ba46634d04913cf12c46cf98b2799d6da47211?s=96&d=mm&r=g\",\"url\":\"https:\\\/\\\/secure.gravatar.com\\\/avatar\\\/2e8cdf7784b763130efe210406ba46634d04913cf12c46cf98b2799d6da47211?s=96&d=mm&r=g\",\"contentUrl\":\"https:\\\/\\\/secure.gravatar.com\\\/avatar\\\/2e8cdf7784b763130efe210406ba46634d04913cf12c46cf98b2799d6da47211?s=96&d=mm&r=g\",\"caption\":\"Jacqueline Althaller\"},\"description\":\"$$$2021hmb8hzb4MD\",\"url\":\"https:\\\/\\\/althallercommunication.de\\\/en\\\/author\\\/jacqueline-althaller\\\/\"}]}<\/script>\n<!-- \/ Yoast SEO Premium plugin. -->","yoast_head_json":{"title":"Premium schon beim Berufseinstieg - BMW Group Nachwuchsprogramme","robots":{"index":"index","follow":"follow","max-snippet":"max-snippet:-1","max-image-preview":"max-image-preview:large","max-video-preview":"max-video-preview:-1"},"canonical":"https:\/\/althallercommunication.de\/die-bmw-group-nachwuchsprogramme\/","og_locale":"en_US","og_type":"article","og_title":"Die BMW Group Nachwuchsprogramme","og_description":"SCHULEWIRTSCHAFT | M\u00fcnchen: Als f\u00fchrender Premiumanbieter in der Automobilindustrie ist es das Ziel der BMW Group, den Wandel der Branche in den n\u00e4chsten Jahren und Jahrzehnten entscheidend mitzugestalten. Daf\u00fcr setzt das Unternehmen auf hochqualifizierte und motivierte Mitarbeiter, deren Kompetenzen und Talente mit zukunftsorientierten Aus- und Weiterbildungsangeboten gezielt weiterentwickelt werden.","og_url":"https:\/\/althallercommunication.de\/die-bmw-group-nachwuchsprogramme\/","og_site_name":"althaller communication","article_publisher":"https:\/\/www.facebook.com\/althallercommunication","article_published_time":"2009-10-27T07:30:21+00:00","article_modified_time":"2023-12-14T13:39:40+00:00","author":"Jacqueline Althaller","twitter_card":"summary_large_image","twitter_creator":"@ALTHALLERcom","twitter_site":"@ALTHALLERcom","twitter_misc":{"Written by":"Jacqueline Althaller","Est. reading time":"8 minutes"},"schema":{"@context":"https:\/\/schema.org","@graph":[{"@type":"Article","@id":"https:\/\/althallercommunication.de\/die-bmw-group-nachwuchsprogramme\/#article","isPartOf":{"@id":"https:\/\/althallercommunication.de\/die-bmw-group-nachwuchsprogramme\/"},"author":{"name":"Jacqueline Althaller","@id":"https:\/\/althallercommunication.de\/#\/schema\/person\/4ca72b5e8d0bebc1f9b3061e463e32ee"},"headline":"Die BMW Group Nachwuchsprogramme","datePublished":"2009-10-27T07:30:21+00:00","dateModified":"2023-12-14T13:39:40+00:00","mainEntityOfPage":{"@id":"https:\/\/althallercommunication.de\/die-bmw-group-nachwuchsprogramme\/"},"wordCount":1699,"publisher":{"@id":"https:\/\/althallercommunication.de\/#organization"},"keywords":["Berufseinstieg","bmw","Nachwuchsprogramme","Schule\/Wirtschaft Bayern","Talentf\u00f6rderung"],"articleSection":["Klassische Pressearbeit","Kunden","Others","Pressemeldungen"],"inLanguage":"en-US"},{"@type":"WebPage","@id":"https:\/\/althallercommunication.de\/die-bmw-group-nachwuchsprogramme\/","url":"https:\/\/althallercommunication.de\/die-bmw-group-nachwuchsprogramme\/","name":"Premium schon beim Berufseinstieg - BMW Group Nachwuchsprogramme","isPartOf":{"@id":"https:\/\/althallercommunication.de\/#website"},"datePublished":"2009-10-27T07:30:21+00:00","dateModified":"2023-12-14T13:39:40+00:00","breadcrumb":{"@id":"https:\/\/althallercommunication.de\/die-bmw-group-nachwuchsprogramme\/#breadcrumb"},"inLanguage":"en-US","potentialAction":[{"@type":"ReadAction","target":["https:\/\/althallercommunication.de\/die-bmw-group-nachwuchsprogramme\/"]}]},{"@type":"BreadcrumbList","@id":"https:\/\/althallercommunication.de\/die-bmw-group-nachwuchsprogramme\/#breadcrumb","itemListElement":[{"@type":"ListItem","position":1,"name":"Startseite","item":"https:\/\/althallercommunication.de\/en\/"},{"@type":"ListItem","position":2,"name":"Die BMW Group Nachwuchsprogramme"}]},{"@type":"WebSite","@id":"https:\/\/althallercommunication.de\/#website","url":"https:\/\/althallercommunication.de\/","name":"althaller communication","description":"Martkommunikation B2B","publisher":{"@id":"https:\/\/althallercommunication.de\/#organization"},"potentialAction":[{"@type":"SearchAction","target":{"@type":"EntryPoint","urlTemplate":"https:\/\/althallercommunication.de\/?s={search_term_string}"},"query-input":{"@type":"PropertyValueSpecification","valueRequired":true,"valueName":"search_term_string"}}],"inLanguage":"en-US"},{"@type":"Organization","@id":"https:\/\/althallercommunication.de\/#organization","name":"ALTHALLER communication","url":"https:\/\/althallercommunication.de\/","logo":{"@type":"ImageObject","inLanguage":"en-US","@id":"https:\/\/althallercommunication.de\/#\/schema\/logo\/image\/","url":"https:\/\/althallercommunication.de\/wp-content\/uploads\/2023\/12\/althaller_comm_b.png","contentUrl":"https:\/\/althallercommunication.de\/wp-content\/uploads\/2023\/12\/althaller_comm_b.png","width":464,"height":110,"caption":"ALTHALLER communication"},"image":{"@id":"https:\/\/althallercommunication.de\/#\/schema\/logo\/image\/"},"sameAs":["https:\/\/www.facebook.com\/althallercommunication","https:\/\/x.com\/ALTHALLERcom","https:\/\/www.linkedin.com\/company\/3332596?trk=tyah&amp;amp;amp;trkInfo=tas:COMMUNICATION Presse und PR,idx:1-1-1"]},{"@type":"Person","@id":"https:\/\/althallercommunication.de\/#\/schema\/person\/4ca72b5e8d0bebc1f9b3061e463e32ee","name":"Jacqueline Althaller","image":{"@type":"ImageObject","inLanguage":"en-US","@id":"https:\/\/secure.gravatar.com\/avatar\/2e8cdf7784b763130efe210406ba46634d04913cf12c46cf98b2799d6da47211?s=96&d=mm&r=g","url":"https:\/\/secure.gravatar.com\/avatar\/2e8cdf7784b763130efe210406ba46634d04913cf12c46cf98b2799d6da47211?s=96&d=mm&r=g","contentUrl":"https:\/\/secure.gravatar.com\/avatar\/2e8cdf7784b763130efe210406ba46634d04913cf12c46cf98b2799d6da47211?s=96&d=mm&r=g","caption":"Jacqueline Althaller"},"description":"$$$2021hmb8hzb4MD","url":"https:\/\/althallercommunication.de\/en\/author\/jacqueline-althaller\/"}]}},"_links":{"self":[{"href":"https:\/\/althallercommunication.de\/en\/wp-json\/wp\/v2\/posts\/17833","targetHints":{"allow":["GET"]}}],"collection":[{"href":"https:\/\/althallercommunication.de\/en\/wp-json\/wp\/v2\/posts"}],"about":[{"href":"https:\/\/althallercommunication.de\/en\/wp-json\/wp\/v2\/types\/post"}],"author":[{"embeddable":true,"href":"https:\/\/althallercommunication.de\/en\/wp-json\/wp\/v2\/users\/6"}],"replies":[{"embeddable":true,"href":"https:\/\/althallercommunication.de\/en\/wp-json\/wp\/v2\/comments?post=17833"}],"version-history":[{"count":4,"href":"https:\/\/althallercommunication.de\/en\/wp-json\/wp\/v2\/posts\/17833\/revisions"}],"predecessor-version":[{"id":17851,"href":"https:\/\/althallercommunication.de\/en\/wp-json\/wp\/v2\/posts\/17833\/revisions\/17851"}],"wp:attachment":[{"href":"https:\/\/althallercommunication.de\/en\/wp-json\/wp\/v2\/media?parent=17833"}],"wp:term":[{"taxonomy":"category","embeddable":true,"href":"https:\/\/althallercommunication.de\/en\/wp-json\/wp\/v2\/categories?post=17833"},{"taxonomy":"post_tag","embeddable":true,"href":"https:\/\/althallercommunication.de\/en\/wp-json\/wp\/v2\/tags?post=17833"}],"curies":[{"name":"wp","href":"https:\/\/api.w.org\/{rel}","templated":true}]}}