{"id":17852,"date":"2012-10-10T08:30:21","date_gmt":"2012-10-10T06:30:21","guid":{"rendered":"https:\/\/www.althallercommunication.de\/?p=17852"},"modified":"2023-12-14T14:32:45","modified_gmt":"2023-12-14T13:32:45","slug":"jugendwirtschaftsgipfel-neue-impulse-fuer-die-wirtschaftspolitik","status":"publish","type":"post","link":"https:\/\/althallercommunication.de\/en\/jugendwirtschaftsgipfel-neue-impulse-fuer-die-wirtschaftspolitik\/","title":{"rendered":"\u201eJugendwirtschaftsgipfel&#8221;: Neue Impulse f\u00fcr die Wirtschaftspolitik"},"content":{"rendered":"<p><\/p>\n<p><strong>\u201eJugendwirtschaftsgipfel&#8221;: Neue Impulse f\u00fcr die Wirtschaftspolitik<\/strong><\/p>\n<h3><strong>Wirtschaftsminister Martin Zeil im Gespr\u00e4ch mit Sch\u00fclerinnen und<br \/>\nSch\u00fclern<\/strong><\/h3>\n<p><strong>M\u00fcnchen, 10. Oktober 2012. Bayerns Wirtschaftsminister Martin Zeil diskutiert heute mit rund hundert Sch\u00fclerinnen und Sch\u00fcler aus dem gesamten Freistaat \u00fcber k\u00fcnftige Wirtschaftstrends und pers\u00f6nliche Perspektiven. Ziel des \u201eJugendwirtschaftsgipfels&#8221; ist es, Jugendliche zu motivieren, Verantwortung, beispielsweise f\u00fcr unsere Umwelt oder f\u00fcr die Politik, zu \u00fcbernehmen. Schlie\u00dflich werden sie die Zukunft Bayerns ma\u00dfgeblich mitgestalten. Die Initiatoren, das Bayerische Staatsministerium f\u00fcr Wirtschaft, Infrastruktur, Verkehr und Technologie, in Kooperation mit dem Bildungswerk der Bayerischen Wirtschaft e.V. und dem Bayerischen Rundfunk, best\u00e4tigen mit dieser Veranstaltung den gro\u00dfen Erfolg des ersten Jugendwirtschaftsgipfels, der im Oktober 2010 stattgefunden hat. <\/strong><\/p>\n<p>Im Mittelpunkt stehen heute sechs Themen, die im Rahmen der \u201eZukunftswerkstatt&#8221; erarbeitet werden. In einzelnen Workshops geht es beispielsweise um die Stabilit\u00e4t des Euros und um &#8220;Grenzen der europ\u00e4ischen Solidarit\u00e4t&#8221;. Au\u00dferdem werden die \u201eChancen der Jugend in der alternden Gesellschaft&#8221; thematisiert und es wird der Blick in die Zukunft auf \u201elebenslanges Lernen &#8211; lebenslanges Arbeiten?&#8221; gewagt. Auch die Energiewende besch\u00e4ftigt die Jugendlichen. Fragen nach der \u201eAkzeptanz erneuerbarer Energien&#8221; und danach, ob unsere Energieversorgung k\u00fcnftig noch gesichert und bezahlbar ist, sorgen f\u00fcr einen angeregten Austausch unter den teilnehmenden Sch\u00fclern.<\/p>\n<p>\u201eWir leben heute in einer sehr spannenden und immer schnelllebigeren Welt. Eine wichtige Konstante f\u00fcr mich ist aber der pers\u00f6nliche Dialog mit der Jugend in Bayern. Im Rahmen des 2. Jugendwirtschaftsgipfels diskutieren wir Zukunftsthemen f\u00fcr unser Bayern 2020. Junge Menschen haben gro\u00dfes Potenzial und viele frische Ideen &#8211; genau das brauchen wir im Ideen- und Chancenland Bayern. Packen wir die Zukunft gemeinsam an!&#8221;, so Wirtschaftsminister Martin Zeil.<\/p>\n<p>Die Inhalte, die vormittags in den Workshops erarbeitet werden, stellen die Jugendlichen am Nachmittag im Rahmen einer Diskussionsrunde vor. Neben Staatsminister Martin Zeil nehmen auch Jutta Kleinschmidt, Siegerin der Rallye Dakar sowie Harald Kr\u00fcger, Mitglied des Vorstands der BMW AG und Vorsitzender von <em>SCHULE<\/em>WIRTSCHAFT Bayern, auf dem Podium Platz.<\/p>\n<p>F\u00fcr Harald Kr\u00fcger ist es eine Selbstverst\u00e4ndlichkeit, heute an der Diskussionsrunde teilzunehmen: ,,Die Veranstaltung zeigt einmal mehr, dass Jugendliche Verantwortung \u00fcbernehmen wollen. Unternehmen und Politik sind also aufgefordert, ihnen auch die M\u00f6glichkeit daf\u00fcr zu geben.&#8221;<\/p>\n<p>Am \u201eJugendwirtschaftsgipfel&#8221; nehmen bayerische Jugendliche zwischen 12 und 19 Jahren teil. Alle Sch\u00fcler und Sch\u00fclerinnen haben sich in unterschiedlichen Projekten engagiert, die vom Bayerischen Staatsministerium f\u00fcr Wirtschaft, Infrastruktur, Verkehr und Technologie gef\u00f6rdert und vom Bildungswerk der Bayerischen Wirtschaft e. V. durchgef\u00fchrt werden. Dazu geh\u00f6ren das Planspiel \u201ePlay the Market&#8221;, die Online\u00adPraktikumsb\u00f6rse \u201esprungbrett Bayern&#8221;, der Wettbewerb \u201eTechnik Scouts&#8221;, die \u201eM\u00e4dchen f\u00fcr Technik-Camps&#8221; sowie die \u201eForscherinnen-Camps&#8221;.<\/p>\n<p><strong>\u00dcber SCHULEWIRTSCHAFT Bayern:<\/strong><br \/>\nDie lokalen Arbeitskreise <em>SCHULE<\/em>WIRTSCHAFT sind ein Netzwerk aus ehrenamtlichen Vertretern aus Schulen und Unternehmen. Sie f\u00f6rdern den Dialog zwischen Schule und Unternehmen in der bayerischen Region und erarbeiten L\u00f6sungen zu aktuellen Herausforderungen. Die Gesch\u00e4ftsstelle <em>SCHULE<\/em>WIRTSCHAFT Bayern im Bildungswerk der Bayerischen Wirtschaft e. V. unterst\u00fctzt und koordiniert als Dachorganisation dieses Netzwerk. Die Impulse aus dem Netzwerk <em>SCHULE<\/em>WIRTSCHAFT Bayern werden geb\u00fcndelt und flie\u00dfen direkt in die praxisnahen Bildungsprojekte des Bildungswerks der Bayerischen Wirtschaft e. V. ein. Schwerpunkte des Engagements liegen in der F\u00f6rderung der \u00f6konomischen Bildung, des naturwissenschaftlichen und technischen Interesses sowie der Lehrerfortbildung in der <em>SCHULE<\/em>WIRTSCHAFT-Akademie.<\/p>\n<p><a href=\"https:\/\/althallercommunication.de\/wp-content\/uploads\/2020\/07\/PI_10102012_Jugendwirtschaftsgipfel.pdf\">PI zum Download<\/a><\/p>\n<p>W2Z1c2lvbl9idXR0b24gbGluaz0mcXVvdDtqYXZhc2NyaXB0Omhpc3RvcnkuYmFjaygpJnF1b3Q7IHRpdGxlPSZxdW90OyZxdW90OyB0YXJnZXQ9JnF1b3Q7X3NlbGYmcXVvdDsgYWxpZ25tZW50PSZxdW90O2NlbnRlciZxdW90OyBtb2RhbD0mcXVvdDsmcXVvdDsgaGlkZV9vbl9tb2JpbGU9JnF1b3Q7c21hbGwtdmlzaWJpbGl0eSxtZWRpdW0tdmlzaWJpbGl0eSxsYXJnZS12aXNpYmlsaXR5JnF1b3Q7IGNsYXNzPSZxdW90OyZxdW90OyBpZD0mcXVvdDsmcXVvdDsgY29sb3I9JnF1b3Q7ZGVmYXVsdCZxdW90OyBidXR0b25fZ3JhZGllbnRfdG9wX2NvbG9yPSZxdW90OyZxdW90OyBidXR0b25fZ3JhZGllbnRfYm90dG9tX2NvbG9yPSZxdW90OyZxdW90OyBidXR0b25fZ3JhZGllbnRfdG9wX2NvbG9yX2hvdmVyPSZxdW90OyZxdW90OyBidXR0b25fZ3JhZGllbnRfYm90dG9tX2NvbG9yX2hvdmVyPSZxdW90OyZxdW90OyBhY2NlbnRfY29sb3I9JnF1b3Q7JnF1b3Q7IGFjY2VudF9ob3Zlcl9jb2xvcj0mcXVvdDsmcXVvdDsgdHlwZT0mcXVvdDsmcXVvdDsgYmV2ZWxfY29sb3I9JnF1b3Q7JnF1b3Q7IGJvcmRlcl93aWR0aD0mcXVvdDsmcXVvdDsgc2l6ZT0mcXVvdDttZWRpdW0mcXVvdDsgc3RyZXRjaD0mcXVvdDtkZWZhdWx0JnF1b3Q7IHNoYXBlPSZxdW90O3JvdW5kJnF1b3Q7IGljb249JnF1b3Q7ZmEtY2hldnJvbi1sZWZ0JnF1b3Q7IGljb25fcG9zaXRpb249JnF1b3Q7bGVmdCZxdW90OyBpY29uX2RpdmlkZXI9JnF1b3Q7bm8mcXVvdDsgYW5pbWF0aW9uX3R5cGU9JnF1b3Q7JnF1b3Q7IGFuaW1hdGlvbl9kaXJlY3Rpb249JnF1b3Q7bGVmdCZxdW90OyBhbmltYXRpb25fc3BlZWQ9JnF1b3Q7MC4zJnF1b3Q7IGFuaW1hdGlvbl9vZmZzZXQ9JnF1b3Q7JnF1b3Q7XXp1csO8Y2tbL2Z1c2lvbl9idXR0b25d<\/p>\n<p>Pressekontakt und Redaktion<br \/>\n<strong>Jacqueline Althaller<br \/>\n<\/strong>ALTHALLER communication GbR<br \/>\nElisabethstra\u00dfe 13<br \/>\n80796 M\u00fcnchen<\/p>\n<p><em>Bildmaterial stellen wir auf Wunsch gerne zur Verf\u00fcgung.<\/em><\/p>\n<p><\/p>\n<p>+49 (0) 89 38 66 52 61<\/p>\n<p><\/p>\n<p>+49 (0) 89 38 66 52 75<\/p>\n<p><\/p>\n<p><a href=\"mailto:info@althallercommunication.de\">info@althallercommunication.de<\/a><\/p>\n<p><\/p>\n<p><a href=\"https:\/\/althallercommunication.de\/\">www.althallercommunication.de<\/a><\/p>\n<p><\/p>\n","protected":false},"excerpt":{"rendered":"<p><strong>SCHULEWIRTSCHAFT<\/strong> | M\u00fcnchen: <\/br> Bayerns Wirtschaftsminister Martin Zeil diskutiert heute mit rund hundert Sch\u00fclerinnen und Sch\u00fcler aus dem gesamten Freistaat \u00fcber k\u00fcnftige Wirtschaftstrends und pers\u00f6nliche Perspektiven.<\/p>\n","protected":false},"author":6,"featured_media":0,"comment_status":"closed","ping_status":"open","sticky":false,"template":"","format":"standard","meta":{"_et_pb_use_builder":"","_et_pb_old_content":"","_et_gb_content_width":"","inline_featured_image":false,"footnotes":""},"categories":[2765,2756,1,2758],"tags":[1747,1755,1754,1756,1753],"class_list":["post-17852","post","type-post","status-publish","format-standard","hentry","category-klassische-pressearbeit","category-kunden-in-den-medien","category-unkategorisiert","category-pressemeldungen","tag-bildung","tag-jugend","tag-jugendwirtschaftsgipfel","tag-verantowrtung","tag-wirtschaftspolitik"],"yoast_head":"<!-- This site is optimized with the Yoast SEO Premium plugin v25.3 (Yoast SEO v27.5) - https:\/\/yoast.com\/product\/yoast-seo-premium-wordpress\/ -->\n<title>\u201eJugendwirtschaftsgipfel&quot;: Neue Impulse f\u00fcr die Wirtschaftspolitik<\/title>\n<meta name=\"description\" content=\"Wirtschaftsminister Martin Zeil im Gespr\u00e4ch mit Sch\u00fclerinnen und Sch\u00fclern \u00fcber k\u00fcnftige Wirtschaftstrends und pers\u00f6nliche Perspektiven.\" \/>\n<meta name=\"robots\" content=\"index, follow, max-snippet:-1, max-image-preview:large, max-video-preview:-1\" \/>\n<link rel=\"canonical\" href=\"https:\/\/althallercommunication.de\/jugendwirtschaftsgipfel-neue-impulse-fuer-die-wirtschaftspolitik\/\" \/>\n<meta property=\"og:locale\" content=\"en_US\" \/>\n<meta property=\"og:type\" content=\"article\" \/>\n<meta property=\"og:title\" content=\"\u201eJugendwirtschaftsgipfel&quot;: Neue Impulse f\u00fcr die Wirtschaftspolitik\" \/>\n<meta property=\"og:description\" content=\"Wirtschaftsminister Martin Zeil im Gespr\u00e4ch mit Sch\u00fclerinnen und Sch\u00fclern \u00fcber k\u00fcnftige Wirtschaftstrends und pers\u00f6nliche Perspektiven.\" \/>\n<meta property=\"og:url\" content=\"https:\/\/althallercommunication.de\/jugendwirtschaftsgipfel-neue-impulse-fuer-die-wirtschaftspolitik\/\" \/>\n<meta property=\"og:site_name\" content=\"althaller communication\" \/>\n<meta property=\"article:publisher\" content=\"https:\/\/www.facebook.com\/althallercommunication\" \/>\n<meta property=\"article:published_time\" content=\"2012-10-10T06:30:21+00:00\" \/>\n<meta property=\"article:modified_time\" content=\"2023-12-14T13:32:45+00:00\" \/>\n<meta name=\"author\" content=\"Jacqueline Althaller\" \/>\n<meta name=\"twitter:card\" content=\"summary_large_image\" \/>\n<meta name=\"twitter:creator\" content=\"@ALTHALLERcom\" \/>\n<meta name=\"twitter:site\" content=\"@ALTHALLERcom\" \/>\n<meta name=\"twitter:label1\" content=\"Written by\" \/>\n\t<meta name=\"twitter:data1\" content=\"Jacqueline Althaller\" \/>\n\t<meta name=\"twitter:label2\" content=\"Est. reading time\" \/>\n\t<meta name=\"twitter:data2\" content=\"6 minutes\" \/>\n<script type=\"application\/ld+json\" class=\"yoast-schema-graph\">{\"@context\":\"https:\\\/\\\/schema.org\",\"@graph\":[{\"@type\":\"Article\",\"@id\":\"https:\\\/\\\/althallercommunication.de\\\/jugendwirtschaftsgipfel-neue-impulse-fuer-die-wirtschaftspolitik\\\/#article\",\"isPartOf\":{\"@id\":\"https:\\\/\\\/althallercommunication.de\\\/jugendwirtschaftsgipfel-neue-impulse-fuer-die-wirtschaftspolitik\\\/\"},\"author\":{\"name\":\"Jacqueline Althaller\",\"@id\":\"https:\\\/\\\/althallercommunication.de\\\/#\\\/schema\\\/person\\\/4ca72b5e8d0bebc1f9b3061e463e32ee\"},\"headline\":\"\u201eJugendwirtschaftsgipfel&#8221;: Neue Impulse f\u00fcr die Wirtschaftspolitik\",\"datePublished\":\"2012-10-10T06:30:21+00:00\",\"dateModified\":\"2023-12-14T13:32:45+00:00\",\"mainEntityOfPage\":{\"@id\":\"https:\\\/\\\/althallercommunication.de\\\/jugendwirtschaftsgipfel-neue-impulse-fuer-die-wirtschaftspolitik\\\/\"},\"wordCount\":1130,\"publisher\":{\"@id\":\"https:\\\/\\\/althallercommunication.de\\\/#organization\"},\"keywords\":[\"Bildung\",\"Jugend\",\"Jugendwirtschaftsgipfel\",\"Verantowrtung\",\"Wirtschaftspolitik\"],\"articleSection\":[\"Klassische Pressearbeit\",\"Kunden\",\"Others\",\"Pressemeldungen\"],\"inLanguage\":\"en-US\"},{\"@type\":\"WebPage\",\"@id\":\"https:\\\/\\\/althallercommunication.de\\\/jugendwirtschaftsgipfel-neue-impulse-fuer-die-wirtschaftspolitik\\\/\",\"url\":\"https:\\\/\\\/althallercommunication.de\\\/jugendwirtschaftsgipfel-neue-impulse-fuer-die-wirtschaftspolitik\\\/\",\"name\":\"\u201eJugendwirtschaftsgipfel\\\": Neue Impulse f\u00fcr die Wirtschaftspolitik\",\"isPartOf\":{\"@id\":\"https:\\\/\\\/althallercommunication.de\\\/#website\"},\"datePublished\":\"2012-10-10T06:30:21+00:00\",\"dateModified\":\"2023-12-14T13:32:45+00:00\",\"description\":\"Wirtschaftsminister Martin Zeil im Gespr\u00e4ch mit Sch\u00fclerinnen und Sch\u00fclern \u00fcber k\u00fcnftige Wirtschaftstrends und pers\u00f6nliche Perspektiven.\",\"breadcrumb\":{\"@id\":\"https:\\\/\\\/althallercommunication.de\\\/jugendwirtschaftsgipfel-neue-impulse-fuer-die-wirtschaftspolitik\\\/#breadcrumb\"},\"inLanguage\":\"en-US\",\"potentialAction\":[{\"@type\":\"ReadAction\",\"target\":[\"https:\\\/\\\/althallercommunication.de\\\/jugendwirtschaftsgipfel-neue-impulse-fuer-die-wirtschaftspolitik\\\/\"]}]},{\"@type\":\"BreadcrumbList\",\"@id\":\"https:\\\/\\\/althallercommunication.de\\\/jugendwirtschaftsgipfel-neue-impulse-fuer-die-wirtschaftspolitik\\\/#breadcrumb\",\"itemListElement\":[{\"@type\":\"ListItem\",\"position\":1,\"name\":\"Startseite\",\"item\":\"https:\\\/\\\/althallercommunication.de\\\/en\\\/\"},{\"@type\":\"ListItem\",\"position\":2,\"name\":\"\u201eJugendwirtschaftsgipfel&#8221;: Neue Impulse f\u00fcr die Wirtschaftspolitik\"}]},{\"@type\":\"WebSite\",\"@id\":\"https:\\\/\\\/althallercommunication.de\\\/#website\",\"url\":\"https:\\\/\\\/althallercommunication.de\\\/\",\"name\":\"althaller communication\",\"description\":\"Martkommunikation B2B\",\"publisher\":{\"@id\":\"https:\\\/\\\/althallercommunication.de\\\/#organization\"},\"potentialAction\":[{\"@type\":\"SearchAction\",\"target\":{\"@type\":\"EntryPoint\",\"urlTemplate\":\"https:\\\/\\\/althallercommunication.de\\\/?s={search_term_string}\"},\"query-input\":{\"@type\":\"PropertyValueSpecification\",\"valueRequired\":true,\"valueName\":\"search_term_string\"}}],\"inLanguage\":\"en-US\"},{\"@type\":\"Organization\",\"@id\":\"https:\\\/\\\/althallercommunication.de\\\/#organization\",\"name\":\"ALTHALLER communication\",\"url\":\"https:\\\/\\\/althallercommunication.de\\\/\",\"logo\":{\"@type\":\"ImageObject\",\"inLanguage\":\"en-US\",\"@id\":\"https:\\\/\\\/althallercommunication.de\\\/#\\\/schema\\\/logo\\\/image\\\/\",\"url\":\"https:\\\/\\\/althallercommunication.de\\\/wp-content\\\/uploads\\\/2023\\\/12\\\/althaller_comm_b.png\",\"contentUrl\":\"https:\\\/\\\/althallercommunication.de\\\/wp-content\\\/uploads\\\/2023\\\/12\\\/althaller_comm_b.png\",\"width\":464,\"height\":110,\"caption\":\"ALTHALLER communication\"},\"image\":{\"@id\":\"https:\\\/\\\/althallercommunication.de\\\/#\\\/schema\\\/logo\\\/image\\\/\"},\"sameAs\":[\"https:\\\/\\\/www.facebook.com\\\/althallercommunication\",\"https:\\\/\\\/x.com\\\/ALTHALLERcom\",\"https:\\\/\\\/www.linkedin.com\\\/company\\\/3332596?trk=tyah&amp;amp;amp;trkInfo=tas:COMMUNICATION Presse und PR,idx:1-1-1\"]},{\"@type\":\"Person\",\"@id\":\"https:\\\/\\\/althallercommunication.de\\\/#\\\/schema\\\/person\\\/4ca72b5e8d0bebc1f9b3061e463e32ee\",\"name\":\"Jacqueline Althaller\",\"image\":{\"@type\":\"ImageObject\",\"inLanguage\":\"en-US\",\"@id\":\"https:\\\/\\\/secure.gravatar.com\\\/avatar\\\/2e8cdf7784b763130efe210406ba46634d04913cf12c46cf98b2799d6da47211?s=96&d=mm&r=g\",\"url\":\"https:\\\/\\\/secure.gravatar.com\\\/avatar\\\/2e8cdf7784b763130efe210406ba46634d04913cf12c46cf98b2799d6da47211?s=96&d=mm&r=g\",\"contentUrl\":\"https:\\\/\\\/secure.gravatar.com\\\/avatar\\\/2e8cdf7784b763130efe210406ba46634d04913cf12c46cf98b2799d6da47211?s=96&d=mm&r=g\",\"caption\":\"Jacqueline Althaller\"},\"description\":\"$$$2021hmb8hzb4MD\",\"url\":\"https:\\\/\\\/althallercommunication.de\\\/en\\\/author\\\/jacqueline-althaller\\\/\"}]}<\/script>\n<!-- \/ Yoast SEO Premium plugin. -->","yoast_head_json":{"title":"\u201eJugendwirtschaftsgipfel\": Neue Impulse f\u00fcr die Wirtschaftspolitik","description":"Wirtschaftsminister Martin Zeil im Gespr\u00e4ch mit Sch\u00fclerinnen und Sch\u00fclern \u00fcber k\u00fcnftige Wirtschaftstrends und pers\u00f6nliche Perspektiven.","robots":{"index":"index","follow":"follow","max-snippet":"max-snippet:-1","max-image-preview":"max-image-preview:large","max-video-preview":"max-video-preview:-1"},"canonical":"https:\/\/althallercommunication.de\/jugendwirtschaftsgipfel-neue-impulse-fuer-die-wirtschaftspolitik\/","og_locale":"en_US","og_type":"article","og_title":"\u201eJugendwirtschaftsgipfel\": Neue Impulse f\u00fcr die Wirtschaftspolitik","og_description":"Wirtschaftsminister Martin Zeil im Gespr\u00e4ch mit Sch\u00fclerinnen und Sch\u00fclern \u00fcber k\u00fcnftige Wirtschaftstrends und pers\u00f6nliche Perspektiven.","og_url":"https:\/\/althallercommunication.de\/jugendwirtschaftsgipfel-neue-impulse-fuer-die-wirtschaftspolitik\/","og_site_name":"althaller communication","article_publisher":"https:\/\/www.facebook.com\/althallercommunication","article_published_time":"2012-10-10T06:30:21+00:00","article_modified_time":"2023-12-14T13:32:45+00:00","author":"Jacqueline Althaller","twitter_card":"summary_large_image","twitter_creator":"@ALTHALLERcom","twitter_site":"@ALTHALLERcom","twitter_misc":{"Written by":"Jacqueline Althaller","Est. reading time":"6 minutes"},"schema":{"@context":"https:\/\/schema.org","@graph":[{"@type":"Article","@id":"https:\/\/althallercommunication.de\/jugendwirtschaftsgipfel-neue-impulse-fuer-die-wirtschaftspolitik\/#article","isPartOf":{"@id":"https:\/\/althallercommunication.de\/jugendwirtschaftsgipfel-neue-impulse-fuer-die-wirtschaftspolitik\/"},"author":{"name":"Jacqueline Althaller","@id":"https:\/\/althallercommunication.de\/#\/schema\/person\/4ca72b5e8d0bebc1f9b3061e463e32ee"},"headline":"\u201eJugendwirtschaftsgipfel&#8221;: Neue Impulse f\u00fcr die Wirtschaftspolitik","datePublished":"2012-10-10T06:30:21+00:00","dateModified":"2023-12-14T13:32:45+00:00","mainEntityOfPage":{"@id":"https:\/\/althallercommunication.de\/jugendwirtschaftsgipfel-neue-impulse-fuer-die-wirtschaftspolitik\/"},"wordCount":1130,"publisher":{"@id":"https:\/\/althallercommunication.de\/#organization"},"keywords":["Bildung","Jugend","Jugendwirtschaftsgipfel","Verantowrtung","Wirtschaftspolitik"],"articleSection":["Klassische Pressearbeit","Kunden","Others","Pressemeldungen"],"inLanguage":"en-US"},{"@type":"WebPage","@id":"https:\/\/althallercommunication.de\/jugendwirtschaftsgipfel-neue-impulse-fuer-die-wirtschaftspolitik\/","url":"https:\/\/althallercommunication.de\/jugendwirtschaftsgipfel-neue-impulse-fuer-die-wirtschaftspolitik\/","name":"\u201eJugendwirtschaftsgipfel\": Neue Impulse f\u00fcr die Wirtschaftspolitik","isPartOf":{"@id":"https:\/\/althallercommunication.de\/#website"},"datePublished":"2012-10-10T06:30:21+00:00","dateModified":"2023-12-14T13:32:45+00:00","description":"Wirtschaftsminister Martin Zeil im Gespr\u00e4ch mit Sch\u00fclerinnen und Sch\u00fclern \u00fcber k\u00fcnftige Wirtschaftstrends und pers\u00f6nliche Perspektiven.","breadcrumb":{"@id":"https:\/\/althallercommunication.de\/jugendwirtschaftsgipfel-neue-impulse-fuer-die-wirtschaftspolitik\/#breadcrumb"},"inLanguage":"en-US","potentialAction":[{"@type":"ReadAction","target":["https:\/\/althallercommunication.de\/jugendwirtschaftsgipfel-neue-impulse-fuer-die-wirtschaftspolitik\/"]}]},{"@type":"BreadcrumbList","@id":"https:\/\/althallercommunication.de\/jugendwirtschaftsgipfel-neue-impulse-fuer-die-wirtschaftspolitik\/#breadcrumb","itemListElement":[{"@type":"ListItem","position":1,"name":"Startseite","item":"https:\/\/althallercommunication.de\/en\/"},{"@type":"ListItem","position":2,"name":"\u201eJugendwirtschaftsgipfel&#8221;: Neue Impulse f\u00fcr die Wirtschaftspolitik"}]},{"@type":"WebSite","@id":"https:\/\/althallercommunication.de\/#website","url":"https:\/\/althallercommunication.de\/","name":"althaller communication","description":"Martkommunikation B2B","publisher":{"@id":"https:\/\/althallercommunication.de\/#organization"},"potentialAction":[{"@type":"SearchAction","target":{"@type":"EntryPoint","urlTemplate":"https:\/\/althallercommunication.de\/?s={search_term_string}"},"query-input":{"@type":"PropertyValueSpecification","valueRequired":true,"valueName":"search_term_string"}}],"inLanguage":"en-US"},{"@type":"Organization","@id":"https:\/\/althallercommunication.de\/#organization","name":"ALTHALLER communication","url":"https:\/\/althallercommunication.de\/","logo":{"@type":"ImageObject","inLanguage":"en-US","@id":"https:\/\/althallercommunication.de\/#\/schema\/logo\/image\/","url":"https:\/\/althallercommunication.de\/wp-content\/uploads\/2023\/12\/althaller_comm_b.png","contentUrl":"https:\/\/althallercommunication.de\/wp-content\/uploads\/2023\/12\/althaller_comm_b.png","width":464,"height":110,"caption":"ALTHALLER communication"},"image":{"@id":"https:\/\/althallercommunication.de\/#\/schema\/logo\/image\/"},"sameAs":["https:\/\/www.facebook.com\/althallercommunication","https:\/\/x.com\/ALTHALLERcom","https:\/\/www.linkedin.com\/company\/3332596?trk=tyah&amp;amp;amp;trkInfo=tas:COMMUNICATION Presse und PR,idx:1-1-1"]},{"@type":"Person","@id":"https:\/\/althallercommunication.de\/#\/schema\/person\/4ca72b5e8d0bebc1f9b3061e463e32ee","name":"Jacqueline Althaller","image":{"@type":"ImageObject","inLanguage":"en-US","@id":"https:\/\/secure.gravatar.com\/avatar\/2e8cdf7784b763130efe210406ba46634d04913cf12c46cf98b2799d6da47211?s=96&d=mm&r=g","url":"https:\/\/secure.gravatar.com\/avatar\/2e8cdf7784b763130efe210406ba46634d04913cf12c46cf98b2799d6da47211?s=96&d=mm&r=g","contentUrl":"https:\/\/secure.gravatar.com\/avatar\/2e8cdf7784b763130efe210406ba46634d04913cf12c46cf98b2799d6da47211?s=96&d=mm&r=g","caption":"Jacqueline Althaller"},"description":"$$$2021hmb8hzb4MD","url":"https:\/\/althallercommunication.de\/en\/author\/jacqueline-althaller\/"}]}},"_links":{"self":[{"href":"https:\/\/althallercommunication.de\/en\/wp-json\/wp\/v2\/posts\/17852","targetHints":{"allow":["GET"]}}],"collection":[{"href":"https:\/\/althallercommunication.de\/en\/wp-json\/wp\/v2\/posts"}],"about":[{"href":"https:\/\/althallercommunication.de\/en\/wp-json\/wp\/v2\/types\/post"}],"author":[{"embeddable":true,"href":"https:\/\/althallercommunication.de\/en\/wp-json\/wp\/v2\/users\/6"}],"replies":[{"embeddable":true,"href":"https:\/\/althallercommunication.de\/en\/wp-json\/wp\/v2\/comments?post=17852"}],"version-history":[{"count":3,"href":"https:\/\/althallercommunication.de\/en\/wp-json\/wp\/v2\/posts\/17852\/revisions"}],"predecessor-version":[{"id":17855,"href":"https:\/\/althallercommunication.de\/en\/wp-json\/wp\/v2\/posts\/17852\/revisions\/17855"}],"wp:attachment":[{"href":"https:\/\/althallercommunication.de\/en\/wp-json\/wp\/v2\/media?parent=17852"}],"wp:term":[{"taxonomy":"category","embeddable":true,"href":"https:\/\/althallercommunication.de\/en\/wp-json\/wp\/v2\/categories?post=17852"},{"taxonomy":"post_tag","embeddable":true,"href":"https:\/\/althallercommunication.de\/en\/wp-json\/wp\/v2\/tags?post=17852"}],"curies":[{"name":"wp","href":"https:\/\/api.w.org\/{rel}","templated":true}]}}