{"id":17856,"date":"2012-10-16T08:30:21","date_gmt":"2012-10-16T06:30:21","guid":{"rendered":"https:\/\/www.althallercommunication.de\/?p=17856"},"modified":"2023-12-14T14:32:22","modified_gmt":"2023-12-14T13:32:22","slug":"regionaltagung-in-tirschenreuth","status":"publish","type":"post","link":"https:\/\/althallercommunication.de\/en\/regionaltagung-in-tirschenreuth\/","title":{"rendered":"Regionaltagung in Tirschenreuth"},"content":{"rendered":"<p><\/p>\n<p><strong>Regionaltagung in Tirschenreuth<\/strong><\/p>\n<h3><strong>Arbeitskreise <em>SCHULE<\/em>WIRTSCHAFT aus der Oberpfalz f\u00f6rdern Integration<\/strong><\/h3>\n<p><strong>M\u00fcnchen \/ Tirschenreuth, 16. Oktober 2012. Wie kann das Potential sozialer Vielfalt optimal ausgesch\u00f6pft werden? Dar\u00fcber diskutieren heute rund 50 ehrenamtliche Vertreter der Arbeitskreise <em>SCHULE<\/em>WIRTSCHAFT aus der Oberpfalz. Die diesj\u00e4hrige Regionaltagung in Tirschenreuth steht unter dem Motto \u201eVielfalt als Chance &#8211; Integration und Offenheit f\u00f6rdern&#8221;. Bei der Tagung geht es vor allem darum, Jugendlichen &#8211; unabh\u00e4ngig von ihrem pers\u00f6nlichen Hintergrund &#8211; Perspektiven in der Region zu bieten. Dieses Engagement wissen auch Franz Stahl, Erster B\u00fcrgermeister der Stadt Tirschenreuth, und Gastgeber Udo Kasseckert, Leiter der Personalabteilung der Hamm AG, zu sch\u00e4tzen. F\u00fcr sie ist es Ehrensache, heute dabei zu sein. <\/strong><\/p>\n<p>Die \u00dcberg\u00e4nge von der Schule in den Beruf haben sich in den letzten Jahren entscheidend ver\u00e4ndert. Sie sind l\u00e4nger, un\u00fcbersichtlicher und risikoreicher geworden. Ob Hauptsch\u00fcler oder Gymnasiast, ob mit Migrationshintergrund oder ohne: Viele junge Menschen stehen am Ende ihrer Schulzeit vor der immer schwieriger werdenden Frage: Wie soll es weitergehen? In dieser wichtigen Lebensphase Orientierung zu geben, ist das Ziel der rund 100 bayerischen Arbeitskreise <em>SCHULE<\/em>WIRTSCHAFT &#8211; und das seit nunmehr 30 Jahren.<\/p>\n<p>Alle zwei Jahre treffen sich die Akteure aus Schulen und Unternehmen, um nicht nur neue Impulse f\u00fcr ihre Arbeit vor Ort zu erhalten, sondern auch, um ihr bestehendes Netzwerk auszubauen und zu pflegen.<br \/>\nEin inspirierendes Programm aus gesellschaftspolitischem Vortrag, offenen Diskussionsrunden und praxisnahen Workshops h\u00e4lt f\u00fcr jeden Teilnehmer interessante Informationen bereit.<\/p>\n<p><em>SCHULE<\/em>WIRTSCHAFT Bayern schreibt seit \u00fcber drei Jahrzehnten Erfolgsgeschichte. Mit stets innovativen Projekten ist das Netzwerk auch f\u00fcr die Zukunft bestens aufgestellt. Gleich zwei einzigartige Angebote stellen Elisabeth Kirsch, Gesch\u00e4ftsf\u00fchrerin von <em>SCHULE<\/em>WIRTSCHAFT Bayern, und ihre Stellvertreterin Pia Schwarz heute vor:<\/p>\n<ul>\n<li>sprungbrett-bayern.de hat sich als gr\u00f6\u00dfte Online-Praktikumsb\u00f6rse f\u00fcr Sch\u00fclerinnen und Sch\u00fcler in ganz Bayern etabliert.<\/li>\n<li>Die neuen SeniorConsultants tragen seit Oktober 2011 mit ihrer Erfahrung dazu bei, die Qualit\u00e4t in den Arbeitskreisen vor Ort kontinuierlich zu steigern.<\/li>\n<\/ul>\n<p>Martin Neumeyer, MdL und Integrationsbeauftragter der Bayerischen Staatsregierung, n\u00e4hert sich dem Thema \u201eIntegration&#8221; aus gesellschaftspolitischer Sicht und beleuchtet in seinem Vortrag besonders die Auswirkungen des demografischen Wandels. Die ehrenamtlichen Mitglieder erfahren mehr \u00fcber die Bedeutung von b\u00fcrgerschaftlichem Engagement und gesellschaftlicher Teilhabe, aber auch \u00fcber Verantwortung von Eltern.<\/p>\n<p>Eine Analyse gibt Aufschluss dar\u00fcber, welche Aufgaben und Herausforderungen zu bew\u00e4ltigen sind, wenn Integration gelingen soll.<\/p>\n<p>Vielfalt spiegelt sich auch in den drei Workshops am Nachmittag wider: Die Teilnehmer haben die Wahl, ob sie mehr erfahren wollen \u00fcber die \u201eZukunftscoaches&#8221; des Arbeitskreises Tirschenreuth oder ob sie sich \u00fcber das Projekt des Arbeitskreises Neumarkt, ,,soft, &#8211; Sozialkompetenz f\u00fcr Teenager&#8221;, informieren m\u00f6chten. Ein weiteres Best-Practice-Beispiel ist \u201eOberpf\u00e4lzer BesTec-Preise&#8221;. Bei diesem au\u00dfergew\u00f6hnlichen Projekt gewannen Sch\u00fcler der 9. Jahrgangsstufe der Gesamtschule Ebermannsdorf und Kr\u00f6tensee-Mittelschule Sulzbach-Rosenberg die 1. Pl\u00e4tze.<\/p>\n<p>\u201eAusbildung ist wichtiger denn je. Jugendlichen eine fundierte Berufsausbildung zukommen zu lassen, tr\u00e4gt langfristig zum Wohl der gesamten Gesellschaft bei. <em>SCHULE<\/em>WIRTSCHAFT ist das Bindeglied zwischen den beiden Lebensabschnitten und unterst\u00fctzt den \u00dcbergang von der Berufsorientierung in der Schule und der anschlie\u00dfenden Umsetzung in den Betrieben,&#8221; so Kurt Walther, Mitglied der Landesarbeitsgemeinschaft <em>SCHULE<\/em>WIRTSCHAFT Bayern f\u00fcr den Regierungsbezirk Oberpfalz und Prokurist im Kompetenzzentrum Bau Neumarkt GmbH.<\/p>\n<p>In Tirschenreuth findet heute die f\u00fcnfte der insgesamt sieben Regionaltagungen von <em>SCHULE<\/em>WIRTSCHAFT Bayern in diesem Jahr statt. Bis November werden noch die Regionaltagungen in Oberbayern und Oberfranken stattfinden. Die Termine zu den jeweiligen Veranstaltungen erfahren Sie unter: www.schulewirtschaft-bayern.de.<\/p>\n<p><strong>\u00dcber SCHULEWIRTSCHAFT Bayern:<\/strong><br \/>\nDie lokalen Arbeitskreise <em>SCHULE<\/em>WIRTSCHAFT sind ein Netzwerk aus ehrenamtlichen Vertretern aus Schulen und Unternehmen. Sie f\u00f6rdern den Dialog zwischen Schule und Unternehmen in der bayerischen Region und erarbeiten L\u00f6sungen zu aktuellen Herausforderungen. Ziel der <em>SCHULE<\/em>WIRTSCHAFT-Arbeit sind gelingende \u00dcberg\u00e4nge von der Schule ins Berufsleben. Die Gesch\u00e4ftsstelle <em>SCHULE<\/em>WIRTSCHAFT Bayern im Bildungswerk der Bayerischen Wirtschaft e. V. unterst\u00fctzt und koordiniert als Dachorganisation dieses Netzwerk. Die Impulse aus dem Netzwerk <em>SCHULE<\/em>WIRTSCHAFT Bayern werden geb\u00fcndelt und flie\u00dfen direkt in die praxisnahen Bildungsprojekte des Bildungswerks der Bayerischen Wirtschaft e. V. ein. Schwerpunkte des Engagements liegen in der F\u00f6rderung der \u00f6konomischen Bildung, des naturwissenschaftlichen und technischen Interesses sowie der Lehrerfortbildung in der <em>SCHULE<\/em>WIRTSCHAFT Akademie.<br \/>\nIm 2-j\u00e4hrigen Rhythmus veranstaltet <em>SCHULE<\/em>WIRTSCHAFT Bayern in jedem Regierungsbezirk Bayerns eine jeweils eint\u00e4gige Regionaltagung. Teilnehmer der Regionaltagungen sind die Vorsitzenden und Gesch\u00e4ftsf\u00fchrer der Arbeitskreise <em>SCHULE<\/em>WIRTSCHAFT aus dem jeweiligen Regierungsbezirk, sowie interessierte und engagierte Lehrkr\u00e4fte und Wirtschaftsvertreter. In den sieben Regionaltagungen werden rund 500 Teilnehmer erwartet.<\/p>\n<p><a href=\"https:\/\/althallercommunication.de\/wp-content\/uploads\/2020\/07\/PI_16102012_Regionaltagung-Tirschenreuth.pdf\">PI zum Download<\/a><\/p>\n<p>W2Z1c2lvbl9idXR0b24gbGluaz0mcXVvdDtqYXZhc2NyaXB0Omhpc3RvcnkuYmFjaygpJnF1b3Q7IHRpdGxlPSZxdW90OyZxdW90OyB0YXJnZXQ9JnF1b3Q7X3NlbGYmcXVvdDsgYWxpZ25tZW50PSZxdW90O2NlbnRlciZxdW90OyBtb2RhbD0mcXVvdDsmcXVvdDsgaGlkZV9vbl9tb2JpbGU9JnF1b3Q7c21hbGwtdmlzaWJpbGl0eSxtZWRpdW0tdmlzaWJpbGl0eSxsYXJnZS12aXNpYmlsaXR5JnF1b3Q7IGNsYXNzPSZxdW90OyZxdW90OyBpZD0mcXVvdDsmcXVvdDsgY29sb3I9JnF1b3Q7ZGVmYXVsdCZxdW90OyBidXR0b25fZ3JhZGllbnRfdG9wX2NvbG9yPSZxdW90OyZxdW90OyBidXR0b25fZ3JhZGllbnRfYm90dG9tX2NvbG9yPSZxdW90OyZxdW90OyBidXR0b25fZ3JhZGllbnRfdG9wX2NvbG9yX2hvdmVyPSZxdW90OyZxdW90OyBidXR0b25fZ3JhZGllbnRfYm90dG9tX2NvbG9yX2hvdmVyPSZxdW90OyZxdW90OyBhY2NlbnRfY29sb3I9JnF1b3Q7JnF1b3Q7IGFjY2VudF9ob3Zlcl9jb2xvcj0mcXVvdDsmcXVvdDsgdHlwZT0mcXVvdDsmcXVvdDsgYmV2ZWxfY29sb3I9JnF1b3Q7JnF1b3Q7IGJvcmRlcl93aWR0aD0mcXVvdDsmcXVvdDsgc2l6ZT0mcXVvdDttZWRpdW0mcXVvdDsgc3RyZXRjaD0mcXVvdDtkZWZhdWx0JnF1b3Q7IHNoYXBlPSZxdW90O3JvdW5kJnF1b3Q7IGljb249JnF1b3Q7ZmEtY2hldnJvbi1sZWZ0JnF1b3Q7IGljb25fcG9zaXRpb249JnF1b3Q7bGVmdCZxdW90OyBpY29uX2RpdmlkZXI9JnF1b3Q7bm8mcXVvdDsgYW5pbWF0aW9uX3R5cGU9JnF1b3Q7JnF1b3Q7IGFuaW1hdGlvbl9kaXJlY3Rpb249JnF1b3Q7bGVmdCZxdW90OyBhbmltYXRpb25fc3BlZWQ9JnF1b3Q7MC4zJnF1b3Q7IGFuaW1hdGlvbl9vZmZzZXQ9JnF1b3Q7JnF1b3Q7XXp1csO8Y2tbL2Z1c2lvbl9idXR0b25d<\/p>\n<p>Pressekontakt und Redaktion<br \/>\n<strong>Jacqueline Althaller<br \/>\n<\/strong>ALTHALLER communication GbR<br \/>\nElisabethstra\u00dfe 13<br \/>\n80796 M\u00fcnchen<\/p>\n<p><em>Bildmaterial stellen wir auf Wunsch gerne zur Verf\u00fcgung.<\/em><\/p>\n<p><\/p>\n<p>+49 (0) 89 38 66 52 61<\/p>\n<p><\/p>\n<p>+49 (0) 89 38 66 52 75<\/p>\n<p><\/p>\n<p><a href=\"mailto:info@althallercommunication.de\">info@althallercommunication.de<\/a><\/p>\n<p><\/p>\n<p><a href=\"https:\/\/althallercommunication.de\/\">www.althallercommunication.de<\/a><\/p>\n<p><\/p>\n","protected":false},"excerpt":{"rendered":"<p><strong>SCHULEWIRTSCHAFT<\/strong> | M\u00fcnchen: <\/br> Wie kann das Potential sozialer Vielfalt optimal ausgesch\u00f6pft werden?<\/p>\n","protected":false},"author":6,"featured_media":0,"comment_status":"closed","ping_status":"open","sticky":false,"template":"","format":"standard","meta":{"_et_pb_use_builder":"","_et_pb_old_content":"","_et_gb_content_width":"","inline_featured_image":false,"footnotes":""},"categories":[2765,2756,1,2758],"tags":[1162,1750,644,1757,522,965],"class_list":["post-17856","post","type-post","status-publish","format-standard","hentry","category-klassische-pressearbeit","category-kunden-in-den-medien","category-unkategorisiert","category-pressemeldungen","tag-integration","tag-offenheit","tag-pressemitteilung","tag-regionaltagung","tag-schulewirtschaft-bayern","tag-vielfalt"],"yoast_head":"<!-- This site is optimized with the Yoast SEO Premium plugin v25.3 (Yoast SEO v27.5) - https:\/\/yoast.com\/product\/yoast-seo-premium-wordpress\/ -->\n<title>Arbeitskreise SCHULEWIRTSCHAFT aus der Oberpfalz f\u00f6rdern Integration<\/title>\n<meta name=\"description\" content=\"Wie kann das Potential sozialer Vielfalt optimal ausgesch\u00f6pft werden? Dar\u00fcber diskutieren Vertreter der Arbeitskreise SCHULEWIRTSCHAFT aus der Oberpfalz.\" \/>\n<meta name=\"robots\" content=\"index, follow, max-snippet:-1, max-image-preview:large, max-video-preview:-1\" \/>\n<link rel=\"canonical\" href=\"https:\/\/althallercommunication.de\/regionaltagung-in-tirschenreuth\/\" \/>\n<meta property=\"og:locale\" content=\"en_US\" \/>\n<meta property=\"og:type\" content=\"article\" \/>\n<meta property=\"og:title\" content=\"Regionaltagung in Tirschenreuth\" \/>\n<meta property=\"og:description\" content=\"Wie kann das Potential sozialer Vielfalt optimal ausgesch\u00f6pft werden? Dar\u00fcber diskutieren Vertreter der Arbeitskreise SCHULEWIRTSCHAFT aus der Oberpfalz.\" \/>\n<meta property=\"og:url\" content=\"https:\/\/althallercommunication.de\/regionaltagung-in-tirschenreuth\/\" \/>\n<meta property=\"og:site_name\" content=\"althaller communication\" \/>\n<meta property=\"article:publisher\" content=\"https:\/\/www.facebook.com\/althallercommunication\" \/>\n<meta property=\"article:published_time\" content=\"2012-10-16T06:30:21+00:00\" \/>\n<meta property=\"article:modified_time\" content=\"2023-12-14T13:32:22+00:00\" \/>\n<meta name=\"author\" content=\"Jacqueline Althaller\" \/>\n<meta name=\"twitter:card\" content=\"summary_large_image\" \/>\n<meta name=\"twitter:creator\" content=\"@ALTHALLERcom\" \/>\n<meta name=\"twitter:site\" content=\"@ALTHALLERcom\" \/>\n<meta name=\"twitter:label1\" content=\"Written by\" \/>\n\t<meta name=\"twitter:data1\" content=\"Jacqueline Althaller\" \/>\n\t<meta name=\"twitter:label2\" content=\"Est. reading time\" \/>\n\t<meta name=\"twitter:data2\" content=\"7 minutes\" \/>\n<script type=\"application\/ld+json\" class=\"yoast-schema-graph\">{\"@context\":\"https:\\\/\\\/schema.org\",\"@graph\":[{\"@type\":\"Article\",\"@id\":\"https:\\\/\\\/althallercommunication.de\\\/regionaltagung-in-tirschenreuth\\\/#article\",\"isPartOf\":{\"@id\":\"https:\\\/\\\/althallercommunication.de\\\/regionaltagung-in-tirschenreuth\\\/\"},\"author\":{\"name\":\"Jacqueline Althaller\",\"@id\":\"https:\\\/\\\/althallercommunication.de\\\/#\\\/schema\\\/person\\\/4ca72b5e8d0bebc1f9b3061e463e32ee\"},\"headline\":\"Regionaltagung in Tirschenreuth\",\"datePublished\":\"2012-10-16T06:30:21+00:00\",\"dateModified\":\"2023-12-14T13:32:22+00:00\",\"mainEntityOfPage\":{\"@id\":\"https:\\\/\\\/althallercommunication.de\\\/regionaltagung-in-tirschenreuth\\\/\"},\"wordCount\":1319,\"publisher\":{\"@id\":\"https:\\\/\\\/althallercommunication.de\\\/#organization\"},\"keywords\":[\"Integration\",\"Offenheit\",\"Pressemitteilung\",\"Regionaltagung\",\"Schule\\\/Wirtschaft Bayern\",\"Vielfalt\"],\"articleSection\":[\"Klassische Pressearbeit\",\"Kunden\",\"Others\",\"Pressemeldungen\"],\"inLanguage\":\"en-US\"},{\"@type\":\"WebPage\",\"@id\":\"https:\\\/\\\/althallercommunication.de\\\/regionaltagung-in-tirschenreuth\\\/\",\"url\":\"https:\\\/\\\/althallercommunication.de\\\/regionaltagung-in-tirschenreuth\\\/\",\"name\":\"Arbeitskreise SCHULEWIRTSCHAFT aus der Oberpfalz f\u00f6rdern Integration\",\"isPartOf\":{\"@id\":\"https:\\\/\\\/althallercommunication.de\\\/#website\"},\"datePublished\":\"2012-10-16T06:30:21+00:00\",\"dateModified\":\"2023-12-14T13:32:22+00:00\",\"description\":\"Wie kann das Potential sozialer Vielfalt optimal ausgesch\u00f6pft werden? Dar\u00fcber diskutieren Vertreter der Arbeitskreise SCHULEWIRTSCHAFT aus der Oberpfalz.\",\"breadcrumb\":{\"@id\":\"https:\\\/\\\/althallercommunication.de\\\/regionaltagung-in-tirschenreuth\\\/#breadcrumb\"},\"inLanguage\":\"en-US\",\"potentialAction\":[{\"@type\":\"ReadAction\",\"target\":[\"https:\\\/\\\/althallercommunication.de\\\/regionaltagung-in-tirschenreuth\\\/\"]}]},{\"@type\":\"BreadcrumbList\",\"@id\":\"https:\\\/\\\/althallercommunication.de\\\/regionaltagung-in-tirschenreuth\\\/#breadcrumb\",\"itemListElement\":[{\"@type\":\"ListItem\",\"position\":1,\"name\":\"Startseite\",\"item\":\"https:\\\/\\\/althallercommunication.de\\\/en\\\/\"},{\"@type\":\"ListItem\",\"position\":2,\"name\":\"Regionaltagung in Tirschenreuth\"}]},{\"@type\":\"WebSite\",\"@id\":\"https:\\\/\\\/althallercommunication.de\\\/#website\",\"url\":\"https:\\\/\\\/althallercommunication.de\\\/\",\"name\":\"althaller communication\",\"description\":\"Martkommunikation B2B\",\"publisher\":{\"@id\":\"https:\\\/\\\/althallercommunication.de\\\/#organization\"},\"potentialAction\":[{\"@type\":\"SearchAction\",\"target\":{\"@type\":\"EntryPoint\",\"urlTemplate\":\"https:\\\/\\\/althallercommunication.de\\\/?s={search_term_string}\"},\"query-input\":{\"@type\":\"PropertyValueSpecification\",\"valueRequired\":true,\"valueName\":\"search_term_string\"}}],\"inLanguage\":\"en-US\"},{\"@type\":\"Organization\",\"@id\":\"https:\\\/\\\/althallercommunication.de\\\/#organization\",\"name\":\"ALTHALLER communication\",\"url\":\"https:\\\/\\\/althallercommunication.de\\\/\",\"logo\":{\"@type\":\"ImageObject\",\"inLanguage\":\"en-US\",\"@id\":\"https:\\\/\\\/althallercommunication.de\\\/#\\\/schema\\\/logo\\\/image\\\/\",\"url\":\"https:\\\/\\\/althallercommunication.de\\\/wp-content\\\/uploads\\\/2023\\\/12\\\/althaller_comm_b.png\",\"contentUrl\":\"https:\\\/\\\/althallercommunication.de\\\/wp-content\\\/uploads\\\/2023\\\/12\\\/althaller_comm_b.png\",\"width\":464,\"height\":110,\"caption\":\"ALTHALLER communication\"},\"image\":{\"@id\":\"https:\\\/\\\/althallercommunication.de\\\/#\\\/schema\\\/logo\\\/image\\\/\"},\"sameAs\":[\"https:\\\/\\\/www.facebook.com\\\/althallercommunication\",\"https:\\\/\\\/x.com\\\/ALTHALLERcom\",\"https:\\\/\\\/www.linkedin.com\\\/company\\\/3332596?trk=tyah&amp;amp;amp;trkInfo=tas:COMMUNICATION Presse und PR,idx:1-1-1\"]},{\"@type\":\"Person\",\"@id\":\"https:\\\/\\\/althallercommunication.de\\\/#\\\/schema\\\/person\\\/4ca72b5e8d0bebc1f9b3061e463e32ee\",\"name\":\"Jacqueline Althaller\",\"image\":{\"@type\":\"ImageObject\",\"inLanguage\":\"en-US\",\"@id\":\"https:\\\/\\\/secure.gravatar.com\\\/avatar\\\/2e8cdf7784b763130efe210406ba46634d04913cf12c46cf98b2799d6da47211?s=96&d=mm&r=g\",\"url\":\"https:\\\/\\\/secure.gravatar.com\\\/avatar\\\/2e8cdf7784b763130efe210406ba46634d04913cf12c46cf98b2799d6da47211?s=96&d=mm&r=g\",\"contentUrl\":\"https:\\\/\\\/secure.gravatar.com\\\/avatar\\\/2e8cdf7784b763130efe210406ba46634d04913cf12c46cf98b2799d6da47211?s=96&d=mm&r=g\",\"caption\":\"Jacqueline Althaller\"},\"description\":\"$$$2021hmb8hzb4MD\",\"url\":\"https:\\\/\\\/althallercommunication.de\\\/en\\\/author\\\/jacqueline-althaller\\\/\"}]}<\/script>\n<!-- \/ Yoast SEO Premium plugin. -->","yoast_head_json":{"title":"Arbeitskreise SCHULEWIRTSCHAFT aus der Oberpfalz f\u00f6rdern Integration","description":"Wie kann das Potential sozialer Vielfalt optimal ausgesch\u00f6pft werden? Dar\u00fcber diskutieren Vertreter der Arbeitskreise SCHULEWIRTSCHAFT aus der Oberpfalz.","robots":{"index":"index","follow":"follow","max-snippet":"max-snippet:-1","max-image-preview":"max-image-preview:large","max-video-preview":"max-video-preview:-1"},"canonical":"https:\/\/althallercommunication.de\/regionaltagung-in-tirschenreuth\/","og_locale":"en_US","og_type":"article","og_title":"Regionaltagung in Tirschenreuth","og_description":"Wie kann das Potential sozialer Vielfalt optimal ausgesch\u00f6pft werden? Dar\u00fcber diskutieren Vertreter der Arbeitskreise SCHULEWIRTSCHAFT aus der Oberpfalz.","og_url":"https:\/\/althallercommunication.de\/regionaltagung-in-tirschenreuth\/","og_site_name":"althaller communication","article_publisher":"https:\/\/www.facebook.com\/althallercommunication","article_published_time":"2012-10-16T06:30:21+00:00","article_modified_time":"2023-12-14T13:32:22+00:00","author":"Jacqueline Althaller","twitter_card":"summary_large_image","twitter_creator":"@ALTHALLERcom","twitter_site":"@ALTHALLERcom","twitter_misc":{"Written by":"Jacqueline Althaller","Est. reading time":"7 minutes"},"schema":{"@context":"https:\/\/schema.org","@graph":[{"@type":"Article","@id":"https:\/\/althallercommunication.de\/regionaltagung-in-tirschenreuth\/#article","isPartOf":{"@id":"https:\/\/althallercommunication.de\/regionaltagung-in-tirschenreuth\/"},"author":{"name":"Jacqueline Althaller","@id":"https:\/\/althallercommunication.de\/#\/schema\/person\/4ca72b5e8d0bebc1f9b3061e463e32ee"},"headline":"Regionaltagung in Tirschenreuth","datePublished":"2012-10-16T06:30:21+00:00","dateModified":"2023-12-14T13:32:22+00:00","mainEntityOfPage":{"@id":"https:\/\/althallercommunication.de\/regionaltagung-in-tirschenreuth\/"},"wordCount":1319,"publisher":{"@id":"https:\/\/althallercommunication.de\/#organization"},"keywords":["Integration","Offenheit","Pressemitteilung","Regionaltagung","Schule\/Wirtschaft Bayern","Vielfalt"],"articleSection":["Klassische Pressearbeit","Kunden","Others","Pressemeldungen"],"inLanguage":"en-US"},{"@type":"WebPage","@id":"https:\/\/althallercommunication.de\/regionaltagung-in-tirschenreuth\/","url":"https:\/\/althallercommunication.de\/regionaltagung-in-tirschenreuth\/","name":"Arbeitskreise SCHULEWIRTSCHAFT aus der Oberpfalz f\u00f6rdern Integration","isPartOf":{"@id":"https:\/\/althallercommunication.de\/#website"},"datePublished":"2012-10-16T06:30:21+00:00","dateModified":"2023-12-14T13:32:22+00:00","description":"Wie kann das Potential sozialer Vielfalt optimal ausgesch\u00f6pft werden? Dar\u00fcber diskutieren Vertreter der Arbeitskreise SCHULEWIRTSCHAFT aus der Oberpfalz.","breadcrumb":{"@id":"https:\/\/althallercommunication.de\/regionaltagung-in-tirschenreuth\/#breadcrumb"},"inLanguage":"en-US","potentialAction":[{"@type":"ReadAction","target":["https:\/\/althallercommunication.de\/regionaltagung-in-tirschenreuth\/"]}]},{"@type":"BreadcrumbList","@id":"https:\/\/althallercommunication.de\/regionaltagung-in-tirschenreuth\/#breadcrumb","itemListElement":[{"@type":"ListItem","position":1,"name":"Startseite","item":"https:\/\/althallercommunication.de\/en\/"},{"@type":"ListItem","position":2,"name":"Regionaltagung in Tirschenreuth"}]},{"@type":"WebSite","@id":"https:\/\/althallercommunication.de\/#website","url":"https:\/\/althallercommunication.de\/","name":"althaller communication","description":"Martkommunikation B2B","publisher":{"@id":"https:\/\/althallercommunication.de\/#organization"},"potentialAction":[{"@type":"SearchAction","target":{"@type":"EntryPoint","urlTemplate":"https:\/\/althallercommunication.de\/?s={search_term_string}"},"query-input":{"@type":"PropertyValueSpecification","valueRequired":true,"valueName":"search_term_string"}}],"inLanguage":"en-US"},{"@type":"Organization","@id":"https:\/\/althallercommunication.de\/#organization","name":"ALTHALLER communication","url":"https:\/\/althallercommunication.de\/","logo":{"@type":"ImageObject","inLanguage":"en-US","@id":"https:\/\/althallercommunication.de\/#\/schema\/logo\/image\/","url":"https:\/\/althallercommunication.de\/wp-content\/uploads\/2023\/12\/althaller_comm_b.png","contentUrl":"https:\/\/althallercommunication.de\/wp-content\/uploads\/2023\/12\/althaller_comm_b.png","width":464,"height":110,"caption":"ALTHALLER communication"},"image":{"@id":"https:\/\/althallercommunication.de\/#\/schema\/logo\/image\/"},"sameAs":["https:\/\/www.facebook.com\/althallercommunication","https:\/\/x.com\/ALTHALLERcom","https:\/\/www.linkedin.com\/company\/3332596?trk=tyah&amp;amp;amp;trkInfo=tas:COMMUNICATION Presse und PR,idx:1-1-1"]},{"@type":"Person","@id":"https:\/\/althallercommunication.de\/#\/schema\/person\/4ca72b5e8d0bebc1f9b3061e463e32ee","name":"Jacqueline Althaller","image":{"@type":"ImageObject","inLanguage":"en-US","@id":"https:\/\/secure.gravatar.com\/avatar\/2e8cdf7784b763130efe210406ba46634d04913cf12c46cf98b2799d6da47211?s=96&d=mm&r=g","url":"https:\/\/secure.gravatar.com\/avatar\/2e8cdf7784b763130efe210406ba46634d04913cf12c46cf98b2799d6da47211?s=96&d=mm&r=g","contentUrl":"https:\/\/secure.gravatar.com\/avatar\/2e8cdf7784b763130efe210406ba46634d04913cf12c46cf98b2799d6da47211?s=96&d=mm&r=g","caption":"Jacqueline Althaller"},"description":"$$$2021hmb8hzb4MD","url":"https:\/\/althallercommunication.de\/en\/author\/jacqueline-althaller\/"}]}},"_links":{"self":[{"href":"https:\/\/althallercommunication.de\/en\/wp-json\/wp\/v2\/posts\/17856","targetHints":{"allow":["GET"]}}],"collection":[{"href":"https:\/\/althallercommunication.de\/en\/wp-json\/wp\/v2\/posts"}],"about":[{"href":"https:\/\/althallercommunication.de\/en\/wp-json\/wp\/v2\/types\/post"}],"author":[{"embeddable":true,"href":"https:\/\/althallercommunication.de\/en\/wp-json\/wp\/v2\/users\/6"}],"replies":[{"embeddable":true,"href":"https:\/\/althallercommunication.de\/en\/wp-json\/wp\/v2\/comments?post=17856"}],"version-history":[{"count":3,"href":"https:\/\/althallercommunication.de\/en\/wp-json\/wp\/v2\/posts\/17856\/revisions"}],"predecessor-version":[{"id":17859,"href":"https:\/\/althallercommunication.de\/en\/wp-json\/wp\/v2\/posts\/17856\/revisions\/17859"}],"wp:attachment":[{"href":"https:\/\/althallercommunication.de\/en\/wp-json\/wp\/v2\/media?parent=17856"}],"wp:term":[{"taxonomy":"category","embeddable":true,"href":"https:\/\/althallercommunication.de\/en\/wp-json\/wp\/v2\/categories?post=17856"},{"taxonomy":"post_tag","embeddable":true,"href":"https:\/\/althallercommunication.de\/en\/wp-json\/wp\/v2\/tags?post=17856"}],"curies":[{"name":"wp","href":"https:\/\/api.w.org\/{rel}","templated":true}]}}