{"id":18268,"date":"2020-09-25T11:00:01","date_gmt":"2020-09-25T09:00:01","guid":{"rendered":"https:\/\/www.althallercommunication.de\/?p=18268"},"modified":"2023-12-14T11:43:04","modified_gmt":"2023-12-14T10:43:04","slug":"wieso-aus-dem-klimawandel-die-klimakrise-werden-sollte-die-neue-verantwortung-des-nachhaltigkeitsjournalismus","status":"publish","type":"post","link":"https:\/\/althallercommunication.de\/en\/wieso-aus-dem-klimawandel-die-klimakrise-werden-sollte-die-neue-verantwortung-des-nachhaltigkeitsjournalismus\/","title":{"rendered":"Wieso aus dem Klimawandel die Klimakrise werden sollte &#8211; die neue Verantwortung des Nachhaltigkeitsjournalismus"},"content":{"rendered":"<p><\/p>\n<p>Umwelt, Klimaschutz, Fridays for Future, Artensterben \u2013 das sind die Buzzwords unserer Zeit, die besonders aus der Gen Z nicht mehr wegzudenken sind.<\/p>\n<p>Die Trends gehen hin zu \u00f6kologischem Bauen, Recycling, Upcycling, Kreislaufwirtschaft, nachhaltig hergestellten Produkten und Services usw.<\/p>\n<p>Das Thema Nachhaltigkeit betrifft jeden von uns. L\u00e4ngst ist das Thema auch im Journalismus angekommen und wird immer h\u00e4ufiger zum Mittelpunkt von Redaktionssitzungen. Dabei stellt sich im Nachhaltigkeitsjournalismus mehr denn je die Frage: Was darf er, was darf er nicht? Denn im Umgang mit Leugnern des Klimawandels und mit Relativisten kann es selbst gestandenen JournalistInnen schwerfallen, objektiv zu bleiben \u2013 schlie\u00dflich l\u00e4sst sich der Klimawandel schlicht nicht mehr von der Hand weisen. Sich mit einer Sache gemein zu machen, selbst einer Guten, ist ja nicht der journalistische Auftrag.<\/p>\n<p><strong>Alles beim Alten<\/strong><\/p>\n<p>Erst einmal bleiben die Grunds\u00e4tze des Nachhaltigkeitsjournalismus also die gleichen wie bei jeder anderen Sparte des Journalismus auch.<\/p>\n<p>Auftrag des Journalisten ist es, objektiv und neutral \u00fcber ein Thema zu informieren. In erster Linie wollen Rezipienten n\u00e4mlich Orientierung erhalten. Eine gut recherchierte Faktenbasis ist zentral, um den Lesern zu helfen, sich ihre eigene Meinung zu bilden.<\/p>\n<p>Entsprechend soll Nachhaltigkeitsjournalismus Standpunkte der Vertreter unterschiedlicher Lager und Meinungen vermitteln und im besten Fall zum Dialog anregen.<\/p>\n<p><strong>Alles Neu<\/strong><\/p>\n<p>Mehr denn je tr\u00e4gt Nachhaltigkeitsjournalismus gesellschaftliche Verantwortung. Neben all der Neutralit\u00e4t, der ordentlichen Recherche und der korrekten Faktenbasis braucht es aber auch Journalisten, die Haltung zeigen.<\/p>\n<p>NachhaltigkeitsjournalistInnen, die dabei kritisch bleiben &#8211; auch gegen\u00fcber den vermeintlich Guten &#8211; sind in ihrer Berichterstattung glaubw\u00fcrdig und bieten Identifikationsfl\u00e4che. Die perfekte Basis f\u00fcr eine gute und stringente Argumentationskette. Wichtig wie immer: Transparenz. Wer sich als Journalist gleichzeitig als Umweltaktivist einsetzt, ist gut beraten, das transparent intern und extern darzustellen.<\/p>\n<p>Soviel zu den Grundvoraussetzungen. Zum Nachhaltigkeitsjournalismus geh\u00f6rt aber noch viel mehr als das, um nachhaltig auf Geh\u00f6r zu sto\u00dfen.<\/p>\n<p><strong>Was brauchen wir daf\u00fcr?<\/strong><\/p>\n<p>Zun\u00e4chst brauchen wir ein st\u00e4rkeres Wording. Der Begriff \u201eKlimawandel\u201c bezeichnet erst einmal eine Ver\u00e4nderung. Dass diese Ver\u00e4nderung uns allen zum Verh\u00e4ngnis wird, wenn wir sie nicht aufhalten, wird nicht klar. Au\u00dferdem ist der Begriff oftmals schon so negativ behaftet, dass viele ihn nicht mehr h\u00f6ren wollen. Wie w\u00e4re es also stattdessen mit der Klimakrise oder der Klimakatastrophe, um die Dringlichkeit der Entwicklung zu vermitteln? Aus der einfachen globalen Erw\u00e4rmung kann entsprechend die globale Erhitzung werden. Und so weiter.<\/p>\n<p>Noch sind die Auswirkungen der Klimakrise f\u00fcr uns Deutsche nicht direkt sp\u00fcrbar; zumindest nicht im allt\u00e4glichen Leben. Das bedeutet, dass die Berichterstattung \u00fcber das Thema oft noch sehr abstrakt und in vielen F\u00e4llen sperrig ist. Das \u00e4ndert sich aber gerade. Der Trend im Nachhaltigkeitsjournalismus geht weg vom blo\u00dfen Berichten und hin zum Bewegen. Kognitiv wie emotional muss klar gemacht werden, wie dringlich die Situation ist und wie wichtig es jetzt ist, zu handeln.<\/p>\n<p>Es braucht also neue Formate, mehr Mut und ein anderes Narrativ. In Redaktionen muss das Thema positiv besetzt und mit der Frage verbunden sein, was das bringt, statt was das kostet. Ziel sollte sein, den Nachhaltigkeitsjournalismus sexy zu machen. Dazu geh\u00f6rt<\/p>\n<ul>\n<li>Die Vernetzung mit anderen Disziplinen,<\/li>\n<li>Die h\u00e4ufigere Verwendung von Bildreportagen und Videokolumnen, um Natur erlebbar zu machen. Denn Erlebtes will man viel eher sch\u00fctzen, als Nicht-Erlebtes,<\/li>\n<li>Mehr Konfliktfreude<\/li>\n<li>Sensorjournalismus \u2013 also die Ansprache aller Sinne mittels neuer Technologien und<\/li>\n<li>Die mit dem Leser gemeinsame Entwicklung von L\u00f6sungsans\u00e4tzen im sogenannten konstruktiven Journalismus.<\/li>\n<\/ul>\n<p>Fakten sind also genauso sorgf\u00e4ltig zu recherchieren wie sonst, aber ganz anders zu vermitteln.<\/p>\n<p><strong>Nachwuchs richtig f\u00f6rdern<\/strong><\/p>\n<p>Das ist es auch, was der Nachwuchs lernen muss. Die Generation an Journalistensch\u00fclern und -sch\u00fclerinnen, die jetzt die Akademien st\u00fcrmen, brennen f\u00fcr Aktivismus gegen Klimawandel wie keine Generation zuvor. Die Herausforderung: Sie d\u00fcrfen nicht unkritisch alles feiern, was sich vermeintlich f\u00fcr das gleiche Ziel einsetzt.<\/p>\n<p>Aktivismus ist in Ordnung, solange die Argumentation und die Faktenbasis immer sauber bleiben. In keinem Fall darf auf die Trickkiste der AfD zur\u00fcckgegriffen werden, indem nur Ausschnitte der Wahrheit zum Zwecke der Verschleierung des Gesamtbildes gezeigt werden.<\/p>\n<p>Was wollen Sie im Nachhaltigkeitsjournalismus sehen? Welche Formate begeistern Sie? Und sind Sie der Meinung, JournalistInnen sollen Haltung zeigen oder lieber rein informativ und neutral berichten?<\/p>\n<p>Steigen Sie ein in den Dialog. Wir freuen uns auf Ihre Meinungen.<\/p>\n<p><\/p>\n","protected":false},"excerpt":{"rendered":"<p>Das Thema Nachhaltigkeit betrifft jeden von uns. L\u00e4ngst ist das Thema auch im Journalismus angekommen und wird immer h\u00e4ufiger zum Mittelpunkt von Redaktionssitzungen. Dabei stellt sich im Nachhaltigkeitsjournalismus mehr denn je die Frage: Was darf er, was darf er nicht? Denn im Umgang mit Leugnern des Klimawandels und mit Relativisten kann es selbst gestandenen JournalistInnen schwerfallen, objektiv zu bleiben \u2013 schlie\u00dflich l\u00e4sst sich der Klimawandel schlicht nicht mehr von der Hand weisen. Sich mit einer Sache gemein zu machen, selbst einer Guten, ist ja nicht der journalistische Auftrag.<\/p>\n","protected":false},"author":6,"featured_media":0,"comment_status":"closed","ping_status":"open","sticky":false,"template":"","format":"standard","meta":{"_et_pb_use_builder":"","_et_pb_old_content":"","_et_gb_content_width":"","inline_featured_image":false,"footnotes":""},"categories":[2827],"tags":[1838,1837,1834,1202,1836,1835,1839],"class_list":["post-18268","post","type-post","status-publish","format-standard","hentry","category-cultundcomm","tag-klimaschutz","tag-klimawandel","tag-nachhaltig","tag-nachhaltigkeit","tag-nachhaltigkeitsjournalismus","tag-nachhaltigkeitskommunikation","tag-umweltschutz"],"yoast_head":"<!-- This site is optimized with the Yoast SEO Premium plugin v25.3 (Yoast SEO v27.4) - https:\/\/yoast.com\/product\/yoast-seo-premium-wordpress\/ -->\n<title>Sollte aus dem Klimawandel die Klimakrise werden?<\/title>\n<meta name=\"description\" content=\"Im Nachhaltigkeitsjournalismus mehr denn je die Frage: Was darf er, was darf er nicht? \u00dcber die neue Rolle des Nachhaltigkeitsjournalismus.\" \/>\n<meta name=\"robots\" content=\"index, follow, max-snippet:-1, max-image-preview:large, max-video-preview:-1\" \/>\n<link rel=\"canonical\" href=\"https:\/\/althallercommunication.de\/wieso-aus-dem-klimawandel-die-klimakrise-werden-sollte-die-neue-verantwortung-des-nachhaltigkeitsjournalismus\/\" \/>\n<meta property=\"og:locale\" content=\"en_US\" \/>\n<meta property=\"og:type\" content=\"article\" \/>\n<meta property=\"og:title\" content=\"Wieso aus dem Klimawandel die Klimakrise werden sollte - die neue Verantwortung des Nachhaltigkeitsjournalismus\" \/>\n<meta property=\"og:description\" content=\"Im Nachhaltigkeitsjournalismus mehr denn je die Frage: Was darf er, was darf er nicht? \u00dcber die neue Rolle des Nachhaltigkeitsjournalismus.\" \/>\n<meta property=\"og:url\" content=\"https:\/\/althallercommunication.de\/wieso-aus-dem-klimawandel-die-klimakrise-werden-sollte-die-neue-verantwortung-des-nachhaltigkeitsjournalismus\/\" \/>\n<meta property=\"og:site_name\" content=\"althaller communication\" \/>\n<meta property=\"article:publisher\" content=\"https:\/\/www.facebook.com\/althallercommunication\" \/>\n<meta property=\"article:published_time\" content=\"2020-09-25T09:00:01+00:00\" \/>\n<meta property=\"article:modified_time\" content=\"2023-12-14T10:43:04+00:00\" \/>\n<meta property=\"og:image\" content=\"https:\/\/althallercommunication.de\/wp-content\/uploads\/2020\/09\/Visual-normal.jpg\" \/>\n\t<meta property=\"og:image:width\" content=\"1200\" \/>\n\t<meta property=\"og:image:height\" content=\"800\" \/>\n\t<meta property=\"og:image:type\" content=\"image\/jpeg\" \/>\n<meta name=\"author\" content=\"Jacqueline Althaller\" \/>\n<meta name=\"twitter:card\" content=\"summary_large_image\" \/>\n<meta name=\"twitter:creator\" content=\"@ALTHALLERcom\" \/>\n<meta name=\"twitter:site\" content=\"@ALTHALLERcom\" \/>\n<meta name=\"twitter:label1\" content=\"Written by\" \/>\n\t<meta name=\"twitter:data1\" content=\"Jacqueline Althaller\" \/>\n\t<meta name=\"twitter:label2\" content=\"Est. reading time\" \/>\n\t<meta name=\"twitter:data2\" content=\"5 minutes\" \/>\n<script type=\"application\/ld+json\" class=\"yoast-schema-graph\">{\"@context\":\"https:\\\/\\\/schema.org\",\"@graph\":[{\"@type\":\"Article\",\"@id\":\"https:\\\/\\\/althallercommunication.de\\\/wieso-aus-dem-klimawandel-die-klimakrise-werden-sollte-die-neue-verantwortung-des-nachhaltigkeitsjournalismus\\\/#article\",\"isPartOf\":{\"@id\":\"https:\\\/\\\/althallercommunication.de\\\/wieso-aus-dem-klimawandel-die-klimakrise-werden-sollte-die-neue-verantwortung-des-nachhaltigkeitsjournalismus\\\/\"},\"author\":{\"name\":\"Jacqueline Althaller\",\"@id\":\"https:\\\/\\\/althallercommunication.de\\\/#\\\/schema\\\/person\\\/4ca72b5e8d0bebc1f9b3061e463e32ee\"},\"headline\":\"Wieso aus dem Klimawandel die Klimakrise werden sollte &#8211; die neue Verantwortung des Nachhaltigkeitsjournalismus\",\"datePublished\":\"2020-09-25T09:00:01+00:00\",\"dateModified\":\"2023-12-14T10:43:04+00:00\",\"mainEntityOfPage\":{\"@id\":\"https:\\\/\\\/althallercommunication.de\\\/wieso-aus-dem-klimawandel-die-klimakrise-werden-sollte-die-neue-verantwortung-des-nachhaltigkeitsjournalismus\\\/\"},\"wordCount\":977,\"publisher\":{\"@id\":\"https:\\\/\\\/althallercommunication.de\\\/#organization\"},\"keywords\":[\"Klimaschutz\",\"Klimawandel\",\"nachhaltig\",\"Nachhaltigkeit\",\"Nachhaltigkeitsjournalismus\",\"Nachhaltigkeitskommunikation\",\"Umweltschutz\"],\"articleSection\":[\"cultundcomm\"],\"inLanguage\":\"en-US\"},{\"@type\":\"WebPage\",\"@id\":\"https:\\\/\\\/althallercommunication.de\\\/wieso-aus-dem-klimawandel-die-klimakrise-werden-sollte-die-neue-verantwortung-des-nachhaltigkeitsjournalismus\\\/\",\"url\":\"https:\\\/\\\/althallercommunication.de\\\/wieso-aus-dem-klimawandel-die-klimakrise-werden-sollte-die-neue-verantwortung-des-nachhaltigkeitsjournalismus\\\/\",\"name\":\"Sollte aus dem Klimawandel die Klimakrise werden?\",\"isPartOf\":{\"@id\":\"https:\\\/\\\/althallercommunication.de\\\/#website\"},\"datePublished\":\"2020-09-25T09:00:01+00:00\",\"dateModified\":\"2023-12-14T10:43:04+00:00\",\"description\":\"Im Nachhaltigkeitsjournalismus mehr denn je die Frage: Was darf er, was darf er nicht? \u00dcber die neue Rolle des Nachhaltigkeitsjournalismus.\",\"breadcrumb\":{\"@id\":\"https:\\\/\\\/althallercommunication.de\\\/wieso-aus-dem-klimawandel-die-klimakrise-werden-sollte-die-neue-verantwortung-des-nachhaltigkeitsjournalismus\\\/#breadcrumb\"},\"inLanguage\":\"en-US\",\"potentialAction\":[{\"@type\":\"ReadAction\",\"target\":[\"https:\\\/\\\/althallercommunication.de\\\/wieso-aus-dem-klimawandel-die-klimakrise-werden-sollte-die-neue-verantwortung-des-nachhaltigkeitsjournalismus\\\/\"]}]},{\"@type\":\"BreadcrumbList\",\"@id\":\"https:\\\/\\\/althallercommunication.de\\\/wieso-aus-dem-klimawandel-die-klimakrise-werden-sollte-die-neue-verantwortung-des-nachhaltigkeitsjournalismus\\\/#breadcrumb\",\"itemListElement\":[{\"@type\":\"ListItem\",\"position\":1,\"name\":\"Startseite\",\"item\":\"https:\\\/\\\/althallercommunication.de\\\/en\\\/\"},{\"@type\":\"ListItem\",\"position\":2,\"name\":\"Wieso aus dem Klimawandel die Klimakrise werden sollte &#8211; die neue Verantwortung des Nachhaltigkeitsjournalismus\"}]},{\"@type\":\"WebSite\",\"@id\":\"https:\\\/\\\/althallercommunication.de\\\/#website\",\"url\":\"https:\\\/\\\/althallercommunication.de\\\/\",\"name\":\"althaller communication\",\"description\":\"Martkommunikation B2B\",\"publisher\":{\"@id\":\"https:\\\/\\\/althallercommunication.de\\\/#organization\"},\"potentialAction\":[{\"@type\":\"SearchAction\",\"target\":{\"@type\":\"EntryPoint\",\"urlTemplate\":\"https:\\\/\\\/althallercommunication.de\\\/?s={search_term_string}\"},\"query-input\":{\"@type\":\"PropertyValueSpecification\",\"valueRequired\":true,\"valueName\":\"search_term_string\"}}],\"inLanguage\":\"en-US\"},{\"@type\":\"Organization\",\"@id\":\"https:\\\/\\\/althallercommunication.de\\\/#organization\",\"name\":\"ALTHALLER communication\",\"url\":\"https:\\\/\\\/althallercommunication.de\\\/\",\"logo\":{\"@type\":\"ImageObject\",\"inLanguage\":\"en-US\",\"@id\":\"https:\\\/\\\/althallercommunication.de\\\/#\\\/schema\\\/logo\\\/image\\\/\",\"url\":\"https:\\\/\\\/althallercommunication.de\\\/wp-content\\\/uploads\\\/2023\\\/12\\\/althaller_comm_b.png\",\"contentUrl\":\"https:\\\/\\\/althallercommunication.de\\\/wp-content\\\/uploads\\\/2023\\\/12\\\/althaller_comm_b.png\",\"width\":464,\"height\":110,\"caption\":\"ALTHALLER communication\"},\"image\":{\"@id\":\"https:\\\/\\\/althallercommunication.de\\\/#\\\/schema\\\/logo\\\/image\\\/\"},\"sameAs\":[\"https:\\\/\\\/www.facebook.com\\\/althallercommunication\",\"https:\\\/\\\/x.com\\\/ALTHALLERcom\",\"https:\\\/\\\/www.linkedin.com\\\/company\\\/3332596?trk=tyah&amp;amp;amp;trkInfo=tas:COMMUNICATION Presse und PR,idx:1-1-1\"]},{\"@type\":\"Person\",\"@id\":\"https:\\\/\\\/althallercommunication.de\\\/#\\\/schema\\\/person\\\/4ca72b5e8d0bebc1f9b3061e463e32ee\",\"name\":\"Jacqueline Althaller\",\"image\":{\"@type\":\"ImageObject\",\"inLanguage\":\"en-US\",\"@id\":\"https:\\\/\\\/secure.gravatar.com\\\/avatar\\\/2e8cdf7784b763130efe210406ba46634d04913cf12c46cf98b2799d6da47211?s=96&d=mm&r=g\",\"url\":\"https:\\\/\\\/secure.gravatar.com\\\/avatar\\\/2e8cdf7784b763130efe210406ba46634d04913cf12c46cf98b2799d6da47211?s=96&d=mm&r=g\",\"contentUrl\":\"https:\\\/\\\/secure.gravatar.com\\\/avatar\\\/2e8cdf7784b763130efe210406ba46634d04913cf12c46cf98b2799d6da47211?s=96&d=mm&r=g\",\"caption\":\"Jacqueline Althaller\"},\"description\":\"$$$2021hmb8hzb4MD\",\"url\":\"https:\\\/\\\/althallercommunication.de\\\/en\\\/author\\\/jacqueline-althaller\\\/\"}]}<\/script>\n<!-- \/ Yoast SEO Premium plugin. -->","yoast_head_json":{"title":"Sollte aus dem Klimawandel die Klimakrise werden?","description":"Im Nachhaltigkeitsjournalismus mehr denn je die Frage: Was darf er, was darf er nicht? \u00dcber die neue Rolle des Nachhaltigkeitsjournalismus.","robots":{"index":"index","follow":"follow","max-snippet":"max-snippet:-1","max-image-preview":"max-image-preview:large","max-video-preview":"max-video-preview:-1"},"canonical":"https:\/\/althallercommunication.de\/wieso-aus-dem-klimawandel-die-klimakrise-werden-sollte-die-neue-verantwortung-des-nachhaltigkeitsjournalismus\/","og_locale":"en_US","og_type":"article","og_title":"Wieso aus dem Klimawandel die Klimakrise werden sollte - die neue Verantwortung des Nachhaltigkeitsjournalismus","og_description":"Im Nachhaltigkeitsjournalismus mehr denn je die Frage: Was darf er, was darf er nicht? \u00dcber die neue Rolle des Nachhaltigkeitsjournalismus.","og_url":"https:\/\/althallercommunication.de\/wieso-aus-dem-klimawandel-die-klimakrise-werden-sollte-die-neue-verantwortung-des-nachhaltigkeitsjournalismus\/","og_site_name":"althaller communication","article_publisher":"https:\/\/www.facebook.com\/althallercommunication","article_published_time":"2020-09-25T09:00:01+00:00","article_modified_time":"2023-12-14T10:43:04+00:00","og_image":[{"width":1200,"height":800,"url":"https:\/\/althallercommunication.de\/wp-content\/uploads\/2020\/09\/Visual-normal.jpg","type":"image\/jpeg"}],"author":"Jacqueline Althaller","twitter_card":"summary_large_image","twitter_creator":"@ALTHALLERcom","twitter_site":"@ALTHALLERcom","twitter_misc":{"Written by":"Jacqueline Althaller","Est. reading time":"5 minutes"},"schema":{"@context":"https:\/\/schema.org","@graph":[{"@type":"Article","@id":"https:\/\/althallercommunication.de\/wieso-aus-dem-klimawandel-die-klimakrise-werden-sollte-die-neue-verantwortung-des-nachhaltigkeitsjournalismus\/#article","isPartOf":{"@id":"https:\/\/althallercommunication.de\/wieso-aus-dem-klimawandel-die-klimakrise-werden-sollte-die-neue-verantwortung-des-nachhaltigkeitsjournalismus\/"},"author":{"name":"Jacqueline Althaller","@id":"https:\/\/althallercommunication.de\/#\/schema\/person\/4ca72b5e8d0bebc1f9b3061e463e32ee"},"headline":"Wieso aus dem Klimawandel die Klimakrise werden sollte &#8211; die neue Verantwortung des Nachhaltigkeitsjournalismus","datePublished":"2020-09-25T09:00:01+00:00","dateModified":"2023-12-14T10:43:04+00:00","mainEntityOfPage":{"@id":"https:\/\/althallercommunication.de\/wieso-aus-dem-klimawandel-die-klimakrise-werden-sollte-die-neue-verantwortung-des-nachhaltigkeitsjournalismus\/"},"wordCount":977,"publisher":{"@id":"https:\/\/althallercommunication.de\/#organization"},"keywords":["Klimaschutz","Klimawandel","nachhaltig","Nachhaltigkeit","Nachhaltigkeitsjournalismus","Nachhaltigkeitskommunikation","Umweltschutz"],"articleSection":["cultundcomm"],"inLanguage":"en-US"},{"@type":"WebPage","@id":"https:\/\/althallercommunication.de\/wieso-aus-dem-klimawandel-die-klimakrise-werden-sollte-die-neue-verantwortung-des-nachhaltigkeitsjournalismus\/","url":"https:\/\/althallercommunication.de\/wieso-aus-dem-klimawandel-die-klimakrise-werden-sollte-die-neue-verantwortung-des-nachhaltigkeitsjournalismus\/","name":"Sollte aus dem Klimawandel die Klimakrise werden?","isPartOf":{"@id":"https:\/\/althallercommunication.de\/#website"},"datePublished":"2020-09-25T09:00:01+00:00","dateModified":"2023-12-14T10:43:04+00:00","description":"Im Nachhaltigkeitsjournalismus mehr denn je die Frage: Was darf er, was darf er nicht? \u00dcber die neue Rolle des Nachhaltigkeitsjournalismus.","breadcrumb":{"@id":"https:\/\/althallercommunication.de\/wieso-aus-dem-klimawandel-die-klimakrise-werden-sollte-die-neue-verantwortung-des-nachhaltigkeitsjournalismus\/#breadcrumb"},"inLanguage":"en-US","potentialAction":[{"@type":"ReadAction","target":["https:\/\/althallercommunication.de\/wieso-aus-dem-klimawandel-die-klimakrise-werden-sollte-die-neue-verantwortung-des-nachhaltigkeitsjournalismus\/"]}]},{"@type":"BreadcrumbList","@id":"https:\/\/althallercommunication.de\/wieso-aus-dem-klimawandel-die-klimakrise-werden-sollte-die-neue-verantwortung-des-nachhaltigkeitsjournalismus\/#breadcrumb","itemListElement":[{"@type":"ListItem","position":1,"name":"Startseite","item":"https:\/\/althallercommunication.de\/en\/"},{"@type":"ListItem","position":2,"name":"Wieso aus dem Klimawandel die Klimakrise werden sollte &#8211; die neue Verantwortung des Nachhaltigkeitsjournalismus"}]},{"@type":"WebSite","@id":"https:\/\/althallercommunication.de\/#website","url":"https:\/\/althallercommunication.de\/","name":"althaller communication","description":"Martkommunikation B2B","publisher":{"@id":"https:\/\/althallercommunication.de\/#organization"},"potentialAction":[{"@type":"SearchAction","target":{"@type":"EntryPoint","urlTemplate":"https:\/\/althallercommunication.de\/?s={search_term_string}"},"query-input":{"@type":"PropertyValueSpecification","valueRequired":true,"valueName":"search_term_string"}}],"inLanguage":"en-US"},{"@type":"Organization","@id":"https:\/\/althallercommunication.de\/#organization","name":"ALTHALLER communication","url":"https:\/\/althallercommunication.de\/","logo":{"@type":"ImageObject","inLanguage":"en-US","@id":"https:\/\/althallercommunication.de\/#\/schema\/logo\/image\/","url":"https:\/\/althallercommunication.de\/wp-content\/uploads\/2023\/12\/althaller_comm_b.png","contentUrl":"https:\/\/althallercommunication.de\/wp-content\/uploads\/2023\/12\/althaller_comm_b.png","width":464,"height":110,"caption":"ALTHALLER communication"},"image":{"@id":"https:\/\/althallercommunication.de\/#\/schema\/logo\/image\/"},"sameAs":["https:\/\/www.facebook.com\/althallercommunication","https:\/\/x.com\/ALTHALLERcom","https:\/\/www.linkedin.com\/company\/3332596?trk=tyah&amp;amp;amp;trkInfo=tas:COMMUNICATION Presse und PR,idx:1-1-1"]},{"@type":"Person","@id":"https:\/\/althallercommunication.de\/#\/schema\/person\/4ca72b5e8d0bebc1f9b3061e463e32ee","name":"Jacqueline Althaller","image":{"@type":"ImageObject","inLanguage":"en-US","@id":"https:\/\/secure.gravatar.com\/avatar\/2e8cdf7784b763130efe210406ba46634d04913cf12c46cf98b2799d6da47211?s=96&d=mm&r=g","url":"https:\/\/secure.gravatar.com\/avatar\/2e8cdf7784b763130efe210406ba46634d04913cf12c46cf98b2799d6da47211?s=96&d=mm&r=g","contentUrl":"https:\/\/secure.gravatar.com\/avatar\/2e8cdf7784b763130efe210406ba46634d04913cf12c46cf98b2799d6da47211?s=96&d=mm&r=g","caption":"Jacqueline Althaller"},"description":"$$$2021hmb8hzb4MD","url":"https:\/\/althallercommunication.de\/en\/author\/jacqueline-althaller\/"}]}},"_links":{"self":[{"href":"https:\/\/althallercommunication.de\/en\/wp-json\/wp\/v2\/posts\/18268","targetHints":{"allow":["GET"]}}],"collection":[{"href":"https:\/\/althallercommunication.de\/en\/wp-json\/wp\/v2\/posts"}],"about":[{"href":"https:\/\/althallercommunication.de\/en\/wp-json\/wp\/v2\/types\/post"}],"author":[{"embeddable":true,"href":"https:\/\/althallercommunication.de\/en\/wp-json\/wp\/v2\/users\/6"}],"replies":[{"embeddable":true,"href":"https:\/\/althallercommunication.de\/en\/wp-json\/wp\/v2\/comments?post=18268"}],"version-history":[{"count":2,"href":"https:\/\/althallercommunication.de\/en\/wp-json\/wp\/v2\/posts\/18268\/revisions"}],"predecessor-version":[{"id":28108,"href":"https:\/\/althallercommunication.de\/en\/wp-json\/wp\/v2\/posts\/18268\/revisions\/28108"}],"wp:attachment":[{"href":"https:\/\/althallercommunication.de\/en\/wp-json\/wp\/v2\/media?parent=18268"}],"wp:term":[{"taxonomy":"category","embeddable":true,"href":"https:\/\/althallercommunication.de\/en\/wp-json\/wp\/v2\/categories?post=18268"},{"taxonomy":"post_tag","embeddable":true,"href":"https:\/\/althallercommunication.de\/en\/wp-json\/wp\/v2\/tags?post=18268"}],"curies":[{"name":"wp","href":"https:\/\/api.w.org\/{rel}","templated":true}]}}