{"id":18622,"date":"2020-10-26T10:00:01","date_gmt":"2020-10-26T09:00:01","guid":{"rendered":"https:\/\/www.althallercommunication.de\/?p=18622"},"modified":"2023-12-14T11:41:26","modified_gmt":"2023-12-14T10:41:26","slug":"es-kommt-auf-die-praesentation-an-und-die-praesentation","status":"publish","type":"post","link":"https:\/\/althallercommunication.de\/en\/es-kommt-auf-die-praesentation-an-und-die-praesentation\/","title":{"rendered":"Es kommt auf die Pr\u00e4sentation an &#8211; und die Pr\u00e4sentation"},"content":{"rendered":"<p><\/p>\n<p>Nein, Sie haben sich nicht verlesen. Und nein, wir haben bei der \u00dcberschrift auch keinen Fehler gemacht \u2013 das hat schon alles seine Richtigkeit. Denn stellen Sie sich vor, Sie nehmen an einem Webinar teil: auf was kommt es Ihnen an?<\/p>\n<p>Es kommt darauf an, wie der Moderator bzw. die Sprecher die vorbereiteten Folien und sich selbst pr\u00e4sentieren. Also auf die (Powerpoint-)Pr\u00e4sentation und die eigene Pr\u00e4sentation. Schlie\u00dflich wollen wir alle vermeiden, dass der Klassiker eintritt:<\/p>\n<p>Sie haben sich f\u00fcr ein Webinar angemeldet, das sich super spannend anh\u00f6rt. Dann ist es Dienstagnachmittag, Sie haben noch mehr als genug zu tun, sind m\u00fcde vom Tag und wollen einfach nur Ihre Arbeit erledigen und nach Hause \u2013 aber das Webinar steht noch an und eigentlich wollen Sie die Inhalte gerne h\u00f6ren. Also schalten Sie sich dem Webinar zu. Aber schon nach wenigen Minuten Referat einer mehr oder weniger spannenden Pr\u00e4sentation fangen Sie an, sich nebenbei zu besch\u00e4ftigen und h\u00f6ren nur noch mit einem Ohr zu.<\/p>\n<p>Als Pr\u00e4sentierender: Wie verhindern Sie diese Situation f\u00fcr Ihre Teilnehmer?<\/p>\n<p>Auch wir veranstalten immer wieder Webinare zu verschiedenen Themen. Alle haben sie eines gemeinsam: Wir wollen keine langweilige Vorlesung halten. Das k\u00f6nnen wir besser \u2013 und Sie auch! Deswegen gibt es jetzt hier unsere Tipps f\u00fcr Webinare aus eigener Erfahrung.<\/p>\n<p><strong>Wie begleiten Sie Ihren Sprechertext?<\/strong><\/p>\n<p>Einen entscheidenden Eindruck hinterl\u00e4sst im Idealfall Ihre visuelle Begleitung des Vortrags. Wichtig dabei: Packen Sie Ihre Folien nicht zu voll, schon gar nicht mit Text! Nutzen Sie den Platz f\u00fcr optisch ansprechende Grafiken und Animationen und den Sprechertext f\u00fcr Erkl\u00e4rungen. Lesen Sie nicht von der Folie ab \u2013 f\u00fcr den Notfall machen Sie sich Notizen auf Ihrem PC. Achten Sie darauf, nicht von handschriftlichen Zetteln auf Ihrem Schreibtisch abzulesen. Das wirkt steif und hat Auswirkungen auf Ihre Pr\u00e4sentation (s. unten).<\/p>\n<p>Haben Sie ein Corporate Design? Gut, nutzen Sie es! Aber bitte schlicht. \u00dcbertreiben Sie es nicht mit Farben und Formen, sondern konzentrieren Sie sich auf einige wenige zentrale Elemente, die sich wiederholen. Haben Sie keine Angst vor freien Fl\u00e4chen.<\/p>\n<p>\u00dcberraschung! Wecken sie Ihr Publikum w\u00e4hrend und mit der Pr\u00e4sentation auf und schaffen Sie eine lockere, entspannte Atmosph\u00e4re mit grafischen Elementen. Was halten Sie zum Beispiel von einem beil\u00e4ufigen GIF?<\/p>\n<p>Versuchen Sie, die richtige Balance aus Professionalit\u00e4t und Spa\u00df zu finden \u2013 Ihre Teilnehmer wissen das zu sch\u00e4tzen. Bleiben Sie dabei am Thema und finden Sie das richtige Ma\u00df. Was die richtige Mischung ist, h\u00e4ngt immer von der Zielgruppe ab!<\/p>\n<p><strong>Wie pr\u00e4sentieren Sie sich selbst?<\/strong><\/p>\n<p>Die spannendste visuelle Darstellung bringt nichts, wenn dazu monoton referiert oder sogar genuschelt wird. Achten Sie auf eine gute Soundqualit\u00e4t und werden Sie selbst zum Entertainer. F\u00fchren Sie das Webinar zu zweit? Perfekt! Wechseln Sie die Sprecher und die Tonalit\u00e4t. Passend zu Ihrer Pr\u00e4sentation variieren Sie zwischen fachlichen Ausf\u00fchrungen und Ausfl\u00fcgen in die Allgemeinsprache. Bringen Sie Ihre Begeisterung f\u00fcr das Thema zum Ausdruck; nur so \u00fcbertr\u00e4gt es sich auf die Teilnehmer. Auch hier gilt: Finden Sie die richtige Balance. Denn auch Ihre Teilnehmer sind nur Menschen und wollen nicht die ganze Zeit \u00fcber nur fachlich belehrt werden.<\/p>\n<p>Mit der richtigen Balance sind Sie auch bei der L\u00e4nge Ihres Sprechertextes gut beraten. Nat\u00fcrlich m\u00fcssen Sie erkl\u00e4ren, was in aller K\u00fcrze auf Ihren Folien zu sehen ist. Bleiben Sie dabei aber nicht zu lange auf einer Folie.<\/p>\n<p>Neben der Tonalit\u00e4t ist Ihr Auftreten zentral. Das f\u00e4ngt bei Ihrem Outfit und der Kameraqualit\u00e4t an und geht bis hin zu Ihrem Sitz, Ihrer Mimik und Ihrer Gestik. Beachten Sie immer, dass Ihr Publikum Sie sehen kann. Wenn Sie nur verschwommen zu erkennen sind und dann auch noch krumm sitzend w\u00e4hrend der Pr\u00e4sentation in der Nase bohren, kommt das wohl eher nicht so gut an.<\/p>\n<p>Last but not least: Binden Sie Ihr Publikum aktiv ein, sodass aus Zuh\u00f6rern tats\u00e4chlich Teilnehmer werden. Stellen Sie Zwischenfragen und bestehen Sie auf Antworten \u2013 \u00fcber die Chat-Funktion oder im Live-Gespr\u00e4ch. Eventuell m\u00fcssen Sie die ein oder andere unangenehme Stille aushalten, die f\u00fcr Sie aber zum enormen Vorteil werden kann. Lassen Sie sich nicht anmerken, wie unangenehm Ihnen die Stille ist und warten Sie ab. Auch Ihren Zuh\u00f6rern wird es zunehmend ungem\u00fctlich, sie wachen auf und fangen fieberhaft an zu \u00fcberlegen, was Sie gerade gesagt haben. In so eine Situation m\u00f6chten sie nicht wieder kommen \u2013 also passen Sie sp\u00e4testens ab jetzt deutlich besser auf.<\/p>\n<p>Im H\u00e4rtefall fangen Sie an, Ihre Teilnehmer namentlich aufzurufen. Das h\u00e4lt auf Trab und sorgt f\u00fcr aufmerksame und engagierte Teilnehmer.<\/p>\n<p>Insgesamt ist es wichtig, dass Ihr Webinar nicht l\u00e4nger als 30 Minuten ist, wenn Sie alleine oder zu zweit referieren. Grenzen Sie Ihr Thema ein und fokussieren Sie sich auf die zentralen Aspekte. Wenn noch Punkte oder Fragen offen sind, geben Sie Ihren Teilnehmern M\u00f6glichkeiten zur \u201eNachbereitung\u201c.<\/p>\n<p><strong>\u201eDanke, dass Sie dabei waren! Ich w\u00fcnsche Ihnen noch einen sch\u00f6nen Tag!\u201c Und jetzt? <\/strong><\/p>\n<p>Lassen Sie Ihr Webinar nicht einfach so stehen. Denn die Inhalte und Ihr Name versanden dann schneller, als Sie die Konferenz beenden k\u00f6nnen \u2013 das E-Mail-Postfach Ihrer Teilnehmer l\u00e4uft schlie\u00dflich schon wieder halb \u00fcber.<\/p>\n<p>Weisen Sie also schon am Ende Ihres Webinars auf Ihre Social-Media-Kan\u00e4le hin, am besten Ihre pers\u00f6nlichen und nicht die Ihres Arbeitgebers. Ein pers\u00f6nlicher Ansprechpartner, den man schon kennt, ist immer vertrauensw\u00fcrdiger als eine u.U. unbekannte Unternehmenspr\u00e4senz. Bauen sie Communities auf, in denen Ihre Teilnehmer diskutieren k\u00f6nnen. Und bieten Sie weiterf\u00fchrendes Material an.<\/p>\n<p>In einer abschlie\u00dfenden E-Mail am folgenden Mittwoch stellen Sie noch einmal die entsprechenden Links, Termine und QR-Codes zur Verf\u00fcgung. Aber Achtung! Bieten Sie an und bedr\u00e4ngen Sie nicht.<\/p>\n<p>Wir freuen uns \u00fcber Ihren Input und Ihre Meinungen: Wie halten Sie Webinare ab? Haben Sie Best Practices und Tipps?<\/p>\n<p><\/p>\n","protected":false},"excerpt":{"rendered":"<p>Nein, Sie haben sich nicht verlesen. Und nein, wir haben bei der \u00dcberschrift auch keinen Fehler gemacht \u2013 das hat schon alles seine Richtigkeit. Denn stellen Sie sich vor, Sie nehmen an einem Webinar teil: auf was kommt es Ihnen an? <\/p>\n","protected":false},"author":6,"featured_media":18624,"comment_status":"closed","ping_status":"open","sticky":false,"template":"","format":"standard","meta":{"_et_pb_use_builder":"","_et_pb_old_content":"","_et_gb_content_width":"","inline_featured_image":false,"footnotes":""},"categories":[2827],"tags":[62,1198,1384,1871,1873,1872,1870],"class_list":["post-18622","post","type-post","status-publish","format-standard","has-post-thumbnail","hentry","category-cultundcomm","tag-b2b","tag-b2b-kommunikation","tag-b2b-unternehmenskommunikation","tag-digital-praesentieren","tag-how-to","tag-praesentation","tag-webinar"],"yoast_head":"<!-- This site is optimized with the Yoast SEO Premium plugin v25.3 (Yoast SEO v27.4) - https:\/\/yoast.com\/product\/yoast-seo-premium-wordpress\/ -->\n<title>Es kommt auf die Pr\u00e4sentation an - und die Pr\u00e4sentation<\/title>\n<meta name=\"description\" content=\"Nein, Sie haben sich nicht verlesen. Was genau wir meinen, erfahren Sie in unserem neuesten Blogbeitrag zum Thema &quot;Digital pr\u00e4sentieren&quot;.\" \/>\n<meta name=\"robots\" content=\"index, follow, max-snippet:-1, max-image-preview:large, max-video-preview:-1\" \/>\n<link rel=\"canonical\" href=\"https:\/\/althallercommunication.de\/es-kommt-auf-die-praesentation-an-und-die-praesentation\/\" \/>\n<meta property=\"og:locale\" content=\"en_US\" \/>\n<meta property=\"og:type\" content=\"article\" \/>\n<meta property=\"og:title\" content=\"Es kommt auf die Pr\u00e4sentation an - und die Pr\u00e4sentation\" \/>\n<meta property=\"og:description\" content=\"Nein, Sie haben sich nicht verlesen. Was genau wir meinen, erfahren Sie in unserem neuesten Blogbeitrag zum Thema &quot;Digital pr\u00e4sentieren&quot;.\" \/>\n<meta property=\"og:url\" content=\"https:\/\/althallercommunication.de\/es-kommt-auf-die-praesentation-an-und-die-praesentation\/\" \/>\n<meta property=\"og:site_name\" content=\"althaller communication\" \/>\n<meta property=\"article:publisher\" content=\"https:\/\/www.facebook.com\/althallercommunication\" \/>\n<meta property=\"article:published_time\" content=\"2020-10-26T09:00:01+00:00\" \/>\n<meta property=\"article:modified_time\" content=\"2023-12-14T10:41:26+00:00\" \/>\n<meta property=\"og:image\" content=\"https:\/\/althallercommunication.de\/wp-content\/uploads\/2020\/06\/Digital-praesentieren_normal.jpg\" \/>\n\t<meta property=\"og:image:width\" content=\"1200\" \/>\n\t<meta property=\"og:image:height\" content=\"800\" \/>\n\t<meta property=\"og:image:type\" content=\"image\/jpeg\" \/>\n<meta name=\"author\" content=\"Jacqueline Althaller\" \/>\n<meta name=\"twitter:card\" content=\"summary_large_image\" \/>\n<meta name=\"twitter:creator\" content=\"@ALTHALLERcom\" \/>\n<meta name=\"twitter:site\" content=\"@ALTHALLERcom\" \/>\n<meta name=\"twitter:label1\" content=\"Written by\" \/>\n\t<meta name=\"twitter:data1\" content=\"Jacqueline Althaller\" \/>\n\t<meta name=\"twitter:label2\" content=\"Est. reading time\" \/>\n\t<meta name=\"twitter:data2\" content=\"6 minutes\" \/>\n<script type=\"application\/ld+json\" class=\"yoast-schema-graph\">{\"@context\":\"https:\\\/\\\/schema.org\",\"@graph\":[{\"@type\":\"Article\",\"@id\":\"https:\\\/\\\/althallercommunication.de\\\/es-kommt-auf-die-praesentation-an-und-die-praesentation\\\/#article\",\"isPartOf\":{\"@id\":\"https:\\\/\\\/althallercommunication.de\\\/es-kommt-auf-die-praesentation-an-und-die-praesentation\\\/\"},\"author\":{\"name\":\"Jacqueline Althaller\",\"@id\":\"https:\\\/\\\/althallercommunication.de\\\/#\\\/schema\\\/person\\\/4ca72b5e8d0bebc1f9b3061e463e32ee\"},\"headline\":\"Es kommt auf die Pr\u00e4sentation an &#8211; und die Pr\u00e4sentation\",\"datePublished\":\"2020-10-26T09:00:01+00:00\",\"dateModified\":\"2023-12-14T10:41:26+00:00\",\"mainEntityOfPage\":{\"@id\":\"https:\\\/\\\/althallercommunication.de\\\/es-kommt-auf-die-praesentation-an-und-die-praesentation\\\/\"},\"wordCount\":1254,\"publisher\":{\"@id\":\"https:\\\/\\\/althallercommunication.de\\\/#organization\"},\"image\":{\"@id\":\"https:\\\/\\\/althallercommunication.de\\\/es-kommt-auf-die-praesentation-an-und-die-praesentation\\\/#primaryimage\"},\"thumbnailUrl\":\"https:\\\/\\\/althallercommunication.de\\\/wp-content\\\/uploads\\\/2020\\\/06\\\/Digital-praesentieren_normal.jpg\",\"keywords\":[\"B2B\",\"B2B Kommunikation\",\"B2B-Unternehmenskommunikation\",\"Digital pr\u00e4sentieren\",\"How to\",\"Pr\u00e4sentation\",\"Webinar\"],\"articleSection\":[\"cultundcomm\"],\"inLanguage\":\"en-US\"},{\"@type\":\"WebPage\",\"@id\":\"https:\\\/\\\/althallercommunication.de\\\/es-kommt-auf-die-praesentation-an-und-die-praesentation\\\/\",\"url\":\"https:\\\/\\\/althallercommunication.de\\\/es-kommt-auf-die-praesentation-an-und-die-praesentation\\\/\",\"name\":\"Es kommt auf die Pr\u00e4sentation an - und die Pr\u00e4sentation\",\"isPartOf\":{\"@id\":\"https:\\\/\\\/althallercommunication.de\\\/#website\"},\"primaryImageOfPage\":{\"@id\":\"https:\\\/\\\/althallercommunication.de\\\/es-kommt-auf-die-praesentation-an-und-die-praesentation\\\/#primaryimage\"},\"image\":{\"@id\":\"https:\\\/\\\/althallercommunication.de\\\/es-kommt-auf-die-praesentation-an-und-die-praesentation\\\/#primaryimage\"},\"thumbnailUrl\":\"https:\\\/\\\/althallercommunication.de\\\/wp-content\\\/uploads\\\/2020\\\/06\\\/Digital-praesentieren_normal.jpg\",\"datePublished\":\"2020-10-26T09:00:01+00:00\",\"dateModified\":\"2023-12-14T10:41:26+00:00\",\"description\":\"Nein, Sie haben sich nicht verlesen. Was genau wir meinen, erfahren Sie in unserem neuesten Blogbeitrag zum Thema \\\"Digital pr\u00e4sentieren\\\".\",\"breadcrumb\":{\"@id\":\"https:\\\/\\\/althallercommunication.de\\\/es-kommt-auf-die-praesentation-an-und-die-praesentation\\\/#breadcrumb\"},\"inLanguage\":\"en-US\",\"potentialAction\":[{\"@type\":\"ReadAction\",\"target\":[\"https:\\\/\\\/althallercommunication.de\\\/es-kommt-auf-die-praesentation-an-und-die-praesentation\\\/\"]}]},{\"@type\":\"ImageObject\",\"inLanguage\":\"en-US\",\"@id\":\"https:\\\/\\\/althallercommunication.de\\\/es-kommt-auf-die-praesentation-an-und-die-praesentation\\\/#primaryimage\",\"url\":\"https:\\\/\\\/althallercommunication.de\\\/wp-content\\\/uploads\\\/2020\\\/06\\\/Digital-praesentieren_normal.jpg\",\"contentUrl\":\"https:\\\/\\\/althallercommunication.de\\\/wp-content\\\/uploads\\\/2020\\\/06\\\/Digital-praesentieren_normal.jpg\",\"width\":1200,\"height\":800},{\"@type\":\"BreadcrumbList\",\"@id\":\"https:\\\/\\\/althallercommunication.de\\\/es-kommt-auf-die-praesentation-an-und-die-praesentation\\\/#breadcrumb\",\"itemListElement\":[{\"@type\":\"ListItem\",\"position\":1,\"name\":\"Startseite\",\"item\":\"https:\\\/\\\/althallercommunication.de\\\/en\\\/\"},{\"@type\":\"ListItem\",\"position\":2,\"name\":\"Es kommt auf die Pr\u00e4sentation an &#8211; und die Pr\u00e4sentation\"}]},{\"@type\":\"WebSite\",\"@id\":\"https:\\\/\\\/althallercommunication.de\\\/#website\",\"url\":\"https:\\\/\\\/althallercommunication.de\\\/\",\"name\":\"althaller communication\",\"description\":\"Martkommunikation B2B\",\"publisher\":{\"@id\":\"https:\\\/\\\/althallercommunication.de\\\/#organization\"},\"potentialAction\":[{\"@type\":\"SearchAction\",\"target\":{\"@type\":\"EntryPoint\",\"urlTemplate\":\"https:\\\/\\\/althallercommunication.de\\\/?s={search_term_string}\"},\"query-input\":{\"@type\":\"PropertyValueSpecification\",\"valueRequired\":true,\"valueName\":\"search_term_string\"}}],\"inLanguage\":\"en-US\"},{\"@type\":\"Organization\",\"@id\":\"https:\\\/\\\/althallercommunication.de\\\/#organization\",\"name\":\"ALTHALLER communication\",\"url\":\"https:\\\/\\\/althallercommunication.de\\\/\",\"logo\":{\"@type\":\"ImageObject\",\"inLanguage\":\"en-US\",\"@id\":\"https:\\\/\\\/althallercommunication.de\\\/#\\\/schema\\\/logo\\\/image\\\/\",\"url\":\"https:\\\/\\\/althallercommunication.de\\\/wp-content\\\/uploads\\\/2023\\\/12\\\/althaller_comm_b.png\",\"contentUrl\":\"https:\\\/\\\/althallercommunication.de\\\/wp-content\\\/uploads\\\/2023\\\/12\\\/althaller_comm_b.png\",\"width\":464,\"height\":110,\"caption\":\"ALTHALLER communication\"},\"image\":{\"@id\":\"https:\\\/\\\/althallercommunication.de\\\/#\\\/schema\\\/logo\\\/image\\\/\"},\"sameAs\":[\"https:\\\/\\\/www.facebook.com\\\/althallercommunication\",\"https:\\\/\\\/x.com\\\/ALTHALLERcom\",\"https:\\\/\\\/www.linkedin.com\\\/company\\\/3332596?trk=tyah&amp;amp;amp;trkInfo=tas:COMMUNICATION Presse und PR,idx:1-1-1\"]},{\"@type\":\"Person\",\"@id\":\"https:\\\/\\\/althallercommunication.de\\\/#\\\/schema\\\/person\\\/4ca72b5e8d0bebc1f9b3061e463e32ee\",\"name\":\"Jacqueline Althaller\",\"image\":{\"@type\":\"ImageObject\",\"inLanguage\":\"en-US\",\"@id\":\"https:\\\/\\\/secure.gravatar.com\\\/avatar\\\/2e8cdf7784b763130efe210406ba46634d04913cf12c46cf98b2799d6da47211?s=96&d=mm&r=g\",\"url\":\"https:\\\/\\\/secure.gravatar.com\\\/avatar\\\/2e8cdf7784b763130efe210406ba46634d04913cf12c46cf98b2799d6da47211?s=96&d=mm&r=g\",\"contentUrl\":\"https:\\\/\\\/secure.gravatar.com\\\/avatar\\\/2e8cdf7784b763130efe210406ba46634d04913cf12c46cf98b2799d6da47211?s=96&d=mm&r=g\",\"caption\":\"Jacqueline Althaller\"},\"description\":\"$$$2021hmb8hzb4MD\",\"url\":\"https:\\\/\\\/althallercommunication.de\\\/en\\\/author\\\/jacqueline-althaller\\\/\"}]}<\/script>\n<!-- \/ Yoast SEO Premium plugin. -->","yoast_head_json":{"title":"Es kommt auf die Pr\u00e4sentation an - und die Pr\u00e4sentation","description":"Nein, Sie haben sich nicht verlesen. Was genau wir meinen, erfahren Sie in unserem neuesten Blogbeitrag zum Thema \"Digital pr\u00e4sentieren\".","robots":{"index":"index","follow":"follow","max-snippet":"max-snippet:-1","max-image-preview":"max-image-preview:large","max-video-preview":"max-video-preview:-1"},"canonical":"https:\/\/althallercommunication.de\/es-kommt-auf-die-praesentation-an-und-die-praesentation\/","og_locale":"en_US","og_type":"article","og_title":"Es kommt auf die Pr\u00e4sentation an - und die Pr\u00e4sentation","og_description":"Nein, Sie haben sich nicht verlesen. Was genau wir meinen, erfahren Sie in unserem neuesten Blogbeitrag zum Thema \"Digital pr\u00e4sentieren\".","og_url":"https:\/\/althallercommunication.de\/es-kommt-auf-die-praesentation-an-und-die-praesentation\/","og_site_name":"althaller communication","article_publisher":"https:\/\/www.facebook.com\/althallercommunication","article_published_time":"2020-10-26T09:00:01+00:00","article_modified_time":"2023-12-14T10:41:26+00:00","og_image":[{"width":1200,"height":800,"url":"https:\/\/althallercommunication.de\/wp-content\/uploads\/2020\/06\/Digital-praesentieren_normal.jpg","type":"image\/jpeg"}],"author":"Jacqueline Althaller","twitter_card":"summary_large_image","twitter_creator":"@ALTHALLERcom","twitter_site":"@ALTHALLERcom","twitter_misc":{"Written by":"Jacqueline Althaller","Est. reading time":"6 minutes"},"schema":{"@context":"https:\/\/schema.org","@graph":[{"@type":"Article","@id":"https:\/\/althallercommunication.de\/es-kommt-auf-die-praesentation-an-und-die-praesentation\/#article","isPartOf":{"@id":"https:\/\/althallercommunication.de\/es-kommt-auf-die-praesentation-an-und-die-praesentation\/"},"author":{"name":"Jacqueline Althaller","@id":"https:\/\/althallercommunication.de\/#\/schema\/person\/4ca72b5e8d0bebc1f9b3061e463e32ee"},"headline":"Es kommt auf die Pr\u00e4sentation an &#8211; und die Pr\u00e4sentation","datePublished":"2020-10-26T09:00:01+00:00","dateModified":"2023-12-14T10:41:26+00:00","mainEntityOfPage":{"@id":"https:\/\/althallercommunication.de\/es-kommt-auf-die-praesentation-an-und-die-praesentation\/"},"wordCount":1254,"publisher":{"@id":"https:\/\/althallercommunication.de\/#organization"},"image":{"@id":"https:\/\/althallercommunication.de\/es-kommt-auf-die-praesentation-an-und-die-praesentation\/#primaryimage"},"thumbnailUrl":"https:\/\/althallercommunication.de\/wp-content\/uploads\/2020\/06\/Digital-praesentieren_normal.jpg","keywords":["B2B","B2B Kommunikation","B2B-Unternehmenskommunikation","Digital pr\u00e4sentieren","How to","Pr\u00e4sentation","Webinar"],"articleSection":["cultundcomm"],"inLanguage":"en-US"},{"@type":"WebPage","@id":"https:\/\/althallercommunication.de\/es-kommt-auf-die-praesentation-an-und-die-praesentation\/","url":"https:\/\/althallercommunication.de\/es-kommt-auf-die-praesentation-an-und-die-praesentation\/","name":"Es kommt auf die Pr\u00e4sentation an - und die Pr\u00e4sentation","isPartOf":{"@id":"https:\/\/althallercommunication.de\/#website"},"primaryImageOfPage":{"@id":"https:\/\/althallercommunication.de\/es-kommt-auf-die-praesentation-an-und-die-praesentation\/#primaryimage"},"image":{"@id":"https:\/\/althallercommunication.de\/es-kommt-auf-die-praesentation-an-und-die-praesentation\/#primaryimage"},"thumbnailUrl":"https:\/\/althallercommunication.de\/wp-content\/uploads\/2020\/06\/Digital-praesentieren_normal.jpg","datePublished":"2020-10-26T09:00:01+00:00","dateModified":"2023-12-14T10:41:26+00:00","description":"Nein, Sie haben sich nicht verlesen. Was genau wir meinen, erfahren Sie in unserem neuesten Blogbeitrag zum Thema \"Digital pr\u00e4sentieren\".","breadcrumb":{"@id":"https:\/\/althallercommunication.de\/es-kommt-auf-die-praesentation-an-und-die-praesentation\/#breadcrumb"},"inLanguage":"en-US","potentialAction":[{"@type":"ReadAction","target":["https:\/\/althallercommunication.de\/es-kommt-auf-die-praesentation-an-und-die-praesentation\/"]}]},{"@type":"ImageObject","inLanguage":"en-US","@id":"https:\/\/althallercommunication.de\/es-kommt-auf-die-praesentation-an-und-die-praesentation\/#primaryimage","url":"https:\/\/althallercommunication.de\/wp-content\/uploads\/2020\/06\/Digital-praesentieren_normal.jpg","contentUrl":"https:\/\/althallercommunication.de\/wp-content\/uploads\/2020\/06\/Digital-praesentieren_normal.jpg","width":1200,"height":800},{"@type":"BreadcrumbList","@id":"https:\/\/althallercommunication.de\/es-kommt-auf-die-praesentation-an-und-die-praesentation\/#breadcrumb","itemListElement":[{"@type":"ListItem","position":1,"name":"Startseite","item":"https:\/\/althallercommunication.de\/en\/"},{"@type":"ListItem","position":2,"name":"Es kommt auf die Pr\u00e4sentation an &#8211; und die Pr\u00e4sentation"}]},{"@type":"WebSite","@id":"https:\/\/althallercommunication.de\/#website","url":"https:\/\/althallercommunication.de\/","name":"althaller communication","description":"Martkommunikation B2B","publisher":{"@id":"https:\/\/althallercommunication.de\/#organization"},"potentialAction":[{"@type":"SearchAction","target":{"@type":"EntryPoint","urlTemplate":"https:\/\/althallercommunication.de\/?s={search_term_string}"},"query-input":{"@type":"PropertyValueSpecification","valueRequired":true,"valueName":"search_term_string"}}],"inLanguage":"en-US"},{"@type":"Organization","@id":"https:\/\/althallercommunication.de\/#organization","name":"ALTHALLER communication","url":"https:\/\/althallercommunication.de\/","logo":{"@type":"ImageObject","inLanguage":"en-US","@id":"https:\/\/althallercommunication.de\/#\/schema\/logo\/image\/","url":"https:\/\/althallercommunication.de\/wp-content\/uploads\/2023\/12\/althaller_comm_b.png","contentUrl":"https:\/\/althallercommunication.de\/wp-content\/uploads\/2023\/12\/althaller_comm_b.png","width":464,"height":110,"caption":"ALTHALLER communication"},"image":{"@id":"https:\/\/althallercommunication.de\/#\/schema\/logo\/image\/"},"sameAs":["https:\/\/www.facebook.com\/althallercommunication","https:\/\/x.com\/ALTHALLERcom","https:\/\/www.linkedin.com\/company\/3332596?trk=tyah&amp;amp;amp;trkInfo=tas:COMMUNICATION Presse und PR,idx:1-1-1"]},{"@type":"Person","@id":"https:\/\/althallercommunication.de\/#\/schema\/person\/4ca72b5e8d0bebc1f9b3061e463e32ee","name":"Jacqueline Althaller","image":{"@type":"ImageObject","inLanguage":"en-US","@id":"https:\/\/secure.gravatar.com\/avatar\/2e8cdf7784b763130efe210406ba46634d04913cf12c46cf98b2799d6da47211?s=96&d=mm&r=g","url":"https:\/\/secure.gravatar.com\/avatar\/2e8cdf7784b763130efe210406ba46634d04913cf12c46cf98b2799d6da47211?s=96&d=mm&r=g","contentUrl":"https:\/\/secure.gravatar.com\/avatar\/2e8cdf7784b763130efe210406ba46634d04913cf12c46cf98b2799d6da47211?s=96&d=mm&r=g","caption":"Jacqueline Althaller"},"description":"$$$2021hmb8hzb4MD","url":"https:\/\/althallercommunication.de\/en\/author\/jacqueline-althaller\/"}]}},"_links":{"self":[{"href":"https:\/\/althallercommunication.de\/en\/wp-json\/wp\/v2\/posts\/18622","targetHints":{"allow":["GET"]}}],"collection":[{"href":"https:\/\/althallercommunication.de\/en\/wp-json\/wp\/v2\/posts"}],"about":[{"href":"https:\/\/althallercommunication.de\/en\/wp-json\/wp\/v2\/types\/post"}],"author":[{"embeddable":true,"href":"https:\/\/althallercommunication.de\/en\/wp-json\/wp\/v2\/users\/6"}],"replies":[{"embeddable":true,"href":"https:\/\/althallercommunication.de\/en\/wp-json\/wp\/v2\/comments?post=18622"}],"version-history":[{"count":1,"href":"https:\/\/althallercommunication.de\/en\/wp-json\/wp\/v2\/posts\/18622\/revisions"}],"predecessor-version":[{"id":18626,"href":"https:\/\/althallercommunication.de\/en\/wp-json\/wp\/v2\/posts\/18622\/revisions\/18626"}],"wp:featuredmedia":[{"embeddable":true,"href":"https:\/\/althallercommunication.de\/en\/wp-json\/wp\/v2\/media\/18624"}],"wp:attachment":[{"href":"https:\/\/althallercommunication.de\/en\/wp-json\/wp\/v2\/media?parent=18622"}],"wp:term":[{"taxonomy":"category","embeddable":true,"href":"https:\/\/althallercommunication.de\/en\/wp-json\/wp\/v2\/categories?post=18622"},{"taxonomy":"post_tag","embeddable":true,"href":"https:\/\/althallercommunication.de\/en\/wp-json\/wp\/v2\/tags?post=18622"}],"curies":[{"name":"wp","href":"https:\/\/api.w.org\/{rel}","templated":true}]}}