{"id":19290,"date":"2020-12-10T10:00:21","date_gmt":"2020-12-10T09:00:21","guid":{"rendered":"https:\/\/www.althallercommunication.de\/?p=19290"},"modified":"2024-02-08T15:28:28","modified_gmt":"2024-02-08T14:28:28","slug":"zeit-des-lachens-startet-digitale-lachwoche","status":"publish","type":"post","link":"https:\/\/althallercommunication.de\/en\/zeit-des-lachens-startet-digitale-lachwoche\/","title":{"rendered":"Zeit des Lachens startet digitale Lachwoche"},"content":{"rendered":"<p><\/p>\n<h2><strong>Zeit des Lachens startet digitale Lachwoche<\/strong><\/h2>\n<p><strong>Prominente aus Sport, Wirtschaft und Gesellschaft bieten zusammen mit FreundInnen des Vereins eine Woche lang ein volles Programm mit Unterhaltung, Musik und ganz viel Spa\u00df.<\/strong><\/p>\n<p><strong>M\u00fcnchen, 10. Dezember 2020. <\/strong>Mit dem Online-Format \u201eDigitale Lachwoche\u201c will der Verein \u201eZeit\u00a0 des Lachens e.V.\u201c ab 14. Dezember gemeinsam mit Prominenten aus dem nationalen und lokalen Sport, aus Unterhaltung, Film und Theater sowie aus Wirtschaft und Gesellschaft eine Woche lang Abwechslung in den Alltag all jener bringen, die aktuell wenig zu lachen haben. Denn KinderpatientInnen, deren Angeh\u00f6rige und das Klinikpersonal haben in der aktuellen Situation noch weniger zu Lachen als sonst schon; Besuchsverbote in den Kliniken machen gerade die bevorstehende Weihnachtszeit besonders schwer. Jacqueline Althaller, Gr\u00fcnderin des Vereins und Initiatorin der Lachwoche, zur Idee der Veranstaltung: \u201eGerade Kinderpatienten haben es derzeit in den Kliniken besonders schwer. Niemand darf sie besuchen kommen, Weihnachten f\u00e4llt f\u00fcr sie quasi aus. Da setzen wir mit der digitalen Lachwoche an. Wir m\u00f6chten Kindern, deren Angeh\u00f6rigen und dem Klinikpersonal die Weihnachtszeit versch\u00f6nern und Abwechslung im Klinikalltag schaffen. Gleichzeitig k\u00f6nnen wir Dank Spendengeldern f\u00fcr die Lachwoche K\u00fcnstlerInnen unterst\u00fctzen, die es in der aktuellen Situation finanziell ebenfalls nicht leicht haben\u201c. <strong><br \/>\n<\/strong><\/p>\n<p>Die \u201eDigitale Lachwoche\u201c startet am 14. Dezember 2020 als Stream \u00fcber YouTube oder Zoom. Das Format macht es m\u00f6glich, die unterhaltsame und spannende Woche \u00fcber den Klinikrand hinaus auch einer breiten Masse zug\u00e4nglich zu machen. Das Format richtet sich an Gro\u00df und Klein und wird von Freunden und F\u00f6rderern des Vereins sowie einer Vielzahl von Prominenten getragen. Die Teilnahme ist selbstverst\u00e4ndlich kostenlos.<\/p>\n<p>Die Lachwoche ist barrierefrei gestaltet und f\u00fcr alle ganz einfach auf dem <a href=\"https:\/\/www.youtube.com\/channel\/UC_F0cSJwhAxC_1nr5vlKa0g\">YouTube-Kanal des Vereins<\/a> zu erreichen. Einen \u00dcberblick \u00fcber die gesamte Lachwoche gibt es auf der zugeh\u00f6rigen Landingpage: <a href=\"https:\/\/lachwoche.de\/\">Zeit des Lachens | Die digitale Lachwoche<\/a>.<\/p>\n<p>F\u00fcr ein buntes Programm sorgen:<\/p>\n<ul>\n<li>Fu\u00dfballnationalspieler und FC-Bayern-Star <a href=\"https:\/\/www.esmuellert.de\/\">Thomas M\u00fcller<\/a>, der mit Maskottchen Berni seine besten Fu\u00dfballtricks zeigt,<\/li>\n<li><a href=\"https:\/\/arcato.de\/\">Zauberer Arcato<\/a>, der mit interaktiven Zauberworkshops f\u00fcr Kinder und Erwachsene f\u00fcr magische Momente sorgt,<\/li>\n<li><a href=\"https:\/\/franziskatraub.de\/\">Franziska Traub<\/a> (Schauspielerin und Kabarettistin), die mit ihrem \u201eComedy-Putzkurs\u201c Gro\u00df und Klein unterh\u00e4lt,<\/li>\n<li><a href=\"https:\/\/www.boerse-muenchen.de\/news\/618\/Dr.-Robert-Ertl-wird-neuer-Vorstand-der-Bayerischen-Boerse-AG\">Robert Ertl<\/a> (Vorstand B\u00f6rse M\u00fcnchen), der \u201eden B\u00f6rsenkrach bei den Hundertpfunds\u201c liest,<\/li>\n<li>Musiker <a href=\"https:\/\/www.facebook.com\/profile.php?id=100009307068013\">Erich \u201eZipp\u201c Kowalew<\/a> mit seiner \u201eKiddy\u2019s Music\u201c,<\/li>\n<li><a href=\"https:\/\/www.munich-cowboys.de\/\">Die Munich Cowboys<\/a>, die im Q&amp;A live Fragen der Zuschauer zum American Football beantworten,<\/li>\n<li><a href=\"https:\/\/www.lachtrainer.de\/\">Lachtrainerin Ute Liebhard<\/a> mit einem gro\u00dfartigen Online-Lachyoga-Angebot f\u00fcr Erwachsene,<\/li>\n<li>Unsere VorleserInnen <a href=\"https:\/\/www.agenturvogel.de\/vita.php?PID=15\">Thomas Huber<\/a> (Schauspieler), <a href=\"https:\/\/www.facebook.com\/nicole.belstlerboettcher\">Nicole Belstler-B\u00f6ttcher<\/a> (Schauspielerin), <a href=\"https:\/\/www.ameliefried.de\/\">Amelie Fried<\/a> (Schriftstellerin), <a href=\"https:\/\/dorothea-anzinger.de\/\">Dorothea Anzinger<\/a> (Improtheater) und <a href=\"https:\/\/bdkom.de\/personen\/bettina-pregel\">Bettina Pregel<\/a> von der Bayerischen Landesmedienzentrale,<\/li>\n<li>Stimmtrainerin <a href=\"https:\/\/www.sing-mit-arianeroth.com\/\">Ariane Roth<\/a>, die Gro\u00df und Klein beim gemeinsamen Singen zusammenbringt,<\/li>\n<li>Das <a href=\"https:\/\/www.bareins-in-action.de\/de\/index.php\">Clownduo \u201eBareins in Action\u201c<\/a> mit dem St\u00fcck \u201eKaspar und der vergessene Weihnachtswunsch\u201c,<\/li>\n<li>Ferdinand Auhser mit dem Ohrwurm <a href=\"https:\/\/www.bakabu.at\/\">BAKABU<\/a>,<\/li>\n<li>Volker Eisele von der Bayerischen, der mit Geschichten von der <a href=\"https:\/\/www.bergwacht-bayern.de\/muenchen.html\">Bergwacht<\/a> unterh\u00e4lt,<\/li>\n<li><a href=\"http:\/\/www.barbara-maria-messner.de\/\">Barbara Maria Messner<\/a> und <a href=\"https:\/\/www.miriambrenner.de\/\">Miriam Brenner<\/a> mit \u201eSuperm\u00e4m und B\u00e4dm\u00e4m\u201c<\/li>\n<li>Und <a href=\"http:\/\/www.ballonja.de\/\">Ballonja<\/a>, die lustige Luftballonfalttricks vorf\u00fchren.<\/li>\n<\/ul>\n<p>Technische Unterst\u00fctzung erh\u00e4lt der Verein vom Team rund um Antonio Maiolo von <a href=\"https:\/\/wirhelfen.eu\/\">wirhelfen.eu<\/a>: \u201eWir von WirHelfen.eu sind der festen \u00dcberzeugung, dass wir alle eine Auszeit von diesen schwierigen Zeiten ben\u00f6tigen \u2013 und sei es nur f\u00fcr einen kurzen Augenblick. Gemeinsam wollen wir allen TeilnehmerInnen der digitalen Lachwoche ein L\u00e4cheln ins Gesicht zaubern und die Welt wieder ein St\u00fcck heiterer und fr\u00f6hlicher gestalten. Wir &#8211; als bundesweite Plattform f\u00fcr Hilfsgesuche und Hilfsangebote in Deutschland &#8211; unterst\u00fctzen Zeit des Lachens e.V. sehr gerne bei der technischen Umsetzung der digitalen Lachwoche und hoffen, dass wir damit eine freudige Abwechslung in den Alltag m\u00f6glichst vieler Menschen bringen k\u00f6nnen!\u201c<\/p>\n<p><em>Abschlie\u00dfend erg\u00e4nzt Althaller: \u201eWenn die digitale Lachwoche gut ankommt und wir auch im n\u00e4chsten Jahr nicht pers\u00f6nlich in die Kliniken d\u00fcrfen, steht weiteren digitalen Lachwochen nichts im Weg! Wir freuen und daher immer \u00fcber Unterst\u00fctzung\u201c.<\/em><\/p>\n<p><strong>\u00dcber Zeit des Lachens e.V.<br \/>\n<\/strong>Lachen, Freude, ganz viel Spa\u00df und vor allem Abwechslung: Das bringt der \u201eZeit des Lachens e.V.\u201c den kleinen Patienten, ihren Angeh\u00f6rigen und dem Personal in bundesdeutschen Kinderkliniken. Der Grundgedanke ist Nachhaltigkeit: Was w\u00e4hrend eines Besuches vermittelt wird, soll langfristig positiv in den Klinikalltag hineinwirken. Initiiert wurde die Aktion bereits in 2005, nach einem Konzept der M\u00fcnchner Agentur ALTHALLER communication. Im Mai 2009 ist aus der Initiative der Verein \u201eZeit des Lachens e.V.\u201c mit Sitz in M\u00fcnchen hervorgegangen.<\/p>\n<p>Weitere Informationen unter: <a href=\"http:\/\/www.zeitdeslachens.de\">www.zeitdeslachens.de<\/a><\/p>\n<p><a href=\"https:\/\/althallercommunication.de\/wp-content\/uploads\/2020\/12\/Zeit-des-Lachens-startet-die-digitale-Lachwoche-1.pdf\">PI zum Download<\/a><\/p>\n<p><\/p>\n<p>Bildmaterial<\/p>\n<p>https:\/\/althallercommunication.de\/wp-content\/uploads\/2019\/05\/Kiddy_Jacqueline-Althaller.jpg<\/p>\n<p>Jacqueline Althaller, Gr\u00fcnderin des Vereins und Initiatorin der Lachwoche, zur Idee der Veranstaltung: \u201eGerade Kinderpatienten haben es derzeit in den Kliniken besonders schwer. Niemand darf sie besuchen kommen, Weihnachten f\u00e4llt f\u00fcr sie quasi aus. Da setzen wir mit der digitalen Lachwoche an. Wir m\u00f6chten Kindern, deren Angeh\u00f6rigen und dem Klinikpersonal die Weihnachtszeit versch\u00f6nern und Abwechslung im Klinikalltag schaffen. Gleichzeitig k\u00f6nnen wir Dank Spendengeldern f\u00fcr die Lachwoche K\u00fcnstlerInnen unterst\u00fctzen, die es in der aktuellen Situation finanziell ebenfalls nicht leicht haben\u201c.<\/p>\n<p><em>Abschlie\u00dfend erg\u00e4nzt Althaller: \u201eWenn die digitale Lachwoche gut ankommt und wir auch im n\u00e4chsten Jahr nicht pers\u00f6nlich in die Kliniken d\u00fcrfen, steht weiteren digitalen Lachwochen nichts im Weg! Wir freuen und daher immer \u00fcber Unterst\u00fctzung\u201c.<\/em><\/p>\n<p>https:\/\/althallercommunication.de\/wp-content\/uploads\/2019\/05\/Antonio-Maiolo.png<\/p>\n<p>Technische Unterst\u00fctzung erh\u00e4lt der Verein vom Team rund um Antonio Maiolo von <a href=\"https:\/\/wirhelfen.eu\/\">wirhelfen.eu<\/a>: \u201eWir von WirHelfen.eu sind der festen \u00dcberzeugung, dass wir alle eine Auszeit von diesen schwierigen Zeiten ben\u00f6tigen \u2013 und sei es nur f\u00fcr einen kurzen Augenblick. Gemeinsam wollen wir allen TeilnehmerInnen der digitalen Lachwoche ein L\u00e4cheln ins Gesicht zaubern und die Welt wieder ein St\u00fcck heiterer und fr\u00f6hlicher gestalten.<br \/>\nWir &#8211; als bundesweite Plattform f\u00fcr Hilfsgesuche und Hilfsangebote in Deutschland &#8211; unterst\u00fctzen Zeit des Lachens e.V. sehr gerne bei der technischen Umsetzung der digitalen Lachwoche und hoffen, dass wir damit eine freudige Abwechslung in den Alltag m\u00f6glichst vieler Menschen bringen k\u00f6nnen!\u201c<\/p>\n<p>https:\/\/althallercommunication.de\/wp-content\/uploads\/2020\/12\/Key-Visual-Digitale-Lachwoche-2020.jpgW2Z1c2lvbl9idXR0b24gbGluaz0mcXVvdDtqYXZhc2NyaXB0Omhpc3RvcnkuYmFjaygpJnF1b3Q7IHRpdGxlPSZxdW90OyZxdW90OyB0YXJnZXQ9JnF1b3Q7X3NlbGYmcXVvdDsgYWxpZ25tZW50PSZxdW90O2NlbnRlciZxdW90OyBtb2RhbD0mcXVvdDsmcXVvdDsgaGlkZV9vbl9tb2JpbGU9JnF1b3Q7c21hbGwtdmlzaWJpbGl0eSxtZWRpdW0tdmlzaWJpbGl0eSxsYXJnZS12aXNpYmlsaXR5JnF1b3Q7IGNsYXNzPSZxdW90OyZxdW90OyBpZD0mcXVvdDsmcXVvdDsgY29sb3I9JnF1b3Q7ZGVmYXVsdCZxdW90OyBidXR0b25fZ3JhZGllbnRfdG9wX2NvbG9yPSZxdW90OyZxdW90OyBidXR0b25fZ3JhZGllbnRfYm90dG9tX2NvbG9yPSZxdW90OyZxdW90OyBidXR0b25fZ3JhZGllbnRfdG9wX2NvbG9yX2hvdmVyPSZxdW90OyZxdW90OyBidXR0b25fZ3JhZGllbnRfYm90dG9tX2NvbG9yX2hvdmVyPSZxdW90OyZxdW90OyBhY2NlbnRfY29sb3I9JnF1b3Q7JnF1b3Q7IGFjY2VudF9ob3Zlcl9jb2xvcj0mcXVvdDsmcXVvdDsgdHlwZT0mcXVvdDsmcXVvdDsgYmV2ZWxfY29sb3I9JnF1b3Q7JnF1b3Q7IGJvcmRlcl93aWR0aD0mcXVvdDsmcXVvdDsgc2l6ZT0mcXVvdDttZWRpdW0mcXVvdDsgc3RyZXRjaD0mcXVvdDtkZWZhdWx0JnF1b3Q7IHNoYXBlPSZxdW90O3JvdW5kJnF1b3Q7IGljb249JnF1b3Q7ZmEtY2hldnJvbi1sZWZ0JnF1b3Q7IGljb25fcG9zaXRpb249JnF1b3Q7bGVmdCZxdW90OyBpY29uX2RpdmlkZXI9JnF1b3Q7bm8mcXVvdDsgYW5pbWF0aW9uX3R5cGU9JnF1b3Q7JnF1b3Q7IGFuaW1hdGlvbl9kaXJlY3Rpb249JnF1b3Q7bGVmdCZxdW90OyBhbmltYXRpb25fc3BlZWQ9JnF1b3Q7MC4zJnF1b3Q7IGFuaW1hdGlvbl9vZmZzZXQ9JnF1b3Q7JnF1b3Q7XXp1csO8Y2tbL2Z1c2lvbl9idXR0b25d<\/p>\n<p>Pressekontakt und Redaktion<br \/>\n<strong>Jacqueline Althaller<br \/>\n<\/strong>ALTHALLER communication GbR<br \/>\nElisabethstra\u00dfe 13<br \/>\n80796 M\u00fcnchen<\/p>\n<p><em>Bildmaterial stellen wir auf Wunsch gerne zur Verf\u00fcgung.<\/em><\/p>\n<p><\/p>\n<p>+49 (0) 89 38 66 52 61<\/p>\n<p><\/p>\n<p>+49 (0) 89 38 66 52 75<\/p>\n<p><\/p>\n<p><a href=\"mailto:info@althallercommunication.de\">info@althallercommunication.de<\/a><\/p>\n<p><\/p>\n<p><a href=\"https:\/\/althallercommunication.de\/\">www.althallercommunication.de<\/a><\/p>\n<p><\/p>\n","protected":false},"excerpt":{"rendered":"<p><strong>Zeit des Lachens e.V.<\/strong> | M\u00fcnchen: 10.12.2020<\/br> Prominente aus Sport, Wirtschaft und Gesellschaft bieten zusammen mit FreundInnen des Vereins eine Woche lang ein volles Programm mit Unterhaltung, Musik und ganz viel Spa\u00df.<\/p>\n","protected":false},"author":6,"featured_media":0,"comment_status":"closed","ping_status":"open","sticky":false,"template":"","format":"standard","meta":{"_et_pb_use_builder":"","_et_pb_old_content":"","_et_gb_content_width":"","inline_featured_image":false,"footnotes":""},"categories":[],"tags":[],"class_list":["post-19290","post","type-post","status-publish","format-standard","hentry"],"yoast_head":"<!-- This site is optimized with the Yoast SEO Premium plugin v25.3 (Yoast SEO v27.5) - https:\/\/yoast.com\/product\/yoast-seo-premium-wordpress\/ -->\n<title>Zeit des Lachens e.V. startet die &quot;Digitale Lachwoche&quot;<\/title>\n<meta name=\"description\" content=\"Prominente aus Sport, Wirtschaft und Gesellschaft bieten zusammen mit FreundInnen des Vereins eine Woche lang ein volles Programm.\" \/>\n<meta name=\"robots\" content=\"index, follow, max-snippet:-1, max-image-preview:large, max-video-preview:-1\" \/>\n<link rel=\"canonical\" href=\"https:\/\/althallercommunication.de\/zeit-des-lachens-startet-digitale-lachwoche\/\" \/>\n<meta property=\"og:locale\" content=\"en_US\" \/>\n<meta property=\"og:type\" content=\"article\" \/>\n<meta property=\"og:title\" content=\"Zeit des Lachens startet digitale Lachwoche\" \/>\n<meta property=\"og:description\" content=\"Prominente aus Sport, Wirtschaft und Gesellschaft bieten zusammen mit FreundInnen des Vereins eine Woche lang ein volles Programm.\" \/>\n<meta property=\"og:url\" content=\"https:\/\/althallercommunication.de\/zeit-des-lachens-startet-digitale-lachwoche\/\" \/>\n<meta property=\"og:site_name\" content=\"althaller communication\" \/>\n<meta property=\"article:publisher\" content=\"https:\/\/www.facebook.com\/althallercommunication\" \/>\n<meta property=\"article:published_time\" content=\"2020-12-10T09:00:21+00:00\" \/>\n<meta property=\"article:modified_time\" content=\"2024-02-08T14:28:28+00:00\" \/>\n<meta name=\"author\" content=\"Jacqueline Althaller\" \/>\n<meta name=\"twitter:card\" content=\"summary_large_image\" \/>\n<meta name=\"twitter:creator\" content=\"@ALTHALLERcom\" \/>\n<meta name=\"twitter:site\" content=\"@ALTHALLERcom\" \/>\n<meta name=\"twitter:label1\" content=\"Written by\" \/>\n\t<meta name=\"twitter:data1\" content=\"Jacqueline Althaller\" \/>\n\t<meta name=\"twitter:label2\" content=\"Est. reading time\" \/>\n\t<meta name=\"twitter:data2\" content=\"11 minutes\" \/>\n<script type=\"application\/ld+json\" class=\"yoast-schema-graph\">{\"@context\":\"https:\\\/\\\/schema.org\",\"@graph\":[{\"@type\":\"Article\",\"@id\":\"https:\\\/\\\/althallercommunication.de\\\/zeit-des-lachens-startet-digitale-lachwoche\\\/#article\",\"isPartOf\":{\"@id\":\"https:\\\/\\\/althallercommunication.de\\\/zeit-des-lachens-startet-digitale-lachwoche\\\/\"},\"author\":{\"name\":\"Jacqueline Althaller\",\"@id\":\"https:\\\/\\\/althallercommunication.de\\\/#\\\/schema\\\/person\\\/4ca72b5e8d0bebc1f9b3061e463e32ee\"},\"headline\":\"Zeit des Lachens startet digitale Lachwoche\",\"datePublished\":\"2020-12-10T09:00:21+00:00\",\"dateModified\":\"2024-02-08T14:28:28+00:00\",\"mainEntityOfPage\":{\"@id\":\"https:\\\/\\\/althallercommunication.de\\\/zeit-des-lachens-startet-digitale-lachwoche\\\/\"},\"wordCount\":2191,\"publisher\":{\"@id\":\"https:\\\/\\\/althallercommunication.de\\\/#organization\"},\"inLanguage\":\"en-US\"},{\"@type\":\"WebPage\",\"@id\":\"https:\\\/\\\/althallercommunication.de\\\/zeit-des-lachens-startet-digitale-lachwoche\\\/\",\"url\":\"https:\\\/\\\/althallercommunication.de\\\/zeit-des-lachens-startet-digitale-lachwoche\\\/\",\"name\":\"Zeit des Lachens e.V. startet die \\\"Digitale Lachwoche\\\"\",\"isPartOf\":{\"@id\":\"https:\\\/\\\/althallercommunication.de\\\/#website\"},\"datePublished\":\"2020-12-10T09:00:21+00:00\",\"dateModified\":\"2024-02-08T14:28:28+00:00\",\"description\":\"Prominente aus Sport, Wirtschaft und Gesellschaft bieten zusammen mit FreundInnen des Vereins eine Woche lang ein volles Programm.\",\"breadcrumb\":{\"@id\":\"https:\\\/\\\/althallercommunication.de\\\/zeit-des-lachens-startet-digitale-lachwoche\\\/#breadcrumb\"},\"inLanguage\":\"en-US\",\"potentialAction\":[{\"@type\":\"ReadAction\",\"target\":[\"https:\\\/\\\/althallercommunication.de\\\/zeit-des-lachens-startet-digitale-lachwoche\\\/\"]}]},{\"@type\":\"BreadcrumbList\",\"@id\":\"https:\\\/\\\/althallercommunication.de\\\/zeit-des-lachens-startet-digitale-lachwoche\\\/#breadcrumb\",\"itemListElement\":[{\"@type\":\"ListItem\",\"position\":1,\"name\":\"Startseite\",\"item\":\"https:\\\/\\\/althallercommunication.de\\\/en\\\/\"},{\"@type\":\"ListItem\",\"position\":2,\"name\":\"Zeit des Lachens startet digitale Lachwoche\"}]},{\"@type\":\"WebSite\",\"@id\":\"https:\\\/\\\/althallercommunication.de\\\/#website\",\"url\":\"https:\\\/\\\/althallercommunication.de\\\/\",\"name\":\"althaller communication\",\"description\":\"Martkommunikation B2B\",\"publisher\":{\"@id\":\"https:\\\/\\\/althallercommunication.de\\\/#organization\"},\"potentialAction\":[{\"@type\":\"SearchAction\",\"target\":{\"@type\":\"EntryPoint\",\"urlTemplate\":\"https:\\\/\\\/althallercommunication.de\\\/?s={search_term_string}\"},\"query-input\":{\"@type\":\"PropertyValueSpecification\",\"valueRequired\":true,\"valueName\":\"search_term_string\"}}],\"inLanguage\":\"en-US\"},{\"@type\":\"Organization\",\"@id\":\"https:\\\/\\\/althallercommunication.de\\\/#organization\",\"name\":\"ALTHALLER communication\",\"url\":\"https:\\\/\\\/althallercommunication.de\\\/\",\"logo\":{\"@type\":\"ImageObject\",\"inLanguage\":\"en-US\",\"@id\":\"https:\\\/\\\/althallercommunication.de\\\/#\\\/schema\\\/logo\\\/image\\\/\",\"url\":\"https:\\\/\\\/althallercommunication.de\\\/wp-content\\\/uploads\\\/2023\\\/12\\\/althaller_comm_b.png\",\"contentUrl\":\"https:\\\/\\\/althallercommunication.de\\\/wp-content\\\/uploads\\\/2023\\\/12\\\/althaller_comm_b.png\",\"width\":464,\"height\":110,\"caption\":\"ALTHALLER communication\"},\"image\":{\"@id\":\"https:\\\/\\\/althallercommunication.de\\\/#\\\/schema\\\/logo\\\/image\\\/\"},\"sameAs\":[\"https:\\\/\\\/www.facebook.com\\\/althallercommunication\",\"https:\\\/\\\/x.com\\\/ALTHALLERcom\",\"https:\\\/\\\/www.linkedin.com\\\/company\\\/3332596?trk=tyah&amp;amp;amp;trkInfo=tas:COMMUNICATION Presse und PR,idx:1-1-1\"]},{\"@type\":\"Person\",\"@id\":\"https:\\\/\\\/althallercommunication.de\\\/#\\\/schema\\\/person\\\/4ca72b5e8d0bebc1f9b3061e463e32ee\",\"name\":\"Jacqueline Althaller\",\"image\":{\"@type\":\"ImageObject\",\"inLanguage\":\"en-US\",\"@id\":\"https:\\\/\\\/secure.gravatar.com\\\/avatar\\\/2e8cdf7784b763130efe210406ba46634d04913cf12c46cf98b2799d6da47211?s=96&d=mm&r=g\",\"url\":\"https:\\\/\\\/secure.gravatar.com\\\/avatar\\\/2e8cdf7784b763130efe210406ba46634d04913cf12c46cf98b2799d6da47211?s=96&d=mm&r=g\",\"contentUrl\":\"https:\\\/\\\/secure.gravatar.com\\\/avatar\\\/2e8cdf7784b763130efe210406ba46634d04913cf12c46cf98b2799d6da47211?s=96&d=mm&r=g\",\"caption\":\"Jacqueline Althaller\"},\"description\":\"$$$2021hmb8hzb4MD\",\"url\":\"https:\\\/\\\/althallercommunication.de\\\/en\\\/author\\\/jacqueline-althaller\\\/\"}]}<\/script>\n<!-- \/ Yoast SEO Premium plugin. -->","yoast_head_json":{"title":"Zeit des Lachens e.V. startet die \"Digitale Lachwoche\"","description":"Prominente aus Sport, Wirtschaft und Gesellschaft bieten zusammen mit FreundInnen des Vereins eine Woche lang ein volles Programm.","robots":{"index":"index","follow":"follow","max-snippet":"max-snippet:-1","max-image-preview":"max-image-preview:large","max-video-preview":"max-video-preview:-1"},"canonical":"https:\/\/althallercommunication.de\/zeit-des-lachens-startet-digitale-lachwoche\/","og_locale":"en_US","og_type":"article","og_title":"Zeit des Lachens startet digitale Lachwoche","og_description":"Prominente aus Sport, Wirtschaft und Gesellschaft bieten zusammen mit FreundInnen des Vereins eine Woche lang ein volles Programm.","og_url":"https:\/\/althallercommunication.de\/zeit-des-lachens-startet-digitale-lachwoche\/","og_site_name":"althaller communication","article_publisher":"https:\/\/www.facebook.com\/althallercommunication","article_published_time":"2020-12-10T09:00:21+00:00","article_modified_time":"2024-02-08T14:28:28+00:00","author":"Jacqueline Althaller","twitter_card":"summary_large_image","twitter_creator":"@ALTHALLERcom","twitter_site":"@ALTHALLERcom","twitter_misc":{"Written by":"Jacqueline Althaller","Est. reading time":"11 minutes"},"schema":{"@context":"https:\/\/schema.org","@graph":[{"@type":"Article","@id":"https:\/\/althallercommunication.de\/zeit-des-lachens-startet-digitale-lachwoche\/#article","isPartOf":{"@id":"https:\/\/althallercommunication.de\/zeit-des-lachens-startet-digitale-lachwoche\/"},"author":{"name":"Jacqueline Althaller","@id":"https:\/\/althallercommunication.de\/#\/schema\/person\/4ca72b5e8d0bebc1f9b3061e463e32ee"},"headline":"Zeit des Lachens startet digitale Lachwoche","datePublished":"2020-12-10T09:00:21+00:00","dateModified":"2024-02-08T14:28:28+00:00","mainEntityOfPage":{"@id":"https:\/\/althallercommunication.de\/zeit-des-lachens-startet-digitale-lachwoche\/"},"wordCount":2191,"publisher":{"@id":"https:\/\/althallercommunication.de\/#organization"},"inLanguage":"en-US"},{"@type":"WebPage","@id":"https:\/\/althallercommunication.de\/zeit-des-lachens-startet-digitale-lachwoche\/","url":"https:\/\/althallercommunication.de\/zeit-des-lachens-startet-digitale-lachwoche\/","name":"Zeit des Lachens e.V. startet die \"Digitale Lachwoche\"","isPartOf":{"@id":"https:\/\/althallercommunication.de\/#website"},"datePublished":"2020-12-10T09:00:21+00:00","dateModified":"2024-02-08T14:28:28+00:00","description":"Prominente aus Sport, Wirtschaft und Gesellschaft bieten zusammen mit FreundInnen des Vereins eine Woche lang ein volles Programm.","breadcrumb":{"@id":"https:\/\/althallercommunication.de\/zeit-des-lachens-startet-digitale-lachwoche\/#breadcrumb"},"inLanguage":"en-US","potentialAction":[{"@type":"ReadAction","target":["https:\/\/althallercommunication.de\/zeit-des-lachens-startet-digitale-lachwoche\/"]}]},{"@type":"BreadcrumbList","@id":"https:\/\/althallercommunication.de\/zeit-des-lachens-startet-digitale-lachwoche\/#breadcrumb","itemListElement":[{"@type":"ListItem","position":1,"name":"Startseite","item":"https:\/\/althallercommunication.de\/en\/"},{"@type":"ListItem","position":2,"name":"Zeit des Lachens startet digitale Lachwoche"}]},{"@type":"WebSite","@id":"https:\/\/althallercommunication.de\/#website","url":"https:\/\/althallercommunication.de\/","name":"althaller communication","description":"Martkommunikation B2B","publisher":{"@id":"https:\/\/althallercommunication.de\/#organization"},"potentialAction":[{"@type":"SearchAction","target":{"@type":"EntryPoint","urlTemplate":"https:\/\/althallercommunication.de\/?s={search_term_string}"},"query-input":{"@type":"PropertyValueSpecification","valueRequired":true,"valueName":"search_term_string"}}],"inLanguage":"en-US"},{"@type":"Organization","@id":"https:\/\/althallercommunication.de\/#organization","name":"ALTHALLER communication","url":"https:\/\/althallercommunication.de\/","logo":{"@type":"ImageObject","inLanguage":"en-US","@id":"https:\/\/althallercommunication.de\/#\/schema\/logo\/image\/","url":"https:\/\/althallercommunication.de\/wp-content\/uploads\/2023\/12\/althaller_comm_b.png","contentUrl":"https:\/\/althallercommunication.de\/wp-content\/uploads\/2023\/12\/althaller_comm_b.png","width":464,"height":110,"caption":"ALTHALLER communication"},"image":{"@id":"https:\/\/althallercommunication.de\/#\/schema\/logo\/image\/"},"sameAs":["https:\/\/www.facebook.com\/althallercommunication","https:\/\/x.com\/ALTHALLERcom","https:\/\/www.linkedin.com\/company\/3332596?trk=tyah&amp;amp;amp;trkInfo=tas:COMMUNICATION Presse und PR,idx:1-1-1"]},{"@type":"Person","@id":"https:\/\/althallercommunication.de\/#\/schema\/person\/4ca72b5e8d0bebc1f9b3061e463e32ee","name":"Jacqueline Althaller","image":{"@type":"ImageObject","inLanguage":"en-US","@id":"https:\/\/secure.gravatar.com\/avatar\/2e8cdf7784b763130efe210406ba46634d04913cf12c46cf98b2799d6da47211?s=96&d=mm&r=g","url":"https:\/\/secure.gravatar.com\/avatar\/2e8cdf7784b763130efe210406ba46634d04913cf12c46cf98b2799d6da47211?s=96&d=mm&r=g","contentUrl":"https:\/\/secure.gravatar.com\/avatar\/2e8cdf7784b763130efe210406ba46634d04913cf12c46cf98b2799d6da47211?s=96&d=mm&r=g","caption":"Jacqueline Althaller"},"description":"$$$2021hmb8hzb4MD","url":"https:\/\/althallercommunication.de\/en\/author\/jacqueline-althaller\/"}]}},"_links":{"self":[{"href":"https:\/\/althallercommunication.de\/en\/wp-json\/wp\/v2\/posts\/19290","targetHints":{"allow":["GET"]}}],"collection":[{"href":"https:\/\/althallercommunication.de\/en\/wp-json\/wp\/v2\/posts"}],"about":[{"href":"https:\/\/althallercommunication.de\/en\/wp-json\/wp\/v2\/types\/post"}],"author":[{"embeddable":true,"href":"https:\/\/althallercommunication.de\/en\/wp-json\/wp\/v2\/users\/6"}],"replies":[{"embeddable":true,"href":"https:\/\/althallercommunication.de\/en\/wp-json\/wp\/v2\/comments?post=19290"}],"version-history":[{"count":7,"href":"https:\/\/althallercommunication.de\/en\/wp-json\/wp\/v2\/posts\/19290\/revisions"}],"predecessor-version":[{"id":19308,"href":"https:\/\/althallercommunication.de\/en\/wp-json\/wp\/v2\/posts\/19290\/revisions\/19308"}],"wp:attachment":[{"href":"https:\/\/althallercommunication.de\/en\/wp-json\/wp\/v2\/media?parent=19290"}],"wp:term":[{"taxonomy":"category","embeddable":true,"href":"https:\/\/althallercommunication.de\/en\/wp-json\/wp\/v2\/categories?post=19290"},{"taxonomy":"post_tag","embeddable":true,"href":"https:\/\/althallercommunication.de\/en\/wp-json\/wp\/v2\/tags?post=19290"}],"curies":[{"name":"wp","href":"https:\/\/api.w.org\/{rel}","templated":true}]}}