{"id":19460,"date":"2021-01-15T09:00:01","date_gmt":"2021-01-15T08:00:01","guid":{"rendered":"https:\/\/www.althallercommunication.de\/?p=19460"},"modified":"2023-12-14T11:38:34","modified_gmt":"2023-12-14T10:38:34","slug":"linkedin-stories-fuer-die-b2b-kommunikation","status":"publish","type":"post","link":"https:\/\/althallercommunication.de\/en\/linkedin-stories-fuer-die-b2b-kommunikation\/","title":{"rendered":"LinkedIn Stories f\u00fcr die B2B-Kommunikation?"},"content":{"rendered":"<p><\/p>\n<p>Im Oktober 2020 hat LinkedIn seine Story-Funktion eingef\u00fchrt. Wie kommt das Feature bisher beim doch erstmal eher konservativen B2B-Publikum an und wie wird es genutzt? Das schauen wir uns jetzt mal genauer an.<\/p>\n<p>Die Story-Funktion selbst kennen wir bereits vor allem von Plattformen wie Facebook und Instagram und wissen sie hier auch bestens einzusetzen. Klar ist, dass die User deutlich mehr Zeit in den Stories ihrer Netzwerke verbringen als damit, sich die eigentlichen Feed-Beitr\u00e4ge anzusehen. F\u00fcr die private Nutzung funktioniert die Story also bestens.<br \/>\nIn der B2B-Kommunikation wird das Feature aber noch wenig genutzt. Daher hat uns pers\u00f6nlich dieser Schritt der Business-Plattform erst einmal \u00fcberrascht.<\/p>\n<p><img decoding=\"async\" class=\"alignnone size-full wp-image-19461\" src=\"https:\/\/althallercommunication.de\/wp-content\/uploads\/2020\/06\/Grafik-LinkedIn.jpg\" alt=\"\" width=\"1080\" height=\"549\" \/><\/p>\n<p>Trotzdem stellen wir fest, dass die Story-Funktion von unseren Netzwerken auch auf LinkedIn gerne genutzt wird \u2013 vor allem f\u00fcr das Recruiting ist die Story ein beliebtes Mittel, um in der Flut an t\u00e4glichen Feed-Beitr\u00e4gen auf sich aufmerksam zu machen und nicht dem LinkedIn-Algorithmus ausgesetzt zu sein. Beliebt sind auch Blicke hinter die Kulissen, also beispielsweise \u00fcber Entstehungsprozesse von Produkten oder zu Arbeitsabl\u00e4ufen oder Firmenevents.<\/p>\n<p>Bisher sehen wir aber auch, dass bei den Inhalten der Stories von den allermeisten noch kein Unterschied nach Plattform gemacht wird. Egal ob Instagram, Facebook oder LinkedIn \u2013 die Inhalte in den Stories sind die gleichen. Interessant, denn genau so war es auch, als sich B2B-Unternehmen vor 10 Jahren an die ersten Social-Media-Kan\u00e4le getraut haben: das Gie\u00dfkannenprinzip siegte. Wir sagen: Leider!<\/p>\n<p>Bleibt abzuwarten, ob es also bei den Stories heute eine \u00e4hnliche Entwicklung gibt, wie wir sie in den letzten Jahren bei den sozialen Netzwerken gesehen haben: Eine zunehmende Individualisierung des Contents je nach Plattform.<\/p>\n<p>Wie sieht das bei Ihnen aus? Nutzen Sie LinkedIn-Stories oder die Story-Funktionen anderer Kan\u00e4le? Wenn ja, wie nutzen Sie sie und machen Sie Unterschiede zwischen den Plattformen?<\/p>\n<p>Wir sind gespannt auf Ihre Meinungen!<\/p>\n<p><\/p>\n","protected":false},"excerpt":{"rendered":"<p>Im Oktober 2020 hat LinkedIn seine Story-Funktion eingef\u00fchrt. Wie kommt das Feature bisher beim doch erstmal eher konservativen B2B-Publikum an und wie wird es genutzt? Das schauen wir uns jetzt mal genauer an.<\/p>\n","protected":false},"author":6,"featured_media":19463,"comment_status":"closed","ping_status":"open","sticky":false,"template":"","format":"standard","meta":{"_et_pb_use_builder":"","_et_pb_old_content":"","_et_gb_content_width":"","inline_featured_image":false,"footnotes":""},"categories":[2827],"tags":[62,1198,1384,65,1205,1964,1965],"class_list":["post-19460","post","type-post","status-publish","format-standard","has-post-thumbnail","hentry","category-cultundcomm","tag-b2b","tag-b2b-kommunikation","tag-b2b-unternehmenskommunikation","tag-blog","tag-linkedin","tag-story","tag-story-funktion"],"yoast_head":"<!-- This site is optimized with the Yoast SEO Premium plugin v25.3 (Yoast SEO v27.5) - https:\/\/yoast.com\/product\/yoast-seo-premium-wordpress\/ -->\n<title>LinkedIn Stories f\u00fcr die B2B-Unternehmenskommunikation?<\/title>\n<meta name=\"description\" content=\"Im Oktober 2020 hat LinkedIn seine Story-Funktion eingef\u00fchrt. Wie kommt das Feature bisher an und wie wird es genutzt?\" \/>\n<meta name=\"robots\" content=\"index, follow, max-snippet:-1, max-image-preview:large, max-video-preview:-1\" \/>\n<link rel=\"canonical\" href=\"https:\/\/althallercommunication.de\/linkedin-stories-fuer-die-b2b-kommunikation\/\" \/>\n<meta property=\"og:locale\" content=\"en_US\" \/>\n<meta property=\"og:type\" content=\"article\" \/>\n<meta property=\"og:title\" content=\"LinkedIn Stories f\u00fcr die B2B-Kommunikation?\" \/>\n<meta property=\"og:description\" content=\"Im Oktober 2020 hat LinkedIn seine Story-Funktion eingef\u00fchrt. Wie kommt das Feature bisher an und wie wird es genutzt?\" \/>\n<meta property=\"og:url\" content=\"https:\/\/althallercommunication.de\/linkedin-stories-fuer-die-b2b-kommunikation\/\" \/>\n<meta property=\"og:site_name\" content=\"althaller communication\" \/>\n<meta property=\"article:publisher\" content=\"https:\/\/www.facebook.com\/althallercommunication\" \/>\n<meta property=\"article:published_time\" content=\"2021-01-15T08:00:01+00:00\" \/>\n<meta property=\"article:modified_time\" content=\"2023-12-14T10:38:34+00:00\" \/>\n<meta property=\"og:image\" content=\"https:\/\/althallercommunication.de\/wp-content\/uploads\/2020\/06\/social-1834011_1280.png\" \/>\n\t<meta property=\"og:image:width\" content=\"1280\" \/>\n\t<meta property=\"og:image:height\" content=\"1280\" \/>\n\t<meta property=\"og:image:type\" content=\"image\/png\" \/>\n<meta name=\"author\" content=\"Jacqueline Althaller\" \/>\n<meta name=\"twitter:card\" content=\"summary_large_image\" \/>\n<meta name=\"twitter:creator\" content=\"@ALTHALLERcom\" \/>\n<meta name=\"twitter:site\" content=\"@ALTHALLERcom\" \/>\n<meta name=\"twitter:label1\" content=\"Written by\" \/>\n\t<meta name=\"twitter:data1\" content=\"Jacqueline Althaller\" \/>\n\t<meta name=\"twitter:label2\" content=\"Est. reading time\" \/>\n\t<meta name=\"twitter:data2\" content=\"3 minutes\" \/>\n<script type=\"application\/ld+json\" class=\"yoast-schema-graph\">{\"@context\":\"https:\\\/\\\/schema.org\",\"@graph\":[{\"@type\":\"Article\",\"@id\":\"https:\\\/\\\/althallercommunication.de\\\/linkedin-stories-fuer-die-b2b-kommunikation\\\/#article\",\"isPartOf\":{\"@id\":\"https:\\\/\\\/althallercommunication.de\\\/linkedin-stories-fuer-die-b2b-kommunikation\\\/\"},\"author\":{\"name\":\"Jacqueline Althaller\",\"@id\":\"https:\\\/\\\/althallercommunication.de\\\/#\\\/schema\\\/person\\\/4ca72b5e8d0bebc1f9b3061e463e32ee\"},\"headline\":\"LinkedIn Stories f\u00fcr die B2B-Kommunikation?\",\"datePublished\":\"2021-01-15T08:00:01+00:00\",\"dateModified\":\"2023-12-14T10:38:34+00:00\",\"mainEntityOfPage\":{\"@id\":\"https:\\\/\\\/althallercommunication.de\\\/linkedin-stories-fuer-die-b2b-kommunikation\\\/\"},\"wordCount\":595,\"publisher\":{\"@id\":\"https:\\\/\\\/althallercommunication.de\\\/#organization\"},\"image\":{\"@id\":\"https:\\\/\\\/althallercommunication.de\\\/linkedin-stories-fuer-die-b2b-kommunikation\\\/#primaryimage\"},\"thumbnailUrl\":\"https:\\\/\\\/althallercommunication.de\\\/wp-content\\\/uploads\\\/2020\\\/06\\\/social-1834011_1280.png\",\"keywords\":[\"B2B\",\"B2B Kommunikation\",\"B2B-Unternehmenskommunikation\",\"Blog\",\"LinkedIn\",\"Story\",\"Story-Funktion\"],\"articleSection\":[\"cultundcomm\"],\"inLanguage\":\"en-US\"},{\"@type\":\"WebPage\",\"@id\":\"https:\\\/\\\/althallercommunication.de\\\/linkedin-stories-fuer-die-b2b-kommunikation\\\/\",\"url\":\"https:\\\/\\\/althallercommunication.de\\\/linkedin-stories-fuer-die-b2b-kommunikation\\\/\",\"name\":\"LinkedIn Stories f\u00fcr die B2B-Unternehmenskommunikation?\",\"isPartOf\":{\"@id\":\"https:\\\/\\\/althallercommunication.de\\\/#website\"},\"primaryImageOfPage\":{\"@id\":\"https:\\\/\\\/althallercommunication.de\\\/linkedin-stories-fuer-die-b2b-kommunikation\\\/#primaryimage\"},\"image\":{\"@id\":\"https:\\\/\\\/althallercommunication.de\\\/linkedin-stories-fuer-die-b2b-kommunikation\\\/#primaryimage\"},\"thumbnailUrl\":\"https:\\\/\\\/althallercommunication.de\\\/wp-content\\\/uploads\\\/2020\\\/06\\\/social-1834011_1280.png\",\"datePublished\":\"2021-01-15T08:00:01+00:00\",\"dateModified\":\"2023-12-14T10:38:34+00:00\",\"description\":\"Im Oktober 2020 hat LinkedIn seine Story-Funktion eingef\u00fchrt. Wie kommt das Feature bisher an und wie wird es genutzt?\",\"breadcrumb\":{\"@id\":\"https:\\\/\\\/althallercommunication.de\\\/linkedin-stories-fuer-die-b2b-kommunikation\\\/#breadcrumb\"},\"inLanguage\":\"en-US\",\"potentialAction\":[{\"@type\":\"ReadAction\",\"target\":[\"https:\\\/\\\/althallercommunication.de\\\/linkedin-stories-fuer-die-b2b-kommunikation\\\/\"]}]},{\"@type\":\"ImageObject\",\"inLanguage\":\"en-US\",\"@id\":\"https:\\\/\\\/althallercommunication.de\\\/linkedin-stories-fuer-die-b2b-kommunikation\\\/#primaryimage\",\"url\":\"https:\\\/\\\/althallercommunication.de\\\/wp-content\\\/uploads\\\/2020\\\/06\\\/social-1834011_1280.png\",\"contentUrl\":\"https:\\\/\\\/althallercommunication.de\\\/wp-content\\\/uploads\\\/2020\\\/06\\\/social-1834011_1280.png\",\"width\":1280,\"height\":1280},{\"@type\":\"BreadcrumbList\",\"@id\":\"https:\\\/\\\/althallercommunication.de\\\/linkedin-stories-fuer-die-b2b-kommunikation\\\/#breadcrumb\",\"itemListElement\":[{\"@type\":\"ListItem\",\"position\":1,\"name\":\"Startseite\",\"item\":\"https:\\\/\\\/althallercommunication.de\\\/en\\\/\"},{\"@type\":\"ListItem\",\"position\":2,\"name\":\"LinkedIn Stories f\u00fcr die B2B-Kommunikation?\"}]},{\"@type\":\"WebSite\",\"@id\":\"https:\\\/\\\/althallercommunication.de\\\/#website\",\"url\":\"https:\\\/\\\/althallercommunication.de\\\/\",\"name\":\"althaller communication\",\"description\":\"Martkommunikation B2B\",\"publisher\":{\"@id\":\"https:\\\/\\\/althallercommunication.de\\\/#organization\"},\"potentialAction\":[{\"@type\":\"SearchAction\",\"target\":{\"@type\":\"EntryPoint\",\"urlTemplate\":\"https:\\\/\\\/althallercommunication.de\\\/?s={search_term_string}\"},\"query-input\":{\"@type\":\"PropertyValueSpecification\",\"valueRequired\":true,\"valueName\":\"search_term_string\"}}],\"inLanguage\":\"en-US\"},{\"@type\":\"Organization\",\"@id\":\"https:\\\/\\\/althallercommunication.de\\\/#organization\",\"name\":\"ALTHALLER communication\",\"url\":\"https:\\\/\\\/althallercommunication.de\\\/\",\"logo\":{\"@type\":\"ImageObject\",\"inLanguage\":\"en-US\",\"@id\":\"https:\\\/\\\/althallercommunication.de\\\/#\\\/schema\\\/logo\\\/image\\\/\",\"url\":\"https:\\\/\\\/althallercommunication.de\\\/wp-content\\\/uploads\\\/2023\\\/12\\\/althaller_comm_b.png\",\"contentUrl\":\"https:\\\/\\\/althallercommunication.de\\\/wp-content\\\/uploads\\\/2023\\\/12\\\/althaller_comm_b.png\",\"width\":464,\"height\":110,\"caption\":\"ALTHALLER communication\"},\"image\":{\"@id\":\"https:\\\/\\\/althallercommunication.de\\\/#\\\/schema\\\/logo\\\/image\\\/\"},\"sameAs\":[\"https:\\\/\\\/www.facebook.com\\\/althallercommunication\",\"https:\\\/\\\/x.com\\\/ALTHALLERcom\",\"https:\\\/\\\/www.linkedin.com\\\/company\\\/3332596?trk=tyah&amp;amp;amp;trkInfo=tas:COMMUNICATION Presse und PR,idx:1-1-1\"]},{\"@type\":\"Person\",\"@id\":\"https:\\\/\\\/althallercommunication.de\\\/#\\\/schema\\\/person\\\/4ca72b5e8d0bebc1f9b3061e463e32ee\",\"name\":\"Jacqueline Althaller\",\"image\":{\"@type\":\"ImageObject\",\"inLanguage\":\"en-US\",\"@id\":\"https:\\\/\\\/secure.gravatar.com\\\/avatar\\\/2e8cdf7784b763130efe210406ba46634d04913cf12c46cf98b2799d6da47211?s=96&d=mm&r=g\",\"url\":\"https:\\\/\\\/secure.gravatar.com\\\/avatar\\\/2e8cdf7784b763130efe210406ba46634d04913cf12c46cf98b2799d6da47211?s=96&d=mm&r=g\",\"contentUrl\":\"https:\\\/\\\/secure.gravatar.com\\\/avatar\\\/2e8cdf7784b763130efe210406ba46634d04913cf12c46cf98b2799d6da47211?s=96&d=mm&r=g\",\"caption\":\"Jacqueline Althaller\"},\"description\":\"$$$2021hmb8hzb4MD\",\"url\":\"https:\\\/\\\/althallercommunication.de\\\/en\\\/author\\\/jacqueline-althaller\\\/\"}]}<\/script>\n<!-- \/ Yoast SEO Premium plugin. -->","yoast_head_json":{"title":"LinkedIn Stories f\u00fcr die B2B-Unternehmenskommunikation?","description":"Im Oktober 2020 hat LinkedIn seine Story-Funktion eingef\u00fchrt. Wie kommt das Feature bisher an und wie wird es genutzt?","robots":{"index":"index","follow":"follow","max-snippet":"max-snippet:-1","max-image-preview":"max-image-preview:large","max-video-preview":"max-video-preview:-1"},"canonical":"https:\/\/althallercommunication.de\/linkedin-stories-fuer-die-b2b-kommunikation\/","og_locale":"en_US","og_type":"article","og_title":"LinkedIn Stories f\u00fcr die B2B-Kommunikation?","og_description":"Im Oktober 2020 hat LinkedIn seine Story-Funktion eingef\u00fchrt. Wie kommt das Feature bisher an und wie wird es genutzt?","og_url":"https:\/\/althallercommunication.de\/linkedin-stories-fuer-die-b2b-kommunikation\/","og_site_name":"althaller communication","article_publisher":"https:\/\/www.facebook.com\/althallercommunication","article_published_time":"2021-01-15T08:00:01+00:00","article_modified_time":"2023-12-14T10:38:34+00:00","og_image":[{"width":1280,"height":1280,"url":"https:\/\/althallercommunication.de\/wp-content\/uploads\/2020\/06\/social-1834011_1280.png","type":"image\/png"}],"author":"Jacqueline Althaller","twitter_card":"summary_large_image","twitter_creator":"@ALTHALLERcom","twitter_site":"@ALTHALLERcom","twitter_misc":{"Written by":"Jacqueline Althaller","Est. reading time":"3 minutes"},"schema":{"@context":"https:\/\/schema.org","@graph":[{"@type":"Article","@id":"https:\/\/althallercommunication.de\/linkedin-stories-fuer-die-b2b-kommunikation\/#article","isPartOf":{"@id":"https:\/\/althallercommunication.de\/linkedin-stories-fuer-die-b2b-kommunikation\/"},"author":{"name":"Jacqueline Althaller","@id":"https:\/\/althallercommunication.de\/#\/schema\/person\/4ca72b5e8d0bebc1f9b3061e463e32ee"},"headline":"LinkedIn Stories f\u00fcr die B2B-Kommunikation?","datePublished":"2021-01-15T08:00:01+00:00","dateModified":"2023-12-14T10:38:34+00:00","mainEntityOfPage":{"@id":"https:\/\/althallercommunication.de\/linkedin-stories-fuer-die-b2b-kommunikation\/"},"wordCount":595,"publisher":{"@id":"https:\/\/althallercommunication.de\/#organization"},"image":{"@id":"https:\/\/althallercommunication.de\/linkedin-stories-fuer-die-b2b-kommunikation\/#primaryimage"},"thumbnailUrl":"https:\/\/althallercommunication.de\/wp-content\/uploads\/2020\/06\/social-1834011_1280.png","keywords":["B2B","B2B Kommunikation","B2B-Unternehmenskommunikation","Blog","LinkedIn","Story","Story-Funktion"],"articleSection":["cultundcomm"],"inLanguage":"en-US"},{"@type":"WebPage","@id":"https:\/\/althallercommunication.de\/linkedin-stories-fuer-die-b2b-kommunikation\/","url":"https:\/\/althallercommunication.de\/linkedin-stories-fuer-die-b2b-kommunikation\/","name":"LinkedIn Stories f\u00fcr die B2B-Unternehmenskommunikation?","isPartOf":{"@id":"https:\/\/althallercommunication.de\/#website"},"primaryImageOfPage":{"@id":"https:\/\/althallercommunication.de\/linkedin-stories-fuer-die-b2b-kommunikation\/#primaryimage"},"image":{"@id":"https:\/\/althallercommunication.de\/linkedin-stories-fuer-die-b2b-kommunikation\/#primaryimage"},"thumbnailUrl":"https:\/\/althallercommunication.de\/wp-content\/uploads\/2020\/06\/social-1834011_1280.png","datePublished":"2021-01-15T08:00:01+00:00","dateModified":"2023-12-14T10:38:34+00:00","description":"Im Oktober 2020 hat LinkedIn seine Story-Funktion eingef\u00fchrt. Wie kommt das Feature bisher an und wie wird es genutzt?","breadcrumb":{"@id":"https:\/\/althallercommunication.de\/linkedin-stories-fuer-die-b2b-kommunikation\/#breadcrumb"},"inLanguage":"en-US","potentialAction":[{"@type":"ReadAction","target":["https:\/\/althallercommunication.de\/linkedin-stories-fuer-die-b2b-kommunikation\/"]}]},{"@type":"ImageObject","inLanguage":"en-US","@id":"https:\/\/althallercommunication.de\/linkedin-stories-fuer-die-b2b-kommunikation\/#primaryimage","url":"https:\/\/althallercommunication.de\/wp-content\/uploads\/2020\/06\/social-1834011_1280.png","contentUrl":"https:\/\/althallercommunication.de\/wp-content\/uploads\/2020\/06\/social-1834011_1280.png","width":1280,"height":1280},{"@type":"BreadcrumbList","@id":"https:\/\/althallercommunication.de\/linkedin-stories-fuer-die-b2b-kommunikation\/#breadcrumb","itemListElement":[{"@type":"ListItem","position":1,"name":"Startseite","item":"https:\/\/althallercommunication.de\/en\/"},{"@type":"ListItem","position":2,"name":"LinkedIn Stories f\u00fcr die B2B-Kommunikation?"}]},{"@type":"WebSite","@id":"https:\/\/althallercommunication.de\/#website","url":"https:\/\/althallercommunication.de\/","name":"althaller communication","description":"Martkommunikation B2B","publisher":{"@id":"https:\/\/althallercommunication.de\/#organization"},"potentialAction":[{"@type":"SearchAction","target":{"@type":"EntryPoint","urlTemplate":"https:\/\/althallercommunication.de\/?s={search_term_string}"},"query-input":{"@type":"PropertyValueSpecification","valueRequired":true,"valueName":"search_term_string"}}],"inLanguage":"en-US"},{"@type":"Organization","@id":"https:\/\/althallercommunication.de\/#organization","name":"ALTHALLER communication","url":"https:\/\/althallercommunication.de\/","logo":{"@type":"ImageObject","inLanguage":"en-US","@id":"https:\/\/althallercommunication.de\/#\/schema\/logo\/image\/","url":"https:\/\/althallercommunication.de\/wp-content\/uploads\/2023\/12\/althaller_comm_b.png","contentUrl":"https:\/\/althallercommunication.de\/wp-content\/uploads\/2023\/12\/althaller_comm_b.png","width":464,"height":110,"caption":"ALTHALLER communication"},"image":{"@id":"https:\/\/althallercommunication.de\/#\/schema\/logo\/image\/"},"sameAs":["https:\/\/www.facebook.com\/althallercommunication","https:\/\/x.com\/ALTHALLERcom","https:\/\/www.linkedin.com\/company\/3332596?trk=tyah&amp;amp;amp;trkInfo=tas:COMMUNICATION Presse und PR,idx:1-1-1"]},{"@type":"Person","@id":"https:\/\/althallercommunication.de\/#\/schema\/person\/4ca72b5e8d0bebc1f9b3061e463e32ee","name":"Jacqueline Althaller","image":{"@type":"ImageObject","inLanguage":"en-US","@id":"https:\/\/secure.gravatar.com\/avatar\/2e8cdf7784b763130efe210406ba46634d04913cf12c46cf98b2799d6da47211?s=96&d=mm&r=g","url":"https:\/\/secure.gravatar.com\/avatar\/2e8cdf7784b763130efe210406ba46634d04913cf12c46cf98b2799d6da47211?s=96&d=mm&r=g","contentUrl":"https:\/\/secure.gravatar.com\/avatar\/2e8cdf7784b763130efe210406ba46634d04913cf12c46cf98b2799d6da47211?s=96&d=mm&r=g","caption":"Jacqueline Althaller"},"description":"$$$2021hmb8hzb4MD","url":"https:\/\/althallercommunication.de\/en\/author\/jacqueline-althaller\/"}]}},"_links":{"self":[{"href":"https:\/\/althallercommunication.de\/en\/wp-json\/wp\/v2\/posts\/19460","targetHints":{"allow":["GET"]}}],"collection":[{"href":"https:\/\/althallercommunication.de\/en\/wp-json\/wp\/v2\/posts"}],"about":[{"href":"https:\/\/althallercommunication.de\/en\/wp-json\/wp\/v2\/types\/post"}],"author":[{"embeddable":true,"href":"https:\/\/althallercommunication.de\/en\/wp-json\/wp\/v2\/users\/6"}],"replies":[{"embeddable":true,"href":"https:\/\/althallercommunication.de\/en\/wp-json\/wp\/v2\/comments?post=19460"}],"version-history":[{"count":1,"href":"https:\/\/althallercommunication.de\/en\/wp-json\/wp\/v2\/posts\/19460\/revisions"}],"predecessor-version":[{"id":19465,"href":"https:\/\/althallercommunication.de\/en\/wp-json\/wp\/v2\/posts\/19460\/revisions\/19465"}],"wp:featuredmedia":[{"embeddable":true,"href":"https:\/\/althallercommunication.de\/en\/wp-json\/wp\/v2\/media\/19463"}],"wp:attachment":[{"href":"https:\/\/althallercommunication.de\/en\/wp-json\/wp\/v2\/media?parent=19460"}],"wp:term":[{"taxonomy":"category","embeddable":true,"href":"https:\/\/althallercommunication.de\/en\/wp-json\/wp\/v2\/categories?post=19460"},{"taxonomy":"post_tag","embeddable":true,"href":"https:\/\/althallercommunication.de\/en\/wp-json\/wp\/v2\/tags?post=19460"}],"curies":[{"name":"wp","href":"https:\/\/api.w.org\/{rel}","templated":true}]}}