{"id":21844,"date":"2021-09-23T13:28:55","date_gmt":"2021-09-23T11:28:55","guid":{"rendered":"https:\/\/www.althallercommunication.de\/?p=21844"},"modified":"2024-03-02T10:51:56","modified_gmt":"2024-03-02T09:51:56","slug":"ccv-stellt-zukunft-des-bezahlens-auf-vendtra-in-muenchen-vor","status":"publish","type":"post","link":"https:\/\/althallercommunication.de\/en\/ccv-stellt-zukunft-des-bezahlens-auf-vendtra-in-muenchen-vor\/","title":{"rendered":"CCV stellt \u201eZukunft des Bezahlens\u201c auf Vendtra in M\u00fcnchen vor"},"content":{"rendered":"<p><\/p>\n<p><strong>M\u00fcnchen \/ Au i.d. Hallertau, den 23. September 2021 \u2013 Vending, also das Gesch\u00e4ft mittels Verkaufsautomaten, ist einer der am st\u00e4rksten wachsenden M\u00e4rkte europaweit. Die Corona-Pandemie hat diesem Wachstum noch einen zus\u00e4tzlichen Schub verliehen. Kontaktloses Bezahlen gilt laut einer Studie der EVA (European Vending Association) als die aktuell wichtigste Investition und Chance. Auf der kommenden Messe \u201eVendtra\u201c am 29.-30. September in M\u00fcnchen, wird CCV die Zukunft des Bezahlens am Automaten mit dem neuen Androidbasierten Terminal CCV IM30 vorstellen.<\/strong><\/p>\n<p>Mittlerweile gibt es rund eine halbe Million Getr\u00e4nke- und Verpflegungsautomaten in Deutschland mit einem j\u00e4hrlichen Umsatz von rund zwei Milliarden Euro, wie der Bundesverband der Vending Branche mitteilt. In Deutschland werden t\u00e4glich rund 15 Millionen Getr\u00e4nke und Snacks aus Automaten konsumiert. Ein Spitzenwert im europ\u00e4ischen Vergleich.<\/p>\n<p>CCV ist einer der Pioniere im Payment f\u00fcr Self-Service und hat bereits 2004 eines der ersten unbedienten Terminals auf den Markt gebracht. Torben Dankers, Sales Lead Vending der CCV erl\u00e4utert: \u201eWir greifen an unserem Stand einen der gro\u00dfen Trends der Branche auf \u2013 die Micro Markets. Remote Working mit Home Office haben zu einem Umdenken in der Mitarbeiterverpflegung gef\u00fchrt. Auf lange Sicht werden gro\u00dfe Kantinen und Mensen sukzessive durch Micro Market Systeme erg\u00e4nzt oder gar ersetzt werden. Das Bezahlen muss auch hier entsprechend funktionieren \u2013 kontaktlos und einfach. Spezielle Kassen-Apps direkt auf dem Paymentterminal CCV IM30 f\u00fchren den Nutzer intuitiv und schnell durch den Bestell- und Bezahlablauf.\u201c<\/p>\n<p>Auch ein zweiter Trend, die sogenannten \u201eFarming-Automaten\u201c, ist Thema am Stand von CCV. Viel h\u00e4ufiger als beim Discounter sind Lebensmittelautomaten bei landwirtschaftlichen Direktvermarktern in ganz Deutschland anzutreffen. Frisch, regional und nachhaltig \u2013 an immer mehr Automaten k\u00f6nnen Verbraucher 24\/7 auf frische Produkte der regionalen Dienstleister zur\u00fcckgreifen. Kontaktloses Bezahlen ist ein entscheidender Wettbewerbsvorteil f\u00fcr den Anbieter, der auch spontane Zusatzk\u00e4ufe ohne Kleingeldwechsel sichert. CCV bedient diesen Markt mit modernen L\u00f6sungen, die sich durch die schnelle Integrierbarkeit und Vielfalt an Bezahlm\u00f6glichkeiten schnell auszahlen.<\/p>\n<p><strong>\u00dcber die CCV GmbH<\/strong><\/p>\n<p>CCV ist ein Pionier des bargeldlosen Bezahlens (im Bereich Zahlungsverkehrs-l\u00f6sungen und Transaktionsverarbeitung). Das Unternehmen setzt seit seiner Gr\u00fcndung im Jahre 1958 stets aufs Neue Ma\u00dfst\u00e4be im Payment-Markt und deckt heute mit Omni-Channel-L\u00f6sungen die gesamte Customer Journey ab. F\u00fcr seine internationalen Gro\u00dfkunden aus den Bereichen Netzbetriebe, Retail, Hotellerie, Vending, EV-Charging und Mobility entwickelt CCV individuelle, ma\u00dfgeschneiderte Payment-L\u00f6sungen. Auf Grundlage ihres Ansatzes \u201eLet\u2019s make payment happen\u201c bietet CCV ein Produkt- und Dienstleistungsportfolio an, das den bargeldlosen Point-of-Sale inklusive der Online-Touchpoints als Mittelpunkt eines gesamten \u00d6kosystems versteht. CCV ist ein in Familienbesitz international t\u00e4tiger Anbieter, der seine Kunden in \u00fcber 24 L\u00e4ndern betreut. Der Payment Solution Provider fokussiert sich darauf, erste Wahl unter den Anbietern von Omni-Channel-Paymentl\u00f6sungen f\u00fcr Gro\u00dfkunden in einem vordefinierten Marktumfeld zu werden.<\/p>\n<p>Mehr unter <a href=\"http:\/\/www.ccv.eu\">www.ccv.eu<\/a><\/p>\n<p><strong>Pressekontakt CCV<\/strong><\/p>\n<p>CCV GmbH<br \/>\nSusanne Kohlhofer<br \/>\nCorporate Communication Lead<\/p>\n<p>T. +49 8752 864-437<br \/>\nE. <a href=\"mailto:s.kohlhofer@ccv.eu\">s.kohlhofer@ccv.eu<\/a><\/p>\n<p>PI zum Download<\/p>\n<p><\/p>\n<p>Bildmaterial<\/p>\n<p>https:\/\/althallercommunication.de\/wp-content\/uploads\/2021\/09\/Torben-Dankers_Portrait.jpg<\/p>\n<p>\u201eWir greifen an unserem Stand einen der gro\u00dfen Trends der Branche auf die Micro Markets. Remote Working mit Home Office haben zu einem Umdenken in der Mitarbeiterverpflegung gef\u00fchrt. Das Bezahlen muss auch hier entsprechend funktionieren &#8211; kontaktlos und einfach&#8221;, erl\u00e4utert Torben Dankers die Bedeutung von Vending.<\/p>\n<p>W2Z1c2lvbl9idXR0b24gbGluaz0mcXVvdDtqYXZhc2NyaXB0Omhpc3RvcnkuYmFjaygpJnF1b3Q7IHRpdGxlPSZxdW90OyZxdW90OyB0YXJnZXQ9JnF1b3Q7X3NlbGYmcXVvdDsgYWxpZ25tZW50PSZxdW90O2NlbnRlciZxdW90OyBtb2RhbD0mcXVvdDsmcXVvdDsgaGlkZV9vbl9tb2JpbGU9JnF1b3Q7c21hbGwtdmlzaWJpbGl0eSxtZWRpdW0tdmlzaWJpbGl0eSxsYXJnZS12aXNpYmlsaXR5JnF1b3Q7IGNsYXNzPSZxdW90OyZxdW90OyBpZD0mcXVvdDsmcXVvdDsgY29sb3I9JnF1b3Q7ZGVmYXVsdCZxdW90OyBidXR0b25fZ3JhZGllbnRfdG9wX2NvbG9yPSZxdW90OyZxdW90OyBidXR0b25fZ3JhZGllbnRfYm90dG9tX2NvbG9yPSZxdW90OyZxdW90OyBidXR0b25fZ3JhZGllbnRfdG9wX2NvbG9yX2hvdmVyPSZxdW90OyZxdW90OyBidXR0b25fZ3JhZGllbnRfYm90dG9tX2NvbG9yX2hvdmVyPSZxdW90OyZxdW90OyBhY2NlbnRfY29sb3I9JnF1b3Q7JnF1b3Q7IGFjY2VudF9ob3Zlcl9jb2xvcj0mcXVvdDsmcXVvdDsgdHlwZT0mcXVvdDsmcXVvdDsgYmV2ZWxfY29sb3I9JnF1b3Q7JnF1b3Q7IGJvcmRlcl93aWR0aD0mcXVvdDsmcXVvdDsgc2l6ZT0mcXVvdDttZWRpdW0mcXVvdDsgc3RyZXRjaD0mcXVvdDtkZWZhdWx0JnF1b3Q7IHNoYXBlPSZxdW90O3JvdW5kJnF1b3Q7IGljb249JnF1b3Q7ZmEtY2hldnJvbi1sZWZ0JnF1b3Q7IGljb25fcG9zaXRpb249JnF1b3Q7bGVmdCZxdW90OyBpY29uX2RpdmlkZXI9JnF1b3Q7bm8mcXVvdDsgYW5pbWF0aW9uX3R5cGU9JnF1b3Q7JnF1b3Q7IGFuaW1hdGlvbl9kaXJlY3Rpb249JnF1b3Q7bGVmdCZxdW90OyBhbmltYXRpb25fc3BlZWQ9JnF1b3Q7MC4zJnF1b3Q7IGFuaW1hdGlvbl9vZmZzZXQ9JnF1b3Q7JnF1b3Q7XXp1csO8Y2tbL2Z1c2lvbl9idXR0b25d<\/p>\n<p>Pressekontakt und Redaktion<br \/>\n<strong>Jacqueline Althaller<br \/>\n<\/strong>ALTHALLER communication GbR<br \/>\nElisabethstra\u00dfe 13<br \/>\n80796 M\u00fcnchen<\/p>\n<p><em>Bildmaterial stellen wir auf Wunsch gerne zur Verf\u00fcgung.<\/em><\/p>\n<p><\/p>\n<p>+49 (0) 89 38 66 52 61<\/p>\n<p><\/p>\n<p>+49 (0) 89 38 66 52 75<\/p>\n<p><\/p>\n<p><a href=\"mailto:info@althallercommunication.de\">info@althallercommunication.de<\/a><\/p>\n<p><\/p>\n<p><a href=\"https:\/\/althallercommunication.de\/\">www.althallercommunication.de<\/a><\/p>\n<p><\/p>\n","protected":false},"excerpt":{"rendered":"<p><strong>CCV GmbH<\/strong> | M\u00fcnchen \/ Au i.d. Hallertau: <\/br> 23. September 2021: Auf der kommenden Messe \u201eVendtra\u201c am 29.- 30. September in M\u00fcnchen, stellt CCV die Zukunft des Bezahlens vor. Die Corona-Pandemie hat diesem Wachstum noch einen zus\u00e4tzlichen Schub verliehen. <\/p>\n","protected":false},"author":6,"featured_media":0,"comment_status":"closed","ping_status":"open","sticky":false,"template":"","format":"standard","meta":{"_et_pb_use_builder":"","_et_pb_old_content":"","_et_gb_content_width":"","inline_featured_image":false,"footnotes":""},"categories":[2749,2765,2756,2751,2758],"tags":[1960,2039,212,1169,1643,1408,2282],"class_list":["post-21844","post","type-post","status-publish","format-standard","hentry","category-ecommerce-retail","category-klassische-pressearbeit","category-kunden-in-den-medien","category-payment-finance","category-pressemeldungen","tag-ccv","tag-ccv-gmbh","tag-pos","tag-pos-terminal","tag-pos-zahlung","tag-pos-zahlungen","tag-vending"],"yoast_head":"<!-- This site is optimized with the Yoast SEO Premium plugin v25.3 (Yoast SEO v27.5) - https:\/\/yoast.com\/product\/yoast-seo-premium-wordpress\/ -->\n<title>CCV stellt \u201eZukunft des Bezahlens\u201c auf Vendtra in M\u00fcnchen vor<\/title>\n<meta name=\"description\" content=\"Auf der kommenden Messe \u201eVendtra\u201c am 29.- 30. September in M\u00fcnchen, stellt CCV die Zukunft des Bezahlens vor. Die Corona-Pandemie hat diesem Wachstum noch einen zus\u00e4tzlichen Schub verliehen.\" \/>\n<meta name=\"robots\" content=\"index, follow, max-snippet:-1, max-image-preview:large, max-video-preview:-1\" \/>\n<link rel=\"canonical\" href=\"https:\/\/althallercommunication.de\/ccv-stellt-zukunft-des-bezahlens-auf-vendtra-in-muenchen-vor\/\" \/>\n<meta property=\"og:locale\" content=\"en_US\" \/>\n<meta property=\"og:type\" content=\"article\" \/>\n<meta property=\"og:title\" content=\"CCV stellt \u201eZukunft des Bezahlens\u201c auf Vendtra in M\u00fcnchen vor\" \/>\n<meta property=\"og:description\" content=\"Auf der kommenden Messe \u201eVendtra\u201c am 29.- 30. September in M\u00fcnchen, stellt CCV die Zukunft des Bezahlens vor. Die Corona-Pandemie hat diesem Wachstum noch einen zus\u00e4tzlichen Schub verliehen.\" \/>\n<meta property=\"og:url\" content=\"https:\/\/althallercommunication.de\/ccv-stellt-zukunft-des-bezahlens-auf-vendtra-in-muenchen-vor\/\" \/>\n<meta property=\"og:site_name\" content=\"althaller communication\" \/>\n<meta property=\"article:publisher\" content=\"https:\/\/www.facebook.com\/althallercommunication\" \/>\n<meta property=\"article:published_time\" content=\"2021-09-23T11:28:55+00:00\" \/>\n<meta property=\"article:modified_time\" content=\"2024-03-02T09:51:56+00:00\" \/>\n<meta name=\"author\" content=\"Jacqueline Althaller\" \/>\n<meta name=\"twitter:card\" content=\"summary_large_image\" \/>\n<meta name=\"twitter:creator\" content=\"@ALTHALLERcom\" \/>\n<meta name=\"twitter:site\" content=\"@ALTHALLERcom\" \/>\n<meta name=\"twitter:label1\" content=\"Written by\" \/>\n\t<meta name=\"twitter:data1\" content=\"Jacqueline Althaller\" \/>\n\t<meta name=\"twitter:label2\" content=\"Est. reading time\" \/>\n\t<meta name=\"twitter:data2\" content=\"4 minutes\" \/>\n<script type=\"application\/ld+json\" class=\"yoast-schema-graph\">{\"@context\":\"https:\\\/\\\/schema.org\",\"@graph\":[{\"@type\":\"Article\",\"@id\":\"https:\\\/\\\/althallercommunication.de\\\/ccv-stellt-zukunft-des-bezahlens-auf-vendtra-in-muenchen-vor\\\/#article\",\"isPartOf\":{\"@id\":\"https:\\\/\\\/althallercommunication.de\\\/ccv-stellt-zukunft-des-bezahlens-auf-vendtra-in-muenchen-vor\\\/\"},\"author\":{\"name\":\"Jacqueline Althaller\",\"@id\":\"https:\\\/\\\/althallercommunication.de\\\/#\\\/schema\\\/person\\\/4ca72b5e8d0bebc1f9b3061e463e32ee\"},\"headline\":\"CCV stellt \u201eZukunft des Bezahlens\u201c auf Vendtra in M\u00fcnchen vor\",\"datePublished\":\"2021-09-23T11:28:55+00:00\",\"dateModified\":\"2024-03-02T09:51:56+00:00\",\"mainEntityOfPage\":{\"@id\":\"https:\\\/\\\/althallercommunication.de\\\/ccv-stellt-zukunft-des-bezahlens-auf-vendtra-in-muenchen-vor\\\/\"},\"wordCount\":1409,\"publisher\":{\"@id\":\"https:\\\/\\\/althallercommunication.de\\\/#organization\"},\"keywords\":[\"CCV\",\"CCV GmbH\",\"POS\",\"POS-Terminal\",\"POS-Zahlung\",\"POS-Zahlungen\",\"Vending\"],\"articleSection\":[\"Ecommerce &amp; Retail\",\"Klassische Pressearbeit\",\"Kunden\",\"Payment &amp; Finance\",\"Pressemeldungen\"],\"inLanguage\":\"en-US\"},{\"@type\":\"WebPage\",\"@id\":\"https:\\\/\\\/althallercommunication.de\\\/ccv-stellt-zukunft-des-bezahlens-auf-vendtra-in-muenchen-vor\\\/\",\"url\":\"https:\\\/\\\/althallercommunication.de\\\/ccv-stellt-zukunft-des-bezahlens-auf-vendtra-in-muenchen-vor\\\/\",\"name\":\"CCV stellt \u201eZukunft des Bezahlens\u201c auf Vendtra in M\u00fcnchen vor\",\"isPartOf\":{\"@id\":\"https:\\\/\\\/althallercommunication.de\\\/#website\"},\"datePublished\":\"2021-09-23T11:28:55+00:00\",\"dateModified\":\"2024-03-02T09:51:56+00:00\",\"description\":\"Auf der kommenden Messe \u201eVendtra\u201c am 29.- 30. September in M\u00fcnchen, stellt CCV die Zukunft des Bezahlens vor. Die Corona-Pandemie hat diesem Wachstum noch einen zus\u00e4tzlichen Schub verliehen.\",\"breadcrumb\":{\"@id\":\"https:\\\/\\\/althallercommunication.de\\\/ccv-stellt-zukunft-des-bezahlens-auf-vendtra-in-muenchen-vor\\\/#breadcrumb\"},\"inLanguage\":\"en-US\",\"potentialAction\":[{\"@type\":\"ReadAction\",\"target\":[\"https:\\\/\\\/althallercommunication.de\\\/ccv-stellt-zukunft-des-bezahlens-auf-vendtra-in-muenchen-vor\\\/\"]}]},{\"@type\":\"BreadcrumbList\",\"@id\":\"https:\\\/\\\/althallercommunication.de\\\/ccv-stellt-zukunft-des-bezahlens-auf-vendtra-in-muenchen-vor\\\/#breadcrumb\",\"itemListElement\":[{\"@type\":\"ListItem\",\"position\":1,\"name\":\"Startseite\",\"item\":\"https:\\\/\\\/althallercommunication.de\\\/en\\\/\"},{\"@type\":\"ListItem\",\"position\":2,\"name\":\"CCV stellt \u201eZukunft des Bezahlens\u201c auf Vendtra in M\u00fcnchen vor\"}]},{\"@type\":\"WebSite\",\"@id\":\"https:\\\/\\\/althallercommunication.de\\\/#website\",\"url\":\"https:\\\/\\\/althallercommunication.de\\\/\",\"name\":\"althaller communication\",\"description\":\"Martkommunikation B2B\",\"publisher\":{\"@id\":\"https:\\\/\\\/althallercommunication.de\\\/#organization\"},\"potentialAction\":[{\"@type\":\"SearchAction\",\"target\":{\"@type\":\"EntryPoint\",\"urlTemplate\":\"https:\\\/\\\/althallercommunication.de\\\/?s={search_term_string}\"},\"query-input\":{\"@type\":\"PropertyValueSpecification\",\"valueRequired\":true,\"valueName\":\"search_term_string\"}}],\"inLanguage\":\"en-US\"},{\"@type\":\"Organization\",\"@id\":\"https:\\\/\\\/althallercommunication.de\\\/#organization\",\"name\":\"ALTHALLER communication\",\"url\":\"https:\\\/\\\/althallercommunication.de\\\/\",\"logo\":{\"@type\":\"ImageObject\",\"inLanguage\":\"en-US\",\"@id\":\"https:\\\/\\\/althallercommunication.de\\\/#\\\/schema\\\/logo\\\/image\\\/\",\"url\":\"https:\\\/\\\/althallercommunication.de\\\/wp-content\\\/uploads\\\/2023\\\/12\\\/althaller_comm_b.png\",\"contentUrl\":\"https:\\\/\\\/althallercommunication.de\\\/wp-content\\\/uploads\\\/2023\\\/12\\\/althaller_comm_b.png\",\"width\":464,\"height\":110,\"caption\":\"ALTHALLER communication\"},\"image\":{\"@id\":\"https:\\\/\\\/althallercommunication.de\\\/#\\\/schema\\\/logo\\\/image\\\/\"},\"sameAs\":[\"https:\\\/\\\/www.facebook.com\\\/althallercommunication\",\"https:\\\/\\\/x.com\\\/ALTHALLERcom\",\"https:\\\/\\\/www.linkedin.com\\\/company\\\/3332596?trk=tyah&amp;amp;amp;trkInfo=tas:COMMUNICATION Presse und PR,idx:1-1-1\"]},{\"@type\":\"Person\",\"@id\":\"https:\\\/\\\/althallercommunication.de\\\/#\\\/schema\\\/person\\\/4ca72b5e8d0bebc1f9b3061e463e32ee\",\"name\":\"Jacqueline Althaller\",\"image\":{\"@type\":\"ImageObject\",\"inLanguage\":\"en-US\",\"@id\":\"https:\\\/\\\/secure.gravatar.com\\\/avatar\\\/2e8cdf7784b763130efe210406ba46634d04913cf12c46cf98b2799d6da47211?s=96&d=mm&r=g\",\"url\":\"https:\\\/\\\/secure.gravatar.com\\\/avatar\\\/2e8cdf7784b763130efe210406ba46634d04913cf12c46cf98b2799d6da47211?s=96&d=mm&r=g\",\"contentUrl\":\"https:\\\/\\\/secure.gravatar.com\\\/avatar\\\/2e8cdf7784b763130efe210406ba46634d04913cf12c46cf98b2799d6da47211?s=96&d=mm&r=g\",\"caption\":\"Jacqueline Althaller\"},\"description\":\"$$$2021hmb8hzb4MD\",\"url\":\"https:\\\/\\\/althallercommunication.de\\\/en\\\/author\\\/jacqueline-althaller\\\/\"}]}<\/script>\n<!-- \/ Yoast SEO Premium plugin. -->","yoast_head_json":{"title":"CCV stellt \u201eZukunft des Bezahlens\u201c auf Vendtra in M\u00fcnchen vor","description":"Auf der kommenden Messe \u201eVendtra\u201c am 29.- 30. September in M\u00fcnchen, stellt CCV die Zukunft des Bezahlens vor. Die Corona-Pandemie hat diesem Wachstum noch einen zus\u00e4tzlichen Schub verliehen.","robots":{"index":"index","follow":"follow","max-snippet":"max-snippet:-1","max-image-preview":"max-image-preview:large","max-video-preview":"max-video-preview:-1"},"canonical":"https:\/\/althallercommunication.de\/ccv-stellt-zukunft-des-bezahlens-auf-vendtra-in-muenchen-vor\/","og_locale":"en_US","og_type":"article","og_title":"CCV stellt \u201eZukunft des Bezahlens\u201c auf Vendtra in M\u00fcnchen vor","og_description":"Auf der kommenden Messe \u201eVendtra\u201c am 29.- 30. September in M\u00fcnchen, stellt CCV die Zukunft des Bezahlens vor. Die Corona-Pandemie hat diesem Wachstum noch einen zus\u00e4tzlichen Schub verliehen.","og_url":"https:\/\/althallercommunication.de\/ccv-stellt-zukunft-des-bezahlens-auf-vendtra-in-muenchen-vor\/","og_site_name":"althaller communication","article_publisher":"https:\/\/www.facebook.com\/althallercommunication","article_published_time":"2021-09-23T11:28:55+00:00","article_modified_time":"2024-03-02T09:51:56+00:00","author":"Jacqueline Althaller","twitter_card":"summary_large_image","twitter_creator":"@ALTHALLERcom","twitter_site":"@ALTHALLERcom","twitter_misc":{"Written by":"Jacqueline Althaller","Est. reading time":"4 minutes"},"schema":{"@context":"https:\/\/schema.org","@graph":[{"@type":"Article","@id":"https:\/\/althallercommunication.de\/ccv-stellt-zukunft-des-bezahlens-auf-vendtra-in-muenchen-vor\/#article","isPartOf":{"@id":"https:\/\/althallercommunication.de\/ccv-stellt-zukunft-des-bezahlens-auf-vendtra-in-muenchen-vor\/"},"author":{"name":"Jacqueline Althaller","@id":"https:\/\/althallercommunication.de\/#\/schema\/person\/4ca72b5e8d0bebc1f9b3061e463e32ee"},"headline":"CCV stellt \u201eZukunft des Bezahlens\u201c auf Vendtra in M\u00fcnchen vor","datePublished":"2021-09-23T11:28:55+00:00","dateModified":"2024-03-02T09:51:56+00:00","mainEntityOfPage":{"@id":"https:\/\/althallercommunication.de\/ccv-stellt-zukunft-des-bezahlens-auf-vendtra-in-muenchen-vor\/"},"wordCount":1409,"publisher":{"@id":"https:\/\/althallercommunication.de\/#organization"},"keywords":["CCV","CCV GmbH","POS","POS-Terminal","POS-Zahlung","POS-Zahlungen","Vending"],"articleSection":["Ecommerce &amp; Retail","Klassische Pressearbeit","Kunden","Payment &amp; Finance","Pressemeldungen"],"inLanguage":"en-US"},{"@type":"WebPage","@id":"https:\/\/althallercommunication.de\/ccv-stellt-zukunft-des-bezahlens-auf-vendtra-in-muenchen-vor\/","url":"https:\/\/althallercommunication.de\/ccv-stellt-zukunft-des-bezahlens-auf-vendtra-in-muenchen-vor\/","name":"CCV stellt \u201eZukunft des Bezahlens\u201c auf Vendtra in M\u00fcnchen vor","isPartOf":{"@id":"https:\/\/althallercommunication.de\/#website"},"datePublished":"2021-09-23T11:28:55+00:00","dateModified":"2024-03-02T09:51:56+00:00","description":"Auf der kommenden Messe \u201eVendtra\u201c am 29.- 30. September in M\u00fcnchen, stellt CCV die Zukunft des Bezahlens vor. Die Corona-Pandemie hat diesem Wachstum noch einen zus\u00e4tzlichen Schub verliehen.","breadcrumb":{"@id":"https:\/\/althallercommunication.de\/ccv-stellt-zukunft-des-bezahlens-auf-vendtra-in-muenchen-vor\/#breadcrumb"},"inLanguage":"en-US","potentialAction":[{"@type":"ReadAction","target":["https:\/\/althallercommunication.de\/ccv-stellt-zukunft-des-bezahlens-auf-vendtra-in-muenchen-vor\/"]}]},{"@type":"BreadcrumbList","@id":"https:\/\/althallercommunication.de\/ccv-stellt-zukunft-des-bezahlens-auf-vendtra-in-muenchen-vor\/#breadcrumb","itemListElement":[{"@type":"ListItem","position":1,"name":"Startseite","item":"https:\/\/althallercommunication.de\/en\/"},{"@type":"ListItem","position":2,"name":"CCV stellt \u201eZukunft des Bezahlens\u201c auf Vendtra in M\u00fcnchen vor"}]},{"@type":"WebSite","@id":"https:\/\/althallercommunication.de\/#website","url":"https:\/\/althallercommunication.de\/","name":"althaller communication","description":"Martkommunikation B2B","publisher":{"@id":"https:\/\/althallercommunication.de\/#organization"},"potentialAction":[{"@type":"SearchAction","target":{"@type":"EntryPoint","urlTemplate":"https:\/\/althallercommunication.de\/?s={search_term_string}"},"query-input":{"@type":"PropertyValueSpecification","valueRequired":true,"valueName":"search_term_string"}}],"inLanguage":"en-US"},{"@type":"Organization","@id":"https:\/\/althallercommunication.de\/#organization","name":"ALTHALLER communication","url":"https:\/\/althallercommunication.de\/","logo":{"@type":"ImageObject","inLanguage":"en-US","@id":"https:\/\/althallercommunication.de\/#\/schema\/logo\/image\/","url":"https:\/\/althallercommunication.de\/wp-content\/uploads\/2023\/12\/althaller_comm_b.png","contentUrl":"https:\/\/althallercommunication.de\/wp-content\/uploads\/2023\/12\/althaller_comm_b.png","width":464,"height":110,"caption":"ALTHALLER communication"},"image":{"@id":"https:\/\/althallercommunication.de\/#\/schema\/logo\/image\/"},"sameAs":["https:\/\/www.facebook.com\/althallercommunication","https:\/\/x.com\/ALTHALLERcom","https:\/\/www.linkedin.com\/company\/3332596?trk=tyah&amp;amp;amp;trkInfo=tas:COMMUNICATION Presse und PR,idx:1-1-1"]},{"@type":"Person","@id":"https:\/\/althallercommunication.de\/#\/schema\/person\/4ca72b5e8d0bebc1f9b3061e463e32ee","name":"Jacqueline Althaller","image":{"@type":"ImageObject","inLanguage":"en-US","@id":"https:\/\/secure.gravatar.com\/avatar\/2e8cdf7784b763130efe210406ba46634d04913cf12c46cf98b2799d6da47211?s=96&d=mm&r=g","url":"https:\/\/secure.gravatar.com\/avatar\/2e8cdf7784b763130efe210406ba46634d04913cf12c46cf98b2799d6da47211?s=96&d=mm&r=g","contentUrl":"https:\/\/secure.gravatar.com\/avatar\/2e8cdf7784b763130efe210406ba46634d04913cf12c46cf98b2799d6da47211?s=96&d=mm&r=g","caption":"Jacqueline Althaller"},"description":"$$$2021hmb8hzb4MD","url":"https:\/\/althallercommunication.de\/en\/author\/jacqueline-althaller\/"}]}},"_links":{"self":[{"href":"https:\/\/althallercommunication.de\/en\/wp-json\/wp\/v2\/posts\/21844","targetHints":{"allow":["GET"]}}],"collection":[{"href":"https:\/\/althallercommunication.de\/en\/wp-json\/wp\/v2\/posts"}],"about":[{"href":"https:\/\/althallercommunication.de\/en\/wp-json\/wp\/v2\/types\/post"}],"author":[{"embeddable":true,"href":"https:\/\/althallercommunication.de\/en\/wp-json\/wp\/v2\/users\/6"}],"replies":[{"embeddable":true,"href":"https:\/\/althallercommunication.de\/en\/wp-json\/wp\/v2\/comments?post=21844"}],"version-history":[{"count":8,"href":"https:\/\/althallercommunication.de\/en\/wp-json\/wp\/v2\/posts\/21844\/revisions"}],"predecessor-version":[{"id":29454,"href":"https:\/\/althallercommunication.de\/en\/wp-json\/wp\/v2\/posts\/21844\/revisions\/29454"}],"wp:attachment":[{"href":"https:\/\/althallercommunication.de\/en\/wp-json\/wp\/v2\/media?parent=21844"}],"wp:term":[{"taxonomy":"category","embeddable":true,"href":"https:\/\/althallercommunication.de\/en\/wp-json\/wp\/v2\/categories?post=21844"},{"taxonomy":"post_tag","embeddable":true,"href":"https:\/\/althallercommunication.de\/en\/wp-json\/wp\/v2\/tags?post=21844"}],"curies":[{"name":"wp","href":"https:\/\/api.w.org\/{rel}","templated":true}]}}