{"id":21871,"date":"2021-09-24T10:07:46","date_gmt":"2021-09-24T08:07:46","guid":{"rendered":"https:\/\/www.althallercommunication.de\/?p=21871"},"modified":"2023-12-13T14:54:03","modified_gmt":"2023-12-13T13:54:03","slug":"b2b-social-media-studie-2021-die-aktuellen-ergebnisse-sind-da","status":"publish","type":"post","link":"https:\/\/althallercommunication.de\/en\/b2b-social-media-studie-2021-die-aktuellen-ergebnisse-sind-da\/","title":{"rendered":"B2B-Social-Media-Studie 2021 \u2013 die aktuellen Ergebnisse sind da"},"content":{"rendered":"<p><\/p>\n<h2><strong>Relevanz plus Content!<\/strong><\/h2>\n<p><strong>LinkedIn bleibt der wichtigste Kanal. Instagram gewinnt an Bedeutung<\/strong><\/p>\n<p><strong>M\u00fcnchen, den 24.09.2021 \u2013 Audiovisuelle Formate und (Bewegt-) Bildkommunikation gewinnen in der B2B-Kommunikation in diesem Jahr im gesamten DACH-Raum an Bedeutung \u2013 das ergibt die aktuelle B2B-Social-Media-Studie des \u201eErste Arbeitskreis Social Media in der B2B-Kommunikation\u201c.<\/strong><\/p>\n<p><strong>Die eigene Firmenkultur in Szene setzen \u2013 Instagram und YouTube <\/strong><\/p>\n<p>Der Siegeszug von Instagram aus dem vergangenen Jahr setzt sich fort \u2013 und in diesem Jahr wird der Kanal erstmals in allen drei L\u00e4ndern von \u00fcber 50 Prozent der B2B-Unternehmen genutzt. Spannend: Auch YouTube kann einen deutlichen Anstieg in seiner Nutzung verzeichnen. Bis zu 70 Prozent der Unternehmen investieren inzwischen in den Videokanal \u2013 damit bauen sowohl Instagram als auch YouTube ihren Status als professionelle Kommunikationskan\u00e4le aus, denn nur hier k\u00f6nnen B2B-Unternehmen ihre Firmenkultur \u00fcber eigene Bilder und Videos pr\u00e4sentieren und potenzielle Mitarbeiter sowie Neu- und Bestandskunden ganz einfach ansprechen.<\/p>\n<p><strong>Weitere zentrale Ergebnisse:<\/strong><\/p>\n<ul>\n<li><strong>LinkedIn <\/strong>bleibt als das Business-Netzwerk auf Platz 1 und legt noch einmal um \u00fcber 12 Prozentpunkte zu! In der Praxis bedeutet das, dass knapp 95 Prozent der Befragten auf diesen internationalen Kanal setzen, denn durch eigene Fachartikel sowie eigene Bilder und Videos k\u00f6nnen B2B-Unternehmen sich hier direkt und global ihren relevanten Stakeholdern pr\u00e4sentieren und vernetzen.<\/li>\n<li>Social Media wird zum <strong>Recruiting-Tool <\/strong> Neben der Ansprache von Bestands- und Neukunden setzen B2B-Unternehmen verst\u00e4rkt auf die Ansprache potenzieller Mitarbeiter. Kein Wunder, denn nirgends sonst haben sie die M\u00f6glichkeit, Potentials crossmedial und l\u00e4nder\u00fcbergreifend sowohl effizient als auch kostensparend anzusprechen.<\/li>\n<li>Auch f\u00fcr die <strong>interne Kommunikation<\/strong> ist Social Media unschlagbar. Das best\u00e4tigt ein Drittel der befragten B2B-Unternehmen! Der Siegeszug von Microsoft Teams ist dieses Jahr deutlich erkennbar \u2013 Unternehmen agieren mit Teams zunehmend digital mit ihren Stakeholdern und Mitarbeitern. Erfolgreiche Kommunikation wird somit ortsungebunden.<\/li>\n<\/ul>\n<p>Die elfte Studie \u201eSocial Media in der B2B-Kommunikation \u2013 wie ver\u00e4ndert sich die Nutzung der Kan\u00e4le?\u201c deckt bereits im dritten Jahr den gesamten DACH-Raum ab. Im Rahmen der einzigen Langzeitstudie im deutschsprachigen Raum werden konkrete Fragen von Seiten der B2B-Kommunikation beantwortet, um Trends und Tendenzen feststellen zu k\u00f6nnen.<\/p>\n<p>\u201eAus Sicht der Unternehmen wird die Relevanz von Social Media f\u00fcr das Recruiting 2022 noch wichtiger! Kein Wunder, denn potenzielle Mitarbeiter k\u00f6nnen hier ganz leicht sowohl auf der analytischen als auch emotionalen Ebene angesprochen werden.\u201c, so Jacqueline Althaller, Gr\u00fcnderin des &#8220;Erster Arbeitskreis Social Media in der B2B-Kommunikation&#8221; und Initiatorin der Studie. \u201cSpannend f\u00fcr die Jahresplanung 2022 sind \u00fcbrigens auch die Studienergebnisse hinsichtlich Zeit- und Budgetplanung der Unternehmen.\u201c<\/p>\n<p><em>Die Studienergebnisse erhalten Sie als Management Summary exklusiv vorab mit dieser Pressemitteilung. <\/em><\/p>\n<p><em>F\u00fcr die Verbreitung in Deutschland bedankt sich der &#8220;Erster Arbeitskreis Social Media in der B2B-Kommunikation&#8221; bei zahlreichen Medienpartnern; f\u00fcr die Verbreitung in \u00d6sterreich und der Schweiz bedanken wir uns insbesondere beim DMV\u00d6 und bei K\u00fcnzlerBachmann.<\/em><\/p>\n<p><em>Die Studienergebnisse sind ab sofort auf <\/em><a href=\"https:\/\/www.ak-socialmedia-b2b.de\/\" target=\"_blank\" rel=\"noopener\">https:\/\/www.ak-socialmedia-b2b.de\/<\/a> <em>abrufbar.<\/em><\/p>\n<p><strong>\u00dcber den \u201eErster Arbeitskreis Social Media in der B2B-Kommunikation\u201c<\/strong><\/p>\n<p>Im Sommer 2010 wurde der \u201eErster Arbeitskreis Social Media in der B2B-Kommunikation\u201c nach einem Konzept von ALTHALLER communication \u2013 Gesellschaft f\u00fcr Marktkommunikation gegr\u00fcndet, um konkrete Fragestellungen von Seiten B2B zu beantworten und diese Erkenntnisse auch weiterzuvermitteln. Hierzu werden die konkreten Fragen der Unternehmen zur Nutzung von Social Media gesammelt und entweder durch den Arbeitskreis selbst oder durch externe Referenten beantwortet. Umfragen und Studien f\u00fchrt der Arbeitskreis durch, um Trends und neueste Entwicklungen feststellen zu k\u00f6nnen. Zu den Initiatoren geh\u00f6ren Unternehmen unterschiedlichster Branchen und Gr\u00f6\u00dfenordnungen \u2013 von IT bis Healthcare. Begleitet wird der Arbeitskreis von Vertretern aus Wissenschaft und Forschung, so dass ein breites Spektrum an Expertise abgedeckt wird. Der Arbeitskreis verfolgt keine wirtschaftlichen Interessen.<\/p>\n<p>https:\/\/althallercommunication.de\/wp-content\/uploads\/2021\/07\/Jacqueline_Althaller-1280&#215;911-1.jpg<\/p>\n<p>\u201eAus Sicht der Unternehmen wird die Relevanz von Social Media f\u00fcr das Recruiting 2022 noch wichtiger! Kein Wunder, denn potenzielle Mitarbeiter k\u00f6nnen hier ganz leicht sowohl auf der analytischen als auch emotionalen Ebene angesprochen werden.\u201c, so Jacqueline Althaller, Gr\u00fcnderin des &#8220;Erster Arbeitskreis Social Media in der B2B-Kommunikation&#8221; und Initiatorin der Studie.<\/p>\n<p><\/p>\n<p>Pressekontakt und Redaktion<br \/>\n<strong>Fritz Nollert<br \/>\n<\/strong>ALTHALLER communication<br \/>\nGesellschaft f\u00fcr Marktkommunikation mbH<br \/>\nElisabethstra\u00dfe 13<br \/>\n80796 M\u00fcnchen<\/p>\n<p><em>Bildmaterial stellen wir auf Wunsch gerne zur Verf\u00fcgung.<\/em><\/p>\n<p><\/p>\n<p>+49 (0) 89 38 66 52 60<\/p>\n<p><\/p>\n<p>+49 (0) 89 38 66 52 75<\/p>\n<p><\/p>\n<p><a href=\"mailto:info@althallercommunication.de\">info@althallercommunication.de<\/a><\/p>\n<p><\/p>\n<p><a href=\"https:\/\/althallercommunication.de\/\">www.althallercommunication.de<\/a><\/p>\n<p><\/p>\n","protected":false},"excerpt":{"rendered":"<p>Audiovisuelle Formate und (Bewegt-) Bildkommunikation gewinnen in der B2B-Kommunikation in diesem Jahr im gesamten DACH-Raum an Bedeutung \u2013 das ergibt die aktuelle B2B-Social-Media-Studie des \u201eErste Arbeitskreis Social Media in der B2B-Kommunikation\u201c.<\/p>\n","protected":false},"author":6,"featured_media":0,"comment_status":"closed","ping_status":"open","sticky":false,"template":"","format":"standard","meta":{"_et_pb_use_builder":"","_et_pb_old_content":"","_et_gb_content_width":"","inline_featured_image":false,"footnotes":""},"categories":[2756,2758,2766,2824],"tags":[45,1035,62,1859,1038,71,2024,1649],"class_list":["post-21871","post","type-post","status-publish","format-standard","hentry","category-kunden-in-den-medien","category-pressemeldungen","category-social-media","category-studie","tag-1-arbeitskreis-social-media-in-der-b2b-kommunikation","tag-althaller-communication","tag-b2b","tag-b2b-social-media-studie","tag-jacqueline-althaller","tag-social-media","tag-social-media-in-der-b2b-kommunikation","tag-social-media-kommunikation"],"yoast_head":"<!-- This site is optimized with the Yoast SEO Premium plugin v25.3 (Yoast SEO v27.5) - https:\/\/yoast.com\/product\/yoast-seo-premium-wordpress\/ -->\n<title>B2B-Social-Media-Studie 2021 \u2013 die aktuellen Ergebnisse sind da<\/title>\n<meta name=\"description\" content=\"Audiovisuelle Formate und (Bewegt-) Bildkommunikation gewinnen in der B2B-Kommunikation in diesem Jahr im gesamten DACH-Raum an Bedeutung \u2013 das ergibt die aktuelle B2B-Social-Media-Studie des \u201eErste Arbeitskreis Social Media in der B2B-Kommunikation\u201c.\" \/>\n<meta name=\"robots\" content=\"index, follow, max-snippet:-1, max-image-preview:large, max-video-preview:-1\" \/>\n<link rel=\"canonical\" href=\"https:\/\/althallercommunication.de\/b2b-social-media-studie-2021-die-aktuellen-ergebnisse-sind-da\/\" \/>\n<meta property=\"og:locale\" content=\"en_US\" \/>\n<meta property=\"og:type\" content=\"article\" \/>\n<meta property=\"og:title\" content=\"B2B-Social-Media-Studie 2021 \u2013 die aktuellen Ergebnisse sind da\" \/>\n<meta property=\"og:description\" content=\"Audiovisuelle Formate und (Bewegt-) Bildkommunikation gewinnen in der B2B-Kommunikation in diesem Jahr im gesamten DACH-Raum an Bedeutung \u2013 das ergibt die aktuelle B2B-Social-Media-Studie des \u201eErste Arbeitskreis Social Media in der B2B-Kommunikation\u201c.\" \/>\n<meta property=\"og:url\" content=\"https:\/\/althallercommunication.de\/b2b-social-media-studie-2021-die-aktuellen-ergebnisse-sind-da\/\" \/>\n<meta property=\"og:site_name\" content=\"althaller communication\" \/>\n<meta property=\"article:publisher\" content=\"https:\/\/www.facebook.com\/althallercommunication\" \/>\n<meta property=\"article:published_time\" content=\"2021-09-24T08:07:46+00:00\" \/>\n<meta property=\"article:modified_time\" content=\"2023-12-13T13:54:03+00:00\" \/>\n<meta name=\"author\" content=\"Jacqueline Althaller\" \/>\n<meta name=\"twitter:card\" content=\"summary_large_image\" \/>\n<meta name=\"twitter:creator\" content=\"@ALTHALLERcom\" \/>\n<meta name=\"twitter:site\" content=\"@ALTHALLERcom\" \/>\n<meta name=\"twitter:label1\" content=\"Written by\" \/>\n\t<meta name=\"twitter:data1\" content=\"Jacqueline Althaller\" \/>\n\t<meta name=\"twitter:label2\" content=\"Est. reading time\" \/>\n\t<meta name=\"twitter:data2\" content=\"4 minutes\" \/>\n<script type=\"application\/ld+json\" class=\"yoast-schema-graph\">{\"@context\":\"https:\\\/\\\/schema.org\",\"@graph\":[{\"@type\":\"Article\",\"@id\":\"https:\\\/\\\/althallercommunication.de\\\/b2b-social-media-studie-2021-die-aktuellen-ergebnisse-sind-da\\\/#article\",\"isPartOf\":{\"@id\":\"https:\\\/\\\/althallercommunication.de\\\/b2b-social-media-studie-2021-die-aktuellen-ergebnisse-sind-da\\\/\"},\"author\":{\"name\":\"Jacqueline Althaller\",\"@id\":\"https:\\\/\\\/althallercommunication.de\\\/#\\\/schema\\\/person\\\/4ca72b5e8d0bebc1f9b3061e463e32ee\"},\"headline\":\"B2B-Social-Media-Studie 2021 \u2013 die aktuellen Ergebnisse sind da\",\"datePublished\":\"2021-09-24T08:07:46+00:00\",\"dateModified\":\"2023-12-13T13:54:03+00:00\",\"mainEntityOfPage\":{\"@id\":\"https:\\\/\\\/althallercommunication.de\\\/b2b-social-media-studie-2021-die-aktuellen-ergebnisse-sind-da\\\/\"},\"wordCount\":1335,\"publisher\":{\"@id\":\"https:\\\/\\\/althallercommunication.de\\\/#organization\"},\"keywords\":[\"1. Arbeitskreis Social Media in der B2B-Kommunikation\",\"Althaller communication\",\"B2B\",\"B2B Social Media Studie\",\"Jacqueline Althaller\",\"Social Media\",\"Social Media in der B2B-Kommunikation\",\"Social-Media-Kommunikation\"],\"articleSection\":[\"Kunden\",\"Pressemeldungen\",\"Social Media\",\"Studie\"],\"inLanguage\":\"en-US\"},{\"@type\":\"WebPage\",\"@id\":\"https:\\\/\\\/althallercommunication.de\\\/b2b-social-media-studie-2021-die-aktuellen-ergebnisse-sind-da\\\/\",\"url\":\"https:\\\/\\\/althallercommunication.de\\\/b2b-social-media-studie-2021-die-aktuellen-ergebnisse-sind-da\\\/\",\"name\":\"B2B-Social-Media-Studie 2021 \u2013 die aktuellen Ergebnisse sind da\",\"isPartOf\":{\"@id\":\"https:\\\/\\\/althallercommunication.de\\\/#website\"},\"datePublished\":\"2021-09-24T08:07:46+00:00\",\"dateModified\":\"2023-12-13T13:54:03+00:00\",\"description\":\"Audiovisuelle Formate und (Bewegt-) Bildkommunikation gewinnen in der B2B-Kommunikation in diesem Jahr im gesamten DACH-Raum an Bedeutung \u2013 das ergibt die aktuelle B2B-Social-Media-Studie des \u201eErste Arbeitskreis Social Media in der B2B-Kommunikation\u201c.\",\"breadcrumb\":{\"@id\":\"https:\\\/\\\/althallercommunication.de\\\/b2b-social-media-studie-2021-die-aktuellen-ergebnisse-sind-da\\\/#breadcrumb\"},\"inLanguage\":\"en-US\",\"potentialAction\":[{\"@type\":\"ReadAction\",\"target\":[\"https:\\\/\\\/althallercommunication.de\\\/b2b-social-media-studie-2021-die-aktuellen-ergebnisse-sind-da\\\/\"]}]},{\"@type\":\"BreadcrumbList\",\"@id\":\"https:\\\/\\\/althallercommunication.de\\\/b2b-social-media-studie-2021-die-aktuellen-ergebnisse-sind-da\\\/#breadcrumb\",\"itemListElement\":[{\"@type\":\"ListItem\",\"position\":1,\"name\":\"Startseite\",\"item\":\"https:\\\/\\\/althallercommunication.de\\\/en\\\/\"},{\"@type\":\"ListItem\",\"position\":2,\"name\":\"B2B-Social-Media-Studie 2021 \u2013 die aktuellen Ergebnisse sind da\"}]},{\"@type\":\"WebSite\",\"@id\":\"https:\\\/\\\/althallercommunication.de\\\/#website\",\"url\":\"https:\\\/\\\/althallercommunication.de\\\/\",\"name\":\"althaller communication\",\"description\":\"Martkommunikation B2B\",\"publisher\":{\"@id\":\"https:\\\/\\\/althallercommunication.de\\\/#organization\"},\"potentialAction\":[{\"@type\":\"SearchAction\",\"target\":{\"@type\":\"EntryPoint\",\"urlTemplate\":\"https:\\\/\\\/althallercommunication.de\\\/?s={search_term_string}\"},\"query-input\":{\"@type\":\"PropertyValueSpecification\",\"valueRequired\":true,\"valueName\":\"search_term_string\"}}],\"inLanguage\":\"en-US\"},{\"@type\":\"Organization\",\"@id\":\"https:\\\/\\\/althallercommunication.de\\\/#organization\",\"name\":\"ALTHALLER communication\",\"url\":\"https:\\\/\\\/althallercommunication.de\\\/\",\"logo\":{\"@type\":\"ImageObject\",\"inLanguage\":\"en-US\",\"@id\":\"https:\\\/\\\/althallercommunication.de\\\/#\\\/schema\\\/logo\\\/image\\\/\",\"url\":\"https:\\\/\\\/althallercommunication.de\\\/wp-content\\\/uploads\\\/2023\\\/12\\\/althaller_comm_b.png\",\"contentUrl\":\"https:\\\/\\\/althallercommunication.de\\\/wp-content\\\/uploads\\\/2023\\\/12\\\/althaller_comm_b.png\",\"width\":464,\"height\":110,\"caption\":\"ALTHALLER communication\"},\"image\":{\"@id\":\"https:\\\/\\\/althallercommunication.de\\\/#\\\/schema\\\/logo\\\/image\\\/\"},\"sameAs\":[\"https:\\\/\\\/www.facebook.com\\\/althallercommunication\",\"https:\\\/\\\/x.com\\\/ALTHALLERcom\",\"https:\\\/\\\/www.linkedin.com\\\/company\\\/3332596?trk=tyah&amp;amp;amp;trkInfo=tas:COMMUNICATION Presse und PR,idx:1-1-1\"]},{\"@type\":\"Person\",\"@id\":\"https:\\\/\\\/althallercommunication.de\\\/#\\\/schema\\\/person\\\/4ca72b5e8d0bebc1f9b3061e463e32ee\",\"name\":\"Jacqueline Althaller\",\"image\":{\"@type\":\"ImageObject\",\"inLanguage\":\"en-US\",\"@id\":\"https:\\\/\\\/secure.gravatar.com\\\/avatar\\\/2e8cdf7784b763130efe210406ba46634d04913cf12c46cf98b2799d6da47211?s=96&d=mm&r=g\",\"url\":\"https:\\\/\\\/secure.gravatar.com\\\/avatar\\\/2e8cdf7784b763130efe210406ba46634d04913cf12c46cf98b2799d6da47211?s=96&d=mm&r=g\",\"contentUrl\":\"https:\\\/\\\/secure.gravatar.com\\\/avatar\\\/2e8cdf7784b763130efe210406ba46634d04913cf12c46cf98b2799d6da47211?s=96&d=mm&r=g\",\"caption\":\"Jacqueline Althaller\"},\"description\":\"$$$2021hmb8hzb4MD\",\"url\":\"https:\\\/\\\/althallercommunication.de\\\/en\\\/author\\\/jacqueline-althaller\\\/\"}]}<\/script>\n<!-- \/ Yoast SEO Premium plugin. -->","yoast_head_json":{"title":"B2B-Social-Media-Studie 2021 \u2013 die aktuellen Ergebnisse sind da","description":"Audiovisuelle Formate und (Bewegt-) Bildkommunikation gewinnen in der B2B-Kommunikation in diesem Jahr im gesamten DACH-Raum an Bedeutung \u2013 das ergibt die aktuelle B2B-Social-Media-Studie des \u201eErste Arbeitskreis Social Media in der B2B-Kommunikation\u201c.","robots":{"index":"index","follow":"follow","max-snippet":"max-snippet:-1","max-image-preview":"max-image-preview:large","max-video-preview":"max-video-preview:-1"},"canonical":"https:\/\/althallercommunication.de\/b2b-social-media-studie-2021-die-aktuellen-ergebnisse-sind-da\/","og_locale":"en_US","og_type":"article","og_title":"B2B-Social-Media-Studie 2021 \u2013 die aktuellen Ergebnisse sind da","og_description":"Audiovisuelle Formate und (Bewegt-) Bildkommunikation gewinnen in der B2B-Kommunikation in diesem Jahr im gesamten DACH-Raum an Bedeutung \u2013 das ergibt die aktuelle B2B-Social-Media-Studie des \u201eErste Arbeitskreis Social Media in der B2B-Kommunikation\u201c.","og_url":"https:\/\/althallercommunication.de\/b2b-social-media-studie-2021-die-aktuellen-ergebnisse-sind-da\/","og_site_name":"althaller communication","article_publisher":"https:\/\/www.facebook.com\/althallercommunication","article_published_time":"2021-09-24T08:07:46+00:00","article_modified_time":"2023-12-13T13:54:03+00:00","author":"Jacqueline Althaller","twitter_card":"summary_large_image","twitter_creator":"@ALTHALLERcom","twitter_site":"@ALTHALLERcom","twitter_misc":{"Written by":"Jacqueline Althaller","Est. reading time":"4 minutes"},"schema":{"@context":"https:\/\/schema.org","@graph":[{"@type":"Article","@id":"https:\/\/althallercommunication.de\/b2b-social-media-studie-2021-die-aktuellen-ergebnisse-sind-da\/#article","isPartOf":{"@id":"https:\/\/althallercommunication.de\/b2b-social-media-studie-2021-die-aktuellen-ergebnisse-sind-da\/"},"author":{"name":"Jacqueline Althaller","@id":"https:\/\/althallercommunication.de\/#\/schema\/person\/4ca72b5e8d0bebc1f9b3061e463e32ee"},"headline":"B2B-Social-Media-Studie 2021 \u2013 die aktuellen Ergebnisse sind da","datePublished":"2021-09-24T08:07:46+00:00","dateModified":"2023-12-13T13:54:03+00:00","mainEntityOfPage":{"@id":"https:\/\/althallercommunication.de\/b2b-social-media-studie-2021-die-aktuellen-ergebnisse-sind-da\/"},"wordCount":1335,"publisher":{"@id":"https:\/\/althallercommunication.de\/#organization"},"keywords":["1. Arbeitskreis Social Media in der B2B-Kommunikation","Althaller communication","B2B","B2B Social Media Studie","Jacqueline Althaller","Social Media","Social Media in der B2B-Kommunikation","Social-Media-Kommunikation"],"articleSection":["Kunden","Pressemeldungen","Social Media","Studie"],"inLanguage":"en-US"},{"@type":"WebPage","@id":"https:\/\/althallercommunication.de\/b2b-social-media-studie-2021-die-aktuellen-ergebnisse-sind-da\/","url":"https:\/\/althallercommunication.de\/b2b-social-media-studie-2021-die-aktuellen-ergebnisse-sind-da\/","name":"B2B-Social-Media-Studie 2021 \u2013 die aktuellen Ergebnisse sind da","isPartOf":{"@id":"https:\/\/althallercommunication.de\/#website"},"datePublished":"2021-09-24T08:07:46+00:00","dateModified":"2023-12-13T13:54:03+00:00","description":"Audiovisuelle Formate und (Bewegt-) Bildkommunikation gewinnen in der B2B-Kommunikation in diesem Jahr im gesamten DACH-Raum an Bedeutung \u2013 das ergibt die aktuelle B2B-Social-Media-Studie des \u201eErste Arbeitskreis Social Media in der B2B-Kommunikation\u201c.","breadcrumb":{"@id":"https:\/\/althallercommunication.de\/b2b-social-media-studie-2021-die-aktuellen-ergebnisse-sind-da\/#breadcrumb"},"inLanguage":"en-US","potentialAction":[{"@type":"ReadAction","target":["https:\/\/althallercommunication.de\/b2b-social-media-studie-2021-die-aktuellen-ergebnisse-sind-da\/"]}]},{"@type":"BreadcrumbList","@id":"https:\/\/althallercommunication.de\/b2b-social-media-studie-2021-die-aktuellen-ergebnisse-sind-da\/#breadcrumb","itemListElement":[{"@type":"ListItem","position":1,"name":"Startseite","item":"https:\/\/althallercommunication.de\/en\/"},{"@type":"ListItem","position":2,"name":"B2B-Social-Media-Studie 2021 \u2013 die aktuellen Ergebnisse sind da"}]},{"@type":"WebSite","@id":"https:\/\/althallercommunication.de\/#website","url":"https:\/\/althallercommunication.de\/","name":"althaller communication","description":"Martkommunikation B2B","publisher":{"@id":"https:\/\/althallercommunication.de\/#organization"},"potentialAction":[{"@type":"SearchAction","target":{"@type":"EntryPoint","urlTemplate":"https:\/\/althallercommunication.de\/?s={search_term_string}"},"query-input":{"@type":"PropertyValueSpecification","valueRequired":true,"valueName":"search_term_string"}}],"inLanguage":"en-US"},{"@type":"Organization","@id":"https:\/\/althallercommunication.de\/#organization","name":"ALTHALLER communication","url":"https:\/\/althallercommunication.de\/","logo":{"@type":"ImageObject","inLanguage":"en-US","@id":"https:\/\/althallercommunication.de\/#\/schema\/logo\/image\/","url":"https:\/\/althallercommunication.de\/wp-content\/uploads\/2023\/12\/althaller_comm_b.png","contentUrl":"https:\/\/althallercommunication.de\/wp-content\/uploads\/2023\/12\/althaller_comm_b.png","width":464,"height":110,"caption":"ALTHALLER communication"},"image":{"@id":"https:\/\/althallercommunication.de\/#\/schema\/logo\/image\/"},"sameAs":["https:\/\/www.facebook.com\/althallercommunication","https:\/\/x.com\/ALTHALLERcom","https:\/\/www.linkedin.com\/company\/3332596?trk=tyah&amp;amp;amp;trkInfo=tas:COMMUNICATION Presse und PR,idx:1-1-1"]},{"@type":"Person","@id":"https:\/\/althallercommunication.de\/#\/schema\/person\/4ca72b5e8d0bebc1f9b3061e463e32ee","name":"Jacqueline Althaller","image":{"@type":"ImageObject","inLanguage":"en-US","@id":"https:\/\/secure.gravatar.com\/avatar\/2e8cdf7784b763130efe210406ba46634d04913cf12c46cf98b2799d6da47211?s=96&d=mm&r=g","url":"https:\/\/secure.gravatar.com\/avatar\/2e8cdf7784b763130efe210406ba46634d04913cf12c46cf98b2799d6da47211?s=96&d=mm&r=g","contentUrl":"https:\/\/secure.gravatar.com\/avatar\/2e8cdf7784b763130efe210406ba46634d04913cf12c46cf98b2799d6da47211?s=96&d=mm&r=g","caption":"Jacqueline Althaller"},"description":"$$$2021hmb8hzb4MD","url":"https:\/\/althallercommunication.de\/en\/author\/jacqueline-althaller\/"}]}},"_links":{"self":[{"href":"https:\/\/althallercommunication.de\/en\/wp-json\/wp\/v2\/posts\/21871","targetHints":{"allow":["GET"]}}],"collection":[{"href":"https:\/\/althallercommunication.de\/en\/wp-json\/wp\/v2\/posts"}],"about":[{"href":"https:\/\/althallercommunication.de\/en\/wp-json\/wp\/v2\/types\/post"}],"author":[{"embeddable":true,"href":"https:\/\/althallercommunication.de\/en\/wp-json\/wp\/v2\/users\/6"}],"replies":[{"embeddable":true,"href":"https:\/\/althallercommunication.de\/en\/wp-json\/wp\/v2\/comments?post=21871"}],"version-history":[{"count":4,"href":"https:\/\/althallercommunication.de\/en\/wp-json\/wp\/v2\/posts\/21871\/revisions"}],"predecessor-version":[{"id":21879,"href":"https:\/\/althallercommunication.de\/en\/wp-json\/wp\/v2\/posts\/21871\/revisions\/21879"}],"wp:attachment":[{"href":"https:\/\/althallercommunication.de\/en\/wp-json\/wp\/v2\/media?parent=21871"}],"wp:term":[{"taxonomy":"category","embeddable":true,"href":"https:\/\/althallercommunication.de\/en\/wp-json\/wp\/v2\/categories?post=21871"},{"taxonomy":"post_tag","embeddable":true,"href":"https:\/\/althallercommunication.de\/en\/wp-json\/wp\/v2\/tags?post=21871"}],"curies":[{"name":"wp","href":"https:\/\/api.w.org\/{rel}","templated":true}]}}