{"id":22056,"date":"2021-10-14T10:54:28","date_gmt":"2021-10-14T08:54:28","guid":{"rendered":"https:\/\/www.althallercommunication.de\/?p=22056"},"modified":"2024-03-02T10:51:28","modified_gmt":"2024-03-02T09:51:28","slug":"alexander-gewiese-uebernimmt-leitung-der-dach-region-des-erp-anbieters-unit4","status":"publish","type":"post","link":"https:\/\/althallercommunication.de\/en\/alexander-gewiese-uebernimmt-leitung-der-dach-region-des-erp-anbieters-unit4\/","title":{"rendered":"Alexander Gewiese \u00fcbernimmt Leitung der DACH-Region des ERP-Anbieters Unit4"},"content":{"rendered":"<p><\/p>\n<p><strong>M\u00fcnchen, 14. Oktober 2021: Alexander Gewiese verantwortet seit Anfang Oktober 2021 das DACH-Gesch\u00e4ft des ERP-Anbieters Unit4. Zuvor war er in verschiedenen Leitungsfunktionen im Unternehmen t\u00e4tig, aus denen er seine Erfahrungen von der Implementierung bis zum Management internationaler Kunden gewinnbringend einbringt.<\/strong><\/p>\n<p>In seiner neuen Rolle verantwortet Alexander Gewiese prim\u00e4r den Endkunden-Bereich f\u00fcr die DACH-Region. Dabei umfasst sein Aufgabenbereich die internationalen Kern- sowie spezifische L\u00e4nderprodukte. Seine erkl\u00e4rten Ziele sind die Sicherstellung einer hohen Kundenzufriedenheit und der erfolgreiche sowie strategische Ausbau der jeweiligen Kundenl\u00f6sungen. Dabei stehen die F\u00f6rderung des dezentralen Arbeitens, die Weiterentwicklung von ERPx hinsichtlich Microservices und der Nutzung K\u00fcnstlicher Intelligenz besonders im Fokus.<\/p>\n<p><strong>Den deutschen Mittelstand fest im Blick<\/strong><\/p>\n<p>Unit4 zielt mit seinen L\u00f6sungen auf den, angesichts der Herausforderungen der digitalen Transformation teils z\u00f6gerlichen, Mittelstand. \u201eWir h\u00f6ren bei der Einf\u00fchrung verschiedener Anwendungen immer wieder Bedenken, was Komplexit\u00e4t, Kostendruck oder Sicherheit angeht. Diesen Fragen m\u00fcssen wir im Zuge der digitalen Transformation, nicht zuletzt infolge der Pandemie, mit intensiver Aufkl\u00e4rungsarbeit begegnen\u201c, so Alexander Gewiese zum Schwerpunkt seiner neuen Position bei Unit4.<\/p>\n<p>Der erfahrene Manager Alexander Gewiese bringt auch den Blick f\u00fcr Entwicklungen und Trends mit. \u201eMit dem Weg in die Cloud ist die Entwicklung moderner Software nicht beendet, sondern er\u00f6ffnet erst dort die anwenderfreundliche Steuerung von Unternehmensprozessen in den Bereichen HR, Finanzen, Projektmanagement und RPA. Und dies in allen L\u00e4ndern, in denen Unit4 aktiv ist\u201c, so Gewiese zur Vielseitigkeit seines neuen Aufgabengebietes.<\/p>\n<p><strong>Unit4 in der DACH-Region<\/strong><\/p>\n<p>Unit 4 ist operativ in Amerika, Asien-Pazifik, UK und Irland sowie Festland-Europa t\u00e4tig. Der Hauptsitz f\u00fcr die DACH-Region ist in M\u00fcnchen. Mit knapp 200 Mitarbeitern bedient man die Bereiche Dienstleistungen, Vertrieb, Marketing und Support.<\/p>\n<p><strong>\u00dcber Unit4<\/strong><\/p>\n<p>Unit4 ist ein f\u00fchrender internationaler Software-Anbieter mit Hauptsitz in Utrecht (Niederlande). Die Unit4 Unternehmens-Software vereinfacht die Steuerung, Unterst\u00fctzung und Optimierung von Management- und Betriebsprozessen und erleichtert so die Zusammenarbeit im Unternehmen. Die hochmoderne Unit4 Cloud-Plattform ERPx kombiniert zu diesem Ziel Enterprise Resource Planning (ERP), Human Capital Management (HCM) und Financial Planning &amp; Analysis (FP&amp;A). Vor allem schnell wachsende, mittelst\u00e4ndische Unternehmen profitieren von den ma\u00dfgeschneiderten L\u00f6sungen, die den Anwender und seine Bed\u00fcrfnisse in den Mittelpunkt stellen.<\/p>\n<p>Die Unit4-L\u00f6sungen werden von weltweit mehr als 6.000 Kunden genutzt \u2013 in der DACH-Region etwa Adesso, Bizerba, Carglass, EDEKA, Eventim, EWE TEL, Flughafen Hamburg, Konica-Minolta, Materna Information &amp; Communications, Swiss Life, Swisscom, Tchibo sowie Villeroy &amp; Boch.<\/p>\n<p>Weitere Informationen finden Sie unter <a href=\"https:\/\/www.unit4.com\/de\" target=\"_blank\" rel=\"noopener\">https:\/\/www.unit4.com\/de<\/a>. Folgen Sie uns auch auf Twitter <a href=\"https:\/\/eur03.safelinks.protection.outlook.com\/?url=http%3A%2F%2Ftwitter.com%2FUnit4global&amp;data=04%7C01%7CHeike.Marquordt%40unit4.com%7C7da29182ca7e4b134dd708d887caea64%7Cee137cc45d4343cf9da5f75728b8d21f%7C0%7C0%7C637408652877444299%7CUnknown%7CTWFpbGZsb3d8eyJWIjoiMC4wLjAwMDAiLCJQIjoiV2luMzIiLCJBTiI6Ik1haWwiLCJXVCI6Mn0%3D%7C1000&amp;sdata=9qTgsk5f6BV23KOarqj63susQg%2FUXcwReLrxtsLM%2Bkw%3D&amp;reserved=0\" target=\"_blank\" rel=\"noopener\">@Unit4global<\/a> oder auf LinkedIn.<\/p>\n<p>PI zum Download<\/p>\n<p>https:\/\/althallercommunication.de\/wp-content\/uploads\/2021\/10\/Portrait_Alexander_Gewiese-232&#215;300.jpg<\/p>\n<p>\u201eMit dem Weg in die Cloud ist die Entwicklung moderner Software nicht beendet, sondern er\u00f6ffnet erst dort die anwenderfreundliche Steuerung von Unternehmensprozessen in den Bereichen HR, Finanzen, Projektmanagement und RPA\u201c, so veranschaulicht Alexander Gewiese die Vielseitigkeit seines neuen Aufgabengebietes.<\/p>\n<p><\/p>\n<p>Pressekontakt und Redaktion<br \/>\n<strong>Jacqueline Althaller<br \/>\n<\/strong>ALTHALLER communication GbR<br \/>\nElisabethstra\u00dfe 13<br \/>\n80796 M\u00fcnchen<\/p>\n<p><em>Bildmaterial stellen wir auf Wunsch gerne zur Verf\u00fcgung.<\/em><\/p>\n<p><\/p>\n<p>+49 (0) 89 38 66 52 60<\/p>\n<p><\/p>\n<p>+49 (0) 89 38 66 52 75<\/p>\n<p><\/p>\n<p><a href=\"mailto:info@althallercommunication.de\">info@althallercommunication.de<\/a><\/p>\n<p><\/p>\n<p><a href=\"https:\/\/althallercommunication.de\/\">www.althallercommunication.de<\/a><\/p>\n<p><\/p>\n","protected":false},"excerpt":{"rendered":"<p><strong> Unit4 | M\u00fcnchen <\/strong> <\/br> Alexander Gewiese verantwortet seit Anfang Oktober 2021 das DACH-Gesch\u00e4ft des ERP-Anbieters Unit4. Zuvor war er in verschiedenen Leitungsfunktionen im Unternehmen t\u00e4tig, aus denen er seine Erfahrungen von der Implementierung bis zum Management internationaler Kunden gewinnbringend einbringt.<\/p>\n","protected":false},"author":6,"featured_media":0,"comment_status":"closed","ping_status":"open","sticky":false,"template":"","format":"standard","meta":{"_et_pb_use_builder":"","_et_pb_old_content":"","_et_gb_content_width":"","inline_featured_image":false,"footnotes":""},"categories":[2750,2753,2765,2756,2758],"tags":[2283,1653,682,1707,1923,1084,1708],"class_list":["post-22056","post","type-post","status-publish","format-standard","hentry","category-consulting","category-it_-telecommunication","category-klassische-pressearbeit","category-kunden-in-den-medien","category-pressemeldungen","tag-alexander-gewiese","tag-cloud-software","tag-digitale-transformation","tag-erp","tag-erpx","tag-software","tag-unit4"],"yoast_head":"<!-- This site is optimized with the Yoast SEO Premium plugin v25.3 (Yoast SEO v27.5) - https:\/\/yoast.com\/product\/yoast-seo-premium-wordpress\/ -->\n<title>Alexander Gewiese \u00fcbernimmt Leitung der DACH-Region des ERP-Anbieters Unit4<\/title>\n<meta name=\"description\" content=\"Alexander Gewiese verantwortet seit Anfang Oktober 2021 das DACH-Gesch\u00e4ft des ERP-Anbieters Unit4. Zuvor war er in verschiedenen Leitungsfunktionen im Unternehmen t\u00e4tig, aus denen er seine Erfahrungen von der Implementierung bis zum Management internationaler Kunden gewinnbringend einbringt.\" \/>\n<meta name=\"robots\" content=\"index, follow, max-snippet:-1, max-image-preview:large, max-video-preview:-1\" \/>\n<link rel=\"canonical\" href=\"https:\/\/althallercommunication.de\/alexander-gewiese-uebernimmt-leitung-der-dach-region-des-erp-anbieters-unit4\/\" \/>\n<meta property=\"og:locale\" content=\"en_US\" \/>\n<meta property=\"og:type\" content=\"article\" \/>\n<meta property=\"og:title\" content=\"Alexander Gewiese \u00fcbernimmt Leitung der DACH-Region des ERP-Anbieters Unit4\" \/>\n<meta property=\"og:description\" content=\"Alexander Gewiese verantwortet seit Anfang Oktober 2021 das DACH-Gesch\u00e4ft des ERP-Anbieters Unit4. Zuvor war er in verschiedenen Leitungsfunktionen im Unternehmen t\u00e4tig, aus denen er seine Erfahrungen von der Implementierung bis zum Management internationaler Kunden gewinnbringend einbringt.\" \/>\n<meta property=\"og:url\" content=\"https:\/\/althallercommunication.de\/alexander-gewiese-uebernimmt-leitung-der-dach-region-des-erp-anbieters-unit4\/\" \/>\n<meta property=\"og:site_name\" content=\"althaller communication\" \/>\n<meta property=\"article:publisher\" content=\"https:\/\/www.facebook.com\/althallercommunication\" \/>\n<meta property=\"article:published_time\" content=\"2021-10-14T08:54:28+00:00\" \/>\n<meta property=\"article:modified_time\" content=\"2024-03-02T09:51:28+00:00\" \/>\n<meta name=\"author\" content=\"Jacqueline Althaller\" \/>\n<meta name=\"twitter:card\" content=\"summary_large_image\" \/>\n<meta name=\"twitter:creator\" content=\"@ALTHALLERcom\" \/>\n<meta name=\"twitter:site\" content=\"@ALTHALLERcom\" \/>\n<meta name=\"twitter:label1\" content=\"Written by\" \/>\n\t<meta name=\"twitter:data1\" content=\"Jacqueline Althaller\" \/>\n\t<meta name=\"twitter:label2\" content=\"Est. reading time\" \/>\n\t<meta name=\"twitter:data2\" content=\"5 minutes\" \/>\n<script type=\"application\/ld+json\" class=\"yoast-schema-graph\">{\"@context\":\"https:\\\/\\\/schema.org\",\"@graph\":[{\"@type\":\"Article\",\"@id\":\"https:\\\/\\\/althallercommunication.de\\\/alexander-gewiese-uebernimmt-leitung-der-dach-region-des-erp-anbieters-unit4\\\/#article\",\"isPartOf\":{\"@id\":\"https:\\\/\\\/althallercommunication.de\\\/alexander-gewiese-uebernimmt-leitung-der-dach-region-des-erp-anbieters-unit4\\\/\"},\"author\":{\"name\":\"Jacqueline Althaller\",\"@id\":\"https:\\\/\\\/althallercommunication.de\\\/#\\\/schema\\\/person\\\/4ca72b5e8d0bebc1f9b3061e463e32ee\"},\"headline\":\"Alexander Gewiese \u00fcbernimmt Leitung der DACH-Region des ERP-Anbieters Unit4\",\"datePublished\":\"2021-10-14T08:54:28+00:00\",\"dateModified\":\"2024-03-02T09:51:28+00:00\",\"mainEntityOfPage\":{\"@id\":\"https:\\\/\\\/althallercommunication.de\\\/alexander-gewiese-uebernimmt-leitung-der-dach-region-des-erp-anbieters-unit4\\\/\"},\"wordCount\":1055,\"publisher\":{\"@id\":\"https:\\\/\\\/althallercommunication.de\\\/#organization\"},\"keywords\":[\"Alexander Gewiese\",\"Cloud-Software\",\"digitale Transformation\",\"ERP\",\"ERPx\",\"Software\",\"Unit4\"],\"articleSection\":[\"Consulting\",\"IT_ Telecommunication\",\"Klassische Pressearbeit\",\"Kunden\",\"Pressemeldungen\"],\"inLanguage\":\"en-US\"},{\"@type\":\"WebPage\",\"@id\":\"https:\\\/\\\/althallercommunication.de\\\/alexander-gewiese-uebernimmt-leitung-der-dach-region-des-erp-anbieters-unit4\\\/\",\"url\":\"https:\\\/\\\/althallercommunication.de\\\/alexander-gewiese-uebernimmt-leitung-der-dach-region-des-erp-anbieters-unit4\\\/\",\"name\":\"Alexander Gewiese \u00fcbernimmt Leitung der DACH-Region des ERP-Anbieters Unit4\",\"isPartOf\":{\"@id\":\"https:\\\/\\\/althallercommunication.de\\\/#website\"},\"datePublished\":\"2021-10-14T08:54:28+00:00\",\"dateModified\":\"2024-03-02T09:51:28+00:00\",\"description\":\"Alexander Gewiese verantwortet seit Anfang Oktober 2021 das DACH-Gesch\u00e4ft des ERP-Anbieters Unit4. Zuvor war er in verschiedenen Leitungsfunktionen im Unternehmen t\u00e4tig, aus denen er seine Erfahrungen von der Implementierung bis zum Management internationaler Kunden gewinnbringend einbringt.\",\"breadcrumb\":{\"@id\":\"https:\\\/\\\/althallercommunication.de\\\/alexander-gewiese-uebernimmt-leitung-der-dach-region-des-erp-anbieters-unit4\\\/#breadcrumb\"},\"inLanguage\":\"en-US\",\"potentialAction\":[{\"@type\":\"ReadAction\",\"target\":[\"https:\\\/\\\/althallercommunication.de\\\/alexander-gewiese-uebernimmt-leitung-der-dach-region-des-erp-anbieters-unit4\\\/\"]}]},{\"@type\":\"BreadcrumbList\",\"@id\":\"https:\\\/\\\/althallercommunication.de\\\/alexander-gewiese-uebernimmt-leitung-der-dach-region-des-erp-anbieters-unit4\\\/#breadcrumb\",\"itemListElement\":[{\"@type\":\"ListItem\",\"position\":1,\"name\":\"Startseite\",\"item\":\"https:\\\/\\\/althallercommunication.de\\\/en\\\/\"},{\"@type\":\"ListItem\",\"position\":2,\"name\":\"Alexander Gewiese \u00fcbernimmt Leitung der DACH-Region des ERP-Anbieters Unit4\"}]},{\"@type\":\"WebSite\",\"@id\":\"https:\\\/\\\/althallercommunication.de\\\/#website\",\"url\":\"https:\\\/\\\/althallercommunication.de\\\/\",\"name\":\"althaller communication\",\"description\":\"Martkommunikation B2B\",\"publisher\":{\"@id\":\"https:\\\/\\\/althallercommunication.de\\\/#organization\"},\"potentialAction\":[{\"@type\":\"SearchAction\",\"target\":{\"@type\":\"EntryPoint\",\"urlTemplate\":\"https:\\\/\\\/althallercommunication.de\\\/?s={search_term_string}\"},\"query-input\":{\"@type\":\"PropertyValueSpecification\",\"valueRequired\":true,\"valueName\":\"search_term_string\"}}],\"inLanguage\":\"en-US\"},{\"@type\":\"Organization\",\"@id\":\"https:\\\/\\\/althallercommunication.de\\\/#organization\",\"name\":\"ALTHALLER communication\",\"url\":\"https:\\\/\\\/althallercommunication.de\\\/\",\"logo\":{\"@type\":\"ImageObject\",\"inLanguage\":\"en-US\",\"@id\":\"https:\\\/\\\/althallercommunication.de\\\/#\\\/schema\\\/logo\\\/image\\\/\",\"url\":\"https:\\\/\\\/althallercommunication.de\\\/wp-content\\\/uploads\\\/2023\\\/12\\\/althaller_comm_b.png\",\"contentUrl\":\"https:\\\/\\\/althallercommunication.de\\\/wp-content\\\/uploads\\\/2023\\\/12\\\/althaller_comm_b.png\",\"width\":464,\"height\":110,\"caption\":\"ALTHALLER communication\"},\"image\":{\"@id\":\"https:\\\/\\\/althallercommunication.de\\\/#\\\/schema\\\/logo\\\/image\\\/\"},\"sameAs\":[\"https:\\\/\\\/www.facebook.com\\\/althallercommunication\",\"https:\\\/\\\/x.com\\\/ALTHALLERcom\",\"https:\\\/\\\/www.linkedin.com\\\/company\\\/3332596?trk=tyah&amp;amp;amp;trkInfo=tas:COMMUNICATION Presse und PR,idx:1-1-1\"]},{\"@type\":\"Person\",\"@id\":\"https:\\\/\\\/althallercommunication.de\\\/#\\\/schema\\\/person\\\/4ca72b5e8d0bebc1f9b3061e463e32ee\",\"name\":\"Jacqueline Althaller\",\"image\":{\"@type\":\"ImageObject\",\"inLanguage\":\"en-US\",\"@id\":\"https:\\\/\\\/secure.gravatar.com\\\/avatar\\\/2e8cdf7784b763130efe210406ba46634d04913cf12c46cf98b2799d6da47211?s=96&d=mm&r=g\",\"url\":\"https:\\\/\\\/secure.gravatar.com\\\/avatar\\\/2e8cdf7784b763130efe210406ba46634d04913cf12c46cf98b2799d6da47211?s=96&d=mm&r=g\",\"contentUrl\":\"https:\\\/\\\/secure.gravatar.com\\\/avatar\\\/2e8cdf7784b763130efe210406ba46634d04913cf12c46cf98b2799d6da47211?s=96&d=mm&r=g\",\"caption\":\"Jacqueline Althaller\"},\"description\":\"$$$2021hmb8hzb4MD\",\"url\":\"https:\\\/\\\/althallercommunication.de\\\/en\\\/author\\\/jacqueline-althaller\\\/\"}]}<\/script>\n<!-- \/ Yoast SEO Premium plugin. -->","yoast_head_json":{"title":"Alexander Gewiese \u00fcbernimmt Leitung der DACH-Region des ERP-Anbieters Unit4","description":"Alexander Gewiese verantwortet seit Anfang Oktober 2021 das DACH-Gesch\u00e4ft des ERP-Anbieters Unit4. Zuvor war er in verschiedenen Leitungsfunktionen im Unternehmen t\u00e4tig, aus denen er seine Erfahrungen von der Implementierung bis zum Management internationaler Kunden gewinnbringend einbringt.","robots":{"index":"index","follow":"follow","max-snippet":"max-snippet:-1","max-image-preview":"max-image-preview:large","max-video-preview":"max-video-preview:-1"},"canonical":"https:\/\/althallercommunication.de\/alexander-gewiese-uebernimmt-leitung-der-dach-region-des-erp-anbieters-unit4\/","og_locale":"en_US","og_type":"article","og_title":"Alexander Gewiese \u00fcbernimmt Leitung der DACH-Region des ERP-Anbieters Unit4","og_description":"Alexander Gewiese verantwortet seit Anfang Oktober 2021 das DACH-Gesch\u00e4ft des ERP-Anbieters Unit4. Zuvor war er in verschiedenen Leitungsfunktionen im Unternehmen t\u00e4tig, aus denen er seine Erfahrungen von der Implementierung bis zum Management internationaler Kunden gewinnbringend einbringt.","og_url":"https:\/\/althallercommunication.de\/alexander-gewiese-uebernimmt-leitung-der-dach-region-des-erp-anbieters-unit4\/","og_site_name":"althaller communication","article_publisher":"https:\/\/www.facebook.com\/althallercommunication","article_published_time":"2021-10-14T08:54:28+00:00","article_modified_time":"2024-03-02T09:51:28+00:00","author":"Jacqueline Althaller","twitter_card":"summary_large_image","twitter_creator":"@ALTHALLERcom","twitter_site":"@ALTHALLERcom","twitter_misc":{"Written by":"Jacqueline Althaller","Est. reading time":"5 minutes"},"schema":{"@context":"https:\/\/schema.org","@graph":[{"@type":"Article","@id":"https:\/\/althallercommunication.de\/alexander-gewiese-uebernimmt-leitung-der-dach-region-des-erp-anbieters-unit4\/#article","isPartOf":{"@id":"https:\/\/althallercommunication.de\/alexander-gewiese-uebernimmt-leitung-der-dach-region-des-erp-anbieters-unit4\/"},"author":{"name":"Jacqueline Althaller","@id":"https:\/\/althallercommunication.de\/#\/schema\/person\/4ca72b5e8d0bebc1f9b3061e463e32ee"},"headline":"Alexander Gewiese \u00fcbernimmt Leitung der DACH-Region des ERP-Anbieters Unit4","datePublished":"2021-10-14T08:54:28+00:00","dateModified":"2024-03-02T09:51:28+00:00","mainEntityOfPage":{"@id":"https:\/\/althallercommunication.de\/alexander-gewiese-uebernimmt-leitung-der-dach-region-des-erp-anbieters-unit4\/"},"wordCount":1055,"publisher":{"@id":"https:\/\/althallercommunication.de\/#organization"},"keywords":["Alexander Gewiese","Cloud-Software","digitale Transformation","ERP","ERPx","Software","Unit4"],"articleSection":["Consulting","IT_ Telecommunication","Klassische Pressearbeit","Kunden","Pressemeldungen"],"inLanguage":"en-US"},{"@type":"WebPage","@id":"https:\/\/althallercommunication.de\/alexander-gewiese-uebernimmt-leitung-der-dach-region-des-erp-anbieters-unit4\/","url":"https:\/\/althallercommunication.de\/alexander-gewiese-uebernimmt-leitung-der-dach-region-des-erp-anbieters-unit4\/","name":"Alexander Gewiese \u00fcbernimmt Leitung der DACH-Region des ERP-Anbieters Unit4","isPartOf":{"@id":"https:\/\/althallercommunication.de\/#website"},"datePublished":"2021-10-14T08:54:28+00:00","dateModified":"2024-03-02T09:51:28+00:00","description":"Alexander Gewiese verantwortet seit Anfang Oktober 2021 das DACH-Gesch\u00e4ft des ERP-Anbieters Unit4. Zuvor war er in verschiedenen Leitungsfunktionen im Unternehmen t\u00e4tig, aus denen er seine Erfahrungen von der Implementierung bis zum Management internationaler Kunden gewinnbringend einbringt.","breadcrumb":{"@id":"https:\/\/althallercommunication.de\/alexander-gewiese-uebernimmt-leitung-der-dach-region-des-erp-anbieters-unit4\/#breadcrumb"},"inLanguage":"en-US","potentialAction":[{"@type":"ReadAction","target":["https:\/\/althallercommunication.de\/alexander-gewiese-uebernimmt-leitung-der-dach-region-des-erp-anbieters-unit4\/"]}]},{"@type":"BreadcrumbList","@id":"https:\/\/althallercommunication.de\/alexander-gewiese-uebernimmt-leitung-der-dach-region-des-erp-anbieters-unit4\/#breadcrumb","itemListElement":[{"@type":"ListItem","position":1,"name":"Startseite","item":"https:\/\/althallercommunication.de\/en\/"},{"@type":"ListItem","position":2,"name":"Alexander Gewiese \u00fcbernimmt Leitung der DACH-Region des ERP-Anbieters Unit4"}]},{"@type":"WebSite","@id":"https:\/\/althallercommunication.de\/#website","url":"https:\/\/althallercommunication.de\/","name":"althaller communication","description":"Martkommunikation B2B","publisher":{"@id":"https:\/\/althallercommunication.de\/#organization"},"potentialAction":[{"@type":"SearchAction","target":{"@type":"EntryPoint","urlTemplate":"https:\/\/althallercommunication.de\/?s={search_term_string}"},"query-input":{"@type":"PropertyValueSpecification","valueRequired":true,"valueName":"search_term_string"}}],"inLanguage":"en-US"},{"@type":"Organization","@id":"https:\/\/althallercommunication.de\/#organization","name":"ALTHALLER communication","url":"https:\/\/althallercommunication.de\/","logo":{"@type":"ImageObject","inLanguage":"en-US","@id":"https:\/\/althallercommunication.de\/#\/schema\/logo\/image\/","url":"https:\/\/althallercommunication.de\/wp-content\/uploads\/2023\/12\/althaller_comm_b.png","contentUrl":"https:\/\/althallercommunication.de\/wp-content\/uploads\/2023\/12\/althaller_comm_b.png","width":464,"height":110,"caption":"ALTHALLER communication"},"image":{"@id":"https:\/\/althallercommunication.de\/#\/schema\/logo\/image\/"},"sameAs":["https:\/\/www.facebook.com\/althallercommunication","https:\/\/x.com\/ALTHALLERcom","https:\/\/www.linkedin.com\/company\/3332596?trk=tyah&amp;amp;amp;trkInfo=tas:COMMUNICATION Presse und PR,idx:1-1-1"]},{"@type":"Person","@id":"https:\/\/althallercommunication.de\/#\/schema\/person\/4ca72b5e8d0bebc1f9b3061e463e32ee","name":"Jacqueline Althaller","image":{"@type":"ImageObject","inLanguage":"en-US","@id":"https:\/\/secure.gravatar.com\/avatar\/2e8cdf7784b763130efe210406ba46634d04913cf12c46cf98b2799d6da47211?s=96&d=mm&r=g","url":"https:\/\/secure.gravatar.com\/avatar\/2e8cdf7784b763130efe210406ba46634d04913cf12c46cf98b2799d6da47211?s=96&d=mm&r=g","contentUrl":"https:\/\/secure.gravatar.com\/avatar\/2e8cdf7784b763130efe210406ba46634d04913cf12c46cf98b2799d6da47211?s=96&d=mm&r=g","caption":"Jacqueline Althaller"},"description":"$$$2021hmb8hzb4MD","url":"https:\/\/althallercommunication.de\/en\/author\/jacqueline-althaller\/"}]}},"_links":{"self":[{"href":"https:\/\/althallercommunication.de\/en\/wp-json\/wp\/v2\/posts\/22056","targetHints":{"allow":["GET"]}}],"collection":[{"href":"https:\/\/althallercommunication.de\/en\/wp-json\/wp\/v2\/posts"}],"about":[{"href":"https:\/\/althallercommunication.de\/en\/wp-json\/wp\/v2\/types\/post"}],"author":[{"embeddable":true,"href":"https:\/\/althallercommunication.de\/en\/wp-json\/wp\/v2\/users\/6"}],"replies":[{"embeddable":true,"href":"https:\/\/althallercommunication.de\/en\/wp-json\/wp\/v2\/comments?post=22056"}],"version-history":[{"count":9,"href":"https:\/\/althallercommunication.de\/en\/wp-json\/wp\/v2\/posts\/22056\/revisions"}],"predecessor-version":[{"id":29447,"href":"https:\/\/althallercommunication.de\/en\/wp-json\/wp\/v2\/posts\/22056\/revisions\/29447"}],"wp:attachment":[{"href":"https:\/\/althallercommunication.de\/en\/wp-json\/wp\/v2\/media?parent=22056"}],"wp:term":[{"taxonomy":"category","embeddable":true,"href":"https:\/\/althallercommunication.de\/en\/wp-json\/wp\/v2\/categories?post=22056"},{"taxonomy":"post_tag","embeddable":true,"href":"https:\/\/althallercommunication.de\/en\/wp-json\/wp\/v2\/tags?post=22056"}],"curies":[{"name":"wp","href":"https:\/\/api.w.org\/{rel}","templated":true}]}}