{"id":22437,"date":"2021-11-19T09:26:32","date_gmt":"2021-11-19T08:26:32","guid":{"rendered":"https:\/\/www.althallercommunication.de\/?p=22437"},"modified":"2024-03-02T10:51:57","modified_gmt":"2024-03-02T09:51:57","slug":"jochen-wiessler-uebernimmt-dach-region-und-osteuropa-als-regional-president-bei-unit4","status":"publish","type":"post","link":"https:\/\/althallercommunication.de\/en\/jochen-wiessler-uebernimmt-dach-region-und-osteuropa-als-regional-president-bei-unit4\/","title":{"rendered":"Jochen Wie\u00dfler \u00fcbernimmt DACH-Region und Osteuropa als Regional President bei Unit4"},"content":{"rendered":"<p><\/p>\n<p><strong>M\u00fcnchen, 19. November 2021: Jochen Wie\u00dfler hat am 1. November 2021 bei Unit4 die Verantwortung als Regional President f\u00fcr den deutschsprachigen Raum (DACH) und Osteuropa \u00fcbernommen.<\/strong><\/p>\n<p>Unit4, ein f\u00fchrender internationaler Software-Anbieter mit Hauptsitz in Utrecht (Niederlande), verzeichnet seit Jahren kontinuierliches Wachstum mit seinen Cloud-basierten, anwenderfreundlichen L\u00f6sungen zur Steuerung von Unternehmensprozessen in den Bereichen HR, Finanzen, Projektmanagement und RPA. Damit einher geht die Neuausrichtung der Vertriebsaktivit\u00e4ten, die einerseits Kontinentaleuropa West (Spanien, Portugal, Italien, Frankreich und Benelux) und andererseits die DACH-Region und Osteuropa (Polen, Deutschland, \u00d6sterreich, Schweiz, Ungarn und Tschechien) umfassen.<\/p>\n<p>Jochen Wie\u00dfler, neuer Regional President f\u00fcr den deutschsprachigen Raum (DACH) und Osteuropa, sieht das Unternehmen bestens ger\u00fcstet etablierten Anbietern im Markt wie SAP, offensiv entgegenzutreten: \u201eUNIT4 steht f\u00fcr Agilit\u00e4t, Dynamik, Transparenz und Innovation. Kern unserer DNA ist der Fokus auf den Menschen bzw. auf Mitarbeiter als entscheidenden Erfolgsfaktor. Durch die Kombination aus langj\u00e4hriger Markterfahrung und \u201eState-of-the-Art\u201c-Technologie geh\u00f6ren f\u00fcr unsere Kunden Themen wie fehlende Mitarbeiterakzeptanz, lange Projektlaufzeiten und ausufernde Kosten der Vergangenheit an.\u201c<\/p>\n<p>Wie\u00dfler hat die besten Voraussetzungen Unit4 weiter auf Erfolgskurs zu bringen: Er war von Juli 2017 bis Mai 2020 bereits bei Unit4 als Global Head of Professional Services Industries &amp; Managing Director DACH f\u00fcr den deutschsprachigen Raum zust\u00e4ndig. Nach einem Wechsel zu Oracle als Vice President ERP, SCM und EPM kehrt er nun zu Unit4 zur\u00fcck. Seine vorherigen Stationen im ERP-Segment waren ab 2007 bei Microsoft Deutschland im Bereich Dynamics ERP and Dynamics CRM und ab 2012 bei SAP Deutschland als Head of General Business (Midmarket &amp; Partner) f\u00fcr Small &amp; Medium Enterprises (SME) und das Partner Ecossystem. \u201eMeine Erfahrungen aus der Zeit bei den gro\u00dfen Softwarekonzernen setze ich nun f\u00fcr den Ausbau unserer Marktposition ein. Deutschland ist klar unser Kernmarkt. Unser Ziel ist es hier den Umsatz in den n\u00e4chsten drei Jahren jedes Jahr zu verdoppeln,\u201c sagt Wie\u00dfler.<\/p>\n<p><strong>\u00dcber Unit4<\/strong><\/p>\n<p>Unit4 ist ein f\u00fchrender internationaler Software-Anbieter mit Hauptsitz in Utrecht (Niederlande). Die Unit4 Unternehmens-Software vereinfacht die Steuerung, Unterst\u00fctzung und Optimierung von Management- und Betriebsprozessen und erleichtert so die Zusammenarbeit im Unternehmen. Die hochmoderne Unit4 Cloud-Plattform ERPx kombiniert zu diesem Ziel Enterprise Resource Planning (ERP), Human Capital Management (HCM) und Financial Planning &amp; Analysis (FP&amp;A). Vor allem schnell wachsende, mittelst\u00e4ndische Unternehmen profitieren von den ma\u00dfgeschneiderten L\u00f6sungen, die den Anwender und seine Bed\u00fcrfnisse in den Mittelpunkt stellen. Die Unit4-L\u00f6sungen werden von weltweit mehr als 6.000 Kunden genutzt \u2013 in der DACH-Region etwa Adesso, Bizerba, Carglass, EDEKA, Eventim, EWE TEL, Flughafen Hamburg, Konica-Minolta, Materna Information &amp; Communications, Swiss Life, Swisscom, Tchibo sowie Villeroy &amp; Boch.<\/p>\n<p>Weitere Informationen finden Sie unter <a href=\"https:\/\/www.unit4.com\/de\" target=\"_blank\" rel=\"noopener\">https:\/\/www.unit4.com\/de<\/a>. Folgen Sie uns auch auf Twitter <a href=\"https:\/\/eur03.safelinks.protection.outlook.com\/?url=http%3A%2F%2Ftwitter.com%2FUnit4global&amp;data=04%7C01%7CHeike.Marquordt%40unit4.com%7C7da29182ca7e4b134dd708d887caea64%7Cee137cc45d4343cf9da5f75728b8d21f%7C0%7C0%7C637408652877444299%7CUnknown%7CTWFpbGZsb3d8eyJWIjoiMC4wLjAwMDAiLCJQIjoiV2luMzIiLCJBTiI6Ik1haWwiLCJXVCI6Mn0%3D%7C1000&amp;sdata=9qTgsk5f6BV23KOarqj63susQg%2FUXcwReLrxtsLM%2Bkw%3D&amp;reserved=0\" target=\"_blank\" rel=\"noopener\">@Unit4global<\/a> oder auf LinkedIn.<\/p>\n<p>PI zum Download<\/p>\n<p>https:\/\/althallercommunication.de\/wp-content\/uploads\/2021\/11\/2021_11_Unit4_JW_Portait.jpg<\/p>\n<p>\u201eUNIT4 steht f\u00fcr Agilit\u00e4t, Dynamik, Transparenz und Innovation. Kern unserer DNA ist der Fokus auf den Menschen bzw. auf Mitarbeiter als entscheidenden Erfolgsfaktor&#8221;, erkl\u00e4rt Jochen Wie\u00dfler, Regional President f\u00fcr den deutschsprachigen Raum (DACH) und Osteuropa.<\/p>\n<p><\/p>\n<p>Pressekontakt und Redaktion<br \/>\n<strong>Jacqueline Althaller<br \/>\n<\/strong>ALTHALLER communication Gesellschaft f\u00fcr Marktkommunikation mbH<br \/>\nElisabethstra\u00dfe 13<br \/>\n80796 M\u00fcnchen<\/p>\n<p><em>Bildmaterial stellen wir auf Wunsch gerne zur Verf\u00fcgung.<\/em><\/p>\n<p><\/p>\n<p>+49 (0) 89 38 66 52 60<\/p>\n<p><\/p>\n<p>+49 (0) 89 38 66 52 75<\/p>\n<p><\/p>\n<p><a href=\"mailto:info@althallercommunication.de\">info@althallercommunication.de<\/a><\/p>\n<p><\/p>\n<p><a href=\"https:\/\/althallercommunication.de\/\">www.althallercommunication.de<\/a><\/p>\n<p><\/p>\n","protected":false},"excerpt":{"rendered":"<p><strong> Unit4 | M\u00fcnchen <\/strong> <\/br> Jochen Wie\u00dfler hat am 1. November 2021 bei Unit4 die Verantwortung als Regional President f\u00fcr den deutschsprachigen Raum (DACH) und Osteuropa \u00fcbernommen.<\/p>\n","protected":false},"author":6,"featured_media":0,"comment_status":"closed","ping_status":"open","sticky":false,"template":"","format":"standard","meta":{"_et_pb_use_builder":"","_et_pb_old_content":"","_et_gb_content_width":"","inline_featured_image":false,"footnotes":""},"categories":[2750,2753,2765,2756,1,2758],"tags":[1653,1707,2305,2306,1084,1708],"class_list":["post-22437","post","type-post","status-publish","format-standard","hentry","category-consulting","category-it_-telecommunication","category-klassische-pressearbeit","category-kunden-in-den-medien","category-unkategorisiert","category-pressemeldungen","tag-cloud-software","tag-erp","tag-jochen-wiessler","tag-regional-president","tag-software","tag-unit4"],"yoast_head":"<!-- This site is optimized with the Yoast SEO Premium plugin v25.3 (Yoast SEO v27.5) - https:\/\/yoast.com\/product\/yoast-seo-premium-wordpress\/ -->\n<title>Jochen Wie\u00dfler \u00fcbernimmt DACH-Region und Osteuropa als Regional President bei Unit4<\/title>\n<meta name=\"description\" content=\"Jochen Wie\u00dfler hat am 1. November 2021 bei Unit4 die Verantwortung als Regional President f\u00fcr den deutschsprachigen Raum (DACH) und Osteuropa \u00fcbernommen.\" \/>\n<meta name=\"robots\" content=\"index, follow, max-snippet:-1, max-image-preview:large, max-video-preview:-1\" \/>\n<link rel=\"canonical\" href=\"https:\/\/althallercommunication.de\/jochen-wiessler-uebernimmt-dach-region-und-osteuropa-als-regional-president-bei-unit4\/\" \/>\n<meta property=\"og:locale\" content=\"en_US\" \/>\n<meta property=\"og:type\" content=\"article\" \/>\n<meta property=\"og:title\" content=\"Jochen Wie\u00dfler \u00fcbernimmt DACH-Region und Osteuropa als Regional President bei Unit4\" \/>\n<meta property=\"og:description\" content=\"Jochen Wie\u00dfler hat am 1. November 2021 bei Unit4 die Verantwortung als Regional President f\u00fcr den deutschsprachigen Raum (DACH) und Osteuropa \u00fcbernommen.\" \/>\n<meta property=\"og:url\" content=\"https:\/\/althallercommunication.de\/jochen-wiessler-uebernimmt-dach-region-und-osteuropa-als-regional-president-bei-unit4\/\" \/>\n<meta property=\"og:site_name\" content=\"althaller communication\" \/>\n<meta property=\"article:publisher\" content=\"https:\/\/www.facebook.com\/althallercommunication\" \/>\n<meta property=\"article:published_time\" content=\"2021-11-19T08:26:32+00:00\" \/>\n<meta property=\"article:modified_time\" content=\"2024-03-02T09:51:57+00:00\" \/>\n<meta name=\"author\" content=\"Jacqueline Althaller\" \/>\n<meta name=\"twitter:card\" content=\"summary_large_image\" \/>\n<meta name=\"twitter:creator\" content=\"@ALTHALLERcom\" \/>\n<meta name=\"twitter:site\" content=\"@ALTHALLERcom\" \/>\n<meta name=\"twitter:label1\" content=\"Written by\" \/>\n\t<meta name=\"twitter:data1\" content=\"Jacqueline Althaller\" \/>\n\t<meta name=\"twitter:label2\" content=\"Est. reading time\" \/>\n\t<meta name=\"twitter:data2\" content=\"5 minutes\" \/>\n<script type=\"application\/ld+json\" class=\"yoast-schema-graph\">{\"@context\":\"https:\\\/\\\/schema.org\",\"@graph\":[{\"@type\":\"Article\",\"@id\":\"https:\\\/\\\/althallercommunication.de\\\/jochen-wiessler-uebernimmt-dach-region-und-osteuropa-als-regional-president-bei-unit4\\\/#article\",\"isPartOf\":{\"@id\":\"https:\\\/\\\/althallercommunication.de\\\/jochen-wiessler-uebernimmt-dach-region-und-osteuropa-als-regional-president-bei-unit4\\\/\"},\"author\":{\"name\":\"Jacqueline Althaller\",\"@id\":\"https:\\\/\\\/althallercommunication.de\\\/#\\\/schema\\\/person\\\/4ca72b5e8d0bebc1f9b3061e463e32ee\"},\"headline\":\"Jochen Wie\u00dfler \u00fcbernimmt DACH-Region und Osteuropa als Regional President bei Unit4\",\"datePublished\":\"2021-11-19T08:26:32+00:00\",\"dateModified\":\"2024-03-02T09:51:57+00:00\",\"mainEntityOfPage\":{\"@id\":\"https:\\\/\\\/althallercommunication.de\\\/jochen-wiessler-uebernimmt-dach-region-und-osteuropa-als-regional-president-bei-unit4\\\/\"},\"wordCount\":1160,\"publisher\":{\"@id\":\"https:\\\/\\\/althallercommunication.de\\\/#organization\"},\"keywords\":[\"Cloud-Software\",\"ERP\",\"Jochen Wie\u00dfler\",\"Regional President\",\"Software\",\"Unit4\"],\"articleSection\":[\"Consulting\",\"IT_ Telecommunication\",\"Klassische Pressearbeit\",\"Kunden\",\"Others\",\"Pressemeldungen\"],\"inLanguage\":\"en-US\"},{\"@type\":\"WebPage\",\"@id\":\"https:\\\/\\\/althallercommunication.de\\\/jochen-wiessler-uebernimmt-dach-region-und-osteuropa-als-regional-president-bei-unit4\\\/\",\"url\":\"https:\\\/\\\/althallercommunication.de\\\/jochen-wiessler-uebernimmt-dach-region-und-osteuropa-als-regional-president-bei-unit4\\\/\",\"name\":\"Jochen Wie\u00dfler \u00fcbernimmt DACH-Region und Osteuropa als Regional President bei Unit4\",\"isPartOf\":{\"@id\":\"https:\\\/\\\/althallercommunication.de\\\/#website\"},\"datePublished\":\"2021-11-19T08:26:32+00:00\",\"dateModified\":\"2024-03-02T09:51:57+00:00\",\"description\":\"Jochen Wie\u00dfler hat am 1. November 2021 bei Unit4 die Verantwortung als Regional President f\u00fcr den deutschsprachigen Raum (DACH) und Osteuropa \u00fcbernommen.\",\"breadcrumb\":{\"@id\":\"https:\\\/\\\/althallercommunication.de\\\/jochen-wiessler-uebernimmt-dach-region-und-osteuropa-als-regional-president-bei-unit4\\\/#breadcrumb\"},\"inLanguage\":\"en-US\",\"potentialAction\":[{\"@type\":\"ReadAction\",\"target\":[\"https:\\\/\\\/althallercommunication.de\\\/jochen-wiessler-uebernimmt-dach-region-und-osteuropa-als-regional-president-bei-unit4\\\/\"]}]},{\"@type\":\"BreadcrumbList\",\"@id\":\"https:\\\/\\\/althallercommunication.de\\\/jochen-wiessler-uebernimmt-dach-region-und-osteuropa-als-regional-president-bei-unit4\\\/#breadcrumb\",\"itemListElement\":[{\"@type\":\"ListItem\",\"position\":1,\"name\":\"Startseite\",\"item\":\"https:\\\/\\\/althallercommunication.de\\\/en\\\/\"},{\"@type\":\"ListItem\",\"position\":2,\"name\":\"Jochen Wie\u00dfler \u00fcbernimmt DACH-Region und Osteuropa als Regional President bei Unit4\"}]},{\"@type\":\"WebSite\",\"@id\":\"https:\\\/\\\/althallercommunication.de\\\/#website\",\"url\":\"https:\\\/\\\/althallercommunication.de\\\/\",\"name\":\"althaller communication\",\"description\":\"Martkommunikation B2B\",\"publisher\":{\"@id\":\"https:\\\/\\\/althallercommunication.de\\\/#organization\"},\"potentialAction\":[{\"@type\":\"SearchAction\",\"target\":{\"@type\":\"EntryPoint\",\"urlTemplate\":\"https:\\\/\\\/althallercommunication.de\\\/?s={search_term_string}\"},\"query-input\":{\"@type\":\"PropertyValueSpecification\",\"valueRequired\":true,\"valueName\":\"search_term_string\"}}],\"inLanguage\":\"en-US\"},{\"@type\":\"Organization\",\"@id\":\"https:\\\/\\\/althallercommunication.de\\\/#organization\",\"name\":\"ALTHALLER communication\",\"url\":\"https:\\\/\\\/althallercommunication.de\\\/\",\"logo\":{\"@type\":\"ImageObject\",\"inLanguage\":\"en-US\",\"@id\":\"https:\\\/\\\/althallercommunication.de\\\/#\\\/schema\\\/logo\\\/image\\\/\",\"url\":\"https:\\\/\\\/althallercommunication.de\\\/wp-content\\\/uploads\\\/2023\\\/12\\\/althaller_comm_b.png\",\"contentUrl\":\"https:\\\/\\\/althallercommunication.de\\\/wp-content\\\/uploads\\\/2023\\\/12\\\/althaller_comm_b.png\",\"width\":464,\"height\":110,\"caption\":\"ALTHALLER communication\"},\"image\":{\"@id\":\"https:\\\/\\\/althallercommunication.de\\\/#\\\/schema\\\/logo\\\/image\\\/\"},\"sameAs\":[\"https:\\\/\\\/www.facebook.com\\\/althallercommunication\",\"https:\\\/\\\/x.com\\\/ALTHALLERcom\",\"https:\\\/\\\/www.linkedin.com\\\/company\\\/3332596?trk=tyah&amp;amp;amp;trkInfo=tas:COMMUNICATION Presse und PR,idx:1-1-1\"]},{\"@type\":\"Person\",\"@id\":\"https:\\\/\\\/althallercommunication.de\\\/#\\\/schema\\\/person\\\/4ca72b5e8d0bebc1f9b3061e463e32ee\",\"name\":\"Jacqueline Althaller\",\"image\":{\"@type\":\"ImageObject\",\"inLanguage\":\"en-US\",\"@id\":\"https:\\\/\\\/secure.gravatar.com\\\/avatar\\\/2e8cdf7784b763130efe210406ba46634d04913cf12c46cf98b2799d6da47211?s=96&d=mm&r=g\",\"url\":\"https:\\\/\\\/secure.gravatar.com\\\/avatar\\\/2e8cdf7784b763130efe210406ba46634d04913cf12c46cf98b2799d6da47211?s=96&d=mm&r=g\",\"contentUrl\":\"https:\\\/\\\/secure.gravatar.com\\\/avatar\\\/2e8cdf7784b763130efe210406ba46634d04913cf12c46cf98b2799d6da47211?s=96&d=mm&r=g\",\"caption\":\"Jacqueline Althaller\"},\"description\":\"$$$2021hmb8hzb4MD\",\"url\":\"https:\\\/\\\/althallercommunication.de\\\/en\\\/author\\\/jacqueline-althaller\\\/\"}]}<\/script>\n<!-- \/ Yoast SEO Premium plugin. -->","yoast_head_json":{"title":"Jochen Wie\u00dfler \u00fcbernimmt DACH-Region und Osteuropa als Regional President bei Unit4","description":"Jochen Wie\u00dfler hat am 1. November 2021 bei Unit4 die Verantwortung als Regional President f\u00fcr den deutschsprachigen Raum (DACH) und Osteuropa \u00fcbernommen.","robots":{"index":"index","follow":"follow","max-snippet":"max-snippet:-1","max-image-preview":"max-image-preview:large","max-video-preview":"max-video-preview:-1"},"canonical":"https:\/\/althallercommunication.de\/jochen-wiessler-uebernimmt-dach-region-und-osteuropa-als-regional-president-bei-unit4\/","og_locale":"en_US","og_type":"article","og_title":"Jochen Wie\u00dfler \u00fcbernimmt DACH-Region und Osteuropa als Regional President bei Unit4","og_description":"Jochen Wie\u00dfler hat am 1. November 2021 bei Unit4 die Verantwortung als Regional President f\u00fcr den deutschsprachigen Raum (DACH) und Osteuropa \u00fcbernommen.","og_url":"https:\/\/althallercommunication.de\/jochen-wiessler-uebernimmt-dach-region-und-osteuropa-als-regional-president-bei-unit4\/","og_site_name":"althaller communication","article_publisher":"https:\/\/www.facebook.com\/althallercommunication","article_published_time":"2021-11-19T08:26:32+00:00","article_modified_time":"2024-03-02T09:51:57+00:00","author":"Jacqueline Althaller","twitter_card":"summary_large_image","twitter_creator":"@ALTHALLERcom","twitter_site":"@ALTHALLERcom","twitter_misc":{"Written by":"Jacqueline Althaller","Est. reading time":"5 minutes"},"schema":{"@context":"https:\/\/schema.org","@graph":[{"@type":"Article","@id":"https:\/\/althallercommunication.de\/jochen-wiessler-uebernimmt-dach-region-und-osteuropa-als-regional-president-bei-unit4\/#article","isPartOf":{"@id":"https:\/\/althallercommunication.de\/jochen-wiessler-uebernimmt-dach-region-und-osteuropa-als-regional-president-bei-unit4\/"},"author":{"name":"Jacqueline Althaller","@id":"https:\/\/althallercommunication.de\/#\/schema\/person\/4ca72b5e8d0bebc1f9b3061e463e32ee"},"headline":"Jochen Wie\u00dfler \u00fcbernimmt DACH-Region und Osteuropa als Regional President bei Unit4","datePublished":"2021-11-19T08:26:32+00:00","dateModified":"2024-03-02T09:51:57+00:00","mainEntityOfPage":{"@id":"https:\/\/althallercommunication.de\/jochen-wiessler-uebernimmt-dach-region-und-osteuropa-als-regional-president-bei-unit4\/"},"wordCount":1160,"publisher":{"@id":"https:\/\/althallercommunication.de\/#organization"},"keywords":["Cloud-Software","ERP","Jochen Wie\u00dfler","Regional President","Software","Unit4"],"articleSection":["Consulting","IT_ Telecommunication","Klassische Pressearbeit","Kunden","Others","Pressemeldungen"],"inLanguage":"en-US"},{"@type":"WebPage","@id":"https:\/\/althallercommunication.de\/jochen-wiessler-uebernimmt-dach-region-und-osteuropa-als-regional-president-bei-unit4\/","url":"https:\/\/althallercommunication.de\/jochen-wiessler-uebernimmt-dach-region-und-osteuropa-als-regional-president-bei-unit4\/","name":"Jochen Wie\u00dfler \u00fcbernimmt DACH-Region und Osteuropa als Regional President bei Unit4","isPartOf":{"@id":"https:\/\/althallercommunication.de\/#website"},"datePublished":"2021-11-19T08:26:32+00:00","dateModified":"2024-03-02T09:51:57+00:00","description":"Jochen Wie\u00dfler hat am 1. November 2021 bei Unit4 die Verantwortung als Regional President f\u00fcr den deutschsprachigen Raum (DACH) und Osteuropa \u00fcbernommen.","breadcrumb":{"@id":"https:\/\/althallercommunication.de\/jochen-wiessler-uebernimmt-dach-region-und-osteuropa-als-regional-president-bei-unit4\/#breadcrumb"},"inLanguage":"en-US","potentialAction":[{"@type":"ReadAction","target":["https:\/\/althallercommunication.de\/jochen-wiessler-uebernimmt-dach-region-und-osteuropa-als-regional-president-bei-unit4\/"]}]},{"@type":"BreadcrumbList","@id":"https:\/\/althallercommunication.de\/jochen-wiessler-uebernimmt-dach-region-und-osteuropa-als-regional-president-bei-unit4\/#breadcrumb","itemListElement":[{"@type":"ListItem","position":1,"name":"Startseite","item":"https:\/\/althallercommunication.de\/en\/"},{"@type":"ListItem","position":2,"name":"Jochen Wie\u00dfler \u00fcbernimmt DACH-Region und Osteuropa als Regional President bei Unit4"}]},{"@type":"WebSite","@id":"https:\/\/althallercommunication.de\/#website","url":"https:\/\/althallercommunication.de\/","name":"althaller communication","description":"Martkommunikation B2B","publisher":{"@id":"https:\/\/althallercommunication.de\/#organization"},"potentialAction":[{"@type":"SearchAction","target":{"@type":"EntryPoint","urlTemplate":"https:\/\/althallercommunication.de\/?s={search_term_string}"},"query-input":{"@type":"PropertyValueSpecification","valueRequired":true,"valueName":"search_term_string"}}],"inLanguage":"en-US"},{"@type":"Organization","@id":"https:\/\/althallercommunication.de\/#organization","name":"ALTHALLER communication","url":"https:\/\/althallercommunication.de\/","logo":{"@type":"ImageObject","inLanguage":"en-US","@id":"https:\/\/althallercommunication.de\/#\/schema\/logo\/image\/","url":"https:\/\/althallercommunication.de\/wp-content\/uploads\/2023\/12\/althaller_comm_b.png","contentUrl":"https:\/\/althallercommunication.de\/wp-content\/uploads\/2023\/12\/althaller_comm_b.png","width":464,"height":110,"caption":"ALTHALLER communication"},"image":{"@id":"https:\/\/althallercommunication.de\/#\/schema\/logo\/image\/"},"sameAs":["https:\/\/www.facebook.com\/althallercommunication","https:\/\/x.com\/ALTHALLERcom","https:\/\/www.linkedin.com\/company\/3332596?trk=tyah&amp;amp;amp;trkInfo=tas:COMMUNICATION Presse und PR,idx:1-1-1"]},{"@type":"Person","@id":"https:\/\/althallercommunication.de\/#\/schema\/person\/4ca72b5e8d0bebc1f9b3061e463e32ee","name":"Jacqueline Althaller","image":{"@type":"ImageObject","inLanguage":"en-US","@id":"https:\/\/secure.gravatar.com\/avatar\/2e8cdf7784b763130efe210406ba46634d04913cf12c46cf98b2799d6da47211?s=96&d=mm&r=g","url":"https:\/\/secure.gravatar.com\/avatar\/2e8cdf7784b763130efe210406ba46634d04913cf12c46cf98b2799d6da47211?s=96&d=mm&r=g","contentUrl":"https:\/\/secure.gravatar.com\/avatar\/2e8cdf7784b763130efe210406ba46634d04913cf12c46cf98b2799d6da47211?s=96&d=mm&r=g","caption":"Jacqueline Althaller"},"description":"$$$2021hmb8hzb4MD","url":"https:\/\/althallercommunication.de\/en\/author\/jacqueline-althaller\/"}]}},"_links":{"self":[{"href":"https:\/\/althallercommunication.de\/en\/wp-json\/wp\/v2\/posts\/22437","targetHints":{"allow":["GET"]}}],"collection":[{"href":"https:\/\/althallercommunication.de\/en\/wp-json\/wp\/v2\/posts"}],"about":[{"href":"https:\/\/althallercommunication.de\/en\/wp-json\/wp\/v2\/types\/post"}],"author":[{"embeddable":true,"href":"https:\/\/althallercommunication.de\/en\/wp-json\/wp\/v2\/users\/6"}],"replies":[{"embeddable":true,"href":"https:\/\/althallercommunication.de\/en\/wp-json\/wp\/v2\/comments?post=22437"}],"version-history":[{"count":7,"href":"https:\/\/althallercommunication.de\/en\/wp-json\/wp\/v2\/posts\/22437\/revisions"}],"predecessor-version":[{"id":29456,"href":"https:\/\/althallercommunication.de\/en\/wp-json\/wp\/v2\/posts\/22437\/revisions\/29456"}],"wp:attachment":[{"href":"https:\/\/althallercommunication.de\/en\/wp-json\/wp\/v2\/media?parent=22437"}],"wp:term":[{"taxonomy":"category","embeddable":true,"href":"https:\/\/althallercommunication.de\/en\/wp-json\/wp\/v2\/categories?post=22437"},{"taxonomy":"post_tag","embeddable":true,"href":"https:\/\/althallercommunication.de\/en\/wp-json\/wp\/v2\/tags?post=22437"}],"curies":[{"name":"wp","href":"https:\/\/api.w.org\/{rel}","templated":true}]}}