{"id":23213,"date":"2022-04-07T12:18:38","date_gmt":"2022-04-07T10:18:38","guid":{"rendered":"https:\/\/www.althallercommunication.de\/?p=23213"},"modified":"2023-12-13T15:42:37","modified_gmt":"2023-12-13T14:42:37","slug":"nachfolger-fuer-den-real-markt-im-huma-stehen-fest","status":"publish","type":"post","link":"https:\/\/althallercommunication.de\/en\/nachfolger-fuer-den-real-markt-im-huma-stehen-fest\/","title":{"rendered":"Nachfolger f\u00fcr den Real-Markt im Huma stehen fest"},"content":{"rendered":"<p>Edeka Rhein-Ruhr und Aldi S\u00fcd \u00fcbernehmen k\u00fcnftig die Rolle als Lebensmittelversorger in der Huma Shoppingwelt in Sankt Augustin. Beide Nachfolger werden sich die Real-Fl\u00e4che im Erdgeschoss des Zentrums teilen.<\/p>\n<p>Presseclipping: <a href=\"https:\/\/ga.de\/region\/sieg-und-rhein\/sankt-augustin\/sankt-augustin-huma-einkaufszentrum-nachfolger-fuer-den-real-markt-stehen-fest_aid-67801303\" target=\"_blank\" rel=\"noopener\">Generalanzeiger Bonn<\/a><\/p>\n<p><\/p>\n","protected":false},"excerpt":{"rendered":"<p>Mit einer gemeinsamen Pressemitteilung best\u00e4tigen Edeka, Aldi und die Jost Hurler Gruppe, was sie bis Montagabend auch auf mehrfache Anfragen hin nicht best\u00e4tigen wollten: \u201eEdeka Rhein-Ruhr und Aldi S\u00fcd \u00fcbernehmen k\u00fcnftig die Rolle als Lebensmittelversorger in der Huma Shoppingwelt in Sankt Augustin\u201c, hei\u00dft es darin. Edeka und Aldi werden sich danach die Real-Fl\u00e4che im Erdgeschoss des Zentrums teilen. <\/p>\n","protected":false},"author":6,"featured_media":0,"comment_status":"closed","ping_status":"open","sticky":false,"template":"","format":"standard","meta":{"_et_pb_use_builder":"","_et_pb_old_content":"","_et_gb_content_width":"","inline_featured_image":false,"footnotes":""},"categories":[2757,2749,2765,2756,1],"tags":[2385,1690,2384,2383,631,1499,2390],"class_list":["post-23213","post","type-post","status-publish","format-standard","hentry","category-clippings","category-ecommerce-retail","category-klassische-pressearbeit","category-kunden-in-den-medien","category-unkategorisiert","tag-aldi-sued","tag-dr-maximilian-gutsche","tag-edeka","tag-huma-shoppingwelt","tag-jost-hurler","tag-jost-hurler-gruppe","tag-sankt-augustin"],"yoast_head":"<!-- This site is optimized with the Yoast SEO Premium plugin v25.3 (Yoast SEO v27.4) - https:\/\/yoast.com\/product\/yoast-seo-premium-wordpress\/ -->\n<title>Nachfolger f\u00fcr den Real-Markt im Huma stehen fest | althaller communication<\/title>\n<meta name=\"description\" content=\"Edeka Rhein-Ruhr und Aldi S\u00fcd \u00fcbernehmen k\u00fcnftig die Rolle als Lebensmittelversorger in der Huma Shoppingwelt in Sankt Augustin, so die Jost Hurler Gruppe.\" \/>\n<meta name=\"robots\" content=\"index, follow, max-snippet:-1, max-image-preview:large, max-video-preview:-1\" \/>\n<link rel=\"canonical\" href=\"https:\/\/althallercommunication.de\/nachfolger-fuer-den-real-markt-im-huma-stehen-fest\/\" \/>\n<meta property=\"og:locale\" content=\"en_US\" \/>\n<meta property=\"og:type\" content=\"article\" \/>\n<meta property=\"og:title\" content=\"Nachfolger f\u00fcr den Real-Markt im Huma stehen fest\" \/>\n<meta property=\"og:description\" content=\"Edeka Rhein-Ruhr und Aldi S\u00fcd \u00fcbernehmen k\u00fcnftig die Rolle als Lebensmittelversorger in der Huma Shoppingwelt in Sankt Augustin, so die Jost Hurler Gruppe.\" \/>\n<meta property=\"og:url\" content=\"https:\/\/althallercommunication.de\/nachfolger-fuer-den-real-markt-im-huma-stehen-fest\/\" \/>\n<meta property=\"og:site_name\" content=\"althaller communication\" \/>\n<meta property=\"article:publisher\" content=\"https:\/\/www.facebook.com\/althallercommunication\" \/>\n<meta property=\"article:published_time\" content=\"2022-04-07T10:18:38+00:00\" \/>\n<meta property=\"article:modified_time\" content=\"2023-12-13T14:42:37+00:00\" \/>\n<meta name=\"author\" content=\"Jacqueline Althaller\" \/>\n<meta name=\"twitter:card\" content=\"summary_large_image\" \/>\n<meta name=\"twitter:creator\" content=\"@ALTHALLERcom\" \/>\n<meta name=\"twitter:site\" content=\"@ALTHALLERcom\" \/>\n<meta name=\"twitter:label1\" content=\"Written by\" \/>\n\t<meta name=\"twitter:data1\" content=\"Jacqueline Althaller\" \/>\n\t<meta name=\"twitter:label2\" content=\"Est. reading time\" \/>\n\t<meta name=\"twitter:data2\" content=\"1 minute\" \/>\n<script type=\"application\/ld+json\" class=\"yoast-schema-graph\">{\"@context\":\"https:\\\/\\\/schema.org\",\"@graph\":[{\"@type\":\"Article\",\"@id\":\"https:\\\/\\\/althallercommunication.de\\\/nachfolger-fuer-den-real-markt-im-huma-stehen-fest\\\/#article\",\"isPartOf\":{\"@id\":\"https:\\\/\\\/althallercommunication.de\\\/nachfolger-fuer-den-real-markt-im-huma-stehen-fest\\\/\"},\"author\":{\"name\":\"Jacqueline Althaller\",\"@id\":\"https:\\\/\\\/althallercommunication.de\\\/#\\\/schema\\\/person\\\/4ca72b5e8d0bebc1f9b3061e463e32ee\"},\"headline\":\"Nachfolger f\u00fcr den Real-Markt im Huma stehen fest\",\"datePublished\":\"2022-04-07T10:18:38+00:00\",\"dateModified\":\"2023-12-13T14:42:37+00:00\",\"mainEntityOfPage\":{\"@id\":\"https:\\\/\\\/althallercommunication.de\\\/nachfolger-fuer-den-real-markt-im-huma-stehen-fest\\\/\"},\"wordCount\":55,\"publisher\":{\"@id\":\"https:\\\/\\\/althallercommunication.de\\\/#organization\"},\"keywords\":[\"aldi s\u00fcd\",\"Dr. Maximilian Gutsche\",\"edeka\",\"huma shoppingwelt\",\"Jost Hurler\",\"Jost Hurler Gruppe\",\"Sankt Augustin\"],\"articleSection\":[\"Clippings\",\"Ecommerce &amp; Retail\",\"Klassische Pressearbeit\",\"Kunden\",\"Others\"],\"inLanguage\":\"en-US\"},{\"@type\":\"WebPage\",\"@id\":\"https:\\\/\\\/althallercommunication.de\\\/nachfolger-fuer-den-real-markt-im-huma-stehen-fest\\\/\",\"url\":\"https:\\\/\\\/althallercommunication.de\\\/nachfolger-fuer-den-real-markt-im-huma-stehen-fest\\\/\",\"name\":\"Nachfolger f\u00fcr den Real-Markt im Huma stehen fest | althaller communication\",\"isPartOf\":{\"@id\":\"https:\\\/\\\/althallercommunication.de\\\/#website\"},\"datePublished\":\"2022-04-07T10:18:38+00:00\",\"dateModified\":\"2023-12-13T14:42:37+00:00\",\"description\":\"Edeka Rhein-Ruhr und Aldi S\u00fcd \u00fcbernehmen k\u00fcnftig die Rolle als Lebensmittelversorger in der Huma Shoppingwelt in Sankt Augustin, so die Jost Hurler Gruppe.\",\"breadcrumb\":{\"@id\":\"https:\\\/\\\/althallercommunication.de\\\/nachfolger-fuer-den-real-markt-im-huma-stehen-fest\\\/#breadcrumb\"},\"inLanguage\":\"en-US\",\"potentialAction\":[{\"@type\":\"ReadAction\",\"target\":[\"https:\\\/\\\/althallercommunication.de\\\/nachfolger-fuer-den-real-markt-im-huma-stehen-fest\\\/\"]}]},{\"@type\":\"BreadcrumbList\",\"@id\":\"https:\\\/\\\/althallercommunication.de\\\/nachfolger-fuer-den-real-markt-im-huma-stehen-fest\\\/#breadcrumb\",\"itemListElement\":[{\"@type\":\"ListItem\",\"position\":1,\"name\":\"Startseite\",\"item\":\"https:\\\/\\\/althallercommunication.de\\\/en\\\/\"},{\"@type\":\"ListItem\",\"position\":2,\"name\":\"Nachfolger f\u00fcr den Real-Markt im Huma stehen fest\"}]},{\"@type\":\"WebSite\",\"@id\":\"https:\\\/\\\/althallercommunication.de\\\/#website\",\"url\":\"https:\\\/\\\/althallercommunication.de\\\/\",\"name\":\"althaller communication\",\"description\":\"Martkommunikation B2B\",\"publisher\":{\"@id\":\"https:\\\/\\\/althallercommunication.de\\\/#organization\"},\"potentialAction\":[{\"@type\":\"SearchAction\",\"target\":{\"@type\":\"EntryPoint\",\"urlTemplate\":\"https:\\\/\\\/althallercommunication.de\\\/?s={search_term_string}\"},\"query-input\":{\"@type\":\"PropertyValueSpecification\",\"valueRequired\":true,\"valueName\":\"search_term_string\"}}],\"inLanguage\":\"en-US\"},{\"@type\":\"Organization\",\"@id\":\"https:\\\/\\\/althallercommunication.de\\\/#organization\",\"name\":\"ALTHALLER communication\",\"url\":\"https:\\\/\\\/althallercommunication.de\\\/\",\"logo\":{\"@type\":\"ImageObject\",\"inLanguage\":\"en-US\",\"@id\":\"https:\\\/\\\/althallercommunication.de\\\/#\\\/schema\\\/logo\\\/image\\\/\",\"url\":\"https:\\\/\\\/althallercommunication.de\\\/wp-content\\\/uploads\\\/2023\\\/12\\\/althaller_comm_b.png\",\"contentUrl\":\"https:\\\/\\\/althallercommunication.de\\\/wp-content\\\/uploads\\\/2023\\\/12\\\/althaller_comm_b.png\",\"width\":464,\"height\":110,\"caption\":\"ALTHALLER communication\"},\"image\":{\"@id\":\"https:\\\/\\\/althallercommunication.de\\\/#\\\/schema\\\/logo\\\/image\\\/\"},\"sameAs\":[\"https:\\\/\\\/www.facebook.com\\\/althallercommunication\",\"https:\\\/\\\/x.com\\\/ALTHALLERcom\",\"https:\\\/\\\/www.linkedin.com\\\/company\\\/3332596?trk=tyah&amp;amp;amp;trkInfo=tas:COMMUNICATION Presse und PR,idx:1-1-1\"]},{\"@type\":\"Person\",\"@id\":\"https:\\\/\\\/althallercommunication.de\\\/#\\\/schema\\\/person\\\/4ca72b5e8d0bebc1f9b3061e463e32ee\",\"name\":\"Jacqueline Althaller\",\"image\":{\"@type\":\"ImageObject\",\"inLanguage\":\"en-US\",\"@id\":\"https:\\\/\\\/secure.gravatar.com\\\/avatar\\\/2e8cdf7784b763130efe210406ba46634d04913cf12c46cf98b2799d6da47211?s=96&d=mm&r=g\",\"url\":\"https:\\\/\\\/secure.gravatar.com\\\/avatar\\\/2e8cdf7784b763130efe210406ba46634d04913cf12c46cf98b2799d6da47211?s=96&d=mm&r=g\",\"contentUrl\":\"https:\\\/\\\/secure.gravatar.com\\\/avatar\\\/2e8cdf7784b763130efe210406ba46634d04913cf12c46cf98b2799d6da47211?s=96&d=mm&r=g\",\"caption\":\"Jacqueline Althaller\"},\"description\":\"$$$2021hmb8hzb4MD\",\"url\":\"https:\\\/\\\/althallercommunication.de\\\/en\\\/author\\\/jacqueline-althaller\\\/\"}]}<\/script>\n<!-- \/ Yoast SEO Premium plugin. -->","yoast_head_json":{"title":"Nachfolger f\u00fcr den Real-Markt im Huma stehen fest | althaller communication","description":"Edeka Rhein-Ruhr und Aldi S\u00fcd \u00fcbernehmen k\u00fcnftig die Rolle als Lebensmittelversorger in der Huma Shoppingwelt in Sankt Augustin, so die Jost Hurler Gruppe.","robots":{"index":"index","follow":"follow","max-snippet":"max-snippet:-1","max-image-preview":"max-image-preview:large","max-video-preview":"max-video-preview:-1"},"canonical":"https:\/\/althallercommunication.de\/nachfolger-fuer-den-real-markt-im-huma-stehen-fest\/","og_locale":"en_US","og_type":"article","og_title":"Nachfolger f\u00fcr den Real-Markt im Huma stehen fest","og_description":"Edeka Rhein-Ruhr und Aldi S\u00fcd \u00fcbernehmen k\u00fcnftig die Rolle als Lebensmittelversorger in der Huma Shoppingwelt in Sankt Augustin, so die Jost Hurler Gruppe.","og_url":"https:\/\/althallercommunication.de\/nachfolger-fuer-den-real-markt-im-huma-stehen-fest\/","og_site_name":"althaller communication","article_publisher":"https:\/\/www.facebook.com\/althallercommunication","article_published_time":"2022-04-07T10:18:38+00:00","article_modified_time":"2023-12-13T14:42:37+00:00","author":"Jacqueline Althaller","twitter_card":"summary_large_image","twitter_creator":"@ALTHALLERcom","twitter_site":"@ALTHALLERcom","twitter_misc":{"Written by":"Jacqueline Althaller","Est. reading time":"1 minute"},"schema":{"@context":"https:\/\/schema.org","@graph":[{"@type":"Article","@id":"https:\/\/althallercommunication.de\/nachfolger-fuer-den-real-markt-im-huma-stehen-fest\/#article","isPartOf":{"@id":"https:\/\/althallercommunication.de\/nachfolger-fuer-den-real-markt-im-huma-stehen-fest\/"},"author":{"name":"Jacqueline Althaller","@id":"https:\/\/althallercommunication.de\/#\/schema\/person\/4ca72b5e8d0bebc1f9b3061e463e32ee"},"headline":"Nachfolger f\u00fcr den Real-Markt im Huma stehen fest","datePublished":"2022-04-07T10:18:38+00:00","dateModified":"2023-12-13T14:42:37+00:00","mainEntityOfPage":{"@id":"https:\/\/althallercommunication.de\/nachfolger-fuer-den-real-markt-im-huma-stehen-fest\/"},"wordCount":55,"publisher":{"@id":"https:\/\/althallercommunication.de\/#organization"},"keywords":["aldi s\u00fcd","Dr. Maximilian Gutsche","edeka","huma shoppingwelt","Jost Hurler","Jost Hurler Gruppe","Sankt Augustin"],"articleSection":["Clippings","Ecommerce &amp; Retail","Klassische Pressearbeit","Kunden","Others"],"inLanguage":"en-US"},{"@type":"WebPage","@id":"https:\/\/althallercommunication.de\/nachfolger-fuer-den-real-markt-im-huma-stehen-fest\/","url":"https:\/\/althallercommunication.de\/nachfolger-fuer-den-real-markt-im-huma-stehen-fest\/","name":"Nachfolger f\u00fcr den Real-Markt im Huma stehen fest | althaller communication","isPartOf":{"@id":"https:\/\/althallercommunication.de\/#website"},"datePublished":"2022-04-07T10:18:38+00:00","dateModified":"2023-12-13T14:42:37+00:00","description":"Edeka Rhein-Ruhr und Aldi S\u00fcd \u00fcbernehmen k\u00fcnftig die Rolle als Lebensmittelversorger in der Huma Shoppingwelt in Sankt Augustin, so die Jost Hurler Gruppe.","breadcrumb":{"@id":"https:\/\/althallercommunication.de\/nachfolger-fuer-den-real-markt-im-huma-stehen-fest\/#breadcrumb"},"inLanguage":"en-US","potentialAction":[{"@type":"ReadAction","target":["https:\/\/althallercommunication.de\/nachfolger-fuer-den-real-markt-im-huma-stehen-fest\/"]}]},{"@type":"BreadcrumbList","@id":"https:\/\/althallercommunication.de\/nachfolger-fuer-den-real-markt-im-huma-stehen-fest\/#breadcrumb","itemListElement":[{"@type":"ListItem","position":1,"name":"Startseite","item":"https:\/\/althallercommunication.de\/en\/"},{"@type":"ListItem","position":2,"name":"Nachfolger f\u00fcr den Real-Markt im Huma stehen fest"}]},{"@type":"WebSite","@id":"https:\/\/althallercommunication.de\/#website","url":"https:\/\/althallercommunication.de\/","name":"althaller communication","description":"Martkommunikation B2B","publisher":{"@id":"https:\/\/althallercommunication.de\/#organization"},"potentialAction":[{"@type":"SearchAction","target":{"@type":"EntryPoint","urlTemplate":"https:\/\/althallercommunication.de\/?s={search_term_string}"},"query-input":{"@type":"PropertyValueSpecification","valueRequired":true,"valueName":"search_term_string"}}],"inLanguage":"en-US"},{"@type":"Organization","@id":"https:\/\/althallercommunication.de\/#organization","name":"ALTHALLER communication","url":"https:\/\/althallercommunication.de\/","logo":{"@type":"ImageObject","inLanguage":"en-US","@id":"https:\/\/althallercommunication.de\/#\/schema\/logo\/image\/","url":"https:\/\/althallercommunication.de\/wp-content\/uploads\/2023\/12\/althaller_comm_b.png","contentUrl":"https:\/\/althallercommunication.de\/wp-content\/uploads\/2023\/12\/althaller_comm_b.png","width":464,"height":110,"caption":"ALTHALLER communication"},"image":{"@id":"https:\/\/althallercommunication.de\/#\/schema\/logo\/image\/"},"sameAs":["https:\/\/www.facebook.com\/althallercommunication","https:\/\/x.com\/ALTHALLERcom","https:\/\/www.linkedin.com\/company\/3332596?trk=tyah&amp;amp;amp;trkInfo=tas:COMMUNICATION Presse und PR,idx:1-1-1"]},{"@type":"Person","@id":"https:\/\/althallercommunication.de\/#\/schema\/person\/4ca72b5e8d0bebc1f9b3061e463e32ee","name":"Jacqueline Althaller","image":{"@type":"ImageObject","inLanguage":"en-US","@id":"https:\/\/secure.gravatar.com\/avatar\/2e8cdf7784b763130efe210406ba46634d04913cf12c46cf98b2799d6da47211?s=96&d=mm&r=g","url":"https:\/\/secure.gravatar.com\/avatar\/2e8cdf7784b763130efe210406ba46634d04913cf12c46cf98b2799d6da47211?s=96&d=mm&r=g","contentUrl":"https:\/\/secure.gravatar.com\/avatar\/2e8cdf7784b763130efe210406ba46634d04913cf12c46cf98b2799d6da47211?s=96&d=mm&r=g","caption":"Jacqueline Althaller"},"description":"$$$2021hmb8hzb4MD","url":"https:\/\/althallercommunication.de\/en\/author\/jacqueline-althaller\/"}]}},"_links":{"self":[{"href":"https:\/\/althallercommunication.de\/en\/wp-json\/wp\/v2\/posts\/23213","targetHints":{"allow":["GET"]}}],"collection":[{"href":"https:\/\/althallercommunication.de\/en\/wp-json\/wp\/v2\/posts"}],"about":[{"href":"https:\/\/althallercommunication.de\/en\/wp-json\/wp\/v2\/types\/post"}],"author":[{"embeddable":true,"href":"https:\/\/althallercommunication.de\/en\/wp-json\/wp\/v2\/users\/6"}],"replies":[{"embeddable":true,"href":"https:\/\/althallercommunication.de\/en\/wp-json\/wp\/v2\/comments?post=23213"}],"version-history":[{"count":2,"href":"https:\/\/althallercommunication.de\/en\/wp-json\/wp\/v2\/posts\/23213\/revisions"}],"predecessor-version":[{"id":25995,"href":"https:\/\/althallercommunication.de\/en\/wp-json\/wp\/v2\/posts\/23213\/revisions\/25995"}],"wp:attachment":[{"href":"https:\/\/althallercommunication.de\/en\/wp-json\/wp\/v2\/media?parent=23213"}],"wp:term":[{"taxonomy":"category","embeddable":true,"href":"https:\/\/althallercommunication.de\/en\/wp-json\/wp\/v2\/categories?post=23213"},{"taxonomy":"post_tag","embeddable":true,"href":"https:\/\/althallercommunication.de\/en\/wp-json\/wp\/v2\/tags?post=23213"}],"curies":[{"name":"wp","href":"https:\/\/api.w.org\/{rel}","templated":true}]}}