{"id":23336,"date":"2022-04-21T06:00:17","date_gmt":"2022-04-21T04:00:17","guid":{"rendered":"https:\/\/www.althallercommunication.de\/escaperoom-muenchen-schwabinger-tor-2\/"},"modified":"2024-05-14T18:07:57","modified_gmt":"2024-05-14T16:07:57","slug":"escaperoom-muenchen-schwabinger-tor-2","status":"publish","type":"post","link":"https:\/\/althallercommunication.de\/en\/escaperoom-muenchen-schwabinger-tor-2\/","title":{"rendered":"Copy of Virtuelle Realit\u00e4ten im Schwabinger Tor \u2013 VAONS M\u00fcnchen er\u00f6ffnet VR-Escaperoom an der Leopoldstra\u00dfe"},"content":{"rendered":"<p><\/p>\n<h2><strong><em>Ab dem 23. April 2022 mit VR-Brillen abtauchen in faszinierende 3D-Welten<\/em><\/strong><\/h2>\n<p><strong>M\u00fcnchen, 21. April 2022. Pyramiden erklimmen, einsame Inseln erforschen, verlassene Hochh\u00e4user erklettern \u2013 ganz einfach und direkt in M\u00fcnchen. Die virtuelle Welt macht es m\u00f6glich. Bereits im Februar \u00f6ffnete <\/strong><a href=\"https:\/\/muc.vaons.de\/\"><strong>VAONS<\/strong><\/a> <strong>M\u00fcnchen am Schwabinger Tor, dem neuen Stadtquartier an der Leopoldstra\u00dfe, seinen virtuellen Escaperoom im Testbetrieb. An diesem Samstag findet nun die offizielle Er\u00f6ffnungsfeier statt.<\/strong><\/p>\n<p>Mit dem richtigen Equipment f\u00fchlen sich die Spieler als st\u00fcnden sie mitten im Spiel: Eine VR-Brille zeigt ihnen das Spielgeschehen in einer 360-Grad-Perspektive, Kopfh\u00f6rer geben den Sound jedes R\u00e4tsels wieder und Handsensoren \u00fcbertragen die Bewegungen der Spieler in die virtuelle Realit\u00e4t. Alle Spiele sind dabei als hochwertige Gruppenerlebnisse konzipiert, so VAONS-Gr\u00fcnder Alois Vetsch.<\/p>\n<p>\u201eEscape Rooms wirken sich in spielerischer Form positiv auf unsere kognitiven F\u00e4higkeiten aus. Sie verbessern das Ged\u00e4chtnis, steigern die Kreativit\u00e4t und f\u00f6rdern komplexes Denken\u201c, erl\u00e4utert Vetsch. \u201eWir freuen uns, ein solch hochwertiges Game-Erlebnis f\u00fcr Gro\u00df und Klein im Schwabinger Tor bereitstellen zu k\u00f6nnen. Unser Angebot richtet sich sowohl an private Gruppen wie Geburtstagsfeiern oder Jungesell*innen -Abschiede aber auch an Firmenkunden, die die virtuelle Welt in Teambuilding-Events gemeinsam erleben wollen,\u201c so Vetsch \u00fcber das Konzept.<\/p>\n<p>In der \u00fcber 340 m<sup>2<\/sup> gro\u00dfen Fl\u00e4che direkt am Andaz Hotel wurden verschieden gro\u00dfe R\u00e4ume eingerichtet, in denen die Kundinnen und Kunden die meist 60 Minuten Spielzeit verbringen. Sie sind dabei immer durch einen Spielleiter betreut, der in besonders kniffeligen Situationen weiterhilft.<\/p>\n<p>\u201eWir freuen uns, dass wir uns mit VAONS M\u00fcnchen ein \u00fcberzeugendes Angebot aus dem VR-Bereich f\u00fcr das Schwabinger Tor sichern konnten. In diesem Themenfeld werden wir in den kommenden Jahren sicher noch sehr spannende Entwicklungen erleben,\u201c so Dr. Maximilian Gutsche, Gesch\u00e4ftsf\u00fchrer der Jost Hurler Gruppe, in deren Besitz sich das Schwabinger Tor befindet.<\/p>\n<p>Die virtuellen Escaperooms sind auch sonntags ge\u00f6ffnet; die \u00d6ffnungszeiten sind von montags bis sonntags jeweils von 10:30 bis 21:30 Uhr.<\/p>\n<p><a href=\"https:\/\/althallercommunication.de\/wp-content\/uploads\/2022\/04\/PI_Jost_Hurler_VAONS-Escaperoom-am-Schwabinger-Tor.pdf\" target=\"_blank\" rel=\"noopener\">PI zum Download<\/a><\/p>\n<p><a href=\"https:\/\/althallercommunication.de\/wp-content\/uploads\/2022\/04\/Dr.-Maximilian-Gutsche.jpg\" target=\"_blank\" rel=\"noopener\">Bildmaterial zum Download<\/a><\/p>\n<p><a href=\"https:\/\/althallercommunication.de\/wp-content\/uploads\/2022\/04\/VR-Einladung.pdf\" target=\"_blank\" rel=\"noopener\">Einladungsschreiben zum Download<\/a><\/p>\n<h3><strong>\u00dcber die Jost Hurler Gruppe<\/strong><\/h3>\n<p>Die Jost Hurler Beteiligungs und Verwaltungs GmbH &amp; Co. KG entwickelt, vermietet und finanziert bestandseigene Immobilienobjekte in Deutschland und \u00d6sterreich. Wichtige Standorte befinden sich in Bayern, Nordrhein-Westfalen, Berlin und Thu\u0308ringen. Sitz der Jost Hurler Beteiligungs und Verwaltungs GmbH &amp; Co. KG ist Mu\u0308nchen.<\/p>\n<p>Mehr unter <a href=\"http:\/\/www.jost-hurler.de\" target=\"_blank\" rel=\"noopener\">www.jost-hurler.de<\/a><\/p>\n<h3><strong>\u00dcber das Schwabinger Tor<\/strong><\/h3>\n<p>Mit dem Schwabinger Tor an der Leopoldstra\u00dfe in M\u00fcnchen-Schwabing wird ein neues Stadtquartier geschaffen, welches k\u00fcnftigen Lebens- und Arbeitsweisen schon heute Raum gibt. Mit den insgesamt neun Geb\u00e4uden entwickelt sich ein neuer Ort zum Wohnen, Arbeiten, Erleben und Einkaufen. Das Schwabinger Tor, ein bestandseigenes Projekt der Jost Hurler Unternehmensgruppe und eines der gr\u00f6\u00dften innerst\u00e4dtischen Bauprojekte Deutschlands, folgt der Idee des Sharings als Vision eines urbanen Lebensgef\u00fchls. Das Motto \u201eTalente. Teilen. Toleranz.\u201c spiegelt sich in konkreten Angeboten wider wie Car Sharing, Co Working, einer Sharing-App f\u00fcr die Mieter oder gezielter Startup- und Kunstf\u00f6rderung.<\/p>\n<p>Mehr unter <a href=\"http:\/\/schwabinger-tor.de\">http:\/\/schwabinger-tor.de<\/a><\/p>\n<p>https:\/\/althallercommunication.de\/wp-content\/uploads\/2022\/04\/Dr.-Maximilian-Gutsche.jpg<\/p>\n<p><em>&#8220;Wir freuen uns, dass wir uns mit VAONS M\u00fcnchen ein \u00fcberzeugendes Angebot aus dem VR-Bereich f\u00fcr das Schwabinger Tor sichern konnten. In diesem Themenfeld werden wir in den kommenden Jahren sicher noch sehr spannende Entwicklungen erleben,\u201c<\/em> so Dr. Maximilian Gutsche, Gesch\u00e4ftsf\u00fchrer der Jost Hurler Gruppe.<\/p>\n<p><\/p>\n<p>Pressekontakt und Redaktion<br \/>\n<strong>Jacqueline Althaller<br \/>\n<\/strong>ALTHALLER communication Gesellschaft f\u00fcr Marktkommunikation mbH<br \/>\nElisabethstra\u00dfe 13<br \/>\n80796 M\u00fcnchen<\/p>\n<p><em>Bildmaterial stellen wir auf Wunsch gerne zur Verf\u00fcgung.<\/em><\/p>\n<p><\/p>\n<p>+49 (0) 89 38 66 52 60<\/p>\n<p><\/p>\n<p>+49 (0) 89 38 66 52 75<\/p>\n<p><\/p>\n<p><a href=\"mailto:info@althallercommunication.de\">info@althallercommunication.de<\/a><\/p>\n<p><\/p>\n<p><a href=\"https:\/\/althallercommunication.de\/\">www.althallercommunication.de<\/a><\/p>\n<p><\/p>\n","protected":false},"excerpt":{"rendered":"<p>EDEKA und ALDI S\u00dcD teilen sich k\u00fcnftig in der huma Shoppingwelt die Fl\u00e4che in der vom Eigent\u00fcmer sogenannten \u201eStra\u00dfenebene\u201c. Sie liegt direkt am n\u00f6rdlichen Eingang des Centers in Richtung Park und S\u00fcdstra\u00dfe. Hier wird EDEKA ca. 6.800 m\u00b2 der Fl\u00e4che betreiben, ALDI S\u00dcD rund 1.700 m\u00b2.<\/p>\n","protected":false},"author":6,"featured_media":0,"comment_status":"closed","ping_status":"open","sticky":false,"template":"","format":"standard","meta":{"_et_pb_use_builder":"","_et_pb_old_content":"","_et_gb_content_width":"","inline_featured_image":false,"footnotes":""},"categories":[2749,2765,2756,1,2758,2831],"tags":[2393,1499,728,265,2392],"class_list":["post-23336","post","type-post","status-publish","format-standard","hentry","category-ecommerce-retail","category-klassische-pressearbeit","category-kunden-in-den-medien","category-unkategorisiert","category-pressemeldungen","category-schwabinger-tor","tag-escaperoom","tag-jost-hurler-gruppe","tag-muenchen","tag-schwabinger-tor","tag-vaons"],"yoast_head":"<!-- This site is optimized with the Yoast SEO Premium plugin v25.3 (Yoast SEO v27.5) - https:\/\/yoast.com\/product\/yoast-seo-premium-wordpress\/ -->\n<title>Neuer Escaperoom in M\u00fcnchen am Schwabinger Tor<\/title>\n<meta name=\"description\" content=\"Am Samstag, dem 23. April 2022 findet die offizielle Er\u00f6ffnungsfeier des neuen VAONS-Escaperooms in M\u00fcnchen statt. Direkt am Schwabinger Tor.\" \/>\n<meta name=\"robots\" content=\"index, follow, max-snippet:-1, max-image-preview:large, max-video-preview:-1\" \/>\n<link rel=\"canonical\" href=\"https:\/\/althallercommunication.de\/escaperoom-muenchen-schwabinger-tor-2\/\" \/>\n<meta property=\"og:locale\" content=\"en_US\" \/>\n<meta property=\"og:type\" content=\"article\" \/>\n<meta property=\"og:title\" content=\"Copy of Virtuelle Realit\u00e4ten im Schwabinger Tor \u2013 VAONS M\u00fcnchen er\u00f6ffnet VR-Escaperoom an der Leopoldstra\u00dfe\" \/>\n<meta property=\"og:description\" content=\"Am Samstag, dem 23. April 2022 findet die offizielle Er\u00f6ffnungsfeier des neuen VAONS-Escaperooms in M\u00fcnchen statt. Direkt am Schwabinger Tor.\" \/>\n<meta property=\"og:url\" content=\"https:\/\/althallercommunication.de\/escaperoom-muenchen-schwabinger-tor-2\/\" \/>\n<meta property=\"og:site_name\" content=\"althaller communication\" \/>\n<meta property=\"article:publisher\" content=\"https:\/\/www.facebook.com\/althallercommunication\" \/>\n<meta property=\"article:published_time\" content=\"2022-04-21T04:00:17+00:00\" \/>\n<meta property=\"article:modified_time\" content=\"2024-05-14T16:07:57+00:00\" \/>\n<meta name=\"author\" content=\"Jacqueline Althaller\" \/>\n<meta name=\"twitter:card\" content=\"summary_large_image\" \/>\n<meta name=\"twitter:creator\" content=\"@ALTHALLERcom\" \/>\n<meta name=\"twitter:site\" content=\"@ALTHALLERcom\" \/>\n<meta name=\"twitter:label1\" content=\"Written by\" \/>\n\t<meta name=\"twitter:data1\" content=\"Jacqueline Althaller\" \/>\n\t<meta name=\"twitter:label2\" content=\"Est. reading time\" \/>\n\t<meta name=\"twitter:data2\" content=\"9 minutes\" \/>\n<script type=\"application\/ld+json\" class=\"yoast-schema-graph\">{\"@context\":\"https:\\\/\\\/schema.org\",\"@graph\":[{\"@type\":\"Article\",\"@id\":\"https:\\\/\\\/althallercommunication.de\\\/escaperoom-muenchen-schwabinger-tor-2\\\/#article\",\"isPartOf\":{\"@id\":\"https:\\\/\\\/althallercommunication.de\\\/escaperoom-muenchen-schwabinger-tor-2\\\/\"},\"author\":{\"name\":\"Jacqueline Althaller\",\"@id\":\"https:\\\/\\\/althallercommunication.de\\\/#\\\/schema\\\/person\\\/4ca72b5e8d0bebc1f9b3061e463e32ee\"},\"headline\":\"Copy of Virtuelle Realit\u00e4ten im Schwabinger Tor \u2013 VAONS M\u00fcnchen er\u00f6ffnet VR-Escaperoom an der Leopoldstra\u00dfe\",\"datePublished\":\"2022-04-21T04:00:17+00:00\",\"dateModified\":\"2024-05-14T16:07:57+00:00\",\"mainEntityOfPage\":{\"@id\":\"https:\\\/\\\/althallercommunication.de\\\/escaperoom-muenchen-schwabinger-tor-2\\\/\"},\"wordCount\":1217,\"publisher\":{\"@id\":\"https:\\\/\\\/althallercommunication.de\\\/#organization\"},\"keywords\":[\"escaperoom\",\"Jost Hurler Gruppe\",\"M\u00fcnchen\",\"Schwabinger Tor\",\"vaons\"],\"articleSection\":[\"Ecommerce &amp; Retail\",\"Klassische Pressearbeit\",\"Kunden\",\"Others\",\"Pressemeldungen\",\"Schwabinger-Tor\"],\"inLanguage\":\"en-US\"},{\"@type\":\"WebPage\",\"@id\":\"https:\\\/\\\/althallercommunication.de\\\/escaperoom-muenchen-schwabinger-tor-2\\\/\",\"url\":\"https:\\\/\\\/althallercommunication.de\\\/escaperoom-muenchen-schwabinger-tor-2\\\/\",\"name\":\"Neuer Escaperoom in M\u00fcnchen am Schwabinger Tor\",\"isPartOf\":{\"@id\":\"https:\\\/\\\/althallercommunication.de\\\/#website\"},\"datePublished\":\"2022-04-21T04:00:17+00:00\",\"dateModified\":\"2024-05-14T16:07:57+00:00\",\"description\":\"Am Samstag, dem 23. April 2022 findet die offizielle Er\u00f6ffnungsfeier des neuen VAONS-Escaperooms in M\u00fcnchen statt. Direkt am Schwabinger Tor.\",\"breadcrumb\":{\"@id\":\"https:\\\/\\\/althallercommunication.de\\\/escaperoom-muenchen-schwabinger-tor-2\\\/#breadcrumb\"},\"inLanguage\":\"en-US\",\"potentialAction\":[{\"@type\":\"ReadAction\",\"target\":[\"https:\\\/\\\/althallercommunication.de\\\/escaperoom-muenchen-schwabinger-tor-2\\\/\"]}]},{\"@type\":\"BreadcrumbList\",\"@id\":\"https:\\\/\\\/althallercommunication.de\\\/escaperoom-muenchen-schwabinger-tor-2\\\/#breadcrumb\",\"itemListElement\":[{\"@type\":\"ListItem\",\"position\":1,\"name\":\"Startseite\",\"item\":\"https:\\\/\\\/althallercommunication.de\\\/en\\\/\"},{\"@type\":\"ListItem\",\"position\":2,\"name\":\"Copy of Virtuelle Realit\u00e4ten im Schwabinger Tor \u2013 VAONS M\u00fcnchen er\u00f6ffnet VR-Escaperoom an der Leopoldstra\u00dfe\"}]},{\"@type\":\"WebSite\",\"@id\":\"https:\\\/\\\/althallercommunication.de\\\/#website\",\"url\":\"https:\\\/\\\/althallercommunication.de\\\/\",\"name\":\"althaller communication\",\"description\":\"Martkommunikation B2B\",\"publisher\":{\"@id\":\"https:\\\/\\\/althallercommunication.de\\\/#organization\"},\"potentialAction\":[{\"@type\":\"SearchAction\",\"target\":{\"@type\":\"EntryPoint\",\"urlTemplate\":\"https:\\\/\\\/althallercommunication.de\\\/?s={search_term_string}\"},\"query-input\":{\"@type\":\"PropertyValueSpecification\",\"valueRequired\":true,\"valueName\":\"search_term_string\"}}],\"inLanguage\":\"en-US\"},{\"@type\":\"Organization\",\"@id\":\"https:\\\/\\\/althallercommunication.de\\\/#organization\",\"name\":\"ALTHALLER communication\",\"url\":\"https:\\\/\\\/althallercommunication.de\\\/\",\"logo\":{\"@type\":\"ImageObject\",\"inLanguage\":\"en-US\",\"@id\":\"https:\\\/\\\/althallercommunication.de\\\/#\\\/schema\\\/logo\\\/image\\\/\",\"url\":\"https:\\\/\\\/althallercommunication.de\\\/wp-content\\\/uploads\\\/2023\\\/12\\\/althaller_comm_b.png\",\"contentUrl\":\"https:\\\/\\\/althallercommunication.de\\\/wp-content\\\/uploads\\\/2023\\\/12\\\/althaller_comm_b.png\",\"width\":464,\"height\":110,\"caption\":\"ALTHALLER communication\"},\"image\":{\"@id\":\"https:\\\/\\\/althallercommunication.de\\\/#\\\/schema\\\/logo\\\/image\\\/\"},\"sameAs\":[\"https:\\\/\\\/www.facebook.com\\\/althallercommunication\",\"https:\\\/\\\/x.com\\\/ALTHALLERcom\",\"https:\\\/\\\/www.linkedin.com\\\/company\\\/3332596?trk=tyah&amp;amp;amp;trkInfo=tas:COMMUNICATION Presse und PR,idx:1-1-1\"]},{\"@type\":\"Person\",\"@id\":\"https:\\\/\\\/althallercommunication.de\\\/#\\\/schema\\\/person\\\/4ca72b5e8d0bebc1f9b3061e463e32ee\",\"name\":\"Jacqueline Althaller\",\"image\":{\"@type\":\"ImageObject\",\"inLanguage\":\"en-US\",\"@id\":\"https:\\\/\\\/secure.gravatar.com\\\/avatar\\\/2e8cdf7784b763130efe210406ba46634d04913cf12c46cf98b2799d6da47211?s=96&d=mm&r=g\",\"url\":\"https:\\\/\\\/secure.gravatar.com\\\/avatar\\\/2e8cdf7784b763130efe210406ba46634d04913cf12c46cf98b2799d6da47211?s=96&d=mm&r=g\",\"contentUrl\":\"https:\\\/\\\/secure.gravatar.com\\\/avatar\\\/2e8cdf7784b763130efe210406ba46634d04913cf12c46cf98b2799d6da47211?s=96&d=mm&r=g\",\"caption\":\"Jacqueline Althaller\"},\"description\":\"$$$2021hmb8hzb4MD\",\"url\":\"https:\\\/\\\/althallercommunication.de\\\/en\\\/author\\\/jacqueline-althaller\\\/\"}]}<\/script>\n<!-- \/ Yoast SEO Premium plugin. -->","yoast_head_json":{"title":"Neuer Escaperoom in M\u00fcnchen am Schwabinger Tor","description":"Am Samstag, dem 23. April 2022 findet die offizielle Er\u00f6ffnungsfeier des neuen VAONS-Escaperooms in M\u00fcnchen statt. Direkt am Schwabinger Tor.","robots":{"index":"index","follow":"follow","max-snippet":"max-snippet:-1","max-image-preview":"max-image-preview:large","max-video-preview":"max-video-preview:-1"},"canonical":"https:\/\/althallercommunication.de\/escaperoom-muenchen-schwabinger-tor-2\/","og_locale":"en_US","og_type":"article","og_title":"Copy of Virtuelle Realit\u00e4ten im Schwabinger Tor \u2013 VAONS M\u00fcnchen er\u00f6ffnet VR-Escaperoom an der Leopoldstra\u00dfe","og_description":"Am Samstag, dem 23. April 2022 findet die offizielle Er\u00f6ffnungsfeier des neuen VAONS-Escaperooms in M\u00fcnchen statt. Direkt am Schwabinger Tor.","og_url":"https:\/\/althallercommunication.de\/escaperoom-muenchen-schwabinger-tor-2\/","og_site_name":"althaller communication","article_publisher":"https:\/\/www.facebook.com\/althallercommunication","article_published_time":"2022-04-21T04:00:17+00:00","article_modified_time":"2024-05-14T16:07:57+00:00","author":"Jacqueline Althaller","twitter_card":"summary_large_image","twitter_creator":"@ALTHALLERcom","twitter_site":"@ALTHALLERcom","twitter_misc":{"Written by":"Jacqueline Althaller","Est. reading time":"9 minutes"},"schema":{"@context":"https:\/\/schema.org","@graph":[{"@type":"Article","@id":"https:\/\/althallercommunication.de\/escaperoom-muenchen-schwabinger-tor-2\/#article","isPartOf":{"@id":"https:\/\/althallercommunication.de\/escaperoom-muenchen-schwabinger-tor-2\/"},"author":{"name":"Jacqueline Althaller","@id":"https:\/\/althallercommunication.de\/#\/schema\/person\/4ca72b5e8d0bebc1f9b3061e463e32ee"},"headline":"Copy of Virtuelle Realit\u00e4ten im Schwabinger Tor \u2013 VAONS M\u00fcnchen er\u00f6ffnet VR-Escaperoom an der Leopoldstra\u00dfe","datePublished":"2022-04-21T04:00:17+00:00","dateModified":"2024-05-14T16:07:57+00:00","mainEntityOfPage":{"@id":"https:\/\/althallercommunication.de\/escaperoom-muenchen-schwabinger-tor-2\/"},"wordCount":1217,"publisher":{"@id":"https:\/\/althallercommunication.de\/#organization"},"keywords":["escaperoom","Jost Hurler Gruppe","M\u00fcnchen","Schwabinger Tor","vaons"],"articleSection":["Ecommerce &amp; Retail","Klassische Pressearbeit","Kunden","Others","Pressemeldungen","Schwabinger-Tor"],"inLanguage":"en-US"},{"@type":"WebPage","@id":"https:\/\/althallercommunication.de\/escaperoom-muenchen-schwabinger-tor-2\/","url":"https:\/\/althallercommunication.de\/escaperoom-muenchen-schwabinger-tor-2\/","name":"Neuer Escaperoom in M\u00fcnchen am Schwabinger Tor","isPartOf":{"@id":"https:\/\/althallercommunication.de\/#website"},"datePublished":"2022-04-21T04:00:17+00:00","dateModified":"2024-05-14T16:07:57+00:00","description":"Am Samstag, dem 23. April 2022 findet die offizielle Er\u00f6ffnungsfeier des neuen VAONS-Escaperooms in M\u00fcnchen statt. Direkt am Schwabinger Tor.","breadcrumb":{"@id":"https:\/\/althallercommunication.de\/escaperoom-muenchen-schwabinger-tor-2\/#breadcrumb"},"inLanguage":"en-US","potentialAction":[{"@type":"ReadAction","target":["https:\/\/althallercommunication.de\/escaperoom-muenchen-schwabinger-tor-2\/"]}]},{"@type":"BreadcrumbList","@id":"https:\/\/althallercommunication.de\/escaperoom-muenchen-schwabinger-tor-2\/#breadcrumb","itemListElement":[{"@type":"ListItem","position":1,"name":"Startseite","item":"https:\/\/althallercommunication.de\/en\/"},{"@type":"ListItem","position":2,"name":"Copy of Virtuelle Realit\u00e4ten im Schwabinger Tor \u2013 VAONS M\u00fcnchen er\u00f6ffnet VR-Escaperoom an der Leopoldstra\u00dfe"}]},{"@type":"WebSite","@id":"https:\/\/althallercommunication.de\/#website","url":"https:\/\/althallercommunication.de\/","name":"althaller communication","description":"Martkommunikation B2B","publisher":{"@id":"https:\/\/althallercommunication.de\/#organization"},"potentialAction":[{"@type":"SearchAction","target":{"@type":"EntryPoint","urlTemplate":"https:\/\/althallercommunication.de\/?s={search_term_string}"},"query-input":{"@type":"PropertyValueSpecification","valueRequired":true,"valueName":"search_term_string"}}],"inLanguage":"en-US"},{"@type":"Organization","@id":"https:\/\/althallercommunication.de\/#organization","name":"ALTHALLER communication","url":"https:\/\/althallercommunication.de\/","logo":{"@type":"ImageObject","inLanguage":"en-US","@id":"https:\/\/althallercommunication.de\/#\/schema\/logo\/image\/","url":"https:\/\/althallercommunication.de\/wp-content\/uploads\/2023\/12\/althaller_comm_b.png","contentUrl":"https:\/\/althallercommunication.de\/wp-content\/uploads\/2023\/12\/althaller_comm_b.png","width":464,"height":110,"caption":"ALTHALLER communication"},"image":{"@id":"https:\/\/althallercommunication.de\/#\/schema\/logo\/image\/"},"sameAs":["https:\/\/www.facebook.com\/althallercommunication","https:\/\/x.com\/ALTHALLERcom","https:\/\/www.linkedin.com\/company\/3332596?trk=tyah&amp;amp;amp;trkInfo=tas:COMMUNICATION Presse und PR,idx:1-1-1"]},{"@type":"Person","@id":"https:\/\/althallercommunication.de\/#\/schema\/person\/4ca72b5e8d0bebc1f9b3061e463e32ee","name":"Jacqueline Althaller","image":{"@type":"ImageObject","inLanguage":"en-US","@id":"https:\/\/secure.gravatar.com\/avatar\/2e8cdf7784b763130efe210406ba46634d04913cf12c46cf98b2799d6da47211?s=96&d=mm&r=g","url":"https:\/\/secure.gravatar.com\/avatar\/2e8cdf7784b763130efe210406ba46634d04913cf12c46cf98b2799d6da47211?s=96&d=mm&r=g","contentUrl":"https:\/\/secure.gravatar.com\/avatar\/2e8cdf7784b763130efe210406ba46634d04913cf12c46cf98b2799d6da47211?s=96&d=mm&r=g","caption":"Jacqueline Althaller"},"description":"$$$2021hmb8hzb4MD","url":"https:\/\/althallercommunication.de\/en\/author\/jacqueline-althaller\/"}]}},"_links":{"self":[{"href":"https:\/\/althallercommunication.de\/en\/wp-json\/wp\/v2\/posts\/23336","targetHints":{"allow":["GET"]}}],"collection":[{"href":"https:\/\/althallercommunication.de\/en\/wp-json\/wp\/v2\/posts"}],"about":[{"href":"https:\/\/althallercommunication.de\/en\/wp-json\/wp\/v2\/types\/post"}],"author":[{"embeddable":true,"href":"https:\/\/althallercommunication.de\/en\/wp-json\/wp\/v2\/users\/6"}],"replies":[{"embeddable":true,"href":"https:\/\/althallercommunication.de\/en\/wp-json\/wp\/v2\/comments?post=23336"}],"version-history":[{"count":2,"href":"https:\/\/althallercommunication.de\/en\/wp-json\/wp\/v2\/posts\/23336\/revisions"}],"predecessor-version":[{"id":28040,"href":"https:\/\/althallercommunication.de\/en\/wp-json\/wp\/v2\/posts\/23336\/revisions\/28040"}],"wp:attachment":[{"href":"https:\/\/althallercommunication.de\/en\/wp-json\/wp\/v2\/media?parent=23336"}],"wp:term":[{"taxonomy":"category","embeddable":true,"href":"https:\/\/althallercommunication.de\/en\/wp-json\/wp\/v2\/categories?post=23336"},{"taxonomy":"post_tag","embeddable":true,"href":"https:\/\/althallercommunication.de\/en\/wp-json\/wp\/v2\/tags?post=23336"}],"curies":[{"name":"wp","href":"https:\/\/api.w.org\/{rel}","templated":true}]}}