{"id":24283,"date":"2022-10-10T17:27:09","date_gmt":"2022-10-10T15:27:09","guid":{"rendered":"https:\/\/www.althallercommunication.de\/?p=24283"},"modified":"2024-03-01T16:42:09","modified_gmt":"2024-03-01T15:42:09","slug":"zeit-des-lachens-forum-gesellschaftlicher-zusammenhalt","status":"publish","type":"post","link":"https:\/\/althallercommunication.de\/en\/zeit-des-lachens-forum-gesellschaftlicher-zusammenhalt\/","title":{"rendered":"Zeit des Lachens e.V. zu Gast beim 1. Forum f\u00fcr gesellschaftlichen Zusammenhalt"},"content":{"rendered":"<p><\/p>\n<p><strong>M\u00fcnchen, 11. Oktober 2022. \u201e<a href=\"https:\/\/www.zeitdeslachens.de\/\" target=\"_blank\" rel=\"noopener\">Zeit des Lachens e.V.<\/a>\u201c wird am 14. Oktober als Aussteller am 1. Forum f\u00fcr gesellschaftlichen Zusammenhalt teilnehmen und \u00fcber 1.000 Teilnehmern und Besuchern seine Arbeit vorstellen. <\/strong><\/p>\n<p>Das <a href=\"https:\/\/forum-gesellschaft-zusammenhalt.de\/\" target=\"_blank\" rel=\"noopener\">1. FORUM F\u00dcR GESELLSCHAFTLICHEN ZUSAMMENHALT<\/a> stellt soziales Miteinander, Gemeinwohl und gesellschaftliche Verantwortung in den Mittelpunkt. Der Unternehmer Klaus Nussbaum verkn\u00fcpft bei der gro\u00dfen Veranstaltung im <a href=\"https:\/\/www.festspielhaus.de\/\" target=\"_blank\" rel=\"noopener\">Festspielhaus Baden-Baden<\/a> die unterschiedlichen F\u00e4den aus sozialem, politischem, nachhaltigem und kulturellem Engagement zu einem bunten Teppich der Vielfalt &#8211; und gibt dem Ehrenamt eine gro\u00dfe B\u00fchne, um dessen Relevanz sichtbar zu machen und wertvolle Impulse f\u00fcr ein wertsch\u00e4tzendes Miteinander zu setzen.<\/p>\n<p>Mit der Teilnahme folgt der Verein dem <a href=\"https:\/\/www.nussbaum-stiftung.de\/stiftung\" target=\"_blank\" rel=\"noopener\">Ruf des Unternehmers Klaus Nussbaum<\/a>, der erl\u00e4utert: \u201eVerantwortung \u00fcbernehmen, soziales Miteinander vor Ort aktiv mitgestalten, Zusammenhalt entwickeln \u2013 daf\u00fcr steht das 1. Forum f\u00fcr gesellschaftlichen Zusammenhalt\u201c. Gerade in unsicheren Zeiten wie diesen ist gesellschaftliches Engagement ein deutliches Signal daf\u00fcr, was jeder Einzelne leisten kann. Denn der Einsatz f\u00fcr die Gemeinschaft ist nicht nur sinnstiftend, sondern schafft auch gemeinsame Perspektiven.\u201c<\/p>\n<p>Zeit des Lachens e. V. nimmt am 1. FORUM F\u00dcR GESELLSCHAFTLICHEN ZUSAMMENHALT gerne teil, denn die Arbeit des Vereins ist auf ein bundesweit gut funktionierendes Netzwerk angewiesen und ben\u00f6tigt wie alle ehrenamtlichen Initiativen Reichweite, um gesellschaftliche Kraft zu entfalten. Die Idee des Vereins ist es, Menschen in Pflegeeinrichtungen einen \u201eTag des Lachens\u201c zu schenken. So bringt der Verein bereits seit 2006 Lachen, Freude, ganz viel Spa\u00df und vor allem Abwechslung in bundesdeutsche Kinderkliniken. Der Grundgedanke ist Nachhaltigkeit: Was w\u00e4hrend eines Besuches vermittelt wird, soll langfristig positiv in den Klinikalltag hineinwirken. Das Engagement des Vereins \u201eZeit des Lachens\u201c richtet sich \u2013 im Gegensatz zu vielen anderen ehrenamtlichen Initiativen \u2013 nicht ausschlie\u00dflich an Kinder, sondern bindet gezielt auch Erwachsene in sein Konzept ein.<\/p>\n<p>\u201eKlinikaufenthalte bedeuten gerade f\u00fcr Kinder eine extrem belastende Situation, welche sie aus dem vertrauten Umfeld rei\u00dft. Sie verlassen ihr soziales Beziehungsnetz und sind deshalb besonderen Stresssituationen ausgesetzt. Und auch Eltern und Geschwister der kleinen Patienten kommen nicht zur Ruhe. \u00dcber Monate findet das Familienleben im Krankenhaus statt und ist gepr\u00e4gt von Hoffen und Bangen. \u00c4rzte und Pflegepersonal erbringen t\u00e4glich H\u00f6chstleistungen \u2013 das Lachen f\u00e4llt in solchen Situationen allen Beteiligten schwer,\u201c erl\u00e4utert Gr\u00fcnderin Jacqueline Althaller.<\/p>\n<p>Weil es mit Beginn der Pandemie f\u00fcr den Verein unm\u00f6glich wurde, weiterhin die Kliniken zu besuchen, hat Zeit des Lachens die \u201e<a href=\"https:\/\/lachwoche.de\/\" target=\"_blank\" rel=\"noopener\">Digitale Lachwoche<\/a>\u201c ins Leben gerufen: Damit steht ein hochwertiges und ma\u00dfgeschneidertes Programm zur Verf\u00fcgung, dass sich von schnelllebigen und werbelastigen Inhalten abhebt und die Kinder in den Mittelpunkt stellt.<\/p>\n<p>Das digitale Format macht es m\u00f6glich, die unterhaltsame und spannende Woche \u00fcber den Klinikrand hinaus einer breiten Masse zug\u00e4nglich zu machen \u2013 f\u00fcr einen positiven Impuls in einer doch recht grauen Zeit. Das Format richtet sich an Gro\u00df und Klein, Jung und Alt und wird von Freunden und F\u00f6rderern des Vereins sowie einer Vielzahl von Prominenten getragen. Die Teilnahme ist selbstverst\u00e4ndlich kostenlos.<\/p>\n<p>\u201eGerade Kinderpatienten haben es derzeit in den Kliniken besonders schwer. Kaum jemand darf sie besuchen kommen, Weihnachten f\u00e4llt f\u00fcr sie quasi aus. Da setzen wir mit der \u201eDigitalen Lachwoche\u201c an. Wir m\u00f6chten Kindern, Angeh\u00f6rigen und dem Klinikpersonal die Zeit versch\u00f6nern und Abwechslung im Klinikalltag schaffen. Gleichzeitig k\u00f6nnen wir Dank Spendengelder f\u00fcr die Lachwoche K\u00fcnstlerInnen unterst\u00fctzen, die es in der aktuellen Situation finanziell ebenfalls nicht leicht haben\u201c, erl\u00e4utert Althaller weiter.<\/p>\n<p>Dieses Anliegen beim 1. Forum f\u00fcr gesellschaftlichen Zusammenhalt einer gro\u00dfen \u00d6ffentlichkeit vorzustellen ist f\u00fcr den Verein nicht nur Anerkennung seiner bisherigen Arbeit. Es ist vor allem auch die Gelegenheit, f\u00fcr die Zukunft weitere engagierte Mitstreiter und Unterst\u00fctzer zu finden und mit diesen f\u00fcr Kinder in Kliniken und Pflegeeinrichtungen f\u00fcr etwas Spa\u00df und Abwechslung zu sorgen. Schlie\u00dflich sind es gerade die kleinen Patienten, die hier oftmals nicht viel zu lachen haben und die besonders unter den in Corona-Zeiten eingeschr\u00e4nkten Kontaktm\u00f6glichkeiten leiden.<\/p>\n<h2><strong>\u00dcber Zeit des Lachens e.V.<\/strong><\/h2>\n<p>Lachen, Freude, ganz viel Spa\u00df und vor allem Abwechslung: Das bringt der \u201eZeit des Lachens e.V.\u201c den kleinen Patienten, ihren Angeh\u00f6rigen und dem Personal in bundesdeutschen Kinderkliniken. Der Grundgedanke ist Nachhaltigkeit: Was w\u00e4hrend eines Besuches vermittelt wird, soll langfristig positiv in den Klinikalltag hineinwirken. Initiiert wurde die Aktion bereits in 2005, nach einem Konzept der M\u00fcnchner Agentur ALTHALLER communication. Im Mai 2009 ist aus der Initiative der Verein \u201eZeit des Lachens e.V.\u201c mit Sitz in M\u00fcnchen hervorgegangen. Weitere Informationen unter: <a href=\"http:\/\/www.zeitdeslachens.de\">www.zeitdeslachens.de<\/a><\/p>\n<p>Weitere Informationen unter: <a href=\"http:\/\/www.zeitdeslachens.de\">www.zeitdeslachens.de<\/a><\/p>\n<p><a href=\"https:\/\/althallercommunication.de\/wp-content\/uploads\/2022\/10\/20221011_PI_Forum_ZdL.pdf\" target=\"_blank\" rel=\"noopener\">PI zum Download<\/a><\/p>\n<p><a href=\"https:\/\/althallercommunication.de\/wp-content\/uploads\/2022\/05\/Jacqueline_Althaller-scaled.jpg\" target=\"_blank\" rel=\"noopener\">Bildmaterial<\/a><\/p>\n<p>https:\/\/althallercommunication.de\/wp-content\/uploads\/2021\/10\/Jacqueline_Althaller-1280&#215;911-1-300&#215;214.jpg<\/p>\n<p>\u201eKlinikaufenthalte bedeuten gerade f\u00fcr Kinder eine extrem belastende Situation, welche sie aus dem vertrauten Umfeld rei\u00dft. Sie verlassen ihr soziales Beziehungsnetz und sind deshalb besonderen Stresssituationen ausgesetzt. Und auch Eltern und Geschwister der kleinen Patienten kommen nicht zur Ruhe. \u00dcber Monate findet das Familienleben im Krankenhaus statt und ist gepr\u00e4gt von Hoffen und Bangen. \u00c4rzte und Pflegepersonal erbringen t\u00e4glich H\u00f6chstleistungen \u2013 das Lachen f\u00e4llt in solchen Situationen allen Beteiligten schwer,\u201c erl\u00e4utert Gr\u00fcnderin Jacqueline Althaller.<\/p>\n<p><\/p>\n<p>Pressekontakt und Redaktion<br \/>\n<strong>Laura Budischin<br \/>\n<\/strong>ALTHALLER communication Gesellschaft f\u00fcr Marktkommunikation mbH<\/p>\n<p>Elisabethstra\u00dfe 13<br \/>\n80796 M\u00fcnchen<\/p>\n<p><em>Bildmaterial stellen wir auf Wunsch gerne zur Verf\u00fcgung.<\/em><\/p>\n<p><\/p>\n<p>+49 (0) 89 38 66 52 61<\/p>\n<p><\/p>\n<p>+49 (0) 89 38 66 52 75<\/p>\n<p><\/p>\n<p><a href=\"mailto:info@althallercommunication.de\">info@althallercommunication.de<\/a><\/p>\n<p><\/p>\n<p><a href=\"https:\/\/althallercommunication.de\/\">www.althallercommunication.de<\/a><\/p>\n<p><\/p>\n","protected":false},"excerpt":{"rendered":"<p><strong>Zeit des Lachens e.V.<\/strong> | M\u00fcnchen: 11.10.2022<\/br> \u201eZeit des Lachens e.V.\u201c wird am 14. Oktober als Aussteller am 1. Forum f\u00fcr gesellschaftlichen Zusammenhalt teilnehmen und dessen \u00fcber 1.000 Teilnehmern und Besuchern seine Arbeit vorstellen. <\/p>\n","protected":false},"author":6,"featured_media":0,"comment_status":"closed","ping_status":"open","sticky":false,"template":"","format":"standard","meta":{"_et_pb_use_builder":"","_et_pb_old_content":"","_et_gb_content_width":"","inline_featured_image":false,"footnotes":""},"categories":[2752,2765,2756,1,2758,2766,2829],"tags":[1922,1921,1018,1917,2290,1935],"class_list":["post-24283","post","type-post","status-publish","format-standard","hentry","category-healthcare","category-klassische-pressearbeit","category-kunden-in-den-medien","category-unkategorisiert","category-pressemeldungen","category-social-media","category-zeit-des-lachens","tag-gemeinnuetzigkeit","tag-guter-zweck","tag-kooperation","tag-lachwoche","tag-so-geht-wow","tag-zeit-des-lachens-e-v"],"yoast_head":"<!-- This site is optimized with the Yoast SEO Premium plugin v25.3 (Yoast SEO v27.5) - https:\/\/yoast.com\/product\/yoast-seo-premium-wordpress\/ -->\n<title>Zeit des Lachens beim Forum f\u00fcr gesellschaftlichen Zusammenhalt<\/title>\n<meta name=\"description\" content=\"Zeit des Lachens e.V. ist am 14. Oktober zu Gast beim 1. Forum f\u00fcr gesellschaftlichen Zusammenhalt. Erfahren Sie mehr!\" \/>\n<meta name=\"robots\" content=\"index, follow, max-snippet:-1, max-image-preview:large, max-video-preview:-1\" \/>\n<link rel=\"canonical\" href=\"https:\/\/althallercommunication.de\/zeit-des-lachens-forum-gesellschaftlicher-zusammenhalt\/\" \/>\n<meta property=\"og:locale\" content=\"en_US\" \/>\n<meta property=\"og:type\" content=\"article\" \/>\n<meta property=\"og:title\" content=\"Zeit des Lachens e.V. zu Gast beim 1. Forum f\u00fcr gesellschaftlichen Zusammenhalt\" \/>\n<meta property=\"og:description\" content=\"Zeit des Lachens e.V. ist am 14. Oktober zu Gast beim 1. Forum f\u00fcr gesellschaftlichen Zusammenhalt. Erfahren Sie mehr!\" \/>\n<meta property=\"og:url\" content=\"https:\/\/althallercommunication.de\/zeit-des-lachens-forum-gesellschaftlicher-zusammenhalt\/\" \/>\n<meta property=\"og:site_name\" content=\"althaller communication\" \/>\n<meta property=\"article:publisher\" content=\"https:\/\/www.facebook.com\/althallercommunication\" \/>\n<meta property=\"article:published_time\" content=\"2022-10-10T15:27:09+00:00\" \/>\n<meta property=\"article:modified_time\" content=\"2024-03-01T15:42:09+00:00\" \/>\n<meta name=\"author\" content=\"Jacqueline Althaller\" \/>\n<meta name=\"twitter:card\" content=\"summary_large_image\" \/>\n<meta name=\"twitter:creator\" content=\"@ALTHALLERcom\" \/>\n<meta name=\"twitter:site\" content=\"@ALTHALLERcom\" \/>\n<meta name=\"twitter:label1\" content=\"Written by\" \/>\n\t<meta name=\"twitter:data1\" content=\"Jacqueline Althaller\" \/>\n\t<meta name=\"twitter:label2\" content=\"Est. reading time\" \/>\n\t<meta name=\"twitter:data2\" content=\"6 minutes\" \/>\n<script type=\"application\/ld+json\" class=\"yoast-schema-graph\">{\"@context\":\"https:\\\/\\\/schema.org\",\"@graph\":[{\"@type\":\"Article\",\"@id\":\"https:\\\/\\\/althallercommunication.de\\\/zeit-des-lachens-forum-gesellschaftlicher-zusammenhalt\\\/#article\",\"isPartOf\":{\"@id\":\"https:\\\/\\\/althallercommunication.de\\\/zeit-des-lachens-forum-gesellschaftlicher-zusammenhalt\\\/\"},\"author\":{\"name\":\"Jacqueline Althaller\",\"@id\":\"https:\\\/\\\/althallercommunication.de\\\/#\\\/schema\\\/person\\\/4ca72b5e8d0bebc1f9b3061e463e32ee\"},\"headline\":\"Zeit des Lachens e.V. zu Gast beim 1. Forum f\u00fcr gesellschaftlichen Zusammenhalt\",\"datePublished\":\"2022-10-10T15:27:09+00:00\",\"dateModified\":\"2024-03-01T15:42:09+00:00\",\"mainEntityOfPage\":{\"@id\":\"https:\\\/\\\/althallercommunication.de\\\/zeit-des-lachens-forum-gesellschaftlicher-zusammenhalt\\\/\"},\"wordCount\":1518,\"publisher\":{\"@id\":\"https:\\\/\\\/althallercommunication.de\\\/#organization\"},\"keywords\":[\"Gemeinn\u00fctzigkeit\",\"guter Zweck\",\"Kooperation\",\"Lachwoche\",\"SO GEHT WOW.\",\"Zeit des Lachens e.V.\"],\"articleSection\":[\"Healthcare\",\"Klassische Pressearbeit\",\"Kunden\",\"Others\",\"Pressemeldungen\",\"Social Media\",\"Zeit des Lachens\"],\"inLanguage\":\"en-US\"},{\"@type\":\"WebPage\",\"@id\":\"https:\\\/\\\/althallercommunication.de\\\/zeit-des-lachens-forum-gesellschaftlicher-zusammenhalt\\\/\",\"url\":\"https:\\\/\\\/althallercommunication.de\\\/zeit-des-lachens-forum-gesellschaftlicher-zusammenhalt\\\/\",\"name\":\"Zeit des Lachens beim Forum f\u00fcr gesellschaftlichen Zusammenhalt\",\"isPartOf\":{\"@id\":\"https:\\\/\\\/althallercommunication.de\\\/#website\"},\"datePublished\":\"2022-10-10T15:27:09+00:00\",\"dateModified\":\"2024-03-01T15:42:09+00:00\",\"description\":\"Zeit des Lachens e.V. ist am 14. Oktober zu Gast beim 1. Forum f\u00fcr gesellschaftlichen Zusammenhalt. Erfahren Sie mehr!\",\"breadcrumb\":{\"@id\":\"https:\\\/\\\/althallercommunication.de\\\/zeit-des-lachens-forum-gesellschaftlicher-zusammenhalt\\\/#breadcrumb\"},\"inLanguage\":\"en-US\",\"potentialAction\":[{\"@type\":\"ReadAction\",\"target\":[\"https:\\\/\\\/althallercommunication.de\\\/zeit-des-lachens-forum-gesellschaftlicher-zusammenhalt\\\/\"]}]},{\"@type\":\"BreadcrumbList\",\"@id\":\"https:\\\/\\\/althallercommunication.de\\\/zeit-des-lachens-forum-gesellschaftlicher-zusammenhalt\\\/#breadcrumb\",\"itemListElement\":[{\"@type\":\"ListItem\",\"position\":1,\"name\":\"Startseite\",\"item\":\"https:\\\/\\\/althallercommunication.de\\\/en\\\/\"},{\"@type\":\"ListItem\",\"position\":2,\"name\":\"Zeit des Lachens e.V. zu Gast beim 1. Forum f\u00fcr gesellschaftlichen Zusammenhalt\"}]},{\"@type\":\"WebSite\",\"@id\":\"https:\\\/\\\/althallercommunication.de\\\/#website\",\"url\":\"https:\\\/\\\/althallercommunication.de\\\/\",\"name\":\"althaller communication\",\"description\":\"Martkommunikation B2B\",\"publisher\":{\"@id\":\"https:\\\/\\\/althallercommunication.de\\\/#organization\"},\"potentialAction\":[{\"@type\":\"SearchAction\",\"target\":{\"@type\":\"EntryPoint\",\"urlTemplate\":\"https:\\\/\\\/althallercommunication.de\\\/?s={search_term_string}\"},\"query-input\":{\"@type\":\"PropertyValueSpecification\",\"valueRequired\":true,\"valueName\":\"search_term_string\"}}],\"inLanguage\":\"en-US\"},{\"@type\":\"Organization\",\"@id\":\"https:\\\/\\\/althallercommunication.de\\\/#organization\",\"name\":\"ALTHALLER communication\",\"url\":\"https:\\\/\\\/althallercommunication.de\\\/\",\"logo\":{\"@type\":\"ImageObject\",\"inLanguage\":\"en-US\",\"@id\":\"https:\\\/\\\/althallercommunication.de\\\/#\\\/schema\\\/logo\\\/image\\\/\",\"url\":\"https:\\\/\\\/althallercommunication.de\\\/wp-content\\\/uploads\\\/2023\\\/12\\\/althaller_comm_b.png\",\"contentUrl\":\"https:\\\/\\\/althallercommunication.de\\\/wp-content\\\/uploads\\\/2023\\\/12\\\/althaller_comm_b.png\",\"width\":464,\"height\":110,\"caption\":\"ALTHALLER communication\"},\"image\":{\"@id\":\"https:\\\/\\\/althallercommunication.de\\\/#\\\/schema\\\/logo\\\/image\\\/\"},\"sameAs\":[\"https:\\\/\\\/www.facebook.com\\\/althallercommunication\",\"https:\\\/\\\/x.com\\\/ALTHALLERcom\",\"https:\\\/\\\/www.linkedin.com\\\/company\\\/3332596?trk=tyah&amp;amp;amp;trkInfo=tas:COMMUNICATION Presse und PR,idx:1-1-1\"]},{\"@type\":\"Person\",\"@id\":\"https:\\\/\\\/althallercommunication.de\\\/#\\\/schema\\\/person\\\/4ca72b5e8d0bebc1f9b3061e463e32ee\",\"name\":\"Jacqueline Althaller\",\"image\":{\"@type\":\"ImageObject\",\"inLanguage\":\"en-US\",\"@id\":\"https:\\\/\\\/secure.gravatar.com\\\/avatar\\\/2e8cdf7784b763130efe210406ba46634d04913cf12c46cf98b2799d6da47211?s=96&d=mm&r=g\",\"url\":\"https:\\\/\\\/secure.gravatar.com\\\/avatar\\\/2e8cdf7784b763130efe210406ba46634d04913cf12c46cf98b2799d6da47211?s=96&d=mm&r=g\",\"contentUrl\":\"https:\\\/\\\/secure.gravatar.com\\\/avatar\\\/2e8cdf7784b763130efe210406ba46634d04913cf12c46cf98b2799d6da47211?s=96&d=mm&r=g\",\"caption\":\"Jacqueline Althaller\"},\"description\":\"$$$2021hmb8hzb4MD\",\"url\":\"https:\\\/\\\/althallercommunication.de\\\/en\\\/author\\\/jacqueline-althaller\\\/\"}]}<\/script>\n<!-- \/ Yoast SEO Premium plugin. -->","yoast_head_json":{"title":"Zeit des Lachens beim Forum f\u00fcr gesellschaftlichen Zusammenhalt","description":"Zeit des Lachens e.V. ist am 14. Oktober zu Gast beim 1. Forum f\u00fcr gesellschaftlichen Zusammenhalt. Erfahren Sie mehr!","robots":{"index":"index","follow":"follow","max-snippet":"max-snippet:-1","max-image-preview":"max-image-preview:large","max-video-preview":"max-video-preview:-1"},"canonical":"https:\/\/althallercommunication.de\/zeit-des-lachens-forum-gesellschaftlicher-zusammenhalt\/","og_locale":"en_US","og_type":"article","og_title":"Zeit des Lachens e.V. zu Gast beim 1. Forum f\u00fcr gesellschaftlichen Zusammenhalt","og_description":"Zeit des Lachens e.V. ist am 14. Oktober zu Gast beim 1. Forum f\u00fcr gesellschaftlichen Zusammenhalt. Erfahren Sie mehr!","og_url":"https:\/\/althallercommunication.de\/zeit-des-lachens-forum-gesellschaftlicher-zusammenhalt\/","og_site_name":"althaller communication","article_publisher":"https:\/\/www.facebook.com\/althallercommunication","article_published_time":"2022-10-10T15:27:09+00:00","article_modified_time":"2024-03-01T15:42:09+00:00","author":"Jacqueline Althaller","twitter_card":"summary_large_image","twitter_creator":"@ALTHALLERcom","twitter_site":"@ALTHALLERcom","twitter_misc":{"Written by":"Jacqueline Althaller","Est. reading time":"6 minutes"},"schema":{"@context":"https:\/\/schema.org","@graph":[{"@type":"Article","@id":"https:\/\/althallercommunication.de\/zeit-des-lachens-forum-gesellschaftlicher-zusammenhalt\/#article","isPartOf":{"@id":"https:\/\/althallercommunication.de\/zeit-des-lachens-forum-gesellschaftlicher-zusammenhalt\/"},"author":{"name":"Jacqueline Althaller","@id":"https:\/\/althallercommunication.de\/#\/schema\/person\/4ca72b5e8d0bebc1f9b3061e463e32ee"},"headline":"Zeit des Lachens e.V. zu Gast beim 1. Forum f\u00fcr gesellschaftlichen Zusammenhalt","datePublished":"2022-10-10T15:27:09+00:00","dateModified":"2024-03-01T15:42:09+00:00","mainEntityOfPage":{"@id":"https:\/\/althallercommunication.de\/zeit-des-lachens-forum-gesellschaftlicher-zusammenhalt\/"},"wordCount":1518,"publisher":{"@id":"https:\/\/althallercommunication.de\/#organization"},"keywords":["Gemeinn\u00fctzigkeit","guter Zweck","Kooperation","Lachwoche","SO GEHT WOW.","Zeit des Lachens e.V."],"articleSection":["Healthcare","Klassische Pressearbeit","Kunden","Others","Pressemeldungen","Social Media","Zeit des Lachens"],"inLanguage":"en-US"},{"@type":"WebPage","@id":"https:\/\/althallercommunication.de\/zeit-des-lachens-forum-gesellschaftlicher-zusammenhalt\/","url":"https:\/\/althallercommunication.de\/zeit-des-lachens-forum-gesellschaftlicher-zusammenhalt\/","name":"Zeit des Lachens beim Forum f\u00fcr gesellschaftlichen Zusammenhalt","isPartOf":{"@id":"https:\/\/althallercommunication.de\/#website"},"datePublished":"2022-10-10T15:27:09+00:00","dateModified":"2024-03-01T15:42:09+00:00","description":"Zeit des Lachens e.V. ist am 14. Oktober zu Gast beim 1. Forum f\u00fcr gesellschaftlichen Zusammenhalt. Erfahren Sie mehr!","breadcrumb":{"@id":"https:\/\/althallercommunication.de\/zeit-des-lachens-forum-gesellschaftlicher-zusammenhalt\/#breadcrumb"},"inLanguage":"en-US","potentialAction":[{"@type":"ReadAction","target":["https:\/\/althallercommunication.de\/zeit-des-lachens-forum-gesellschaftlicher-zusammenhalt\/"]}]},{"@type":"BreadcrumbList","@id":"https:\/\/althallercommunication.de\/zeit-des-lachens-forum-gesellschaftlicher-zusammenhalt\/#breadcrumb","itemListElement":[{"@type":"ListItem","position":1,"name":"Startseite","item":"https:\/\/althallercommunication.de\/en\/"},{"@type":"ListItem","position":2,"name":"Zeit des Lachens e.V. zu Gast beim 1. Forum f\u00fcr gesellschaftlichen Zusammenhalt"}]},{"@type":"WebSite","@id":"https:\/\/althallercommunication.de\/#website","url":"https:\/\/althallercommunication.de\/","name":"althaller communication","description":"Martkommunikation B2B","publisher":{"@id":"https:\/\/althallercommunication.de\/#organization"},"potentialAction":[{"@type":"SearchAction","target":{"@type":"EntryPoint","urlTemplate":"https:\/\/althallercommunication.de\/?s={search_term_string}"},"query-input":{"@type":"PropertyValueSpecification","valueRequired":true,"valueName":"search_term_string"}}],"inLanguage":"en-US"},{"@type":"Organization","@id":"https:\/\/althallercommunication.de\/#organization","name":"ALTHALLER communication","url":"https:\/\/althallercommunication.de\/","logo":{"@type":"ImageObject","inLanguage":"en-US","@id":"https:\/\/althallercommunication.de\/#\/schema\/logo\/image\/","url":"https:\/\/althallercommunication.de\/wp-content\/uploads\/2023\/12\/althaller_comm_b.png","contentUrl":"https:\/\/althallercommunication.de\/wp-content\/uploads\/2023\/12\/althaller_comm_b.png","width":464,"height":110,"caption":"ALTHALLER communication"},"image":{"@id":"https:\/\/althallercommunication.de\/#\/schema\/logo\/image\/"},"sameAs":["https:\/\/www.facebook.com\/althallercommunication","https:\/\/x.com\/ALTHALLERcom","https:\/\/www.linkedin.com\/company\/3332596?trk=tyah&amp;amp;amp;trkInfo=tas:COMMUNICATION Presse und PR,idx:1-1-1"]},{"@type":"Person","@id":"https:\/\/althallercommunication.de\/#\/schema\/person\/4ca72b5e8d0bebc1f9b3061e463e32ee","name":"Jacqueline Althaller","image":{"@type":"ImageObject","inLanguage":"en-US","@id":"https:\/\/secure.gravatar.com\/avatar\/2e8cdf7784b763130efe210406ba46634d04913cf12c46cf98b2799d6da47211?s=96&d=mm&r=g","url":"https:\/\/secure.gravatar.com\/avatar\/2e8cdf7784b763130efe210406ba46634d04913cf12c46cf98b2799d6da47211?s=96&d=mm&r=g","contentUrl":"https:\/\/secure.gravatar.com\/avatar\/2e8cdf7784b763130efe210406ba46634d04913cf12c46cf98b2799d6da47211?s=96&d=mm&r=g","caption":"Jacqueline Althaller"},"description":"$$$2021hmb8hzb4MD","url":"https:\/\/althallercommunication.de\/en\/author\/jacqueline-althaller\/"}]}},"_links":{"self":[{"href":"https:\/\/althallercommunication.de\/en\/wp-json\/wp\/v2\/posts\/24283","targetHints":{"allow":["GET"]}}],"collection":[{"href":"https:\/\/althallercommunication.de\/en\/wp-json\/wp\/v2\/posts"}],"about":[{"href":"https:\/\/althallercommunication.de\/en\/wp-json\/wp\/v2\/types\/post"}],"author":[{"embeddable":true,"href":"https:\/\/althallercommunication.de\/en\/wp-json\/wp\/v2\/users\/6"}],"replies":[{"embeddable":true,"href":"https:\/\/althallercommunication.de\/en\/wp-json\/wp\/v2\/comments?post=24283"}],"version-history":[{"count":5,"href":"https:\/\/althallercommunication.de\/en\/wp-json\/wp\/v2\/posts\/24283\/revisions"}],"predecessor-version":[{"id":29028,"href":"https:\/\/althallercommunication.de\/en\/wp-json\/wp\/v2\/posts\/24283\/revisions\/29028"}],"wp:attachment":[{"href":"https:\/\/althallercommunication.de\/en\/wp-json\/wp\/v2\/media?parent=24283"}],"wp:term":[{"taxonomy":"category","embeddable":true,"href":"https:\/\/althallercommunication.de\/en\/wp-json\/wp\/v2\/categories?post=24283"},{"taxonomy":"post_tag","embeddable":true,"href":"https:\/\/althallercommunication.de\/en\/wp-json\/wp\/v2\/tags?post=24283"}],"curies":[{"name":"wp","href":"https:\/\/api.w.org\/{rel}","templated":true}]}}