{"id":24468,"date":"2022-11-17T08:02:15","date_gmt":"2022-11-17T07:02:15","guid":{"rendered":"https:\/\/www.althallercommunication.de\/?p=24468"},"modified":"2024-05-14T18:07:52","modified_gmt":"2024-05-14T16:07:52","slug":"weihnachtsmarkt-am-schwabinger-tor","status":"publish","type":"post","link":"https:\/\/althallercommunication.de\/en\/weihnachtsmarkt-am-schwabinger-tor\/","title":{"rendered":"TROPICAL XMAS: K\u00fcnstler-Weihnachtsmarkt am Schwabinger Tor"},"content":{"rendered":"<p><\/p>\n<h2><strong>Palmen, Hot Mai Tai und Mandolinen-Kl\u00e4nge \u2013 au\u00dfergew\u00f6hnlicher Weihnachtsmarkt am ersten Adventwochenende in der Leopoldstra\u00dfe<br \/>\n<\/strong><\/h2>\n<p><strong>M\u00fcnchen, 17. November 2022. <\/strong><strong>Endlich wieder Weihnachtsmarkt \u2013 und dann gleich wie ein kleiner Urlaub. Das <\/strong><a href=\"https:\/\/www.schwabinger-tor.de\/\" target=\"_blank\" rel=\"noopener\"><strong>Schwabinger Tor<\/strong><\/a><strong> l\u00e4dt am 26. und 27. November mit der K\u00fcnstlergruppe super+ zu seinem Weihnachtsmarkt unter Palmen ein \u2013 und alle sind willkommen!<\/strong><\/p>\n<p>Das Besondere: In der Rohbaufl\u00e4che der ehemaligen Pop-Up-Galerie in der Leopoldstra\u00dfe 162 pr\u00e4sentieren K\u00fcnstler am ersten Adventswochenende bei tropischem Flair nicht nur ihre Werke. Zwischen geschm\u00fcckten Palmen, Livemusik und hei\u00dfen Cocktails haben die Besucherinnen und Besucher auch die M\u00f6glichkeit, die K\u00fcnstler pers\u00f6nlich kennen zu lernen und sich mit ihnen auszutauschen. Sie k\u00f6nnen zudem eine entspannte Zeit in der tropischen Lounge, an der Cocktail-Bar und den \u00fcber 25 St\u00e4nden genie\u00dfen und au\u00dfergew\u00f6hnliche Weihnachtsgeschenke f\u00fcr Ihre Freunde und Familie erwerben. Das Spektrum reicht dabei von Malerei \u00fcber Fotografie bis hin zu Keramik.<\/p>\n<p>\u201eDer kreative Weihnachtsmarkt ist am Samstag, den 26. November von 14 Uhr bis 21 Uhr ge\u00f6ffnet;\u201c so Steffen Warlich, Pressesprecher der Jost Hurler Gruppe, \u201eund wir freuen uns auf viele Besucher. Sonntags \u00fcbrigens zwischen 12 und 18 Uhr\u201c. Zu den ausstellenden K\u00fcnstlerinnen und K\u00fcnstlern geh\u00f6ren unter anderem Lisa Gehres, Anastassia Pandi, artbyeisinger, Claude Jones, Juan Tardivo, Martina Bohnenstiel, Otto Kirchhoff, Yana Rishe, Florian Riemerschmid und viele weitere: Einen \u00dcberblick \u00fcber alle K\u00fcnstler erhalten Interessierte auf der <a href=\"https:\/\/www.schwabinger-tor.de\/news\/tropical-x-mas-mit-super\/\" target=\"_blank\" rel=\"noopener\">Internetseite des Schwabinger Tors<\/a>.<\/p>\n<p>Musikalische Begleitung gibt es unter anderem durch Livemusik und die DJs von \u00bbStubenrave\u00ab.<\/p>\n<p>\u00dcbrigens: Bei Google Streetview k\u00f6nnen Sie das Schwabinger Tor <a href=\"https:\/\/www.google.com\/maps\/@48.1729169,11.5865498,3a,75y,143.69h,84.52t\/data=!3m6!1e1!3m4!1sAF1QipMSpuj22JN1ogp4S0tew_VmA0-LVZdYPvJNP_cK!2e10!7i12000!8i6000\" target=\"_blank\" rel=\"noopener\">virtuell begehen<\/a> \u2013 und direkt einen Treffpunkt vereinbaren!<\/p>\n<h3><strong>\u00dcber das Schwabinger Tor<\/strong><\/h3>\n<p>Mit dem Schwabinger Tor wurde entlang der Leopoldstra\u00dfe in M\u00fcnchen-Schwabing auf gut einem halben Kilometer ein Stadtquartier geschaffen, welches k\u00fcnftigen Lebens- und Arbeitsweisen schon heute Raum gibt. Mit den insgesamt neun Geb\u00e4uden ist ein neuer Ort zum Wohnen, Arbeiten, Erleben und Einkaufen entstanden. Das Schwabinger Tor, ein bestandseigenes Projekt der Jost Hurler Unternehmensgruppe, folgt der Idee des Sharings als Vision eines urbanen Lebensgef\u00fchls. Das Motto \u201eTalente. Teilen. Toleranz.\u201c spiegelt sich in konkreten Angeboten wider wie Car Sharing, Co Working, einer Sharing-App f\u00fcr die Mieter oder gezielter Kunstf\u00f6rderung. Mehr unter <a href=\"http:\/\/schwabinger-tor.de\" target=\"_blank\" rel=\"noopener\">http:\/\/schwabinger-tor.de<\/a><\/p>\n<h3><strong>\u00dcber die Jost Hurler Gruppe<\/strong><\/h3>\n<p>Die Jost Hurler Beteiligungs und Verwaltungs GmbH &amp; Co. KG entwickelt, vermietet und finanziert bestandseigene Immobilienobjekte in Deutschland und \u00d6sterreich. Wichtige Standorte befinden sich in Bayern, Nordrhein-Westfalen, Berlin und Thu\u0308ringen. Sitz der Jost Hurler Beteiligungs und Verwaltungs GmbH &amp; Co. KG ist Mu\u0308nchen. Mehr unter <a href=\"http:\/\/www.jost-hurler.de\" target=\"_blank\" rel=\"noopener\">www.jost-hurler.de<\/a><\/p>\n<h3><strong>\u00dcber super+ <\/strong><\/h3>\n<p>Die K\u00fcnstlergemeinschaft super+ wurde 2012 von dem Bildhauer Alexander Deubl, dem Maler Christian Muscheid und dem Produktdesigner und Innenarchitekten Konstantin Landuris ins Leben gerufen. super+ stellt sich die Aufgabe des Zusammenarbeitens im Kollektiv. Dabei werden nicht nur eigene Kunstprojekte umgesetzt, Raum f\u00fcr Kreative aus allen Sparten geschaffen, Ausstellungen und Projekte im \u00f6ffentlichen Raum organisiert. Die Gemeinschaft engagiert sich dar\u00fcber hinaus auch in sozialen Bereichen und entwickelt sich permanent dynamisch weiter.<\/p>\n<p><a href=\"https:\/\/althallercommunication.de\/wp-content\/uploads\/2022\/11\/Weihnachtsmarkt_Flyer.pdf\" target=\"_blank\" rel=\"noopener\">K\u00fcnstler-Weihnachtsmarkt am Schwabinger Tor | Ausssteller<\/a><\/p>\n<p><a href=\"https:\/\/althallercommunication.de\/wp-content\/uploads\/2022\/11\/Weihnachtsmarkt_Flyer.pdf\" target=\"_blank\" rel=\"noopener\">Flyer Weihnachtsmarkt am Schwabinger Tor<\/a><\/p>\n<p><a href=\"https:\/\/althallercommunication.de\/wp-content\/uploads\/2022\/11\/Weihnachtsmarkt_Flyer.pdf\" target=\"_blank\" rel=\"noopener\">PI zum Download<\/a><\/p>\n<p>https:\/\/althallercommunication.de\/wp-content\/uploads\/2022\/11\/Kuenstler-Weihnachtsmarkt-Schwabinger-Tor.jpg<\/p>\n<p>Pressekontakt und Redaktion<br \/>\n<strong>Jacqueline Althaller<br \/>\n<\/strong>ALTHALLER communication Gesellschaft f\u00fcr Marktkommunikation mbH<br \/>\nElisabethstra\u00dfe 13<br \/>\n80796 M\u00fcnchen<\/p>\n<p><em>Bildmaterial stellen wir auf Wunsch gerne zur Verf\u00fcgung.<\/em><\/p>\n<p><\/p>\n<p>+49 (0) 89 38 66 52 60<\/p>\n<p><\/p>\n<p>+49 (0) 89 38 66 52 75<\/p>\n<p><\/p>\n<p><a href=\"mailto:info@althallercommunication.de\">info@althallercommunication.de<\/a><\/p>\n<p><\/p>\n<p><a href=\"https:\/\/althallercommunication.de\/\">www.althallercommunication.de<\/a><\/p>\n<p><\/p>\n","protected":false},"excerpt":{"rendered":"<p>Endlich wieder Weihnachtsmarkt \u2013 und dann gleich wie ein kleiner Urlaub. Das Schwabinger Tor l\u00e4dt in der Leopoldstra\u00dfe am 26. und 27. November mit der K\u00fcnstlergruppe super+ zu seinem Weihnachtsmarkt unter Palmen ein \u2013 und alle sind willkommen. Erfahren Sie mehr!<\/p>\n","protected":false},"author":6,"featured_media":0,"comment_status":"closed","ping_status":"open","sticky":false,"template":"","format":"standard","meta":{"_et_pb_use_builder":"","_et_pb_old_content":"","_et_gb_content_width":"","inline_featured_image":false,"footnotes":""},"categories":[2749,2765,2756,1,2758,2831],"tags":[1499,2481,1058,728,265,2482,2480],"class_list":["post-24468","post","type-post","status-publish","format-standard","hentry","category-ecommerce-retail","category-klassische-pressearbeit","category-kunden-in-den-medien","category-unkategorisiert","category-pressemeldungen","category-schwabinger-tor","tag-jost-hurler-gruppe","tag-kuenstler-weihnachtsmarkt","tag-leopoldstrasse","tag-muenchen","tag-schwabinger-tor","tag-tropical-xmas","tag-weihnachtsmarkt"],"yoast_head":"<!-- This site is optimized with the Yoast SEO Premium plugin v25.3 (Yoast SEO v27.5) - https:\/\/yoast.com\/product\/yoast-seo-premium-wordpress\/ -->\n<title>Sommerfest am Schwabinger Tor - jeder ist willkommen!<\/title>\n<meta name=\"description\" content=\"Lust auf einen fantastischen Weihnachtsmarkt? Dann besuchen Sie am ersten Adventwochenende den K\u00fcnstler-Weihnachtsmarkt am Schwabinger Tor!\" \/>\n<meta name=\"robots\" content=\"index, follow, max-snippet:-1, max-image-preview:large, max-video-preview:-1\" \/>\n<link rel=\"canonical\" href=\"https:\/\/althallercommunication.de\/weihnachtsmarkt-am-schwabinger-tor\/\" \/>\n<meta property=\"og:locale\" content=\"en_US\" \/>\n<meta property=\"og:type\" content=\"article\" \/>\n<meta property=\"og:title\" content=\"TROPICAL XMAS: K\u00fcnstler-Weihnachtsmarkt am Schwabinger Tor\" \/>\n<meta property=\"og:description\" content=\"Lust auf einen fantastischen Weihnachtsmarkt? Dann besuchen Sie am ersten Adventwochenende den K\u00fcnstler-Weihnachtsmarkt am Schwabinger Tor!\" \/>\n<meta property=\"og:url\" content=\"https:\/\/althallercommunication.de\/weihnachtsmarkt-am-schwabinger-tor\/\" \/>\n<meta property=\"og:site_name\" content=\"althaller communication\" \/>\n<meta property=\"article:publisher\" content=\"https:\/\/www.facebook.com\/althallercommunication\" \/>\n<meta property=\"article:published_time\" content=\"2022-11-17T07:02:15+00:00\" \/>\n<meta property=\"article:modified_time\" content=\"2024-05-14T16:07:52+00:00\" \/>\n<meta name=\"author\" content=\"Jacqueline Althaller\" \/>\n<meta name=\"twitter:card\" content=\"summary_large_image\" \/>\n<meta name=\"twitter:creator\" content=\"@ALTHALLERcom\" \/>\n<meta name=\"twitter:site\" content=\"@ALTHALLERcom\" \/>\n<meta name=\"twitter:label1\" content=\"Written by\" \/>\n\t<meta name=\"twitter:data1\" content=\"Jacqueline Althaller\" \/>\n\t<meta name=\"twitter:label2\" content=\"Est. reading time\" \/>\n\t<meta name=\"twitter:data2\" content=\"5 minutes\" \/>\n<script type=\"application\/ld+json\" class=\"yoast-schema-graph\">{\"@context\":\"https:\\\/\\\/schema.org\",\"@graph\":[{\"@type\":\"Article\",\"@id\":\"https:\\\/\\\/althallercommunication.de\\\/weihnachtsmarkt-am-schwabinger-tor\\\/#article\",\"isPartOf\":{\"@id\":\"https:\\\/\\\/althallercommunication.de\\\/weihnachtsmarkt-am-schwabinger-tor\\\/\"},\"author\":{\"name\":\"Jacqueline Althaller\",\"@id\":\"https:\\\/\\\/althallercommunication.de\\\/#\\\/schema\\\/person\\\/4ca72b5e8d0bebc1f9b3061e463e32ee\"},\"headline\":\"TROPICAL XMAS: K\u00fcnstler-Weihnachtsmarkt am Schwabinger Tor\",\"datePublished\":\"2022-11-17T07:02:15+00:00\",\"dateModified\":\"2024-05-14T16:07:52+00:00\",\"mainEntityOfPage\":{\"@id\":\"https:\\\/\\\/althallercommunication.de\\\/weihnachtsmarkt-am-schwabinger-tor\\\/\"},\"wordCount\":1095,\"publisher\":{\"@id\":\"https:\\\/\\\/althallercommunication.de\\\/#organization\"},\"keywords\":[\"Jost Hurler Gruppe\",\"k\u00fcnstler-weihnachtsmarkt\",\"Leopoldstra\u00dfe\",\"M\u00fcnchen\",\"Schwabinger Tor\",\"tropical xmas\",\"weihnachtsmarkt\"],\"articleSection\":[\"Ecommerce &amp; Retail\",\"Klassische Pressearbeit\",\"Kunden\",\"Others\",\"Pressemeldungen\",\"Schwabinger-Tor\"],\"inLanguage\":\"en-US\"},{\"@type\":\"WebPage\",\"@id\":\"https:\\\/\\\/althallercommunication.de\\\/weihnachtsmarkt-am-schwabinger-tor\\\/\",\"url\":\"https:\\\/\\\/althallercommunication.de\\\/weihnachtsmarkt-am-schwabinger-tor\\\/\",\"name\":\"Sommerfest am Schwabinger Tor - jeder ist willkommen!\",\"isPartOf\":{\"@id\":\"https:\\\/\\\/althallercommunication.de\\\/#website\"},\"datePublished\":\"2022-11-17T07:02:15+00:00\",\"dateModified\":\"2024-05-14T16:07:52+00:00\",\"description\":\"Lust auf einen fantastischen Weihnachtsmarkt? Dann besuchen Sie am ersten Adventwochenende den K\u00fcnstler-Weihnachtsmarkt am Schwabinger Tor!\",\"breadcrumb\":{\"@id\":\"https:\\\/\\\/althallercommunication.de\\\/weihnachtsmarkt-am-schwabinger-tor\\\/#breadcrumb\"},\"inLanguage\":\"en-US\",\"potentialAction\":[{\"@type\":\"ReadAction\",\"target\":[\"https:\\\/\\\/althallercommunication.de\\\/weihnachtsmarkt-am-schwabinger-tor\\\/\"]}]},{\"@type\":\"BreadcrumbList\",\"@id\":\"https:\\\/\\\/althallercommunication.de\\\/weihnachtsmarkt-am-schwabinger-tor\\\/#breadcrumb\",\"itemListElement\":[{\"@type\":\"ListItem\",\"position\":1,\"name\":\"Startseite\",\"item\":\"https:\\\/\\\/althallercommunication.de\\\/en\\\/\"},{\"@type\":\"ListItem\",\"position\":2,\"name\":\"TROPICAL XMAS: K\u00fcnstler-Weihnachtsmarkt am Schwabinger Tor\"}]},{\"@type\":\"WebSite\",\"@id\":\"https:\\\/\\\/althallercommunication.de\\\/#website\",\"url\":\"https:\\\/\\\/althallercommunication.de\\\/\",\"name\":\"althaller communication\",\"description\":\"Martkommunikation B2B\",\"publisher\":{\"@id\":\"https:\\\/\\\/althallercommunication.de\\\/#organization\"},\"potentialAction\":[{\"@type\":\"SearchAction\",\"target\":{\"@type\":\"EntryPoint\",\"urlTemplate\":\"https:\\\/\\\/althallercommunication.de\\\/?s={search_term_string}\"},\"query-input\":{\"@type\":\"PropertyValueSpecification\",\"valueRequired\":true,\"valueName\":\"search_term_string\"}}],\"inLanguage\":\"en-US\"},{\"@type\":\"Organization\",\"@id\":\"https:\\\/\\\/althallercommunication.de\\\/#organization\",\"name\":\"ALTHALLER communication\",\"url\":\"https:\\\/\\\/althallercommunication.de\\\/\",\"logo\":{\"@type\":\"ImageObject\",\"inLanguage\":\"en-US\",\"@id\":\"https:\\\/\\\/althallercommunication.de\\\/#\\\/schema\\\/logo\\\/image\\\/\",\"url\":\"https:\\\/\\\/althallercommunication.de\\\/wp-content\\\/uploads\\\/2023\\\/12\\\/althaller_comm_b.png\",\"contentUrl\":\"https:\\\/\\\/althallercommunication.de\\\/wp-content\\\/uploads\\\/2023\\\/12\\\/althaller_comm_b.png\",\"width\":464,\"height\":110,\"caption\":\"ALTHALLER communication\"},\"image\":{\"@id\":\"https:\\\/\\\/althallercommunication.de\\\/#\\\/schema\\\/logo\\\/image\\\/\"},\"sameAs\":[\"https:\\\/\\\/www.facebook.com\\\/althallercommunication\",\"https:\\\/\\\/x.com\\\/ALTHALLERcom\",\"https:\\\/\\\/www.linkedin.com\\\/company\\\/3332596?trk=tyah&amp;amp;amp;trkInfo=tas:COMMUNICATION Presse und PR,idx:1-1-1\"]},{\"@type\":\"Person\",\"@id\":\"https:\\\/\\\/althallercommunication.de\\\/#\\\/schema\\\/person\\\/4ca72b5e8d0bebc1f9b3061e463e32ee\",\"name\":\"Jacqueline Althaller\",\"image\":{\"@type\":\"ImageObject\",\"inLanguage\":\"en-US\",\"@id\":\"https:\\\/\\\/secure.gravatar.com\\\/avatar\\\/2e8cdf7784b763130efe210406ba46634d04913cf12c46cf98b2799d6da47211?s=96&d=mm&r=g\",\"url\":\"https:\\\/\\\/secure.gravatar.com\\\/avatar\\\/2e8cdf7784b763130efe210406ba46634d04913cf12c46cf98b2799d6da47211?s=96&d=mm&r=g\",\"contentUrl\":\"https:\\\/\\\/secure.gravatar.com\\\/avatar\\\/2e8cdf7784b763130efe210406ba46634d04913cf12c46cf98b2799d6da47211?s=96&d=mm&r=g\",\"caption\":\"Jacqueline Althaller\"},\"description\":\"$$$2021hmb8hzb4MD\",\"url\":\"https:\\\/\\\/althallercommunication.de\\\/en\\\/author\\\/jacqueline-althaller\\\/\"}]}<\/script>\n<!-- \/ Yoast SEO Premium plugin. -->","yoast_head_json":{"title":"Sommerfest am Schwabinger Tor - jeder ist willkommen!","description":"Lust auf einen fantastischen Weihnachtsmarkt? Dann besuchen Sie am ersten Adventwochenende den K\u00fcnstler-Weihnachtsmarkt am Schwabinger Tor!","robots":{"index":"index","follow":"follow","max-snippet":"max-snippet:-1","max-image-preview":"max-image-preview:large","max-video-preview":"max-video-preview:-1"},"canonical":"https:\/\/althallercommunication.de\/weihnachtsmarkt-am-schwabinger-tor\/","og_locale":"en_US","og_type":"article","og_title":"TROPICAL XMAS: K\u00fcnstler-Weihnachtsmarkt am Schwabinger Tor","og_description":"Lust auf einen fantastischen Weihnachtsmarkt? Dann besuchen Sie am ersten Adventwochenende den K\u00fcnstler-Weihnachtsmarkt am Schwabinger Tor!","og_url":"https:\/\/althallercommunication.de\/weihnachtsmarkt-am-schwabinger-tor\/","og_site_name":"althaller communication","article_publisher":"https:\/\/www.facebook.com\/althallercommunication","article_published_time":"2022-11-17T07:02:15+00:00","article_modified_time":"2024-05-14T16:07:52+00:00","author":"Jacqueline Althaller","twitter_card":"summary_large_image","twitter_creator":"@ALTHALLERcom","twitter_site":"@ALTHALLERcom","twitter_misc":{"Written by":"Jacqueline Althaller","Est. reading time":"5 minutes"},"schema":{"@context":"https:\/\/schema.org","@graph":[{"@type":"Article","@id":"https:\/\/althallercommunication.de\/weihnachtsmarkt-am-schwabinger-tor\/#article","isPartOf":{"@id":"https:\/\/althallercommunication.de\/weihnachtsmarkt-am-schwabinger-tor\/"},"author":{"name":"Jacqueline Althaller","@id":"https:\/\/althallercommunication.de\/#\/schema\/person\/4ca72b5e8d0bebc1f9b3061e463e32ee"},"headline":"TROPICAL XMAS: K\u00fcnstler-Weihnachtsmarkt am Schwabinger Tor","datePublished":"2022-11-17T07:02:15+00:00","dateModified":"2024-05-14T16:07:52+00:00","mainEntityOfPage":{"@id":"https:\/\/althallercommunication.de\/weihnachtsmarkt-am-schwabinger-tor\/"},"wordCount":1095,"publisher":{"@id":"https:\/\/althallercommunication.de\/#organization"},"keywords":["Jost Hurler Gruppe","k\u00fcnstler-weihnachtsmarkt","Leopoldstra\u00dfe","M\u00fcnchen","Schwabinger Tor","tropical xmas","weihnachtsmarkt"],"articleSection":["Ecommerce &amp; Retail","Klassische Pressearbeit","Kunden","Others","Pressemeldungen","Schwabinger-Tor"],"inLanguage":"en-US"},{"@type":"WebPage","@id":"https:\/\/althallercommunication.de\/weihnachtsmarkt-am-schwabinger-tor\/","url":"https:\/\/althallercommunication.de\/weihnachtsmarkt-am-schwabinger-tor\/","name":"Sommerfest am Schwabinger Tor - jeder ist willkommen!","isPartOf":{"@id":"https:\/\/althallercommunication.de\/#website"},"datePublished":"2022-11-17T07:02:15+00:00","dateModified":"2024-05-14T16:07:52+00:00","description":"Lust auf einen fantastischen Weihnachtsmarkt? Dann besuchen Sie am ersten Adventwochenende den K\u00fcnstler-Weihnachtsmarkt am Schwabinger Tor!","breadcrumb":{"@id":"https:\/\/althallercommunication.de\/weihnachtsmarkt-am-schwabinger-tor\/#breadcrumb"},"inLanguage":"en-US","potentialAction":[{"@type":"ReadAction","target":["https:\/\/althallercommunication.de\/weihnachtsmarkt-am-schwabinger-tor\/"]}]},{"@type":"BreadcrumbList","@id":"https:\/\/althallercommunication.de\/weihnachtsmarkt-am-schwabinger-tor\/#breadcrumb","itemListElement":[{"@type":"ListItem","position":1,"name":"Startseite","item":"https:\/\/althallercommunication.de\/en\/"},{"@type":"ListItem","position":2,"name":"TROPICAL XMAS: K\u00fcnstler-Weihnachtsmarkt am Schwabinger Tor"}]},{"@type":"WebSite","@id":"https:\/\/althallercommunication.de\/#website","url":"https:\/\/althallercommunication.de\/","name":"althaller communication","description":"Martkommunikation B2B","publisher":{"@id":"https:\/\/althallercommunication.de\/#organization"},"potentialAction":[{"@type":"SearchAction","target":{"@type":"EntryPoint","urlTemplate":"https:\/\/althallercommunication.de\/?s={search_term_string}"},"query-input":{"@type":"PropertyValueSpecification","valueRequired":true,"valueName":"search_term_string"}}],"inLanguage":"en-US"},{"@type":"Organization","@id":"https:\/\/althallercommunication.de\/#organization","name":"ALTHALLER communication","url":"https:\/\/althallercommunication.de\/","logo":{"@type":"ImageObject","inLanguage":"en-US","@id":"https:\/\/althallercommunication.de\/#\/schema\/logo\/image\/","url":"https:\/\/althallercommunication.de\/wp-content\/uploads\/2023\/12\/althaller_comm_b.png","contentUrl":"https:\/\/althallercommunication.de\/wp-content\/uploads\/2023\/12\/althaller_comm_b.png","width":464,"height":110,"caption":"ALTHALLER communication"},"image":{"@id":"https:\/\/althallercommunication.de\/#\/schema\/logo\/image\/"},"sameAs":["https:\/\/www.facebook.com\/althallercommunication","https:\/\/x.com\/ALTHALLERcom","https:\/\/www.linkedin.com\/company\/3332596?trk=tyah&amp;amp;amp;trkInfo=tas:COMMUNICATION Presse und PR,idx:1-1-1"]},{"@type":"Person","@id":"https:\/\/althallercommunication.de\/#\/schema\/person\/4ca72b5e8d0bebc1f9b3061e463e32ee","name":"Jacqueline Althaller","image":{"@type":"ImageObject","inLanguage":"en-US","@id":"https:\/\/secure.gravatar.com\/avatar\/2e8cdf7784b763130efe210406ba46634d04913cf12c46cf98b2799d6da47211?s=96&d=mm&r=g","url":"https:\/\/secure.gravatar.com\/avatar\/2e8cdf7784b763130efe210406ba46634d04913cf12c46cf98b2799d6da47211?s=96&d=mm&r=g","contentUrl":"https:\/\/secure.gravatar.com\/avatar\/2e8cdf7784b763130efe210406ba46634d04913cf12c46cf98b2799d6da47211?s=96&d=mm&r=g","caption":"Jacqueline Althaller"},"description":"$$$2021hmb8hzb4MD","url":"https:\/\/althallercommunication.de\/en\/author\/jacqueline-althaller\/"}]}},"_links":{"self":[{"href":"https:\/\/althallercommunication.de\/en\/wp-json\/wp\/v2\/posts\/24468","targetHints":{"allow":["GET"]}}],"collection":[{"href":"https:\/\/althallercommunication.de\/en\/wp-json\/wp\/v2\/posts"}],"about":[{"href":"https:\/\/althallercommunication.de\/en\/wp-json\/wp\/v2\/types\/post"}],"author":[{"embeddable":true,"href":"https:\/\/althallercommunication.de\/en\/wp-json\/wp\/v2\/users\/6"}],"replies":[{"embeddable":true,"href":"https:\/\/althallercommunication.de\/en\/wp-json\/wp\/v2\/comments?post=24468"}],"version-history":[{"count":3,"href":"https:\/\/althallercommunication.de\/en\/wp-json\/wp\/v2\/posts\/24468\/revisions"}],"predecessor-version":[{"id":24479,"href":"https:\/\/althallercommunication.de\/en\/wp-json\/wp\/v2\/posts\/24468\/revisions\/24479"}],"wp:attachment":[{"href":"https:\/\/althallercommunication.de\/en\/wp-json\/wp\/v2\/media?parent=24468"}],"wp:term":[{"taxonomy":"category","embeddable":true,"href":"https:\/\/althallercommunication.de\/en\/wp-json\/wp\/v2\/categories?post=24468"},{"taxonomy":"post_tag","embeddable":true,"href":"https:\/\/althallercommunication.de\/en\/wp-json\/wp\/v2\/tags?post=24468"}],"curies":[{"name":"wp","href":"https:\/\/api.w.org\/{rel}","templated":true}]}}