{"id":25084,"date":"2023-04-20T11:47:20","date_gmt":"2023-04-20T09:47:20","guid":{"rendered":"https:\/\/www.althallercommunication.de\/?p=25084"},"modified":"2023-12-14T11:28:02","modified_gmt":"2023-12-14T10:28:02","slug":"althaller-communication-positioniert-versicherungsmakler-zu-fondsrenten","status":"publish","type":"post","link":"https:\/\/althallercommunication.de\/en\/althaller-communication-positioniert-versicherungsmakler-zu-fondsrenten\/","title":{"rendered":"ALTHALLER communication positioniert Versicherungsmakler zu Fondsrenten"},"content":{"rendered":"<p>Als B2B Presse Agentur \u00fcbernehmen wir f\u00fcr unsere Kunden im Bereich Finanzen und Versicherungen die Positionierung am Markt. Dabei greifen wir auf unser langj\u00e4hriges Netzwerk an Redaktionskontakten zu der meinungsbildenden Fach-, Wirtschafts- und Tagespresse zur\u00fcck.<\/p>\n<p>F\u00fcr unseren Kunden, den Versicherungsmakler &#8220;Hoesch &amp; Partner&#8221;, haben wir auf Basis eines Briefings (Interview) durch einen Kundenmitarbeiter den Text erstellt, die Freigaben koordiniert und den Text dem Wirtschaftsmagazin &#8220;WirtschaftsWoche&#8221; \u00fcbermittelt.\u00a0 In der aktuellen Ver\u00f6ffentlichung \u00e4u\u00dfert sich Hoesch &amp; Partner zu den besten Fondsrenten.<\/p>\n<p>Mit dieser Ver\u00f6ffentlichung konnte Hoesch &amp; Partner seine Kompetenz im Bereich &#8220;Fondsrenten&#8221; verdeutlichen und sich in der interessierten \u00d6ffentlichkeit erfolgreich positionieren.<\/p>\n<p>Das vollst\u00e4ndige Clipping lesen sie hier: <a href=\"https:\/\/www.wiwo.de\/finanzen\/vorsorge\/versicherungsvergleich-das-sind-die-besten-fondsrenten\/29099186.html\/\" target=\"_blank\" rel=\"noopener\">WirtschaftsWoche<\/a><\/p>\n<p><\/p>\n","protected":false},"excerpt":{"rendered":"<p>Die gesetzliche Rente allein wird nicht reichen, um den Lebensstandard im Alter halten zu k\u00f6nnen. Ein Baustein der privaten Altersvorsorge kann eine fondsgebundene Rentenversicherung, kurz Fondsrente, sein. <\/p>\n","protected":false},"author":6,"featured_media":0,"comment_status":"closed","ping_status":"open","sticky":false,"template":"","format":"standard","meta":{"_et_pb_use_builder":"","_et_pb_old_content":"","_et_gb_content_width":"","inline_featured_image":false,"footnotes":""},"categories":[2757,2765,2756,2766],"tags":[1035,2137,2645,2640,2639],"class_list":["post-25084","post","type-post","status-publish","format-standard","hentry","category-clippings","category-klassische-pressearbeit","category-kunden-in-den-medien","category-social-media","tag-althaller-communication","tag-b2b-agentur","tag-fondsrenten","tag-marktpositionierung","tag-share-of-voice"],"yoast_head":"<!-- This site is optimized with the Yoast SEO Premium plugin v25.3 (Yoast SEO v27.4) - https:\/\/yoast.com\/product\/yoast-seo-premium-wordpress\/ -->\n<title>Presse Agentur | ALTHALLER positioniert B2B Kunde als Experte<\/title>\n<meta name=\"description\" content=\"Presse Agentur B2B | ALTHALLER communication verdeutlicht Kompetenz von Hoesch &amp; Partner und positioniert ihn in der \u00d6ffentlichkeit\" \/>\n<meta name=\"robots\" content=\"index, follow, max-snippet:-1, max-image-preview:large, max-video-preview:-1\" \/>\n<link rel=\"canonical\" href=\"https:\/\/althallercommunication.de\/althaller-communication-positioniert-versicherungsmakler-zu-fondsrenten\/\" \/>\n<meta property=\"og:locale\" content=\"en_US\" \/>\n<meta property=\"og:type\" content=\"article\" \/>\n<meta property=\"og:title\" content=\"ALTHALLER communication positioniert Versicherungsmakler zu Fondsrenten\" \/>\n<meta property=\"og:description\" content=\"Presse Agentur B2B | ALTHALLER communication verdeutlicht Kompetenz von Hoesch &amp; Partner und positioniert ihn in der \u00d6ffentlichkeit\" \/>\n<meta property=\"og:url\" content=\"https:\/\/althallercommunication.de\/althaller-communication-positioniert-versicherungsmakler-zu-fondsrenten\/\" \/>\n<meta property=\"og:site_name\" content=\"althaller communication\" \/>\n<meta property=\"article:publisher\" content=\"https:\/\/www.facebook.com\/althallercommunication\" \/>\n<meta property=\"article:published_time\" content=\"2023-04-20T09:47:20+00:00\" \/>\n<meta property=\"article:modified_time\" content=\"2023-12-14T10:28:02+00:00\" \/>\n<meta name=\"author\" content=\"Jacqueline Althaller\" \/>\n<meta name=\"twitter:card\" content=\"summary_large_image\" \/>\n<meta name=\"twitter:creator\" content=\"@ALTHALLERcom\" \/>\n<meta name=\"twitter:site\" content=\"@ALTHALLERcom\" \/>\n<meta name=\"twitter:label1\" content=\"Written by\" \/>\n\t<meta name=\"twitter:data1\" content=\"Jacqueline Althaller\" \/>\n\t<meta name=\"twitter:label2\" content=\"Est. reading time\" \/>\n\t<meta name=\"twitter:data2\" content=\"1 minute\" \/>\n<script type=\"application\/ld+json\" class=\"yoast-schema-graph\">{\"@context\":\"https:\\\/\\\/schema.org\",\"@graph\":[{\"@type\":\"Article\",\"@id\":\"https:\\\/\\\/althallercommunication.de\\\/althaller-communication-positioniert-versicherungsmakler-zu-fondsrenten\\\/#article\",\"isPartOf\":{\"@id\":\"https:\\\/\\\/althallercommunication.de\\\/althaller-communication-positioniert-versicherungsmakler-zu-fondsrenten\\\/\"},\"author\":{\"name\":\"Jacqueline Althaller\",\"@id\":\"https:\\\/\\\/althallercommunication.de\\\/#\\\/schema\\\/person\\\/4ca72b5e8d0bebc1f9b3061e463e32ee\"},\"headline\":\"ALTHALLER communication positioniert Versicherungsmakler zu Fondsrenten\",\"datePublished\":\"2023-04-20T09:47:20+00:00\",\"dateModified\":\"2023-12-14T10:28:02+00:00\",\"mainEntityOfPage\":{\"@id\":\"https:\\\/\\\/althallercommunication.de\\\/althaller-communication-positioniert-versicherungsmakler-zu-fondsrenten\\\/\"},\"wordCount\":133,\"publisher\":{\"@id\":\"https:\\\/\\\/althallercommunication.de\\\/#organization\"},\"keywords\":[\"Althaller communication\",\"B2B-Agentur\",\"Fondsrenten\",\"Marktpositionierung\",\"Share of Voice\"],\"articleSection\":[\"Clippings\",\"Klassische Pressearbeit\",\"Kunden\",\"Social Media\"],\"inLanguage\":\"en-US\"},{\"@type\":\"WebPage\",\"@id\":\"https:\\\/\\\/althallercommunication.de\\\/althaller-communication-positioniert-versicherungsmakler-zu-fondsrenten\\\/\",\"url\":\"https:\\\/\\\/althallercommunication.de\\\/althaller-communication-positioniert-versicherungsmakler-zu-fondsrenten\\\/\",\"name\":\"Presse Agentur | ALTHALLER positioniert B2B Kunde als Experte\",\"isPartOf\":{\"@id\":\"https:\\\/\\\/althallercommunication.de\\\/#website\"},\"datePublished\":\"2023-04-20T09:47:20+00:00\",\"dateModified\":\"2023-12-14T10:28:02+00:00\",\"description\":\"Presse Agentur B2B | ALTHALLER communication verdeutlicht Kompetenz von Hoesch & Partner und positioniert ihn in der \u00d6ffentlichkeit\",\"breadcrumb\":{\"@id\":\"https:\\\/\\\/althallercommunication.de\\\/althaller-communication-positioniert-versicherungsmakler-zu-fondsrenten\\\/#breadcrumb\"},\"inLanguage\":\"en-US\",\"potentialAction\":[{\"@type\":\"ReadAction\",\"target\":[\"https:\\\/\\\/althallercommunication.de\\\/althaller-communication-positioniert-versicherungsmakler-zu-fondsrenten\\\/\"]}]},{\"@type\":\"BreadcrumbList\",\"@id\":\"https:\\\/\\\/althallercommunication.de\\\/althaller-communication-positioniert-versicherungsmakler-zu-fondsrenten\\\/#breadcrumb\",\"itemListElement\":[{\"@type\":\"ListItem\",\"position\":1,\"name\":\"Startseite\",\"item\":\"https:\\\/\\\/althallercommunication.de\\\/en\\\/\"},{\"@type\":\"ListItem\",\"position\":2,\"name\":\"ALTHALLER communication positioniert Versicherungsmakler zu Fondsrenten\"}]},{\"@type\":\"WebSite\",\"@id\":\"https:\\\/\\\/althallercommunication.de\\\/#website\",\"url\":\"https:\\\/\\\/althallercommunication.de\\\/\",\"name\":\"althaller communication\",\"description\":\"Martkommunikation B2B\",\"publisher\":{\"@id\":\"https:\\\/\\\/althallercommunication.de\\\/#organization\"},\"potentialAction\":[{\"@type\":\"SearchAction\",\"target\":{\"@type\":\"EntryPoint\",\"urlTemplate\":\"https:\\\/\\\/althallercommunication.de\\\/?s={search_term_string}\"},\"query-input\":{\"@type\":\"PropertyValueSpecification\",\"valueRequired\":true,\"valueName\":\"search_term_string\"}}],\"inLanguage\":\"en-US\"},{\"@type\":\"Organization\",\"@id\":\"https:\\\/\\\/althallercommunication.de\\\/#organization\",\"name\":\"ALTHALLER communication\",\"url\":\"https:\\\/\\\/althallercommunication.de\\\/\",\"logo\":{\"@type\":\"ImageObject\",\"inLanguage\":\"en-US\",\"@id\":\"https:\\\/\\\/althallercommunication.de\\\/#\\\/schema\\\/logo\\\/image\\\/\",\"url\":\"https:\\\/\\\/althallercommunication.de\\\/wp-content\\\/uploads\\\/2023\\\/12\\\/althaller_comm_b.png\",\"contentUrl\":\"https:\\\/\\\/althallercommunication.de\\\/wp-content\\\/uploads\\\/2023\\\/12\\\/althaller_comm_b.png\",\"width\":464,\"height\":110,\"caption\":\"ALTHALLER communication\"},\"image\":{\"@id\":\"https:\\\/\\\/althallercommunication.de\\\/#\\\/schema\\\/logo\\\/image\\\/\"},\"sameAs\":[\"https:\\\/\\\/www.facebook.com\\\/althallercommunication\",\"https:\\\/\\\/x.com\\\/ALTHALLERcom\",\"https:\\\/\\\/www.linkedin.com\\\/company\\\/3332596?trk=tyah&amp;amp;amp;trkInfo=tas:COMMUNICATION Presse und PR,idx:1-1-1\"]},{\"@type\":\"Person\",\"@id\":\"https:\\\/\\\/althallercommunication.de\\\/#\\\/schema\\\/person\\\/4ca72b5e8d0bebc1f9b3061e463e32ee\",\"name\":\"Jacqueline Althaller\",\"image\":{\"@type\":\"ImageObject\",\"inLanguage\":\"en-US\",\"@id\":\"https:\\\/\\\/secure.gravatar.com\\\/avatar\\\/2e8cdf7784b763130efe210406ba46634d04913cf12c46cf98b2799d6da47211?s=96&d=mm&r=g\",\"url\":\"https:\\\/\\\/secure.gravatar.com\\\/avatar\\\/2e8cdf7784b763130efe210406ba46634d04913cf12c46cf98b2799d6da47211?s=96&d=mm&r=g\",\"contentUrl\":\"https:\\\/\\\/secure.gravatar.com\\\/avatar\\\/2e8cdf7784b763130efe210406ba46634d04913cf12c46cf98b2799d6da47211?s=96&d=mm&r=g\",\"caption\":\"Jacqueline Althaller\"},\"description\":\"$$$2021hmb8hzb4MD\",\"url\":\"https:\\\/\\\/althallercommunication.de\\\/en\\\/author\\\/jacqueline-althaller\\\/\"}]}<\/script>\n<!-- \/ Yoast SEO Premium plugin. -->","yoast_head_json":{"title":"Presse Agentur | ALTHALLER positioniert B2B Kunde als Experte","description":"Presse Agentur B2B | ALTHALLER communication verdeutlicht Kompetenz von Hoesch & Partner und positioniert ihn in der \u00d6ffentlichkeit","robots":{"index":"index","follow":"follow","max-snippet":"max-snippet:-1","max-image-preview":"max-image-preview:large","max-video-preview":"max-video-preview:-1"},"canonical":"https:\/\/althallercommunication.de\/althaller-communication-positioniert-versicherungsmakler-zu-fondsrenten\/","og_locale":"en_US","og_type":"article","og_title":"ALTHALLER communication positioniert Versicherungsmakler zu Fondsrenten","og_description":"Presse Agentur B2B | ALTHALLER communication verdeutlicht Kompetenz von Hoesch & Partner und positioniert ihn in der \u00d6ffentlichkeit","og_url":"https:\/\/althallercommunication.de\/althaller-communication-positioniert-versicherungsmakler-zu-fondsrenten\/","og_site_name":"althaller communication","article_publisher":"https:\/\/www.facebook.com\/althallercommunication","article_published_time":"2023-04-20T09:47:20+00:00","article_modified_time":"2023-12-14T10:28:02+00:00","author":"Jacqueline Althaller","twitter_card":"summary_large_image","twitter_creator":"@ALTHALLERcom","twitter_site":"@ALTHALLERcom","twitter_misc":{"Written by":"Jacqueline Althaller","Est. reading time":"1 minute"},"schema":{"@context":"https:\/\/schema.org","@graph":[{"@type":"Article","@id":"https:\/\/althallercommunication.de\/althaller-communication-positioniert-versicherungsmakler-zu-fondsrenten\/#article","isPartOf":{"@id":"https:\/\/althallercommunication.de\/althaller-communication-positioniert-versicherungsmakler-zu-fondsrenten\/"},"author":{"name":"Jacqueline Althaller","@id":"https:\/\/althallercommunication.de\/#\/schema\/person\/4ca72b5e8d0bebc1f9b3061e463e32ee"},"headline":"ALTHALLER communication positioniert Versicherungsmakler zu Fondsrenten","datePublished":"2023-04-20T09:47:20+00:00","dateModified":"2023-12-14T10:28:02+00:00","mainEntityOfPage":{"@id":"https:\/\/althallercommunication.de\/althaller-communication-positioniert-versicherungsmakler-zu-fondsrenten\/"},"wordCount":133,"publisher":{"@id":"https:\/\/althallercommunication.de\/#organization"},"keywords":["Althaller communication","B2B-Agentur","Fondsrenten","Marktpositionierung","Share of Voice"],"articleSection":["Clippings","Klassische Pressearbeit","Kunden","Social Media"],"inLanguage":"en-US"},{"@type":"WebPage","@id":"https:\/\/althallercommunication.de\/althaller-communication-positioniert-versicherungsmakler-zu-fondsrenten\/","url":"https:\/\/althallercommunication.de\/althaller-communication-positioniert-versicherungsmakler-zu-fondsrenten\/","name":"Presse Agentur | ALTHALLER positioniert B2B Kunde als Experte","isPartOf":{"@id":"https:\/\/althallercommunication.de\/#website"},"datePublished":"2023-04-20T09:47:20+00:00","dateModified":"2023-12-14T10:28:02+00:00","description":"Presse Agentur B2B | ALTHALLER communication verdeutlicht Kompetenz von Hoesch & Partner und positioniert ihn in der \u00d6ffentlichkeit","breadcrumb":{"@id":"https:\/\/althallercommunication.de\/althaller-communication-positioniert-versicherungsmakler-zu-fondsrenten\/#breadcrumb"},"inLanguage":"en-US","potentialAction":[{"@type":"ReadAction","target":["https:\/\/althallercommunication.de\/althaller-communication-positioniert-versicherungsmakler-zu-fondsrenten\/"]}]},{"@type":"BreadcrumbList","@id":"https:\/\/althallercommunication.de\/althaller-communication-positioniert-versicherungsmakler-zu-fondsrenten\/#breadcrumb","itemListElement":[{"@type":"ListItem","position":1,"name":"Startseite","item":"https:\/\/althallercommunication.de\/en\/"},{"@type":"ListItem","position":2,"name":"ALTHALLER communication positioniert Versicherungsmakler zu Fondsrenten"}]},{"@type":"WebSite","@id":"https:\/\/althallercommunication.de\/#website","url":"https:\/\/althallercommunication.de\/","name":"althaller communication","description":"Martkommunikation B2B","publisher":{"@id":"https:\/\/althallercommunication.de\/#organization"},"potentialAction":[{"@type":"SearchAction","target":{"@type":"EntryPoint","urlTemplate":"https:\/\/althallercommunication.de\/?s={search_term_string}"},"query-input":{"@type":"PropertyValueSpecification","valueRequired":true,"valueName":"search_term_string"}}],"inLanguage":"en-US"},{"@type":"Organization","@id":"https:\/\/althallercommunication.de\/#organization","name":"ALTHALLER communication","url":"https:\/\/althallercommunication.de\/","logo":{"@type":"ImageObject","inLanguage":"en-US","@id":"https:\/\/althallercommunication.de\/#\/schema\/logo\/image\/","url":"https:\/\/althallercommunication.de\/wp-content\/uploads\/2023\/12\/althaller_comm_b.png","contentUrl":"https:\/\/althallercommunication.de\/wp-content\/uploads\/2023\/12\/althaller_comm_b.png","width":464,"height":110,"caption":"ALTHALLER communication"},"image":{"@id":"https:\/\/althallercommunication.de\/#\/schema\/logo\/image\/"},"sameAs":["https:\/\/www.facebook.com\/althallercommunication","https:\/\/x.com\/ALTHALLERcom","https:\/\/www.linkedin.com\/company\/3332596?trk=tyah&amp;amp;amp;trkInfo=tas:COMMUNICATION Presse und PR,idx:1-1-1"]},{"@type":"Person","@id":"https:\/\/althallercommunication.de\/#\/schema\/person\/4ca72b5e8d0bebc1f9b3061e463e32ee","name":"Jacqueline Althaller","image":{"@type":"ImageObject","inLanguage":"en-US","@id":"https:\/\/secure.gravatar.com\/avatar\/2e8cdf7784b763130efe210406ba46634d04913cf12c46cf98b2799d6da47211?s=96&d=mm&r=g","url":"https:\/\/secure.gravatar.com\/avatar\/2e8cdf7784b763130efe210406ba46634d04913cf12c46cf98b2799d6da47211?s=96&d=mm&r=g","contentUrl":"https:\/\/secure.gravatar.com\/avatar\/2e8cdf7784b763130efe210406ba46634d04913cf12c46cf98b2799d6da47211?s=96&d=mm&r=g","caption":"Jacqueline Althaller"},"description":"$$$2021hmb8hzb4MD","url":"https:\/\/althallercommunication.de\/en\/author\/jacqueline-althaller\/"}]}},"_links":{"self":[{"href":"https:\/\/althallercommunication.de\/en\/wp-json\/wp\/v2\/posts\/25084","targetHints":{"allow":["GET"]}}],"collection":[{"href":"https:\/\/althallercommunication.de\/en\/wp-json\/wp\/v2\/posts"}],"about":[{"href":"https:\/\/althallercommunication.de\/en\/wp-json\/wp\/v2\/types\/post"}],"author":[{"embeddable":true,"href":"https:\/\/althallercommunication.de\/en\/wp-json\/wp\/v2\/users\/6"}],"replies":[{"embeddable":true,"href":"https:\/\/althallercommunication.de\/en\/wp-json\/wp\/v2\/comments?post=25084"}],"version-history":[{"count":2,"href":"https:\/\/althallercommunication.de\/en\/wp-json\/wp\/v2\/posts\/25084\/revisions"}],"predecessor-version":[{"id":26204,"href":"https:\/\/althallercommunication.de\/en\/wp-json\/wp\/v2\/posts\/25084\/revisions\/26204"}],"wp:attachment":[{"href":"https:\/\/althallercommunication.de\/en\/wp-json\/wp\/v2\/media?parent=25084"}],"wp:term":[{"taxonomy":"category","embeddable":true,"href":"https:\/\/althallercommunication.de\/en\/wp-json\/wp\/v2\/categories?post=25084"},{"taxonomy":"post_tag","embeddable":true,"href":"https:\/\/althallercommunication.de\/en\/wp-json\/wp\/v2\/tags?post=25084"}],"curies":[{"name":"wp","href":"https:\/\/api.w.org\/{rel}","templated":true}]}}