{"id":25112,"date":"2023-04-27T16:11:16","date_gmt":"2023-04-27T14:11:16","guid":{"rendered":"https:\/\/www.althallercommunication.de\/?p=25112"},"modified":"2023-12-14T11:27:40","modified_gmt":"2023-12-14T10:27:40","slug":"13-auflage-b2b-social-media-studie-geht-an-den-start","status":"publish","type":"post","link":"https:\/\/althallercommunication.de\/en\/13-auflage-b2b-social-media-studie-geht-an-den-start\/","title":{"rendered":"13. Auflage B2B Social Media Studie geht an den Start"},"content":{"rendered":"<p><\/p>\n<p>social-media-studienteilnahme-garantiert-die-neuesten-daten-der-langzeitstudie-zu-b2b-social-media<\/p>\n<p><strong>M\u00fcnchen, 27.04.2023. Heute startet die 13 Runde der einzigen Langzeitstudie zur Untersuchung der Social-Media-Kommunikation von B2B-Unternehmen. Die Ergebnisse d\u00fcrften 2023 besonders interessant werden. Die Auswirkungen eines in vielen Unternehmen ver\u00e4nderten F\u00fchrungsverhalten in der Nutzung von Social Media d\u00fcrfte in diesem Jahr noch deutlicher zum Ausdruck kommen. Damit unterstreicht die Studie erneut, dass ihre Resultate und Vergleichsm\u00f6glichkeiten der Unternehmen aller Wirtschaftsbereiche und Gr\u00f6\u00dfenordnungen wertvolle Orientierung und Entscheidungshilfen f\u00fcr ihre Budget- und Strategieplanung.<\/strong><\/p>\n<p><strong>\u00a0<\/strong>Die Studie untersucht auch in ihrer aktuellen Auflage die Ver\u00e4nderungen, die sich im Nutzerverhalten der Social-Media-Kan\u00e4le in der B2B-Sektor ergeben haben. Gerade das Alleinstellungsmerkmal eines Datenvergleichs \u00fcber den Zeitraum von 13 Jahren hinweg, bietet Kommunikationsentscheidern von B2B-Unternehmen im DACH-Raum die einmalige M\u00f6glichkeit, ihr eigenes Social-Media-Nutzungsverhalten konkret, kontinuierlich und auf sicherem Fundament zu analysieren, sich mit dem richtigen Kommunikationsmix von Wettbewerbern abzugrenzen und Trends sowie Entwicklungen auf Grundlage valider Datenauswertung richtig einzuordnen und umzusetzen.<\/p>\n<p>Die Schlussfolgerungen erm\u00f6glichen es Kommunikationsentscheidern, sich in den sozialen Online-Netzwerken durch passgenaue und glaubw\u00fcrdige Auftritte von Mitbewerbern zu unterscheiden.<\/p>\n<p>Insbesondere wird die Weiterentwicklung der im vergangenen Jahr deutlich gewordenen Trends, \u00a0dass Corporate Influencer weiter auf dem Vormarsch sind und kooperativ sowie laissez faire gef\u00fchrte Unternehmen ihre Mitarbeiter dahingehend f\u00f6rdern.<\/p>\n<p>Folgende Schl\u00fcsselfragen stehen f\u00fcr die Langzeitstudie des \u201e<a href=\"https:\/\/www.ak-socialmedia-b2b.de\/\">Erster Arbeitskreis Social Media in der B2B-Kommunikation<\/a>\u201c daher im Fokus:<\/p>\n<ul>\n<li>Wie hat sich die Social Media Nutzung im vergangenen Jahr weiterentwickelt?<\/li>\n<li>Welche Trends und Entwicklungen zeichnen sich nun ab oder etablieren sich?<\/li>\n<li>Welche Erwartungen stellt die B2B-Community an ihre Social Media Pr\u00e4senz?<\/li>\n<\/ul>\n<p>R\u00fcckblickend auf die Ergebnisse des letzten Jahres erl\u00e4utert Jacqueline Althaller, Herausgeberin der Studie und Kommunikationsexpertin: <em>\u201eWir sehen deutlich, dass das Pendel umschwingt. <\/em><em>\u00a0<\/em><em>Mitarbeiter von B2B-Unternehmen erhalten mehr Freiheiten und stehen damit aber auch in gr\u00f6\u00dferer Verantwortung. <\/em><em>Es wird nun spannend zu sehen, wie sich das in diesem Jahr in den neuen Studienergebnissen widerspiegelt. Mit Hilfe von erfahrenen und medienaffinen Studienpartnern wollen wir unsere Teilnehmerzahlen in diesem Jahr noch einmal deutlich steigern und freuen uns \u00fcber jeden, der sich aktiv beteiligt!\u201c<\/em><\/p>\n<p>Die Kooperation mit der <a href=\"https:\/\/www.observer.at\/\">\u00bbOBSERVER\u00ab GmbH<\/a> hebt das Potenzial noch einmal deutlich f\u00fcr \u00d6sterreich an. Wie auch im letzten Jahr wird die Studie in der Schweiz durch die <a href=\"https:\/\/kbdirect.ch\/\">K\u00fcnzlerBachmann Directmarketing AG<\/a> unterst\u00fctzt.<\/p>\n<p>Die Datenerhebung f\u00fcr den gesamten DACH-Raum l\u00e4uft bis zum 1. August. <em>\u201eMit der Teilnahme an der Online-Umfrage \u00fcber <\/em><a href=\"https:\/\/www.surveymonkey.de\/r\/VV8Z55C\"><em>diesen Link<\/em><\/a><em> sichern Sie sich den kostenlosen Erhalt der Ergebnisse im Herbst\u201c,<\/em> erg\u00e4nzt Althaller abschlie\u00dfend.<\/p>\n<p><strong>\u00a0\u00a0\u00a0\u00a0\u00a0\u00a0\u00a0\u00a0\u00a0 <\/strong><\/p>\n<p><strong>\u00dcber den Ersten Arbeitskreis f\u00fcr Social Media in der B2B-Kommunikation:<\/strong><\/p>\n<p>Im Sommer 2010 wurde der \u201eErste Arbeitskreis Social Media in der B2B-Kommunikation\u201c von Jacqueline Althaller, Gr\u00fcnderin der gleichnamigen Agentur ALTHALLER communication ins Leben gerufen, um konkrete Fragestellungen von Seiten B2B zu beantworten und dieses Wissen auch weiterzuvermitteln. Umfragen f\u00fchrt der Arbeitskreis j\u00e4hrlich durch, um Trends und Entwicklungen in der Social Media Kommunikation feststellen zu k\u00f6nnen. Zu den Mitgliedern geh\u00f6ren Unternehmen unterschiedlichster Branchen und Gr\u00f6\u00dfenordnungen \u2013 von IT bis Healthcare. Begleitet wird der Arbeitskreis von Vertretern aus Wissenschaft und Forschung. Der Arbeitskreis verfolgt keine wirtschaftlichen Interessen.<\/p>\n<p><a href=\"https:\/\/althallercommunication.de\/wp-content\/uploads\/2023\/04\/PI_AKSMUK_B2B_Social_Media_Studie_2023-1.pdf\" target=\"_blank\" rel=\"noopener\">PI zum Download<\/a><\/p>\n<p><a href=\"https:\/\/althallercommunication.de\/wp-content\/uploads\/2022\/05\/Jacqueline_Althaller-scaled.jpg\" target=\"_blank\" rel=\"noopener\">Bildmaterial zum Download<\/a><\/p>\n<p>https:\/\/althallercommunication.de\/wp-content\/uploads\/2022\/05\/Jacqueline_Althaller-scaled.jpg<\/p>\n<p>&#8220;Wir sind stolz, bereits im 13.ten Jahr die B2b Community wieder mit taufrischen Daten als Orientierung und Entscheidunghilfe f\u00fcr die eigene Kommunikationsstrategie zu versorgen. Die Studienteilnahme garantiert die neuesten Daten der Langzeitstudie&#8221;, erl\u00e4utert Studieninitiatorin Jacqueline Althaller<\/p>\n<p><\/p>\n<p>Pressekontakt und Redaktion<br \/>\n<strong>Jacqueline Althaller<br \/>\n<\/strong>ALTHALLER communication<br \/>\nGesellschaft f\u00fcr Marktkommunikation mbH<br \/>\nElisabethstra\u00dfe 13<br \/>\n80796 M\u00fcnchen<\/p>\n<p><em>Bildmaterial stellen wir auf Wunsch gerne zur Verf\u00fcgung.<\/em><\/p>\n<p><\/p>\n<p>+49 (0) 89 38 66 52 60<\/p>\n<p><\/p>\n<p>+49 (0) 89 38 66 52 75<\/p>\n<p><\/p>\n<p><a href=\"mailto:info@althallercommunication.de\">info@althallercommunication.de<\/a><\/p>\n<p><\/p>\n<p><a href=\"https:\/\/althallercommunication.de\/\">www.althallercommunication.de<\/a><\/p>\n<p><\/p>\n","protected":false},"excerpt":{"rendered":"<p>Heute startet die 13 Runde der einzigen Langzeitstudie zur Untersuchung der Social-Media-Kommunikation von B2B-Unternehmen. Die Ergebnisse d\u00fcrften 2023 besonders interessant werden. Die Auswirkungen eines in vielen Unternehmen ver\u00e4nderten F\u00fchrungsverhalten in der Nutzung von Social Media d\u00fcrfte in diesem Jahr noch deutlicher zum Ausdruck kommen. <\/p>\n","protected":false},"author":6,"featured_media":0,"comment_status":"closed","ping_status":"open","sticky":false,"template":"","format":"standard","meta":{"_et_pb_use_builder":"","_et_pb_old_content":"","_et_gb_content_width":"","inline_featured_image":false,"footnotes":""},"categories":[2765,2756,2758,2766,2824],"tags":[62,2652,2651,1199,71],"class_list":["post-25112","post","type-post","status-publish","format-standard","hentry","category-klassische-pressearbeit","category-kunden-in-den-medien","category-pressemeldungen","category-social-media","category-studie","tag-b2b","tag-corporate-influencer","tag-fuehrungsverhalten","tag-langzeitstudie","tag-social-media"],"yoast_head":"<!-- This site is optimized with the Yoast SEO Premium plugin v25.3 (Yoast SEO v27.4) - https:\/\/yoast.com\/product\/yoast-seo-premium-wordpress\/ -->\n<title>social-media-studienteilnahme-garantiert-die-neuesten-B2B daten<\/title>\n<meta name=\"description\" content=\"Heute startet die 13 Runde der einzigen Langzeitstudie zur Untersuchung der Social-Media-Kommunikation von B2B-Unternehmen.\" \/>\n<meta name=\"robots\" content=\"index, follow, max-snippet:-1, max-image-preview:large, max-video-preview:-1\" \/>\n<link rel=\"canonical\" href=\"https:\/\/althallercommunication.de\/13-auflage-b2b-social-media-studie-geht-an-den-start\/?lang=en\" \/>\n<meta property=\"og:locale\" content=\"en_US\" \/>\n<meta property=\"og:type\" content=\"article\" \/>\n<meta property=\"og:title\" content=\"13. Auflage B2B Social Media Studie geht an den Start\" \/>\n<meta property=\"og:description\" content=\"Heute startet die 13 Runde der einzigen Langzeitstudie zur Untersuchung der Social-Media-Kommunikation von B2B-Unternehmen.\" \/>\n<meta property=\"og:url\" content=\"https:\/\/althallercommunication.de\/13-auflage-b2b-social-media-studie-geht-an-den-start\/?lang=en\" \/>\n<meta property=\"og:site_name\" content=\"althaller communication\" \/>\n<meta property=\"article:publisher\" content=\"https:\/\/www.facebook.com\/althallercommunication\" \/>\n<meta property=\"article:published_time\" content=\"2023-04-27T14:11:16+00:00\" \/>\n<meta property=\"article:modified_time\" content=\"2023-12-14T10:27:40+00:00\" \/>\n<meta name=\"author\" content=\"Jacqueline Althaller\" \/>\n<meta name=\"twitter:card\" content=\"summary_large_image\" \/>\n<meta name=\"twitter:creator\" content=\"@ALTHALLERcom\" \/>\n<meta name=\"twitter:site\" content=\"@ALTHALLERcom\" \/>\n<meta name=\"twitter:label1\" content=\"Written by\" \/>\n\t<meta name=\"twitter:data1\" content=\"Jacqueline Althaller\" \/>\n\t<meta name=\"twitter:label2\" content=\"Est. reading time\" \/>\n\t<meta name=\"twitter:data2\" content=\"5 minutes\" \/>\n<script type=\"application\/ld+json\" class=\"yoast-schema-graph\">{\"@context\":\"https:\\\/\\\/schema.org\",\"@graph\":[{\"@type\":\"Article\",\"@id\":\"https:\\\/\\\/althallercommunication.de\\\/13-auflage-b2b-social-media-studie-geht-an-den-start\\\/?lang=en#article\",\"isPartOf\":{\"@id\":\"https:\\\/\\\/althallercommunication.de\\\/13-auflage-b2b-social-media-studie-geht-an-den-start\\\/?lang=en\"},\"author\":{\"name\":\"Jacqueline Althaller\",\"@id\":\"https:\\\/\\\/althallercommunication.de\\\/#\\\/schema\\\/person\\\/4ca72b5e8d0bebc1f9b3061e463e32ee\"},\"headline\":\"13. Auflage B2B Social Media Studie geht an den Start\",\"datePublished\":\"2023-04-27T14:11:16+00:00\",\"dateModified\":\"2023-12-14T10:27:40+00:00\",\"mainEntityOfPage\":{\"@id\":\"https:\\\/\\\/althallercommunication.de\\\/13-auflage-b2b-social-media-studie-geht-an-den-start\\\/?lang=en\"},\"wordCount\":1305,\"publisher\":{\"@id\":\"https:\\\/\\\/althallercommunication.de\\\/#organization\"},\"keywords\":[\"B2B\",\"Corporate Influencer\",\"F\u00fchrungsverhalten\",\"Langzeitstudie\",\"Social Media\"],\"articleSection\":[\"Klassische Pressearbeit\",\"Kunden\",\"Pressemeldungen\",\"Social Media\",\"Studie\"],\"inLanguage\":\"en-US\"},{\"@type\":\"WebPage\",\"@id\":\"https:\\\/\\\/althallercommunication.de\\\/13-auflage-b2b-social-media-studie-geht-an-den-start\\\/?lang=en\",\"url\":\"https:\\\/\\\/althallercommunication.de\\\/13-auflage-b2b-social-media-studie-geht-an-den-start\\\/?lang=en\",\"name\":\"social-media-studienteilnahme-garantiert-die-neuesten-B2B daten\",\"isPartOf\":{\"@id\":\"https:\\\/\\\/althallercommunication.de\\\/#website\"},\"datePublished\":\"2023-04-27T14:11:16+00:00\",\"dateModified\":\"2023-12-14T10:27:40+00:00\",\"description\":\"Heute startet die 13 Runde der einzigen Langzeitstudie zur Untersuchung der Social-Media-Kommunikation von B2B-Unternehmen.\",\"breadcrumb\":{\"@id\":\"https:\\\/\\\/althallercommunication.de\\\/13-auflage-b2b-social-media-studie-geht-an-den-start\\\/?lang=en#breadcrumb\"},\"inLanguage\":\"en-US\",\"potentialAction\":[{\"@type\":\"ReadAction\",\"target\":[\"https:\\\/\\\/althallercommunication.de\\\/13-auflage-b2b-social-media-studie-geht-an-den-start\\\/?lang=en\"]}]},{\"@type\":\"BreadcrumbList\",\"@id\":\"https:\\\/\\\/althallercommunication.de\\\/13-auflage-b2b-social-media-studie-geht-an-den-start\\\/?lang=en#breadcrumb\",\"itemListElement\":[{\"@type\":\"ListItem\",\"position\":1,\"name\":\"Startseite\",\"item\":\"https:\\\/\\\/althallercommunication.de\\\/en\\\/\"},{\"@type\":\"ListItem\",\"position\":2,\"name\":\"13. Auflage B2B Social Media Studie geht an den Start\"}]},{\"@type\":\"WebSite\",\"@id\":\"https:\\\/\\\/althallercommunication.de\\\/#website\",\"url\":\"https:\\\/\\\/althallercommunication.de\\\/\",\"name\":\"althaller communication\",\"description\":\"Martkommunikation B2B\",\"publisher\":{\"@id\":\"https:\\\/\\\/althallercommunication.de\\\/#organization\"},\"potentialAction\":[{\"@type\":\"SearchAction\",\"target\":{\"@type\":\"EntryPoint\",\"urlTemplate\":\"https:\\\/\\\/althallercommunication.de\\\/?s={search_term_string}\"},\"query-input\":{\"@type\":\"PropertyValueSpecification\",\"valueRequired\":true,\"valueName\":\"search_term_string\"}}],\"inLanguage\":\"en-US\"},{\"@type\":\"Organization\",\"@id\":\"https:\\\/\\\/althallercommunication.de\\\/#organization\",\"name\":\"ALTHALLER communication\",\"url\":\"https:\\\/\\\/althallercommunication.de\\\/\",\"logo\":{\"@type\":\"ImageObject\",\"inLanguage\":\"en-US\",\"@id\":\"https:\\\/\\\/althallercommunication.de\\\/#\\\/schema\\\/logo\\\/image\\\/\",\"url\":\"https:\\\/\\\/althallercommunication.de\\\/wp-content\\\/uploads\\\/2023\\\/12\\\/althaller_comm_b.png\",\"contentUrl\":\"https:\\\/\\\/althallercommunication.de\\\/wp-content\\\/uploads\\\/2023\\\/12\\\/althaller_comm_b.png\",\"width\":464,\"height\":110,\"caption\":\"ALTHALLER communication\"},\"image\":{\"@id\":\"https:\\\/\\\/althallercommunication.de\\\/#\\\/schema\\\/logo\\\/image\\\/\"},\"sameAs\":[\"https:\\\/\\\/www.facebook.com\\\/althallercommunication\",\"https:\\\/\\\/x.com\\\/ALTHALLERcom\",\"https:\\\/\\\/www.linkedin.com\\\/company\\\/3332596?trk=tyah&amp;amp;amp;trkInfo=tas:COMMUNICATION Presse und PR,idx:1-1-1\"]},{\"@type\":\"Person\",\"@id\":\"https:\\\/\\\/althallercommunication.de\\\/#\\\/schema\\\/person\\\/4ca72b5e8d0bebc1f9b3061e463e32ee\",\"name\":\"Jacqueline Althaller\",\"image\":{\"@type\":\"ImageObject\",\"inLanguage\":\"en-US\",\"@id\":\"https:\\\/\\\/secure.gravatar.com\\\/avatar\\\/2e8cdf7784b763130efe210406ba46634d04913cf12c46cf98b2799d6da47211?s=96&d=mm&r=g\",\"url\":\"https:\\\/\\\/secure.gravatar.com\\\/avatar\\\/2e8cdf7784b763130efe210406ba46634d04913cf12c46cf98b2799d6da47211?s=96&d=mm&r=g\",\"contentUrl\":\"https:\\\/\\\/secure.gravatar.com\\\/avatar\\\/2e8cdf7784b763130efe210406ba46634d04913cf12c46cf98b2799d6da47211?s=96&d=mm&r=g\",\"caption\":\"Jacqueline Althaller\"},\"description\":\"$$$2021hmb8hzb4MD\",\"url\":\"https:\\\/\\\/althallercommunication.de\\\/en\\\/author\\\/jacqueline-althaller\\\/\"}]}<\/script>\n<!-- \/ Yoast SEO Premium plugin. -->","yoast_head_json":{"title":"social-media-studienteilnahme-garantiert-die-neuesten-B2B daten","description":"Heute startet die 13 Runde der einzigen Langzeitstudie zur Untersuchung der Social-Media-Kommunikation von B2B-Unternehmen.","robots":{"index":"index","follow":"follow","max-snippet":"max-snippet:-1","max-image-preview":"max-image-preview:large","max-video-preview":"max-video-preview:-1"},"canonical":"https:\/\/althallercommunication.de\/13-auflage-b2b-social-media-studie-geht-an-den-start\/?lang=en","og_locale":"en_US","og_type":"article","og_title":"13. Auflage B2B Social Media Studie geht an den Start","og_description":"Heute startet die 13 Runde der einzigen Langzeitstudie zur Untersuchung der Social-Media-Kommunikation von B2B-Unternehmen.","og_url":"https:\/\/althallercommunication.de\/13-auflage-b2b-social-media-studie-geht-an-den-start\/?lang=en","og_site_name":"althaller communication","article_publisher":"https:\/\/www.facebook.com\/althallercommunication","article_published_time":"2023-04-27T14:11:16+00:00","article_modified_time":"2023-12-14T10:27:40+00:00","author":"Jacqueline Althaller","twitter_card":"summary_large_image","twitter_creator":"@ALTHALLERcom","twitter_site":"@ALTHALLERcom","twitter_misc":{"Written by":"Jacqueline Althaller","Est. reading time":"5 minutes"},"schema":{"@context":"https:\/\/schema.org","@graph":[{"@type":"Article","@id":"https:\/\/althallercommunication.de\/13-auflage-b2b-social-media-studie-geht-an-den-start\/?lang=en#article","isPartOf":{"@id":"https:\/\/althallercommunication.de\/13-auflage-b2b-social-media-studie-geht-an-den-start\/?lang=en"},"author":{"name":"Jacqueline Althaller","@id":"https:\/\/althallercommunication.de\/#\/schema\/person\/4ca72b5e8d0bebc1f9b3061e463e32ee"},"headline":"13. Auflage B2B Social Media Studie geht an den Start","datePublished":"2023-04-27T14:11:16+00:00","dateModified":"2023-12-14T10:27:40+00:00","mainEntityOfPage":{"@id":"https:\/\/althallercommunication.de\/13-auflage-b2b-social-media-studie-geht-an-den-start\/?lang=en"},"wordCount":1305,"publisher":{"@id":"https:\/\/althallercommunication.de\/#organization"},"keywords":["B2B","Corporate Influencer","F\u00fchrungsverhalten","Langzeitstudie","Social Media"],"articleSection":["Klassische Pressearbeit","Kunden","Pressemeldungen","Social Media","Studie"],"inLanguage":"en-US"},{"@type":"WebPage","@id":"https:\/\/althallercommunication.de\/13-auflage-b2b-social-media-studie-geht-an-den-start\/?lang=en","url":"https:\/\/althallercommunication.de\/13-auflage-b2b-social-media-studie-geht-an-den-start\/?lang=en","name":"social-media-studienteilnahme-garantiert-die-neuesten-B2B daten","isPartOf":{"@id":"https:\/\/althallercommunication.de\/#website"},"datePublished":"2023-04-27T14:11:16+00:00","dateModified":"2023-12-14T10:27:40+00:00","description":"Heute startet die 13 Runde der einzigen Langzeitstudie zur Untersuchung der Social-Media-Kommunikation von B2B-Unternehmen.","breadcrumb":{"@id":"https:\/\/althallercommunication.de\/13-auflage-b2b-social-media-studie-geht-an-den-start\/?lang=en#breadcrumb"},"inLanguage":"en-US","potentialAction":[{"@type":"ReadAction","target":["https:\/\/althallercommunication.de\/13-auflage-b2b-social-media-studie-geht-an-den-start\/?lang=en"]}]},{"@type":"BreadcrumbList","@id":"https:\/\/althallercommunication.de\/13-auflage-b2b-social-media-studie-geht-an-den-start\/?lang=en#breadcrumb","itemListElement":[{"@type":"ListItem","position":1,"name":"Startseite","item":"https:\/\/althallercommunication.de\/en\/"},{"@type":"ListItem","position":2,"name":"13. Auflage B2B Social Media Studie geht an den Start"}]},{"@type":"WebSite","@id":"https:\/\/althallercommunication.de\/#website","url":"https:\/\/althallercommunication.de\/","name":"althaller communication","description":"Martkommunikation B2B","publisher":{"@id":"https:\/\/althallercommunication.de\/#organization"},"potentialAction":[{"@type":"SearchAction","target":{"@type":"EntryPoint","urlTemplate":"https:\/\/althallercommunication.de\/?s={search_term_string}"},"query-input":{"@type":"PropertyValueSpecification","valueRequired":true,"valueName":"search_term_string"}}],"inLanguage":"en-US"},{"@type":"Organization","@id":"https:\/\/althallercommunication.de\/#organization","name":"ALTHALLER communication","url":"https:\/\/althallercommunication.de\/","logo":{"@type":"ImageObject","inLanguage":"en-US","@id":"https:\/\/althallercommunication.de\/#\/schema\/logo\/image\/","url":"https:\/\/althallercommunication.de\/wp-content\/uploads\/2023\/12\/althaller_comm_b.png","contentUrl":"https:\/\/althallercommunication.de\/wp-content\/uploads\/2023\/12\/althaller_comm_b.png","width":464,"height":110,"caption":"ALTHALLER communication"},"image":{"@id":"https:\/\/althallercommunication.de\/#\/schema\/logo\/image\/"},"sameAs":["https:\/\/www.facebook.com\/althallercommunication","https:\/\/x.com\/ALTHALLERcom","https:\/\/www.linkedin.com\/company\/3332596?trk=tyah&amp;amp;amp;trkInfo=tas:COMMUNICATION Presse und PR,idx:1-1-1"]},{"@type":"Person","@id":"https:\/\/althallercommunication.de\/#\/schema\/person\/4ca72b5e8d0bebc1f9b3061e463e32ee","name":"Jacqueline Althaller","image":{"@type":"ImageObject","inLanguage":"en-US","@id":"https:\/\/secure.gravatar.com\/avatar\/2e8cdf7784b763130efe210406ba46634d04913cf12c46cf98b2799d6da47211?s=96&d=mm&r=g","url":"https:\/\/secure.gravatar.com\/avatar\/2e8cdf7784b763130efe210406ba46634d04913cf12c46cf98b2799d6da47211?s=96&d=mm&r=g","contentUrl":"https:\/\/secure.gravatar.com\/avatar\/2e8cdf7784b763130efe210406ba46634d04913cf12c46cf98b2799d6da47211?s=96&d=mm&r=g","caption":"Jacqueline Althaller"},"description":"$$$2021hmb8hzb4MD","url":"https:\/\/althallercommunication.de\/en\/author\/jacqueline-althaller\/"}]}},"_links":{"self":[{"href":"https:\/\/althallercommunication.de\/en\/wp-json\/wp\/v2\/posts\/25112","targetHints":{"allow":["GET"]}}],"collection":[{"href":"https:\/\/althallercommunication.de\/en\/wp-json\/wp\/v2\/posts"}],"about":[{"href":"https:\/\/althallercommunication.de\/en\/wp-json\/wp\/v2\/types\/post"}],"author":[{"embeddable":true,"href":"https:\/\/althallercommunication.de\/en\/wp-json\/wp\/v2\/users\/6"}],"replies":[{"embeddable":true,"href":"https:\/\/althallercommunication.de\/en\/wp-json\/wp\/v2\/comments?post=25112"}],"version-history":[{"count":2,"href":"https:\/\/althallercommunication.de\/en\/wp-json\/wp\/v2\/posts\/25112\/revisions"}],"predecessor-version":[{"id":25116,"href":"https:\/\/althallercommunication.de\/en\/wp-json\/wp\/v2\/posts\/25112\/revisions\/25116"}],"wp:attachment":[{"href":"https:\/\/althallercommunication.de\/en\/wp-json\/wp\/v2\/media?parent=25112"}],"wp:term":[{"taxonomy":"category","embeddable":true,"href":"https:\/\/althallercommunication.de\/en\/wp-json\/wp\/v2\/categories?post=25112"},{"taxonomy":"post_tag","embeddable":true,"href":"https:\/\/althallercommunication.de\/en\/wp-json\/wp\/v2\/tags?post=25112"}],"curies":[{"name":"wp","href":"https:\/\/api.w.org\/{rel}","templated":true}]}}