{"id":25265,"date":"2023-06-26T10:32:54","date_gmt":"2023-06-26T08:32:54","guid":{"rendered":"https:\/\/www.althallercommunication.de\/?p=25265"},"modified":"2024-05-14T18:07:48","modified_gmt":"2024-05-14T16:07:48","slug":"summ-days-schwabinger-tor-alle-sind-willkommen-erlebnisse-fuer-gross-und-klein-im-gesamten-stadtviertel","status":"publish","type":"post","link":"https:\/\/althallercommunication.de\/en\/summ-days-schwabinger-tor-alle-sind-willkommen-erlebnisse-fuer-gross-und-klein-im-gesamten-stadtviertel\/","title":{"rendered":"SUMM DAYS @ Schwabinger Tor"},"content":{"rendered":"<p><\/p>\n<p><strong>SUMM DAYS @ Schwabinger Tor<\/strong><\/p>\n<p><strong>Alle sind willkommen \u2013 Erlebnisse f\u00fcr Gro\u00df und Klein im gesamten Stadtviertel<\/strong><\/p>\n<p><strong>M\u00fcnchen, 26. Juni 2023 <\/strong><strong>\u2013<\/strong> <strong>Ein ganzer Tag urbanes Lebensgef\u00fchl und Gastfreundschaft f\u00fcr alle: Das Schwabinger Tor l\u00e4dt am 8. und 9. Juli zu seinem gro\u00dfen Sommer- und Familienfest, den Summer Days ein. Am Samstag und Sonntag k\u00f6nnen alle Teilnehmer:innen das sommerliche Flair im Schwabinger Tor live erleben!<\/strong><\/p>\n<p>Das Schwabinger Tor veranstaltet ein entspanntes und gleichzeitig lebendiges Fest, bei dem die Mieter:innen des Viertels einbezogen werden. Das Fest erstreckt sich \u00fcber das gesamte Viertel entlang der Leopoldstra\u00dfe und bietet zahlreiche Attraktionen f\u00fcr Gro\u00df und Klein.<\/p>\n<p>Ob Virtual Reality, Cocktails, Kettcar-Parcours oder Smoker: Es gibt viel zu erleben f\u00fcr Kinder und Erwachsene.<\/p>\n<p><strong>Sommer, Sonne, Grillzeit<\/strong>: Das Hotel Andaz begr\u00fc\u00dft die G\u00e4ste des Sommerfestes mit einem Smoker und einer Au\u00dfenbar auf seinen Terrassen. Vor dem La Bohem\u00e9 stehen Liegest\u00fchle und Planschbecken zum Entspannen bereit\u2013 und mit dem passenden DJ ist f\u00fcr sommerliche Kl\u00e4nge gesorgt. Der Escape-Room-Anbieter VAONS stellt am Samstag eine Virtual Reality Arena im Ballsaal des Andaz Hotels bereit, w\u00e4hrend die Kinder zwischen den Hotelgeb\u00e4uden \u00fcber den Kettcar-Parcour flitzen.<\/p>\n<p>Die zahlreichen Liegest\u00fchle im Stadtquartier schaffen eine entspannte Atmosph\u00e4re und bieten viel Raum f\u00fcr Lebensfreude und um das Sommerfest einfach zu genie\u00dfen. An den Au\u00dfenbars k\u00f6nnen die G\u00e4ste leckere Drinks genie\u00dfen, zum Beispiel die spritzigen Gin-Variationen beim Jaadin. F\u00fcr Kinder gibt es ebenfalls ein vielf\u00e4ltiges Programm, darunter eine H\u00fcpfburg, Kinderschminken, Ballon-Tiere, Stra\u00dfenkreide-Malwettbewerb und den Kettcar-Parkour.<\/p>\n<p>Auf der B\u00fchne an der Tramhaltestelle sind an beiden Tagen Live-Acts zu erleben.<\/p>\n<p>8.7.23 \u00a0\u00a0\u00a0\u00a0\u00a0\u00a0 Liann Solo \u00a0\u00a0\u00a0\u00a0\u00a0\u00a0 16.00 &#8211; 17.30 <a href=\"https:\/\/www.liann.de\/\">https:\/\/www.liann.de\/<\/a><\/p>\n<p>8.7.23 \u00a0\u00a0\u00a0\u00a0\u00a0\u00a0 Black Patti \u00a0\u00a0\u00a0\u00a0\u00a0\u00a0 19.30 &#8211; 21.00 <a href=\"https:\/\/maloom.net\/\">https:\/\/maloom.net\/<\/a><\/p>\n<p>9.7.23 \u00a0\u00a0\u00a0\u00a0\u00a0\u00a0 Caro Kelley \u00a0\u00a0\u00a0\u00a0\u00a0 16.00 &#8211; 17.30 <a href=\"https:\/\/carokelley.com\/\">https:\/\/carokelley.com\/<\/a><\/p>\n<p>9.7.23 \u00a0\u00a0\u00a0\u00a0\u00a0\u00a0 DisM \u00a0\u00a0\u00a0\u00a0\u00a0\u00a0\u00a0\u00a0\u00a0\u00a0\u00a0\u00a0\u00a0\u00a0 19.30 &#8211; 21.00 <a href=\"https:\/\/www.dis-m.net\/\">https:\/\/www.dis-m.net\/<\/a><\/p>\n<p>\u00dcbrigens: Bei Google Streetview k\u00f6nnen Sie das Schwabinger Tor virtuell begehen<\/p>\n<p><strong>Schwabinger Tor<\/strong><\/p>\n<p>Mit dem Schwabinger Tor an der Leopoldstra\u00dfe in M\u00fcnchen-Schwabing wird ein neues Stadtquartier geschaffen, welches k\u00fcnftigen Lebens- und Arbeitsweisen schon heute Raum gibt. Mit den insgesamt neun Geb\u00e4uden entwickelt sich ein neuer Ort zum Wohnen, Arbeiten, Erleben und Einkaufen. Das Schwabinger Tor, ein bestandseigenes Projekt der Jost Hurler Unternehmensgruppe und eines der gr\u00f6\u00dften innerst\u00e4dtischen Bauprojekte Deutschlands, folgt der Idee des Sharings als Vision eines urbanen Lebensgef\u00fchls. Das Motto \u201eTalente. Teilen. Toleranz.\u201c spiegelt sich in konkreten Angeboten wider wie Car Sharing, Co Working, einer Sharing-App f\u00fcr die Mieter oder gezielter Startup- und Kunstf\u00f6rderung. Mehr unter http:\/\/schwabinger-tor.<\/p>\n<p><strong>\u00dcber die Jost Hurler Gruppe <\/strong><\/p>\n<p>Die Jost Hurler Beteiligungs und Verwaltungs GmbH &amp; Co. KG entwickelt, vermietet und finanziert bestandseigene Immobilienobjekte in Deutschland und \u00d6sterreich. Wichtige Standorte befinden sich in Bayern, Nordrhein-Westfalen, Berlin und Th\u00fcringen. Sitz der Jost Hurler Beteiligungs und Verwaltungs GmbH &amp; Co. KG ist M\u00fcnchen. Mehr unter www.jost-hurler.de und www.schwabinger-tor.de<\/p>\n<p><a href=\"https:\/\/althallercommunication.de\/newsroom\/\" target=\"_blank\" rel=\"noopener\">PI zum Download<\/a><\/p>\n<p><\/p>\n<p>Pressekontakt und Redaktion<br \/>\n<strong>Jacqueline Althaller<br \/>\n<\/strong>ALTHALLER communication Gesellschaft f\u00fcr Marktkommunikation mbH<br \/>\nElisabethstra\u00dfe 13<br \/>\n80796 M\u00fcnchen<\/p>\n<p><\/p>\n<p>+49 (0) 89 38 66 52 60<\/p>\n<p><\/p>\n<p>+49 (0) 89 38 66 52 75<\/p>\n<p><\/p>\n<p><a href=\"mailto:info@althallercommunication.de\">info@althallercommunication.de<\/a><\/p>\n<p><\/p>\n<p><a href=\"https:\/\/althallercommunication.de\/\">www.althallercommunication.de<\/a><\/p>\n<p><\/p>\n","protected":false},"excerpt":{"rendered":"<p>Ein ganzer Tag urbanes Lebensgef\u00fchl und Gastfreundschaft f\u00fcr alle: Das Schwabinger Tor l\u00e4dt am 8. und 9. Juli zu seinem gro\u00dfen Sommer- und Familienfest, den Summer Days ein. Am Samstag und Sonntag k\u00f6nnen alle Teilnehmer:innen das sommerliche Flair im Schwabinger Tor live erleben!<\/p>\n","protected":false},"author":6,"featured_media":0,"comment_status":"closed","ping_status":"open","sticky":false,"template":"","format":"standard","meta":{"_et_pb_use_builder":"","_et_pb_old_content":"","_et_gb_content_width":"","inline_featured_image":false,"footnotes":""},"categories":[2749,2765,2756,1,2758,2831],"tags":[1690,631,1499,2424,2653],"class_list":["post-25265","post","type-post","status-publish","format-standard","hentry","category-ecommerce-retail","category-klassische-pressearbeit","category-kunden-in-den-medien","category-unkategorisiert","category-pressemeldungen","category-schwabinger-tor","tag-dr-maximilian-gutsche","tag-jost-hurler","tag-jost-hurler-gruppe","tag-tennis","tag-veranstaltungshinweis"],"yoast_head":"<!-- This site is optimized with the Yoast SEO Premium plugin v25.3 (Yoast SEO v27.5) - https:\/\/yoast.com\/product\/yoast-seo-premium-wordpress\/ -->\n<title>Veranstaltungshinweis: SUMM DAYS @ Schwabinger Tor<\/title>\n<meta name=\"description\" content=\"Ein ganzer Tag urbanes Lebensgef\u00fchl und Gastfreundschaft f\u00fcr alle: Das Schwabinger Tor l\u00e4dt am 8. und 9. Juli zu seinem gro\u00dfen Sommer- und Familienfest, den Summer Days ein. Am Samstag und Sonntag k\u00f6nnen alle Teilnehmer:innen das sommerliche Flair im Schwabinger Tor live erleben!\" \/>\n<meta name=\"robots\" content=\"index, follow, max-snippet:-1, max-image-preview:large, max-video-preview:-1\" \/>\n<link rel=\"canonical\" href=\"https:\/\/althallercommunication.de\/summ-days-schwabinger-tor-alle-sind-willkommen-erlebnisse-fuer-gross-und-klein-im-gesamten-stadtviertel\/\" \/>\n<meta property=\"og:locale\" content=\"en_US\" \/>\n<meta property=\"og:type\" content=\"article\" \/>\n<meta property=\"og:title\" content=\"SUMM DAYS @ Schwabinger Tor\" \/>\n<meta property=\"og:description\" content=\"Ein ganzer Tag urbanes Lebensgef\u00fchl und Gastfreundschaft f\u00fcr alle: Das Schwabinger Tor l\u00e4dt am 8. und 9. Juli zu seinem gro\u00dfen Sommer- und Familienfest, den Summer Days ein. Am Samstag und Sonntag k\u00f6nnen alle Teilnehmer:innen das sommerliche Flair im Schwabinger Tor live erleben!\" \/>\n<meta property=\"og:url\" content=\"https:\/\/althallercommunication.de\/summ-days-schwabinger-tor-alle-sind-willkommen-erlebnisse-fuer-gross-und-klein-im-gesamten-stadtviertel\/\" \/>\n<meta property=\"og:site_name\" content=\"althaller communication\" \/>\n<meta property=\"article:publisher\" content=\"https:\/\/www.facebook.com\/althallercommunication\" \/>\n<meta property=\"article:published_time\" content=\"2023-06-26T08:32:54+00:00\" \/>\n<meta property=\"article:modified_time\" content=\"2024-05-14T16:07:48+00:00\" \/>\n<meta name=\"author\" content=\"Jacqueline Althaller\" \/>\n<meta name=\"twitter:card\" content=\"summary_large_image\" \/>\n<meta name=\"twitter:creator\" content=\"@ALTHALLERcom\" \/>\n<meta name=\"twitter:site\" content=\"@ALTHALLERcom\" \/>\n<meta name=\"twitter:label1\" content=\"Written by\" \/>\n\t<meta name=\"twitter:data1\" content=\"Jacqueline Althaller\" \/>\n\t<meta name=\"twitter:label2\" content=\"Est. reading time\" \/>\n\t<meta name=\"twitter:data2\" content=\"4 minutes\" \/>\n<script type=\"application\/ld+json\" class=\"yoast-schema-graph\">{\"@context\":\"https:\\\/\\\/schema.org\",\"@graph\":[{\"@type\":\"Article\",\"@id\":\"https:\\\/\\\/althallercommunication.de\\\/summ-days-schwabinger-tor-alle-sind-willkommen-erlebnisse-fuer-gross-und-klein-im-gesamten-stadtviertel\\\/#article\",\"isPartOf\":{\"@id\":\"https:\\\/\\\/althallercommunication.de\\\/summ-days-schwabinger-tor-alle-sind-willkommen-erlebnisse-fuer-gross-und-klein-im-gesamten-stadtviertel\\\/\"},\"author\":{\"name\":\"Jacqueline Althaller\",\"@id\":\"https:\\\/\\\/althallercommunication.de\\\/#\\\/schema\\\/person\\\/4ca72b5e8d0bebc1f9b3061e463e32ee\"},\"headline\":\"SUMM DAYS @ Schwabinger Tor\",\"datePublished\":\"2023-06-26T08:32:54+00:00\",\"dateModified\":\"2024-05-14T16:07:48+00:00\",\"mainEntityOfPage\":{\"@id\":\"https:\\\/\\\/althallercommunication.de\\\/summ-days-schwabinger-tor-alle-sind-willkommen-erlebnisse-fuer-gross-und-klein-im-gesamten-stadtviertel\\\/\"},\"wordCount\":933,\"publisher\":{\"@id\":\"https:\\\/\\\/althallercommunication.de\\\/#organization\"},\"keywords\":[\"Dr. Maximilian Gutsche\",\"Jost Hurler\",\"Jost Hurler Gruppe\",\"tennis\",\"Veranstaltungshinweis\"],\"articleSection\":[\"Ecommerce &amp; Retail\",\"Klassische Pressearbeit\",\"Kunden\",\"Others\",\"Pressemeldungen\",\"Schwabinger-Tor\"],\"inLanguage\":\"en-US\"},{\"@type\":\"WebPage\",\"@id\":\"https:\\\/\\\/althallercommunication.de\\\/summ-days-schwabinger-tor-alle-sind-willkommen-erlebnisse-fuer-gross-und-klein-im-gesamten-stadtviertel\\\/\",\"url\":\"https:\\\/\\\/althallercommunication.de\\\/summ-days-schwabinger-tor-alle-sind-willkommen-erlebnisse-fuer-gross-und-klein-im-gesamten-stadtviertel\\\/\",\"name\":\"Veranstaltungshinweis: SUMM DAYS @ Schwabinger Tor\",\"isPartOf\":{\"@id\":\"https:\\\/\\\/althallercommunication.de\\\/#website\"},\"datePublished\":\"2023-06-26T08:32:54+00:00\",\"dateModified\":\"2024-05-14T16:07:48+00:00\",\"description\":\"Ein ganzer Tag urbanes Lebensgef\u00fchl und Gastfreundschaft f\u00fcr alle: Das Schwabinger Tor l\u00e4dt am 8. und 9. Juli zu seinem gro\u00dfen Sommer- und Familienfest, den Summer Days ein. Am Samstag und Sonntag k\u00f6nnen alle Teilnehmer:innen das sommerliche Flair im Schwabinger Tor live erleben!\",\"breadcrumb\":{\"@id\":\"https:\\\/\\\/althallercommunication.de\\\/summ-days-schwabinger-tor-alle-sind-willkommen-erlebnisse-fuer-gross-und-klein-im-gesamten-stadtviertel\\\/#breadcrumb\"},\"inLanguage\":\"en-US\",\"potentialAction\":[{\"@type\":\"ReadAction\",\"target\":[\"https:\\\/\\\/althallercommunication.de\\\/summ-days-schwabinger-tor-alle-sind-willkommen-erlebnisse-fuer-gross-und-klein-im-gesamten-stadtviertel\\\/\"]}]},{\"@type\":\"BreadcrumbList\",\"@id\":\"https:\\\/\\\/althallercommunication.de\\\/summ-days-schwabinger-tor-alle-sind-willkommen-erlebnisse-fuer-gross-und-klein-im-gesamten-stadtviertel\\\/#breadcrumb\",\"itemListElement\":[{\"@type\":\"ListItem\",\"position\":1,\"name\":\"Startseite\",\"item\":\"https:\\\/\\\/althallercommunication.de\\\/en\\\/\"},{\"@type\":\"ListItem\",\"position\":2,\"name\":\"SUMM DAYS @ Schwabinger Tor\"}]},{\"@type\":\"WebSite\",\"@id\":\"https:\\\/\\\/althallercommunication.de\\\/#website\",\"url\":\"https:\\\/\\\/althallercommunication.de\\\/\",\"name\":\"althaller communication\",\"description\":\"Martkommunikation B2B\",\"publisher\":{\"@id\":\"https:\\\/\\\/althallercommunication.de\\\/#organization\"},\"potentialAction\":[{\"@type\":\"SearchAction\",\"target\":{\"@type\":\"EntryPoint\",\"urlTemplate\":\"https:\\\/\\\/althallercommunication.de\\\/?s={search_term_string}\"},\"query-input\":{\"@type\":\"PropertyValueSpecification\",\"valueRequired\":true,\"valueName\":\"search_term_string\"}}],\"inLanguage\":\"en-US\"},{\"@type\":\"Organization\",\"@id\":\"https:\\\/\\\/althallercommunication.de\\\/#organization\",\"name\":\"ALTHALLER communication\",\"url\":\"https:\\\/\\\/althallercommunication.de\\\/\",\"logo\":{\"@type\":\"ImageObject\",\"inLanguage\":\"en-US\",\"@id\":\"https:\\\/\\\/althallercommunication.de\\\/#\\\/schema\\\/logo\\\/image\\\/\",\"url\":\"https:\\\/\\\/althallercommunication.de\\\/wp-content\\\/uploads\\\/2023\\\/12\\\/althaller_comm_b.png\",\"contentUrl\":\"https:\\\/\\\/althallercommunication.de\\\/wp-content\\\/uploads\\\/2023\\\/12\\\/althaller_comm_b.png\",\"width\":464,\"height\":110,\"caption\":\"ALTHALLER communication\"},\"image\":{\"@id\":\"https:\\\/\\\/althallercommunication.de\\\/#\\\/schema\\\/logo\\\/image\\\/\"},\"sameAs\":[\"https:\\\/\\\/www.facebook.com\\\/althallercommunication\",\"https:\\\/\\\/x.com\\\/ALTHALLERcom\",\"https:\\\/\\\/www.linkedin.com\\\/company\\\/3332596?trk=tyah&amp;amp;amp;trkInfo=tas:COMMUNICATION Presse und PR,idx:1-1-1\"]},{\"@type\":\"Person\",\"@id\":\"https:\\\/\\\/althallercommunication.de\\\/#\\\/schema\\\/person\\\/4ca72b5e8d0bebc1f9b3061e463e32ee\",\"name\":\"Jacqueline Althaller\",\"image\":{\"@type\":\"ImageObject\",\"inLanguage\":\"en-US\",\"@id\":\"https:\\\/\\\/secure.gravatar.com\\\/avatar\\\/2e8cdf7784b763130efe210406ba46634d04913cf12c46cf98b2799d6da47211?s=96&d=mm&r=g\",\"url\":\"https:\\\/\\\/secure.gravatar.com\\\/avatar\\\/2e8cdf7784b763130efe210406ba46634d04913cf12c46cf98b2799d6da47211?s=96&d=mm&r=g\",\"contentUrl\":\"https:\\\/\\\/secure.gravatar.com\\\/avatar\\\/2e8cdf7784b763130efe210406ba46634d04913cf12c46cf98b2799d6da47211?s=96&d=mm&r=g\",\"caption\":\"Jacqueline Althaller\"},\"description\":\"$$$2021hmb8hzb4MD\",\"url\":\"https:\\\/\\\/althallercommunication.de\\\/en\\\/author\\\/jacqueline-althaller\\\/\"}]}<\/script>\n<!-- \/ Yoast SEO Premium plugin. -->","yoast_head_json":{"title":"Veranstaltungshinweis: SUMM DAYS @ Schwabinger Tor","description":"Ein ganzer Tag urbanes Lebensgef\u00fchl und Gastfreundschaft f\u00fcr alle: Das Schwabinger Tor l\u00e4dt am 8. und 9. Juli zu seinem gro\u00dfen Sommer- und Familienfest, den Summer Days ein. Am Samstag und Sonntag k\u00f6nnen alle Teilnehmer:innen das sommerliche Flair im Schwabinger Tor live erleben!","robots":{"index":"index","follow":"follow","max-snippet":"max-snippet:-1","max-image-preview":"max-image-preview:large","max-video-preview":"max-video-preview:-1"},"canonical":"https:\/\/althallercommunication.de\/summ-days-schwabinger-tor-alle-sind-willkommen-erlebnisse-fuer-gross-und-klein-im-gesamten-stadtviertel\/","og_locale":"en_US","og_type":"article","og_title":"SUMM DAYS @ Schwabinger Tor","og_description":"Ein ganzer Tag urbanes Lebensgef\u00fchl und Gastfreundschaft f\u00fcr alle: Das Schwabinger Tor l\u00e4dt am 8. und 9. Juli zu seinem gro\u00dfen Sommer- und Familienfest, den Summer Days ein. Am Samstag und Sonntag k\u00f6nnen alle Teilnehmer:innen das sommerliche Flair im Schwabinger Tor live erleben!","og_url":"https:\/\/althallercommunication.de\/summ-days-schwabinger-tor-alle-sind-willkommen-erlebnisse-fuer-gross-und-klein-im-gesamten-stadtviertel\/","og_site_name":"althaller communication","article_publisher":"https:\/\/www.facebook.com\/althallercommunication","article_published_time":"2023-06-26T08:32:54+00:00","article_modified_time":"2024-05-14T16:07:48+00:00","author":"Jacqueline Althaller","twitter_card":"summary_large_image","twitter_creator":"@ALTHALLERcom","twitter_site":"@ALTHALLERcom","twitter_misc":{"Written by":"Jacqueline Althaller","Est. reading time":"4 minutes"},"schema":{"@context":"https:\/\/schema.org","@graph":[{"@type":"Article","@id":"https:\/\/althallercommunication.de\/summ-days-schwabinger-tor-alle-sind-willkommen-erlebnisse-fuer-gross-und-klein-im-gesamten-stadtviertel\/#article","isPartOf":{"@id":"https:\/\/althallercommunication.de\/summ-days-schwabinger-tor-alle-sind-willkommen-erlebnisse-fuer-gross-und-klein-im-gesamten-stadtviertel\/"},"author":{"name":"Jacqueline Althaller","@id":"https:\/\/althallercommunication.de\/#\/schema\/person\/4ca72b5e8d0bebc1f9b3061e463e32ee"},"headline":"SUMM DAYS @ Schwabinger Tor","datePublished":"2023-06-26T08:32:54+00:00","dateModified":"2024-05-14T16:07:48+00:00","mainEntityOfPage":{"@id":"https:\/\/althallercommunication.de\/summ-days-schwabinger-tor-alle-sind-willkommen-erlebnisse-fuer-gross-und-klein-im-gesamten-stadtviertel\/"},"wordCount":933,"publisher":{"@id":"https:\/\/althallercommunication.de\/#organization"},"keywords":["Dr. Maximilian Gutsche","Jost Hurler","Jost Hurler Gruppe","tennis","Veranstaltungshinweis"],"articleSection":["Ecommerce &amp; Retail","Klassische Pressearbeit","Kunden","Others","Pressemeldungen","Schwabinger-Tor"],"inLanguage":"en-US"},{"@type":"WebPage","@id":"https:\/\/althallercommunication.de\/summ-days-schwabinger-tor-alle-sind-willkommen-erlebnisse-fuer-gross-und-klein-im-gesamten-stadtviertel\/","url":"https:\/\/althallercommunication.de\/summ-days-schwabinger-tor-alle-sind-willkommen-erlebnisse-fuer-gross-und-klein-im-gesamten-stadtviertel\/","name":"Veranstaltungshinweis: SUMM DAYS @ Schwabinger Tor","isPartOf":{"@id":"https:\/\/althallercommunication.de\/#website"},"datePublished":"2023-06-26T08:32:54+00:00","dateModified":"2024-05-14T16:07:48+00:00","description":"Ein ganzer Tag urbanes Lebensgef\u00fchl und Gastfreundschaft f\u00fcr alle: Das Schwabinger Tor l\u00e4dt am 8. und 9. Juli zu seinem gro\u00dfen Sommer- und Familienfest, den Summer Days ein. Am Samstag und Sonntag k\u00f6nnen alle Teilnehmer:innen das sommerliche Flair im Schwabinger Tor live erleben!","breadcrumb":{"@id":"https:\/\/althallercommunication.de\/summ-days-schwabinger-tor-alle-sind-willkommen-erlebnisse-fuer-gross-und-klein-im-gesamten-stadtviertel\/#breadcrumb"},"inLanguage":"en-US","potentialAction":[{"@type":"ReadAction","target":["https:\/\/althallercommunication.de\/summ-days-schwabinger-tor-alle-sind-willkommen-erlebnisse-fuer-gross-und-klein-im-gesamten-stadtviertel\/"]}]},{"@type":"BreadcrumbList","@id":"https:\/\/althallercommunication.de\/summ-days-schwabinger-tor-alle-sind-willkommen-erlebnisse-fuer-gross-und-klein-im-gesamten-stadtviertel\/#breadcrumb","itemListElement":[{"@type":"ListItem","position":1,"name":"Startseite","item":"https:\/\/althallercommunication.de\/en\/"},{"@type":"ListItem","position":2,"name":"SUMM DAYS @ Schwabinger Tor"}]},{"@type":"WebSite","@id":"https:\/\/althallercommunication.de\/#website","url":"https:\/\/althallercommunication.de\/","name":"althaller communication","description":"Martkommunikation B2B","publisher":{"@id":"https:\/\/althallercommunication.de\/#organization"},"potentialAction":[{"@type":"SearchAction","target":{"@type":"EntryPoint","urlTemplate":"https:\/\/althallercommunication.de\/?s={search_term_string}"},"query-input":{"@type":"PropertyValueSpecification","valueRequired":true,"valueName":"search_term_string"}}],"inLanguage":"en-US"},{"@type":"Organization","@id":"https:\/\/althallercommunication.de\/#organization","name":"ALTHALLER communication","url":"https:\/\/althallercommunication.de\/","logo":{"@type":"ImageObject","inLanguage":"en-US","@id":"https:\/\/althallercommunication.de\/#\/schema\/logo\/image\/","url":"https:\/\/althallercommunication.de\/wp-content\/uploads\/2023\/12\/althaller_comm_b.png","contentUrl":"https:\/\/althallercommunication.de\/wp-content\/uploads\/2023\/12\/althaller_comm_b.png","width":464,"height":110,"caption":"ALTHALLER communication"},"image":{"@id":"https:\/\/althallercommunication.de\/#\/schema\/logo\/image\/"},"sameAs":["https:\/\/www.facebook.com\/althallercommunication","https:\/\/x.com\/ALTHALLERcom","https:\/\/www.linkedin.com\/company\/3332596?trk=tyah&amp;amp;amp;trkInfo=tas:COMMUNICATION Presse und PR,idx:1-1-1"]},{"@type":"Person","@id":"https:\/\/althallercommunication.de\/#\/schema\/person\/4ca72b5e8d0bebc1f9b3061e463e32ee","name":"Jacqueline Althaller","image":{"@type":"ImageObject","inLanguage":"en-US","@id":"https:\/\/secure.gravatar.com\/avatar\/2e8cdf7784b763130efe210406ba46634d04913cf12c46cf98b2799d6da47211?s=96&d=mm&r=g","url":"https:\/\/secure.gravatar.com\/avatar\/2e8cdf7784b763130efe210406ba46634d04913cf12c46cf98b2799d6da47211?s=96&d=mm&r=g","contentUrl":"https:\/\/secure.gravatar.com\/avatar\/2e8cdf7784b763130efe210406ba46634d04913cf12c46cf98b2799d6da47211?s=96&d=mm&r=g","caption":"Jacqueline Althaller"},"description":"$$$2021hmb8hzb4MD","url":"https:\/\/althallercommunication.de\/en\/author\/jacqueline-althaller\/"}]}},"_links":{"self":[{"href":"https:\/\/althallercommunication.de\/en\/wp-json\/wp\/v2\/posts\/25265","targetHints":{"allow":["GET"]}}],"collection":[{"href":"https:\/\/althallercommunication.de\/en\/wp-json\/wp\/v2\/posts"}],"about":[{"href":"https:\/\/althallercommunication.de\/en\/wp-json\/wp\/v2\/types\/post"}],"author":[{"embeddable":true,"href":"https:\/\/althallercommunication.de\/en\/wp-json\/wp\/v2\/users\/6"}],"replies":[{"embeddable":true,"href":"https:\/\/althallercommunication.de\/en\/wp-json\/wp\/v2\/comments?post=25265"}],"version-history":[{"count":3,"href":"https:\/\/althallercommunication.de\/en\/wp-json\/wp\/v2\/posts\/25265\/revisions"}],"predecessor-version":[{"id":25268,"href":"https:\/\/althallercommunication.de\/en\/wp-json\/wp\/v2\/posts\/25265\/revisions\/25268"}],"wp:attachment":[{"href":"https:\/\/althallercommunication.de\/en\/wp-json\/wp\/v2\/media?parent=25265"}],"wp:term":[{"taxonomy":"category","embeddable":true,"href":"https:\/\/althallercommunication.de\/en\/wp-json\/wp\/v2\/categories?post=25265"},{"taxonomy":"post_tag","embeddable":true,"href":"https:\/\/althallercommunication.de\/en\/wp-json\/wp\/v2\/tags?post=25265"}],"curies":[{"name":"wp","href":"https:\/\/api.w.org\/{rel}","templated":true}]}}