{"id":26452,"date":"2023-10-31T10:14:04","date_gmt":"2023-10-31T09:14:04","guid":{"rendered":"https:\/\/www.althallercommunication.de\/?p=26261"},"modified":"2024-10-25T09:29:48","modified_gmt":"2024-10-25T07:29:48","slug":"ueber-90-prozent-der-unternehmen-nutzen-social-media-kmu-sind-fuehrend-2","status":"publish","type":"post","link":"https:\/\/althallercommunication.de\/en\/ueber-90-prozent-der-unternehmen-nutzen-social-media-kmu-sind-fuehrend-2\/","title":{"rendered":"Presse"},"content":{"rendered":"<div class=\"fusion-fullwidth fullwidth-box fusion-builder-row-123 fusion-parallax-fixed ateasermobil hundred-percent-fullwidth non-hundred-percent-height-scrolling fusion-equal-height-columns\" style=\"--awb-background-blend-mode:overlay;--awb-border-radius-top-left:0px;--awb-border-radius-top-right:0px;--awb-border-radius-bottom-right:0px;--awb-border-radius-bottom-left:0px;--awb-padding-top:100px;--awb-padding-bottom:100px;--awb-margin-top:-55px;--awb-margin-bottom:50px;--awb-background-color:rgba(7,7,7,0.5);--awb-background-image:url(&quot;\/wp-content\/uploads\/2017\/03\/bg-ateaser-customer.jpg&quot;);--awb-background-size:cover;--awb-flex-wrap:wrap;background-attachment:fixed;\" >\n<div class=\"fusion-builder-row fusion-row\">\n<div class=\"fusion-layout-column fusion_builder_column fusion-builder-column-527 fusion_builder_column_1_4 1_4 fusion-one-fourth fusion-column-first\" style=\"--awb-bg-size:cover;width:25%;width:calc(25% - ( ( 4% + 4% ) * 0.25 ) );margin-right: 4%;\">\n<div class=\"fusion-column-wrapper fusion-flex-column-wrapper-legacy\">\n<div class=\"fusion-clearfix\"><\/div>\n<\/div>\n<\/div>\n<div class=\"fusion-layout-column fusion_builder_column fusion-builder-column-528 fusion_builder_column_1_2 1_2 fusion-one-half\" style=\"--awb-bg-size:cover;width:50%;width:calc(50% - ( ( 4% + 4% ) * 0.5 ) );margin-right: 4%;\">\n<div class=\"fusion-column-wrapper fusion-flex-column-wrapper-legacy\">\n<div class=\"fusion-title title fusion-title-95 fusion-sep-none fusion-title-center fusion-title-text fusion-title-size-one\">\n<h1 class=\"fusion-title-heading title-heading-center\" style=\"margin:0;\">\n<h1 style=\"text-align: center;\"><span id=\"white\">Ihre PR Agentur B2B<br \/><\/span><span id=\"orange\">M\u00fcnchen<\/span><\/h1>\n<\/h1>\n<\/div>\n<div class=\"fusion-text fusion-text-335\">\n<p style=\"text-align: center;\"><span style=\"color: #ffffff;\"><strong>Erfolgsbeispiele unserer Pressearbeit<\/strong><\/span><\/p>\n<\/div>\n<div class=\"fusion-clearfix\"><\/div>\n<\/div>\n<\/div>\n<div class=\"fusion-layout-column fusion_builder_column fusion-builder-column-529 fusion_builder_column_1_4 1_4 fusion-one-fourth fusion-column-last\" style=\"--awb-bg-size:cover;width:25%;width:calc(25% - ( ( 4% + 4% ) * 0.25 ) );\">\n<div class=\"fusion-column-wrapper fusion-flex-column-wrapper-legacy\">\n<div class=\"fusion-clearfix\"><\/div>\n<\/div>\n<\/div>\n<\/div>\n<\/div>\n<div class=\"fusion-fullwidth fullwidth-box fusion-builder-row-124 nonhundred-percent-fullwidth non-hundred-percent-height-scrolling\" style=\"--awb-border-radius-top-left:0px;--awb-border-radius-top-right:0px;--awb-border-radius-bottom-right:0px;--awb-border-radius-bottom-left:0px;--awb-padding-top:20px;--awb-padding-bottom:20px;--awb-flex-wrap:wrap;\" >\n<div class=\"fusion-builder-row fusion-row\">\n<div class=\"fusion-layout-column fusion_builder_column fusion-builder-column-530 fusion_builder_column_2_3 2_3 fusion-two-third fusion-column-first\" style=\"--awb-bg-size:cover;width:66.6666666667%;width:calc(66.6666666667% - ( ( 4% ) * 0.666666666667 ) );margin-right: 4%;\">\n<div class=\"fusion-column-wrapper fusion-flex-column-wrapper-legacy\">\n<div class=\"fusion-blog-shortcode fusion-blog-shortcode-2 fusion-blog-archive fusion-blog-layout-medium-alternate fusion-blog-infinite fusion-blog-no-images news-archiv\">\n<div class=\"fusion-posts-container fusion-posts-container-infinite fusion-posts-container-load-more\" data-pages=\"109\">\n<article id=\"blog-2-post-26392\" class=\"fusion-post-medium-alternate post-26392 type-post status-publish format-standard hentry category-press-release-customer category-press-release-jost-hurler tag-jost-hurler-gruppe tag-schwabinger-tor tag-veranstaltungshinweis\">\n<div class=\"fusion-date-and-formats\">\n<div class=\"fusion-date-box updated\"><span class=\"fusion-date\">22<\/span><span class=\"fusion-month-year\">11, 2023<\/span><\/div>\n<div class=\"fusion-format-box\"><i class=\"awb-icon-pen\" aria-hidden=\"true\"><\/i><\/div>\n<\/div>\n<div class=\"fusion-post-content post-content\">\n<h2 class=\"blog-shortcode-post-title entry-title\"><a href=\"https:\/\/www.althallercommunication.de\/x-mas-gallery-weihnachtsgalerie-am-schwabinger-tor\/\">X-Mas Gallery: Weihnachtsgalerie am Schwabinger Tor<\/a><\/h2>\n<p class=\"fusion-single-line-meta\"><span class=\"updated\" style=\"display:none;\">2023-11-22T10:49:32+01:00<\/span>Von <span class=\"vcard\"><span class=\"fn\">Nelly Wilhelm<\/span><\/span><span class=\"fusion-inline-sep\">|<\/span>Kategorien: Press Release Customer, Press Release Jost Hurler<span class=\"fusion-inline-sep\">|<\/span><span class=\"meta-tags\">Schlagw&ouml;rter: <a href=\"https:\/\/www.althallercommunication.de\/tag\/jost-hurler-gruppe\/\" rel=\"tag\">Jost Hurler Gruppe<\/a>, <a href=\"https:\/\/www.althallercommunication.de\/tag\/schwabinger-tor\/\" rel=\"tag\">Schwabinger Tor<\/a>, <a href=\"https:\/\/www.althallercommunication.de\/tag\/veranstaltungshinweis\/\" rel=\"tag\">Veranstaltungshinweis<\/a><\/span><span class=\"fusion-inline-sep\">|<\/span><\/p>\n<div class=\"fusion-post-content-container\">\n<p><strong> Jost Hurler | M\u00fcnchen <\/strong>  Ab dem kommenden Jahr soll das HUMA Outlet Teil der HUMA WELT in Sankt Augustin werden. Als nahezu einzigartige Hybrid-Mall vereint der Standort dann Shopping, Outlet und Nahversorgung in einem Center. In diesen Tagen startet die Marktansprache der potenziellen Outlet-Mieter.<\/p>\n<\/div>\n<\/div>\n<div class=\"fusion-clearfix\"><\/div>\n<div class=\"fusion-meta-info\">\n<div class=\"fusion-alignright\"><a class=\"fusion-read-more\" href=\"https:\/\/www.althallercommunication.de\/x-mas-gallery-weihnachtsgalerie-am-schwabinger-tor\/\" aria-label=\"More on X-Mas Gallery: Weihnachtsgalerie am Schwabinger Tor\">Weiterlesen<\/a><\/div>\n<\/div>\n<\/article>\n<article id=\"blog-2-post-26318\" class=\"fusion-post-medium-alternate post-26318 type-post status-publish format-standard hentry category-clipping-computop tag-althaller-communication tag-b2b-agentur tag-computop tag-marktpositionierung tag-payment tag-payment-service-provider tag-payment-dienstleister tag-share-of-voice tag-zahlungsverkehr\">\n<div class=\"fusion-date-and-formats\">\n<div class=\"fusion-date-box updated\"><span class=\"fusion-date\">8<\/span><span class=\"fusion-month-year\">11, 2023<\/span><\/div>\n<div class=\"fusion-format-box\"><i class=\"awb-icon-pen\" aria-hidden=\"true\"><\/i><\/div>\n<\/div>\n<div class=\"fusion-post-content post-content\">\n<h2 class=\"blog-shortcode-post-title entry-title\"><a href=\"https:\/\/www.althallercommunication.de\/kuenftig-ohne-kartennummer\/\">K\u00fcnftig ohne Kartennummer<\/a><\/h2>\n<p class=\"fusion-single-line-meta\"><span class=\"updated\" style=\"display:none;\">2023-11-08T09:52:37+01:00<\/span>Von <span class=\"vcard\"><span class=\"fn\">Nelly Wilhelm<\/span><\/span><span class=\"fusion-inline-sep\">|<\/span>Kategorien: Clipping Computop Wirtschaftsinformatik GmbH<span class=\"fusion-inline-sep\">|<\/span><span class=\"meta-tags\">Schlagw&ouml;rter: <a href=\"https:\/\/www.althallercommunication.de\/tag\/althaller-communication\/\" rel=\"tag\">Althaller communication<\/a>, <a href=\"https:\/\/www.althallercommunication.de\/tag\/b2b-agentur\/\" rel=\"tag\">B2B-Agentur<\/a>, <a href=\"https:\/\/www.althallercommunication.de\/tag\/computop\/\" rel=\"tag\">Computop<\/a>, <a href=\"https:\/\/www.althallercommunication.de\/tag\/marktpositionierung\/\" rel=\"tag\">Marktpositionierung<\/a>, <a href=\"https:\/\/www.althallercommunication.de\/tag\/payment\/\" rel=\"tag\">Payment<\/a>, <a href=\"https:\/\/www.althallercommunication.de\/tag\/payment-service-provider\/\" rel=\"tag\">Payment Service Provider<\/a>, <a href=\"https:\/\/www.althallercommunication.de\/tag\/payment-dienstleister\/\" rel=\"tag\">Payment-Dienstleister<\/a>, <a href=\"https:\/\/www.althallercommunication.de\/tag\/share-of-voice\/\" rel=\"tag\">Share of Voice<\/a>, <a href=\"https:\/\/www.althallercommunication.de\/tag\/zahlungsverkehr\/\" rel=\"tag\">Zahlungsverkehr<\/a><\/span><span class=\"fusion-inline-sep\">|<\/span><\/p>\n<div class=\"fusion-post-content-container\">\n<p>In herausfordernden Zeiten kommt alles auf den Pr\u00fcfstand. Das gilt auch f\u00fcr den erfolgsverw\u00f6hnten Online-Handel, der zus\u00e4tzlich zum regelm\u00e4\u00dfigen Wachstum in vielen Sortimentsbereichen auch von der Pandemie profitieren konnte. Einen Beitrag zur Ergebniskonsolidierung kann der Zahlungsverkehr leisten. Das laufende Jahr wartet hier mit einigen Neuerungen auf, und besonders interessant f\u00fcr Banken ist die Rolle, die Open Banking spielen kann.<\/p>\n<\/div>\n<\/div>\n<div class=\"fusion-clearfix\"><\/div>\n<div class=\"fusion-meta-info\">\n<div class=\"fusion-alignright\"><a class=\"fusion-read-more\" href=\"https:\/\/www.althallercommunication.de\/kuenftig-ohne-kartennummer\/\" aria-label=\"More on K\u00fcnftig ohne Kartennummer\">Weiterlesen<\/a><\/div>\n<\/div>\n<\/article>\n<article id=\"blog-2-post-26315\" class=\"fusion-post-medium-alternate post-26315 type-post status-publish format-standard hentry category-clipping-computop tag-althaller-communication tag-b2b-agentur tag-computop tag-marktpositionierung tag-payment tag-payment-service-provider tag-payment-dienstleister tag-share-of-voice tag-zahlungsverkehr\">\n<div class=\"fusion-date-and-formats\">\n<div class=\"fusion-date-box updated\"><span class=\"fusion-date\">2<\/span><span class=\"fusion-month-year\">11, 2023<\/span><\/div>\n<div class=\"fusion-format-box\"><i class=\"awb-icon-pen\" aria-hidden=\"true\"><\/i><\/div>\n<\/div>\n<div class=\"fusion-post-content post-content\">\n<h2 class=\"blog-shortcode-post-title entry-title\"><a href=\"https:\/\/www.althallercommunication.de\/wenn-das-auto-zum-shoppingcenter-werden-soll\/\">Wenn das Auto zum Shoppingcenter werden soll<\/a><\/h2>\n<p class=\"fusion-single-line-meta\"><span class=\"updated\" style=\"display:none;\">2023-11-08T09:45:11+01:00<\/span>Von <span class=\"vcard\"><span class=\"fn\">Nelly Wilhelm<\/span><\/span><span class=\"fusion-inline-sep\">|<\/span>Kategorien: Clipping Computop Wirtschaftsinformatik GmbH<span class=\"fusion-inline-sep\">|<\/span><span class=\"meta-tags\">Schlagw&ouml;rter: <a href=\"https:\/\/www.althallercommunication.de\/tag\/althaller-communication\/\" rel=\"tag\">Althaller communication<\/a>, <a href=\"https:\/\/www.althallercommunication.de\/tag\/b2b-agentur\/\" rel=\"tag\">B2B-Agentur<\/a>, <a href=\"https:\/\/www.althallercommunication.de\/tag\/computop\/\" rel=\"tag\">Computop<\/a>, <a href=\"https:\/\/www.althallercommunication.de\/tag\/marktpositionierung\/\" rel=\"tag\">Marktpositionierung<\/a>, <a href=\"https:\/\/www.althallercommunication.de\/tag\/payment\/\" rel=\"tag\">Payment<\/a>, <a href=\"https:\/\/www.althallercommunication.de\/tag\/payment-service-provider\/\" rel=\"tag\">Payment Service Provider<\/a>, <a href=\"https:\/\/www.althallercommunication.de\/tag\/payment-dienstleister\/\" rel=\"tag\">Payment-Dienstleister<\/a>, <a href=\"https:\/\/www.althallercommunication.de\/tag\/share-of-voice\/\" rel=\"tag\">Share of Voice<\/a>, <a href=\"https:\/\/www.althallercommunication.de\/tag\/zahlungsverkehr\/\" rel=\"tag\">Zahlungsverkehr<\/a><\/span><span class=\"fusion-inline-sep\">|<\/span><\/p>\n<div class=\"fusion-post-content-container\">\n<p>In herausfordernden Zeiten kommt alles auf den Pr\u00fcfstand. Das gilt auch f\u00fcr den erfolgsverw\u00f6hnten Online-Handel, der zus\u00e4tzlich zum regelm\u00e4\u00dfigen Wachstum in vielen Sortimentsbereichen auch von der Pandemie profitieren konnte. Einen Beitrag zur Ergebniskonsolidierung kann der Zahlungsverkehr leisten. Das laufende Jahr wartet hier mit einigen Neuerungen auf, und besonders interessant f\u00fcr Banken ist die Rolle, die Open Banking spielen kann.<\/p>\n<\/div>\n<\/div>\n<div class=\"fusion-clearfix\"><\/div>\n<div class=\"fusion-meta-info\">\n<div class=\"fusion-alignright\"><a class=\"fusion-read-more\" href=\"https:\/\/www.althallercommunication.de\/wenn-das-auto-zum-shoppingcenter-werden-soll\/\" aria-label=\"More on Wenn das Auto zum Shoppingcenter werden soll\">Weiterlesen<\/a><\/div>\n<\/div>\n<\/article>\n<article id=\"blog-2-post-26270\" class=\"fusion-post-medium-alternate post-26270 type-post status-publish format-standard hentry category-clipping-erster-arbeitskreis tag-1-arbeitskreis-social-media-in-der-b2b-kommunikation tag-b2b-kommunikation tag-b2b-social-media tag-b2b-social-media-studie tag-social-media tag-social-media-trends\">\n<div class=\"fusion-date-and-formats\">\n<div class=\"fusion-date-box updated\"><span class=\"fusion-date\">31<\/span><span class=\"fusion-month-year\">10, 2023<\/span><\/div>\n<div class=\"fusion-format-box\"><i class=\"awb-icon-pen\" aria-hidden=\"true\"><\/i><\/div>\n<\/div>\n<div class=\"fusion-post-content post-content\">\n<h2 class=\"blog-shortcode-post-title entry-title\"><a href=\"https:\/\/www.althallercommunication.de\/social-media-nutzung-stabilisiert-sich-auf-hohem-niveau-2\/\">Social-Media-Nutzung stabilisiert sich auf hohem Niveau<\/a><\/h2>\n<p class=\"fusion-single-line-meta\"><span class=\"updated\" style=\"display:none;\">2023-10-31T10:28:40+01:00<\/span>Von <span class=\"vcard\"><span class=\"fn\"><a href=\"https:\/\/www.althallercommunication.de\/author\/jacqueline-althaller\/\" title=\"Beitr\u00e4ge von Jacqueline Althaller\" rel=\"author\">Jacqueline Althaller<\/a><\/span><\/span><span class=\"fusion-inline-sep\">|<\/span>Kategorien: Clipping Erster Arbeitskreis<span class=\"fusion-inline-sep\">|<\/span><span class=\"meta-tags\">Schlagw&ouml;rter: <a href=\"https:\/\/www.althallercommunication.de\/tag\/1-arbeitskreis-social-media-in-der-b2b-kommunikation\/\" rel=\"tag\">1. Arbeitskreis Social Media in der B2B-Kommunikation<\/a>, <a href=\"https:\/\/www.althallercommunication.de\/tag\/b2b-kommunikation\/\" rel=\"tag\">B2B Kommunikation<\/a>, <a href=\"https:\/\/www.althallercommunication.de\/tag\/b2b-social-media\/\" rel=\"tag\">B2B Social Media<\/a>, <a href=\"https:\/\/www.althallercommunication.de\/tag\/b2b-social-media-studie\/\" rel=\"tag\">B2B Social Media Studie<\/a>, <a href=\"https:\/\/www.althallercommunication.de\/tag\/social-media\/\" rel=\"tag\">Social Media<\/a>, <a href=\"https:\/\/www.althallercommunication.de\/tag\/social-media-trends\/\" rel=\"tag\">Social Media Trends<\/a><\/span><span class=\"fusion-inline-sep\">|<\/span><\/p>\n<div class=\"fusion-post-content-container\">\n<p>Die IT &amp; Telekommunikationsbranche, Dienstleistungs- sowie Beratungsunternehmen sind erneut an der Spitze der Social-Media-Nutzer zu finden. Neue Branchen r\u00fccken deutlich vor, und Human Resources wird als Akteur erstmals klar sichtbar. Das sind einige der aktuellen Ergebnisse der neuesten Studie des &#8220;Erster Arbeitskreis Social Media in der B2B-Kommunikation&#8221;, an der sich insgesamt 816 Unternehmen aus Deutschland, \u00d6sterreich und der Schweiz beteiligt haben.<\/p>\n<\/div>\n<\/div>\n<div class=\"fusion-clearfix\"><\/div>\n<div class=\"fusion-meta-info\">\n<div class=\"fusion-alignright\"><a class=\"fusion-read-more\" href=\"https:\/\/www.althallercommunication.de\/social-media-nutzung-stabilisiert-sich-auf-hohem-niveau-2\/\" aria-label=\"More on Social-Media-Nutzung stabilisiert sich auf hohem Niveau\">Weiterlesen<\/a><\/div>\n<\/div>\n<\/article>\n<article id=\"blog-2-post-26264\" class=\"fusion-post-medium-alternate post-26264 type-post status-publish format-standard hentry category-clipping-erster-arbeitskreis tag-1-arbeitskreis-social-media-in-der-b2b-kommunikation tag-b2b-kommunikation tag-b2b-social-media tag-b2b-social-media-studie tag-social-media tag-social-media-trends\">\n<div class=\"fusion-date-and-formats\">\n<div class=\"fusion-date-box updated\"><span class=\"fusion-date\">31<\/span><span class=\"fusion-month-year\">10, 2023<\/span><\/div>\n<div class=\"fusion-format-box\"><i class=\"awb-icon-pen\" aria-hidden=\"true\"><\/i><\/div>\n<\/div>\n<div class=\"fusion-post-content post-content\">\n<h2 class=\"blog-shortcode-post-title entry-title\"><a href=\"https:\/\/www.althallercommunication.de\/social-media-in-der-b2b-kommunikation-weiterhin-auf-hohem-niveau\/\">Social Media in der B2B-Kommunikation weiterhin auf hohem Niveau<\/a><\/h2>\n<p class=\"fusion-single-line-meta\"><span class=\"updated\" style=\"display:none;\">2023-10-31T10:20:37+01:00<\/span>Von <span class=\"vcard\"><span class=\"fn\"><a href=\"https:\/\/www.althallercommunication.de\/author\/jacqueline-althaller\/\" title=\"Beitr\u00e4ge von Jacqueline Althaller\" rel=\"author\">Jacqueline Althaller<\/a><\/span><\/span><span class=\"fusion-inline-sep\">|<\/span>Kategorien: Clipping Erster Arbeitskreis<span class=\"fusion-inline-sep\">|<\/span><span class=\"meta-tags\">Schlagw&ouml;rter: <a href=\"https:\/\/www.althallercommunication.de\/tag\/1-arbeitskreis-social-media-in-der-b2b-kommunikation\/\" rel=\"tag\">1. Arbeitskreis Social Media in der B2B-Kommunikation<\/a>, <a href=\"https:\/\/www.althallercommunication.de\/tag\/b2b-kommunikation\/\" rel=\"tag\">B2B Kommunikation<\/a>, <a href=\"https:\/\/www.althallercommunication.de\/tag\/b2b-social-media\/\" rel=\"tag\">B2B Social Media<\/a>, <a href=\"https:\/\/www.althallercommunication.de\/tag\/b2b-social-media-studie\/\" rel=\"tag\">B2B Social Media Studie<\/a>, <a href=\"https:\/\/www.althallercommunication.de\/tag\/social-media\/\" rel=\"tag\">Social Media<\/a>, <a href=\"https:\/\/www.althallercommunication.de\/tag\/social-media-trends\/\" rel=\"tag\">Social Media Trends<\/a><\/span><span class=\"fusion-inline-sep\">|<\/span><\/p>\n<div class=\"fusion-post-content-container\">\n<p>Auff\u00e4llig ist auch, dass Unternehmen, die bis zu neuen Mitarbeitende besch\u00e4ftigen, nur zu 86 Prozent Soziale Medien einsetzen, w\u00e4hrend von klein- und mittelgro\u00dfen Unternehmen die Social-Media-Nutzung bei 94 oder 97 Prozent liegt. <\/p>\n<\/div>\n<\/div>\n<div class=\"fusion-clearfix\"><\/div>\n<div class=\"fusion-meta-info\">\n<div class=\"fusion-alignright\"><a class=\"fusion-read-more\" href=\"https:\/\/www.althallercommunication.de\/social-media-in-der-b2b-kommunikation-weiterhin-auf-hohem-niveau\/\" aria-label=\"More on Social Media in der B2B-Kommunikation weiterhin auf hohem Niveau\">Weiterlesen<\/a><\/div>\n<\/div>\n<\/article>\n<article id=\"blog-2-post-26261\" class=\"fusion-post-medium-alternate post-26261 type-post status-publish format-standard hentry category-clipping-erster-arbeitskreis tag-1-arbeitskreis-social-media-in-der-b2b-kommunikation tag-b2b-kommunikation tag-b2b-social-media tag-b2b-social-media-studie tag-social-media tag-social-media-trends\">\n<div class=\"fusion-date-and-formats\">\n<div class=\"fusion-date-box updated\"><span class=\"fusion-date\">31<\/span><span class=\"fusion-month-year\">10, 2023<\/span><\/div>\n<div class=\"fusion-format-box\"><i class=\"awb-icon-pen\" aria-hidden=\"true\"><\/i><\/div>\n<\/div>\n<div class=\"fusion-post-content post-content\">\n<h2 class=\"blog-shortcode-post-title entry-title\"><a href=\"https:\/\/www.althallercommunication.de\/ueber-90-prozent-der-unternehmen-nutzen-social-media-kmu-sind-fuehrend\/\">\u00dcber 90 Prozent der Unternehmen nutzen Social Media &#8211; KMU sind f\u00fchrend<\/a><\/h2>\n<p class=\"fusion-single-line-meta\"><span class=\"updated\" style=\"display:none;\">2023-10-31T10:14:04+01:00<\/span>Von <span class=\"vcard\"><span class=\"fn\"><a href=\"https:\/\/www.althallercommunication.de\/author\/jacqueline-althaller\/\" title=\"Beitr\u00e4ge von Jacqueline Althaller\" rel=\"author\">Jacqueline Althaller<\/a><\/span><\/span><span class=\"fusion-inline-sep\">|<\/span>Kategorien: Clipping Erster Arbeitskreis<span class=\"fusion-inline-sep\">|<\/span><span class=\"meta-tags\">Schlagw&ouml;rter: <a href=\"https:\/\/www.althallercommunication.de\/tag\/1-arbeitskreis-social-media-in-der-b2b-kommunikation\/\" rel=\"tag\">1. Arbeitskreis Social Media in der B2B-Kommunikation<\/a>, <a href=\"https:\/\/www.althallercommunication.de\/tag\/b2b-kommunikation\/\" rel=\"tag\">B2B Kommunikation<\/a>, <a href=\"https:\/\/www.althallercommunication.de\/tag\/b2b-social-media\/\" rel=\"tag\">B2B Social Media<\/a>, <a href=\"https:\/\/www.althallercommunication.de\/tag\/b2b-social-media-studie\/\" rel=\"tag\">B2B Social Media Studie<\/a>, <a href=\"https:\/\/www.althallercommunication.de\/tag\/social-media\/\" rel=\"tag\">Social Media<\/a>, <a href=\"https:\/\/www.althallercommunication.de\/tag\/social-media-trends\/\" rel=\"tag\">Social Media Trends<\/a><\/span><span class=\"fusion-inline-sep\">|<\/span><\/p>\n<div class=\"fusion-post-content-container\">\n<p>Die IT &amp; Telekommunikationsbranche, Dienstleistungs- sowie Beratungsunternehmen sind erneut an der Spitze der Social-Media-Nutzer zu finden. <\/p>\n<\/div>\n<\/div>\n<div class=\"fusion-clearfix\"><\/div>\n<div class=\"fusion-meta-info\">\n<div class=\"fusion-alignright\"><a class=\"fusion-read-more\" href=\"https:\/\/www.althallercommunication.de\/ueber-90-prozent-der-unternehmen-nutzen-social-media-kmu-sind-fuehrend\/\" aria-label=\"More on \u00dcber 90 Prozent der Unternehmen nutzen Social Media &#8211; KMU sind f\u00fchrend\">Weiterlesen<\/a><\/div>\n<\/div>\n<\/article>\n<\/div>\n<div class=\"fusion-infinite-scroll-trigger\"><\/div>\n<div class=\"pagination infinite-scroll clearfix\" style=\"display:none;\"><span class=\"current\">1<\/span><a href=\"https:\/\/www.althallercommunication.de\/wp-admin\/export.php\/wp-admin\/export.php&#038;submit=Export-Datei%20herunterladen&#038;paged=2?download=true&#038;cat=0&#038;post_author=0&#038;post_start_date=0&#038;post_end_date=0&#038;post_status=0&#038;content=pages&#038;page_author=0&#038;page_start_date=0&#038;page_end_date=0&#038;page_status=0&#038;attachment_start_date=0&#038;attachment_end_date=0&#038;eos_ews_export=ad2cee3d25&#038;_wp_http_referer=\" class=\"inactive\">2<\/a><a class=\"pagination-next\" rel=\"next\" href=\"https:\/\/www.althallercommunication.de\/wp-admin\/export.php\/wp-admin\/export.php&#038;submit=Export-Datei%20herunterladen&#038;paged=2?download=true&#038;cat=0&#038;post_author=0&#038;post_start_date=0&#038;post_end_date=0&#038;post_status=0&#038;content=pages&#038;page_author=0&#038;page_start_date=0&#038;page_end_date=0&#038;page_status=0&#038;attachment_start_date=0&#038;attachment_end_date=0&#038;eos_ews_export=ad2cee3d25&#038;_wp_http_referer=\"><span class=\"page-text\">Vor<\/span><span class=\"page-next\"><\/span><\/a><\/div>\n<div class=\"fusion-clearfix\"><\/div>\n<p><button class=\"fusion-load-more-button fusion-blog-button fusion-clearfix\">Mehr Beitr\u00e4ge laden<\/button><\/div>\n<div class=\"fusion-clearfix\"><\/div>\n<\/div>\n<\/div>\n<div class=\"fusion-layout-column fusion_builder_column fusion-builder-column-531 fusion_builder_column_1_3 1_3 fusion-one-third fusion-column-last\" style=\"--awb-padding-top:20px;--awb-padding-right:20px;--awb-padding-bottom:20px;--awb-padding-left:20px;--awb-bg-color:#ededed;--awb-bg-color-hover:#ededed;--awb-bg-size:cover;width:33.3333333333%;width:calc(33.3333333333% - ( ( 4% ) * 0.333333333333 ) );\">\n<div class=\"fusion-column-wrapper fusion-flex-column-wrapper-legacy\">\n<div class=\"fusion-widget-area awb-widget-area-element fusion-widget-area-2 fusion-content-widget-area\" style=\"--awb-title-size:13px;--awb-background-color:#ededed;--awb-title-color:#333333;--awb-padding:20px 20px 20px 20px;\">\n<div id=\"search-3\" class=\"widget widget_search\">\n<div class=\"heading\">\n<h4 class=\"widget-title\">Suche<\/h4>\n<\/div>\n<form role=\"search\" class=\"searchform fusion-search-form  fusion-search-form-classic\" method=\"get\" action=\"https:\/\/www.althallercommunication.de\/\">\n<div class=\"fusion-search-form-content\">\n<div class=\"fusion-search-field search-field\">\n\t\t\t\t\t<label><span class=\"screen-reader-text\">Suche nach:<\/span><br \/>\n\t\t\t\t\t\t\t\t\t\t\t\t\t<input type=\"search\" value=\"\" name=\"s\" class=\"s\" placeholder=\"Suchen...\" required aria-required=\"true\" aria-label=\"Suchen...\"\/><br \/>\n\t\t\t\t\t\t\t\t\t\t\t<\/label>\n\t\t\t\t<\/div>\n<div class=\"fusion-search-button search-button\">\n\t\t\t\t\t<input type=\"submit\" class=\"fusion-search-submit searchsubmit\" aria-label=\"Suche\" value=\"&#xf002;\" \/>\n\t\t\t\t\t\t\t\t\t<\/div>\n<\/p><\/div>\n<p>\t\t<input type='hidden' name='lang' value='de' \/><\/form>\n<\/p><\/div>\n<div id=\"archives-4\" class=\"widget widget_archive\">\n<div class=\"heading\">\n<h4 class=\"widget-title\">Archiv<\/h4>\n<\/div>\n<p>\t\t<label class=\"screen-reader-text\" for=\"archives-dropdown-4\">Archiv<\/label><br \/>\n\t\t<select id=\"archives-dropdown-4\" name=\"archive-dropdown\"><option value=\"\">Monat ausw\u00e4hlen<\/option><option value='https:\/\/www.althallercommunication.de\/2023\/11\/'> November 2023 &nbsp;(3)<\/option><option value='https:\/\/www.althallercommunication.de\/2023\/10\/'> Oktober 2023 &nbsp;(7)<\/option><option value='https:\/\/www.althallercommunication.de\/2023\/09\/'> September 2023 &nbsp;(7)<\/option><option value='https:\/\/www.althallercommunication.de\/2023\/07\/'> Juli 2023 &nbsp;(1)<\/option><option value='https:\/\/www.althallercommunication.de\/2023\/06\/'> Juni 2023 &nbsp;(6)<\/option><option value='https:\/\/www.althallercommunication.de\/2023\/05\/'> Mai 2023 &nbsp;(4)<\/option><option value='https:\/\/www.althallercommunication.de\/2023\/04\/'> April 2023 &nbsp;(9)<\/option><option value='https:\/\/www.althallercommunication.de\/2023\/03\/'> M\u00e4rz 2023 &nbsp;(4)<\/option><option value='https:\/\/www.althallercommunication.de\/2023\/02\/'> Februar 2023 &nbsp;(6)<\/option><option value='https:\/\/www.althallercommunication.de\/2023\/01\/'> Januar 2023 &nbsp;(5)<\/option><option value='https:\/\/www.althallercommunication.de\/2022\/12\/'> Dezember 2022 &nbsp;(2)<\/option><option value='https:\/\/www.althallercommunication.de\/2022\/11\/'> November 2022 &nbsp;(9)<\/option><option value='https:\/\/www.althallercommunication.de\/2022\/10\/'> Oktober 2022 &nbsp;(9)<\/option><option value='https:\/\/www.althallercommunication.de\/2022\/09\/'> September 2022 &nbsp;(10)<\/option><option value='https:\/\/www.althallercommunication.de\/2022\/08\/'> August 2022 &nbsp;(14)<\/option><option value='https:\/\/www.althallercommunication.de\/2022\/07\/'> Juli 2022 &nbsp;(5)<\/option><option value='https:\/\/www.althallercommunication.de\/2022\/06\/'> Juni 2022 &nbsp;(5)<\/option><option value='https:\/\/www.althallercommunication.de\/2022\/05\/'> Mai 2022 &nbsp;(15)<\/option><option value='https:\/\/www.althallercommunication.de\/2022\/04\/'> April 2022 &nbsp;(12)<\/option><option value='https:\/\/www.althallercommunication.de\/2022\/03\/'> M\u00e4rz 2022 &nbsp;(7)<\/option><option value='https:\/\/www.althallercommunication.de\/2022\/02\/'> Februar 2022 &nbsp;(7)<\/option><option value='https:\/\/www.althallercommunication.de\/2022\/01\/'> Januar 2022 &nbsp;(12)<\/option><option value='https:\/\/www.althallercommunication.de\/2021\/12\/'> Dezember 2021 &nbsp;(4)<\/option><option value='https:\/\/www.althallercommunication.de\/2021\/11\/'> November 2021 &nbsp;(14)<\/option><option value='https:\/\/www.althallercommunication.de\/2021\/10\/'> Oktober 2021 &nbsp;(5)<\/option><option value='https:\/\/www.althallercommunication.de\/2021\/09\/'> September 2021 &nbsp;(6)<\/option><option value='https:\/\/www.althallercommunication.de\/2021\/08\/'> August 2021 &nbsp;(8)<\/option><option value='https:\/\/www.althallercommunication.de\/2021\/07\/'> Juli 2021 &nbsp;(5)<\/option><option value='https:\/\/www.althallercommunication.de\/2021\/06\/'> Juni 2021 &nbsp;(5)<\/option><option value='https:\/\/www.althallercommunication.de\/2021\/05\/'> Mai 2021 &nbsp;(3)<\/option><option value='https:\/\/www.althallercommunication.de\/2021\/04\/'> April 2021 &nbsp;(11)<\/option><option value='https:\/\/www.althallercommunication.de\/2021\/03\/'> M\u00e4rz 2021 &nbsp;(8)<\/option><option value='https:\/\/www.althallercommunication.de\/2021\/02\/'> Februar 2021 &nbsp;(10)<\/option><option value='https:\/\/www.althallercommunication.de\/2021\/01\/'> Januar 2021 &nbsp;(8)<\/option><option value='https:\/\/www.althallercommunication.de\/2020\/12\/'> Dezember 2020 &nbsp;(6)<\/option><option value='https:\/\/www.althallercommunication.de\/2020\/11\/'> November 2020 &nbsp;(7)<\/option><option value='https:\/\/www.althallercommunication.de\/2020\/10\/'> Oktober 2020 &nbsp;(10)<\/option><option value='https:\/\/www.althallercommunication.de\/2020\/09\/'> September 2020 &nbsp;(8)<\/option><option value='https:\/\/www.althallercommunication.de\/2020\/08\/'> August 2020 &nbsp;(2)<\/option><option value='https:\/\/www.althallercommunication.de\/2020\/07\/'> Juli 2020 &nbsp;(8)<\/option><option value='https:\/\/www.althallercommunication.de\/2020\/06\/'> Juni 2020 &nbsp;(4)<\/option><option value='https:\/\/www.althallercommunication.de\/2020\/04\/'> April 2020 &nbsp;(5)<\/option><option value='https:\/\/www.althallercommunication.de\/2020\/03\/'> M\u00e4rz 2020 &nbsp;(2)<\/option><option value='https:\/\/www.althallercommunication.de\/2020\/02\/'> Februar 2020 &nbsp;(2)<\/option><option value='https:\/\/www.althallercommunication.de\/2020\/01\/'> Januar 2020 &nbsp;(3)<\/option><option value='https:\/\/www.althallercommunication.de\/2019\/12\/'> Dezember 2019 &nbsp;(4)<\/option><option value='https:\/\/www.althallercommunication.de\/2019\/11\/'> November 2019 &nbsp;(6)<\/option><option value='https:\/\/www.althallercommunication.de\/2019\/10\/'> Oktober 2019 &nbsp;(6)<\/option><option value='https:\/\/www.althallercommunication.de\/2019\/09\/'> September 2019 &nbsp;(3)<\/option><option value='https:\/\/www.althallercommunication.de\/2019\/08\/'> August 2019 &nbsp;(3)<\/option><option value='https:\/\/www.althallercommunication.de\/2019\/07\/'> Juli 2019 &nbsp;(2)<\/option><option value='https:\/\/www.althallercommunication.de\/2019\/06\/'> Juni 2019 &nbsp;(4)<\/option><option value='https:\/\/www.althallercommunication.de\/2019\/05\/'> Mai 2019 &nbsp;(2)<\/option><option value='https:\/\/www.althallercommunication.de\/2019\/04\/'> April 2019 &nbsp;(4)<\/option><option value='https:\/\/www.althallercommunication.de\/2019\/03\/'> M\u00e4rz 2019 &nbsp;(3)<\/option><option value='https:\/\/www.althallercommunication.de\/2019\/02\/'> Februar 2019 &nbsp;(3)<\/option><option value='https:\/\/www.althallercommunication.de\/2019\/01\/'> Januar 2019 &nbsp;(1)<\/option><option value='https:\/\/www.althallercommunication.de\/2018\/12\/'> Dezember 2018 &nbsp;(4)<\/option><option value='https:\/\/www.althallercommunication.de\/2018\/11\/'> November 2018 &nbsp;(3)<\/option><option value='https:\/\/www.althallercommunication.de\/2018\/10\/'> Oktober 2018 &nbsp;(7)<\/option><option value='https:\/\/www.althallercommunication.de\/2018\/09\/'> September 2018 &nbsp;(3)<\/option><option value='https:\/\/www.althallercommunication.de\/2018\/08\/'> August 2018 &nbsp;(4)<\/option><option value='https:\/\/www.althallercommunication.de\/2018\/07\/'> Juli 2018 &nbsp;(3)<\/option><option value='https:\/\/www.althallercommunication.de\/2018\/06\/'> Juni 2018 &nbsp;(4)<\/option><option value='https:\/\/www.althallercommunication.de\/2018\/05\/'> Mai 2018 &nbsp;(7)<\/option><option value='https:\/\/www.althallercommunication.de\/2018\/04\/'> April 2018 &nbsp;(4)<\/option><option value='https:\/\/www.althallercommunication.de\/2018\/03\/'> M\u00e4rz 2018 &nbsp;(5)<\/option><option value='https:\/\/www.althallercommunication.de\/2018\/02\/'> Februar 2018 &nbsp;(5)<\/option><option value='https:\/\/www.althallercommunication.de\/2018\/01\/'> Januar 2018 &nbsp;(4)<\/option><option value='https:\/\/www.althallercommunication.de\/2017\/12\/'> Dezember 2017 &nbsp;(5)<\/option><option value='https:\/\/www.althallercommunication.de\/2017\/11\/'> November 2017 &nbsp;(5)<\/option><option value='https:\/\/www.althallercommunication.de\/2017\/10\/'> Oktober 2017 &nbsp;(5)<\/option><option value='https:\/\/www.althallercommunication.de\/2017\/09\/'> September 2017 &nbsp;(5)<\/option><option value='https:\/\/www.althallercommunication.de\/2017\/08\/'> August 2017 &nbsp;(3)<\/option><option value='https:\/\/www.althallercommunication.de\/2017\/07\/'> Juli 2017 &nbsp;(4)<\/option><option value='https:\/\/www.althallercommunication.de\/2017\/06\/'> Juni 2017 &nbsp;(3)<\/option><option value='https:\/\/www.althallercommunication.de\/2017\/05\/'> Mai 2017 &nbsp;(8)<\/option><option value='https:\/\/www.althallercommunication.de\/2017\/04\/'> April 2017 &nbsp;(1)<\/option><option value='https:\/\/www.althallercommunication.de\/2017\/03\/'> M\u00e4rz 2017 &nbsp;(5)<\/option><option value='https:\/\/www.althallercommunication.de\/2017\/02\/'> Februar 2017 &nbsp;(5)<\/option><option value='https:\/\/www.althallercommunication.de\/2017\/01\/'> Januar 2017 &nbsp;(2)<\/option><option value='https:\/\/www.althallercommunication.de\/2016\/12\/'> Dezember 2016 &nbsp;(7)<\/option><option value='https:\/\/www.althallercommunication.de\/2016\/11\/'> November 2016 &nbsp;(8)<\/option><option value='https:\/\/www.althallercommunication.de\/2016\/10\/'> Oktober 2016 &nbsp;(7)<\/option><option value='https:\/\/www.althallercommunication.de\/2016\/09\/'> September 2016 &nbsp;(11)<\/option><option value='https:\/\/www.althallercommunication.de\/2016\/08\/'> August 2016 &nbsp;(6)<\/option><option value='https:\/\/www.althallercommunication.de\/2016\/07\/'> Juli 2016 &nbsp;(7)<\/option><option value='https:\/\/www.althallercommunication.de\/2016\/06\/'> Juni 2016 &nbsp;(7)<\/option><option value='https:\/\/www.althallercommunication.de\/2016\/05\/'> Mai 2016 &nbsp;(8)<\/option><option value='https:\/\/www.althallercommunication.de\/2016\/04\/'> April 2016 &nbsp;(5)<\/option><option value='https:\/\/www.althallercommunication.de\/2016\/03\/'> M\u00e4rz 2016 &nbsp;(9)<\/option><option value='https:\/\/www.althallercommunication.de\/2016\/02\/'> Februar 2016 &nbsp;(7)<\/option><option value='https:\/\/www.althallercommunication.de\/2016\/01\/'> Januar 2016 &nbsp;(3)<\/option><option value='https:\/\/www.althallercommunication.de\/2015\/12\/'> Dezember 2015 &nbsp;(4)<\/option><option value='https:\/\/www.althallercommunication.de\/2015\/11\/'> November 2015 &nbsp;(6)<\/option><option value='https:\/\/www.althallercommunication.de\/2015\/10\/'> Oktober 2015 &nbsp;(7)<\/option><option value='https:\/\/www.althallercommunication.de\/2015\/09\/'> September 2015 &nbsp;(9)<\/option><option value='https:\/\/www.althallercommunication.de\/2015\/08\/'> August 2015 &nbsp;(1)<\/option><option value='https:\/\/www.althallercommunication.de\/2015\/06\/'> Juni 2015 &nbsp;(2)<\/option><option value='https:\/\/www.althallercommunication.de\/2015\/05\/'> Mai 2015 &nbsp;(7)<\/option><option value='https:\/\/www.althallercommunication.de\/2015\/04\/'> April 2015 &nbsp;(3)<\/option><option value='https:\/\/www.althallercommunication.de\/2015\/03\/'> M\u00e4rz 2015 &nbsp;(20)<\/option><option value='https:\/\/www.althallercommunication.de\/2015\/02\/'> Februar 2015 &nbsp;(1)<\/option><option value='https:\/\/www.althallercommunication.de\/2015\/01\/'> Januar 2015 &nbsp;(3)<\/option><option value='https:\/\/www.althallercommunication.de\/2014\/07\/'> Juli 2014 &nbsp;(1)<\/option><option value='https:\/\/www.althallercommunication.de\/2014\/06\/'> Juni 2014 &nbsp;(1)<\/option><option value='https:\/\/www.althallercommunication.de\/2013\/11\/'> November 2013 &nbsp;(2)<\/option><option value='https:\/\/www.althallercommunication.de\/2013\/10\/'> Oktober 2013 &nbsp;(2)<\/option><option value='https:\/\/www.althallercommunication.de\/2013\/09\/'> September 2013 &nbsp;(5)<\/option><option value='https:\/\/www.althallercommunication.de\/2013\/08\/'> August 2013 &nbsp;(1)<\/option><option value='https:\/\/www.althallercommunication.de\/2013\/07\/'> Juli 2013 &nbsp;(1)<\/option><option value='https:\/\/www.althallercommunication.de\/2012\/11\/'> November 2012 &nbsp;(1)<\/option><option value='https:\/\/www.althallercommunication.de\/2012\/10\/'> Oktober 2012 &nbsp;(2)<\/option><option value='https:\/\/www.althallercommunication.de\/2012\/09\/'> September 2012 &nbsp;(19)<\/option><option value='https:\/\/www.althallercommunication.de\/2012\/06\/'> Juni 2012 &nbsp;(1)<\/option><option value='https:\/\/www.althallercommunication.de\/2012\/05\/'> Mai 2012 &nbsp;(1)<\/option><option value='https:\/\/www.althallercommunication.de\/2012\/02\/'> Februar 2012 &nbsp;(1)<\/option><option value='https:\/\/www.althallercommunication.de\/2012\/01\/'> Januar 2012 &nbsp;(1)<\/option><option value='https:\/\/www.althallercommunication.de\/2011\/11\/'> November 2011 &nbsp;(1)<\/option><option value='https:\/\/www.althallercommunication.de\/2011\/05\/'> Mai 2011 &nbsp;(1)<\/option><option value='https:\/\/www.althallercommunication.de\/2011\/01\/'> Januar 2011 &nbsp;(1)<\/option><option value='https:\/\/www.althallercommunication.de\/2009\/10\/'> Oktober 2009 &nbsp;(2)<\/option><option value='https:\/\/www.althallercommunication.de\/2008\/11\/'> November 2008 &nbsp;(1)<\/option><option value='https:\/\/www.althallercommunication.de\/2008\/09\/'> September 2008 &nbsp;(2)<\/option><option value='https:\/\/www.althallercommunication.de\/2008\/07\/'> Juli 2008 &nbsp;(1)<\/option><option value='https:\/\/www.althallercommunication.de\/2008\/04\/'> April 2008 &nbsp;(1)<\/option><option value='https:\/\/www.althallercommunication.de\/2005\/02\/'> Februar 2005 &nbsp;(1)<\/option><option value='https:\/\/www.althallercommunication.de\/2004\/10\/'> Oktober 2004 &nbsp;(1)<\/option><option value='https:\/\/www.althallercommunication.de\/2004\/06\/'> Juni 2004 &nbsp;(1)<\/option><option value='https:\/\/www.althallercommunication.de\/2001\/07\/'> Juli 2001 &nbsp;(1)<\/option><option value='https:\/\/www.althallercommunication.de\/2001\/06\/'> Juni 2001 &nbsp;(1)<\/option><option value='https:\/\/www.althallercommunication.de\/1999\/04\/'> April 1999 &nbsp;(1)<\/option><option value='https:\/\/www.althallercommunication.de\/1997\/09\/'> September 1997 &nbsp;(1)<\/option><\/select><\/p>\n<p><script type=\"text\/javascript\">\n\/* <![CDATA[ *\/\n(function() {\n\tvar dropdown = document.getElementById( \"archives-dropdown-4\" );\n\tfunction onSelectChange() {\n\t\tif ( dropdown.options[ dropdown.selectedIndex ].value !== '' ) {\n\t\t\tdocument.location.href = this.options[ this.selectedIndex ].value;\n\t\t}\n\t}\n\tdropdown.onchange = onSelectChange;\n})();\n\/* ]]> *\/\n<\/script>\n\t\t\t<\/div>\n<div class=\"fusion-additional-widget-content\"><\/div>\n<\/div>\n<div class=\"fusion-sep-clear\"><\/div>\n<div class=\"fusion-separator fusion-full-width-sep\" style=\"margin-left: auto;margin-right: auto;margin-top:30px;margin-bottom:30px;width:100%;\">\n<div class=\"fusion-separator-border sep-single sep-solid\" style=\"--awb-height:20px;--awb-amount:20px;border-color:#e0dede;border-top-width:1px;\"><\/div>\n<\/div>\n<div class=\"fusion-sep-clear\"><\/div>\n<div class=\"fusion-text fusion-text-336\">\n<p>Pressekontakt und Redaktion<br \/>\n<strong>Jacqueline Althaller<br \/>\n<\/strong>ALTHALLER communication<br \/>\nGesellschaft f\u00fcr Marktkommunikation mbH<\/p>\n<p>Agentur f\u00fcr PR, Social Media und Content Marketing<\/p>\n<p>Elisabethstra\u00dfe 13<br \/>\n80796 M\u00fcnchen<\/p>\n<p><em>Bildmaterial stellen wir auf Wunsch gerne zur Verf\u00fcgung.<\/em><\/p>\n<\/div>\n<ul style=\"--awb-size:13px;--awb-iconcolor:#f1591a;--awb-line-height:22.1px;--awb-icon-width:22.1px;--awb-icon-height:22.1px;--awb-icon-margin:9.1px;--awb-content-margin:31.2px;\" class=\"fusion-checklist fusion-checklist-12 fusion-checklist-default type-icons\">\n<li class=\"fusion-li-item\" style=\"\"><span class=\"icon-wrapper circle-no\"><i class=\"fusion-li-icon fa fa-volume-control-phone\" aria-hidden=\"true\"><\/i><\/span>\n<div class=\"fusion-li-item-content\">\n<p>+49 (0) 89 38 66 52 60<\/p>\n<\/div>\n<\/li>\n<li class=\"fusion-li-item\" style=\"\"><span class=\"icon-wrapper circle-no\"><i class=\"fusion-li-icon fa fa-print\" aria-hidden=\"true\"><\/i><\/span>\n<div class=\"fusion-li-item-content\">\n<p>+49 (0) 89 38 66 52 75<\/p>\n<\/div>\n<\/li>\n<li class=\"fusion-li-item\" style=\"\"><span class=\"icon-wrapper circle-no\"><i class=\"fusion-li-icon fa fa-envelope-o\" aria-hidden=\"true\"><\/i><\/span>\n<div class=\"fusion-li-item-content\">\n<p><a href=\"mailto:info@althallercommunication.de.de\">info@althallercommunication.de.de<\/a><\/p>\n<\/div>\n<\/li>\n<li class=\"fusion-li-item\" style=\"\"><span class=\"icon-wrapper circle-no\"><i class=\"fusion-li-icon fa fa-globe\" aria-hidden=\"true\"><\/i><\/span>\n<div class=\"fusion-li-item-content\">\n<p><a href=\"https:\/\/www.althallercommunication.de\/\">www.althallercommunication.de<\/a><\/p>\n<\/div>\n<\/li>\n<\/ul>\n<div class=\"fusion-clearfix\"><\/div>\n<\/div>\n<\/div>\n<\/div>\n<\/div>\n","protected":false},"excerpt":{"rendered":"<p>Die IT &#038; Telekommunikationsbranche, Dienstleistungs- sowie Beratungsunternehmen sind erneut an der Spitze der Social-Media-Nutzer zu finden. <\/p>\n","protected":false},"author":6,"featured_media":0,"comment_status":"closed","ping_status":"open","sticky":false,"template":"","format":"standard","meta":{"_et_pb_use_builder":"","_et_pb_old_content":"","_et_gb_content_width":"","inline_featured_image":false,"footnotes":""},"categories":[1,2831],"tags":[45,1198,2429,1859,71,2428],"class_list":["post-26452","post","type-post","status-publish","format-standard","hentry","category-unkategorisiert","category-schwabinger-tor","tag-1-arbeitskreis-social-media-in-der-b2b-kommunikation","tag-b2b-kommunikation","tag-b2b-social-media","tag-b2b-social-media-studie","tag-social-media","tag-social-media-trends"],"yoast_head":"<!-- This site is optimized with the Yoast SEO Premium plugin v25.3 (Yoast SEO v27.5) - https:\/\/yoast.com\/product\/yoast-seo-premium-wordpress\/ -->\n<title>Presse | althaller communication<\/title>\n<meta name=\"description\" content=\"Kleine und mittelgro\u00dfe Firmen setzen zu 94 bzw. 97 Prozent auf Social Media f\u00fcr ihre Unternehmenskommunikation.\" \/>\n<meta name=\"robots\" content=\"index, follow, max-snippet:-1, max-image-preview:large, max-video-preview:-1\" \/>\n<link rel=\"canonical\" href=\"https:\/\/althallercommunication.de\/ueber-90-prozent-der-unternehmen-nutzen-social-media-kmu-sind-fuehrend-2\/\" \/>\n<meta property=\"og:locale\" content=\"en_US\" \/>\n<meta property=\"og:type\" content=\"article\" \/>\n<meta property=\"og:title\" content=\"Presse\" \/>\n<meta property=\"og:description\" content=\"Kleine und mittelgro\u00dfe Firmen setzen zu 94 bzw. 97 Prozent auf Social Media f\u00fcr ihre Unternehmenskommunikation.\" \/>\n<meta property=\"og:url\" content=\"https:\/\/althallercommunication.de\/ueber-90-prozent-der-unternehmen-nutzen-social-media-kmu-sind-fuehrend-2\/\" \/>\n<meta property=\"og:site_name\" content=\"althaller communication\" \/>\n<meta property=\"article:publisher\" content=\"https:\/\/www.facebook.com\/althallercommunication\" \/>\n<meta property=\"article:published_time\" content=\"2023-10-31T09:14:04+00:00\" \/>\n<meta property=\"article:modified_time\" content=\"2024-10-25T07:29:48+00:00\" \/>\n<meta name=\"author\" content=\"Jacqueline Althaller\" \/>\n<meta name=\"twitter:card\" content=\"summary_large_image\" \/>\n<meta name=\"twitter:creator\" content=\"@ALTHALLERcom\" \/>\n<meta name=\"twitter:site\" content=\"@ALTHALLERcom\" \/>\n<meta name=\"twitter:label1\" content=\"Written by\" \/>\n\t<meta name=\"twitter:data1\" content=\"Jacqueline Althaller\" \/>\n\t<meta name=\"twitter:label2\" content=\"Est. reading time\" \/>\n\t<meta name=\"twitter:data2\" content=\"1 minute\" \/>\n<script type=\"application\/ld+json\" class=\"yoast-schema-graph\">{\"@context\":\"https:\\\/\\\/schema.org\",\"@graph\":[{\"@type\":\"Article\",\"@id\":\"https:\\\/\\\/althallercommunication.de\\\/ueber-90-prozent-der-unternehmen-nutzen-social-media-kmu-sind-fuehrend-2\\\/#article\",\"isPartOf\":{\"@id\":\"https:\\\/\\\/althallercommunication.de\\\/ueber-90-prozent-der-unternehmen-nutzen-social-media-kmu-sind-fuehrend-2\\\/\"},\"author\":{\"name\":\"Jacqueline Althaller\",\"@id\":\"https:\\\/\\\/althallercommunication.de\\\/#\\\/schema\\\/person\\\/4ca72b5e8d0bebc1f9b3061e463e32ee\"},\"headline\":\"Presse\",\"datePublished\":\"2023-10-31T09:14:04+00:00\",\"dateModified\":\"2024-10-25T07:29:48+00:00\",\"mainEntityOfPage\":{\"@id\":\"https:\\\/\\\/althallercommunication.de\\\/ueber-90-prozent-der-unternehmen-nutzen-social-media-kmu-sind-fuehrend-2\\\/\"},\"wordCount\":867,\"publisher\":{\"@id\":\"https:\\\/\\\/althallercommunication.de\\\/#organization\"},\"keywords\":[\"1. Arbeitskreis Social Media in der B2B-Kommunikation\",\"B2B Kommunikation\",\"B2B Social Media\",\"B2B Social Media Studie\",\"Social Media\",\"Social Media Trends\"],\"articleSection\":[\"Others\",\"Schwabinger-Tor\"],\"inLanguage\":\"en-US\"},{\"@type\":\"WebPage\",\"@id\":\"https:\\\/\\\/althallercommunication.de\\\/ueber-90-prozent-der-unternehmen-nutzen-social-media-kmu-sind-fuehrend-2\\\/\",\"url\":\"https:\\\/\\\/althallercommunication.de\\\/ueber-90-prozent-der-unternehmen-nutzen-social-media-kmu-sind-fuehrend-2\\\/\",\"name\":\"Presse | althaller communication\",\"isPartOf\":{\"@id\":\"https:\\\/\\\/althallercommunication.de\\\/#website\"},\"datePublished\":\"2023-10-31T09:14:04+00:00\",\"dateModified\":\"2024-10-25T07:29:48+00:00\",\"description\":\"Kleine und mittelgro\u00dfe Firmen setzen zu 94 bzw. 97 Prozent auf Social Media f\u00fcr ihre Unternehmenskommunikation.\",\"breadcrumb\":{\"@id\":\"https:\\\/\\\/althallercommunication.de\\\/ueber-90-prozent-der-unternehmen-nutzen-social-media-kmu-sind-fuehrend-2\\\/#breadcrumb\"},\"inLanguage\":\"en-US\",\"potentialAction\":[{\"@type\":\"ReadAction\",\"target\":[\"https:\\\/\\\/althallercommunication.de\\\/ueber-90-prozent-der-unternehmen-nutzen-social-media-kmu-sind-fuehrend-2\\\/\"]}]},{\"@type\":\"BreadcrumbList\",\"@id\":\"https:\\\/\\\/althallercommunication.de\\\/ueber-90-prozent-der-unternehmen-nutzen-social-media-kmu-sind-fuehrend-2\\\/#breadcrumb\",\"itemListElement\":[{\"@type\":\"ListItem\",\"position\":1,\"name\":\"Startseite\",\"item\":\"https:\\\/\\\/althallercommunication.de\\\/en\\\/\"},{\"@type\":\"ListItem\",\"position\":2,\"name\":\"Presse\"}]},{\"@type\":\"WebSite\",\"@id\":\"https:\\\/\\\/althallercommunication.de\\\/#website\",\"url\":\"https:\\\/\\\/althallercommunication.de\\\/\",\"name\":\"althaller communication\",\"description\":\"Martkommunikation B2B\",\"publisher\":{\"@id\":\"https:\\\/\\\/althallercommunication.de\\\/#organization\"},\"potentialAction\":[{\"@type\":\"SearchAction\",\"target\":{\"@type\":\"EntryPoint\",\"urlTemplate\":\"https:\\\/\\\/althallercommunication.de\\\/?s={search_term_string}\"},\"query-input\":{\"@type\":\"PropertyValueSpecification\",\"valueRequired\":true,\"valueName\":\"search_term_string\"}}],\"inLanguage\":\"en-US\"},{\"@type\":\"Organization\",\"@id\":\"https:\\\/\\\/althallercommunication.de\\\/#organization\",\"name\":\"ALTHALLER communication\",\"url\":\"https:\\\/\\\/althallercommunication.de\\\/\",\"logo\":{\"@type\":\"ImageObject\",\"inLanguage\":\"en-US\",\"@id\":\"https:\\\/\\\/althallercommunication.de\\\/#\\\/schema\\\/logo\\\/image\\\/\",\"url\":\"https:\\\/\\\/althallercommunication.de\\\/wp-content\\\/uploads\\\/2023\\\/12\\\/althaller_comm_b.png\",\"contentUrl\":\"https:\\\/\\\/althallercommunication.de\\\/wp-content\\\/uploads\\\/2023\\\/12\\\/althaller_comm_b.png\",\"width\":464,\"height\":110,\"caption\":\"ALTHALLER communication\"},\"image\":{\"@id\":\"https:\\\/\\\/althallercommunication.de\\\/#\\\/schema\\\/logo\\\/image\\\/\"},\"sameAs\":[\"https:\\\/\\\/www.facebook.com\\\/althallercommunication\",\"https:\\\/\\\/x.com\\\/ALTHALLERcom\",\"https:\\\/\\\/www.linkedin.com\\\/company\\\/3332596?trk=tyah&amp;amp;amp;trkInfo=tas:COMMUNICATION Presse und PR,idx:1-1-1\"]},{\"@type\":\"Person\",\"@id\":\"https:\\\/\\\/althallercommunication.de\\\/#\\\/schema\\\/person\\\/4ca72b5e8d0bebc1f9b3061e463e32ee\",\"name\":\"Jacqueline Althaller\",\"image\":{\"@type\":\"ImageObject\",\"inLanguage\":\"en-US\",\"@id\":\"https:\\\/\\\/secure.gravatar.com\\\/avatar\\\/2e8cdf7784b763130efe210406ba46634d04913cf12c46cf98b2799d6da47211?s=96&d=mm&r=g\",\"url\":\"https:\\\/\\\/secure.gravatar.com\\\/avatar\\\/2e8cdf7784b763130efe210406ba46634d04913cf12c46cf98b2799d6da47211?s=96&d=mm&r=g\",\"contentUrl\":\"https:\\\/\\\/secure.gravatar.com\\\/avatar\\\/2e8cdf7784b763130efe210406ba46634d04913cf12c46cf98b2799d6da47211?s=96&d=mm&r=g\",\"caption\":\"Jacqueline Althaller\"},\"description\":\"$$$2021hmb8hzb4MD\",\"url\":\"https:\\\/\\\/althallercommunication.de\\\/en\\\/author\\\/jacqueline-althaller\\\/\"}]}<\/script>\n<!-- \/ Yoast SEO Premium plugin. -->","yoast_head_json":{"title":"Presse | althaller communication","description":"Kleine und mittelgro\u00dfe Firmen setzen zu 94 bzw. 97 Prozent auf Social Media f\u00fcr ihre Unternehmenskommunikation.","robots":{"index":"index","follow":"follow","max-snippet":"max-snippet:-1","max-image-preview":"max-image-preview:large","max-video-preview":"max-video-preview:-1"},"canonical":"https:\/\/althallercommunication.de\/ueber-90-prozent-der-unternehmen-nutzen-social-media-kmu-sind-fuehrend-2\/","og_locale":"en_US","og_type":"article","og_title":"Presse","og_description":"Kleine und mittelgro\u00dfe Firmen setzen zu 94 bzw. 97 Prozent auf Social Media f\u00fcr ihre Unternehmenskommunikation.","og_url":"https:\/\/althallercommunication.de\/ueber-90-prozent-der-unternehmen-nutzen-social-media-kmu-sind-fuehrend-2\/","og_site_name":"althaller communication","article_publisher":"https:\/\/www.facebook.com\/althallercommunication","article_published_time":"2023-10-31T09:14:04+00:00","article_modified_time":"2024-10-25T07:29:48+00:00","author":"Jacqueline Althaller","twitter_card":"summary_large_image","twitter_creator":"@ALTHALLERcom","twitter_site":"@ALTHALLERcom","twitter_misc":{"Written by":"Jacqueline Althaller","Est. reading time":"1 minute"},"schema":{"@context":"https:\/\/schema.org","@graph":[{"@type":"Article","@id":"https:\/\/althallercommunication.de\/ueber-90-prozent-der-unternehmen-nutzen-social-media-kmu-sind-fuehrend-2\/#article","isPartOf":{"@id":"https:\/\/althallercommunication.de\/ueber-90-prozent-der-unternehmen-nutzen-social-media-kmu-sind-fuehrend-2\/"},"author":{"name":"Jacqueline Althaller","@id":"https:\/\/althallercommunication.de\/#\/schema\/person\/4ca72b5e8d0bebc1f9b3061e463e32ee"},"headline":"Presse","datePublished":"2023-10-31T09:14:04+00:00","dateModified":"2024-10-25T07:29:48+00:00","mainEntityOfPage":{"@id":"https:\/\/althallercommunication.de\/ueber-90-prozent-der-unternehmen-nutzen-social-media-kmu-sind-fuehrend-2\/"},"wordCount":867,"publisher":{"@id":"https:\/\/althallercommunication.de\/#organization"},"keywords":["1. Arbeitskreis Social Media in der B2B-Kommunikation","B2B Kommunikation","B2B Social Media","B2B Social Media Studie","Social Media","Social Media Trends"],"articleSection":["Others","Schwabinger-Tor"],"inLanguage":"en-US"},{"@type":"WebPage","@id":"https:\/\/althallercommunication.de\/ueber-90-prozent-der-unternehmen-nutzen-social-media-kmu-sind-fuehrend-2\/","url":"https:\/\/althallercommunication.de\/ueber-90-prozent-der-unternehmen-nutzen-social-media-kmu-sind-fuehrend-2\/","name":"Presse | althaller communication","isPartOf":{"@id":"https:\/\/althallercommunication.de\/#website"},"datePublished":"2023-10-31T09:14:04+00:00","dateModified":"2024-10-25T07:29:48+00:00","description":"Kleine und mittelgro\u00dfe Firmen setzen zu 94 bzw. 97 Prozent auf Social Media f\u00fcr ihre Unternehmenskommunikation.","breadcrumb":{"@id":"https:\/\/althallercommunication.de\/ueber-90-prozent-der-unternehmen-nutzen-social-media-kmu-sind-fuehrend-2\/#breadcrumb"},"inLanguage":"en-US","potentialAction":[{"@type":"ReadAction","target":["https:\/\/althallercommunication.de\/ueber-90-prozent-der-unternehmen-nutzen-social-media-kmu-sind-fuehrend-2\/"]}]},{"@type":"BreadcrumbList","@id":"https:\/\/althallercommunication.de\/ueber-90-prozent-der-unternehmen-nutzen-social-media-kmu-sind-fuehrend-2\/#breadcrumb","itemListElement":[{"@type":"ListItem","position":1,"name":"Startseite","item":"https:\/\/althallercommunication.de\/en\/"},{"@type":"ListItem","position":2,"name":"Presse"}]},{"@type":"WebSite","@id":"https:\/\/althallercommunication.de\/#website","url":"https:\/\/althallercommunication.de\/","name":"althaller communication","description":"Martkommunikation B2B","publisher":{"@id":"https:\/\/althallercommunication.de\/#organization"},"potentialAction":[{"@type":"SearchAction","target":{"@type":"EntryPoint","urlTemplate":"https:\/\/althallercommunication.de\/?s={search_term_string}"},"query-input":{"@type":"PropertyValueSpecification","valueRequired":true,"valueName":"search_term_string"}}],"inLanguage":"en-US"},{"@type":"Organization","@id":"https:\/\/althallercommunication.de\/#organization","name":"ALTHALLER communication","url":"https:\/\/althallercommunication.de\/","logo":{"@type":"ImageObject","inLanguage":"en-US","@id":"https:\/\/althallercommunication.de\/#\/schema\/logo\/image\/","url":"https:\/\/althallercommunication.de\/wp-content\/uploads\/2023\/12\/althaller_comm_b.png","contentUrl":"https:\/\/althallercommunication.de\/wp-content\/uploads\/2023\/12\/althaller_comm_b.png","width":464,"height":110,"caption":"ALTHALLER communication"},"image":{"@id":"https:\/\/althallercommunication.de\/#\/schema\/logo\/image\/"},"sameAs":["https:\/\/www.facebook.com\/althallercommunication","https:\/\/x.com\/ALTHALLERcom","https:\/\/www.linkedin.com\/company\/3332596?trk=tyah&amp;amp;amp;trkInfo=tas:COMMUNICATION Presse und PR,idx:1-1-1"]},{"@type":"Person","@id":"https:\/\/althallercommunication.de\/#\/schema\/person\/4ca72b5e8d0bebc1f9b3061e463e32ee","name":"Jacqueline Althaller","image":{"@type":"ImageObject","inLanguage":"en-US","@id":"https:\/\/secure.gravatar.com\/avatar\/2e8cdf7784b763130efe210406ba46634d04913cf12c46cf98b2799d6da47211?s=96&d=mm&r=g","url":"https:\/\/secure.gravatar.com\/avatar\/2e8cdf7784b763130efe210406ba46634d04913cf12c46cf98b2799d6da47211?s=96&d=mm&r=g","contentUrl":"https:\/\/secure.gravatar.com\/avatar\/2e8cdf7784b763130efe210406ba46634d04913cf12c46cf98b2799d6da47211?s=96&d=mm&r=g","caption":"Jacqueline Althaller"},"description":"$$$2021hmb8hzb4MD","url":"https:\/\/althallercommunication.de\/en\/author\/jacqueline-althaller\/"}]}},"_links":{"self":[{"href":"https:\/\/althallercommunication.de\/en\/wp-json\/wp\/v2\/posts\/26452","targetHints":{"allow":["GET"]}}],"collection":[{"href":"https:\/\/althallercommunication.de\/en\/wp-json\/wp\/v2\/posts"}],"about":[{"href":"https:\/\/althallercommunication.de\/en\/wp-json\/wp\/v2\/types\/post"}],"author":[{"embeddable":true,"href":"https:\/\/althallercommunication.de\/en\/wp-json\/wp\/v2\/users\/6"}],"replies":[{"embeddable":true,"href":"https:\/\/althallercommunication.de\/en\/wp-json\/wp\/v2\/comments?post=26452"}],"version-history":[{"count":7,"href":"https:\/\/althallercommunication.de\/en\/wp-json\/wp\/v2\/posts\/26452\/revisions"}],"predecessor-version":[{"id":30979,"href":"https:\/\/althallercommunication.de\/en\/wp-json\/wp\/v2\/posts\/26452\/revisions\/30979"}],"wp:attachment":[{"href":"https:\/\/althallercommunication.de\/en\/wp-json\/wp\/v2\/media?parent=26452"}],"wp:term":[{"taxonomy":"category","embeddable":true,"href":"https:\/\/althallercommunication.de\/en\/wp-json\/wp\/v2\/categories?post=26452"},{"taxonomy":"post_tag","embeddable":true,"href":"https:\/\/althallercommunication.de\/en\/wp-json\/wp\/v2\/tags?post=26452"}],"curies":[{"name":"wp","href":"https:\/\/api.w.org\/{rel}","templated":true}]}}