{"id":27901,"date":"2017-03-25T12:20:57","date_gmt":"2017-03-25T11:20:57","guid":{"rendered":"http:\/\/localhost\/cmDev\/?post_type=post&#038;p=7455"},"modified":"2024-03-02T10:46:52","modified_gmt":"2024-03-02T09:46:52","slug":"refugium-tilliach","status":"publish","type":"post","link":"https:\/\/althallercommunication.de\/en\/refugium-tilliach\/","title":{"rendered":"Refugium Tilliach"},"content":{"rendered":"<div class=\"fusion-fullwidth fullwidth-box fusion-builder-row-255 nonhundred-percent-fullwidth non-hundred-percent-height-scrolling\" style=\"--awb-border-radius-top-left:0px;--awb-border-radius-top-right:0px;--awb-border-radius-bottom-right:0px;--awb-border-radius-bottom-left:0px;--awb-padding-top:20px;--awb-padding-bottom:20px;--awb-margin-top:-50px;--awb-flex-wrap:wrap;\" >\n<div class=\"fusion-builder-row fusion-row\">\n<div class=\"fusion-layout-column fusion_builder_column fusion-builder-column-479 fusion_builder_column_1_1 1_1 fusion-one-full fusion-column-first fusion-column-last\" style=\"--awb-padding-top:50px;--awb-bg-size:cover;\">\n<div class=\"fusion-column-wrapper fusion-flex-column-wrapper-legacy\">\n<div class=\"fusion-title title fusion-title-147 fusion-sep-none fusion-title-text fusion-title-size-one\">\n<h1 class=\"fusion-title-heading title-heading-left\" style=\"margin:0;\">\n<h1>Projektdetails<\/h1>\n<\/h1>\n<\/div>\n<div class=\"fusion-clearfix\"><\/div>\n<\/div>\n<\/div>\n<div class=\"fusion-layout-column fusion_builder_column fusion-builder-column-480 fusion_builder_column_2_3 2_3 fusion-two-third fusion-column-first project-description\" style=\"--awb-padding-top:20px;--awb-padding-right:20px;--awb-padding-bottom:20px;--awb-padding-left:20px;--awb-bg-color:#efefef;--awb-bg-color-hover:#efefef;--awb-bg-size:cover;width:66.6666666667%;width:calc(66.6666666667% - ( ( 4% ) * 0.666666666667 ) );margin-right: 4%;\">\n<div class=\"fusion-column-wrapper fusion-flex-column-wrapper-legacy\">\n<div class=\"fusion-text fusion-text-282\">\n<p><strong>Refugium Tilliach<\/strong><\/p>\n<p>Das Refugium Tilliach ist ein Chalet im \u00e4u\u00dfersten S\u00fcdosten des Bezirks Lienz an der Grenze zu K\u00e4rnten und Italien und bietet mit seinen insgesamt 12 Zimmern bis zu 23 Personen Unterkunft. Das 250 Jahre alte Bauernhaus zeichnet sich durch sein hochwertiges Ambiente aus: ein urspr\u00fcngliches, authentisches und mit sehr viel Feinsinn renoviertes Osttiroler Bauernhaus, in dem man auf zeitgem\u00e4\u00dfen Luxus nicht verzichten muss. Freunde des Slow Tourism finden hier einen R\u00fcckzugsort, der dem zunehmenden Wunsch nach Natur und Abgeschiedenheit sehr entgegenkommt. Auch Seminarteilnehmer sch\u00e4tzen das seltene St\u00fcck heile Welt, in der Ruhe, Erholung und Natur pur im Mittelpunkt stehen.<\/p>\n<\/div>\n<div class=\"fusion-text fusion-text-283\">\n<p><strong>PR und Social Media<\/strong><\/p>\n<p>ALTHALLER communication unterst\u00fctzte, Refugium Tilliach in den relevanten meinungsbildenden Medien zu positionieren und in den Zielgruppen (Privatreisende sowie f\u00fcr Management-Offsites und Coachings) sowohl \u00fcber klassische Kommunikationskan\u00e4le als auch \u00fcber Social Media bekanntzumachen. Das Refugium Tilliach vertraute auf die Vorschl\u00e4ge und Zug\u00e4nge der Agentur, die stets aufs Neue spannende Ansatzpunkte f\u00fcr mediale Berichterstattungen liefern.<\/p>\n<p>Zeitraum: 2015 &#8211; 2016<\/p>\n<\/div>\n<div class=\"fusion-clearfix\"><\/div>\n<\/div>\n<\/div>\n<div class=\"fusion-layout-column fusion_builder_column fusion-builder-column-481 fusion_builder_column_1_3 1_3 fusion-one-third fusion-column-last project-customer\" style=\"--awb-padding-top:20px;--awb-padding-right:20px;--awb-padding-bottom:20px;--awb-padding-left:20px;--awb-bg-size:cover;width:33.3333333333%;width:calc(33.3333333333% - ( ( 4% ) * 0.333333333333 ) );\">\n<div class=\"fusion-column-wrapper fusion-flex-column-wrapper-legacy\">\n<div class=\"fusion-image-element in-legacy-container\" style=\"--awb-caption-title-font-family:var(--h2_typography-font-family);--awb-caption-title-font-weight:var(--h2_typography-font-weight);--awb-caption-title-font-style:var(--h2_typography-font-style);--awb-caption-title-size:var(--h2_typography-font-size);--awb-caption-title-transform:var(--h2_typography-text-transform);--awb-caption-title-line-height:var(--h2_typography-line-height);--awb-caption-title-letter-spacing:var(--h2_typography-letter-spacing);\"><span class=\" fusion-imageframe imageframe-none imageframe-115 hover-type-none logo-customer-portfolio\"><a class=\"fusion-no-lightbox\" href=\"http:\/\/www.refugiumtilliach.com\" target=\"_blank\" aria-label=\"Kunde_Refugium_Logo\" rel=\"noopener noreferrer\"><img decoding=\"async\" width=\"300\" height=\"220\" src=\"https:\/\/www.althallercommunication.de\/wp-content\/uploads\/2019\/08\/Kunde_Refugium_Logo.jpg\" alt class=\"img-responsive wp-image-15734\" srcset=\"https:\/\/www.althallercommunication.de\/wp-content\/uploads\/2019\/08\/Kunde_Refugium_Logo-200x147.jpg 200w, https:\/\/www.althallercommunication.de\/wp-content\/uploads\/2019\/08\/Kunde_Refugium_Logo.jpg 300w\" sizes=\"(max-width: 800px) 100vw, 300px\" \/><\/a><\/span><\/div>\n<div class=\"fusion-clearfix\"><\/div>\n<\/div>\n<\/div>\n<\/div>\n<\/div>\n<div class=\"fusion-fullwidth fullwidth-box fusion-builder-row-256 nonhundred-percent-fullwidth non-hundred-percent-height-scrolling\" style=\"--awb-border-radius-top-left:0px;--awb-border-radius-top-right:0px;--awb-border-radius-bottom-right:0px;--awb-border-radius-bottom-left:0px;--awb-flex-wrap:wrap;\" >\n<div class=\"fusion-builder-row fusion-row\">\n<div class=\"fusion-layout-column fusion_builder_column fusion-builder-column-482 fusion_builder_column_1_1 1_1 fusion-one-full fusion-column-first fusion-column-last\" style=\"--awb-bg-size:cover;\">\n<div class=\"fusion-column-wrapper fusion-flex-column-wrapper-legacy\">\n<div class=\"fusion-title title fusion-title-148 fusion-sep-none fusion-title-text fusion-title-size-one\">\n<h1 class=\"fusion-title-heading title-heading-left\" style=\"margin:0;\">\n<h2>Clippings<\/h2>\n<\/h1>\n<\/div>\n<p><a href=\"https:\/\/www.althallercommunication.de\/wp-admin\/post-new.php?post_type=post\" class=\"fusion-builder-placeholder\">Please add blog posts for them to display here.<\/a><\/p>\n<div class=\"fusion-clearfix\"><\/div>\n<\/div>\n<\/div>\n<\/div>\n<\/div>\n<div class=\"fusion-fullwidth fullwidth-box fusion-builder-row-257 nonhundred-percent-fullwidth non-hundred-percent-height-scrolling\" style=\"--awb-border-radius-top-left:0px;--awb-border-radius-top-right:0px;--awb-border-radius-bottom-right:0px;--awb-border-radius-bottom-left:0px;--awb-padding-top:20px;--awb-padding-bottom:20px;--awb-flex-wrap:wrap;\" >\n<div class=\"fusion-builder-row fusion-row\">\n<div class=\"fusion-layout-column fusion_builder_column fusion-builder-column-483 fusion_builder_column_1_1 1_1 fusion-one-full fusion-column-first fusion-column-last\" style=\"--awb-bg-size:cover;\">\n<div class=\"fusion-column-wrapper fusion-flex-column-wrapper-legacy\">\n<div class=\"fusion-aligncenter\"><i class=\" fa fa-chevron-left button-icon-left\" aria-hidden=\"true\"><\/i><span class=\"fusion-button-text\">zur\u00fcck<\/span><\/div>\n<div class=\"fusion-clearfix\"><\/div>\n<\/div>\n<\/div>\n<\/div>\n<\/div>\n","protected":false},"excerpt":{"rendered":"<p>Projektdetails Refugium Tilliach Das Refugium Tilliach ist ein Chalet im \u00e4u\u00dfersten S\u00fcdosten des Bezirks Lienz an der Grenze zu K\u00e4rnten und Italien und bietet mit seinen insgesamt 12 Zimmern bis zu 23 Personen Unterkunft. Das 250 Jahre alte Bauernhaus zeichnet sich durch sein hochwertiges Ambiente aus: ein urspr\u00fcngliches, authentisches und mit sehr viel Feinsinn renoviertes [&hellip;]<\/p>\n","protected":false},"author":6,"featured_media":15734,"comment_status":"closed","ping_status":"closed","sticky":false,"template":"","format":"standard","meta":{"_et_pb_use_builder":"","_et_pb_old_content":"","_et_gb_content_width":"","inline_featured_image":false,"footnotes":""},"categories":[1],"tags":[2799],"class_list":["post-27901","post","type-post","status-publish","format-standard","has-post-thumbnail","hentry","category-unkategorisiert","tag-tourism"],"yoast_head":"<!-- This site is optimized with the Yoast SEO Premium plugin v25.3 (Yoast SEO v27.5) - https:\/\/yoast.com\/product\/yoast-seo-premium-wordpress\/ -->\n<title>Refugium Tilliach | althaller communication<\/title>\n<meta name=\"robots\" content=\"index, follow, max-snippet:-1, max-image-preview:large, max-video-preview:-1\" \/>\n<link rel=\"canonical\" href=\"https:\/\/althallercommunication.de\/refugium-tilliach\/\" \/>\n<meta property=\"og:locale\" content=\"en_US\" \/>\n<meta property=\"og:type\" content=\"article\" \/>\n<meta property=\"og:title\" content=\"Refugium Tilliach\" \/>\n<meta property=\"og:description\" content=\"Projektdetails Refugium Tilliach Das Refugium Tilliach ist ein Chalet im \u00e4u\u00dfersten S\u00fcdosten des Bezirks Lienz an der Grenze zu K\u00e4rnten und Italien und bietet mit seinen insgesamt 12 Zimmern bis zu 23 Personen Unterkunft. Das 250 Jahre alte Bauernhaus zeichnet sich durch sein hochwertiges Ambiente aus: ein urspr\u00fcngliches, authentisches und mit sehr viel Feinsinn renoviertes [&hellip;]\" \/>\n<meta property=\"og:url\" content=\"https:\/\/althallercommunication.de\/refugium-tilliach\/\" \/>\n<meta property=\"og:site_name\" content=\"althaller communication\" \/>\n<meta property=\"article:publisher\" content=\"https:\/\/www.facebook.com\/althallercommunication\" \/>\n<meta property=\"article:published_time\" content=\"2017-03-25T11:20:57+00:00\" \/>\n<meta property=\"article:modified_time\" content=\"2024-03-02T09:46:52+00:00\" \/>\n<meta property=\"og:image\" content=\"https:\/\/althallercommunication.de\/wp-content\/uploads\/2019\/08\/Kunde_Refugium_Logo.jpg\" \/>\n\t<meta property=\"og:image:width\" content=\"300\" \/>\n\t<meta property=\"og:image:height\" content=\"220\" \/>\n\t<meta property=\"og:image:type\" content=\"image\/jpeg\" \/>\n<meta name=\"author\" content=\"Jacqueline Althaller\" \/>\n<meta name=\"twitter:card\" content=\"summary_large_image\" \/>\n<meta name=\"twitter:creator\" content=\"@ALTHALLERcom\" \/>\n<meta name=\"twitter:site\" content=\"@ALTHALLERcom\" \/>\n<meta name=\"twitter:label1\" content=\"Written by\" \/>\n\t<meta name=\"twitter:data1\" content=\"Jacqueline Althaller\" \/>\n\t<meta name=\"twitter:label2\" content=\"Est. reading time\" \/>\n\t<meta name=\"twitter:data2\" content=\"1 minute\" \/>\n<script type=\"application\/ld+json\" class=\"yoast-schema-graph\">{\"@context\":\"https:\\\/\\\/schema.org\",\"@graph\":[{\"@type\":\"Article\",\"@id\":\"https:\\\/\\\/althallercommunication.de\\\/refugium-tilliach\\\/#article\",\"isPartOf\":{\"@id\":\"https:\\\/\\\/althallercommunication.de\\\/refugium-tilliach\\\/\"},\"author\":{\"name\":\"Jacqueline Althaller\",\"@id\":\"https:\\\/\\\/althallercommunication.de\\\/#\\\/schema\\\/person\\\/4ca72b5e8d0bebc1f9b3061e463e32ee\"},\"headline\":\"Refugium Tilliach\",\"datePublished\":\"2017-03-25T11:20:57+00:00\",\"dateModified\":\"2024-03-02T09:46:52+00:00\",\"mainEntityOfPage\":{\"@id\":\"https:\\\/\\\/althallercommunication.de\\\/refugium-tilliach\\\/\"},\"wordCount\":186,\"publisher\":{\"@id\":\"https:\\\/\\\/althallercommunication.de\\\/#organization\"},\"image\":{\"@id\":\"https:\\\/\\\/althallercommunication.de\\\/refugium-tilliach\\\/#primaryimage\"},\"thumbnailUrl\":\"https:\\\/\\\/althallercommunication.de\\\/wp-content\\\/uploads\\\/2019\\\/08\\\/Kunde_Refugium_Logo.jpg\",\"keywords\":[\"Tourism\"],\"articleSection\":[\"Others\"],\"inLanguage\":\"en-US\"},{\"@type\":\"WebPage\",\"@id\":\"https:\\\/\\\/althallercommunication.de\\\/refugium-tilliach\\\/\",\"url\":\"https:\\\/\\\/althallercommunication.de\\\/refugium-tilliach\\\/\",\"name\":\"Refugium Tilliach | althaller communication\",\"isPartOf\":{\"@id\":\"https:\\\/\\\/althallercommunication.de\\\/#website\"},\"primaryImageOfPage\":{\"@id\":\"https:\\\/\\\/althallercommunication.de\\\/refugium-tilliach\\\/#primaryimage\"},\"image\":{\"@id\":\"https:\\\/\\\/althallercommunication.de\\\/refugium-tilliach\\\/#primaryimage\"},\"thumbnailUrl\":\"https:\\\/\\\/althallercommunication.de\\\/wp-content\\\/uploads\\\/2019\\\/08\\\/Kunde_Refugium_Logo.jpg\",\"datePublished\":\"2017-03-25T11:20:57+00:00\",\"dateModified\":\"2024-03-02T09:46:52+00:00\",\"breadcrumb\":{\"@id\":\"https:\\\/\\\/althallercommunication.de\\\/refugium-tilliach\\\/#breadcrumb\"},\"inLanguage\":\"en-US\",\"potentialAction\":[{\"@type\":\"ReadAction\",\"target\":[\"https:\\\/\\\/althallercommunication.de\\\/refugium-tilliach\\\/\"]}]},{\"@type\":\"ImageObject\",\"inLanguage\":\"en-US\",\"@id\":\"https:\\\/\\\/althallercommunication.de\\\/refugium-tilliach\\\/#primaryimage\",\"url\":\"https:\\\/\\\/althallercommunication.de\\\/wp-content\\\/uploads\\\/2019\\\/08\\\/Kunde_Refugium_Logo.jpg\",\"contentUrl\":\"https:\\\/\\\/althallercommunication.de\\\/wp-content\\\/uploads\\\/2019\\\/08\\\/Kunde_Refugium_Logo.jpg\",\"width\":300,\"height\":220,\"caption\":\"Das Refugium Tilliach ist ein Chalet im \u00e4u\u00dfersten S\u00fcdosten des Bezirks Lienz an der Grenze zu K\u00e4rnten und Italien und bietet mit seinen insgesamt 12 Zimmern bis zu 23 Personen Unterkunft.\"},{\"@type\":\"BreadcrumbList\",\"@id\":\"https:\\\/\\\/althallercommunication.de\\\/refugium-tilliach\\\/#breadcrumb\",\"itemListElement\":[{\"@type\":\"ListItem\",\"position\":1,\"name\":\"Startseite\",\"item\":\"https:\\\/\\\/althallercommunication.de\\\/en\\\/\"},{\"@type\":\"ListItem\",\"position\":2,\"name\":\"Refugium Tilliach\"}]},{\"@type\":\"WebSite\",\"@id\":\"https:\\\/\\\/althallercommunication.de\\\/#website\",\"url\":\"https:\\\/\\\/althallercommunication.de\\\/\",\"name\":\"althaller communication\",\"description\":\"Martkommunikation B2B\",\"publisher\":{\"@id\":\"https:\\\/\\\/althallercommunication.de\\\/#organization\"},\"potentialAction\":[{\"@type\":\"SearchAction\",\"target\":{\"@type\":\"EntryPoint\",\"urlTemplate\":\"https:\\\/\\\/althallercommunication.de\\\/?s={search_term_string}\"},\"query-input\":{\"@type\":\"PropertyValueSpecification\",\"valueRequired\":true,\"valueName\":\"search_term_string\"}}],\"inLanguage\":\"en-US\"},{\"@type\":\"Organization\",\"@id\":\"https:\\\/\\\/althallercommunication.de\\\/#organization\",\"name\":\"ALTHALLER communication\",\"url\":\"https:\\\/\\\/althallercommunication.de\\\/\",\"logo\":{\"@type\":\"ImageObject\",\"inLanguage\":\"en-US\",\"@id\":\"https:\\\/\\\/althallercommunication.de\\\/#\\\/schema\\\/logo\\\/image\\\/\",\"url\":\"https:\\\/\\\/althallercommunication.de\\\/wp-content\\\/uploads\\\/2023\\\/12\\\/althaller_comm_b.png\",\"contentUrl\":\"https:\\\/\\\/althallercommunication.de\\\/wp-content\\\/uploads\\\/2023\\\/12\\\/althaller_comm_b.png\",\"width\":464,\"height\":110,\"caption\":\"ALTHALLER communication\"},\"image\":{\"@id\":\"https:\\\/\\\/althallercommunication.de\\\/#\\\/schema\\\/logo\\\/image\\\/\"},\"sameAs\":[\"https:\\\/\\\/www.facebook.com\\\/althallercommunication\",\"https:\\\/\\\/x.com\\\/ALTHALLERcom\",\"https:\\\/\\\/www.linkedin.com\\\/company\\\/3332596?trk=tyah&amp;amp;amp;trkInfo=tas:COMMUNICATION Presse und PR,idx:1-1-1\"]},{\"@type\":\"Person\",\"@id\":\"https:\\\/\\\/althallercommunication.de\\\/#\\\/schema\\\/person\\\/4ca72b5e8d0bebc1f9b3061e463e32ee\",\"name\":\"Jacqueline Althaller\",\"image\":{\"@type\":\"ImageObject\",\"inLanguage\":\"en-US\",\"@id\":\"https:\\\/\\\/secure.gravatar.com\\\/avatar\\\/2e8cdf7784b763130efe210406ba46634d04913cf12c46cf98b2799d6da47211?s=96&d=mm&r=g\",\"url\":\"https:\\\/\\\/secure.gravatar.com\\\/avatar\\\/2e8cdf7784b763130efe210406ba46634d04913cf12c46cf98b2799d6da47211?s=96&d=mm&r=g\",\"contentUrl\":\"https:\\\/\\\/secure.gravatar.com\\\/avatar\\\/2e8cdf7784b763130efe210406ba46634d04913cf12c46cf98b2799d6da47211?s=96&d=mm&r=g\",\"caption\":\"Jacqueline Althaller\"},\"description\":\"$$$2021hmb8hzb4MD\",\"url\":\"https:\\\/\\\/althallercommunication.de\\\/en\\\/author\\\/jacqueline-althaller\\\/\"}]}<\/script>\n<!-- \/ Yoast SEO Premium plugin. -->","yoast_head_json":{"title":"Refugium Tilliach | althaller communication","robots":{"index":"index","follow":"follow","max-snippet":"max-snippet:-1","max-image-preview":"max-image-preview:large","max-video-preview":"max-video-preview:-1"},"canonical":"https:\/\/althallercommunication.de\/refugium-tilliach\/","og_locale":"en_US","og_type":"article","og_title":"Refugium Tilliach","og_description":"Projektdetails Refugium Tilliach Das Refugium Tilliach ist ein Chalet im \u00e4u\u00dfersten S\u00fcdosten des Bezirks Lienz an der Grenze zu K\u00e4rnten und Italien und bietet mit seinen insgesamt 12 Zimmern bis zu 23 Personen Unterkunft. Das 250 Jahre alte Bauernhaus zeichnet sich durch sein hochwertiges Ambiente aus: ein urspr\u00fcngliches, authentisches und mit sehr viel Feinsinn renoviertes [&hellip;]","og_url":"https:\/\/althallercommunication.de\/refugium-tilliach\/","og_site_name":"althaller communication","article_publisher":"https:\/\/www.facebook.com\/althallercommunication","article_published_time":"2017-03-25T11:20:57+00:00","article_modified_time":"2024-03-02T09:46:52+00:00","og_image":[{"width":300,"height":220,"url":"https:\/\/althallercommunication.de\/wp-content\/uploads\/2019\/08\/Kunde_Refugium_Logo.jpg","type":"image\/jpeg"}],"author":"Jacqueline Althaller","twitter_card":"summary_large_image","twitter_creator":"@ALTHALLERcom","twitter_site":"@ALTHALLERcom","twitter_misc":{"Written by":"Jacqueline Althaller","Est. reading time":"1 minute"},"schema":{"@context":"https:\/\/schema.org","@graph":[{"@type":"Article","@id":"https:\/\/althallercommunication.de\/refugium-tilliach\/#article","isPartOf":{"@id":"https:\/\/althallercommunication.de\/refugium-tilliach\/"},"author":{"name":"Jacqueline Althaller","@id":"https:\/\/althallercommunication.de\/#\/schema\/person\/4ca72b5e8d0bebc1f9b3061e463e32ee"},"headline":"Refugium Tilliach","datePublished":"2017-03-25T11:20:57+00:00","dateModified":"2024-03-02T09:46:52+00:00","mainEntityOfPage":{"@id":"https:\/\/althallercommunication.de\/refugium-tilliach\/"},"wordCount":186,"publisher":{"@id":"https:\/\/althallercommunication.de\/#organization"},"image":{"@id":"https:\/\/althallercommunication.de\/refugium-tilliach\/#primaryimage"},"thumbnailUrl":"https:\/\/althallercommunication.de\/wp-content\/uploads\/2019\/08\/Kunde_Refugium_Logo.jpg","keywords":["Tourism"],"articleSection":["Others"],"inLanguage":"en-US"},{"@type":"WebPage","@id":"https:\/\/althallercommunication.de\/refugium-tilliach\/","url":"https:\/\/althallercommunication.de\/refugium-tilliach\/","name":"Refugium Tilliach | althaller communication","isPartOf":{"@id":"https:\/\/althallercommunication.de\/#website"},"primaryImageOfPage":{"@id":"https:\/\/althallercommunication.de\/refugium-tilliach\/#primaryimage"},"image":{"@id":"https:\/\/althallercommunication.de\/refugium-tilliach\/#primaryimage"},"thumbnailUrl":"https:\/\/althallercommunication.de\/wp-content\/uploads\/2019\/08\/Kunde_Refugium_Logo.jpg","datePublished":"2017-03-25T11:20:57+00:00","dateModified":"2024-03-02T09:46:52+00:00","breadcrumb":{"@id":"https:\/\/althallercommunication.de\/refugium-tilliach\/#breadcrumb"},"inLanguage":"en-US","potentialAction":[{"@type":"ReadAction","target":["https:\/\/althallercommunication.de\/refugium-tilliach\/"]}]},{"@type":"ImageObject","inLanguage":"en-US","@id":"https:\/\/althallercommunication.de\/refugium-tilliach\/#primaryimage","url":"https:\/\/althallercommunication.de\/wp-content\/uploads\/2019\/08\/Kunde_Refugium_Logo.jpg","contentUrl":"https:\/\/althallercommunication.de\/wp-content\/uploads\/2019\/08\/Kunde_Refugium_Logo.jpg","width":300,"height":220,"caption":"Das Refugium Tilliach ist ein Chalet im \u00e4u\u00dfersten S\u00fcdosten des Bezirks Lienz an der Grenze zu K\u00e4rnten und Italien und bietet mit seinen insgesamt 12 Zimmern bis zu 23 Personen Unterkunft."},{"@type":"BreadcrumbList","@id":"https:\/\/althallercommunication.de\/refugium-tilliach\/#breadcrumb","itemListElement":[{"@type":"ListItem","position":1,"name":"Startseite","item":"https:\/\/althallercommunication.de\/en\/"},{"@type":"ListItem","position":2,"name":"Refugium Tilliach"}]},{"@type":"WebSite","@id":"https:\/\/althallercommunication.de\/#website","url":"https:\/\/althallercommunication.de\/","name":"althaller communication","description":"Martkommunikation B2B","publisher":{"@id":"https:\/\/althallercommunication.de\/#organization"},"potentialAction":[{"@type":"SearchAction","target":{"@type":"EntryPoint","urlTemplate":"https:\/\/althallercommunication.de\/?s={search_term_string}"},"query-input":{"@type":"PropertyValueSpecification","valueRequired":true,"valueName":"search_term_string"}}],"inLanguage":"en-US"},{"@type":"Organization","@id":"https:\/\/althallercommunication.de\/#organization","name":"ALTHALLER communication","url":"https:\/\/althallercommunication.de\/","logo":{"@type":"ImageObject","inLanguage":"en-US","@id":"https:\/\/althallercommunication.de\/#\/schema\/logo\/image\/","url":"https:\/\/althallercommunication.de\/wp-content\/uploads\/2023\/12\/althaller_comm_b.png","contentUrl":"https:\/\/althallercommunication.de\/wp-content\/uploads\/2023\/12\/althaller_comm_b.png","width":464,"height":110,"caption":"ALTHALLER communication"},"image":{"@id":"https:\/\/althallercommunication.de\/#\/schema\/logo\/image\/"},"sameAs":["https:\/\/www.facebook.com\/althallercommunication","https:\/\/x.com\/ALTHALLERcom","https:\/\/www.linkedin.com\/company\/3332596?trk=tyah&amp;amp;amp;trkInfo=tas:COMMUNICATION Presse und PR,idx:1-1-1"]},{"@type":"Person","@id":"https:\/\/althallercommunication.de\/#\/schema\/person\/4ca72b5e8d0bebc1f9b3061e463e32ee","name":"Jacqueline Althaller","image":{"@type":"ImageObject","inLanguage":"en-US","@id":"https:\/\/secure.gravatar.com\/avatar\/2e8cdf7784b763130efe210406ba46634d04913cf12c46cf98b2799d6da47211?s=96&d=mm&r=g","url":"https:\/\/secure.gravatar.com\/avatar\/2e8cdf7784b763130efe210406ba46634d04913cf12c46cf98b2799d6da47211?s=96&d=mm&r=g","contentUrl":"https:\/\/secure.gravatar.com\/avatar\/2e8cdf7784b763130efe210406ba46634d04913cf12c46cf98b2799d6da47211?s=96&d=mm&r=g","caption":"Jacqueline Althaller"},"description":"$$$2021hmb8hzb4MD","url":"https:\/\/althallercommunication.de\/en\/author\/jacqueline-althaller\/"}]}},"_links":{"self":[{"href":"https:\/\/althallercommunication.de\/en\/wp-json\/wp\/v2\/posts\/27901","targetHints":{"allow":["GET"]}}],"collection":[{"href":"https:\/\/althallercommunication.de\/en\/wp-json\/wp\/v2\/posts"}],"about":[{"href":"https:\/\/althallercommunication.de\/en\/wp-json\/wp\/v2\/types\/post"}],"author":[{"embeddable":true,"href":"https:\/\/althallercommunication.de\/en\/wp-json\/wp\/v2\/users\/6"}],"replies":[{"embeddable":true,"href":"https:\/\/althallercommunication.de\/en\/wp-json\/wp\/v2\/comments?post=27901"}],"version-history":[{"count":1,"href":"https:\/\/althallercommunication.de\/en\/wp-json\/wp\/v2\/posts\/27901\/revisions"}],"predecessor-version":[{"id":29320,"href":"https:\/\/althallercommunication.de\/en\/wp-json\/wp\/v2\/posts\/27901\/revisions\/29320"}],"wp:featuredmedia":[{"embeddable":true,"href":"https:\/\/althallercommunication.de\/en\/wp-json\/wp\/v2\/media\/15734"}],"wp:attachment":[{"href":"https:\/\/althallercommunication.de\/en\/wp-json\/wp\/v2\/media?parent=27901"}],"wp:term":[{"taxonomy":"category","embeddable":true,"href":"https:\/\/althallercommunication.de\/en\/wp-json\/wp\/v2\/categories?post=27901"},{"taxonomy":"post_tag","embeddable":true,"href":"https:\/\/althallercommunication.de\/en\/wp-json\/wp\/v2\/tags?post=27901"}],"curies":[{"name":"wp","href":"https:\/\/api.w.org\/{rel}","templated":true}]}}