{"id":27937,"date":"2017-03-26T12:58:45","date_gmt":"2017-03-26T10:58:45","guid":{"rendered":"http:\/\/localhost\/cmDev\/?post_type=post&#038;p=8074"},"modified":"2024-03-02T10:47:19","modified_gmt":"2024-03-02T09:47:19","slug":"digital-equipment","status":"publish","type":"post","link":"https:\/\/althallercommunication.de\/en\/digital-equipment\/","title":{"rendered":"Digital Equipment"},"content":{"rendered":"<div class=\"fusion-fullwidth fullwidth-box fusion-builder-row-366 nonhundred-percent-fullwidth non-hundred-percent-height-scrolling\" style=\"--awb-border-radius-top-left:0px;--awb-border-radius-top-right:0px;--awb-border-radius-bottom-right:0px;--awb-border-radius-bottom-left:0px;--awb-padding-top:20px;--awb-padding-bottom:20px;--awb-margin-top:-50px;--awb-flex-wrap:wrap;\" >\n<div class=\"fusion-builder-row fusion-row\">\n<div class=\"fusion-layout-column fusion_builder_column fusion-builder-column-675 fusion_builder_column_1_1 1_1 fusion-one-full fusion-column-first fusion-column-last\" style=\"--awb-padding-top:50px;--awb-bg-size:cover;\">\n<div class=\"fusion-column-wrapper fusion-flex-column-wrapper-legacy\">\n<div class=\"fusion-title title fusion-title-217 fusion-sep-none fusion-title-text fusion-title-size-one\">\n<h1 class=\"fusion-title-heading title-heading-left\" style=\"margin:0;\">\n<h1>Projektdetails<\/h1>\n<\/h1>\n<\/div>\n<div class=\"fusion-clearfix\"><\/div>\n<\/div>\n<\/div>\n<div class=\"fusion-layout-column fusion_builder_column fusion-builder-column-676 fusion_builder_column_2_3 2_3 fusion-two-third fusion-column-first project-description\" style=\"--awb-padding-top:20px;--awb-padding-right:20px;--awb-padding-bottom:20px;--awb-padding-left:20px;--awb-bg-color:#efefef;--awb-bg-color-hover:#efefef;--awb-bg-size:cover;width:66.6666666667%;width:calc(66.6666666667% - ( ( 4% ) * 0.666666666667 ) );margin-right: 4%;\">\n<div class=\"fusion-column-wrapper fusion-flex-column-wrapper-legacy\">\n<div class=\"fusion-text fusion-text-388\">\n<p><strong>Digital Equipment<\/strong><\/p>\n<p>Digital Equipment war ein Pionier in der Computerindustrie und wurde 1998 von Compaq \u00fcbernommen. Bis zur \u00dcbernahme war COMMUNICATION Presse und PR als ausgelagerte Pressestelle f\u00fcr das Unternehmen t\u00e4tig. Das breite Aufgabenspektrum umfasste:<\/p>\n<ul>\n<li>Klassische Pressebetreuung und \u00d6ffentlichkeitsarbeit f\u00fcr die Gesch\u00e4ftsfelder Finanzwirtschaft, \u00d6ffentliche Verwaltung, Diskrete Fertigung, Proze\u00dfindustrie, Transport und Logistik, Medien.<\/li>\n<li>Presse- und PR-Betreuung zu allen umweltrelevanten Themen (einschl. TV-Auftritte Mitarbeiterkommunikation etc, Koordination des Umweltcircles etc.).<\/li>\n<li>Vorbereitung, Organisation und Durchf\u00fchrung von Pressekonferenzen, Podiumsdiskussionen etc.; TV-Auftritte w\u00e4hrend Messen wie CeBIT, Systems etc.<\/li>\n<li>Neukonzeption der Verbandsarbeit und deren kontinuierliche Betreuung.<\/li>\n<li>Redaktionelle Betreuung der Mitarbeiterzeitschrift und allgemeine interne Kommunikation, CI-Integration.<\/li>\n<li>Redaktionelle Betreuung des Kundenmagazins. Redaktionelle Betreuung des Gesch\u00e4ftsberichtes.<\/li>\n<\/ul>\n<\/div>\n<div class=\"fusion-text fusion-text-389\">\n<p><strong>Projekt<\/strong><\/p>\n<p>Pressebetreuung w\u00e4hrend Messeauftritten wie der CeBIT, der Systems und w\u00e4hrend Hausmessen.\u00a0Erstellen von Anwenderartikeln zur Ver\u00f6ffentlichung in Fachzeitschriften, Wirtschaftsmagazinen und Tageszeitungen. Redaktionelle Betreuung des Newsletters des Digital \/ SAP-Expertise Center einschlie\u00dflich Produktion und grafischer Betreuung. Entwicklung und Formulierung eines unternehmensweit g\u00fcltigen Umwelt-Leitbildes.<\/p>\n<p>Zeitraum: 1991 bis 1997<\/p>\n<\/div>\n<div class=\"fusion-clearfix\"><\/div>\n<\/div>\n<\/div>\n<div class=\"fusion-layout-column fusion_builder_column fusion-builder-column-677 fusion_builder_column_1_3 1_3 fusion-one-third fusion-column-last project-customer\" style=\"--awb-padding-top:20px;--awb-padding-right:20px;--awb-padding-bottom:20px;--awb-padding-left:20px;--awb-bg-size:cover;width:33.3333333333%;width:calc(33.3333333333% - ( ( 4% ) * 0.333333333333 ) );\">\n<div class=\"fusion-column-wrapper fusion-flex-column-wrapper-legacy\">\n<div class=\"fusion-image-element in-legacy-container\" style=\"--awb-caption-title-font-family:var(--h2_typography-font-family);--awb-caption-title-font-weight:var(--h2_typography-font-weight);--awb-caption-title-font-style:var(--h2_typography-font-style);--awb-caption-title-size:var(--h2_typography-font-size);--awb-caption-title-transform:var(--h2_typography-text-transform);--awb-caption-title-line-height:var(--h2_typography-line-height);--awb-caption-title-letter-spacing:var(--h2_typography-letter-spacing);\"><span class=\" fusion-imageframe imageframe-none imageframe-158 hover-type-none logo-customer-portfolio\"><img decoding=\"async\" width=\"300\" height=\"220\" title=\"Kunde_Digital_Logo\" src=\"https:\/\/www.althallercommunication.de\/wp-content\/uploads\/2019\/08\/Kunde_Digital_Logo.jpg\" alt class=\"img-responsive wp-image-15611\" srcset=\"https:\/\/www.althallercommunication.de\/wp-content\/uploads\/2019\/08\/Kunde_Digital_Logo-200x147.jpg 200w, https:\/\/www.althallercommunication.de\/wp-content\/uploads\/2019\/08\/Kunde_Digital_Logo.jpg 300w\" sizes=\"(max-width: 800px) 100vw, 300px\" \/><\/span><\/div>\n<div class=\"fusion-sep-clear\"><\/div>\n<div class=\"fusion-separator fusion-full-width-sep\" style=\"margin-left: auto;margin-right: auto;margin-top:30px;margin-bottom:30px;width:100%;\">\n<div class=\"fusion-separator-border sep-single sep-solid\" style=\"--awb-height:20px;--awb-amount:20px;border-color:#e0dede;border-top-width:1px;\"><\/div>\n<\/div>\n<div class=\"fusion-sep-clear\"><\/div>\n<div class=\"fusion-text fusion-text-390\">\n<p><em>&#8220;&#8230; Seit \u00fcber 6 Jahren arbeiten wir mit Jacqueline Althaller, Inhaberin von COMMUNICATION Presse und PR, zusammen. COMMUNICATION Presse und PR ist eine praxisorientierte Agentur f\u00fcr strategische Kommunikation und \u00d6ffentlichkeitsarbeit, die wir aufgrund ihres gro\u00dfen Erfahrungsschatz in allen Disziplinen der Unternehmenskommunikation, der Public Relations und der internen Kommunikation sch\u00e4tzen. &#8230;&#8221;<\/em><\/p>\n<p>(vollst\u00e4ndiges Testimonial als PDF)<\/p>\n<\/div>\n<div class=\"fusion-clearfix\"><\/div>\n<\/div>\n<\/div>\n<\/div>\n<\/div>\n<div class=\"fusion-fullwidth fullwidth-box fusion-builder-row-367 nonhundred-percent-fullwidth non-hundred-percent-height-scrolling\" style=\"--awb-border-radius-top-left:0px;--awb-border-radius-top-right:0px;--awb-border-radius-bottom-right:0px;--awb-border-radius-bottom-left:0px;--awb-flex-wrap:wrap;\" >\n<div class=\"fusion-builder-row fusion-row\">\n<div class=\"fusion-layout-column fusion_builder_column fusion-builder-column-678 fusion_builder_column_1_1 1_1 fusion-one-full fusion-column-first fusion-column-last\" style=\"--awb-bg-size:cover;\">\n<div class=\"fusion-column-wrapper fusion-flex-column-wrapper-legacy\">\n<div class=\"fusion-title title fusion-title-218 fusion-sep-none fusion-title-text fusion-title-size-one\">\n<h1 class=\"fusion-title-heading title-heading-left\" style=\"margin:0;\">\n<h2>Clippings<\/h2>\n<\/h1>\n<\/div>\n<p><a href=\"https:\/\/www.althallercommunication.de\/wp-admin\/post-new.php?post_type=post\" class=\"fusion-builder-placeholder\">Please add blog posts for them to display here.<\/a><\/p>\n<div class=\"fusion-aligncenter\"><a class=\"fusion-button button-flat fusion-button-default-size button-custom fusion-button-default button-185 fusion-button-default-span fusion-button-default-type\" style=\"--button_accent_color:#787878;--button_accent_hover_color:#787878;--button_border_hover_color:#787878;--button_gradient_top_color:#444444;--button_gradient_bottom_color:#444444;--button_gradient_top_color_hover:#f1591a;--button_gradient_bottom_color_hover:#f1591a;\" target=\"_self\" href=\"https:\/\/www.althallercommunication.de\/presse\/\" rel=\"noopener\"><span class=\"fusion-button-text\">Presse- &amp; News-Archiv<\/span><\/a><\/div>\n<div class=\"fusion-clearfix\"><\/div>\n<\/div>\n<\/div>\n<\/div>\n<\/div>\n<div class=\"fusion-fullwidth fullwidth-box fusion-builder-row-368 nonhundred-percent-fullwidth non-hundred-percent-height-scrolling\" style=\"--awb-border-radius-top-left:0px;--awb-border-radius-top-right:0px;--awb-border-radius-bottom-right:0px;--awb-border-radius-bottom-left:0px;--awb-padding-top:20px;--awb-padding-bottom:20px;--awb-flex-wrap:wrap;\" >\n<div class=\"fusion-builder-row fusion-row\">\n<div class=\"fusion-layout-column fusion_builder_column fusion-builder-column-679 fusion_builder_column_1_1 1_1 fusion-one-full fusion-column-first fusion-column-last\" style=\"--awb-bg-size:cover;\">\n<div class=\"fusion-column-wrapper fusion-flex-column-wrapper-legacy\">\n<div class=\"fusion-aligncenter\"><i class=\" fa fa-chevron-left button-icon-left\" aria-hidden=\"true\"><\/i><span class=\"fusion-button-text\">zur\u00fcck<\/span><\/div>\n<div class=\"fusion-clearfix\"><\/div>\n<\/div>\n<\/div>\n<\/div>\n<\/div>\n","protected":false},"excerpt":{"rendered":"<p>Projektdetails Digital Equipment Digital Equipment war ein Pionier in der Computerindustrie und wurde 1998 von Compaq \u00fcbernommen. Bis zur \u00dcbernahme war COMMUNICATION Presse und PR als ausgelagerte Pressestelle f\u00fcr das Unternehmen t\u00e4tig. Das breite Aufgabenspektrum umfasste: Klassische Pressebetreuung und \u00d6ffentlichkeitsarbeit f\u00fcr die Gesch\u00e4ftsfelder Finanzwirtschaft, \u00d6ffentliche Verwaltung, Diskrete Fertigung, Proze\u00dfindustrie, Transport und Logistik, Medien. Presse- und [&hellip;]<\/p>\n","protected":false},"author":6,"featured_media":15611,"comment_status":"closed","ping_status":"closed","sticky":false,"template":"","format":"standard","meta":{"_et_pb_use_builder":"","_et_pb_old_content":"","_et_gb_content_width":"","inline_featured_image":false,"footnotes":""},"categories":[1],"tags":[2791],"class_list":["post-27937","post","type-post","status-publish","format-standard","has-post-thumbnail","hentry","category-unkategorisiert","tag-it-telecommunication"],"yoast_head":"<!-- This site is optimized with the Yoast SEO Premium plugin v25.3 (Yoast SEO v27.4) - https:\/\/yoast.com\/product\/yoast-seo-premium-wordpress\/ -->\n<title>Digital Equipment | althaller communication<\/title>\n<meta name=\"robots\" content=\"index, follow, max-snippet:-1, max-image-preview:large, max-video-preview:-1\" \/>\n<link rel=\"canonical\" href=\"https:\/\/althallercommunication.de\/digital-equipment\/\" \/>\n<meta property=\"og:locale\" content=\"en_US\" \/>\n<meta property=\"og:type\" content=\"article\" \/>\n<meta property=\"og:title\" content=\"Digital Equipment\" \/>\n<meta property=\"og:description\" content=\"Projektdetails Digital Equipment Digital Equipment war ein Pionier in der Computerindustrie und wurde 1998 von Compaq \u00fcbernommen. Bis zur \u00dcbernahme war COMMUNICATION Presse und PR als ausgelagerte Pressestelle f\u00fcr das Unternehmen t\u00e4tig. Das breite Aufgabenspektrum umfasste: Klassische Pressebetreuung und \u00d6ffentlichkeitsarbeit f\u00fcr die Gesch\u00e4ftsfelder Finanzwirtschaft, \u00d6ffentliche Verwaltung, Diskrete Fertigung, Proze\u00dfindustrie, Transport und Logistik, Medien. Presse- und [&hellip;]\" \/>\n<meta property=\"og:url\" content=\"https:\/\/althallercommunication.de\/digital-equipment\/\" \/>\n<meta property=\"og:site_name\" content=\"althaller communication\" \/>\n<meta property=\"article:publisher\" content=\"https:\/\/www.facebook.com\/althallercommunication\" \/>\n<meta property=\"article:published_time\" content=\"2017-03-26T10:58:45+00:00\" \/>\n<meta property=\"article:modified_time\" content=\"2024-03-02T09:47:19+00:00\" \/>\n<meta property=\"og:image\" content=\"https:\/\/althallercommunication.de\/wp-content\/uploads\/2019\/08\/Kunde_Digital_Logo.jpg\" \/>\n\t<meta property=\"og:image:width\" content=\"300\" \/>\n\t<meta property=\"og:image:height\" content=\"220\" \/>\n\t<meta property=\"og:image:type\" content=\"image\/jpeg\" \/>\n<meta name=\"author\" content=\"Jacqueline Althaller\" \/>\n<meta name=\"twitter:card\" content=\"summary_large_image\" \/>\n<meta name=\"twitter:creator\" content=\"@ALTHALLERcom\" \/>\n<meta name=\"twitter:site\" content=\"@ALTHALLERcom\" \/>\n<meta name=\"twitter:label1\" content=\"Written by\" \/>\n\t<meta name=\"twitter:data1\" content=\"Jacqueline Althaller\" \/>\n\t<meta name=\"twitter:label2\" content=\"Est. reading time\" \/>\n\t<meta name=\"twitter:data2\" content=\"1 minute\" \/>\n<script type=\"application\/ld+json\" class=\"yoast-schema-graph\">{\"@context\":\"https:\\\/\\\/schema.org\",\"@graph\":[{\"@type\":\"Article\",\"@id\":\"https:\\\/\\\/althallercommunication.de\\\/digital-equipment\\\/#article\",\"isPartOf\":{\"@id\":\"https:\\\/\\\/althallercommunication.de\\\/digital-equipment\\\/\"},\"author\":{\"name\":\"Jacqueline Althaller\",\"@id\":\"https:\\\/\\\/althallercommunication.de\\\/#\\\/schema\\\/person\\\/4ca72b5e8d0bebc1f9b3061e463e32ee\"},\"headline\":\"Digital Equipment\",\"datePublished\":\"2017-03-26T10:58:45+00:00\",\"dateModified\":\"2024-03-02T09:47:19+00:00\",\"mainEntityOfPage\":{\"@id\":\"https:\\\/\\\/althallercommunication.de\\\/digital-equipment\\\/\"},\"wordCount\":235,\"publisher\":{\"@id\":\"https:\\\/\\\/althallercommunication.de\\\/#organization\"},\"image\":{\"@id\":\"https:\\\/\\\/althallercommunication.de\\\/digital-equipment\\\/#primaryimage\"},\"thumbnailUrl\":\"https:\\\/\\\/althallercommunication.de\\\/wp-content\\\/uploads\\\/2019\\\/08\\\/Kunde_Digital_Logo.jpg\",\"keywords\":[\"IT &amp; Telecommunication\"],\"articleSection\":[\"Others\"],\"inLanguage\":\"en-US\"},{\"@type\":\"WebPage\",\"@id\":\"https:\\\/\\\/althallercommunication.de\\\/digital-equipment\\\/\",\"url\":\"https:\\\/\\\/althallercommunication.de\\\/digital-equipment\\\/\",\"name\":\"Digital Equipment | althaller communication\",\"isPartOf\":{\"@id\":\"https:\\\/\\\/althallercommunication.de\\\/#website\"},\"primaryImageOfPage\":{\"@id\":\"https:\\\/\\\/althallercommunication.de\\\/digital-equipment\\\/#primaryimage\"},\"image\":{\"@id\":\"https:\\\/\\\/althallercommunication.de\\\/digital-equipment\\\/#primaryimage\"},\"thumbnailUrl\":\"https:\\\/\\\/althallercommunication.de\\\/wp-content\\\/uploads\\\/2019\\\/08\\\/Kunde_Digital_Logo.jpg\",\"datePublished\":\"2017-03-26T10:58:45+00:00\",\"dateModified\":\"2024-03-02T09:47:19+00:00\",\"breadcrumb\":{\"@id\":\"https:\\\/\\\/althallercommunication.de\\\/digital-equipment\\\/#breadcrumb\"},\"inLanguage\":\"en-US\",\"potentialAction\":[{\"@type\":\"ReadAction\",\"target\":[\"https:\\\/\\\/althallercommunication.de\\\/digital-equipment\\\/\"]}]},{\"@type\":\"ImageObject\",\"inLanguage\":\"en-US\",\"@id\":\"https:\\\/\\\/althallercommunication.de\\\/digital-equipment\\\/#primaryimage\",\"url\":\"https:\\\/\\\/althallercommunication.de\\\/wp-content\\\/uploads\\\/2019\\\/08\\\/Kunde_Digital_Logo.jpg\",\"contentUrl\":\"https:\\\/\\\/althallercommunication.de\\\/wp-content\\\/uploads\\\/2019\\\/08\\\/Kunde_Digital_Logo.jpg\",\"width\":300,\"height\":220,\"caption\":\"Digital Equipment war ein Pionier in der Computerindustrie und wurde 1998 von Compaq \u00fcbernommen.\"},{\"@type\":\"BreadcrumbList\",\"@id\":\"https:\\\/\\\/althallercommunication.de\\\/digital-equipment\\\/#breadcrumb\",\"itemListElement\":[{\"@type\":\"ListItem\",\"position\":1,\"name\":\"Startseite\",\"item\":\"https:\\\/\\\/althallercommunication.de\\\/en\\\/\"},{\"@type\":\"ListItem\",\"position\":2,\"name\":\"Digital Equipment\"}]},{\"@type\":\"WebSite\",\"@id\":\"https:\\\/\\\/althallercommunication.de\\\/#website\",\"url\":\"https:\\\/\\\/althallercommunication.de\\\/\",\"name\":\"althaller communication\",\"description\":\"Martkommunikation B2B\",\"publisher\":{\"@id\":\"https:\\\/\\\/althallercommunication.de\\\/#organization\"},\"potentialAction\":[{\"@type\":\"SearchAction\",\"target\":{\"@type\":\"EntryPoint\",\"urlTemplate\":\"https:\\\/\\\/althallercommunication.de\\\/?s={search_term_string}\"},\"query-input\":{\"@type\":\"PropertyValueSpecification\",\"valueRequired\":true,\"valueName\":\"search_term_string\"}}],\"inLanguage\":\"en-US\"},{\"@type\":\"Organization\",\"@id\":\"https:\\\/\\\/althallercommunication.de\\\/#organization\",\"name\":\"ALTHALLER communication\",\"url\":\"https:\\\/\\\/althallercommunication.de\\\/\",\"logo\":{\"@type\":\"ImageObject\",\"inLanguage\":\"en-US\",\"@id\":\"https:\\\/\\\/althallercommunication.de\\\/#\\\/schema\\\/logo\\\/image\\\/\",\"url\":\"https:\\\/\\\/althallercommunication.de\\\/wp-content\\\/uploads\\\/2023\\\/12\\\/althaller_comm_b.png\",\"contentUrl\":\"https:\\\/\\\/althallercommunication.de\\\/wp-content\\\/uploads\\\/2023\\\/12\\\/althaller_comm_b.png\",\"width\":464,\"height\":110,\"caption\":\"ALTHALLER communication\"},\"image\":{\"@id\":\"https:\\\/\\\/althallercommunication.de\\\/#\\\/schema\\\/logo\\\/image\\\/\"},\"sameAs\":[\"https:\\\/\\\/www.facebook.com\\\/althallercommunication\",\"https:\\\/\\\/x.com\\\/ALTHALLERcom\",\"https:\\\/\\\/www.linkedin.com\\\/company\\\/3332596?trk=tyah&amp;amp;amp;trkInfo=tas:COMMUNICATION Presse und PR,idx:1-1-1\"]},{\"@type\":\"Person\",\"@id\":\"https:\\\/\\\/althallercommunication.de\\\/#\\\/schema\\\/person\\\/4ca72b5e8d0bebc1f9b3061e463e32ee\",\"name\":\"Jacqueline Althaller\",\"image\":{\"@type\":\"ImageObject\",\"inLanguage\":\"en-US\",\"@id\":\"https:\\\/\\\/secure.gravatar.com\\\/avatar\\\/2e8cdf7784b763130efe210406ba46634d04913cf12c46cf98b2799d6da47211?s=96&d=mm&r=g\",\"url\":\"https:\\\/\\\/secure.gravatar.com\\\/avatar\\\/2e8cdf7784b763130efe210406ba46634d04913cf12c46cf98b2799d6da47211?s=96&d=mm&r=g\",\"contentUrl\":\"https:\\\/\\\/secure.gravatar.com\\\/avatar\\\/2e8cdf7784b763130efe210406ba46634d04913cf12c46cf98b2799d6da47211?s=96&d=mm&r=g\",\"caption\":\"Jacqueline Althaller\"},\"description\":\"$$$2021hmb8hzb4MD\",\"url\":\"https:\\\/\\\/althallercommunication.de\\\/en\\\/author\\\/jacqueline-althaller\\\/\"}]}<\/script>\n<!-- \/ Yoast SEO Premium plugin. -->","yoast_head_json":{"title":"Digital Equipment | althaller communication","robots":{"index":"index","follow":"follow","max-snippet":"max-snippet:-1","max-image-preview":"max-image-preview:large","max-video-preview":"max-video-preview:-1"},"canonical":"https:\/\/althallercommunication.de\/digital-equipment\/","og_locale":"en_US","og_type":"article","og_title":"Digital Equipment","og_description":"Projektdetails Digital Equipment Digital Equipment war ein Pionier in der Computerindustrie und wurde 1998 von Compaq \u00fcbernommen. Bis zur \u00dcbernahme war COMMUNICATION Presse und PR als ausgelagerte Pressestelle f\u00fcr das Unternehmen t\u00e4tig. Das breite Aufgabenspektrum umfasste: Klassische Pressebetreuung und \u00d6ffentlichkeitsarbeit f\u00fcr die Gesch\u00e4ftsfelder Finanzwirtschaft, \u00d6ffentliche Verwaltung, Diskrete Fertigung, Proze\u00dfindustrie, Transport und Logistik, Medien. Presse- und [&hellip;]","og_url":"https:\/\/althallercommunication.de\/digital-equipment\/","og_site_name":"althaller communication","article_publisher":"https:\/\/www.facebook.com\/althallercommunication","article_published_time":"2017-03-26T10:58:45+00:00","article_modified_time":"2024-03-02T09:47:19+00:00","og_image":[{"width":300,"height":220,"url":"https:\/\/althallercommunication.de\/wp-content\/uploads\/2019\/08\/Kunde_Digital_Logo.jpg","type":"image\/jpeg"}],"author":"Jacqueline Althaller","twitter_card":"summary_large_image","twitter_creator":"@ALTHALLERcom","twitter_site":"@ALTHALLERcom","twitter_misc":{"Written by":"Jacqueline Althaller","Est. reading time":"1 minute"},"schema":{"@context":"https:\/\/schema.org","@graph":[{"@type":"Article","@id":"https:\/\/althallercommunication.de\/digital-equipment\/#article","isPartOf":{"@id":"https:\/\/althallercommunication.de\/digital-equipment\/"},"author":{"name":"Jacqueline Althaller","@id":"https:\/\/althallercommunication.de\/#\/schema\/person\/4ca72b5e8d0bebc1f9b3061e463e32ee"},"headline":"Digital Equipment","datePublished":"2017-03-26T10:58:45+00:00","dateModified":"2024-03-02T09:47:19+00:00","mainEntityOfPage":{"@id":"https:\/\/althallercommunication.de\/digital-equipment\/"},"wordCount":235,"publisher":{"@id":"https:\/\/althallercommunication.de\/#organization"},"image":{"@id":"https:\/\/althallercommunication.de\/digital-equipment\/#primaryimage"},"thumbnailUrl":"https:\/\/althallercommunication.de\/wp-content\/uploads\/2019\/08\/Kunde_Digital_Logo.jpg","keywords":["IT &amp; Telecommunication"],"articleSection":["Others"],"inLanguage":"en-US"},{"@type":"WebPage","@id":"https:\/\/althallercommunication.de\/digital-equipment\/","url":"https:\/\/althallercommunication.de\/digital-equipment\/","name":"Digital Equipment | althaller communication","isPartOf":{"@id":"https:\/\/althallercommunication.de\/#website"},"primaryImageOfPage":{"@id":"https:\/\/althallercommunication.de\/digital-equipment\/#primaryimage"},"image":{"@id":"https:\/\/althallercommunication.de\/digital-equipment\/#primaryimage"},"thumbnailUrl":"https:\/\/althallercommunication.de\/wp-content\/uploads\/2019\/08\/Kunde_Digital_Logo.jpg","datePublished":"2017-03-26T10:58:45+00:00","dateModified":"2024-03-02T09:47:19+00:00","breadcrumb":{"@id":"https:\/\/althallercommunication.de\/digital-equipment\/#breadcrumb"},"inLanguage":"en-US","potentialAction":[{"@type":"ReadAction","target":["https:\/\/althallercommunication.de\/digital-equipment\/"]}]},{"@type":"ImageObject","inLanguage":"en-US","@id":"https:\/\/althallercommunication.de\/digital-equipment\/#primaryimage","url":"https:\/\/althallercommunication.de\/wp-content\/uploads\/2019\/08\/Kunde_Digital_Logo.jpg","contentUrl":"https:\/\/althallercommunication.de\/wp-content\/uploads\/2019\/08\/Kunde_Digital_Logo.jpg","width":300,"height":220,"caption":"Digital Equipment war ein Pionier in der Computerindustrie und wurde 1998 von Compaq \u00fcbernommen."},{"@type":"BreadcrumbList","@id":"https:\/\/althallercommunication.de\/digital-equipment\/#breadcrumb","itemListElement":[{"@type":"ListItem","position":1,"name":"Startseite","item":"https:\/\/althallercommunication.de\/en\/"},{"@type":"ListItem","position":2,"name":"Digital Equipment"}]},{"@type":"WebSite","@id":"https:\/\/althallercommunication.de\/#website","url":"https:\/\/althallercommunication.de\/","name":"althaller communication","description":"Martkommunikation B2B","publisher":{"@id":"https:\/\/althallercommunication.de\/#organization"},"potentialAction":[{"@type":"SearchAction","target":{"@type":"EntryPoint","urlTemplate":"https:\/\/althallercommunication.de\/?s={search_term_string}"},"query-input":{"@type":"PropertyValueSpecification","valueRequired":true,"valueName":"search_term_string"}}],"inLanguage":"en-US"},{"@type":"Organization","@id":"https:\/\/althallercommunication.de\/#organization","name":"ALTHALLER communication","url":"https:\/\/althallercommunication.de\/","logo":{"@type":"ImageObject","inLanguage":"en-US","@id":"https:\/\/althallercommunication.de\/#\/schema\/logo\/image\/","url":"https:\/\/althallercommunication.de\/wp-content\/uploads\/2023\/12\/althaller_comm_b.png","contentUrl":"https:\/\/althallercommunication.de\/wp-content\/uploads\/2023\/12\/althaller_comm_b.png","width":464,"height":110,"caption":"ALTHALLER communication"},"image":{"@id":"https:\/\/althallercommunication.de\/#\/schema\/logo\/image\/"},"sameAs":["https:\/\/www.facebook.com\/althallercommunication","https:\/\/x.com\/ALTHALLERcom","https:\/\/www.linkedin.com\/company\/3332596?trk=tyah&amp;amp;amp;trkInfo=tas:COMMUNICATION Presse und PR,idx:1-1-1"]},{"@type":"Person","@id":"https:\/\/althallercommunication.de\/#\/schema\/person\/4ca72b5e8d0bebc1f9b3061e463e32ee","name":"Jacqueline Althaller","image":{"@type":"ImageObject","inLanguage":"en-US","@id":"https:\/\/secure.gravatar.com\/avatar\/2e8cdf7784b763130efe210406ba46634d04913cf12c46cf98b2799d6da47211?s=96&d=mm&r=g","url":"https:\/\/secure.gravatar.com\/avatar\/2e8cdf7784b763130efe210406ba46634d04913cf12c46cf98b2799d6da47211?s=96&d=mm&r=g","contentUrl":"https:\/\/secure.gravatar.com\/avatar\/2e8cdf7784b763130efe210406ba46634d04913cf12c46cf98b2799d6da47211?s=96&d=mm&r=g","caption":"Jacqueline Althaller"},"description":"$$$2021hmb8hzb4MD","url":"https:\/\/althallercommunication.de\/en\/author\/jacqueline-althaller\/"}]}},"_links":{"self":[{"href":"https:\/\/althallercommunication.de\/en\/wp-json\/wp\/v2\/posts\/27937","targetHints":{"allow":["GET"]}}],"collection":[{"href":"https:\/\/althallercommunication.de\/en\/wp-json\/wp\/v2\/posts"}],"about":[{"href":"https:\/\/althallercommunication.de\/en\/wp-json\/wp\/v2\/types\/post"}],"author":[{"embeddable":true,"href":"https:\/\/althallercommunication.de\/en\/wp-json\/wp\/v2\/users\/6"}],"replies":[{"embeddable":true,"href":"https:\/\/althallercommunication.de\/en\/wp-json\/wp\/v2\/comments?post=27937"}],"version-history":[{"count":2,"href":"https:\/\/althallercommunication.de\/en\/wp-json\/wp\/v2\/posts\/27937\/revisions"}],"predecessor-version":[{"id":29390,"href":"https:\/\/althallercommunication.de\/en\/wp-json\/wp\/v2\/posts\/27937\/revisions\/29390"}],"wp:featuredmedia":[{"embeddable":true,"href":"https:\/\/althallercommunication.de\/en\/wp-json\/wp\/v2\/media\/15611"}],"wp:attachment":[{"href":"https:\/\/althallercommunication.de\/en\/wp-json\/wp\/v2\/media?parent=27937"}],"wp:term":[{"taxonomy":"category","embeddable":true,"href":"https:\/\/althallercommunication.de\/en\/wp-json\/wp\/v2\/categories?post=27937"},{"taxonomy":"post_tag","embeddable":true,"href":"https:\/\/althallercommunication.de\/en\/wp-json\/wp\/v2\/tags?post=27937"}],"curies":[{"name":"wp","href":"https:\/\/api.w.org\/{rel}","templated":true}]}}