{"id":29929,"date":"2024-04-15T10:21:01","date_gmt":"2024-04-15T08:21:01","guid":{"rendered":"https:\/\/althallercommunication.de\/?p=29929"},"modified":"2026-04-20T10:09:09","modified_gmt":"2026-04-20T08:09:09","slug":"14-auflage-b2b-social-media-studie-geht-an-den-start","status":"publish","type":"post","link":"https:\/\/althallercommunication.de\/en\/14-auflage-b2b-social-media-studie-geht-an-den-start\/","title":{"rendered":"14. Auflage B2B Social Media Studie geht an den Start"},"content":{"rendered":"<div class=\"et_d4_element et_pb_section et_pb_section_0  et_pb_css_mix_blend_mode et_section_regular et_block_section\" >\n\t\t\t\t\n\t\t\t\t\n\t\t\t\t\n\t\t\t\t\n\t\t\t\t\n\t\t\t\t\n\t\t\t\t<div class=\"et_d4_element et_pb_row et_pb_row_0  et_pb_css_mix_blend_mode et_block_row\">\n\t\t\t\t<div class=\"et_d4_element et_pb_column_4_4 et_pb_column et_pb_column_0  et_pb_css_mix_blend_mode et-last-child et_block_column\">\n\t\t\t\t\n\t\t\t\t\n\t\t\t\t\n\t\t\t\t\n\t\t\t\t<div class=\"et_pb_module et_d4_element et_pb_text et_pb_text_0  et_pb_text_align_left et_pb_bg_layout_light\">\n\t\t\t\t\n\t\t\t\t\n\t\t\t\t\n\t\t\t\t\n\t\t\t\t<div class=\"et_pb_text_inner\"><h2>Einzige Langzeitstudie zur Untersuchung der Social-Media-Kommunikation von B2B-Unternehmen geht im 14.ten Jahr wieder an den Start<\/h2>\n<h3>Status Quo und alle wesentlichen Trends werden aktuell erhoben -erstmals Untersuchung \u00fcber KI-Einsatz<\/h3>\n<p><strong>M\u00fcnchen, den 15.04.2024. Soeben ist die einzige Langzeitstudie zur Untersuchung der Social-Media-Kommunikation von B2B-Unternehmen gestartet. In 2024 wird nicht nur der aktuelle Status Quo bestimmt, sondern auch erstmals Auswirkungen moderner KI-Technologien auf die Social-Media-Nutzung untersucht. Die Ergebnisse der diesj\u00e4hrigen Studie sind allein schon aus diesem Blickwinkel besonders interessant, denn ChatGPT, Bing, Copilot und andere KI-L\u00f6sungen revolutionieren gegenw\u00e4rtig das gesamte Spektrum der Informationsbeschaffung, der Content-Kreation und beeinflussen vielf\u00e4ltige Kommunikationsaufgaben und -t\u00e4tigkeiten. Und das in einer deutlich kontroversen Diskussion hinsichtlich Nutzung und Auswirkung auf Berufsbilder. Insgesamt geben die Ergebnisse und Vergleichsm\u00f6glichkeiten der Studie Unternehmen aller Branchen und Gr\u00f6\u00dfenordnung wertvolle Orientierung und Entscheidungshilfen f\u00fcr ihre Budget- und Strategieplanung.<\/strong><\/p>\n<p>Die Studie untersucht die Ver\u00e4nderungen, die sich im Nutzerverhalten der Social-Media-Kan\u00e4le in der B2B-Branche ergeben haben. Gerade das Alleinstellungsmerkmal eines Datenvergleichs \u00fcber den Zeitraum von nun schon 14 Jahren hinweg, bietet Kommunikationsentscheidern von B2B-Unternehmen im DACH-Raum die einmalige M\u00f6glichkeit, nicht nur ihr eigenes Social-Media-Nutzungsverhalten konkret zu analysieren und mit anderen Branchenmitgliedern oder Unternehmen gleicher Gr\u00f6\u00dfe, F\u00fchrungskultur oder anderen relevanten Kriterien zu vergleichen. Vielmehr zeigt die Studie, wie und wo man sich mit dem richtigen Kommunikationsmix von Wettbewerbern abzugrenzen, Trends sowie Entwicklungen auf Grundlage valider Datenauswertung richtig einordnen und umsetzen kann.<\/p>\n<p>Die weitreichenden Nutzungsm\u00f6glichkeiten und praxisnahen Erkenntnisse bieten f\u00fcr den gesamten deutschsprachigen Raum nicht nur die M\u00f6glichkeit, Social-Media-Strategien und -Budgets zielgruppengenau anzupassen. Die Schlussfolgerungen erm\u00f6glichen es Kommunikationsentscheidern auch, sich in den sozialen Online-Netzwerken durch passgenaue und glaubw\u00fcrdige Auftritte von Mitbewerbern zu unterscheiden.<\/p>\n<p>Neu in der diesj\u00e4hrigen Studien-Ausgabe ist der Erhebungskomplex, wie sich g\u00e4ngige und bereits mit gro\u00dfem Hype in Business- und Kommunikationsalltag etablierte KI-L\u00f6sungen wie ChatGPT, Copilot, Jasper Chat, Creater Chat oder Chat Sonic, um nur einige Beispiele zu nennen, in Social Media Einsatz und Nutzung abbilden. Und nat\u00fcrlich auch, welche Erwartungen hinsichtlich k\u00fcnftiger Nutzung, Weiterentwicklung, Ressourcen und Budgetaufwand bestehen.<\/p>\n<p>Folgende Schl\u00fcsselfragen stehen f\u00fcr die Langzeitstudie des<a href=\"https:\/\/www.ak-socialmedia-b2b.de\/\"> \u201eErster Arbeitskreis Social Media in der B2B-Kommunikation\u201c<\/a> daher auch in diesem Jahr im Fokus:<\/p>\n<p>\u2022 Wie hat sich die Social Media Nutzung im vergangenen Jahr weiterentwickelt?<br \/>\u2022 Welche Trends und Entwicklungen zeichnen sich nun ab oder etablieren sich?<br \/>\u2022 Welche Erwartungen stellt die B2B-Community an ihre Social Media Pr\u00e4senz?<\/p>\n<p>R\u00fcckblickend auf die Ergebnisse des letzten Jahres erl\u00e4utert Jacqueline Althaller, Herausgeberin der Studie und Kommunikationsexpertin: \u201eWir sehen deutlich, dass die strategische Planung f\u00fcr eine erfolgreiche Social Media Kommunikation immer wichtiger wird. Daf\u00fcr haben sich die Kan\u00e4le, Ressource und Budgets mittlerweile eingependelt. Es wird nun spannend zu sehen, wie sich die Unterschiede hinsichtlich Unternehmensgr\u00f6\u00dfe, Branchenzugeh\u00f6rigkeit oder beispielsweise der Unternehmenskultur in den neuen Studienergebnissen weiter manifestieren. Mit Hilfe von erfahrenen und medienaffinen Studienpartnern wollen wir unsere Teilnehmerzahlen in diesem Jahr noch einmal deutlich steigern und freuen uns \u00fcber jeden, der sich aktiv beteiligt!\u201c<\/p>\n<p>Die Kooperation mit der <a href=\"https:\/\/www.observer.at\/\">\u00bbOBSERVER\u00ab GmbH<\/a> hebt das Potenzial noch einmal deutlich f\u00fcr \u00d6sterreich an. Wie auch im letzten Jahr wird die Studie in der Schweiz durch die <a href=\"https:\/\/www.kueba.ch\/\">K\u00fcnzlerBachmann Directmarketing AG<\/a> unterst\u00fctzt.<\/p>\n<p>Die Datenerhebung f\u00fcr den gesamten DACH-Raum l\u00e4uft bis zum 1. August. \u201eMit der Teilnahme an der Online-Umfrage \u00fcber <a href=\"https:\/\/de.surveymonkey.com\/r\/V3ZL9NL\">diesen Link<\/a> sichern Sie sich rechtzeitig f\u00fcr Ihre Strategie- und Budgetplanung Ihrer Social Media Kommunikation den kostenlosen Erhalt der Management Summary in Q3\/ 2024 \u201c, erg\u00e4nzt Althaller abschlie\u00dfend.<\/p>\n<p>\u00dcber den Ersten Arbeitskreis f\u00fcr Social Media in der B2B-Kommunikation:<br \/>Im Sommer 2010 wurde der \u201eErste Arbeitskreis Social Media in der B2B-Kommunikation\u201c von Jacqueline Althaller, Gr\u00fcnderin der gleichnamigen Agentur ALTHALLER communication ins Leben gerufen, um konkrete Fragestellungen von Seiten B2B zu beantworten und dieses Wissen auch weiterzuvermitteln. Umfragen f\u00fchrt der Arbeitskreis j\u00e4hrlich durch, um Trends und Entwicklungen in der Social Media Kommunikation feststellen zu k\u00f6nnen. Zu den Mitgliedern geh\u00f6ren Unternehmen unterschiedlichster Branchen und Gr\u00f6\u00dfenordnungen \u2013 von IT bis Healthcare. Begleitet wird der Arbeitskreis von Vertretern aus Wissenschaft und Forschung. Der Arbeitskreis verfolgt keine wirtschaftlichen Interessen.<\/p>\n<p>Pressekontakt<br \/>Jacqueline Althaller<br \/>ALTHALLER communication GmbH<br \/>Elisabethstra\u00dfe 13<br \/>80796 M\u00fcnchen<br \/>Tel: +49 89 38 66 52 61<br \/><a href=\"mailto:ja@althallercommunication.de\">ja@althallercommunication.de<\/a><\/p>\n<p>Bildmaterial zum Download:<\/p>\n<p><a href=\"https:\/\/althallercommunication.de\/wp-content\/uploads\/2024\/04\/Key-Visual-B2B-Studie-2024.jpg\">Key Visual zur Studie<\/a><\/p>\n<p><a href=\"https:\/\/althallercommunication.de\/wp-content\/uploads\/2024\/02\/ALTHALLER_J_0224.webp\">Initiatorin der Studie: Jacqueline Althaller<\/a><\/p>\n<p><a href=\"https:\/\/althallercommunication.de\/wp-content\/uploads\/2024\/04\/QR-Code-Studie-2024.png\">QR Code<\/a><\/p>\n<p>&nbsp;<\/p><\/div>\n\t\t\t<\/div>\n\t\t\t<\/div>\n\t\t\t\t\n\t\t\t\t\n\t\t\t\t\n\t\t\t\t\n\t\t\t<\/div>\n\t\t\t\t\n\t\t\t\t\n\t\t\t<\/div>\n","protected":false},"excerpt":{"rendered":"<p>Unsere Kunden profitieren regelm\u00e4\u00dfig von Ver\u00f6ffentlichungen:<\/p>\n<p>Langzeitstudie zur Nutzung von Social Media in der B2B-Kommunikation wird im 13.Jahr ver\u00f6ffentlicht: Reifeprozess bildet sich ab<br \/>\nSocial-Media-Nutzung stabilisiert sich auf hohem Niveau \u2013 Budgets pendeln sich ein \u2013 Human Resources erstmals auff\u00e4lliger Akteur \u2013 LinkedIn vergr\u00f6\u00dfert Abstand zu anderen Kan\u00e4len<\/p>\n","protected":false},"author":6,"featured_media":0,"comment_status":"closed","ping_status":"open","sticky":false,"template":"","format":"standard","meta":{"_et_pb_use_builder":"on","_et_pb_old_content":"<h2>Einzige Langzeitstudie zur Untersuchung der Social-Media-Kommunikation von B2B-Unternehmen geht im 14.ten Jahr wieder an den Start<\/h2>\r\n<h3>Status Quo und alle wesentlichen Trends werden aktuell erhoben -erstmals Untersuchung \u00fcber KI-Einsatz<\/h3>\r\n<strong>M\u00fcnchen, den 15.04.2024. Soeben ist die einzige Langzeitstudie zur Untersuchung der Social-Media-Kommunikation von B2B-Unternehmen gestartet. In 2024 wird nicht nur der aktuelle Status Quo bestimmt, sondern auch erstmals Auswirkungen moderner KI-Technologien auf die Social-Media-Nutzung untersucht. Die Ergebnisse der diesj\u00e4hrigen Studie sind allein schon aus diesem Blickwinkel besonders interessant, denn ChatGPT, Bing, Copilot und andere KI-L\u00f6sungen revolutionieren gegenw\u00e4rtig das gesamte Spektrum der Informationsbeschaffung, der Content-Kreation und beeinflussen vielf\u00e4ltige Kommunikationsaufgaben und -t\u00e4tigkeiten. Und das in einer deutlich kontroversen Diskussion hinsichtlich Nutzung und Auswirkung auf Berufsbilder. Insgesamt geben die Ergebnisse und Vergleichsm\u00f6glichkeiten der Studie Unternehmen aller Branchen und Gr\u00f6\u00dfenordnung wertvolle Orientierung und Entscheidungshilfen f\u00fcr ihre Budget- und Strategieplanung.<\/strong>\r\n\r\nDie Studie untersucht die Ver\u00e4nderungen, die sich im Nutzerverhalten der Social-Media-Kan\u00e4le in der B2B-Branche ergeben haben. Gerade das Alleinstellungsmerkmal eines Datenvergleichs \u00fcber den Zeitraum von nun schon 14 Jahren hinweg, bietet Kommunikationsentscheidern von B2B-Unternehmen im DACH-Raum die einmalige M\u00f6glichkeit, nicht nur ihr eigenes Social-Media-Nutzungsverhalten konkret zu analysieren und mit anderen Branchenmitgliedern oder Unternehmen gleicher Gr\u00f6\u00dfe, F\u00fchrungskultur oder anderen relevanten Kriterien zu vergleichen. Vielmehr zeigt die Studie, wie und wo man sich mit dem richtigen Kommunikationsmix von Wettbewerbern abzugrenzen, Trends sowie Entwicklungen auf Grundlage valider Datenauswertung richtig einordnen und umsetzen kann.\r\n\r\nDie weitreichenden Nutzungsm\u00f6glichkeiten und praxisnahen Erkenntnisse bieten f\u00fcr den gesamten deutschsprachigen Raum nicht nur die M\u00f6glichkeit, Social-Media-Strategien und -Budgets zielgruppengenau anzupassen. Die Schlussfolgerungen erm\u00f6glichen es Kommunikationsentscheidern auch, sich in den sozialen Online-Netzwerken durch passgenaue und glaubw\u00fcrdige Auftritte von Mitbewerbern zu unterscheiden.\r\n\r\nNeu in der diesj\u00e4hrigen Studien-Ausgabe ist der Erhebungskomplex, wie sich g\u00e4ngige und bereits mit gro\u00dfem Hype in Business- und Kommunikationsalltag etablierte KI-L\u00f6sungen wie ChatGPT, Copilot, Jasper Chat, Creater Chat oder Chat Sonic, um nur einige Beispiele zu nennen, in Social Media Einsatz und Nutzung abbilden. Und nat\u00fcrlich auch, welche Erwartungen hinsichtlich k\u00fcnftiger Nutzung, Weiterentwicklung, Ressourcen und Budgetaufwand bestehen.\r\n\r\nFolgende Schl\u00fcsselfragen stehen f\u00fcr die Langzeitstudie des<a href=\"https:\/\/www.ak-socialmedia-b2b.de\/\"> \u201eErster Arbeitskreis Social Media in der B2B-Kommunikation\u201c<\/a> daher auch in diesem Jahr im Fokus:\r\n\r\n\u2022 Wie hat sich die Social Media Nutzung im vergangenen Jahr weiterentwickelt?\r\n\u2022 Welche Trends und Entwicklungen zeichnen sich nun ab oder etablieren sich?\r\n\u2022 Welche Erwartungen stellt die B2B-Community an ihre Social Media Pr\u00e4senz?\r\n\r\nR\u00fcckblickend auf die Ergebnisse des letzten Jahres erl\u00e4utert Jacqueline Althaller, Herausgeberin der Studie und Kommunikationsexpertin: \u201eWir sehen deutlich, dass die strategische Planung f\u00fcr eine erfolgreiche Social Media Kommunikation immer wichtiger wird. Daf\u00fcr haben sich die Kan\u00e4le, Ressource und Budgets mittlerweile eingependelt. Es wird nun spannend zu sehen, wie sich die Unterschiede hinsichtlich Unternehmensgr\u00f6\u00dfe, Branchenzugeh\u00f6rigkeit oder beispielsweise der Unternehmenskultur in den neuen Studienergebnissen weiter manifestieren. Mit Hilfe von erfahrenen und medienaffinen Studienpartnern wollen wir unsere Teilnehmerzahlen in diesem Jahr noch einmal deutlich steigern und freuen uns \u00fcber jeden, der sich aktiv beteiligt!\u201c\r\n\r\nDie Kooperation mit der <a href=\"https:\/\/www.observer.at\/\">\u00bbOBSERVER\u00ab GmbH<\/a> hebt das Potenzial noch einmal deutlich f\u00fcr \u00d6sterreich an. Wie auch im letzten Jahr wird die Studie in der Schweiz durch die <a href=\"https:\/\/www.kueba.ch\/\">K\u00fcnzlerBachmann Directmarketing AG<\/a> unterst\u00fctzt.\r\n\r\nDie Datenerhebung f\u00fcr den gesamten DACH-Raum l\u00e4uft bis zum 1. August. \u201eMit der Teilnahme an der Online-Umfrage \u00fcber <a href=\"https:\/\/de.surveymonkey.com\/r\/V3ZL9NL\">diesen Link<\/a> sichern Sie sich rechtzeitig f\u00fcr Ihre Strategie- und Budgetplanung Ihrer Social Media Kommunikation den kostenlosen Erhalt der Management Summary in Q3\/ 2024 \u201c, erg\u00e4nzt Althaller abschlie\u00dfend.\r\n\r\n\u00dcber den Ersten Arbeitskreis f\u00fcr Social Media in der B2B-Kommunikation:\r\nIm Sommer 2010 wurde der \u201eErste Arbeitskreis Social Media in der B2B-Kommunikation\u201c von Jacqueline Althaller, Gr\u00fcnderin der gleichnamigen Agentur ALTHALLER communication ins Leben gerufen, um konkrete Fragestellungen von Seiten B2B zu beantworten und dieses Wissen auch weiterzuvermitteln. Umfragen f\u00fchrt der Arbeitskreis j\u00e4hrlich durch, um Trends und Entwicklungen in der Social Media Kommunikation feststellen zu k\u00f6nnen. Zu den Mitgliedern geh\u00f6ren Unternehmen unterschiedlichster Branchen und Gr\u00f6\u00dfenordnungen \u2013 von IT bis Healthcare. Begleitet wird der Arbeitskreis von Vertretern aus Wissenschaft und Forschung. Der Arbeitskreis verfolgt keine wirtschaftlichen Interessen.\r\n\r\nPressekontakt\r\nJacqueline Althaller\r\nALTHALLER communication GmbH\r\nElisabethstra\u00dfe 13\r\n80796 M\u00fcnchen\r\nTel: +49 89 38 66 52 61\r\n<a href=\"mailto:ja@althallercommunication.de\">ja@althallercommunication.de<\/a>\r\n\r\n<a href=\"https:\/\/althallercommunication.de\/wp-content\/uploads\/2024\/02\/ALTHALLER_J_0224.webp\">Bildmaterial zum Download<\/a>\r\n\r\n\u00a0","_et_gb_content_width":"","inline_featured_image":false,"footnotes":""},"categories":[2758,2824],"tags":[],"class_list":["post-29929","post","type-post","status-publish","format-standard","hentry","category-pressemeldungen","category-studie"],"yoast_head":"<!-- This site is optimized with the Yoast SEO Premium plugin v25.3 (Yoast SEO v27.5) - https:\/\/yoast.com\/product\/yoast-seo-premium-wordpress\/ -->\n<title>14. Auflage B2B Social Media Studie geht an den Start | althaller communication<\/title>\n<meta name=\"robots\" content=\"index, follow, max-snippet:-1, max-image-preview:large, max-video-preview:-1\" \/>\n<link rel=\"canonical\" href=\"https:\/\/althallercommunication.de\/14-auflage-b2b-social-media-studie-geht-an-den-start\/\" \/>\n<meta property=\"og:locale\" content=\"en_US\" \/>\n<meta property=\"og:type\" content=\"article\" \/>\n<meta property=\"og:title\" content=\"14. Auflage B2B Social Media Studie geht an den Start\" \/>\n<meta property=\"og:description\" content=\"Unsere Kunden profitieren regelm\u00e4\u00dfig von Ver\u00f6ffentlichungen:  Langzeitstudie zur Nutzung von Social Media in der B2B-Kommunikation wird im 13.Jahr ver\u00f6ffentlicht: Reifeprozess bildet sich ab Social-Media-Nutzung stabilisiert sich auf hohem Niveau \u2013 Budgets pendeln sich ein \u2013 Human Resources erstmals auff\u00e4lliger Akteur \u2013 LinkedIn vergr\u00f6\u00dfert Abstand zu anderen Kan\u00e4len\" \/>\n<meta property=\"og:url\" content=\"https:\/\/althallercommunication.de\/14-auflage-b2b-social-media-studie-geht-an-den-start\/\" \/>\n<meta property=\"og:site_name\" content=\"althaller communication\" \/>\n<meta property=\"article:publisher\" content=\"https:\/\/www.facebook.com\/althallercommunication\" \/>\n<meta property=\"article:published_time\" content=\"2024-04-15T08:21:01+00:00\" \/>\n<meta property=\"article:modified_time\" content=\"2026-04-20T08:09:09+00:00\" \/>\n<meta name=\"author\" content=\"Jacqueline Althaller\" \/>\n<meta name=\"twitter:card\" content=\"summary_large_image\" \/>\n<meta name=\"twitter:creator\" content=\"@ALTHALLERcom\" \/>\n<meta name=\"twitter:site\" content=\"@ALTHALLERcom\" \/>\n<meta name=\"twitter:label1\" content=\"Written by\" \/>\n\t<meta name=\"twitter:data1\" content=\"Jacqueline Althaller\" \/>\n\t<meta name=\"twitter:label2\" content=\"Est. reading time\" \/>\n\t<meta name=\"twitter:data2\" content=\"4 minutes\" \/>\n<script type=\"application\/ld+json\" class=\"yoast-schema-graph\">{\"@context\":\"https:\\\/\\\/schema.org\",\"@graph\":[{\"@type\":\"Article\",\"@id\":\"https:\\\/\\\/althallercommunication.de\\\/14-auflage-b2b-social-media-studie-geht-an-den-start\\\/#article\",\"isPartOf\":{\"@id\":\"https:\\\/\\\/althallercommunication.de\\\/14-auflage-b2b-social-media-studie-geht-an-den-start\\\/\"},\"author\":{\"name\":\"Jacqueline Althaller\",\"@id\":\"https:\\\/\\\/althallercommunication.de\\\/#\\\/schema\\\/person\\\/4ca72b5e8d0bebc1f9b3061e463e32ee\"},\"headline\":\"14. Auflage B2B Social Media Studie geht an den Start\",\"datePublished\":\"2024-04-15T08:21:01+00:00\",\"dateModified\":\"2026-04-20T08:09:09+00:00\",\"mainEntityOfPage\":{\"@id\":\"https:\\\/\\\/althallercommunication.de\\\/14-auflage-b2b-social-media-studie-geht-an-den-start\\\/\"},\"wordCount\":811,\"publisher\":{\"@id\":\"https:\\\/\\\/althallercommunication.de\\\/#organization\"},\"articleSection\":[\"Pressemeldungen\",\"Studie\"],\"inLanguage\":\"en-US\"},{\"@type\":\"WebPage\",\"@id\":\"https:\\\/\\\/althallercommunication.de\\\/14-auflage-b2b-social-media-studie-geht-an-den-start\\\/\",\"url\":\"https:\\\/\\\/althallercommunication.de\\\/14-auflage-b2b-social-media-studie-geht-an-den-start\\\/\",\"name\":\"14. Auflage B2B Social Media Studie geht an den Start | althaller communication\",\"isPartOf\":{\"@id\":\"https:\\\/\\\/althallercommunication.de\\\/#website\"},\"datePublished\":\"2024-04-15T08:21:01+00:00\",\"dateModified\":\"2026-04-20T08:09:09+00:00\",\"breadcrumb\":{\"@id\":\"https:\\\/\\\/althallercommunication.de\\\/14-auflage-b2b-social-media-studie-geht-an-den-start\\\/#breadcrumb\"},\"inLanguage\":\"en-US\",\"potentialAction\":[{\"@type\":\"ReadAction\",\"target\":[\"https:\\\/\\\/althallercommunication.de\\\/14-auflage-b2b-social-media-studie-geht-an-den-start\\\/\"]}]},{\"@type\":\"BreadcrumbList\",\"@id\":\"https:\\\/\\\/althallercommunication.de\\\/14-auflage-b2b-social-media-studie-geht-an-den-start\\\/#breadcrumb\",\"itemListElement\":[{\"@type\":\"ListItem\",\"position\":1,\"name\":\"Startseite\",\"item\":\"https:\\\/\\\/althallercommunication.de\\\/en\\\/\"},{\"@type\":\"ListItem\",\"position\":2,\"name\":\"14. Auflage B2B Social Media Studie geht an den Start\"}]},{\"@type\":\"WebSite\",\"@id\":\"https:\\\/\\\/althallercommunication.de\\\/#website\",\"url\":\"https:\\\/\\\/althallercommunication.de\\\/\",\"name\":\"althaller communication\",\"description\":\"Martkommunikation B2B\",\"publisher\":{\"@id\":\"https:\\\/\\\/althallercommunication.de\\\/#organization\"},\"potentialAction\":[{\"@type\":\"SearchAction\",\"target\":{\"@type\":\"EntryPoint\",\"urlTemplate\":\"https:\\\/\\\/althallercommunication.de\\\/?s={search_term_string}\"},\"query-input\":{\"@type\":\"PropertyValueSpecification\",\"valueRequired\":true,\"valueName\":\"search_term_string\"}}],\"inLanguage\":\"en-US\"},{\"@type\":\"Organization\",\"@id\":\"https:\\\/\\\/althallercommunication.de\\\/#organization\",\"name\":\"ALTHALLER communication\",\"url\":\"https:\\\/\\\/althallercommunication.de\\\/\",\"logo\":{\"@type\":\"ImageObject\",\"inLanguage\":\"en-US\",\"@id\":\"https:\\\/\\\/althallercommunication.de\\\/#\\\/schema\\\/logo\\\/image\\\/\",\"url\":\"https:\\\/\\\/althallercommunication.de\\\/wp-content\\\/uploads\\\/2023\\\/12\\\/althaller_comm_b.png\",\"contentUrl\":\"https:\\\/\\\/althallercommunication.de\\\/wp-content\\\/uploads\\\/2023\\\/12\\\/althaller_comm_b.png\",\"width\":464,\"height\":110,\"caption\":\"ALTHALLER communication\"},\"image\":{\"@id\":\"https:\\\/\\\/althallercommunication.de\\\/#\\\/schema\\\/logo\\\/image\\\/\"},\"sameAs\":[\"https:\\\/\\\/www.facebook.com\\\/althallercommunication\",\"https:\\\/\\\/x.com\\\/ALTHALLERcom\",\"https:\\\/\\\/www.linkedin.com\\\/company\\\/3332596?trk=tyah&amp;amp;amp;trkInfo=tas:COMMUNICATION Presse und PR,idx:1-1-1\"]},{\"@type\":\"Person\",\"@id\":\"https:\\\/\\\/althallercommunication.de\\\/#\\\/schema\\\/person\\\/4ca72b5e8d0bebc1f9b3061e463e32ee\",\"name\":\"Jacqueline Althaller\",\"image\":{\"@type\":\"ImageObject\",\"inLanguage\":\"en-US\",\"@id\":\"https:\\\/\\\/secure.gravatar.com\\\/avatar\\\/2e8cdf7784b763130efe210406ba46634d04913cf12c46cf98b2799d6da47211?s=96&d=mm&r=g\",\"url\":\"https:\\\/\\\/secure.gravatar.com\\\/avatar\\\/2e8cdf7784b763130efe210406ba46634d04913cf12c46cf98b2799d6da47211?s=96&d=mm&r=g\",\"contentUrl\":\"https:\\\/\\\/secure.gravatar.com\\\/avatar\\\/2e8cdf7784b763130efe210406ba46634d04913cf12c46cf98b2799d6da47211?s=96&d=mm&r=g\",\"caption\":\"Jacqueline Althaller\"},\"description\":\"$$$2021hmb8hzb4MD\",\"url\":\"https:\\\/\\\/althallercommunication.de\\\/en\\\/author\\\/jacqueline-althaller\\\/\"}]}<\/script>\n<!-- \/ Yoast SEO Premium plugin. -->","yoast_head_json":{"title":"14. Auflage B2B Social Media Studie geht an den Start | althaller communication","robots":{"index":"index","follow":"follow","max-snippet":"max-snippet:-1","max-image-preview":"max-image-preview:large","max-video-preview":"max-video-preview:-1"},"canonical":"https:\/\/althallercommunication.de\/14-auflage-b2b-social-media-studie-geht-an-den-start\/","og_locale":"en_US","og_type":"article","og_title":"14. Auflage B2B Social Media Studie geht an den Start","og_description":"Unsere Kunden profitieren regelm\u00e4\u00dfig von Ver\u00f6ffentlichungen:  Langzeitstudie zur Nutzung von Social Media in der B2B-Kommunikation wird im 13.Jahr ver\u00f6ffentlicht: Reifeprozess bildet sich ab Social-Media-Nutzung stabilisiert sich auf hohem Niveau \u2013 Budgets pendeln sich ein \u2013 Human Resources erstmals auff\u00e4lliger Akteur \u2013 LinkedIn vergr\u00f6\u00dfert Abstand zu anderen Kan\u00e4len","og_url":"https:\/\/althallercommunication.de\/14-auflage-b2b-social-media-studie-geht-an-den-start\/","og_site_name":"althaller communication","article_publisher":"https:\/\/www.facebook.com\/althallercommunication","article_published_time":"2024-04-15T08:21:01+00:00","article_modified_time":"2026-04-20T08:09:09+00:00","author":"Jacqueline Althaller","twitter_card":"summary_large_image","twitter_creator":"@ALTHALLERcom","twitter_site":"@ALTHALLERcom","twitter_misc":{"Written by":"Jacqueline Althaller","Est. reading time":"4 minutes"},"schema":{"@context":"https:\/\/schema.org","@graph":[{"@type":"Article","@id":"https:\/\/althallercommunication.de\/14-auflage-b2b-social-media-studie-geht-an-den-start\/#article","isPartOf":{"@id":"https:\/\/althallercommunication.de\/14-auflage-b2b-social-media-studie-geht-an-den-start\/"},"author":{"name":"Jacqueline Althaller","@id":"https:\/\/althallercommunication.de\/#\/schema\/person\/4ca72b5e8d0bebc1f9b3061e463e32ee"},"headline":"14. Auflage B2B Social Media Studie geht an den Start","datePublished":"2024-04-15T08:21:01+00:00","dateModified":"2026-04-20T08:09:09+00:00","mainEntityOfPage":{"@id":"https:\/\/althallercommunication.de\/14-auflage-b2b-social-media-studie-geht-an-den-start\/"},"wordCount":811,"publisher":{"@id":"https:\/\/althallercommunication.de\/#organization"},"articleSection":["Pressemeldungen","Studie"],"inLanguage":"en-US"},{"@type":"WebPage","@id":"https:\/\/althallercommunication.de\/14-auflage-b2b-social-media-studie-geht-an-den-start\/","url":"https:\/\/althallercommunication.de\/14-auflage-b2b-social-media-studie-geht-an-den-start\/","name":"14. Auflage B2B Social Media Studie geht an den Start | althaller communication","isPartOf":{"@id":"https:\/\/althallercommunication.de\/#website"},"datePublished":"2024-04-15T08:21:01+00:00","dateModified":"2026-04-20T08:09:09+00:00","breadcrumb":{"@id":"https:\/\/althallercommunication.de\/14-auflage-b2b-social-media-studie-geht-an-den-start\/#breadcrumb"},"inLanguage":"en-US","potentialAction":[{"@type":"ReadAction","target":["https:\/\/althallercommunication.de\/14-auflage-b2b-social-media-studie-geht-an-den-start\/"]}]},{"@type":"BreadcrumbList","@id":"https:\/\/althallercommunication.de\/14-auflage-b2b-social-media-studie-geht-an-den-start\/#breadcrumb","itemListElement":[{"@type":"ListItem","position":1,"name":"Startseite","item":"https:\/\/althallercommunication.de\/en\/"},{"@type":"ListItem","position":2,"name":"14. Auflage B2B Social Media Studie geht an den Start"}]},{"@type":"WebSite","@id":"https:\/\/althallercommunication.de\/#website","url":"https:\/\/althallercommunication.de\/","name":"althaller communication","description":"Martkommunikation B2B","publisher":{"@id":"https:\/\/althallercommunication.de\/#organization"},"potentialAction":[{"@type":"SearchAction","target":{"@type":"EntryPoint","urlTemplate":"https:\/\/althallercommunication.de\/?s={search_term_string}"},"query-input":{"@type":"PropertyValueSpecification","valueRequired":true,"valueName":"search_term_string"}}],"inLanguage":"en-US"},{"@type":"Organization","@id":"https:\/\/althallercommunication.de\/#organization","name":"ALTHALLER communication","url":"https:\/\/althallercommunication.de\/","logo":{"@type":"ImageObject","inLanguage":"en-US","@id":"https:\/\/althallercommunication.de\/#\/schema\/logo\/image\/","url":"https:\/\/althallercommunication.de\/wp-content\/uploads\/2023\/12\/althaller_comm_b.png","contentUrl":"https:\/\/althallercommunication.de\/wp-content\/uploads\/2023\/12\/althaller_comm_b.png","width":464,"height":110,"caption":"ALTHALLER communication"},"image":{"@id":"https:\/\/althallercommunication.de\/#\/schema\/logo\/image\/"},"sameAs":["https:\/\/www.facebook.com\/althallercommunication","https:\/\/x.com\/ALTHALLERcom","https:\/\/www.linkedin.com\/company\/3332596?trk=tyah&amp;amp;amp;trkInfo=tas:COMMUNICATION Presse und PR,idx:1-1-1"]},{"@type":"Person","@id":"https:\/\/althallercommunication.de\/#\/schema\/person\/4ca72b5e8d0bebc1f9b3061e463e32ee","name":"Jacqueline Althaller","image":{"@type":"ImageObject","inLanguage":"en-US","@id":"https:\/\/secure.gravatar.com\/avatar\/2e8cdf7784b763130efe210406ba46634d04913cf12c46cf98b2799d6da47211?s=96&d=mm&r=g","url":"https:\/\/secure.gravatar.com\/avatar\/2e8cdf7784b763130efe210406ba46634d04913cf12c46cf98b2799d6da47211?s=96&d=mm&r=g","contentUrl":"https:\/\/secure.gravatar.com\/avatar\/2e8cdf7784b763130efe210406ba46634d04913cf12c46cf98b2799d6da47211?s=96&d=mm&r=g","caption":"Jacqueline Althaller"},"description":"$$$2021hmb8hzb4MD","url":"https:\/\/althallercommunication.de\/en\/author\/jacqueline-althaller\/"}]}},"_links":{"self":[{"href":"https:\/\/althallercommunication.de\/en\/wp-json\/wp\/v2\/posts\/29929","targetHints":{"allow":["GET"]}}],"collection":[{"href":"https:\/\/althallercommunication.de\/en\/wp-json\/wp\/v2\/posts"}],"about":[{"href":"https:\/\/althallercommunication.de\/en\/wp-json\/wp\/v2\/types\/post"}],"author":[{"embeddable":true,"href":"https:\/\/althallercommunication.de\/en\/wp-json\/wp\/v2\/users\/6"}],"replies":[{"embeddable":true,"href":"https:\/\/althallercommunication.de\/en\/wp-json\/wp\/v2\/comments?post=29929"}],"version-history":[{"count":9,"href":"https:\/\/althallercommunication.de\/en\/wp-json\/wp\/v2\/posts\/29929\/revisions"}],"predecessor-version":[{"id":33905,"href":"https:\/\/althallercommunication.de\/en\/wp-json\/wp\/v2\/posts\/29929\/revisions\/33905"}],"wp:attachment":[{"href":"https:\/\/althallercommunication.de\/en\/wp-json\/wp\/v2\/media?parent=29929"}],"wp:term":[{"taxonomy":"category","embeddable":true,"href":"https:\/\/althallercommunication.de\/en\/wp-json\/wp\/v2\/categories?post=29929"},{"taxonomy":"post_tag","embeddable":true,"href":"https:\/\/althallercommunication.de\/en\/wp-json\/wp\/v2\/tags?post=29929"}],"curies":[{"name":"wp","href":"https:\/\/api.w.org\/{rel}","templated":true}]}}