{"id":30135,"date":"2024-04-26T10:28:54","date_gmt":"2024-04-26T08:28:54","guid":{"rendered":"https:\/\/althallercommunication.de\/?p=30135"},"modified":"2024-04-26T10:30:10","modified_gmt":"2024-04-26T08:30:10","slug":"itt-business-unsere-langzeitstudie-social-media-kommunikation-von-b2b-unternehmen-ist-an-den-start-gegangen","status":"publish","type":"post","link":"https:\/\/althallercommunication.de\/en\/itt-business-unsere-langzeitstudie-social-media-kommunikation-von-b2b-unternehmen-ist-an-den-start-gegangen\/","title":{"rendered":"IT&#038;T Business: Unsere Langzeitstudie  &#8220;Social-Media-Kommunikation von B2B-Unternehmen&#8221; ist an den Start gegangen."},"content":{"rendered":"<h2 style=\"text-align: left;\">Unsere journalistisches Netzwerk tr\u00e4gt Fr\u00fcchte, zahlreiche Medien berichten um Start unserer B2B Social-Media-Langzeitstudie:<\/h2>\n<p style=\"text-align: left;\">B2B Social-Media-Kommunikation im Laufe der Zeit<br \/>\nLangzeitstudie analysiert KI-Einsatz in B2B Social-Media-Kommunikation<\/p>\n<p style=\"text-align: left;\">Die Langzeitstudie zur Social-Media-Kommunikation von B2B-Unternehmen ist heuer zum 14. Mal angelaufen. Dieses Jahr liegt ein besonderes Augenmerk auf dem Einfluss k\u00fcnstlicher Intelligenz.<\/p>\n<p style=\"text-align: left;\">Die Studie des &#8220;Erster Arbeitskreis Social Media in der B2B-Kommunikation&#8221; erforscht 2024 erstmalig, wie KI-Technologien wie ChatGPT und Copilot die Nutzung sozialer Medien in der Business-to-Business-Branche ver\u00e4ndern. &#8220;Dieser neue Untersuchungsschwerpunkt macht die Ergebnisse besonders aufschlussreich&#8221;, so Jacqueline Althaller, Herausgeberin der Studie.<br \/>\n14 Jahre Daten bieten tiefe Einblicke<br \/>\nDie Langzeitperspektive der Studie erm\u00f6glicht es, Ver\u00e4nderungen im Nutzerverhalten pr\u00e4zise zu tracken und bietet eine fundierte Grundlage f\u00fcr strategische Entscheidungen. Unternehmen erhalten dadurch nicht nur Einblicke in ihre eigene Social-Media-Nutzung, sondern auch einen Vergleich mit Branchenstandards.<br \/>\nErgebnisse beeinflussen Strategien<br \/>\nDie Erkenntnisse der Studie sollen Unternehmen im gesamten DACH-Raum dabei unterst\u00fctzen, ihre Social-Media-Strategien und -Budgets gezielt anzupassen. Dabei geht es auch darum, sich durch angepasste und authentische Online-Auftritte von der Konkurrenz abzuheben.<\/p>\n<p style=\"text-align: left;\"><a href=\"https:\/\/www.ittbusiness.at\/article\/langzeitstudie-analysiert-ki-einsatz-in-b2b-social-media-kommunikation\">Mehr dazu lesen Sie hier<\/a><\/p>\n<p style=\"text-align: left;\"><a href=\"https:\/\/althallercommunication.de\/newsroom\/\">Weitere Ver\u00f6ffentlichungen zur Studie finden Sie hier:<\/a><\/p>\n","protected":false},"excerpt":{"rendered":"<p>Unsere Kunden profitieren regelm\u00e4\u00dfig von den Zahlen, Daten und Fakten unserer B2B Social-Media-Langzeitstudie:<\/p>\n<p>Langzeitstudie zur Untersuchung der Social-Media-Kommunikation von B2B-Unternehmen<\/p>\n<p>Einzige Langzeitstudie zur Untersuchung der Social-Media-Kommunikation von B2B-Unternehmen geht im 14.ten Jahr wieder an den Start<br \/>\nStatus Quo und alle wesentlichen Trends werden aktuell erhoben -erstmals Untersuchung \u00fcber KI-Einsatz<\/p>\n<p>In 2024 wird nicht nur der aktuelle Status Quo bestimmt, sondern auch erstmals Auswirkungen moderner KI-Technologien auf die Social-Media-Nutzung untersucht. Die Ergebnisse der diesj\u00e4hrigen Studie sind allein schon aus diesem Blickwinkel besonders interessant, denn ChatGPT, Bing, Copilot und andere KI-L\u00f6sungen revolutionieren gegenw\u00e4rtig das gesamte Spektrum der Informationsbeschaffung, der Content-Kreation und beeinflussen vielf\u00e4ltige Kommunikationsaufgaben und -t\u00e4tigkeiten. Und das in einer deutlich kontroversen Diskussion hinsichtlich Nutzung und Auswirkung auf Berufsbilder. Insgesamt geben die Ergebnisse und Vergleichsm\u00f6glichkeiten der Studie Unternehmen aller Branchen und Gr\u00f6\u00dfenordnung wertvolle Orientierung und Entscheidungshilfen f\u00fcr ihre Budget- und Strategieplanung&#8230;<\/p>\n","protected":false},"author":6,"featured_media":0,"comment_status":"closed","ping_status":"open","sticky":false,"template":"","format":"standard","meta":{"_et_pb_use_builder":"","_et_pb_old_content":"","_et_gb_content_width":"","inline_featured_image":false,"footnotes":""},"categories":[2757,2753,2761,2824],"tags":[],"class_list":["post-30135","post","type-post","status-publish","format-standard","hentry","category-clippings","category-it_-telecommunication","category-pr-content-marketing","category-studie"],"yoast_head":"<!-- This site is optimized with the Yoast SEO Premium plugin v25.3 (Yoast SEO v27.5) - https:\/\/yoast.com\/product\/yoast-seo-premium-wordpress\/ -->\n<title>IT&amp;T Business: Unsere Langzeitstudie &quot;Social-Media-Kommunikation von B2B-Unternehmen&quot; ist an den Start gegangen. | althaller communication<\/title>\n<meta name=\"description\" content=\"Die 14. Auflage der einzigen Langzeitstudie im ganzen DACH-Region in der B2B Social-Media Kommunikation geht an den Start.\" \/>\n<meta name=\"robots\" content=\"index, follow, max-snippet:-1, max-image-preview:large, max-video-preview:-1\" \/>\n<link rel=\"canonical\" href=\"https:\/\/althallercommunication.de\/itt-business-unsere-langzeitstudie-social-media-kommunikation-von-b2b-unternehmen-ist-an-den-start-gegangen\/\" \/>\n<meta property=\"og:locale\" content=\"en_US\" \/>\n<meta property=\"og:type\" content=\"article\" \/>\n<meta property=\"og:title\" content=\"IT&amp;T Business: Unsere Langzeitstudie &quot;Social-Media-Kommunikation von B2B-Unternehmen&quot; ist an den Start gegangen.\" \/>\n<meta property=\"og:description\" content=\"Die 14. Auflage der einzigen Langzeitstudie im ganzen DACH-Region in der B2B Social-Media Kommunikation geht an den Start.\" \/>\n<meta property=\"og:url\" content=\"https:\/\/althallercommunication.de\/itt-business-unsere-langzeitstudie-social-media-kommunikation-von-b2b-unternehmen-ist-an-den-start-gegangen\/\" \/>\n<meta property=\"og:site_name\" content=\"althaller communication\" \/>\n<meta property=\"article:publisher\" content=\"https:\/\/www.facebook.com\/althallercommunication\" \/>\n<meta property=\"article:published_time\" content=\"2024-04-26T08:28:54+00:00\" \/>\n<meta property=\"article:modified_time\" content=\"2024-04-26T08:30:10+00:00\" \/>\n<meta property=\"og:image\" content=\"https:\/\/althallercommunication.de\/wp-content\/uploads\/2024\/04\/Key-Visual-B2B-Studie-2024.jpg\" \/>\n\t<meta property=\"og:image:width\" content=\"1200\" \/>\n\t<meta property=\"og:image:height\" content=\"675\" \/>\n\t<meta property=\"og:image:type\" content=\"image\/jpeg\" \/>\n<meta name=\"author\" content=\"Jacqueline Althaller\" \/>\n<meta name=\"twitter:card\" content=\"summary_large_image\" \/>\n<meta name=\"twitter:creator\" content=\"@ALTHALLERcom\" \/>\n<meta name=\"twitter:site\" content=\"@ALTHALLERcom\" \/>\n<meta name=\"twitter:label1\" content=\"Written by\" \/>\n\t<meta name=\"twitter:data1\" content=\"Jacqueline Althaller\" \/>\n\t<meta name=\"twitter:label2\" content=\"Est. reading time\" \/>\n\t<meta name=\"twitter:data2\" content=\"2 minutes\" \/>\n<script type=\"application\/ld+json\" class=\"yoast-schema-graph\">{\"@context\":\"https:\\\/\\\/schema.org\",\"@graph\":[{\"@type\":\"Article\",\"@id\":\"https:\\\/\\\/althallercommunication.de\\\/itt-business-unsere-langzeitstudie-social-media-kommunikation-von-b2b-unternehmen-ist-an-den-start-gegangen\\\/#article\",\"isPartOf\":{\"@id\":\"https:\\\/\\\/althallercommunication.de\\\/itt-business-unsere-langzeitstudie-social-media-kommunikation-von-b2b-unternehmen-ist-an-den-start-gegangen\\\/\"},\"author\":{\"name\":\"Jacqueline Althaller\",\"@id\":\"https:\\\/\\\/althallercommunication.de\\\/#\\\/schema\\\/person\\\/4ca72b5e8d0bebc1f9b3061e463e32ee\"},\"headline\":\"IT&#038;T Business: Unsere Langzeitstudie &#8220;Social-Media-Kommunikation von B2B-Unternehmen&#8221; ist an den Start gegangen.\",\"datePublished\":\"2024-04-26T08:28:54+00:00\",\"dateModified\":\"2024-04-26T08:30:10+00:00\",\"mainEntityOfPage\":{\"@id\":\"https:\\\/\\\/althallercommunication.de\\\/itt-business-unsere-langzeitstudie-social-media-kommunikation-von-b2b-unternehmen-ist-an-den-start-gegangen\\\/\"},\"wordCount\":204,\"publisher\":{\"@id\":\"https:\\\/\\\/althallercommunication.de\\\/#organization\"},\"articleSection\":[\"Clippings\",\"IT_ Telecommunication\",\"PR &amp; Content Marketing\",\"Studie\"],\"inLanguage\":\"en-US\"},{\"@type\":\"WebPage\",\"@id\":\"https:\\\/\\\/althallercommunication.de\\\/itt-business-unsere-langzeitstudie-social-media-kommunikation-von-b2b-unternehmen-ist-an-den-start-gegangen\\\/\",\"url\":\"https:\\\/\\\/althallercommunication.de\\\/itt-business-unsere-langzeitstudie-social-media-kommunikation-von-b2b-unternehmen-ist-an-den-start-gegangen\\\/\",\"name\":\"IT&T Business: Unsere Langzeitstudie \\\"Social-Media-Kommunikation von B2B-Unternehmen\\\" ist an den Start gegangen. | althaller communication\",\"isPartOf\":{\"@id\":\"https:\\\/\\\/althallercommunication.de\\\/#website\"},\"datePublished\":\"2024-04-26T08:28:54+00:00\",\"dateModified\":\"2024-04-26T08:30:10+00:00\",\"description\":\"Die 14. Auflage der einzigen Langzeitstudie im ganzen DACH-Region in der B2B Social-Media Kommunikation geht an den Start.\",\"breadcrumb\":{\"@id\":\"https:\\\/\\\/althallercommunication.de\\\/itt-business-unsere-langzeitstudie-social-media-kommunikation-von-b2b-unternehmen-ist-an-den-start-gegangen\\\/#breadcrumb\"},\"inLanguage\":\"en-US\",\"potentialAction\":[{\"@type\":\"ReadAction\",\"target\":[\"https:\\\/\\\/althallercommunication.de\\\/itt-business-unsere-langzeitstudie-social-media-kommunikation-von-b2b-unternehmen-ist-an-den-start-gegangen\\\/\"]}]},{\"@type\":\"BreadcrumbList\",\"@id\":\"https:\\\/\\\/althallercommunication.de\\\/itt-business-unsere-langzeitstudie-social-media-kommunikation-von-b2b-unternehmen-ist-an-den-start-gegangen\\\/#breadcrumb\",\"itemListElement\":[{\"@type\":\"ListItem\",\"position\":1,\"name\":\"Startseite\",\"item\":\"https:\\\/\\\/althallercommunication.de\\\/en\\\/\"},{\"@type\":\"ListItem\",\"position\":2,\"name\":\"IT&#038;T Business: Unsere Langzeitstudie &#8220;Social-Media-Kommunikation von B2B-Unternehmen&#8221; ist an den Start gegangen.\"}]},{\"@type\":\"WebSite\",\"@id\":\"https:\\\/\\\/althallercommunication.de\\\/#website\",\"url\":\"https:\\\/\\\/althallercommunication.de\\\/\",\"name\":\"althaller communication\",\"description\":\"Martkommunikation B2B\",\"publisher\":{\"@id\":\"https:\\\/\\\/althallercommunication.de\\\/#organization\"},\"potentialAction\":[{\"@type\":\"SearchAction\",\"target\":{\"@type\":\"EntryPoint\",\"urlTemplate\":\"https:\\\/\\\/althallercommunication.de\\\/?s={search_term_string}\"},\"query-input\":{\"@type\":\"PropertyValueSpecification\",\"valueRequired\":true,\"valueName\":\"search_term_string\"}}],\"inLanguage\":\"en-US\"},{\"@type\":\"Organization\",\"@id\":\"https:\\\/\\\/althallercommunication.de\\\/#organization\",\"name\":\"ALTHALLER communication\",\"url\":\"https:\\\/\\\/althallercommunication.de\\\/\",\"logo\":{\"@type\":\"ImageObject\",\"inLanguage\":\"en-US\",\"@id\":\"https:\\\/\\\/althallercommunication.de\\\/#\\\/schema\\\/logo\\\/image\\\/\",\"url\":\"https:\\\/\\\/althallercommunication.de\\\/wp-content\\\/uploads\\\/2023\\\/12\\\/althaller_comm_b.png\",\"contentUrl\":\"https:\\\/\\\/althallercommunication.de\\\/wp-content\\\/uploads\\\/2023\\\/12\\\/althaller_comm_b.png\",\"width\":464,\"height\":110,\"caption\":\"ALTHALLER communication\"},\"image\":{\"@id\":\"https:\\\/\\\/althallercommunication.de\\\/#\\\/schema\\\/logo\\\/image\\\/\"},\"sameAs\":[\"https:\\\/\\\/www.facebook.com\\\/althallercommunication\",\"https:\\\/\\\/x.com\\\/ALTHALLERcom\",\"https:\\\/\\\/www.linkedin.com\\\/company\\\/3332596?trk=tyah&amp;amp;amp;trkInfo=tas:COMMUNICATION Presse und PR,idx:1-1-1\"]},{\"@type\":\"Person\",\"@id\":\"https:\\\/\\\/althallercommunication.de\\\/#\\\/schema\\\/person\\\/4ca72b5e8d0bebc1f9b3061e463e32ee\",\"name\":\"Jacqueline Althaller\",\"image\":{\"@type\":\"ImageObject\",\"inLanguage\":\"en-US\",\"@id\":\"https:\\\/\\\/secure.gravatar.com\\\/avatar\\\/2e8cdf7784b763130efe210406ba46634d04913cf12c46cf98b2799d6da47211?s=96&d=mm&r=g\",\"url\":\"https:\\\/\\\/secure.gravatar.com\\\/avatar\\\/2e8cdf7784b763130efe210406ba46634d04913cf12c46cf98b2799d6da47211?s=96&d=mm&r=g\",\"contentUrl\":\"https:\\\/\\\/secure.gravatar.com\\\/avatar\\\/2e8cdf7784b763130efe210406ba46634d04913cf12c46cf98b2799d6da47211?s=96&d=mm&r=g\",\"caption\":\"Jacqueline Althaller\"},\"description\":\"$$$2021hmb8hzb4MD\",\"url\":\"https:\\\/\\\/althallercommunication.de\\\/en\\\/author\\\/jacqueline-althaller\\\/\"}]}<\/script>\n<!-- \/ Yoast SEO Premium plugin. -->","yoast_head_json":{"title":"IT&T Business: Unsere Langzeitstudie \"Social-Media-Kommunikation von B2B-Unternehmen\" ist an den Start gegangen. | althaller communication","description":"Die 14. Auflage der einzigen Langzeitstudie im ganzen DACH-Region in der B2B Social-Media Kommunikation geht an den Start.","robots":{"index":"index","follow":"follow","max-snippet":"max-snippet:-1","max-image-preview":"max-image-preview:large","max-video-preview":"max-video-preview:-1"},"canonical":"https:\/\/althallercommunication.de\/itt-business-unsere-langzeitstudie-social-media-kommunikation-von-b2b-unternehmen-ist-an-den-start-gegangen\/","og_locale":"en_US","og_type":"article","og_title":"IT&T Business: Unsere Langzeitstudie \"Social-Media-Kommunikation von B2B-Unternehmen\" ist an den Start gegangen.","og_description":"Die 14. Auflage der einzigen Langzeitstudie im ganzen DACH-Region in der B2B Social-Media Kommunikation geht an den Start.","og_url":"https:\/\/althallercommunication.de\/itt-business-unsere-langzeitstudie-social-media-kommunikation-von-b2b-unternehmen-ist-an-den-start-gegangen\/","og_site_name":"althaller communication","article_publisher":"https:\/\/www.facebook.com\/althallercommunication","article_published_time":"2024-04-26T08:28:54+00:00","article_modified_time":"2024-04-26T08:30:10+00:00","og_image":[{"width":1200,"height":675,"url":"https:\/\/althallercommunication.de\/wp-content\/uploads\/2024\/04\/Key-Visual-B2B-Studie-2024.jpg","type":"image\/jpeg"}],"author":"Jacqueline Althaller","twitter_card":"summary_large_image","twitter_creator":"@ALTHALLERcom","twitter_site":"@ALTHALLERcom","twitter_misc":{"Written by":"Jacqueline Althaller","Est. reading time":"2 minutes"},"schema":{"@context":"https:\/\/schema.org","@graph":[{"@type":"Article","@id":"https:\/\/althallercommunication.de\/itt-business-unsere-langzeitstudie-social-media-kommunikation-von-b2b-unternehmen-ist-an-den-start-gegangen\/#article","isPartOf":{"@id":"https:\/\/althallercommunication.de\/itt-business-unsere-langzeitstudie-social-media-kommunikation-von-b2b-unternehmen-ist-an-den-start-gegangen\/"},"author":{"name":"Jacqueline Althaller","@id":"https:\/\/althallercommunication.de\/#\/schema\/person\/4ca72b5e8d0bebc1f9b3061e463e32ee"},"headline":"IT&#038;T Business: Unsere Langzeitstudie &#8220;Social-Media-Kommunikation von B2B-Unternehmen&#8221; ist an den Start gegangen.","datePublished":"2024-04-26T08:28:54+00:00","dateModified":"2024-04-26T08:30:10+00:00","mainEntityOfPage":{"@id":"https:\/\/althallercommunication.de\/itt-business-unsere-langzeitstudie-social-media-kommunikation-von-b2b-unternehmen-ist-an-den-start-gegangen\/"},"wordCount":204,"publisher":{"@id":"https:\/\/althallercommunication.de\/#organization"},"articleSection":["Clippings","IT_ Telecommunication","PR &amp; Content Marketing","Studie"],"inLanguage":"en-US"},{"@type":"WebPage","@id":"https:\/\/althallercommunication.de\/itt-business-unsere-langzeitstudie-social-media-kommunikation-von-b2b-unternehmen-ist-an-den-start-gegangen\/","url":"https:\/\/althallercommunication.de\/itt-business-unsere-langzeitstudie-social-media-kommunikation-von-b2b-unternehmen-ist-an-den-start-gegangen\/","name":"IT&T Business: Unsere Langzeitstudie \"Social-Media-Kommunikation von B2B-Unternehmen\" ist an den Start gegangen. | althaller communication","isPartOf":{"@id":"https:\/\/althallercommunication.de\/#website"},"datePublished":"2024-04-26T08:28:54+00:00","dateModified":"2024-04-26T08:30:10+00:00","description":"Die 14. Auflage der einzigen Langzeitstudie im ganzen DACH-Region in der B2B Social-Media Kommunikation geht an den Start.","breadcrumb":{"@id":"https:\/\/althallercommunication.de\/itt-business-unsere-langzeitstudie-social-media-kommunikation-von-b2b-unternehmen-ist-an-den-start-gegangen\/#breadcrumb"},"inLanguage":"en-US","potentialAction":[{"@type":"ReadAction","target":["https:\/\/althallercommunication.de\/itt-business-unsere-langzeitstudie-social-media-kommunikation-von-b2b-unternehmen-ist-an-den-start-gegangen\/"]}]},{"@type":"BreadcrumbList","@id":"https:\/\/althallercommunication.de\/itt-business-unsere-langzeitstudie-social-media-kommunikation-von-b2b-unternehmen-ist-an-den-start-gegangen\/#breadcrumb","itemListElement":[{"@type":"ListItem","position":1,"name":"Startseite","item":"https:\/\/althallercommunication.de\/en\/"},{"@type":"ListItem","position":2,"name":"IT&#038;T Business: Unsere Langzeitstudie &#8220;Social-Media-Kommunikation von B2B-Unternehmen&#8221; ist an den Start gegangen."}]},{"@type":"WebSite","@id":"https:\/\/althallercommunication.de\/#website","url":"https:\/\/althallercommunication.de\/","name":"althaller communication","description":"Martkommunikation B2B","publisher":{"@id":"https:\/\/althallercommunication.de\/#organization"},"potentialAction":[{"@type":"SearchAction","target":{"@type":"EntryPoint","urlTemplate":"https:\/\/althallercommunication.de\/?s={search_term_string}"},"query-input":{"@type":"PropertyValueSpecification","valueRequired":true,"valueName":"search_term_string"}}],"inLanguage":"en-US"},{"@type":"Organization","@id":"https:\/\/althallercommunication.de\/#organization","name":"ALTHALLER communication","url":"https:\/\/althallercommunication.de\/","logo":{"@type":"ImageObject","inLanguage":"en-US","@id":"https:\/\/althallercommunication.de\/#\/schema\/logo\/image\/","url":"https:\/\/althallercommunication.de\/wp-content\/uploads\/2023\/12\/althaller_comm_b.png","contentUrl":"https:\/\/althallercommunication.de\/wp-content\/uploads\/2023\/12\/althaller_comm_b.png","width":464,"height":110,"caption":"ALTHALLER communication"},"image":{"@id":"https:\/\/althallercommunication.de\/#\/schema\/logo\/image\/"},"sameAs":["https:\/\/www.facebook.com\/althallercommunication","https:\/\/x.com\/ALTHALLERcom","https:\/\/www.linkedin.com\/company\/3332596?trk=tyah&amp;amp;amp;trkInfo=tas:COMMUNICATION Presse und PR,idx:1-1-1"]},{"@type":"Person","@id":"https:\/\/althallercommunication.de\/#\/schema\/person\/4ca72b5e8d0bebc1f9b3061e463e32ee","name":"Jacqueline Althaller","image":{"@type":"ImageObject","inLanguage":"en-US","@id":"https:\/\/secure.gravatar.com\/avatar\/2e8cdf7784b763130efe210406ba46634d04913cf12c46cf98b2799d6da47211?s=96&d=mm&r=g","url":"https:\/\/secure.gravatar.com\/avatar\/2e8cdf7784b763130efe210406ba46634d04913cf12c46cf98b2799d6da47211?s=96&d=mm&r=g","contentUrl":"https:\/\/secure.gravatar.com\/avatar\/2e8cdf7784b763130efe210406ba46634d04913cf12c46cf98b2799d6da47211?s=96&d=mm&r=g","caption":"Jacqueline Althaller"},"description":"$$$2021hmb8hzb4MD","url":"https:\/\/althallercommunication.de\/en\/author\/jacqueline-althaller\/"}]}},"_links":{"self":[{"href":"https:\/\/althallercommunication.de\/en\/wp-json\/wp\/v2\/posts\/30135","targetHints":{"allow":["GET"]}}],"collection":[{"href":"https:\/\/althallercommunication.de\/en\/wp-json\/wp\/v2\/posts"}],"about":[{"href":"https:\/\/althallercommunication.de\/en\/wp-json\/wp\/v2\/types\/post"}],"author":[{"embeddable":true,"href":"https:\/\/althallercommunication.de\/en\/wp-json\/wp\/v2\/users\/6"}],"replies":[{"embeddable":true,"href":"https:\/\/althallercommunication.de\/en\/wp-json\/wp\/v2\/comments?post=30135"}],"version-history":[{"count":3,"href":"https:\/\/althallercommunication.de\/en\/wp-json\/wp\/v2\/posts\/30135\/revisions"}],"predecessor-version":[{"id":30138,"href":"https:\/\/althallercommunication.de\/en\/wp-json\/wp\/v2\/posts\/30135\/revisions\/30138"}],"wp:attachment":[{"href":"https:\/\/althallercommunication.de\/en\/wp-json\/wp\/v2\/media?parent=30135"}],"wp:term":[{"taxonomy":"category","embeddable":true,"href":"https:\/\/althallercommunication.de\/en\/wp-json\/wp\/v2\/categories?post=30135"},{"taxonomy":"post_tag","embeddable":true,"href":"https:\/\/althallercommunication.de\/en\/wp-json\/wp\/v2\/tags?post=30135"}],"curies":[{"name":"wp","href":"https:\/\/api.w.org\/{rel}","templated":true}]}}