{"id":30777,"date":"2024-08-22T11:40:48","date_gmt":"2024-08-22T09:40:48","guid":{"rendered":"https:\/\/althallercommunication.de\/?p=30777"},"modified":"2024-08-22T11:40:48","modified_gmt":"2024-08-22T09:40:48","slug":"althaller-communication-erweitert-muenchner-pr-team","status":"publish","type":"post","link":"https:\/\/althallercommunication.de\/en\/althaller-communication-erweitert-muenchner-pr-team\/","title":{"rendered":"ALTHALLER communication erweitert M\u00fcnchner PR-Team"},"content":{"rendered":"<p><strong>August 2024<\/strong><\/p>\n<h4><strong>ALTHALLER communication erweitert M\u00fcnchner PR-Team<\/strong><\/h4>\n<p><strong>M\u00fcnche<\/strong><strong>n, 22.08.2024. Die \u00a0M\u00fcnchner PR-Agentur ALTHALLER communication \u2013 Gesellschaft f\u00fcr Marktkommunikation erweitert ihr Team mit Korbinian Morhart um einen Senior PR-Berater mit einer ausgewiesenen Expertise in der Technologie-PR. Der 49-J\u00e4hrige ist in seiner neuen Funktion im Bestandskunden-Management, aber auch im Neukundengesch\u00e4ft und in der Ausbildung j\u00fcngerer Kolleginnen und Kollegen t\u00e4tig.<\/strong><\/p>\n<div id=\"attachment_30780\" style=\"width: 161px\" class=\"wp-caption alignnone\"><img decoding=\"async\" aria-describedby=\"caption-attachment-30780\" class=\" wp-image-30780\" src=\"https:\/\/althallercommunication.de\/wp-content\/uploads\/2024\/08\/km_foto.jpg\" alt=\"\" width=\"151\" height=\"151\" \/><p id=\"caption-attachment-30780\" class=\"wp-caption-text\"><em>Korbinian Morhart<\/em><\/p><\/div>\n<p>Vor seinem Wechsel zu ALTHALLER communication in diesem Sommer war Morhart bereits rund zehn Jahre lang als PR-Berater und Referent f\u00fcr \u00d6ffentlichkeitsarbeit in verschiedenen M\u00fcnchner Agenturen sowie auf Unternehmensseite t\u00e4tig. Seine Themenschwerpunkte lagen dabei vor allem in der Technologie-PR, unter anderem in den Bereichen IT-Security, Analytics Economy und Datacenter. Der ausgebildete Journalist hat Philosophie und Business Administration in M\u00fcnchen und G\u00f6ttingen studiert und bringt langj\u00e4hrige Erfahrung sowohl in klassischer PR als auch in digitaler Kommunikation mit.<\/p>\n<p>\u201eMit Korbinian Morhart \u00fcbernimmt ein engagierter und erfahrener Berater wichtige Aufgaben bei unseren Bestandskunden. Zudem wird er mit seinem exzellenten Netzwerk unser Neukundengesch\u00e4ft unterst\u00fctzen und seine Expertise in der Weiterbildung unserer Volont\u00e4re und Junior-Berater einbringen\u201c, so Agentur-Gr\u00fcnderin Jacqueline Althaller. \u201eMit seinem fundierten Praxis-Knowhow und seiner ausgepr\u00e4gten Dienstleister-Mentalit\u00e4t, die bei ALTHALLER communication eine lange Tradition hat, ist Morhart eine perfekte Erg\u00e4nzung unseres Teams.\u201c<\/p>\n<p><em>Althaller Communication<\/em><\/p>\n<p><em>Althaller Communication ist eine praxisorientierte Full-Service-Agentur f\u00fcr strategische Unternehmenskommunikation und \u00d6ffentlichkeitsarbeit mit Sitz in M\u00fcnchen. Der Schwerpunkt liegt in der B2B-Kommunikation: Seit 1992 setzen Hersteller und Dienstleistungsunternehmen aus unterschiedlichsten Schl\u00fcsselbranchen auf das Know-how der Agentur, um sich durchsetzungsstark am Markt zu positionieren. Bereits 2010 gr\u00fcndete Althaller den \u201eErsten Arbeitskreis Social Media in der B2B-Kommunikation\u201c, f\u00fcr den die Agentur auch die einzige Langzeitstudie \u201eSocial Media in der B2B Welt\u201c herausgibt, um Trends und Entwicklungen in der Social Media Kommunikation festzustellen. Dass die Agentur auch gesellschaftliche Verantwortung \u00fcbernimmt, zeigt ihre Herzblutinitiative \u201eZeit des Lachens e.V.\u201c.<\/em><\/p>\n<p>&nbsp;<\/p>\n<p>Pressekontakt und Redaktion:<\/p>\n<p>ALTHALLER communication GmbH<\/p>\n<p>Elisabethstra\u00dfe 13<\/p>\n<p>80796 M\u00fcnchen<\/p>\n<p>Tel: 089\/38 66 52 60<\/p>\n<p>E-Mail: info@althallercommunication.de<\/p>\n<p>Internet: <a href=\"http:\/\/www.althallercommunication.de\">www.althallercommunication.de<\/a><\/p>\n","protected":false},"excerpt":{"rendered":"<p>Die  M\u00fcnchner PR-Agentur ALTHALLER communication \u2013 Gesellschaft f\u00fcr Marktkommunikation erweitert ihr Team mit Korbinian Morhart um einen Senior PR-Berater mit einer ausgewiesenen Expertise in der Technologie-PR. Der 49-J\u00e4hrige ist in seiner neuen Funktion im Bestandskunden-Management, aber auch im Neukundengesch\u00e4ft und in der Ausbildung j\u00fcngerer Kolleginnen und Kollegen t\u00e4tig.<\/p>\n","protected":false},"author":6,"featured_media":0,"comment_status":"closed","ping_status":"closed","sticky":false,"template":"","format":"standard","meta":{"_et_pb_use_builder":"off","_et_pb_old_content":"","_et_gb_content_width":"","inline_featured_image":false,"footnotes":""},"categories":[2758],"tags":[],"class_list":["post-30777","post","type-post","status-publish","format-standard","hentry","category-pressemeldungen"],"yoast_head":"<!-- This site is optimized with the Yoast SEO Premium plugin v25.3 (Yoast SEO v27.4) - https:\/\/yoast.com\/product\/yoast-seo-premium-wordpress\/ -->\n<title>ALTHALLER communication erweitert M\u00fcnchner PR-Team<\/title>\n<meta name=\"description\" content=\"ALTHALLER communication erweitert M\u00fcnchner PR-Team um einen erfahrenen Senior PR-Berater mit Fokus auf Technologie-PR.\" \/>\n<meta name=\"robots\" content=\"index, follow, max-snippet:-1, max-image-preview:large, max-video-preview:-1\" \/>\n<link rel=\"canonical\" href=\"https:\/\/althallercommunication.de\/althaller-communication-erweitert-muenchner-pr-team\/\" \/>\n<meta property=\"og:locale\" content=\"en_US\" \/>\n<meta property=\"og:type\" content=\"article\" \/>\n<meta property=\"og:title\" content=\"ALTHALLER communication erweitert M\u00fcnchner PR-Team\" \/>\n<meta property=\"og:description\" content=\"ALTHALLER communication erweitert M\u00fcnchner PR-Team um einen erfahrenen Senior PR-Berater mit Fokus auf Technologie-PR.\" \/>\n<meta property=\"og:url\" content=\"https:\/\/althallercommunication.de\/althaller-communication-erweitert-muenchner-pr-team\/\" \/>\n<meta property=\"og:site_name\" content=\"althaller communication\" \/>\n<meta property=\"article:publisher\" content=\"https:\/\/www.facebook.com\/althallercommunication\" \/>\n<meta property=\"article:published_time\" content=\"2024-08-22T09:40:48+00:00\" \/>\n<meta property=\"og:image\" content=\"https:\/\/althallercommunication.de\/wp-content\/uploads\/2024\/08\/km_foto.jpg\" \/>\n<meta name=\"author\" content=\"Jacqueline Althaller\" \/>\n<meta name=\"twitter:card\" content=\"summary_large_image\" \/>\n<meta name=\"twitter:creator\" content=\"@ALTHALLERcom\" \/>\n<meta name=\"twitter:site\" content=\"@ALTHALLERcom\" \/>\n<meta name=\"twitter:label1\" content=\"Written by\" \/>\n\t<meta name=\"twitter:data1\" content=\"Jacqueline Althaller\" \/>\n\t<meta name=\"twitter:label2\" content=\"Est. reading time\" \/>\n\t<meta name=\"twitter:data2\" content=\"2 minutes\" \/>\n<script type=\"application\/ld+json\" class=\"yoast-schema-graph\">{\"@context\":\"https:\\\/\\\/schema.org\",\"@graph\":[{\"@type\":\"Article\",\"@id\":\"https:\\\/\\\/althallercommunication.de\\\/althaller-communication-erweitert-muenchner-pr-team\\\/#article\",\"isPartOf\":{\"@id\":\"https:\\\/\\\/althallercommunication.de\\\/althaller-communication-erweitert-muenchner-pr-team\\\/\"},\"author\":{\"name\":\"Jacqueline Althaller\",\"@id\":\"https:\\\/\\\/althallercommunication.de\\\/#\\\/schema\\\/person\\\/4ca72b5e8d0bebc1f9b3061e463e32ee\"},\"headline\":\"ALTHALLER communication erweitert M\u00fcnchner PR-Team\",\"datePublished\":\"2024-08-22T09:40:48+00:00\",\"mainEntityOfPage\":{\"@id\":\"https:\\\/\\\/althallercommunication.de\\\/althaller-communication-erweitert-muenchner-pr-team\\\/\"},\"wordCount\":351,\"publisher\":{\"@id\":\"https:\\\/\\\/althallercommunication.de\\\/#organization\"},\"image\":{\"@id\":\"https:\\\/\\\/althallercommunication.de\\\/althaller-communication-erweitert-muenchner-pr-team\\\/#primaryimage\"},\"thumbnailUrl\":\"https:\\\/\\\/althallercommunication.de\\\/wp-content\\\/uploads\\\/2024\\\/08\\\/km_foto.jpg\",\"articleSection\":[\"Pressemeldungen\"],\"inLanguage\":\"en-US\"},{\"@type\":\"WebPage\",\"@id\":\"https:\\\/\\\/althallercommunication.de\\\/althaller-communication-erweitert-muenchner-pr-team\\\/\",\"url\":\"https:\\\/\\\/althallercommunication.de\\\/althaller-communication-erweitert-muenchner-pr-team\\\/\",\"name\":\"ALTHALLER communication erweitert M\u00fcnchner PR-Team\",\"isPartOf\":{\"@id\":\"https:\\\/\\\/althallercommunication.de\\\/#website\"},\"primaryImageOfPage\":{\"@id\":\"https:\\\/\\\/althallercommunication.de\\\/althaller-communication-erweitert-muenchner-pr-team\\\/#primaryimage\"},\"image\":{\"@id\":\"https:\\\/\\\/althallercommunication.de\\\/althaller-communication-erweitert-muenchner-pr-team\\\/#primaryimage\"},\"thumbnailUrl\":\"https:\\\/\\\/althallercommunication.de\\\/wp-content\\\/uploads\\\/2024\\\/08\\\/km_foto.jpg\",\"datePublished\":\"2024-08-22T09:40:48+00:00\",\"description\":\"ALTHALLER communication erweitert M\u00fcnchner PR-Team um einen erfahrenen Senior PR-Berater mit Fokus auf Technologie-PR.\",\"breadcrumb\":{\"@id\":\"https:\\\/\\\/althallercommunication.de\\\/althaller-communication-erweitert-muenchner-pr-team\\\/#breadcrumb\"},\"inLanguage\":\"en-US\",\"potentialAction\":[{\"@type\":\"ReadAction\",\"target\":[\"https:\\\/\\\/althallercommunication.de\\\/althaller-communication-erweitert-muenchner-pr-team\\\/\"]}]},{\"@type\":\"ImageObject\",\"inLanguage\":\"en-US\",\"@id\":\"https:\\\/\\\/althallercommunication.de\\\/althaller-communication-erweitert-muenchner-pr-team\\\/#primaryimage\",\"url\":\"https:\\\/\\\/althallercommunication.de\\\/wp-content\\\/uploads\\\/2024\\\/08\\\/km_foto.jpg\",\"contentUrl\":\"https:\\\/\\\/althallercommunication.de\\\/wp-content\\\/uploads\\\/2024\\\/08\\\/km_foto.jpg\"},{\"@type\":\"BreadcrumbList\",\"@id\":\"https:\\\/\\\/althallercommunication.de\\\/althaller-communication-erweitert-muenchner-pr-team\\\/#breadcrumb\",\"itemListElement\":[{\"@type\":\"ListItem\",\"position\":1,\"name\":\"Startseite\",\"item\":\"https:\\\/\\\/althallercommunication.de\\\/en\\\/\"},{\"@type\":\"ListItem\",\"position\":2,\"name\":\"ALTHALLER communication erweitert M\u00fcnchner PR-Team\"}]},{\"@type\":\"WebSite\",\"@id\":\"https:\\\/\\\/althallercommunication.de\\\/#website\",\"url\":\"https:\\\/\\\/althallercommunication.de\\\/\",\"name\":\"althaller communication\",\"description\":\"Martkommunikation B2B\",\"publisher\":{\"@id\":\"https:\\\/\\\/althallercommunication.de\\\/#organization\"},\"potentialAction\":[{\"@type\":\"SearchAction\",\"target\":{\"@type\":\"EntryPoint\",\"urlTemplate\":\"https:\\\/\\\/althallercommunication.de\\\/?s={search_term_string}\"},\"query-input\":{\"@type\":\"PropertyValueSpecification\",\"valueRequired\":true,\"valueName\":\"search_term_string\"}}],\"inLanguage\":\"en-US\"},{\"@type\":\"Organization\",\"@id\":\"https:\\\/\\\/althallercommunication.de\\\/#organization\",\"name\":\"ALTHALLER communication\",\"url\":\"https:\\\/\\\/althallercommunication.de\\\/\",\"logo\":{\"@type\":\"ImageObject\",\"inLanguage\":\"en-US\",\"@id\":\"https:\\\/\\\/althallercommunication.de\\\/#\\\/schema\\\/logo\\\/image\\\/\",\"url\":\"https:\\\/\\\/althallercommunication.de\\\/wp-content\\\/uploads\\\/2023\\\/12\\\/althaller_comm_b.png\",\"contentUrl\":\"https:\\\/\\\/althallercommunication.de\\\/wp-content\\\/uploads\\\/2023\\\/12\\\/althaller_comm_b.png\",\"width\":464,\"height\":110,\"caption\":\"ALTHALLER communication\"},\"image\":{\"@id\":\"https:\\\/\\\/althallercommunication.de\\\/#\\\/schema\\\/logo\\\/image\\\/\"},\"sameAs\":[\"https:\\\/\\\/www.facebook.com\\\/althallercommunication\",\"https:\\\/\\\/x.com\\\/ALTHALLERcom\",\"https:\\\/\\\/www.linkedin.com\\\/company\\\/3332596?trk=tyah&amp;amp;amp;trkInfo=tas:COMMUNICATION Presse und PR,idx:1-1-1\"]},{\"@type\":\"Person\",\"@id\":\"https:\\\/\\\/althallercommunication.de\\\/#\\\/schema\\\/person\\\/4ca72b5e8d0bebc1f9b3061e463e32ee\",\"name\":\"Jacqueline Althaller\",\"image\":{\"@type\":\"ImageObject\",\"inLanguage\":\"en-US\",\"@id\":\"https:\\\/\\\/secure.gravatar.com\\\/avatar\\\/2e8cdf7784b763130efe210406ba46634d04913cf12c46cf98b2799d6da47211?s=96&d=mm&r=g\",\"url\":\"https:\\\/\\\/secure.gravatar.com\\\/avatar\\\/2e8cdf7784b763130efe210406ba46634d04913cf12c46cf98b2799d6da47211?s=96&d=mm&r=g\",\"contentUrl\":\"https:\\\/\\\/secure.gravatar.com\\\/avatar\\\/2e8cdf7784b763130efe210406ba46634d04913cf12c46cf98b2799d6da47211?s=96&d=mm&r=g\",\"caption\":\"Jacqueline Althaller\"},\"description\":\"$$$2021hmb8hzb4MD\",\"url\":\"https:\\\/\\\/althallercommunication.de\\\/en\\\/author\\\/jacqueline-althaller\\\/\"}]}<\/script>\n<!-- \/ Yoast SEO Premium plugin. -->","yoast_head_json":{"title":"ALTHALLER communication erweitert M\u00fcnchner PR-Team","description":"ALTHALLER communication erweitert M\u00fcnchner PR-Team um einen erfahrenen Senior PR-Berater mit Fokus auf Technologie-PR.","robots":{"index":"index","follow":"follow","max-snippet":"max-snippet:-1","max-image-preview":"max-image-preview:large","max-video-preview":"max-video-preview:-1"},"canonical":"https:\/\/althallercommunication.de\/althaller-communication-erweitert-muenchner-pr-team\/","og_locale":"en_US","og_type":"article","og_title":"ALTHALLER communication erweitert M\u00fcnchner PR-Team","og_description":"ALTHALLER communication erweitert M\u00fcnchner PR-Team um einen erfahrenen Senior PR-Berater mit Fokus auf Technologie-PR.","og_url":"https:\/\/althallercommunication.de\/althaller-communication-erweitert-muenchner-pr-team\/","og_site_name":"althaller communication","article_publisher":"https:\/\/www.facebook.com\/althallercommunication","article_published_time":"2024-08-22T09:40:48+00:00","og_image":[{"url":"https:\/\/althallercommunication.de\/wp-content\/uploads\/2024\/08\/km_foto.jpg","type":"","width":"","height":""}],"author":"Jacqueline Althaller","twitter_card":"summary_large_image","twitter_creator":"@ALTHALLERcom","twitter_site":"@ALTHALLERcom","twitter_misc":{"Written by":"Jacqueline Althaller","Est. reading time":"2 minutes"},"schema":{"@context":"https:\/\/schema.org","@graph":[{"@type":"Article","@id":"https:\/\/althallercommunication.de\/althaller-communication-erweitert-muenchner-pr-team\/#article","isPartOf":{"@id":"https:\/\/althallercommunication.de\/althaller-communication-erweitert-muenchner-pr-team\/"},"author":{"name":"Jacqueline Althaller","@id":"https:\/\/althallercommunication.de\/#\/schema\/person\/4ca72b5e8d0bebc1f9b3061e463e32ee"},"headline":"ALTHALLER communication erweitert M\u00fcnchner PR-Team","datePublished":"2024-08-22T09:40:48+00:00","mainEntityOfPage":{"@id":"https:\/\/althallercommunication.de\/althaller-communication-erweitert-muenchner-pr-team\/"},"wordCount":351,"publisher":{"@id":"https:\/\/althallercommunication.de\/#organization"},"image":{"@id":"https:\/\/althallercommunication.de\/althaller-communication-erweitert-muenchner-pr-team\/#primaryimage"},"thumbnailUrl":"https:\/\/althallercommunication.de\/wp-content\/uploads\/2024\/08\/km_foto.jpg","articleSection":["Pressemeldungen"],"inLanguage":"en-US"},{"@type":"WebPage","@id":"https:\/\/althallercommunication.de\/althaller-communication-erweitert-muenchner-pr-team\/","url":"https:\/\/althallercommunication.de\/althaller-communication-erweitert-muenchner-pr-team\/","name":"ALTHALLER communication erweitert M\u00fcnchner PR-Team","isPartOf":{"@id":"https:\/\/althallercommunication.de\/#website"},"primaryImageOfPage":{"@id":"https:\/\/althallercommunication.de\/althaller-communication-erweitert-muenchner-pr-team\/#primaryimage"},"image":{"@id":"https:\/\/althallercommunication.de\/althaller-communication-erweitert-muenchner-pr-team\/#primaryimage"},"thumbnailUrl":"https:\/\/althallercommunication.de\/wp-content\/uploads\/2024\/08\/km_foto.jpg","datePublished":"2024-08-22T09:40:48+00:00","description":"ALTHALLER communication erweitert M\u00fcnchner PR-Team um einen erfahrenen Senior PR-Berater mit Fokus auf Technologie-PR.","breadcrumb":{"@id":"https:\/\/althallercommunication.de\/althaller-communication-erweitert-muenchner-pr-team\/#breadcrumb"},"inLanguage":"en-US","potentialAction":[{"@type":"ReadAction","target":["https:\/\/althallercommunication.de\/althaller-communication-erweitert-muenchner-pr-team\/"]}]},{"@type":"ImageObject","inLanguage":"en-US","@id":"https:\/\/althallercommunication.de\/althaller-communication-erweitert-muenchner-pr-team\/#primaryimage","url":"https:\/\/althallercommunication.de\/wp-content\/uploads\/2024\/08\/km_foto.jpg","contentUrl":"https:\/\/althallercommunication.de\/wp-content\/uploads\/2024\/08\/km_foto.jpg"},{"@type":"BreadcrumbList","@id":"https:\/\/althallercommunication.de\/althaller-communication-erweitert-muenchner-pr-team\/#breadcrumb","itemListElement":[{"@type":"ListItem","position":1,"name":"Startseite","item":"https:\/\/althallercommunication.de\/en\/"},{"@type":"ListItem","position":2,"name":"ALTHALLER communication erweitert M\u00fcnchner PR-Team"}]},{"@type":"WebSite","@id":"https:\/\/althallercommunication.de\/#website","url":"https:\/\/althallercommunication.de\/","name":"althaller communication","description":"Martkommunikation B2B","publisher":{"@id":"https:\/\/althallercommunication.de\/#organization"},"potentialAction":[{"@type":"SearchAction","target":{"@type":"EntryPoint","urlTemplate":"https:\/\/althallercommunication.de\/?s={search_term_string}"},"query-input":{"@type":"PropertyValueSpecification","valueRequired":true,"valueName":"search_term_string"}}],"inLanguage":"en-US"},{"@type":"Organization","@id":"https:\/\/althallercommunication.de\/#organization","name":"ALTHALLER communication","url":"https:\/\/althallercommunication.de\/","logo":{"@type":"ImageObject","inLanguage":"en-US","@id":"https:\/\/althallercommunication.de\/#\/schema\/logo\/image\/","url":"https:\/\/althallercommunication.de\/wp-content\/uploads\/2023\/12\/althaller_comm_b.png","contentUrl":"https:\/\/althallercommunication.de\/wp-content\/uploads\/2023\/12\/althaller_comm_b.png","width":464,"height":110,"caption":"ALTHALLER communication"},"image":{"@id":"https:\/\/althallercommunication.de\/#\/schema\/logo\/image\/"},"sameAs":["https:\/\/www.facebook.com\/althallercommunication","https:\/\/x.com\/ALTHALLERcom","https:\/\/www.linkedin.com\/company\/3332596?trk=tyah&amp;amp;amp;trkInfo=tas:COMMUNICATION Presse und PR,idx:1-1-1"]},{"@type":"Person","@id":"https:\/\/althallercommunication.de\/#\/schema\/person\/4ca72b5e8d0bebc1f9b3061e463e32ee","name":"Jacqueline Althaller","image":{"@type":"ImageObject","inLanguage":"en-US","@id":"https:\/\/secure.gravatar.com\/avatar\/2e8cdf7784b763130efe210406ba46634d04913cf12c46cf98b2799d6da47211?s=96&d=mm&r=g","url":"https:\/\/secure.gravatar.com\/avatar\/2e8cdf7784b763130efe210406ba46634d04913cf12c46cf98b2799d6da47211?s=96&d=mm&r=g","contentUrl":"https:\/\/secure.gravatar.com\/avatar\/2e8cdf7784b763130efe210406ba46634d04913cf12c46cf98b2799d6da47211?s=96&d=mm&r=g","caption":"Jacqueline Althaller"},"description":"$$$2021hmb8hzb4MD","url":"https:\/\/althallercommunication.de\/en\/author\/jacqueline-althaller\/"}]}},"_links":{"self":[{"href":"https:\/\/althallercommunication.de\/en\/wp-json\/wp\/v2\/posts\/30777","targetHints":{"allow":["GET"]}}],"collection":[{"href":"https:\/\/althallercommunication.de\/en\/wp-json\/wp\/v2\/posts"}],"about":[{"href":"https:\/\/althallercommunication.de\/en\/wp-json\/wp\/v2\/types\/post"}],"author":[{"embeddable":true,"href":"https:\/\/althallercommunication.de\/en\/wp-json\/wp\/v2\/users\/6"}],"replies":[{"embeddable":true,"href":"https:\/\/althallercommunication.de\/en\/wp-json\/wp\/v2\/comments?post=30777"}],"version-history":[{"count":5,"href":"https:\/\/althallercommunication.de\/en\/wp-json\/wp\/v2\/posts\/30777\/revisions"}],"predecessor-version":[{"id":30784,"href":"https:\/\/althallercommunication.de\/en\/wp-json\/wp\/v2\/posts\/30777\/revisions\/30784"}],"wp:attachment":[{"href":"https:\/\/althallercommunication.de\/en\/wp-json\/wp\/v2\/media?parent=30777"}],"wp:term":[{"taxonomy":"category","embeddable":true,"href":"https:\/\/althallercommunication.de\/en\/wp-json\/wp\/v2\/categories?post=30777"},{"taxonomy":"post_tag","embeddable":true,"href":"https:\/\/althallercommunication.de\/en\/wp-json\/wp\/v2\/tags?post=30777"}],"curies":[{"name":"wp","href":"https:\/\/api.w.org\/{rel}","templated":true}]}}