{"id":31147,"date":"2024-12-12T11:47:40","date_gmt":"2024-12-12T10:47:40","guid":{"rendered":"https:\/\/althallercommunication.de\/?p=31147"},"modified":"2024-12-12T11:49:36","modified_gmt":"2024-12-12T10:49:36","slug":"tauber-solar-und-tauber-energy-erstmals-gemeinsam-unter-einem-dach-auf-der-e-world-2025","status":"publish","type":"post","link":"https:\/\/althallercommunication.de\/en\/tauber-solar-und-tauber-energy-erstmals-gemeinsam-unter-einem-dach-auf-der-e-world-2025\/","title":{"rendered":"Tauber Solar und Tauber Energy erstmals gemeinsam unter einem Dach auf der E-world 2025"},"content":{"rendered":"<p><strong>Tauberbischofsheim, 12.12.2024 \u2013 Auf der E-world energy &amp; water 2025, die vom 11. bis 13. Februar in Essen stattfindet, pr\u00e4sentieren sich Tauber Solar und Tauber Energy erstmals als Unternehmensgruppe. Gemeinsam stellen sie ihr nahtloses Produkt- und Dienstleistungsspektrum vor \u2013 von der Stromerzeugung bis hin zur Stromspeicherung. <\/strong><\/p>\n<p>Die seit \u00fcber 25 Jahren im PV-Markt etablierte Tauber Solar zeigt innovative Beispiele f\u00fcr Gewerbe- und Industrie-PV-Projekte zur Integration in den Eigenverbrauch. Die j\u00fcngst gegr\u00fcndete Tauber Energy erweitert das Ausstellungsprogramm um ein realisiertes 10 MW\/22 MWh Standalone-Speicherprojekt in Th\u00fcringen. \u201eMit unseren beiden Unternehmen\u201c, so Arne Weinig, Gesch\u00e4ftsf\u00fchrer der Tauber-Gruppe, \u201ebieten wir die gesamte Wertsch\u00f6pfungskette an \u2013 von der Planung \u00fcber Bau und Betrieb (O&amp;M) bis hin zu Investment- und Co-Investment-L\u00f6sungen.\u201c<\/p>\n<p>Im Mittelpunkt des Messeauftritts steht die Pr\u00e4sentation homogener Dienstleistungen beider Marken. Zielgruppe sind Stadtwerke, Industrie- und Gewerbekunden sowie Investoren, die an effizienten und nachhaltigen Energiel\u00f6sungen interessiert sind.<\/p>\n<p><strong>Gesamtl\u00f6sungen f\u00fcr Stadtwerke und Investoren <\/strong><\/p>\n<p>Tauber Energy adressiert mit ihrem Gesamtl\u00f6sungsangebot im Batterie-Gro\u00dfspeichersegment insbesondere Stadtwerke und Investoren, die EPCM-Partner (Engineering, Procurement, Construction Management) oder Co-Investment-Partner suchen. \u201eAls zuverl\u00e4ssiger Partner bieten wir skalierbare Speicherprojekte und Co-Investment-Modelle, die Unternehmen dabei unterst\u00fctzen, ihre Energienutzung nachhaltig zu optimieren\u201c, erkl\u00e4rt Weinig.<\/p>\n<p>Unter der Marke Tauber Solar werden ma\u00dfgeschneiderte Solarprojekte f\u00fcr Gewerbe und Industrie pr\u00e4sentiert \u2013 von der Konzeption \u00fcber die Realisierung bis hin zum Betrieb und der Wartung. Ein wesentlicher Fokus liegt dabei auf der Integration von Speichersystemen, um maximale Energieunabh\u00e4ngigkeit und effizienten Eigenverbrauch zu erm\u00f6glichen.<\/p>\n<p>Der gemeinsame Auftritt auf der E-world verdeutlicht, wie die Tauber-Gruppe durch die B\u00fcndelung ihrer Kompetenzen eine zukunftssichere und wirksame Energieversorgung gestalten kann.<\/p>\n<p>Besuchen Sie uns auf der Messe: Standnummer f\u00fcr Tauber Solar und Tauber Energy lautet : <strong>1C134<\/strong><\/p>\n<p><strong>\u00dcber Tauber Energy<\/strong><\/p>\n<p><strong>Tauber Energy ist ein innovatives Unternehmen, das sich auf die Entwicklung, Akquise, Planung und Umsetzung, Betrieb und die Investition in fortschrittliche Photovoltaikanlagen und Gro\u00dfspeicherl\u00f6sungen spezialisiert hat. Mit einem umfassenden Portfolio, das Standalone-, co-located und hybride Speicherl\u00f6sungen sowie Freiland-PV-Anlagen im Utility-Scale-Bereich umfasst, bietet das Unternehmen ma\u00dfgeschneiderte L\u00f6sungen f\u00fcr die Herausforderungen der modernen Energieversorgung und -stabilit\u00e4t. <\/strong><\/p>\n<p><strong>Tauber Energy arbeitet mit einem Team aus erfahrenen Fachleuten kontinuierlich an der Weiterentwicklung innovativer Speichertechnologien und der Erweiterung seines Portfolios, um den sich wandelnden Anforderungen des Energiemarktes gerecht zu werden. Das Unternehmen hat seinen Hauptsitz in Tauberbischofsheim mit Entwicklungsb\u00fcros in Frankfurt und W\u00fcrzburg und ist aktiv in Deutschland, sowie in ausgew\u00e4hlten europ\u00e4ischen L\u00e4ndern. Besuchen Sie uns auf www.tauber-energy.de um mehr \u00fcber unsere L\u00f6sungen und Dienstleistungen zu erfahren.<\/strong><\/p>\n<p>Bilder-Download: <a href=\"https:\/\/althallercommunication.de\/wp-content\/uploads\/2024\/12\/Arne-Weinig_TauberEnergy.jpeg\">Arne Weinig <\/a><\/p>\n<p><strong>\u00a0<\/strong><\/p>\n<p><strong>Presse Kontakt:<\/strong><\/p>\n<table>\n<tbody>\n<tr>\n<td width=\"284\"><strong>Tauber Solar<\/strong><\/td>\n<td width=\"274\"><strong>ALTHALLER communication GmbH<\/strong><\/td>\n<\/tr>\n<tr>\n<td width=\"284\">Jan Eric Bollig<\/td>\n<td width=\"274\">Jacqueline Althaller<\/td>\n<\/tr>\n<tr>\n<td width=\"284\">Siemensstr. 7<\/td>\n<td width=\"274\">Elisabethstra\u00dfe 13<\/td>\n<\/tr>\n<tr>\n<td width=\"284\">D-\u00a0 97941 Tauberbischofsheim<\/td>\n<td width=\"274\">D-80796 M\u00fcnchen<\/td>\n<\/tr>\n<tr>\n<td width=\"284\"><\/td>\n<td width=\"274\">Tel: +49 (0) 89 38 66 52 62<\/td>\n<\/tr>\n<tr>\n<td width=\"284\">E-Mail: \u00a0Jan_Eric.bollig@tauber-solar.de<\/td>\n<td width=\"274\">E-Mail: <a href=\"mailto:info@althallercommunication.de\">info@althallercommunication.de<\/a><\/td>\n<\/tr>\n<tr>\n<td width=\"284\">www.tauber-solar.de<\/td>\n<td width=\"274\">www.althallercommunication.de<\/td>\n<\/tr>\n<\/tbody>\n<\/table>\n<p><strong>\u00a0<\/strong><\/p>\n<p><strong>\u00a0<\/strong><\/p>\n","protected":false},"excerpt":{"rendered":"<p>Auf der E-world energy &#038; water 2025, die vom 11. bis 13. Februar in Essen stattfindet, pr\u00e4sentieren sich Tauber Solar und Tauber Energy erstmals als Unternehmensgruppe. Gemeinsam stellen sie ihr nahtloses Produkt- und Dienstleistungsspektrum vor \u2013 von der Stromerzeugung bis hin zur Stromspeicherung. <\/p>\n","protected":false},"author":6,"featured_media":0,"comment_status":"closed","ping_status":"closed","sticky":false,"template":"","format":"standard","meta":{"_et_pb_use_builder":"","_et_pb_old_content":"","_et_gb_content_width":"","inline_featured_image":false,"footnotes":""},"categories":[2755,2765,2758],"tags":[2843,2817,2842,2844,1849],"class_list":["post-31147","post","type-post","status-publish","format-standard","hentry","category-environment","category-klassische-pressearbeit","category-pressemeldungen","tag-e-world","tag-energy-en","tag-solar","tag-speicher","tag-umwelt"],"yoast_head":"<!-- This site is optimized with the Yoast SEO Premium plugin v25.3 (Yoast SEO v27.4) - https:\/\/yoast.com\/product\/yoast-seo-premium-wordpress\/ -->\n<title>Tauber Solar und Tauber Energy erstmals gemeinsam unter einem Dach auf der E-world 2025<\/title>\n<meta name=\"description\" content=\"Auf der E-world energy &amp; water 2025, die vom 11. bis 13. Februar in Essen stattfindet, pr\u00e4sentieren sich Tauber Solar und Tauber Energy erstmals als Unternehmensgruppe. Gemeinsam stellen sie ihr nahtloses Produkt- und Dienstleistungsspektrum vor \u2013 von der Stromerzeugung bis hin zur Stromspeicherung.\" \/>\n<meta name=\"robots\" content=\"index, follow, max-snippet:-1, max-image-preview:large, max-video-preview:-1\" \/>\n<link rel=\"canonical\" href=\"https:\/\/althallercommunication.de\/tauber-solar-und-tauber-energy-erstmals-gemeinsam-unter-einem-dach-auf-der-e-world-2025\/\" \/>\n<meta property=\"og:locale\" content=\"en_US\" \/>\n<meta property=\"og:type\" content=\"article\" \/>\n<meta property=\"og:title\" content=\"Tauber Solar und Tauber Energy erstmals gemeinsam unter einem Dach auf der E-world 2025\" \/>\n<meta property=\"og:description\" content=\"Auf der E-world energy &amp; water 2025, die vom 11. bis 13. Februar in Essen stattfindet, pr\u00e4sentieren sich Tauber Solar und Tauber Energy erstmals als Unternehmensgruppe. Gemeinsam stellen sie ihr nahtloses Produkt- und Dienstleistungsspektrum vor \u2013 von der Stromerzeugung bis hin zur Stromspeicherung.\" \/>\n<meta property=\"og:url\" content=\"https:\/\/althallercommunication.de\/tauber-solar-und-tauber-energy-erstmals-gemeinsam-unter-einem-dach-auf-der-e-world-2025\/\" \/>\n<meta property=\"og:site_name\" content=\"althaller communication\" \/>\n<meta property=\"article:publisher\" content=\"https:\/\/www.facebook.com\/althallercommunication\" \/>\n<meta property=\"article:published_time\" content=\"2024-12-12T10:47:40+00:00\" \/>\n<meta property=\"article:modified_time\" content=\"2024-12-12T10:49:36+00:00\" \/>\n<meta property=\"og:image\" content=\"https:\/\/althallercommunication.de\/wp-content\/uploads\/2024\/12\/Arne-Weinig_TauberEnergy.jpeg\" \/>\n\t<meta property=\"og:image:width\" content=\"1080\" \/>\n\t<meta property=\"og:image:height\" content=\"1440\" \/>\n\t<meta property=\"og:image:type\" content=\"image\/jpeg\" \/>\n<meta name=\"author\" content=\"Jacqueline Althaller\" \/>\n<meta name=\"twitter:card\" content=\"summary_large_image\" \/>\n<meta name=\"twitter:creator\" content=\"@ALTHALLERcom\" \/>\n<meta name=\"twitter:site\" content=\"@ALTHALLERcom\" \/>\n<meta name=\"twitter:label1\" content=\"Written by\" \/>\n\t<meta name=\"twitter:data1\" content=\"Jacqueline Althaller\" \/>\n\t<meta name=\"twitter:label2\" content=\"Est. reading time\" \/>\n\t<meta name=\"twitter:data2\" content=\"3 minutes\" \/>\n<script type=\"application\/ld+json\" class=\"yoast-schema-graph\">{\"@context\":\"https:\\\/\\\/schema.org\",\"@graph\":[{\"@type\":\"Article\",\"@id\":\"https:\\\/\\\/althallercommunication.de\\\/tauber-solar-und-tauber-energy-erstmals-gemeinsam-unter-einem-dach-auf-der-e-world-2025\\\/#article\",\"isPartOf\":{\"@id\":\"https:\\\/\\\/althallercommunication.de\\\/tauber-solar-und-tauber-energy-erstmals-gemeinsam-unter-einem-dach-auf-der-e-world-2025\\\/\"},\"author\":{\"name\":\"Jacqueline Althaller\",\"@id\":\"https:\\\/\\\/althallercommunication.de\\\/#\\\/schema\\\/person\\\/4ca72b5e8d0bebc1f9b3061e463e32ee\"},\"headline\":\"Tauber Solar und Tauber Energy erstmals gemeinsam unter einem Dach auf der E-world 2025\",\"datePublished\":\"2024-12-12T10:47:40+00:00\",\"dateModified\":\"2024-12-12T10:49:36+00:00\",\"mainEntityOfPage\":{\"@id\":\"https:\\\/\\\/althallercommunication.de\\\/tauber-solar-und-tauber-energy-erstmals-gemeinsam-unter-einem-dach-auf-der-e-world-2025\\\/\"},\"wordCount\":480,\"publisher\":{\"@id\":\"https:\\\/\\\/althallercommunication.de\\\/#organization\"},\"keywords\":[\"E-World\",\"Energy\",\"Solar\",\"Speicher\",\"Umwelt\"],\"articleSection\":[\"Environment\",\"Klassische Pressearbeit\",\"Pressemeldungen\"],\"inLanguage\":\"en-US\"},{\"@type\":\"WebPage\",\"@id\":\"https:\\\/\\\/althallercommunication.de\\\/tauber-solar-und-tauber-energy-erstmals-gemeinsam-unter-einem-dach-auf-der-e-world-2025\\\/\",\"url\":\"https:\\\/\\\/althallercommunication.de\\\/tauber-solar-und-tauber-energy-erstmals-gemeinsam-unter-einem-dach-auf-der-e-world-2025\\\/\",\"name\":\"Tauber Solar und Tauber Energy erstmals gemeinsam unter einem Dach auf der E-world 2025\",\"isPartOf\":{\"@id\":\"https:\\\/\\\/althallercommunication.de\\\/#website\"},\"datePublished\":\"2024-12-12T10:47:40+00:00\",\"dateModified\":\"2024-12-12T10:49:36+00:00\",\"description\":\"Auf der E-world energy & water 2025, die vom 11. bis 13. Februar in Essen stattfindet, pr\u00e4sentieren sich Tauber Solar und Tauber Energy erstmals als Unternehmensgruppe. Gemeinsam stellen sie ihr nahtloses Produkt- und Dienstleistungsspektrum vor \u2013 von der Stromerzeugung bis hin zur Stromspeicherung.\",\"breadcrumb\":{\"@id\":\"https:\\\/\\\/althallercommunication.de\\\/tauber-solar-und-tauber-energy-erstmals-gemeinsam-unter-einem-dach-auf-der-e-world-2025\\\/#breadcrumb\"},\"inLanguage\":\"en-US\",\"potentialAction\":[{\"@type\":\"ReadAction\",\"target\":[\"https:\\\/\\\/althallercommunication.de\\\/tauber-solar-und-tauber-energy-erstmals-gemeinsam-unter-einem-dach-auf-der-e-world-2025\\\/\"]}]},{\"@type\":\"BreadcrumbList\",\"@id\":\"https:\\\/\\\/althallercommunication.de\\\/tauber-solar-und-tauber-energy-erstmals-gemeinsam-unter-einem-dach-auf-der-e-world-2025\\\/#breadcrumb\",\"itemListElement\":[{\"@type\":\"ListItem\",\"position\":1,\"name\":\"Startseite\",\"item\":\"https:\\\/\\\/althallercommunication.de\\\/en\\\/\"},{\"@type\":\"ListItem\",\"position\":2,\"name\":\"Tauber Solar und Tauber Energy erstmals gemeinsam unter einem Dach auf der E-world 2025\"}]},{\"@type\":\"WebSite\",\"@id\":\"https:\\\/\\\/althallercommunication.de\\\/#website\",\"url\":\"https:\\\/\\\/althallercommunication.de\\\/\",\"name\":\"althaller communication\",\"description\":\"Martkommunikation B2B\",\"publisher\":{\"@id\":\"https:\\\/\\\/althallercommunication.de\\\/#organization\"},\"potentialAction\":[{\"@type\":\"SearchAction\",\"target\":{\"@type\":\"EntryPoint\",\"urlTemplate\":\"https:\\\/\\\/althallercommunication.de\\\/?s={search_term_string}\"},\"query-input\":{\"@type\":\"PropertyValueSpecification\",\"valueRequired\":true,\"valueName\":\"search_term_string\"}}],\"inLanguage\":\"en-US\"},{\"@type\":\"Organization\",\"@id\":\"https:\\\/\\\/althallercommunication.de\\\/#organization\",\"name\":\"ALTHALLER communication\",\"url\":\"https:\\\/\\\/althallercommunication.de\\\/\",\"logo\":{\"@type\":\"ImageObject\",\"inLanguage\":\"en-US\",\"@id\":\"https:\\\/\\\/althallercommunication.de\\\/#\\\/schema\\\/logo\\\/image\\\/\",\"url\":\"https:\\\/\\\/althallercommunication.de\\\/wp-content\\\/uploads\\\/2023\\\/12\\\/althaller_comm_b.png\",\"contentUrl\":\"https:\\\/\\\/althallercommunication.de\\\/wp-content\\\/uploads\\\/2023\\\/12\\\/althaller_comm_b.png\",\"width\":464,\"height\":110,\"caption\":\"ALTHALLER communication\"},\"image\":{\"@id\":\"https:\\\/\\\/althallercommunication.de\\\/#\\\/schema\\\/logo\\\/image\\\/\"},\"sameAs\":[\"https:\\\/\\\/www.facebook.com\\\/althallercommunication\",\"https:\\\/\\\/x.com\\\/ALTHALLERcom\",\"https:\\\/\\\/www.linkedin.com\\\/company\\\/3332596?trk=tyah&amp;amp;amp;trkInfo=tas:COMMUNICATION Presse und PR,idx:1-1-1\"]},{\"@type\":\"Person\",\"@id\":\"https:\\\/\\\/althallercommunication.de\\\/#\\\/schema\\\/person\\\/4ca72b5e8d0bebc1f9b3061e463e32ee\",\"name\":\"Jacqueline Althaller\",\"image\":{\"@type\":\"ImageObject\",\"inLanguage\":\"en-US\",\"@id\":\"https:\\\/\\\/secure.gravatar.com\\\/avatar\\\/2e8cdf7784b763130efe210406ba46634d04913cf12c46cf98b2799d6da47211?s=96&d=mm&r=g\",\"url\":\"https:\\\/\\\/secure.gravatar.com\\\/avatar\\\/2e8cdf7784b763130efe210406ba46634d04913cf12c46cf98b2799d6da47211?s=96&d=mm&r=g\",\"contentUrl\":\"https:\\\/\\\/secure.gravatar.com\\\/avatar\\\/2e8cdf7784b763130efe210406ba46634d04913cf12c46cf98b2799d6da47211?s=96&d=mm&r=g\",\"caption\":\"Jacqueline Althaller\"},\"description\":\"$$$2021hmb8hzb4MD\",\"url\":\"https:\\\/\\\/althallercommunication.de\\\/en\\\/author\\\/jacqueline-althaller\\\/\"}]}<\/script>\n<!-- \/ Yoast SEO Premium plugin. -->","yoast_head_json":{"title":"Tauber Solar und Tauber Energy erstmals gemeinsam unter einem Dach auf der E-world 2025","description":"Auf der E-world energy & water 2025, die vom 11. bis 13. Februar in Essen stattfindet, pr\u00e4sentieren sich Tauber Solar und Tauber Energy erstmals als Unternehmensgruppe. Gemeinsam stellen sie ihr nahtloses Produkt- und Dienstleistungsspektrum vor \u2013 von der Stromerzeugung bis hin zur Stromspeicherung.","robots":{"index":"index","follow":"follow","max-snippet":"max-snippet:-1","max-image-preview":"max-image-preview:large","max-video-preview":"max-video-preview:-1"},"canonical":"https:\/\/althallercommunication.de\/tauber-solar-und-tauber-energy-erstmals-gemeinsam-unter-einem-dach-auf-der-e-world-2025\/","og_locale":"en_US","og_type":"article","og_title":"Tauber Solar und Tauber Energy erstmals gemeinsam unter einem Dach auf der E-world 2025","og_description":"Auf der E-world energy & water 2025, die vom 11. bis 13. Februar in Essen stattfindet, pr\u00e4sentieren sich Tauber Solar und Tauber Energy erstmals als Unternehmensgruppe. Gemeinsam stellen sie ihr nahtloses Produkt- und Dienstleistungsspektrum vor \u2013 von der Stromerzeugung bis hin zur Stromspeicherung.","og_url":"https:\/\/althallercommunication.de\/tauber-solar-und-tauber-energy-erstmals-gemeinsam-unter-einem-dach-auf-der-e-world-2025\/","og_site_name":"althaller communication","article_publisher":"https:\/\/www.facebook.com\/althallercommunication","article_published_time":"2024-12-12T10:47:40+00:00","article_modified_time":"2024-12-12T10:49:36+00:00","og_image":[{"width":1080,"height":1440,"url":"https:\/\/althallercommunication.de\/wp-content\/uploads\/2024\/12\/Arne-Weinig_TauberEnergy.jpeg","type":"image\/jpeg"}],"author":"Jacqueline Althaller","twitter_card":"summary_large_image","twitter_creator":"@ALTHALLERcom","twitter_site":"@ALTHALLERcom","twitter_misc":{"Written by":"Jacqueline Althaller","Est. reading time":"3 minutes"},"schema":{"@context":"https:\/\/schema.org","@graph":[{"@type":"Article","@id":"https:\/\/althallercommunication.de\/tauber-solar-und-tauber-energy-erstmals-gemeinsam-unter-einem-dach-auf-der-e-world-2025\/#article","isPartOf":{"@id":"https:\/\/althallercommunication.de\/tauber-solar-und-tauber-energy-erstmals-gemeinsam-unter-einem-dach-auf-der-e-world-2025\/"},"author":{"name":"Jacqueline Althaller","@id":"https:\/\/althallercommunication.de\/#\/schema\/person\/4ca72b5e8d0bebc1f9b3061e463e32ee"},"headline":"Tauber Solar und Tauber Energy erstmals gemeinsam unter einem Dach auf der E-world 2025","datePublished":"2024-12-12T10:47:40+00:00","dateModified":"2024-12-12T10:49:36+00:00","mainEntityOfPage":{"@id":"https:\/\/althallercommunication.de\/tauber-solar-und-tauber-energy-erstmals-gemeinsam-unter-einem-dach-auf-der-e-world-2025\/"},"wordCount":480,"publisher":{"@id":"https:\/\/althallercommunication.de\/#organization"},"keywords":["E-World","Energy","Solar","Speicher","Umwelt"],"articleSection":["Environment","Klassische Pressearbeit","Pressemeldungen"],"inLanguage":"en-US"},{"@type":"WebPage","@id":"https:\/\/althallercommunication.de\/tauber-solar-und-tauber-energy-erstmals-gemeinsam-unter-einem-dach-auf-der-e-world-2025\/","url":"https:\/\/althallercommunication.de\/tauber-solar-und-tauber-energy-erstmals-gemeinsam-unter-einem-dach-auf-der-e-world-2025\/","name":"Tauber Solar und Tauber Energy erstmals gemeinsam unter einem Dach auf der E-world 2025","isPartOf":{"@id":"https:\/\/althallercommunication.de\/#website"},"datePublished":"2024-12-12T10:47:40+00:00","dateModified":"2024-12-12T10:49:36+00:00","description":"Auf der E-world energy & water 2025, die vom 11. bis 13. Februar in Essen stattfindet, pr\u00e4sentieren sich Tauber Solar und Tauber Energy erstmals als Unternehmensgruppe. Gemeinsam stellen sie ihr nahtloses Produkt- und Dienstleistungsspektrum vor \u2013 von der Stromerzeugung bis hin zur Stromspeicherung.","breadcrumb":{"@id":"https:\/\/althallercommunication.de\/tauber-solar-und-tauber-energy-erstmals-gemeinsam-unter-einem-dach-auf-der-e-world-2025\/#breadcrumb"},"inLanguage":"en-US","potentialAction":[{"@type":"ReadAction","target":["https:\/\/althallercommunication.de\/tauber-solar-und-tauber-energy-erstmals-gemeinsam-unter-einem-dach-auf-der-e-world-2025\/"]}]},{"@type":"BreadcrumbList","@id":"https:\/\/althallercommunication.de\/tauber-solar-und-tauber-energy-erstmals-gemeinsam-unter-einem-dach-auf-der-e-world-2025\/#breadcrumb","itemListElement":[{"@type":"ListItem","position":1,"name":"Startseite","item":"https:\/\/althallercommunication.de\/en\/"},{"@type":"ListItem","position":2,"name":"Tauber Solar und Tauber Energy erstmals gemeinsam unter einem Dach auf der E-world 2025"}]},{"@type":"WebSite","@id":"https:\/\/althallercommunication.de\/#website","url":"https:\/\/althallercommunication.de\/","name":"althaller communication","description":"Martkommunikation B2B","publisher":{"@id":"https:\/\/althallercommunication.de\/#organization"},"potentialAction":[{"@type":"SearchAction","target":{"@type":"EntryPoint","urlTemplate":"https:\/\/althallercommunication.de\/?s={search_term_string}"},"query-input":{"@type":"PropertyValueSpecification","valueRequired":true,"valueName":"search_term_string"}}],"inLanguage":"en-US"},{"@type":"Organization","@id":"https:\/\/althallercommunication.de\/#organization","name":"ALTHALLER communication","url":"https:\/\/althallercommunication.de\/","logo":{"@type":"ImageObject","inLanguage":"en-US","@id":"https:\/\/althallercommunication.de\/#\/schema\/logo\/image\/","url":"https:\/\/althallercommunication.de\/wp-content\/uploads\/2023\/12\/althaller_comm_b.png","contentUrl":"https:\/\/althallercommunication.de\/wp-content\/uploads\/2023\/12\/althaller_comm_b.png","width":464,"height":110,"caption":"ALTHALLER communication"},"image":{"@id":"https:\/\/althallercommunication.de\/#\/schema\/logo\/image\/"},"sameAs":["https:\/\/www.facebook.com\/althallercommunication","https:\/\/x.com\/ALTHALLERcom","https:\/\/www.linkedin.com\/company\/3332596?trk=tyah&amp;amp;amp;trkInfo=tas:COMMUNICATION Presse und PR,idx:1-1-1"]},{"@type":"Person","@id":"https:\/\/althallercommunication.de\/#\/schema\/person\/4ca72b5e8d0bebc1f9b3061e463e32ee","name":"Jacqueline Althaller","image":{"@type":"ImageObject","inLanguage":"en-US","@id":"https:\/\/secure.gravatar.com\/avatar\/2e8cdf7784b763130efe210406ba46634d04913cf12c46cf98b2799d6da47211?s=96&d=mm&r=g","url":"https:\/\/secure.gravatar.com\/avatar\/2e8cdf7784b763130efe210406ba46634d04913cf12c46cf98b2799d6da47211?s=96&d=mm&r=g","contentUrl":"https:\/\/secure.gravatar.com\/avatar\/2e8cdf7784b763130efe210406ba46634d04913cf12c46cf98b2799d6da47211?s=96&d=mm&r=g","caption":"Jacqueline Althaller"},"description":"$$$2021hmb8hzb4MD","url":"https:\/\/althallercommunication.de\/en\/author\/jacqueline-althaller\/"}]}},"_links":{"self":[{"href":"https:\/\/althallercommunication.de\/en\/wp-json\/wp\/v2\/posts\/31147","targetHints":{"allow":["GET"]}}],"collection":[{"href":"https:\/\/althallercommunication.de\/en\/wp-json\/wp\/v2\/posts"}],"about":[{"href":"https:\/\/althallercommunication.de\/en\/wp-json\/wp\/v2\/types\/post"}],"author":[{"embeddable":true,"href":"https:\/\/althallercommunication.de\/en\/wp-json\/wp\/v2\/users\/6"}],"replies":[{"embeddable":true,"href":"https:\/\/althallercommunication.de\/en\/wp-json\/wp\/v2\/comments?post=31147"}],"version-history":[{"count":3,"href":"https:\/\/althallercommunication.de\/en\/wp-json\/wp\/v2\/posts\/31147\/revisions"}],"predecessor-version":[{"id":31152,"href":"https:\/\/althallercommunication.de\/en\/wp-json\/wp\/v2\/posts\/31147\/revisions\/31152"}],"wp:attachment":[{"href":"https:\/\/althallercommunication.de\/en\/wp-json\/wp\/v2\/media?parent=31147"}],"wp:term":[{"taxonomy":"category","embeddable":true,"href":"https:\/\/althallercommunication.de\/en\/wp-json\/wp\/v2\/categories?post=31147"},{"taxonomy":"post_tag","embeddable":true,"href":"https:\/\/althallercommunication.de\/en\/wp-json\/wp\/v2\/tags?post=31147"}],"curies":[{"name":"wp","href":"https:\/\/api.w.org\/{rel}","templated":true}]}}