{"id":31824,"date":"2025-04-01T09:55:59","date_gmt":"2025-04-01T07:55:59","guid":{"rendered":"https:\/\/althallercommunication.de\/?p=31824"},"modified":"2025-06-16T11:50:58","modified_gmt":"2025-06-16T09:50:58","slug":"15-jahre-b2b-social-media-studie-kontinuitaet-trifft-innovation-ki-im-fokus-der-neuen-erhebung","status":"publish","type":"post","link":"https:\/\/althallercommunication.de\/en\/15-jahre-b2b-social-media-studie-kontinuitaet-trifft-innovation-ki-im-fokus-der-neuen-erhebung\/","title":{"rendered":"15 Jahre B2B Social Media Studie:  Kontinuit\u00e4t trifft Innovation \u2013 KI im Fokus der neuen Erhebung"},"content":{"rendered":"<h3 class=\"ai-optimize-6\"><strong>Startschuss f\u00fcr die 15. Erhebung \u2013 Fokus auf k\u00fcnstliche Intelligenz und exklusiver Expertenberatung <\/strong><\/h3>\n<p class=\"ai-optimize-7 ai-optimize-introduction\"><em><strong>M\u00fcnchen, den 31.03.2025. Die renommierte Langzeitstudie zur Social Media Kommunikation ist offiziell in ihre 15. Runde gestartet! Seit 2010 liefert sie als einzige Langzeitstudie zur Social-Media-Kommunikation von B2B-Unternehmen im DACH-Raum fundierte Daten zur digitalen Kommunikation und zeigt Trends belastbar auf. In diesem Jahr erweitert sie ihren Fokus \u2013 und beleuchtet, wie KI Content Kampagnen und Kommunikationsstrategien ver\u00e4ndert.<\/strong><\/em><\/p>\n<p class=\"ai-optimize-8\"><strong>Strategische Orientierung in dynamischen Zeiten<\/strong><\/p>\n<p class=\"ai-optimize-9\">Die diesj\u00e4hrige Studie geht weit \u00fcber eine Bestandsaufnahme hinaus. Sie bietet pr\u00e4zise und belastbare Benchmarks zur Social-Media-Nutzung nach Branche, Unternehmensgr\u00f6\u00dfe und F\u00fchrungsstil \u2013 und gibt Antworten auf die zentralen Fragen der digitalen B2B-Kommunikation:<\/p>\n<ul>\n<li class=\"ai-optimize-10\">Welche Plattformen dominieren 2025 im B2B?<\/li>\n<li class=\"ai-optimize-11\">Wie ver\u00e4ndert KI die Content- und Kampagnenstrategien?<\/li>\n<li class=\"ai-optimize-12\">Welche neuen Formate setzen sich durch \u2013 und welche verlieren an Bedeutung?<\/li>\n<\/ul>\n<p class=\"ai-optimize-13\"><strong>Studie trifft Beratung: KI zum Anfassen<\/strong><\/p>\n<p class=\"ai-optimize-14\">Anl\u00e4sslich des 15-j\u00e4hrigen Jubil\u00e4ums integriert die Studie erstmals selbst KI in ihr Konzept: In einer exklusiven \u201eAsk Me Anything\u201c-Session k\u00f6nnen Teilnehmende individuelle Fragen zu ihrer Social-Media-Strategie stellen \u2013 beantwortet von Studienherausgeberin Jacqueline Althaller pers\u00f6nlich, mit KI-gest\u00fctzten Analysen. Ein innovatives Beratungsformat, das datenbasiertes Wissen mit fachlicher Expertise verkn\u00fcpft.<\/p>\n<p class=\"ai-optimize-15\"><strong>Strategische Planung und KI werden zum Erfolgsfaktor<\/strong><\/p>\n<p class=\"ai-optimize-16\">\u201eMit der einzigen Langzeitstudie zur B2B-Social-Media-Kommunikation im DACH-Raum liefern wir Unternehmen nicht nur fundierte Daten, sondern vor allem echte Orientierung. In einer Zeit, in der KI, Content-Flut und Plattformdynamiken den Alltag bestimmen, bietet unsere Studie eine belastbare Grundlage f\u00fcr strategische Entscheidungen \u2013 differenziert nach Branche, Unternehmensgr\u00f6\u00dfe und F\u00fchrungsstil. Unser Ziel ist es, nicht nur Trends zu beschreiben, sondern konkrete Handlungsempfehlungen zu geben, die den Unternehmenserfolg nachhaltig st\u00e4rken\u201c, so Jacqueline Althaller, Herausgeberin der Studie und Gesch\u00e4ftsf\u00fchrerin von ALTHALLER communication.<\/p>\n<p class=\"ai-optimize-17\"><strong>Exklusiv zum Jubil\u00e4um: Teilnehmer profitieren doppelt<\/strong><\/p>\n<p class=\"ai-optimize-18\">Im Jubil\u00e4umsjahr erhalten Studienteilnehmer nicht nur &#8211; wie bislang &#8211; die Studienergebnisse als kostenlose Management Summary, sondern k\u00f6nnen erstmals auch die vollst\u00e4ndige Studie zu einem <strong>verg\u00fcnstigten Preis erwerben<\/strong>. Zus\u00e4tzlich k\u00f6nnen sie eine exklusive <strong>\u201eAsk Me Anything\u201c-Session<\/strong> zu Sonderkonditionen buchen, in der <strong>Herausgeberin Jacqueline Althaller<\/strong> auf Basis der neuesten Studienergebnisse auf individuelle Fragen zur Social-Media-Strategie eingeht. Diese <strong>30-min\u00fctigen, KI-gest\u00fctzten Beratungsgespr\u00e4che<\/strong> erm\u00f6glichen Unternehmen auf Basis der Gesamtstudie eine ma\u00dfgeschneiderte Analyse ihrer Social-Media-Aktivit\u00e4ten, abgestimmt auf ihre spezifische Branche und auf ihre Unternehmensgr\u00f6\u00dfe zu erhalten. Weitere Infos erhalten Sie in unserem <a href=\"https:\/\/althallercommunication.de\/shop\/\">Shop<\/a>.<\/p>\n<p class=\"ai-optimize-19\"><strong>Jetzt teilnehmen und Zukunft gestalten<\/strong><\/p>\n<p class=\"ai-optimize-20\">Die Datenerhebung f\u00fcr den gesamten DACH-Raum l\u00e4uft bis zum <strong>31. Juli 2025<\/strong>. Mit der Teilnahme an der Online-Umfrage erhalten Unternehmen wertvolle Einblicke f\u00fcr ihre Social-Media-Strategie und Budgetplanung. <a href=\"https:\/\/de.surveymonkey.com\/r\/XJ3BM6D?utm_source=pi&amp;utm_medium=email&amp;utm_campaign=umfrage_2025%2F26\">Hier geht\u2019s direkt zur Umfrage.<\/a><\/p>\n<p class=\"ai-optimize-21\">Ein Bild von Studieninitiatorin Jacqueline Althaller erhalten Sie <a href=\"https:\/\/althallercommunication.de\/wp-content\/uploads\/2024\/09\/ALTHALLER_bysusieknoll.jpg\">hier zum Download<\/a>.<\/p>\n<p><img decoding=\"async\" class=\"alignnone wp-image-31829\" src=\"https:\/\/althallercommunication.de\/wp-content\/uploads\/2025\/04\/Key-Visual-Studie-Website.jpg\" alt=\"\" width=\"459\" height=\"306\" \/><\/p>\n<p class=\"ai-optimize-22\">Key Visual der B2B Social Media Studie 2025\/2026<\/p>\n<p class=\"ai-optimize-23\"><strong>\u00dcber den Ersten Arbeitskreis f\u00fcr Social Media in der B2B-Kommunikation:<\/strong><\/p>\n<p class=\"ai-optimize-24\"><em>Im Sommer 2010 wurde der \u201e<a href=\"https:\/\/www.ak-socialmedia-b2b.de\/\">Erste Arbeitskreis Social Media in der B2B-Kommunikation<\/a>\u201c von Jacqueline Althaller, Gr\u00fcnderin der gleichnamigen Agentur ALTHALLER communication ins Leben gerufen, um konkrete Fragestellungen von Seiten B2B zu beantworten und dieses Wissen auch weiterzuvermitteln. Umfragen f\u00fchrt der Arbeitskreis j\u00e4hrlich durch, um Trends und Entwicklungen in der Social Media Kommunikation feststellen zu k\u00f6nnen. Zu den Mitgliedern geh\u00f6ren Unternehmen unterschiedlichster Branchen und Gr\u00f6\u00dfenordnungen \u2013 von IT bis Healthcare. Begleitet wird der Arbeitskreis von Vertretern aus Wissenschaft und Forschung. Der Arbeitskreis verfolgt keine wirtschaftlichen Interessen.<\/em><\/p>\n<p>&nbsp;<\/p>\n<h6 class=\"ai-optimize-25\"><strong>Pressekontakt:<\/strong><\/h6>\n<h6 class=\"ai-optimize-26\">Eva-Maria Schwab<\/h6>\n<h6 class=\"ai-optimize-27\"><strong>ALTHALLER<\/strong><strong> communication <\/strong>GmbH<\/h6>\n<h6 class=\"ai-optimize-28\">Elisabethstra\u00dfe 13<\/h6>\n<h6 class=\"ai-optimize-29\">80796 M\u00fcnchen<\/h6>\n<h6 class=\"ai-optimize-30\">Tel: +49 89 38 66 52 63<\/h6>\n<h6 class=\"ai-optimize-31\">info@althallercommunication.de<\/h6>\n","protected":false},"excerpt":{"rendered":"<p>Der Einsatz von k\u00fcnstlicher Intelligenz (KI) in der Social Media Kommunikation hat im ersten Jahr seiner Studienber\u00fccksichtigung sehr stark an Bedeutung gewonnen und ist als Werkzeug f\u00fcr viele Unternehmen unverzichtbar.<\/p>\n","protected":false},"author":13,"featured_media":0,"comment_status":"closed","ping_status":"closed","sticky":false,"template":"","format":"standard","meta":{"_et_pb_use_builder":"","_et_pb_old_content":"","_et_gb_content_width":"","inline_featured_image":false,"footnotes":""},"categories":[2765,2758],"tags":[1198,2886,2429,1859,2885,1199],"class_list":["post-31824","post","type-post","status-publish","format-standard","hentry","category-klassische-pressearbeit","category-pressemeldungen","tag-b2b-kommunikation","tag-b2b-langzeitstudie-2025","tag-b2b-social-media","tag-b2b-social-media-studie","tag-b2b-trends","tag-langzeitstudie"],"yoast_head":"<!-- This site is optimized with the Yoast SEO Premium plugin v25.3 (Yoast SEO v27.4) - https:\/\/yoast.com\/product\/yoast-seo-premium-wordpress\/ -->\n<title>15 Jahre B2B Social Media Studie: Kontinuit\u00e4t trifft Innovation<\/title>\n<meta name=\"description\" content=\"Einzige Langzeitstudie zur Nutzung von Social Media in der B2B-Kommunikation im DACH-Raum wird im 15. Jahr ver\u00f6ffentlicht\" \/>\n<meta name=\"robots\" content=\"index, follow, max-snippet:-1, max-image-preview:large, max-video-preview:-1\" \/>\n<link rel=\"canonical\" href=\"https:\/\/althallercommunication.de\/15-jahre-b2b-social-media-studie-kontinuitaet-trifft-innovation-ki-im-fokus-der-neuen-erhebung\/\" \/>\n<meta property=\"og:locale\" content=\"en_US\" \/>\n<meta property=\"og:type\" content=\"article\" \/>\n<meta property=\"og:title\" content=\"15 Jahre B2B Social Media Studie: Kontinuit\u00e4t trifft Innovation \u2013 KI im Fokus der neuen Erhebung\" \/>\n<meta property=\"og:description\" content=\"Einzige Langzeitstudie zur Nutzung von Social Media in der B2B-Kommunikation im DACH-Raum wird im 15. Jahr ver\u00f6ffentlicht\" \/>\n<meta property=\"og:url\" content=\"https:\/\/althallercommunication.de\/15-jahre-b2b-social-media-studie-kontinuitaet-trifft-innovation-ki-im-fokus-der-neuen-erhebung\/\" \/>\n<meta property=\"og:site_name\" content=\"althaller communication\" \/>\n<meta property=\"article:publisher\" content=\"https:\/\/www.facebook.com\/althallercommunication\" \/>\n<meta property=\"article:published_time\" content=\"2025-04-01T07:55:59+00:00\" \/>\n<meta property=\"article:modified_time\" content=\"2025-06-16T09:50:58+00:00\" \/>\n<meta property=\"og:image\" content=\"https:\/\/althallercommunication.de\/wp-content\/uploads\/2025\/04\/Key-Visual-Studie-Website.jpg\" \/>\n\t<meta property=\"og:image:width\" content=\"1200\" \/>\n\t<meta property=\"og:image:height\" content=\"800\" \/>\n\t<meta property=\"og:image:type\" content=\"image\/jpeg\" \/>\n<meta name=\"author\" content=\"Alexa Ramgraber\" \/>\n<meta name=\"twitter:card\" content=\"summary_large_image\" \/>\n<meta name=\"twitter:creator\" content=\"@ALTHALLERcom\" \/>\n<meta name=\"twitter:site\" content=\"@ALTHALLERcom\" \/>\n<meta name=\"twitter:label1\" content=\"Written by\" \/>\n\t<meta name=\"twitter:data1\" content=\"Alexa Ramgraber\" \/>\n\t<meta name=\"twitter:label2\" content=\"Est. reading time\" \/>\n\t<meta name=\"twitter:data2\" content=\"4 minutes\" \/>\n<script type=\"application\/ld+json\" class=\"yoast-schema-graph\">{\"@context\":\"https:\\\/\\\/schema.org\",\"@graph\":[{\"@type\":\"Article\",\"@id\":\"https:\\\/\\\/althallercommunication.de\\\/15-jahre-b2b-social-media-studie-kontinuitaet-trifft-innovation-ki-im-fokus-der-neuen-erhebung\\\/#article\",\"isPartOf\":{\"@id\":\"https:\\\/\\\/althallercommunication.de\\\/15-jahre-b2b-social-media-studie-kontinuitaet-trifft-innovation-ki-im-fokus-der-neuen-erhebung\\\/\"},\"author\":{\"name\":\"Alexa Ramgraber\",\"@id\":\"https:\\\/\\\/althallercommunication.de\\\/#\\\/schema\\\/person\\\/9d4306bceed0bb159c244dae139f68fd\"},\"headline\":\"15 Jahre B2B Social Media Studie: Kontinuit\u00e4t trifft Innovation \u2013 KI im Fokus der neuen Erhebung\",\"datePublished\":\"2025-04-01T07:55:59+00:00\",\"dateModified\":\"2025-06-16T09:50:58+00:00\",\"mainEntityOfPage\":{\"@id\":\"https:\\\/\\\/althallercommunication.de\\\/15-jahre-b2b-social-media-studie-kontinuitaet-trifft-innovation-ki-im-fokus-der-neuen-erhebung\\\/\"},\"wordCount\":588,\"publisher\":{\"@id\":\"https:\\\/\\\/althallercommunication.de\\\/#organization\"},\"image\":{\"@id\":\"https:\\\/\\\/althallercommunication.de\\\/15-jahre-b2b-social-media-studie-kontinuitaet-trifft-innovation-ki-im-fokus-der-neuen-erhebung\\\/#primaryimage\"},\"thumbnailUrl\":\"https:\\\/\\\/althallercommunication.de\\\/wp-content\\\/uploads\\\/2025\\\/04\\\/Key-Visual-Studie-Website.jpg\",\"keywords\":[\"B2B Kommunikation\",\"B2B Langzeitstudie 2025\",\"B2B Social Media\",\"B2B Social Media Studie\",\"B2B Trends\",\"Langzeitstudie\"],\"articleSection\":[\"Klassische Pressearbeit\",\"Pressemeldungen\"],\"inLanguage\":\"en-US\"},{\"@type\":\"WebPage\",\"@id\":\"https:\\\/\\\/althallercommunication.de\\\/15-jahre-b2b-social-media-studie-kontinuitaet-trifft-innovation-ki-im-fokus-der-neuen-erhebung\\\/\",\"url\":\"https:\\\/\\\/althallercommunication.de\\\/15-jahre-b2b-social-media-studie-kontinuitaet-trifft-innovation-ki-im-fokus-der-neuen-erhebung\\\/\",\"name\":\"15 Jahre B2B Social Media Studie: Kontinuit\u00e4t trifft Innovation\",\"isPartOf\":{\"@id\":\"https:\\\/\\\/althallercommunication.de\\\/#website\"},\"primaryImageOfPage\":{\"@id\":\"https:\\\/\\\/althallercommunication.de\\\/15-jahre-b2b-social-media-studie-kontinuitaet-trifft-innovation-ki-im-fokus-der-neuen-erhebung\\\/#primaryimage\"},\"image\":{\"@id\":\"https:\\\/\\\/althallercommunication.de\\\/15-jahre-b2b-social-media-studie-kontinuitaet-trifft-innovation-ki-im-fokus-der-neuen-erhebung\\\/#primaryimage\"},\"thumbnailUrl\":\"https:\\\/\\\/althallercommunication.de\\\/wp-content\\\/uploads\\\/2025\\\/04\\\/Key-Visual-Studie-Website.jpg\",\"datePublished\":\"2025-04-01T07:55:59+00:00\",\"dateModified\":\"2025-06-16T09:50:58+00:00\",\"description\":\"Einzige Langzeitstudie zur Nutzung von Social Media in der B2B-Kommunikation im DACH-Raum wird im 15. Jahr ver\u00f6ffentlicht\",\"breadcrumb\":{\"@id\":\"https:\\\/\\\/althallercommunication.de\\\/15-jahre-b2b-social-media-studie-kontinuitaet-trifft-innovation-ki-im-fokus-der-neuen-erhebung\\\/#breadcrumb\"},\"inLanguage\":\"en-US\",\"potentialAction\":[{\"@type\":\"ReadAction\",\"target\":[\"https:\\\/\\\/althallercommunication.de\\\/15-jahre-b2b-social-media-studie-kontinuitaet-trifft-innovation-ki-im-fokus-der-neuen-erhebung\\\/\"]}]},{\"@type\":\"ImageObject\",\"inLanguage\":\"en-US\",\"@id\":\"https:\\\/\\\/althallercommunication.de\\\/15-jahre-b2b-social-media-studie-kontinuitaet-trifft-innovation-ki-im-fokus-der-neuen-erhebung\\\/#primaryimage\",\"url\":\"https:\\\/\\\/althallercommunication.de\\\/wp-content\\\/uploads\\\/2025\\\/04\\\/Key-Visual-Studie-Website.jpg\",\"contentUrl\":\"https:\\\/\\\/althallercommunication.de\\\/wp-content\\\/uploads\\\/2025\\\/04\\\/Key-Visual-Studie-Website.jpg\"},{\"@type\":\"BreadcrumbList\",\"@id\":\"https:\\\/\\\/althallercommunication.de\\\/15-jahre-b2b-social-media-studie-kontinuitaet-trifft-innovation-ki-im-fokus-der-neuen-erhebung\\\/#breadcrumb\",\"itemListElement\":[{\"@type\":\"ListItem\",\"position\":1,\"name\":\"Startseite\",\"item\":\"https:\\\/\\\/althallercommunication.de\\\/en\\\/\"},{\"@type\":\"ListItem\",\"position\":2,\"name\":\"15 Jahre B2B Social Media Studie: Kontinuit\u00e4t trifft Innovation \u2013 KI im Fokus der neuen Erhebung\"}]},{\"@type\":\"WebSite\",\"@id\":\"https:\\\/\\\/althallercommunication.de\\\/#website\",\"url\":\"https:\\\/\\\/althallercommunication.de\\\/\",\"name\":\"althaller communication\",\"description\":\"Martkommunikation B2B\",\"publisher\":{\"@id\":\"https:\\\/\\\/althallercommunication.de\\\/#organization\"},\"potentialAction\":[{\"@type\":\"SearchAction\",\"target\":{\"@type\":\"EntryPoint\",\"urlTemplate\":\"https:\\\/\\\/althallercommunication.de\\\/?s={search_term_string}\"},\"query-input\":{\"@type\":\"PropertyValueSpecification\",\"valueRequired\":true,\"valueName\":\"search_term_string\"}}],\"inLanguage\":\"en-US\"},{\"@type\":\"Organization\",\"@id\":\"https:\\\/\\\/althallercommunication.de\\\/#organization\",\"name\":\"ALTHALLER communication\",\"url\":\"https:\\\/\\\/althallercommunication.de\\\/\",\"logo\":{\"@type\":\"ImageObject\",\"inLanguage\":\"en-US\",\"@id\":\"https:\\\/\\\/althallercommunication.de\\\/#\\\/schema\\\/logo\\\/image\\\/\",\"url\":\"https:\\\/\\\/althallercommunication.de\\\/wp-content\\\/uploads\\\/2023\\\/12\\\/althaller_comm_b.png\",\"contentUrl\":\"https:\\\/\\\/althallercommunication.de\\\/wp-content\\\/uploads\\\/2023\\\/12\\\/althaller_comm_b.png\",\"width\":464,\"height\":110,\"caption\":\"ALTHALLER communication\"},\"image\":{\"@id\":\"https:\\\/\\\/althallercommunication.de\\\/#\\\/schema\\\/logo\\\/image\\\/\"},\"sameAs\":[\"https:\\\/\\\/www.facebook.com\\\/althallercommunication\",\"https:\\\/\\\/x.com\\\/ALTHALLERcom\",\"https:\\\/\\\/www.linkedin.com\\\/company\\\/3332596?trk=tyah&amp;amp;amp;trkInfo=tas:COMMUNICATION Presse und PR,idx:1-1-1\"]},{\"@type\":\"Person\",\"@id\":\"https:\\\/\\\/althallercommunication.de\\\/#\\\/schema\\\/person\\\/9d4306bceed0bb159c244dae139f68fd\",\"name\":\"Alexa Ramgraber\",\"image\":{\"@type\":\"ImageObject\",\"inLanguage\":\"en-US\",\"@id\":\"https:\\\/\\\/secure.gravatar.com\\\/avatar\\\/dc821150dc2f3d4a57e27a17a68afc5b077a8767cc71f2e21d0095c444ccbe0e?s=96&d=mm&r=g\",\"url\":\"https:\\\/\\\/secure.gravatar.com\\\/avatar\\\/dc821150dc2f3d4a57e27a17a68afc5b077a8767cc71f2e21d0095c444ccbe0e?s=96&d=mm&r=g\",\"contentUrl\":\"https:\\\/\\\/secure.gravatar.com\\\/avatar\\\/dc821150dc2f3d4a57e27a17a68afc5b077a8767cc71f2e21d0095c444ccbe0e?s=96&d=mm&r=g\",\"caption\":\"Alexa Ramgraber\"},\"url\":\"https:\\\/\\\/althallercommunication.de\\\/en\\\/author\\\/alexa\\\/\"}]}<\/script>\n<!-- \/ Yoast SEO Premium plugin. -->","yoast_head_json":{"title":"15 Jahre B2B Social Media Studie: Kontinuit\u00e4t trifft Innovation","description":"Einzige Langzeitstudie zur Nutzung von Social Media in der B2B-Kommunikation im DACH-Raum wird im 15. Jahr ver\u00f6ffentlicht","robots":{"index":"index","follow":"follow","max-snippet":"max-snippet:-1","max-image-preview":"max-image-preview:large","max-video-preview":"max-video-preview:-1"},"canonical":"https:\/\/althallercommunication.de\/15-jahre-b2b-social-media-studie-kontinuitaet-trifft-innovation-ki-im-fokus-der-neuen-erhebung\/","og_locale":"en_US","og_type":"article","og_title":"15 Jahre B2B Social Media Studie: Kontinuit\u00e4t trifft Innovation \u2013 KI im Fokus der neuen Erhebung","og_description":"Einzige Langzeitstudie zur Nutzung von Social Media in der B2B-Kommunikation im DACH-Raum wird im 15. Jahr ver\u00f6ffentlicht","og_url":"https:\/\/althallercommunication.de\/15-jahre-b2b-social-media-studie-kontinuitaet-trifft-innovation-ki-im-fokus-der-neuen-erhebung\/","og_site_name":"althaller communication","article_publisher":"https:\/\/www.facebook.com\/althallercommunication","article_published_time":"2025-04-01T07:55:59+00:00","article_modified_time":"2025-06-16T09:50:58+00:00","og_image":[{"width":1200,"height":800,"url":"https:\/\/althallercommunication.de\/wp-content\/uploads\/2025\/04\/Key-Visual-Studie-Website.jpg","type":"image\/jpeg"}],"author":"Alexa Ramgraber","twitter_card":"summary_large_image","twitter_creator":"@ALTHALLERcom","twitter_site":"@ALTHALLERcom","twitter_misc":{"Written by":"Alexa Ramgraber","Est. reading time":"4 minutes"},"schema":{"@context":"https:\/\/schema.org","@graph":[{"@type":"Article","@id":"https:\/\/althallercommunication.de\/15-jahre-b2b-social-media-studie-kontinuitaet-trifft-innovation-ki-im-fokus-der-neuen-erhebung\/#article","isPartOf":{"@id":"https:\/\/althallercommunication.de\/15-jahre-b2b-social-media-studie-kontinuitaet-trifft-innovation-ki-im-fokus-der-neuen-erhebung\/"},"author":{"name":"Alexa Ramgraber","@id":"https:\/\/althallercommunication.de\/#\/schema\/person\/9d4306bceed0bb159c244dae139f68fd"},"headline":"15 Jahre B2B Social Media Studie: Kontinuit\u00e4t trifft Innovation \u2013 KI im Fokus der neuen Erhebung","datePublished":"2025-04-01T07:55:59+00:00","dateModified":"2025-06-16T09:50:58+00:00","mainEntityOfPage":{"@id":"https:\/\/althallercommunication.de\/15-jahre-b2b-social-media-studie-kontinuitaet-trifft-innovation-ki-im-fokus-der-neuen-erhebung\/"},"wordCount":588,"publisher":{"@id":"https:\/\/althallercommunication.de\/#organization"},"image":{"@id":"https:\/\/althallercommunication.de\/15-jahre-b2b-social-media-studie-kontinuitaet-trifft-innovation-ki-im-fokus-der-neuen-erhebung\/#primaryimage"},"thumbnailUrl":"https:\/\/althallercommunication.de\/wp-content\/uploads\/2025\/04\/Key-Visual-Studie-Website.jpg","keywords":["B2B Kommunikation","B2B Langzeitstudie 2025","B2B Social Media","B2B Social Media Studie","B2B Trends","Langzeitstudie"],"articleSection":["Klassische Pressearbeit","Pressemeldungen"],"inLanguage":"en-US"},{"@type":"WebPage","@id":"https:\/\/althallercommunication.de\/15-jahre-b2b-social-media-studie-kontinuitaet-trifft-innovation-ki-im-fokus-der-neuen-erhebung\/","url":"https:\/\/althallercommunication.de\/15-jahre-b2b-social-media-studie-kontinuitaet-trifft-innovation-ki-im-fokus-der-neuen-erhebung\/","name":"15 Jahre B2B Social Media Studie: Kontinuit\u00e4t trifft Innovation","isPartOf":{"@id":"https:\/\/althallercommunication.de\/#website"},"primaryImageOfPage":{"@id":"https:\/\/althallercommunication.de\/15-jahre-b2b-social-media-studie-kontinuitaet-trifft-innovation-ki-im-fokus-der-neuen-erhebung\/#primaryimage"},"image":{"@id":"https:\/\/althallercommunication.de\/15-jahre-b2b-social-media-studie-kontinuitaet-trifft-innovation-ki-im-fokus-der-neuen-erhebung\/#primaryimage"},"thumbnailUrl":"https:\/\/althallercommunication.de\/wp-content\/uploads\/2025\/04\/Key-Visual-Studie-Website.jpg","datePublished":"2025-04-01T07:55:59+00:00","dateModified":"2025-06-16T09:50:58+00:00","description":"Einzige Langzeitstudie zur Nutzung von Social Media in der B2B-Kommunikation im DACH-Raum wird im 15. Jahr ver\u00f6ffentlicht","breadcrumb":{"@id":"https:\/\/althallercommunication.de\/15-jahre-b2b-social-media-studie-kontinuitaet-trifft-innovation-ki-im-fokus-der-neuen-erhebung\/#breadcrumb"},"inLanguage":"en-US","potentialAction":[{"@type":"ReadAction","target":["https:\/\/althallercommunication.de\/15-jahre-b2b-social-media-studie-kontinuitaet-trifft-innovation-ki-im-fokus-der-neuen-erhebung\/"]}]},{"@type":"ImageObject","inLanguage":"en-US","@id":"https:\/\/althallercommunication.de\/15-jahre-b2b-social-media-studie-kontinuitaet-trifft-innovation-ki-im-fokus-der-neuen-erhebung\/#primaryimage","url":"https:\/\/althallercommunication.de\/wp-content\/uploads\/2025\/04\/Key-Visual-Studie-Website.jpg","contentUrl":"https:\/\/althallercommunication.de\/wp-content\/uploads\/2025\/04\/Key-Visual-Studie-Website.jpg"},{"@type":"BreadcrumbList","@id":"https:\/\/althallercommunication.de\/15-jahre-b2b-social-media-studie-kontinuitaet-trifft-innovation-ki-im-fokus-der-neuen-erhebung\/#breadcrumb","itemListElement":[{"@type":"ListItem","position":1,"name":"Startseite","item":"https:\/\/althallercommunication.de\/en\/"},{"@type":"ListItem","position":2,"name":"15 Jahre B2B Social Media Studie: Kontinuit\u00e4t trifft Innovation \u2013 KI im Fokus der neuen Erhebung"}]},{"@type":"WebSite","@id":"https:\/\/althallercommunication.de\/#website","url":"https:\/\/althallercommunication.de\/","name":"althaller communication","description":"Martkommunikation B2B","publisher":{"@id":"https:\/\/althallercommunication.de\/#organization"},"potentialAction":[{"@type":"SearchAction","target":{"@type":"EntryPoint","urlTemplate":"https:\/\/althallercommunication.de\/?s={search_term_string}"},"query-input":{"@type":"PropertyValueSpecification","valueRequired":true,"valueName":"search_term_string"}}],"inLanguage":"en-US"},{"@type":"Organization","@id":"https:\/\/althallercommunication.de\/#organization","name":"ALTHALLER communication","url":"https:\/\/althallercommunication.de\/","logo":{"@type":"ImageObject","inLanguage":"en-US","@id":"https:\/\/althallercommunication.de\/#\/schema\/logo\/image\/","url":"https:\/\/althallercommunication.de\/wp-content\/uploads\/2023\/12\/althaller_comm_b.png","contentUrl":"https:\/\/althallercommunication.de\/wp-content\/uploads\/2023\/12\/althaller_comm_b.png","width":464,"height":110,"caption":"ALTHALLER communication"},"image":{"@id":"https:\/\/althallercommunication.de\/#\/schema\/logo\/image\/"},"sameAs":["https:\/\/www.facebook.com\/althallercommunication","https:\/\/x.com\/ALTHALLERcom","https:\/\/www.linkedin.com\/company\/3332596?trk=tyah&amp;amp;amp;trkInfo=tas:COMMUNICATION Presse und PR,idx:1-1-1"]},{"@type":"Person","@id":"https:\/\/althallercommunication.de\/#\/schema\/person\/9d4306bceed0bb159c244dae139f68fd","name":"Alexa Ramgraber","image":{"@type":"ImageObject","inLanguage":"en-US","@id":"https:\/\/secure.gravatar.com\/avatar\/dc821150dc2f3d4a57e27a17a68afc5b077a8767cc71f2e21d0095c444ccbe0e?s=96&d=mm&r=g","url":"https:\/\/secure.gravatar.com\/avatar\/dc821150dc2f3d4a57e27a17a68afc5b077a8767cc71f2e21d0095c444ccbe0e?s=96&d=mm&r=g","contentUrl":"https:\/\/secure.gravatar.com\/avatar\/dc821150dc2f3d4a57e27a17a68afc5b077a8767cc71f2e21d0095c444ccbe0e?s=96&d=mm&r=g","caption":"Alexa Ramgraber"},"url":"https:\/\/althallercommunication.de\/en\/author\/alexa\/"}]}},"_links":{"self":[{"href":"https:\/\/althallercommunication.de\/en\/wp-json\/wp\/v2\/posts\/31824","targetHints":{"allow":["GET"]}}],"collection":[{"href":"https:\/\/althallercommunication.de\/en\/wp-json\/wp\/v2\/posts"}],"about":[{"href":"https:\/\/althallercommunication.de\/en\/wp-json\/wp\/v2\/types\/post"}],"author":[{"embeddable":true,"href":"https:\/\/althallercommunication.de\/en\/wp-json\/wp\/v2\/users\/13"}],"replies":[{"embeddable":true,"href":"https:\/\/althallercommunication.de\/en\/wp-json\/wp\/v2\/comments?post=31824"}],"version-history":[{"count":9,"href":"https:\/\/althallercommunication.de\/en\/wp-json\/wp\/v2\/posts\/31824\/revisions"}],"predecessor-version":[{"id":32046,"href":"https:\/\/althallercommunication.de\/en\/wp-json\/wp\/v2\/posts\/31824\/revisions\/32046"}],"wp:attachment":[{"href":"https:\/\/althallercommunication.de\/en\/wp-json\/wp\/v2\/media?parent=31824"}],"wp:term":[{"taxonomy":"category","embeddable":true,"href":"https:\/\/althallercommunication.de\/en\/wp-json\/wp\/v2\/categories?post=31824"},{"taxonomy":"post_tag","embeddable":true,"href":"https:\/\/althallercommunication.de\/en\/wp-json\/wp\/v2\/tags?post=31824"}],"curies":[{"name":"wp","href":"https:\/\/api.w.org\/{rel}","templated":true}]}}